{"id":1638,"date":"2021-05-07T10:52:48","date_gmt":"2021-05-07T13:52:48","guid":{"rendered":"http:\/\/www.diariodepe.com.br\/xinhua\/?p=1638"},"modified":"2021-05-07T10:52:50","modified_gmt":"2021-05-07T13:52:50","slug":"xi-conversa-com-chefe-da-onu-por-telefone","status":"publish","type":"post","link":"https:\/\/diariodepe.com.br\/xinhua\/2021\/05\/07\/xi-conversa-com-chefe-da-onu-por-telefone\/","title":{"rendered":"Xi conversa com chefe da ONU por telefone"},"content":{"rendered":"\n<p>Foto tirada em 14 de setembro de 2020 mostra a bandeira da Organiza\u00e7\u00e3o das Na\u00e7\u00f5es Unidas (ONU) fora da sede da ONU em Nova York, Estados Unidos. (Xinhua\/Wang Ying)<\/p>\n\n\n\n<p>Beijing, 6 mai (China) &#8212; O presidente chin\u00eas, Xi Jinping, conversou nesta quinta-feira por telefone com o secret\u00e1rio-geral das Na\u00e7\u00f5es Unidas, Ant\u00f3nio Guterres.<\/p>\n\n\n\n<p>Observando que a Organiza\u00e7\u00e3o das Na\u00e7\u00f5es Unidas (ONU) passou por situa\u00e7\u00f5es raras e complicadas nos \u00faltimos anos, Xi disse que o multilateralismo tem recebido cada vez mais apoio como resultado.<\/p>\n\n\n\n<p>Buscar o multilateralismo \u00e9 insepar\u00e1vel das Na\u00e7\u00f5es Unidas, do direito internacional e da coopera\u00e7\u00e3o entre os pa\u00edses, ressaltou Xi.<\/p>\n\n\n\n<p>O mundo precisa de um multilateralismo genu\u00edno, destacou ele, acrescentando que todos os pa\u00edses devem agir de acordo com os prop\u00f3sitos e princ\u00edpios da Carta das Na\u00e7\u00f5es Unidas, abster-se de buscar o unilateralismo e o hegemonismo, e n\u00e3o devem usar o multilateralismo como pretexto para formar pequenos c\u00edrculos ou provocar confronta\u00e7\u00e3o ideol\u00f3gica.<\/p>\n\n\n\n<p>A China continuar\u00e1 a apoiar o trabalho das Na\u00e7\u00f5es Unidas e do secret\u00e1rio-geral Guterres e a defender o multilateralismo genu\u00edno, garantiu Xi.<\/p>\n\n\n\n<p>O presidente chin\u00eas salientou que a tarefa mais importante para a comunidade internacional continua sendo o combate \u00e0 pandemia da COVID-19, dizendo que o mundo deve fortalecer a coopera\u00e7\u00e3o e rejeitar a manipula\u00e7\u00e3o pol\u00edtica.<\/p>\n\n\n\n<p>Observando que os principais pa\u00edses devem dar o exemplo, fornecendo mais bens p\u00fablicos, Xi lembrou que a China tem fornecido assist\u00eancia de vacina para mais de 80 pa\u00edses em desenvolvimento e exportado imunizantes para mais de 50 na\u00e7\u00f5es.<\/p>\n\n\n\n<p>A China decidiu oferecer vacinas \u00e0s opera\u00e7\u00f5es de manuten\u00e7\u00e3o de paz da ONU e ao Comit\u00ea Ol\u00edmpico Internacional. O pa\u00eds continuar\u00e1 apoiando ativamente a COVAX e far\u00e1 esfor\u00e7os cont\u00ednuos para eliminar a &#8220;divis\u00e3o das vacinas&#8221;, acrescentou Xi.<\/p>\n\n\n\n<p>Observando que a campanha global para lidar com as mudan\u00e7as clim\u00e1ticas \u00e9 de grande import\u00e2ncia, Xi apontou que a China anunciou que se esfor\u00e7ar\u00e1 para atingir o pico das emiss\u00f5es de di\u00f3xido de carbono antes de 2030 e alcan\u00e7ar a neutralidade de carbono antes de 2060, o que \u00e9 um per\u00edodo de tempo muito menor do que muitos pa\u00edses desenvolvidos gastariam.<\/p>\n\n\n\n<p>A China tomou a iniciativa de fazer isso, em vez de faz\u00ea-lo passivamente, destacou o presidente, acrescentando que a a\u00e7\u00e3o fala mais alto do que as palavras.<\/p>\n\n\n\n<p>O pa\u00eds far\u00e1 seus maiores esfor\u00e7os e contribui\u00e7\u00f5es para enfrentar a mudan\u00e7a clim\u00e1tica \u00e0 luz das possibilidades reais e continuar\u00e1 a promover ativamente a coopera\u00e7\u00e3o internacional de acordo com o princ\u00edpio de responsabilidades comuns, mas diferenciadas, prometeu Xi.<\/p>\n\n\n\n<p>Ele ressaltou que a China tem feito o seu melhor para promover a coopera\u00e7\u00e3o Sul-Sul e prestar assist\u00eancia aos pa\u00edses em desenvolvimento, acrescentando que esta \u00e9 a pr\u00e1tica consistente da China, bem como sua responsabilidade moral.<\/p>\n\n\n\n<p>Muitas das iniciativas apresentadas pela China, especialmente a constru\u00e7\u00e3o conjunta do Cintur\u00e3o e Rota, baseiam-se em tais considera\u00e7\u00f5es, explicou Xi, acrescentando que os chineses sempre mant\u00eam suas palavras e fazem o que dizem.<\/p>\n\n\n\n<p>Notando que este ano marca o 100\u00ba anivers\u00e1rio do Partido Comunista da China (PCC), Xi lembrou que o pa\u00eds obteve uma vit\u00f3ria completa na redu\u00e7\u00e3o da pobreza, alcan\u00e7ou resultados estrat\u00e9gicos significativos na constru\u00e7\u00e3o de uma sociedade moderadamente pr\u00f3spera em todos os aspectos, e embarcou em uma nova jornada de constru\u00e7\u00e3o plena de um pa\u00eds socialista moderno.<\/p>\n\n\n\n<p>Como este ano tamb\u00e9m marca o 50\u00ba anivers\u00e1rio da restaura\u00e7\u00e3o do assento leg\u00edtimo da Rep\u00fablica Popular da China (RPC) nas Na\u00e7\u00f5es Unidas, o pa\u00eds realizar\u00e1 grandes atividades comemorativas, prometeu Xi.<\/p>\n\n\n\n<p>A China est\u00e1 pronta para fortalecer a coopera\u00e7\u00e3o com as Na\u00e7\u00f5es Unidas e continuar a impulsionar a implementa\u00e7\u00e3o dos Objetivos de Desenvolvimento Sustent\u00e1vel 2030 da ONU, acrescentou.<\/p>\n\n\n\n<p>Por sua vez, Guterres parabenizou o PCC por seu centen\u00e1rio, e a RPC, pelo 50\u00ba anivers\u00e1rio da restaura\u00e7\u00e3o de seu assento leg\u00edtimo nas Na\u00e7\u00f5es Unidas.<\/p>\n\n\n\n<p>As Na\u00e7\u00f5es Unidas apreciam muito as grandes conquistas da China na redu\u00e7\u00e3o da pobreza, bem como seu firme apoio ao multilateralismo e ao trabalho da ONU. Guterres elogiou as metas para contribui\u00e7\u00f5es pretendidas nacionalmente determinadas e as principais medidas anunciadas pela China para enfrentar a mudan\u00e7a clim\u00e1tica global e agradeceu suas importantes contribui\u00e7\u00f5es para a coopera\u00e7\u00e3o internacional no combate \u00e0 pandemia da COVID-19, especialmente para alcan\u00e7ar uma distribui\u00e7\u00e3o justa das vacinas nos pa\u00edses em desenvolvimento e promover a recupera\u00e7\u00e3o e o crescimento da economia mundial.<\/p>\n\n\n\n<p>Guterres concorda plenamente que todos os pa\u00edses devem praticar um multilateralismo genu\u00edno com base na Carta da ONU e no direito internacional, acrescentando que a China \u00e9 vital para o sistema multilateral internacional.<\/p>\n\n\n\n<p>As Na\u00e7\u00f5es Unidas esperam uma coopera\u00e7\u00e3o mais estreita com a China em \u00e1reas como paz e seguran\u00e7a mundial, prote\u00e7\u00e3o da biodiversidade, resposta \u00e0s mudan\u00e7as clim\u00e1ticas e assist\u00eancia aos pa\u00edses em desenvolvimento para alcan\u00e7ar o desenvolvimento sustent\u00e1vel, de modo a levar a rela\u00e7\u00e3o ONU-China a um novo patamar, disse Guterres.<\/p>\n\n\n\n<figure class=\"wp-block-image\"><img decoding=\"async\" src=\"http:\/\/portuguese.xinhuanet.com\/2021-05\/07\/139930064_16203569829561n.jpg\" alt=\"\"\/><\/figure>\n\n\n\n<p>Vacinas doadas pela China s\u00e3o vistas em uma base da For\u00e7a A\u00e9rea Filipina em Manila, nas Filipinas, em 28 de fevereiro de 2021. (Xinhua\/Rouelle Umali)<\/p>\n\n\n\n<figure class=\"wp-block-image\"><img decoding=\"async\" src=\"http:\/\/portuguese.xinhuanet.com\/2021-05\/07\/139930064_16203569829571n.jpg\" alt=\"\"\/><\/figure>\n\n\n\n<p>Foto tirada em 23 de outubro de 2019 mostra o campo de energia e\u00f3lica Nanfeng em Hami, Regi\u00e3o Aut\u00f4noma Uigur de Xinjiang, no noroeste da China. (Xinhua\/Zhao Ge)<\/p>\n\n\n\n<figure class=\"wp-block-image\"><img decoding=\"async\" src=\"http:\/\/portuguese.xinhuanet.com\/2021-05\/07\/139930064_16203569829541n.jpg\" alt=\"\"\/><\/figure>\n\n\n\n<p>Os trabalhadores da sa\u00fade s\u00e3o vistos no rec\u00e9m-lan\u00e7ado laborat\u00f3rio de ponta para testes de COVID-19, Huo Yan Air Lab, no Aeroporto Internacional Bole de Adis Abeba , Eti\u00f3pia, em 16 de abril de 2021. (Xinhua\/\u00a0Michael Tewelde)<\/p>\n","protected":false},"excerpt":{"rendered":"<p>Foto tirada em 14 de setembro de 2020 mostra a bandeira da Organiza\u00e7\u00e3o das Na\u00e7\u00f5es Unidas (ONU) fora da sede da ONU em Nova York, Estados Unidos. (Xinhua\/Wang Ying) Beijing, 6 mai (China) &#8212; O presidente chin\u00eas, Xi Jinping, conversou&#8230;<\/p>\n","protected":false},"author":3,"featured_media":1639,"comment_status":"open","ping_status":"open","sticky":false,"template":"","format":"standard","meta":{"footnotes":""},"categories":[3],"tags":[],"class_list":["post-1638","post","type-post","status-publish","format-standard","has-post-thumbnail","hentry","category-china"],"yoast_head":"<!-- This site is optimized with the Yoast SEO plugin v27.4 - https:\/\/yoast.com\/product\/yoast-seo-wordpress\/ -->\n<title>Xi conversa com chefe da ONU por telefone - Xinhua - Diario de Pernambuco<\/title>\n<meta name=\"robots\" content=\"index, follow, max-snippet:-1, max-image-preview:large, max-video-preview:-1\" \/>\n<link rel=\"canonical\" href=\"https:\/\/diariodepe.com.br\/xinhua\/2021\/05\/07\/xi-conversa-com-chefe-da-onu-por-telefone\/\" \/>\n<meta property=\"og:locale\" content=\"pt_BR\" \/>\n<meta property=\"og:type\" content=\"article\" \/>\n<meta property=\"og:title\" content=\"Xi conversa com chefe da ONU por telefone - Xinhua - Diario de Pernambuco\" \/>\n<meta property=\"og:description\" content=\"Foto tirada em 14 de setembro de 2020 mostra a bandeira da Organiza\u00e7\u00e3o das Na\u00e7\u00f5es Unidas (ONU) fora da sede da ONU em Nova York, Estados Unidos. (Xinhua\/Wang Ying) Beijing, 6 mai (China) &#8212; O presidente chin\u00eas, Xi Jinping, conversou...\" \/>\n<meta property=\"og:url\" content=\"https:\/\/diariodepe.com.br\/xinhua\/2021\/05\/07\/xi-conversa-com-chefe-da-onu-por-telefone\/\" \/>\n<meta property=\"og:site_name\" content=\"Xinhua - Diario de Pernambuco\" \/>\n<meta property=\"article:published_time\" content=\"2021-05-07T13:52:48+00:00\" \/>\n<meta property=\"article:modified_time\" content=\"2021-05-07T13:52:50+00:00\" \/>\n<meta property=\"og:image\" content=\"https:\/\/diariodepe.com.br\/xinhua\/wp-content\/uploads\/sites\/3\/2021\/05\/139930064_16203569829551n.jpg\" \/>\n\t<meta property=\"og:image:width\" content=\"899\" \/>\n\t<meta property=\"og:image:height\" content=\"669\" \/>\n\t<meta property=\"og:image:type\" content=\"image\/jpeg\" \/>\n<meta name=\"author\" content=\"Marcelo Oliveira de A. Maranhao\" \/>\n<meta name=\"twitter:card\" content=\"summary_large_image\" \/>\n<meta name=\"twitter:label1\" content=\"Escrito por\" \/>\n\t<meta name=\"twitter:data1\" content=\"Marcelo Oliveira de A. Maranhao\" \/>\n\t<meta name=\"twitter:label2\" content=\"Est. tempo de leitura\" \/>\n\t<meta name=\"twitter:data2\" content=\"5 minutos\" \/>\n<script type=\"application\/ld+json\" class=\"yoast-schema-graph\">{\"@context\":\"https:\\\/\\\/schema.org\",\"@graph\":[{\"@type\":\"Article\",\"@id\":\"https:\\\/\\\/diariodepe.com.br\\\/xinhua\\\/2021\\\/05\\\/07\\\/xi-conversa-com-chefe-da-onu-por-telefone\\\/#article\",\"isPartOf\":{\"@id\":\"https:\\\/\\\/diariodepe.com.br\\\/xinhua\\\/2021\\\/05\\\/07\\\/xi-conversa-com-chefe-da-onu-por-telefone\\\/\"},\"author\":{\"name\":\"Marcelo Oliveira de A. Maranhao\",\"@id\":\"https:\\\/\\\/diariodepe.com.br\\\/xinhua\\\/#\\\/schema\\\/person\\\/0943d6fd02bdc7b49c8f495e8787a2cb\"},\"headline\":\"Xi conversa com chefe da ONU por telefone\",\"datePublished\":\"2021-05-07T13:52:48+00:00\",\"dateModified\":\"2021-05-07T13:52:50+00:00\",\"mainEntityOfPage\":{\"@id\":\"https:\\\/\\\/diariodepe.com.br\\\/xinhua\\\/2021\\\/05\\\/07\\\/xi-conversa-com-chefe-da-onu-por-telefone\\\/\"},\"wordCount\":988,\"commentCount\":0,\"publisher\":{\"@id\":\"https:\\\/\\\/diariodepe.com.br\\\/xinhua\\\/#organization\"},\"image\":{\"@id\":\"https:\\\/\\\/diariodepe.com.br\\\/xinhua\\\/2021\\\/05\\\/07\\\/xi-conversa-com-chefe-da-onu-por-telefone\\\/#primaryimage\"},\"thumbnailUrl\":\"https:\\\/\\\/diariodepe.com.br\\\/xinhua\\\/wp-content\\\/uploads\\\/sites\\\/3\\\/2021\\\/05\\\/139930064_16203569829551n.jpg\",\"articleSection\":[\"China\"],\"inLanguage\":\"pt-BR\",\"potentialAction\":[{\"@type\":\"CommentAction\",\"name\":\"Comment\",\"target\":[\"https:\\\/\\\/diariodepe.com.br\\\/xinhua\\\/2021\\\/05\\\/07\\\/xi-conversa-com-chefe-da-onu-por-telefone\\\/#respond\"]}]},{\"@type\":\"WebPage\",\"@id\":\"https:\\\/\\\/diariodepe.com.br\\\/xinhua\\\/2021\\\/05\\\/07\\\/xi-conversa-com-chefe-da-onu-por-telefone\\\/\",\"url\":\"https:\\\/\\\/diariodepe.com.br\\\/xinhua\\\/2021\\\/05\\\/07\\\/xi-conversa-com-chefe-da-onu-por-telefone\\\/\",\"name\":\"Xi conversa com chefe da ONU por telefone - Xinhua - Diario de Pernambuco\",\"isPartOf\":{\"@id\":\"https:\\\/\\\/diariodepe.com.br\\\/xinhua\\\/#website\"},\"primaryImageOfPage\":{\"@id\":\"https:\\\/\\\/diariodepe.com.br\\\/xinhua\\\/2021\\\/05\\\/07\\\/xi-conversa-com-chefe-da-onu-por-telefone\\\/#primaryimage\"},\"image\":{\"@id\":\"https:\\\/\\\/diariodepe.com.br\\\/xinhua\\\/2021\\\/05\\\/07\\\/xi-conversa-com-chefe-da-onu-por-telefone\\\/#primaryimage\"},\"thumbnailUrl\":\"https:\\\/\\\/diariodepe.com.br\\\/xinhua\\\/wp-content\\\/uploads\\\/sites\\\/3\\\/2021\\\/05\\\/139930064_16203569829551n.jpg\",\"datePublished\":\"2021-05-07T13:52:48+00:00\",\"dateModified\":\"2021-05-07T13:52:50+00:00\",\"breadcrumb\":{\"@id\":\"https:\\\/\\\/diariodepe.com.br\\\/xinhua\\\/2021\\\/05\\\/07\\\/xi-conversa-com-chefe-da-onu-por-telefone\\\/#breadcrumb\"},\"inLanguage\":\"pt-BR\",\"potentialAction\":[{\"@type\":\"ReadAction\",\"target\":[\"https:\\\/\\\/diariodepe.com.br\\\/xinhua\\\/2021\\\/05\\\/07\\\/xi-conversa-com-chefe-da-onu-por-telefone\\\/\"]}]},{\"@type\":\"ImageObject\",\"inLanguage\":\"pt-BR\",\"@id\":\"https:\\\/\\\/diariodepe.com.br\\\/xinhua\\\/2021\\\/05\\\/07\\\/xi-conversa-com-chefe-da-onu-por-telefone\\\/#primaryimage\",\"url\":\"https:\\\/\\\/diariodepe.com.br\\\/xinhua\\\/wp-content\\\/uploads\\\/sites\\\/3\\\/2021\\\/05\\\/139930064_16203569829551n.jpg\",\"contentUrl\":\"https:\\\/\\\/diariodepe.com.br\\\/xinhua\\\/wp-content\\\/uploads\\\/sites\\\/3\\\/2021\\\/05\\\/139930064_16203569829551n.jpg\",\"width\":899,\"height\":669},{\"@type\":\"BreadcrumbList\",\"@id\":\"https:\\\/\\\/diariodepe.com.br\\\/xinhua\\\/2021\\\/05\\\/07\\\/xi-conversa-com-chefe-da-onu-por-telefone\\\/#breadcrumb\",\"itemListElement\":[{\"@type\":\"ListItem\",\"position\":1,\"name\":\"In\u00edcio\",\"item\":\"https:\\\/\\\/diariodepe.com.br\\\/xinhua\\\/\"},{\"@type\":\"ListItem\",\"position\":2,\"name\":\"Xi conversa com chefe da ONU por telefone\"}]},{\"@type\":\"WebSite\",\"@id\":\"https:\\\/\\\/diariodepe.com.br\\\/xinhua\\\/#website\",\"url\":\"https:\\\/\\\/diariodepe.com.br\\\/xinhua\\\/\",\"name\":\"Xinhua - Diario de Pernambuco\",\"description\":\"A maior ag\u00eancia de not\u00edcias da China e um dos principais canais para conhecer o pa\u00eds\",\"publisher\":{\"@id\":\"https:\\\/\\\/diariodepe.com.br\\\/xinhua\\\/#organization\"},\"potentialAction\":[{\"@type\":\"SearchAction\",\"target\":{\"@type\":\"EntryPoint\",\"urlTemplate\":\"https:\\\/\\\/diariodepe.com.br\\\/xinhua\\\/?s={search_term_string}\"},\"query-input\":{\"@type\":\"PropertyValueSpecification\",\"valueRequired\":true,\"valueName\":\"search_term_string\"}}],\"inLanguage\":\"pt-BR\"},{\"@type\":\"Organization\",\"@id\":\"https:\\\/\\\/diariodepe.com.br\\\/xinhua\\\/#organization\",\"name\":\"Xinhua - Diario de Pernambuco\",\"url\":\"https:\\\/\\\/diariodepe.com.br\\\/xinhua\\\/\",\"logo\":{\"@type\":\"ImageObject\",\"inLanguage\":\"pt-BR\",\"@id\":\"https:\\\/\\\/diariodepe.com.br\\\/xinhua\\\/#\\\/schema\\\/logo\\\/image\\\/\",\"url\":\"https:\\\/\\\/diariodepe.com.br\\\/xinhua\\\/wp-content\\\/uploads\\\/sites\\\/3\\\/2020\\\/10\\\/cropped-logo-transparente-2.png\",\"contentUrl\":\"https:\\\/\\\/diariodepe.com.br\\\/xinhua\\\/wp-content\\\/uploads\\\/sites\\\/3\\\/2020\\\/10\\\/cropped-logo-transparente-2.png\",\"width\":512,\"height\":164,\"caption\":\"Xinhua - Diario de Pernambuco\"},\"image\":{\"@id\":\"https:\\\/\\\/diariodepe.com.br\\\/xinhua\\\/#\\\/schema\\\/logo\\\/image\\\/\"}},{\"@type\":\"Person\",\"@id\":\"https:\\\/\\\/diariodepe.com.br\\\/xinhua\\\/#\\\/schema\\\/person\\\/0943d6fd02bdc7b49c8f495e8787a2cb\",\"name\":\"Marcelo Oliveira de A. Maranhao\",\"image\":{\"@type\":\"ImageObject\",\"inLanguage\":\"pt-BR\",\"@id\":\"https:\\\/\\\/secure.gravatar.com\\\/avatar\\\/f562caee940d39879c20e90eea3e4b21860c7d4c96684c23141c554824f0059c?s=96&d=mm&r=g\",\"url\":\"https:\\\/\\\/secure.gravatar.com\\\/avatar\\\/f562caee940d39879c20e90eea3e4b21860c7d4c96684c23141c554824f0059c?s=96&d=mm&r=g\",\"contentUrl\":\"https:\\\/\\\/secure.gravatar.com\\\/avatar\\\/f562caee940d39879c20e90eea3e4b21860c7d4c96684c23141c554824f0059c?s=96&d=mm&r=g\",\"caption\":\"Marcelo Oliveira de A. Maranhao\"},\"url\":\"https:\\\/\\\/diariodepe.com.br\\\/xinhua\\\/author\\\/marcelo-maranhao\\\/\"}]}<\/script>\n<!-- \/ Yoast SEO plugin. -->","yoast_head_json":{"title":"Xi conversa com chefe da ONU por telefone - Xinhua - Diario de Pernambuco","robots":{"index":"index","follow":"follow","max-snippet":"max-snippet:-1","max-image-preview":"max-image-preview:large","max-video-preview":"max-video-preview:-1"},"canonical":"https:\/\/diariodepe.com.br\/xinhua\/2021\/05\/07\/xi-conversa-com-chefe-da-onu-por-telefone\/","og_locale":"pt_BR","og_type":"article","og_title":"Xi conversa com chefe da ONU por telefone - Xinhua - Diario de Pernambuco","og_description":"Foto tirada em 14 de setembro de 2020 mostra a bandeira da Organiza\u00e7\u00e3o das Na\u00e7\u00f5es Unidas (ONU) fora da sede da ONU em Nova York, Estados Unidos. (Xinhua\/Wang Ying) Beijing, 6 mai (China) &#8212; O presidente chin\u00eas, Xi Jinping, conversou...","og_url":"https:\/\/diariodepe.com.br\/xinhua\/2021\/05\/07\/xi-conversa-com-chefe-da-onu-por-telefone\/","og_site_name":"Xinhua - Diario de Pernambuco","article_published_time":"2021-05-07T13:52:48+00:00","article_modified_time":"2021-05-07T13:52:50+00:00","og_image":[{"width":899,"height":669,"url":"https:\/\/diariodepe.com.br\/xinhua\/wp-content\/uploads\/sites\/3\/2021\/05\/139930064_16203569829551n.jpg","type":"image\/jpeg"}],"author":"Marcelo Oliveira de A. Maranhao","twitter_card":"summary_large_image","twitter_misc":{"Escrito por":"Marcelo Oliveira de A. Maranhao","Est. tempo de leitura":"5 minutos"},"schema":{"@context":"https:\/\/schema.org","@graph":[{"@type":"Article","@id":"https:\/\/diariodepe.com.br\/xinhua\/2021\/05\/07\/xi-conversa-com-chefe-da-onu-por-telefone\/#article","isPartOf":{"@id":"https:\/\/diariodepe.com.br\/xinhua\/2021\/05\/07\/xi-conversa-com-chefe-da-onu-por-telefone\/"},"author":{"name":"Marcelo Oliveira de A. Maranhao","@id":"https:\/\/diariodepe.com.br\/xinhua\/#\/schema\/person\/0943d6fd02bdc7b49c8f495e8787a2cb"},"headline":"Xi conversa com chefe da ONU por telefone","datePublished":"2021-05-07T13:52:48+00:00","dateModified":"2021-05-07T13:52:50+00:00","mainEntityOfPage":{"@id":"https:\/\/diariodepe.com.br\/xinhua\/2021\/05\/07\/xi-conversa-com-chefe-da-onu-por-telefone\/"},"wordCount":988,"commentCount":0,"publisher":{"@id":"https:\/\/diariodepe.com.br\/xinhua\/#organization"},"image":{"@id":"https:\/\/diariodepe.com.br\/xinhua\/2021\/05\/07\/xi-conversa-com-chefe-da-onu-por-telefone\/#primaryimage"},"thumbnailUrl":"https:\/\/diariodepe.com.br\/xinhua\/wp-content\/uploads\/sites\/3\/2021\/05\/139930064_16203569829551n.jpg","articleSection":["China"],"inLanguage":"pt-BR","potentialAction":[{"@type":"CommentAction","name":"Comment","target":["https:\/\/diariodepe.com.br\/xinhua\/2021\/05\/07\/xi-conversa-com-chefe-da-onu-por-telefone\/#respond"]}]},{"@type":"WebPage","@id":"https:\/\/diariodepe.com.br\/xinhua\/2021\/05\/07\/xi-conversa-com-chefe-da-onu-por-telefone\/","url":"https:\/\/diariodepe.com.br\/xinhua\/2021\/05\/07\/xi-conversa-com-chefe-da-onu-por-telefone\/","name":"Xi conversa com chefe da ONU por telefone - Xinhua - Diario de Pernambuco","isPartOf":{"@id":"https:\/\/diariodepe.com.br\/xinhua\/#website"},"primaryImageOfPage":{"@id":"https:\/\/diariodepe.com.br\/xinhua\/2021\/05\/07\/xi-conversa-com-chefe-da-onu-por-telefone\/#primaryimage"},"image":{"@id":"https:\/\/diariodepe.com.br\/xinhua\/2021\/05\/07\/xi-conversa-com-chefe-da-onu-por-telefone\/#primaryimage"},"thumbnailUrl":"https:\/\/diariodepe.com.br\/xinhua\/wp-content\/uploads\/sites\/3\/2021\/05\/139930064_16203569829551n.jpg","datePublished":"2021-05-07T13:52:48+00:00","dateModified":"2021-05-07T13:52:50+00:00","breadcrumb":{"@id":"https:\/\/diariodepe.com.br\/xinhua\/2021\/05\/07\/xi-conversa-com-chefe-da-onu-por-telefone\/#breadcrumb"},"inLanguage":"pt-BR","potentialAction":[{"@type":"ReadAction","target":["https:\/\/diariodepe.com.br\/xinhua\/2021\/05\/07\/xi-conversa-com-chefe-da-onu-por-telefone\/"]}]},{"@type":"ImageObject","inLanguage":"pt-BR","@id":"https:\/\/diariodepe.com.br\/xinhua\/2021\/05\/07\/xi-conversa-com-chefe-da-onu-por-telefone\/#primaryimage","url":"https:\/\/diariodepe.com.br\/xinhua\/wp-content\/uploads\/sites\/3\/2021\/05\/139930064_16203569829551n.jpg","contentUrl":"https:\/\/diariodepe.com.br\/xinhua\/wp-content\/uploads\/sites\/3\/2021\/05\/139930064_16203569829551n.jpg","width":899,"height":669},{"@type":"BreadcrumbList","@id":"https:\/\/diariodepe.com.br\/xinhua\/2021\/05\/07\/xi-conversa-com-chefe-da-onu-por-telefone\/#breadcrumb","itemListElement":[{"@type":"ListItem","position":1,"name":"In\u00edcio","item":"https:\/\/diariodepe.com.br\/xinhua\/"},{"@type":"ListItem","position":2,"name":"Xi conversa com chefe da ONU por telefone"}]},{"@type":"WebSite","@id":"https:\/\/diariodepe.com.br\/xinhua\/#website","url":"https:\/\/diariodepe.com.br\/xinhua\/","name":"Xinhua - Diario de Pernambuco","description":"A maior ag\u00eancia de not\u00edcias da China e um dos principais canais para conhecer o pa\u00eds","publisher":{"@id":"https:\/\/diariodepe.com.br\/xinhua\/#organization"},"potentialAction":[{"@type":"SearchAction","target":{"@type":"EntryPoint","urlTemplate":"https:\/\/diariodepe.com.br\/xinhua\/?s={search_term_string}"},"query-input":{"@type":"PropertyValueSpecification","valueRequired":true,"valueName":"search_term_string"}}],"inLanguage":"pt-BR"},{"@type":"Organization","@id":"https:\/\/diariodepe.com.br\/xinhua\/#organization","name":"Xinhua - Diario de Pernambuco","url":"https:\/\/diariodepe.com.br\/xinhua\/","logo":{"@type":"ImageObject","inLanguage":"pt-BR","@id":"https:\/\/diariodepe.com.br\/xinhua\/#\/schema\/logo\/image\/","url":"https:\/\/diariodepe.com.br\/xinhua\/wp-content\/uploads\/sites\/3\/2020\/10\/cropped-logo-transparente-2.png","contentUrl":"https:\/\/diariodepe.com.br\/xinhua\/wp-content\/uploads\/sites\/3\/2020\/10\/cropped-logo-transparente-2.png","width":512,"height":164,"caption":"Xinhua - Diario de Pernambuco"},"image":{"@id":"https:\/\/diariodepe.com.br\/xinhua\/#\/schema\/logo\/image\/"}},{"@type":"Person","@id":"https:\/\/diariodepe.com.br\/xinhua\/#\/schema\/person\/0943d6fd02bdc7b49c8f495e8787a2cb","name":"Marcelo Oliveira de A. Maranhao","image":{"@type":"ImageObject","inLanguage":"pt-BR","@id":"https:\/\/secure.gravatar.com\/avatar\/f562caee940d39879c20e90eea3e4b21860c7d4c96684c23141c554824f0059c?s=96&d=mm&r=g","url":"https:\/\/secure.gravatar.com\/avatar\/f562caee940d39879c20e90eea3e4b21860c7d4c96684c23141c554824f0059c?s=96&d=mm&r=g","contentUrl":"https:\/\/secure.gravatar.com\/avatar\/f562caee940d39879c20e90eea3e4b21860c7d4c96684c23141c554824f0059c?s=96&d=mm&r=g","caption":"Marcelo Oliveira de A. Maranhao"},"url":"https:\/\/diariodepe.com.br\/xinhua\/author\/marcelo-maranhao\/"}]}},"cc_featured_image_caption":{"caption_text":"","source_text":"","source_url":""},"amp_enabled":true,"_links":{"self":[{"href":"https:\/\/diariodepe.com.br\/xinhua\/wp-json\/wp\/v2\/posts\/1638","targetHints":{"allow":["GET"]}}],"collection":[{"href":"https:\/\/diariodepe.com.br\/xinhua\/wp-json\/wp\/v2\/posts"}],"about":[{"href":"https:\/\/diariodepe.com.br\/xinhua\/wp-json\/wp\/v2\/types\/post"}],"author":[{"embeddable":true,"href":"https:\/\/diariodepe.com.br\/xinhua\/wp-json\/wp\/v2\/users\/3"}],"replies":[{"embeddable":true,"href":"https:\/\/diariodepe.com.br\/xinhua\/wp-json\/wp\/v2\/comments?post=1638"}],"version-history":[{"count":1,"href":"https:\/\/diariodepe.com.br\/xinhua\/wp-json\/wp\/v2\/posts\/1638\/revisions"}],"predecessor-version":[{"id":1640,"href":"https:\/\/diariodepe.com.br\/xinhua\/wp-json\/wp\/v2\/posts\/1638\/revisions\/1640"}],"wp:featuredmedia":[{"embeddable":true,"href":"https:\/\/diariodepe.com.br\/xinhua\/wp-json\/wp\/v2\/media\/1639"}],"wp:attachment":[{"href":"https:\/\/diariodepe.com.br\/xinhua\/wp-json\/wp\/v2\/media?parent=1638"}],"wp:term":[{"taxonomy":"category","embeddable":true,"href":"https:\/\/diariodepe.com.br\/xinhua\/wp-json\/wp\/v2\/categories?post=1638"},{"taxonomy":"post_tag","embeddable":true,"href":"https:\/\/diariodepe.com.br\/xinhua\/wp-json\/wp\/v2\/tags?post=1638"}],"curies":[{"name":"wp","href":"https:\/\/api.w.org\/{rel}","templated":true}]}}