{"id":16180,"date":"2023-11-03T14:32:00","date_gmt":"2023-11-03T17:32:00","guid":{"rendered":"https:\/\/www.diariodepe.com.br\/xinhua\/?p=16180"},"modified":"2023-11-03T10:35:34","modified_gmt":"2023-11-03T13:35:34","slug":"forum-internacional-de-especialistas-discute-fortalecimento-de-cooperacao-global-em-gestao-de-emergencias","status":"publish","type":"post","link":"https:\/\/diariodepe.com.br\/xinhua\/2023\/11\/03\/forum-internacional-de-especialistas-discute-fortalecimento-de-cooperacao-global-em-gestao-de-emergencias\/","title":{"rendered":"F\u00f3rum internacional de especialistas discute fortalecimento de coopera\u00e7\u00e3o global em gest\u00e3o de emerg\u00eancias"},"content":{"rendered":"\n<p>Changsha &#8211; Especialistas de todo o mundo discutiram o fortalecimento da coopera\u00e7\u00e3o internacional em gest\u00e3o de emerg\u00eancias na segunda confer\u00eancia do F\u00f3rum de Desenvolvimento Econ\u00f4mico e Seguran\u00e7a Globais, do F\u00f3rum Boao para a \u00c1sia, que foi realizada recentemente em Changsha, Prov\u00edncia de Hunan, no centro da China.<\/p>\n\n\n\n<p>&nbsp; &nbsp;&#8220;A China sempre apoiou e promoveu a coopera\u00e7\u00e3o internacional em gest\u00e3o de emerg\u00eancias&#8221;, expressou Zheng Guoguang, ex-vice-ministro de Gest\u00e3o de Emerg\u00eancias.<\/p>\n\n\n\n<p>&nbsp; &nbsp;At\u00e9 o momento, a China estabeleceu rela\u00e7\u00f5es de coopera\u00e7\u00e3o em gest\u00e3o de emerg\u00eancias de desastres com mais de 30 organiza\u00e7\u00f5es internacionais e regionais e com mais de 90 pa\u00edses. A China tamb\u00e9m lan\u00e7ou um mecanismo de coopera\u00e7\u00e3o internacional para preven\u00e7\u00e3o de desastres naturais e gest\u00e3o de emerg\u00eancias no \u00e2mbito da Iniciativa do Cintur\u00e3o e Rota, criando uma nova plataforma global para a governan\u00e7a de desastres, de acordo com Zheng.<\/p>\n\n\n\n<p>&nbsp; &nbsp;Ao mesmo tempo, a China est\u00e1 ajudando ativamente outros pa\u00edses em desenvolvimento na constru\u00e7\u00e3o de sistemas de monitoramento e alerta de desastres. Por meio de pr\u00e1ticas como o compartilhamento de dados e a constru\u00e7\u00e3o conjunta de instala\u00e7\u00f5es de monitoramento, a China est\u00e1 ajudando esses pa\u00edses a aprimorar suas capacidades de identifica\u00e7\u00e3o e monitoramento de riscos de desastres.<\/p>\n\n\n\n<p>&nbsp; &nbsp;A inova\u00e7\u00e3o e a coopera\u00e7\u00e3o s\u00e3o cruciais para o gerenciamento e a mitiga\u00e7\u00e3o eficazes de desastres, comentou Siddharth Chatterjee, coordenador residente das Na\u00e7\u00f5es Unidas na China. Ele pediu a todas as partes que tomem medidas adicionais, fortalecendo sua vontade pol\u00edtica, aumentando o apoio pol\u00edtico e avan\u00e7ando na constru\u00e7\u00e3o de parcerias para cumprir os compromissos internacionais e os mecanismos relacionados que j\u00e1 foram acordados.<\/p>\n\n\n\n<p>&nbsp; &nbsp;A vice-representante do UNICEF na China, Amanda Bissex, salientou que os pa\u00edses devem criar sistemas de gerenciamento de emerg\u00eancia que levem em conta as necessidades de resposta a desastres dos jovens e crian\u00e7as, dentro da estrutura da coopera\u00e7\u00e3o Sul-Sul.<\/p>\n\n\n\n<p>&nbsp; &nbsp;Com o r\u00e1pido desenvolvimento da economia digital, os especialistas presentes na confer\u00eancia disseram acreditar que \u00e9 necess\u00e1rio acelerar a aplica\u00e7\u00e3o da coopera\u00e7\u00e3o em tecnologia digital na coopera\u00e7\u00e3o internacional sobre o gerenciamento de emerg\u00eancias.<\/p>\n\n\n\n<p>&nbsp; &nbsp;&#8220;A tecnologia e as plataformas digitais podem conectar governos, empresas e o p\u00fablico, permitindo que toda a sociedade responda de forma mais \u00e1gil aos desastres&#8221;, avaliou Yang Jian, vice-presidente do Tencent Group.<\/p>\n\n\n\n<p>&nbsp; &nbsp;De acordo com You Zhibin, da Sociedade Chinesa de Gerenciamento de Emerg\u00eancias, os participantes da coopera\u00e7\u00e3o internacional em gest\u00e3o de emerg\u00eancias est\u00e3o se tornando mais diversificados. A coopera\u00e7\u00e3o est\u00e1 se expandindo para \u00e1reas al\u00e9m do al\u00edvio de desastres, incluindo planejamento de resposta a emerg\u00eancias, alerta, monitoramento e recupera\u00e7\u00e3o p\u00f3s-desastre.<\/p>\n\n\n\n<p>&nbsp; &nbsp;&#8220;No futuro, devemos continuar a criar mecanismos para coopera\u00e7\u00e3o internacional em gest\u00e3o de emerg\u00eancias, refinar a concep\u00e7\u00e3o de regras no processo de coopera\u00e7\u00e3o, aprimorar os interc\u00e2mbios e o treinamento de profissionais de gest\u00e3o de emerg\u00eancias e trabalhar juntos para enfrentar os desafios de risco&#8221;, disse ele.<\/p>\n","protected":false},"excerpt":{"rendered":"<p>Changsha &#8211; Especialistas de todo o mundo discutiram o fortalecimento da coopera\u00e7\u00e3o internacional em gest\u00e3o de emerg\u00eancias na segunda confer\u00eancia do F\u00f3rum de Desenvolvimento Econ\u00f4mico e Seguran\u00e7a Globais, do F\u00f3rum Boao para a \u00c1sia, que foi realizada recentemente em Changsha,&#8230;<\/p>\n","protected":false},"author":3,"featured_media":16181,"comment_status":"open","ping_status":"open","sticky":false,"template":"","format":"standard","meta":{"footnotes":""},"categories":[5],"tags":[],"class_list":["post-16180","post","type-post","status-publish","format-standard","has-post-thumbnail","hentry","category-economia"],"yoast_head":"<!-- This site is optimized with the Yoast SEO plugin v27.4 - https:\/\/yoast.com\/product\/yoast-seo-wordpress\/ -->\n<title>F\u00f3rum internacional de especialistas discute fortalecimento de coopera\u00e7\u00e3o global em gest\u00e3o de emerg\u00eancias - Xinhua - Diario de Pernambuco<\/title>\n<meta name=\"robots\" content=\"index, follow, max-snippet:-1, max-image-preview:large, max-video-preview:-1\" \/>\n<link rel=\"canonical\" href=\"https:\/\/diariodepe.com.br\/xinhua\/2023\/11\/03\/forum-internacional-de-especialistas-discute-fortalecimento-de-cooperacao-global-em-gestao-de-emergencias\/\" \/>\n<meta property=\"og:locale\" content=\"pt_BR\" \/>\n<meta property=\"og:type\" content=\"article\" \/>\n<meta property=\"og:title\" content=\"F\u00f3rum internacional de especialistas discute fortalecimento de coopera\u00e7\u00e3o global em gest\u00e3o de emerg\u00eancias - Xinhua - Diario de Pernambuco\" \/>\n<meta property=\"og:description\" content=\"Changsha &#8211; Especialistas de todo o mundo discutiram o fortalecimento da coopera\u00e7\u00e3o internacional em gest\u00e3o de emerg\u00eancias na segunda confer\u00eancia do F\u00f3rum de Desenvolvimento Econ\u00f4mico e Seguran\u00e7a Globais, do F\u00f3rum Boao para a \u00c1sia, que foi realizada recentemente em Changsha,...\" \/>\n<meta property=\"og:url\" content=\"https:\/\/diariodepe.com.br\/xinhua\/2023\/11\/03\/forum-internacional-de-especialistas-discute-fortalecimento-de-cooperacao-global-em-gestao-de-emergencias\/\" \/>\n<meta property=\"og:site_name\" content=\"Xinhua - Diario de Pernambuco\" \/>\n<meta property=\"article:published_time\" content=\"2023-11-03T17:32:00+00:00\" \/>\n<meta property=\"og:image\" content=\"https:\/\/diariodepe.com.br\/xinhua\/wp-content\/uploads\/sites\/3\/2023\/11\/2023110340cef81cea7344228c89c11a05e24333_XxjwspP007022_20231103_CBMFN0A001.jpg\" \/>\n\t<meta property=\"og:image:width\" content=\"900\" \/>\n\t<meta property=\"og:image:height\" content=\"600\" \/>\n\t<meta property=\"og:image:type\" content=\"image\/jpeg\" \/>\n<meta name=\"author\" content=\"Marcelo Oliveira de A. Maranhao\" \/>\n<meta name=\"twitter:card\" content=\"summary_large_image\" \/>\n<meta name=\"twitter:label1\" content=\"Escrito por\" \/>\n\t<meta name=\"twitter:data1\" content=\"Marcelo Oliveira de A. Maranhao\" \/>\n\t<meta name=\"twitter:label2\" content=\"Est. tempo de leitura\" \/>\n\t<meta name=\"twitter:data2\" content=\"3 minutos\" \/>\n<script type=\"application\/ld+json\" class=\"yoast-schema-graph\">{\"@context\":\"https:\\\/\\\/schema.org\",\"@graph\":[{\"@type\":\"Article\",\"@id\":\"https:\\\/\\\/diariodepe.com.br\\\/xinhua\\\/2023\\\/11\\\/03\\\/forum-internacional-de-especialistas-discute-fortalecimento-de-cooperacao-global-em-gestao-de-emergencias\\\/#article\",\"isPartOf\":{\"@id\":\"https:\\\/\\\/diariodepe.com.br\\\/xinhua\\\/2023\\\/11\\\/03\\\/forum-internacional-de-especialistas-discute-fortalecimento-de-cooperacao-global-em-gestao-de-emergencias\\\/\"},\"author\":{\"name\":\"Marcelo Oliveira de A. Maranhao\",\"@id\":\"https:\\\/\\\/diariodepe.com.br\\\/xinhua\\\/#\\\/schema\\\/person\\\/0943d6fd02bdc7b49c8f495e8787a2cb\"},\"headline\":\"F\u00f3rum internacional de especialistas discute fortalecimento de coopera\u00e7\u00e3o global em gest\u00e3o de emerg\u00eancias\",\"datePublished\":\"2023-11-03T17:32:00+00:00\",\"mainEntityOfPage\":{\"@id\":\"https:\\\/\\\/diariodepe.com.br\\\/xinhua\\\/2023\\\/11\\\/03\\\/forum-internacional-de-especialistas-discute-fortalecimento-de-cooperacao-global-em-gestao-de-emergencias\\\/\"},\"wordCount\":563,\"commentCount\":0,\"publisher\":{\"@id\":\"https:\\\/\\\/diariodepe.com.br\\\/xinhua\\\/#organization\"},\"image\":{\"@id\":\"https:\\\/\\\/diariodepe.com.br\\\/xinhua\\\/2023\\\/11\\\/03\\\/forum-internacional-de-especialistas-discute-fortalecimento-de-cooperacao-global-em-gestao-de-emergencias\\\/#primaryimage\"},\"thumbnailUrl\":\"https:\\\/\\\/diariodepe.com.br\\\/xinhua\\\/wp-content\\\/uploads\\\/sites\\\/3\\\/2023\\\/11\\\/2023110340cef81cea7344228c89c11a05e24333_XxjwspP007022_20231103_CBMFN0A001.jpg\",\"articleSection\":[\"Economia\"],\"inLanguage\":\"pt-BR\",\"potentialAction\":[{\"@type\":\"CommentAction\",\"name\":\"Comment\",\"target\":[\"https:\\\/\\\/diariodepe.com.br\\\/xinhua\\\/2023\\\/11\\\/03\\\/forum-internacional-de-especialistas-discute-fortalecimento-de-cooperacao-global-em-gestao-de-emergencias\\\/#respond\"]}]},{\"@type\":\"WebPage\",\"@id\":\"https:\\\/\\\/diariodepe.com.br\\\/xinhua\\\/2023\\\/11\\\/03\\\/forum-internacional-de-especialistas-discute-fortalecimento-de-cooperacao-global-em-gestao-de-emergencias\\\/\",\"url\":\"https:\\\/\\\/diariodepe.com.br\\\/xinhua\\\/2023\\\/11\\\/03\\\/forum-internacional-de-especialistas-discute-fortalecimento-de-cooperacao-global-em-gestao-de-emergencias\\\/\",\"name\":\"F\u00f3rum internacional de especialistas discute fortalecimento de coopera\u00e7\u00e3o global em gest\u00e3o de emerg\u00eancias - Xinhua - Diario de Pernambuco\",\"isPartOf\":{\"@id\":\"https:\\\/\\\/diariodepe.com.br\\\/xinhua\\\/#website\"},\"primaryImageOfPage\":{\"@id\":\"https:\\\/\\\/diariodepe.com.br\\\/xinhua\\\/2023\\\/11\\\/03\\\/forum-internacional-de-especialistas-discute-fortalecimento-de-cooperacao-global-em-gestao-de-emergencias\\\/#primaryimage\"},\"image\":{\"@id\":\"https:\\\/\\\/diariodepe.com.br\\\/xinhua\\\/2023\\\/11\\\/03\\\/forum-internacional-de-especialistas-discute-fortalecimento-de-cooperacao-global-em-gestao-de-emergencias\\\/#primaryimage\"},\"thumbnailUrl\":\"https:\\\/\\\/diariodepe.com.br\\\/xinhua\\\/wp-content\\\/uploads\\\/sites\\\/3\\\/2023\\\/11\\\/2023110340cef81cea7344228c89c11a05e24333_XxjwspP007022_20231103_CBMFN0A001.jpg\",\"datePublished\":\"2023-11-03T17:32:00+00:00\",\"breadcrumb\":{\"@id\":\"https:\\\/\\\/diariodepe.com.br\\\/xinhua\\\/2023\\\/11\\\/03\\\/forum-internacional-de-especialistas-discute-fortalecimento-de-cooperacao-global-em-gestao-de-emergencias\\\/#breadcrumb\"},\"inLanguage\":\"pt-BR\",\"potentialAction\":[{\"@type\":\"ReadAction\",\"target\":[\"https:\\\/\\\/diariodepe.com.br\\\/xinhua\\\/2023\\\/11\\\/03\\\/forum-internacional-de-especialistas-discute-fortalecimento-de-cooperacao-global-em-gestao-de-emergencias\\\/\"]}]},{\"@type\":\"ImageObject\",\"inLanguage\":\"pt-BR\",\"@id\":\"https:\\\/\\\/diariodepe.com.br\\\/xinhua\\\/2023\\\/11\\\/03\\\/forum-internacional-de-especialistas-discute-fortalecimento-de-cooperacao-global-em-gestao-de-emergencias\\\/#primaryimage\",\"url\":\"https:\\\/\\\/diariodepe.com.br\\\/xinhua\\\/wp-content\\\/uploads\\\/sites\\\/3\\\/2023\\\/11\\\/2023110340cef81cea7344228c89c11a05e24333_XxjwspP007022_20231103_CBMFN0A001.jpg\",\"contentUrl\":\"https:\\\/\\\/diariodepe.com.br\\\/xinhua\\\/wp-content\\\/uploads\\\/sites\\\/3\\\/2023\\\/11\\\/2023110340cef81cea7344228c89c11a05e24333_XxjwspP007022_20231103_CBMFN0A001.jpg\",\"width\":900,\"height\":600},{\"@type\":\"BreadcrumbList\",\"@id\":\"https:\\\/\\\/diariodepe.com.br\\\/xinhua\\\/2023\\\/11\\\/03\\\/forum-internacional-de-especialistas-discute-fortalecimento-de-cooperacao-global-em-gestao-de-emergencias\\\/#breadcrumb\",\"itemListElement\":[{\"@type\":\"ListItem\",\"position\":1,\"name\":\"In\u00edcio\",\"item\":\"https:\\\/\\\/diariodepe.com.br\\\/xinhua\\\/\"},{\"@type\":\"ListItem\",\"position\":2,\"name\":\"F\u00f3rum internacional de especialistas discute fortalecimento de coopera\u00e7\u00e3o global em gest\u00e3o de emerg\u00eancias\"}]},{\"@type\":\"WebSite\",\"@id\":\"https:\\\/\\\/diariodepe.com.br\\\/xinhua\\\/#website\",\"url\":\"https:\\\/\\\/diariodepe.com.br\\\/xinhua\\\/\",\"name\":\"Xinhua - Diario de Pernambuco\",\"description\":\"A maior ag\u00eancia de not\u00edcias da China e um dos principais canais para conhecer o pa\u00eds\",\"publisher\":{\"@id\":\"https:\\\/\\\/diariodepe.com.br\\\/xinhua\\\/#organization\"},\"potentialAction\":[{\"@type\":\"SearchAction\",\"target\":{\"@type\":\"EntryPoint\",\"urlTemplate\":\"https:\\\/\\\/diariodepe.com.br\\\/xinhua\\\/?s={search_term_string}\"},\"query-input\":{\"@type\":\"PropertyValueSpecification\",\"valueRequired\":true,\"valueName\":\"search_term_string\"}}],\"inLanguage\":\"pt-BR\"},{\"@type\":\"Organization\",\"@id\":\"https:\\\/\\\/diariodepe.com.br\\\/xinhua\\\/#organization\",\"name\":\"Xinhua - Diario de Pernambuco\",\"url\":\"https:\\\/\\\/diariodepe.com.br\\\/xinhua\\\/\",\"logo\":{\"@type\":\"ImageObject\",\"inLanguage\":\"pt-BR\",\"@id\":\"https:\\\/\\\/diariodepe.com.br\\\/xinhua\\\/#\\\/schema\\\/logo\\\/image\\\/\",\"url\":\"https:\\\/\\\/diariodepe.com.br\\\/xinhua\\\/wp-content\\\/uploads\\\/sites\\\/3\\\/2020\\\/10\\\/cropped-logo-transparente-2.png\",\"contentUrl\":\"https:\\\/\\\/diariodepe.com.br\\\/xinhua\\\/wp-content\\\/uploads\\\/sites\\\/3\\\/2020\\\/10\\\/cropped-logo-transparente-2.png\",\"width\":512,\"height\":164,\"caption\":\"Xinhua - Diario de Pernambuco\"},\"image\":{\"@id\":\"https:\\\/\\\/diariodepe.com.br\\\/xinhua\\\/#\\\/schema\\\/logo\\\/image\\\/\"}},{\"@type\":\"Person\",\"@id\":\"https:\\\/\\\/diariodepe.com.br\\\/xinhua\\\/#\\\/schema\\\/person\\\/0943d6fd02bdc7b49c8f495e8787a2cb\",\"name\":\"Marcelo Oliveira de A. Maranhao\",\"image\":{\"@type\":\"ImageObject\",\"inLanguage\":\"pt-BR\",\"@id\":\"https:\\\/\\\/secure.gravatar.com\\\/avatar\\\/f562caee940d39879c20e90eea3e4b21860c7d4c96684c23141c554824f0059c?s=96&d=mm&r=g\",\"url\":\"https:\\\/\\\/secure.gravatar.com\\\/avatar\\\/f562caee940d39879c20e90eea3e4b21860c7d4c96684c23141c554824f0059c?s=96&d=mm&r=g\",\"contentUrl\":\"https:\\\/\\\/secure.gravatar.com\\\/avatar\\\/f562caee940d39879c20e90eea3e4b21860c7d4c96684c23141c554824f0059c?s=96&d=mm&r=g\",\"caption\":\"Marcelo Oliveira de A. Maranhao\"},\"url\":\"https:\\\/\\\/diariodepe.com.br\\\/xinhua\\\/author\\\/marcelo-maranhao\\\/\"}]}<\/script>\n<!-- \/ Yoast SEO plugin. -->","yoast_head_json":{"title":"F\u00f3rum internacional de especialistas discute fortalecimento de coopera\u00e7\u00e3o global em gest\u00e3o de emerg\u00eancias - Xinhua - Diario de Pernambuco","robots":{"index":"index","follow":"follow","max-snippet":"max-snippet:-1","max-image-preview":"max-image-preview:large","max-video-preview":"max-video-preview:-1"},"canonical":"https:\/\/diariodepe.com.br\/xinhua\/2023\/11\/03\/forum-internacional-de-especialistas-discute-fortalecimento-de-cooperacao-global-em-gestao-de-emergencias\/","og_locale":"pt_BR","og_type":"article","og_title":"F\u00f3rum internacional de especialistas discute fortalecimento de coopera\u00e7\u00e3o global em gest\u00e3o de emerg\u00eancias - Xinhua - Diario de Pernambuco","og_description":"Changsha &#8211; Especialistas de todo o mundo discutiram o fortalecimento da coopera\u00e7\u00e3o internacional em gest\u00e3o de emerg\u00eancias na segunda confer\u00eancia do F\u00f3rum de Desenvolvimento Econ\u00f4mico e Seguran\u00e7a Globais, do F\u00f3rum Boao para a \u00c1sia, que foi realizada recentemente em Changsha,...","og_url":"https:\/\/diariodepe.com.br\/xinhua\/2023\/11\/03\/forum-internacional-de-especialistas-discute-fortalecimento-de-cooperacao-global-em-gestao-de-emergencias\/","og_site_name":"Xinhua - Diario de Pernambuco","article_published_time":"2023-11-03T17:32:00+00:00","og_image":[{"width":900,"height":600,"url":"https:\/\/diariodepe.com.br\/xinhua\/wp-content\/uploads\/sites\/3\/2023\/11\/2023110340cef81cea7344228c89c11a05e24333_XxjwspP007022_20231103_CBMFN0A001.jpg","type":"image\/jpeg"}],"author":"Marcelo Oliveira de A. Maranhao","twitter_card":"summary_large_image","twitter_misc":{"Escrito por":"Marcelo Oliveira de A. Maranhao","Est. tempo de leitura":"3 minutos"},"schema":{"@context":"https:\/\/schema.org","@graph":[{"@type":"Article","@id":"https:\/\/diariodepe.com.br\/xinhua\/2023\/11\/03\/forum-internacional-de-especialistas-discute-fortalecimento-de-cooperacao-global-em-gestao-de-emergencias\/#article","isPartOf":{"@id":"https:\/\/diariodepe.com.br\/xinhua\/2023\/11\/03\/forum-internacional-de-especialistas-discute-fortalecimento-de-cooperacao-global-em-gestao-de-emergencias\/"},"author":{"name":"Marcelo Oliveira de A. Maranhao","@id":"https:\/\/diariodepe.com.br\/xinhua\/#\/schema\/person\/0943d6fd02bdc7b49c8f495e8787a2cb"},"headline":"F\u00f3rum internacional de especialistas discute fortalecimento de coopera\u00e7\u00e3o global em gest\u00e3o de emerg\u00eancias","datePublished":"2023-11-03T17:32:00+00:00","mainEntityOfPage":{"@id":"https:\/\/diariodepe.com.br\/xinhua\/2023\/11\/03\/forum-internacional-de-especialistas-discute-fortalecimento-de-cooperacao-global-em-gestao-de-emergencias\/"},"wordCount":563,"commentCount":0,"publisher":{"@id":"https:\/\/diariodepe.com.br\/xinhua\/#organization"},"image":{"@id":"https:\/\/diariodepe.com.br\/xinhua\/2023\/11\/03\/forum-internacional-de-especialistas-discute-fortalecimento-de-cooperacao-global-em-gestao-de-emergencias\/#primaryimage"},"thumbnailUrl":"https:\/\/diariodepe.com.br\/xinhua\/wp-content\/uploads\/sites\/3\/2023\/11\/2023110340cef81cea7344228c89c11a05e24333_XxjwspP007022_20231103_CBMFN0A001.jpg","articleSection":["Economia"],"inLanguage":"pt-BR","potentialAction":[{"@type":"CommentAction","name":"Comment","target":["https:\/\/diariodepe.com.br\/xinhua\/2023\/11\/03\/forum-internacional-de-especialistas-discute-fortalecimento-de-cooperacao-global-em-gestao-de-emergencias\/#respond"]}]},{"@type":"WebPage","@id":"https:\/\/diariodepe.com.br\/xinhua\/2023\/11\/03\/forum-internacional-de-especialistas-discute-fortalecimento-de-cooperacao-global-em-gestao-de-emergencias\/","url":"https:\/\/diariodepe.com.br\/xinhua\/2023\/11\/03\/forum-internacional-de-especialistas-discute-fortalecimento-de-cooperacao-global-em-gestao-de-emergencias\/","name":"F\u00f3rum internacional de especialistas discute fortalecimento de coopera\u00e7\u00e3o global em gest\u00e3o de emerg\u00eancias - Xinhua - Diario de Pernambuco","isPartOf":{"@id":"https:\/\/diariodepe.com.br\/xinhua\/#website"},"primaryImageOfPage":{"@id":"https:\/\/diariodepe.com.br\/xinhua\/2023\/11\/03\/forum-internacional-de-especialistas-discute-fortalecimento-de-cooperacao-global-em-gestao-de-emergencias\/#primaryimage"},"image":{"@id":"https:\/\/diariodepe.com.br\/xinhua\/2023\/11\/03\/forum-internacional-de-especialistas-discute-fortalecimento-de-cooperacao-global-em-gestao-de-emergencias\/#primaryimage"},"thumbnailUrl":"https:\/\/diariodepe.com.br\/xinhua\/wp-content\/uploads\/sites\/3\/2023\/11\/2023110340cef81cea7344228c89c11a05e24333_XxjwspP007022_20231103_CBMFN0A001.jpg","datePublished":"2023-11-03T17:32:00+00:00","breadcrumb":{"@id":"https:\/\/diariodepe.com.br\/xinhua\/2023\/11\/03\/forum-internacional-de-especialistas-discute-fortalecimento-de-cooperacao-global-em-gestao-de-emergencias\/#breadcrumb"},"inLanguage":"pt-BR","potentialAction":[{"@type":"ReadAction","target":["https:\/\/diariodepe.com.br\/xinhua\/2023\/11\/03\/forum-internacional-de-especialistas-discute-fortalecimento-de-cooperacao-global-em-gestao-de-emergencias\/"]}]},{"@type":"ImageObject","inLanguage":"pt-BR","@id":"https:\/\/diariodepe.com.br\/xinhua\/2023\/11\/03\/forum-internacional-de-especialistas-discute-fortalecimento-de-cooperacao-global-em-gestao-de-emergencias\/#primaryimage","url":"https:\/\/diariodepe.com.br\/xinhua\/wp-content\/uploads\/sites\/3\/2023\/11\/2023110340cef81cea7344228c89c11a05e24333_XxjwspP007022_20231103_CBMFN0A001.jpg","contentUrl":"https:\/\/diariodepe.com.br\/xinhua\/wp-content\/uploads\/sites\/3\/2023\/11\/2023110340cef81cea7344228c89c11a05e24333_XxjwspP007022_20231103_CBMFN0A001.jpg","width":900,"height":600},{"@type":"BreadcrumbList","@id":"https:\/\/diariodepe.com.br\/xinhua\/2023\/11\/03\/forum-internacional-de-especialistas-discute-fortalecimento-de-cooperacao-global-em-gestao-de-emergencias\/#breadcrumb","itemListElement":[{"@type":"ListItem","position":1,"name":"In\u00edcio","item":"https:\/\/diariodepe.com.br\/xinhua\/"},{"@type":"ListItem","position":2,"name":"F\u00f3rum internacional de especialistas discute fortalecimento de coopera\u00e7\u00e3o global em gest\u00e3o de emerg\u00eancias"}]},{"@type":"WebSite","@id":"https:\/\/diariodepe.com.br\/xinhua\/#website","url":"https:\/\/diariodepe.com.br\/xinhua\/","name":"Xinhua - Diario de Pernambuco","description":"A maior ag\u00eancia de not\u00edcias da China e um dos principais canais para conhecer o pa\u00eds","publisher":{"@id":"https:\/\/diariodepe.com.br\/xinhua\/#organization"},"potentialAction":[{"@type":"SearchAction","target":{"@type":"EntryPoint","urlTemplate":"https:\/\/diariodepe.com.br\/xinhua\/?s={search_term_string}"},"query-input":{"@type":"PropertyValueSpecification","valueRequired":true,"valueName":"search_term_string"}}],"inLanguage":"pt-BR"},{"@type":"Organization","@id":"https:\/\/diariodepe.com.br\/xinhua\/#organization","name":"Xinhua - Diario de Pernambuco","url":"https:\/\/diariodepe.com.br\/xinhua\/","logo":{"@type":"ImageObject","inLanguage":"pt-BR","@id":"https:\/\/diariodepe.com.br\/xinhua\/#\/schema\/logo\/image\/","url":"https:\/\/diariodepe.com.br\/xinhua\/wp-content\/uploads\/sites\/3\/2020\/10\/cropped-logo-transparente-2.png","contentUrl":"https:\/\/diariodepe.com.br\/xinhua\/wp-content\/uploads\/sites\/3\/2020\/10\/cropped-logo-transparente-2.png","width":512,"height":164,"caption":"Xinhua - Diario de Pernambuco"},"image":{"@id":"https:\/\/diariodepe.com.br\/xinhua\/#\/schema\/logo\/image\/"}},{"@type":"Person","@id":"https:\/\/diariodepe.com.br\/xinhua\/#\/schema\/person\/0943d6fd02bdc7b49c8f495e8787a2cb","name":"Marcelo Oliveira de A. Maranhao","image":{"@type":"ImageObject","inLanguage":"pt-BR","@id":"https:\/\/secure.gravatar.com\/avatar\/f562caee940d39879c20e90eea3e4b21860c7d4c96684c23141c554824f0059c?s=96&d=mm&r=g","url":"https:\/\/secure.gravatar.com\/avatar\/f562caee940d39879c20e90eea3e4b21860c7d4c96684c23141c554824f0059c?s=96&d=mm&r=g","contentUrl":"https:\/\/secure.gravatar.com\/avatar\/f562caee940d39879c20e90eea3e4b21860c7d4c96684c23141c554824f0059c?s=96&d=mm&r=g","caption":"Marcelo Oliveira de A. Maranhao"},"url":"https:\/\/diariodepe.com.br\/xinhua\/author\/marcelo-maranhao\/"}]}},"cc_featured_image_caption":{"caption_text":"","source_text":"","source_url":""},"amp_enabled":true,"_links":{"self":[{"href":"https:\/\/diariodepe.com.br\/xinhua\/wp-json\/wp\/v2\/posts\/16180","targetHints":{"allow":["GET"]}}],"collection":[{"href":"https:\/\/diariodepe.com.br\/xinhua\/wp-json\/wp\/v2\/posts"}],"about":[{"href":"https:\/\/diariodepe.com.br\/xinhua\/wp-json\/wp\/v2\/types\/post"}],"author":[{"embeddable":true,"href":"https:\/\/diariodepe.com.br\/xinhua\/wp-json\/wp\/v2\/users\/3"}],"replies":[{"embeddable":true,"href":"https:\/\/diariodepe.com.br\/xinhua\/wp-json\/wp\/v2\/comments?post=16180"}],"version-history":[{"count":1,"href":"https:\/\/diariodepe.com.br\/xinhua\/wp-json\/wp\/v2\/posts\/16180\/revisions"}],"predecessor-version":[{"id":16182,"href":"https:\/\/diariodepe.com.br\/xinhua\/wp-json\/wp\/v2\/posts\/16180\/revisions\/16182"}],"wp:featuredmedia":[{"embeddable":true,"href":"https:\/\/diariodepe.com.br\/xinhua\/wp-json\/wp\/v2\/media\/16181"}],"wp:attachment":[{"href":"https:\/\/diariodepe.com.br\/xinhua\/wp-json\/wp\/v2\/media?parent=16180"}],"wp:term":[{"taxonomy":"category","embeddable":true,"href":"https:\/\/diariodepe.com.br\/xinhua\/wp-json\/wp\/v2\/categories?post=16180"},{"taxonomy":"post_tag","embeddable":true,"href":"https:\/\/diariodepe.com.br\/xinhua\/wp-json\/wp\/v2\/tags?post=16180"}],"curies":[{"name":"wp","href":"https:\/\/api.w.org\/{rel}","templated":true}]}}