{"id":16060,"date":"2023-10-26T17:01:00","date_gmt":"2023-10-26T20:01:00","guid":{"rendered":"https:\/\/www.diariodepe.com.br\/xinhua\/?p=16060"},"modified":"2023-10-26T09:33:25","modified_gmt":"2023-10-26T12:33:25","slug":"xi-realiza-conversacoes-com-presidente-colombiano-elevando-os-lacos-para-parceria-estrategica","status":"publish","type":"post","link":"https:\/\/diariodepe.com.br\/xinhua\/2023\/10\/26\/xi-realiza-conversacoes-com-presidente-colombiano-elevando-os-lacos-para-parceria-estrategica\/","title":{"rendered":"Xi realiza conversa\u00e7\u00f5es com presidente colombiano, elevando os la\u00e7os para parceria estrat\u00e9gica"},"content":{"rendered":"\n<p>Beijing &#8211; O presidente chin\u00eas, Xi Jinping, realizou conversa\u00e7\u00f5es com o presidente colombiano, Gustavo Francisco Petro Urrego, que se encontra em visita de Estado \u00e0 China, em Beijing, na quarta-feira.<\/p>\n\n\n\n<p>Os dois chefes de Estado anunciaram a eleva\u00e7\u00e3o das rela\u00e7\u00f5es bilaterais a uma parceria estrat\u00e9gica.<\/p>\n\n\n\n<p>Xi destacou que, desde o estabelecimento de la\u00e7os diplom\u00e1ticos, h\u00e1 43 anos, as rela\u00e7\u00f5es bilaterais entre a China e a Col\u00f4mbia resistiram ao teste das mudan\u00e7as internacionais e mantiveram um bom momento de desenvolvimento.<\/p>\n\n\n\n<p>Ele disse que os dois lados mostraram entendimento e apoio m\u00fatuos nas quest\u00f5es relacionadas aos interesses essenciais e \u00e0s principais preocupa\u00e7\u00f5es um do outro, fizeram progressos s\u00f3lidos na coopera\u00e7\u00e3o em todos os campos e aprofundaram constantemente a amizade entre os dois povos.<\/p>\n\n\n\n<p>O estabelecimento da parceria estrat\u00e9gica \u00e9 o resultado dos esfor\u00e7os de longo prazo de todos os setores dos dois pa\u00edses e uma manifesta\u00e7\u00e3o natural da confian\u00e7a m\u00fatua e coopera\u00e7\u00e3o entre os dois lados, observou Xi, acrescentando que tal resultado deve ser estimado por ambos os lados e continuamente enriquecido e desenvolvido.<\/p>\n\n\n\n<p>&#8220;A China est\u00e1 disposta a trabalhar com a Col\u00f4mbia para promover a parceria estrat\u00e9gica China-Col\u00f4mbia para beneficiar melhor os dois povos e injetar energia positiva na paz e no desenvolvimento mundiais&#8221;, disse ele.<\/p>\n\n\n\n<p>Xi disse que a China apoia a explora\u00e7\u00e3o independente pela Col\u00f4mbia de um caminho de desenvolvimento adequado \u00e0s suas condi\u00e7\u00f5es nacionais, apoia o processo de paz na Col\u00f4mbia, espera que a Col\u00f4mbia possa alcan\u00e7ar uma paz abrangente, duradoura e sustent\u00e1vel o mais r\u00e1pido poss\u00edvel e acredita que o processo de desenvolvimento e moderniza\u00e7\u00e3o de alta qualidade da China trar\u00e1 novas oportunidades de desenvolvimento para a Col\u00f4mbia e outros pa\u00edses.<\/p>\n\n\n\n<p>As rela\u00e7\u00f5es China-Col\u00f4mbia s\u00e3o baseadas em igualdade, benef\u00edcio m\u00fatuo e resultados ganha-ganha, disse Xi, acrescentando que a Col\u00f4mbia \u00e9 bem-vinda a se juntar \u00e0 grande fam\u00edlia da Iniciativa do Cintur\u00e3o e Rota (ICR) o mais r\u00e1pido poss\u00edvel para alcan\u00e7ar o desenvolvimento e a prosperidade comuns.<\/p>\n\n\n\n<p>Xi pediu aos dois lados que fa\u00e7am bom uso do mecanismo do comit\u00ea misto econ\u00f4mico e comercial, otimizem a estrutura comercial bilateral e fortale\u00e7am a coopera\u00e7\u00e3o em informa\u00e7\u00e3o, comunica\u00e7\u00f5es, economia digital e outros campos. A China incentiva mais produtos colombianos de alta qualidade a entrar no mercado chin\u00eas, acrescentou.<\/p>\n\n\n\n<p>Ele tamb\u00e9m pediu esfor\u00e7os conjuntos para fortalecer os interc\u00e2mbios interpessoais e culturais e aumentar a coopera\u00e7\u00e3o bilateral na aplica\u00e7\u00e3o da lei, expressando a esperan\u00e7a de que a Col\u00f4mbia possa garantir melhor a seguran\u00e7a dos cidad\u00e3os, empresas e institui\u00e7\u00f5es da China no pa\u00eds.<\/p>\n\n\n\n<p>Como pa\u00edses em desenvolvimento, a China e a Col\u00f4mbia devem fortalecer a comunica\u00e7\u00e3o e a coordena\u00e7\u00e3o em assuntos internacionais para salvaguardar os interesses comuns dos pa\u00edses em desenvolvimento e a equidade e justi\u00e7a internacionais, disse Xi.<\/p>\n\n\n\n<p>Xi tamb\u00e9m disse que a China atribui grande import\u00e2ncia ao desenvolvimento das rela\u00e7\u00f5es com a Am\u00e9rica Latina e o Caribe e est\u00e1 disposta a continuar a apoiar o processo da integra\u00e7\u00e3o regional na Am\u00e9rica Latina e no Caribe.<\/p>\n\n\n\n<p>Petro disse que a Col\u00f4mbia est\u00e1 pronta para sinergizar sua vantagem geogr\u00e1fica e suas estrat\u00e9gias de desenvolvimento com a ICR, e fortalecer a coopera\u00e7\u00e3o em infraestrutura e energia limpa.<\/p>\n\n\n\n<p>A Col\u00f4mbia est\u00e1 disposta a manter a comunica\u00e7\u00e3o com a China sobre a quest\u00e3o palestino-israelense, entre outras, e impulsionar uma solu\u00e7\u00e3o para p\u00f4r fim \u00e0 guerra e acalmar a situa\u00e7\u00e3o o mais r\u00e1pido poss\u00edvel, disse Petro, acrescentando que a Col\u00f4mbia sa\u00fada a Iniciativa de Desenvolvimento Global, a Iniciativa de Seguran\u00e7a Global e a Iniciativa de Civiliza\u00e7\u00e3o Global propostas por Xi, e est\u00e1 disposta a fortalecer a comunica\u00e7\u00e3o e a coordena\u00e7\u00e3o com a China dentro de mecanismos multilaterais.<\/p>\n\n\n\n<p>Ap\u00f3s as conversa\u00e7\u00f5es, os dois chefes de Estado testemunharam a assinatura de uma s\u00e9rie de documentos de coopera\u00e7\u00e3o bilateral.<\/p>\n\n\n\n<p>As duas partes emitiram uma declara\u00e7\u00e3o conjunta sobre o estabelecimento da parceria estrat\u00e9gica.<\/p>\n","protected":false},"excerpt":{"rendered":"<p>Beijing &#8211; O presidente chin\u00eas, Xi Jinping, realizou conversa\u00e7\u00f5es com o presidente colombiano, Gustavo Francisco Petro Urrego, que se encontra em visita de Estado \u00e0 China, em Beijing, na quarta-feira. Os dois chefes de Estado anunciaram a eleva\u00e7\u00e3o das rela\u00e7\u00f5es&#8230;<\/p>\n","protected":false},"author":3,"featured_media":16061,"comment_status":"open","ping_status":"open","sticky":false,"template":"","format":"standard","meta":{"footnotes":""},"categories":[4],"tags":[],"class_list":["post-16060","post","type-post","status-publish","format-standard","has-post-thumbnail","hentry","category-internacional"],"yoast_head":"<!-- This site is optimized with the Yoast SEO plugin v27.4 - https:\/\/yoast.com\/product\/yoast-seo-wordpress\/ -->\n<title>Xi realiza conversa\u00e7\u00f5es com presidente colombiano, elevando os la\u00e7os para parceria estrat\u00e9gica - Xinhua - Diario de Pernambuco<\/title>\n<meta name=\"robots\" content=\"index, follow, max-snippet:-1, max-image-preview:large, max-video-preview:-1\" \/>\n<link rel=\"canonical\" href=\"https:\/\/diariodepe.com.br\/xinhua\/2023\/10\/26\/xi-realiza-conversacoes-com-presidente-colombiano-elevando-os-lacos-para-parceria-estrategica\/\" \/>\n<meta property=\"og:locale\" content=\"pt_BR\" \/>\n<meta property=\"og:type\" content=\"article\" \/>\n<meta property=\"og:title\" content=\"Xi realiza conversa\u00e7\u00f5es com presidente colombiano, elevando os la\u00e7os para parceria estrat\u00e9gica - Xinhua - Diario de Pernambuco\" \/>\n<meta property=\"og:description\" content=\"Beijing &#8211; O presidente chin\u00eas, Xi Jinping, realizou conversa\u00e7\u00f5es com o presidente colombiano, Gustavo Francisco Petro Urrego, que se encontra em visita de Estado \u00e0 China, em Beijing, na quarta-feira. Os dois chefes de Estado anunciaram a eleva\u00e7\u00e3o das rela\u00e7\u00f5es...\" \/>\n<meta property=\"og:url\" content=\"https:\/\/diariodepe.com.br\/xinhua\/2023\/10\/26\/xi-realiza-conversacoes-com-presidente-colombiano-elevando-os-lacos-para-parceria-estrategica\/\" \/>\n<meta property=\"og:site_name\" content=\"Xinhua - Diario de Pernambuco\" \/>\n<meta property=\"article:published_time\" content=\"2023-10-26T20:01:00+00:00\" \/>\n<meta property=\"og:image\" content=\"https:\/\/diariodepe.com.br\/xinhua\/wp-content\/uploads\/sites\/3\/2023\/10\/5599bd55f1a24504b2412bdacd05ed6d.png\" \/>\n\t<meta property=\"og:image:width\" content=\"1017\" \/>\n\t<meta property=\"og:image:height\" content=\"786\" \/>\n\t<meta property=\"og:image:type\" content=\"image\/png\" \/>\n<meta name=\"author\" content=\"Marcelo Oliveira de A. Maranhao\" \/>\n<meta name=\"twitter:card\" content=\"summary_large_image\" \/>\n<meta name=\"twitter:label1\" content=\"Escrito por\" \/>\n\t<meta name=\"twitter:data1\" content=\"Marcelo Oliveira de A. Maranhao\" \/>\n\t<meta name=\"twitter:label2\" content=\"Est. tempo de leitura\" \/>\n\t<meta name=\"twitter:data2\" content=\"4 minutos\" \/>\n<script type=\"application\/ld+json\" class=\"yoast-schema-graph\">{\"@context\":\"https:\\\/\\\/schema.org\",\"@graph\":[{\"@type\":\"Article\",\"@id\":\"https:\\\/\\\/diariodepe.com.br\\\/xinhua\\\/2023\\\/10\\\/26\\\/xi-realiza-conversacoes-com-presidente-colombiano-elevando-os-lacos-para-parceria-estrategica\\\/#article\",\"isPartOf\":{\"@id\":\"https:\\\/\\\/diariodepe.com.br\\\/xinhua\\\/2023\\\/10\\\/26\\\/xi-realiza-conversacoes-com-presidente-colombiano-elevando-os-lacos-para-parceria-estrategica\\\/\"},\"author\":{\"name\":\"Marcelo Oliveira de A. Maranhao\",\"@id\":\"https:\\\/\\\/diariodepe.com.br\\\/xinhua\\\/#\\\/schema\\\/person\\\/0943d6fd02bdc7b49c8f495e8787a2cb\"},\"headline\":\"Xi realiza conversa\u00e7\u00f5es com presidente colombiano, elevando os la\u00e7os para parceria estrat\u00e9gica\",\"datePublished\":\"2023-10-26T20:01:00+00:00\",\"mainEntityOfPage\":{\"@id\":\"https:\\\/\\\/diariodepe.com.br\\\/xinhua\\\/2023\\\/10\\\/26\\\/xi-realiza-conversacoes-com-presidente-colombiano-elevando-os-lacos-para-parceria-estrategica\\\/\"},\"wordCount\":733,\"commentCount\":0,\"publisher\":{\"@id\":\"https:\\\/\\\/diariodepe.com.br\\\/xinhua\\\/#organization\"},\"image\":{\"@id\":\"https:\\\/\\\/diariodepe.com.br\\\/xinhua\\\/2023\\\/10\\\/26\\\/xi-realiza-conversacoes-com-presidente-colombiano-elevando-os-lacos-para-parceria-estrategica\\\/#primaryimage\"},\"thumbnailUrl\":\"https:\\\/\\\/diariodepe.com.br\\\/xinhua\\\/wp-content\\\/uploads\\\/sites\\\/3\\\/2023\\\/10\\\/5599bd55f1a24504b2412bdacd05ed6d.png\",\"articleSection\":[\"Internacional\"],\"inLanguage\":\"pt-BR\",\"potentialAction\":[{\"@type\":\"CommentAction\",\"name\":\"Comment\",\"target\":[\"https:\\\/\\\/diariodepe.com.br\\\/xinhua\\\/2023\\\/10\\\/26\\\/xi-realiza-conversacoes-com-presidente-colombiano-elevando-os-lacos-para-parceria-estrategica\\\/#respond\"]}]},{\"@type\":\"WebPage\",\"@id\":\"https:\\\/\\\/diariodepe.com.br\\\/xinhua\\\/2023\\\/10\\\/26\\\/xi-realiza-conversacoes-com-presidente-colombiano-elevando-os-lacos-para-parceria-estrategica\\\/\",\"url\":\"https:\\\/\\\/diariodepe.com.br\\\/xinhua\\\/2023\\\/10\\\/26\\\/xi-realiza-conversacoes-com-presidente-colombiano-elevando-os-lacos-para-parceria-estrategica\\\/\",\"name\":\"Xi realiza conversa\u00e7\u00f5es com presidente colombiano, elevando os la\u00e7os para parceria estrat\u00e9gica - Xinhua - Diario de Pernambuco\",\"isPartOf\":{\"@id\":\"https:\\\/\\\/diariodepe.com.br\\\/xinhua\\\/#website\"},\"primaryImageOfPage\":{\"@id\":\"https:\\\/\\\/diariodepe.com.br\\\/xinhua\\\/2023\\\/10\\\/26\\\/xi-realiza-conversacoes-com-presidente-colombiano-elevando-os-lacos-para-parceria-estrategica\\\/#primaryimage\"},\"image\":{\"@id\":\"https:\\\/\\\/diariodepe.com.br\\\/xinhua\\\/2023\\\/10\\\/26\\\/xi-realiza-conversacoes-com-presidente-colombiano-elevando-os-lacos-para-parceria-estrategica\\\/#primaryimage\"},\"thumbnailUrl\":\"https:\\\/\\\/diariodepe.com.br\\\/xinhua\\\/wp-content\\\/uploads\\\/sites\\\/3\\\/2023\\\/10\\\/5599bd55f1a24504b2412bdacd05ed6d.png\",\"datePublished\":\"2023-10-26T20:01:00+00:00\",\"breadcrumb\":{\"@id\":\"https:\\\/\\\/diariodepe.com.br\\\/xinhua\\\/2023\\\/10\\\/26\\\/xi-realiza-conversacoes-com-presidente-colombiano-elevando-os-lacos-para-parceria-estrategica\\\/#breadcrumb\"},\"inLanguage\":\"pt-BR\",\"potentialAction\":[{\"@type\":\"ReadAction\",\"target\":[\"https:\\\/\\\/diariodepe.com.br\\\/xinhua\\\/2023\\\/10\\\/26\\\/xi-realiza-conversacoes-com-presidente-colombiano-elevando-os-lacos-para-parceria-estrategica\\\/\"]}]},{\"@type\":\"ImageObject\",\"inLanguage\":\"pt-BR\",\"@id\":\"https:\\\/\\\/diariodepe.com.br\\\/xinhua\\\/2023\\\/10\\\/26\\\/xi-realiza-conversacoes-com-presidente-colombiano-elevando-os-lacos-para-parceria-estrategica\\\/#primaryimage\",\"url\":\"https:\\\/\\\/diariodepe.com.br\\\/xinhua\\\/wp-content\\\/uploads\\\/sites\\\/3\\\/2023\\\/10\\\/5599bd55f1a24504b2412bdacd05ed6d.png\",\"contentUrl\":\"https:\\\/\\\/diariodepe.com.br\\\/xinhua\\\/wp-content\\\/uploads\\\/sites\\\/3\\\/2023\\\/10\\\/5599bd55f1a24504b2412bdacd05ed6d.png\",\"width\":1017,\"height\":786},{\"@type\":\"BreadcrumbList\",\"@id\":\"https:\\\/\\\/diariodepe.com.br\\\/xinhua\\\/2023\\\/10\\\/26\\\/xi-realiza-conversacoes-com-presidente-colombiano-elevando-os-lacos-para-parceria-estrategica\\\/#breadcrumb\",\"itemListElement\":[{\"@type\":\"ListItem\",\"position\":1,\"name\":\"In\u00edcio\",\"item\":\"https:\\\/\\\/diariodepe.com.br\\\/xinhua\\\/\"},{\"@type\":\"ListItem\",\"position\":2,\"name\":\"Xi realiza conversa\u00e7\u00f5es com presidente colombiano, elevando os la\u00e7os para parceria estrat\u00e9gica\"}]},{\"@type\":\"WebSite\",\"@id\":\"https:\\\/\\\/diariodepe.com.br\\\/xinhua\\\/#website\",\"url\":\"https:\\\/\\\/diariodepe.com.br\\\/xinhua\\\/\",\"name\":\"Xinhua - Diario de Pernambuco\",\"description\":\"A maior ag\u00eancia de not\u00edcias da China e um dos principais canais para conhecer o pa\u00eds\",\"publisher\":{\"@id\":\"https:\\\/\\\/diariodepe.com.br\\\/xinhua\\\/#organization\"},\"potentialAction\":[{\"@type\":\"SearchAction\",\"target\":{\"@type\":\"EntryPoint\",\"urlTemplate\":\"https:\\\/\\\/diariodepe.com.br\\\/xinhua\\\/?s={search_term_string}\"},\"query-input\":{\"@type\":\"PropertyValueSpecification\",\"valueRequired\":true,\"valueName\":\"search_term_string\"}}],\"inLanguage\":\"pt-BR\"},{\"@type\":\"Organization\",\"@id\":\"https:\\\/\\\/diariodepe.com.br\\\/xinhua\\\/#organization\",\"name\":\"Xinhua - Diario de Pernambuco\",\"url\":\"https:\\\/\\\/diariodepe.com.br\\\/xinhua\\\/\",\"logo\":{\"@type\":\"ImageObject\",\"inLanguage\":\"pt-BR\",\"@id\":\"https:\\\/\\\/diariodepe.com.br\\\/xinhua\\\/#\\\/schema\\\/logo\\\/image\\\/\",\"url\":\"https:\\\/\\\/diariodepe.com.br\\\/xinhua\\\/wp-content\\\/uploads\\\/sites\\\/3\\\/2020\\\/10\\\/cropped-logo-transparente-2.png\",\"contentUrl\":\"https:\\\/\\\/diariodepe.com.br\\\/xinhua\\\/wp-content\\\/uploads\\\/sites\\\/3\\\/2020\\\/10\\\/cropped-logo-transparente-2.png\",\"width\":512,\"height\":164,\"caption\":\"Xinhua - Diario de Pernambuco\"},\"image\":{\"@id\":\"https:\\\/\\\/diariodepe.com.br\\\/xinhua\\\/#\\\/schema\\\/logo\\\/image\\\/\"}},{\"@type\":\"Person\",\"@id\":\"https:\\\/\\\/diariodepe.com.br\\\/xinhua\\\/#\\\/schema\\\/person\\\/0943d6fd02bdc7b49c8f495e8787a2cb\",\"name\":\"Marcelo Oliveira de A. Maranhao\",\"image\":{\"@type\":\"ImageObject\",\"inLanguage\":\"pt-BR\",\"@id\":\"https:\\\/\\\/secure.gravatar.com\\\/avatar\\\/f562caee940d39879c20e90eea3e4b21860c7d4c96684c23141c554824f0059c?s=96&d=mm&r=g\",\"url\":\"https:\\\/\\\/secure.gravatar.com\\\/avatar\\\/f562caee940d39879c20e90eea3e4b21860c7d4c96684c23141c554824f0059c?s=96&d=mm&r=g\",\"contentUrl\":\"https:\\\/\\\/secure.gravatar.com\\\/avatar\\\/f562caee940d39879c20e90eea3e4b21860c7d4c96684c23141c554824f0059c?s=96&d=mm&r=g\",\"caption\":\"Marcelo Oliveira de A. Maranhao\"},\"url\":\"https:\\\/\\\/diariodepe.com.br\\\/xinhua\\\/author\\\/marcelo-maranhao\\\/\"}]}<\/script>\n<!-- \/ Yoast SEO plugin. -->","yoast_head_json":{"title":"Xi realiza conversa\u00e7\u00f5es com presidente colombiano, elevando os la\u00e7os para parceria estrat\u00e9gica - Xinhua - Diario de Pernambuco","robots":{"index":"index","follow":"follow","max-snippet":"max-snippet:-1","max-image-preview":"max-image-preview:large","max-video-preview":"max-video-preview:-1"},"canonical":"https:\/\/diariodepe.com.br\/xinhua\/2023\/10\/26\/xi-realiza-conversacoes-com-presidente-colombiano-elevando-os-lacos-para-parceria-estrategica\/","og_locale":"pt_BR","og_type":"article","og_title":"Xi realiza conversa\u00e7\u00f5es com presidente colombiano, elevando os la\u00e7os para parceria estrat\u00e9gica - Xinhua - Diario de Pernambuco","og_description":"Beijing &#8211; O presidente chin\u00eas, Xi Jinping, realizou conversa\u00e7\u00f5es com o presidente colombiano, Gustavo Francisco Petro Urrego, que se encontra em visita de Estado \u00e0 China, em Beijing, na quarta-feira. Os dois chefes de Estado anunciaram a eleva\u00e7\u00e3o das rela\u00e7\u00f5es...","og_url":"https:\/\/diariodepe.com.br\/xinhua\/2023\/10\/26\/xi-realiza-conversacoes-com-presidente-colombiano-elevando-os-lacos-para-parceria-estrategica\/","og_site_name":"Xinhua - Diario de Pernambuco","article_published_time":"2023-10-26T20:01:00+00:00","og_image":[{"width":1017,"height":786,"url":"https:\/\/diariodepe.com.br\/xinhua\/wp-content\/uploads\/sites\/3\/2023\/10\/5599bd55f1a24504b2412bdacd05ed6d.png","type":"image\/png"}],"author":"Marcelo Oliveira de A. Maranhao","twitter_card":"summary_large_image","twitter_misc":{"Escrito por":"Marcelo Oliveira de A. Maranhao","Est. tempo de leitura":"4 minutos"},"schema":{"@context":"https:\/\/schema.org","@graph":[{"@type":"Article","@id":"https:\/\/diariodepe.com.br\/xinhua\/2023\/10\/26\/xi-realiza-conversacoes-com-presidente-colombiano-elevando-os-lacos-para-parceria-estrategica\/#article","isPartOf":{"@id":"https:\/\/diariodepe.com.br\/xinhua\/2023\/10\/26\/xi-realiza-conversacoes-com-presidente-colombiano-elevando-os-lacos-para-parceria-estrategica\/"},"author":{"name":"Marcelo Oliveira de A. Maranhao","@id":"https:\/\/diariodepe.com.br\/xinhua\/#\/schema\/person\/0943d6fd02bdc7b49c8f495e8787a2cb"},"headline":"Xi realiza conversa\u00e7\u00f5es com presidente colombiano, elevando os la\u00e7os para parceria estrat\u00e9gica","datePublished":"2023-10-26T20:01:00+00:00","mainEntityOfPage":{"@id":"https:\/\/diariodepe.com.br\/xinhua\/2023\/10\/26\/xi-realiza-conversacoes-com-presidente-colombiano-elevando-os-lacos-para-parceria-estrategica\/"},"wordCount":733,"commentCount":0,"publisher":{"@id":"https:\/\/diariodepe.com.br\/xinhua\/#organization"},"image":{"@id":"https:\/\/diariodepe.com.br\/xinhua\/2023\/10\/26\/xi-realiza-conversacoes-com-presidente-colombiano-elevando-os-lacos-para-parceria-estrategica\/#primaryimage"},"thumbnailUrl":"https:\/\/diariodepe.com.br\/xinhua\/wp-content\/uploads\/sites\/3\/2023\/10\/5599bd55f1a24504b2412bdacd05ed6d.png","articleSection":["Internacional"],"inLanguage":"pt-BR","potentialAction":[{"@type":"CommentAction","name":"Comment","target":["https:\/\/diariodepe.com.br\/xinhua\/2023\/10\/26\/xi-realiza-conversacoes-com-presidente-colombiano-elevando-os-lacos-para-parceria-estrategica\/#respond"]}]},{"@type":"WebPage","@id":"https:\/\/diariodepe.com.br\/xinhua\/2023\/10\/26\/xi-realiza-conversacoes-com-presidente-colombiano-elevando-os-lacos-para-parceria-estrategica\/","url":"https:\/\/diariodepe.com.br\/xinhua\/2023\/10\/26\/xi-realiza-conversacoes-com-presidente-colombiano-elevando-os-lacos-para-parceria-estrategica\/","name":"Xi realiza conversa\u00e7\u00f5es com presidente colombiano, elevando os la\u00e7os para parceria estrat\u00e9gica - Xinhua - Diario de Pernambuco","isPartOf":{"@id":"https:\/\/diariodepe.com.br\/xinhua\/#website"},"primaryImageOfPage":{"@id":"https:\/\/diariodepe.com.br\/xinhua\/2023\/10\/26\/xi-realiza-conversacoes-com-presidente-colombiano-elevando-os-lacos-para-parceria-estrategica\/#primaryimage"},"image":{"@id":"https:\/\/diariodepe.com.br\/xinhua\/2023\/10\/26\/xi-realiza-conversacoes-com-presidente-colombiano-elevando-os-lacos-para-parceria-estrategica\/#primaryimage"},"thumbnailUrl":"https:\/\/diariodepe.com.br\/xinhua\/wp-content\/uploads\/sites\/3\/2023\/10\/5599bd55f1a24504b2412bdacd05ed6d.png","datePublished":"2023-10-26T20:01:00+00:00","breadcrumb":{"@id":"https:\/\/diariodepe.com.br\/xinhua\/2023\/10\/26\/xi-realiza-conversacoes-com-presidente-colombiano-elevando-os-lacos-para-parceria-estrategica\/#breadcrumb"},"inLanguage":"pt-BR","potentialAction":[{"@type":"ReadAction","target":["https:\/\/diariodepe.com.br\/xinhua\/2023\/10\/26\/xi-realiza-conversacoes-com-presidente-colombiano-elevando-os-lacos-para-parceria-estrategica\/"]}]},{"@type":"ImageObject","inLanguage":"pt-BR","@id":"https:\/\/diariodepe.com.br\/xinhua\/2023\/10\/26\/xi-realiza-conversacoes-com-presidente-colombiano-elevando-os-lacos-para-parceria-estrategica\/#primaryimage","url":"https:\/\/diariodepe.com.br\/xinhua\/wp-content\/uploads\/sites\/3\/2023\/10\/5599bd55f1a24504b2412bdacd05ed6d.png","contentUrl":"https:\/\/diariodepe.com.br\/xinhua\/wp-content\/uploads\/sites\/3\/2023\/10\/5599bd55f1a24504b2412bdacd05ed6d.png","width":1017,"height":786},{"@type":"BreadcrumbList","@id":"https:\/\/diariodepe.com.br\/xinhua\/2023\/10\/26\/xi-realiza-conversacoes-com-presidente-colombiano-elevando-os-lacos-para-parceria-estrategica\/#breadcrumb","itemListElement":[{"@type":"ListItem","position":1,"name":"In\u00edcio","item":"https:\/\/diariodepe.com.br\/xinhua\/"},{"@type":"ListItem","position":2,"name":"Xi realiza conversa\u00e7\u00f5es com presidente colombiano, elevando os la\u00e7os para parceria estrat\u00e9gica"}]},{"@type":"WebSite","@id":"https:\/\/diariodepe.com.br\/xinhua\/#website","url":"https:\/\/diariodepe.com.br\/xinhua\/","name":"Xinhua - Diario de Pernambuco","description":"A maior ag\u00eancia de not\u00edcias da China e um dos principais canais para conhecer o pa\u00eds","publisher":{"@id":"https:\/\/diariodepe.com.br\/xinhua\/#organization"},"potentialAction":[{"@type":"SearchAction","target":{"@type":"EntryPoint","urlTemplate":"https:\/\/diariodepe.com.br\/xinhua\/?s={search_term_string}"},"query-input":{"@type":"PropertyValueSpecification","valueRequired":true,"valueName":"search_term_string"}}],"inLanguage":"pt-BR"},{"@type":"Organization","@id":"https:\/\/diariodepe.com.br\/xinhua\/#organization","name":"Xinhua - Diario de Pernambuco","url":"https:\/\/diariodepe.com.br\/xinhua\/","logo":{"@type":"ImageObject","inLanguage":"pt-BR","@id":"https:\/\/diariodepe.com.br\/xinhua\/#\/schema\/logo\/image\/","url":"https:\/\/diariodepe.com.br\/xinhua\/wp-content\/uploads\/sites\/3\/2020\/10\/cropped-logo-transparente-2.png","contentUrl":"https:\/\/diariodepe.com.br\/xinhua\/wp-content\/uploads\/sites\/3\/2020\/10\/cropped-logo-transparente-2.png","width":512,"height":164,"caption":"Xinhua - Diario de Pernambuco"},"image":{"@id":"https:\/\/diariodepe.com.br\/xinhua\/#\/schema\/logo\/image\/"}},{"@type":"Person","@id":"https:\/\/diariodepe.com.br\/xinhua\/#\/schema\/person\/0943d6fd02bdc7b49c8f495e8787a2cb","name":"Marcelo Oliveira de A. Maranhao","image":{"@type":"ImageObject","inLanguage":"pt-BR","@id":"https:\/\/secure.gravatar.com\/avatar\/f562caee940d39879c20e90eea3e4b21860c7d4c96684c23141c554824f0059c?s=96&d=mm&r=g","url":"https:\/\/secure.gravatar.com\/avatar\/f562caee940d39879c20e90eea3e4b21860c7d4c96684c23141c554824f0059c?s=96&d=mm&r=g","contentUrl":"https:\/\/secure.gravatar.com\/avatar\/f562caee940d39879c20e90eea3e4b21860c7d4c96684c23141c554824f0059c?s=96&d=mm&r=g","caption":"Marcelo Oliveira de A. Maranhao"},"url":"https:\/\/diariodepe.com.br\/xinhua\/author\/marcelo-maranhao\/"}]}},"cc_featured_image_caption":{"caption_text":"","source_text":"","source_url":""},"amp_enabled":true,"_links":{"self":[{"href":"https:\/\/diariodepe.com.br\/xinhua\/wp-json\/wp\/v2\/posts\/16060","targetHints":{"allow":["GET"]}}],"collection":[{"href":"https:\/\/diariodepe.com.br\/xinhua\/wp-json\/wp\/v2\/posts"}],"about":[{"href":"https:\/\/diariodepe.com.br\/xinhua\/wp-json\/wp\/v2\/types\/post"}],"author":[{"embeddable":true,"href":"https:\/\/diariodepe.com.br\/xinhua\/wp-json\/wp\/v2\/users\/3"}],"replies":[{"embeddable":true,"href":"https:\/\/diariodepe.com.br\/xinhua\/wp-json\/wp\/v2\/comments?post=16060"}],"version-history":[{"count":1,"href":"https:\/\/diariodepe.com.br\/xinhua\/wp-json\/wp\/v2\/posts\/16060\/revisions"}],"predecessor-version":[{"id":16062,"href":"https:\/\/diariodepe.com.br\/xinhua\/wp-json\/wp\/v2\/posts\/16060\/revisions\/16062"}],"wp:featuredmedia":[{"embeddable":true,"href":"https:\/\/diariodepe.com.br\/xinhua\/wp-json\/wp\/v2\/media\/16061"}],"wp:attachment":[{"href":"https:\/\/diariodepe.com.br\/xinhua\/wp-json\/wp\/v2\/media?parent=16060"}],"wp:term":[{"taxonomy":"category","embeddable":true,"href":"https:\/\/diariodepe.com.br\/xinhua\/wp-json\/wp\/v2\/categories?post=16060"},{"taxonomy":"post_tag","embeddable":true,"href":"https:\/\/diariodepe.com.br\/xinhua\/wp-json\/wp\/v2\/tags?post=16060"}],"curies":[{"name":"wp","href":"https:\/\/api.w.org\/{rel}","templated":true}]}}