{"id":15417,"date":"2023-09-21T18:01:00","date_gmt":"2023-09-21T21:01:00","guid":{"rendered":"https:\/\/www.diariodepe.com.br\/xinhua\/?p=15417"},"modified":"2023-09-21T14:14:34","modified_gmt":"2023-09-21T17:14:34","slug":"vice-presidente-chines-pede-que-china-e-eua-fortalecam-a-comunicacao-e-abordem-adequadamente-as-diferencas","status":"publish","type":"post","link":"https:\/\/diariodepe.com.br\/xinhua\/2023\/09\/21\/vice-presidente-chines-pede-que-china-e-eua-fortalecam-a-comunicacao-e-abordem-adequadamente-as-diferencas\/","title":{"rendered":"Vice-presidente chin\u00eas pede que China e EUA fortale\u00e7am a comunica\u00e7\u00e3o e abordem adequadamente as diferen\u00e7as"},"content":{"rendered":"\n<p>Na\u00e7\u00f5es Unidas &#8211; A China e os Estados Unidos devem fortalecer a comunica\u00e7\u00e3o e abordar adequadamente as diferen\u00e7as conforme os tr\u00eas princ\u00edpios de respeito m\u00fatuo, coexist\u00eancia pac\u00edfica e coopera\u00e7\u00e3o de benef\u00edcio m\u00fatuo apresentados pelo presidente chin\u00eas, Xi Jinping, disse Han Zheng, vice-presidente chin\u00eas, nesta quarta-feira.<\/p>\n\n\n\n<p>Han fez as observa\u00e7\u00f5es ao se reunir com l\u00edderes de grupos amigos, think tanks e pessoas de todas as esferas da vida dos EUA, \u00e0 margem da Assembleia Geral da ONU, em Nova York.<\/p>\n\n\n\n<p>A China e os Estados Unidos devem implementar o importante consenso alcan\u00e7ado pelos dois chefes de Estado em Bali, na Indon\u00e9sia, disse Han, que tamb\u00e9m apelou aos participantes norte-americanos na reuni\u00e3o para desempenharem um papel ativo na promo\u00e7\u00e3o da coopera\u00e7\u00e3o sino-norte-americana em \u00e1reas como economia, com\u00e9rcio e interc\u00e2mbios interpessoais, de modo a impulsionar o desenvolvimento saud\u00e1vel e est\u00e1vel das rela\u00e7\u00f5es entre os dois pa\u00edses.<\/p>\n\n\n\n<p>Atualmente, a economia chinesa se recupera e transita de um crescimento r\u00e1pido para um desenvolvimento de alta qualidade. A China presta grande aten\u00e7\u00e3o ao crescimento do volume econ\u00f4mico e uma aten\u00e7\u00e3o ainda maior ao aumento da qualidade e efici\u00eancia de seu crescimento econ\u00f4mico, ressaltou Han.<\/p>\n\n\n\n<p>A China seguir\u00e1 inabalavelmente a abertura de alto n\u00edvel, buscar\u00e1 uma coopera\u00e7\u00e3o de benef\u00edcio m\u00fatuo com outros pa\u00edses e fornecer\u00e1 uma for\u00e7a motriz constante para a recupera\u00e7\u00e3o e o crescimento econ\u00f4mico do mundo, ao mesmo tempo que oferecer\u00e1 oportunidades de coopera\u00e7\u00e3o mutuamente ben\u00e9ficas para investidores mundiais, assinalou Han.<\/p>\n\n\n\n<p>Elogiando a busca da China por um desenvolvimento verde, de baixo carbono e sustent\u00e1vel, os participantes do lado norte-americano esperam que os Estados Unidos e a China mantenham contato e interc\u00e2mbio interpessoal em todos os n\u00edveis e promovam o desenvolvimento constante das rela\u00e7\u00f5es EUA-China, acrescentando que est\u00e3o dispostos a continuar trabalhando nesse sentido.&nbsp;<\/p>\n","protected":false},"excerpt":{"rendered":"<p>Na\u00e7\u00f5es Unidas &#8211; A China e os Estados Unidos devem fortalecer a comunica\u00e7\u00e3o e abordar adequadamente as diferen\u00e7as conforme os tr\u00eas princ\u00edpios de respeito m\u00fatuo, coexist\u00eancia pac\u00edfica e coopera\u00e7\u00e3o de benef\u00edcio m\u00fatuo apresentados pelo presidente chin\u00eas, Xi Jinping, disse Han&#8230;<\/p>\n","protected":false},"author":3,"featured_media":15418,"comment_status":"open","ping_status":"open","sticky":false,"template":"","format":"standard","meta":{"footnotes":""},"categories":[4],"tags":[],"class_list":["post-15417","post","type-post","status-publish","format-standard","has-post-thumbnail","hentry","category-internacional"],"yoast_head":"<!-- This site is optimized with the Yoast SEO plugin v27.4 - https:\/\/yoast.com\/product\/yoast-seo-wordpress\/ -->\n<title>Vice-presidente chin\u00eas pede que China e EUA fortale\u00e7am a comunica\u00e7\u00e3o e abordem adequadamente as diferen\u00e7as - Xinhua - Diario de Pernambuco<\/title>\n<meta name=\"robots\" content=\"index, follow, max-snippet:-1, max-image-preview:large, max-video-preview:-1\" \/>\n<link rel=\"canonical\" href=\"https:\/\/diariodepe.com.br\/xinhua\/2023\/09\/21\/vice-presidente-chines-pede-que-china-e-eua-fortalecam-a-comunicacao-e-abordem-adequadamente-as-diferencas\/\" \/>\n<meta property=\"og:locale\" content=\"pt_BR\" \/>\n<meta property=\"og:type\" content=\"article\" \/>\n<meta property=\"og:title\" content=\"Vice-presidente chin\u00eas pede que China e EUA fortale\u00e7am a comunica\u00e7\u00e3o e abordem adequadamente as diferen\u00e7as - Xinhua - Diario de Pernambuco\" \/>\n<meta property=\"og:description\" content=\"Na\u00e7\u00f5es Unidas &#8211; A China e os Estados Unidos devem fortalecer a comunica\u00e7\u00e3o e abordar adequadamente as diferen\u00e7as conforme os tr\u00eas princ\u00edpios de respeito m\u00fatuo, coexist\u00eancia pac\u00edfica e coopera\u00e7\u00e3o de benef\u00edcio m\u00fatuo apresentados pelo presidente chin\u00eas, Xi Jinping, disse Han...\" \/>\n<meta property=\"og:url\" content=\"https:\/\/diariodepe.com.br\/xinhua\/2023\/09\/21\/vice-presidente-chines-pede-que-china-e-eua-fortalecam-a-comunicacao-e-abordem-adequadamente-as-diferencas\/\" \/>\n<meta property=\"og:site_name\" content=\"Xinhua - Diario de Pernambuco\" \/>\n<meta property=\"article:published_time\" content=\"2023-09-21T21:01:00+00:00\" \/>\n<meta property=\"og:image\" content=\"https:\/\/diariodepe.com.br\/xinhua\/wp-content\/uploads\/sites\/3\/2023\/09\/678d6cdbd2c045baa9052979a480cfeb-1.png\" \/>\n\t<meta property=\"og:image:width\" content=\"1020\" \/>\n\t<meta property=\"og:image:height\" content=\"754\" \/>\n\t<meta property=\"og:image:type\" content=\"image\/png\" \/>\n<meta name=\"author\" content=\"Marcelo Oliveira de A. Maranhao\" \/>\n<meta name=\"twitter:card\" content=\"summary_large_image\" \/>\n<meta name=\"twitter:label1\" content=\"Escrito por\" \/>\n\t<meta name=\"twitter:data1\" content=\"Marcelo Oliveira de A. Maranhao\" \/>\n\t<meta name=\"twitter:label2\" content=\"Est. tempo de leitura\" \/>\n\t<meta name=\"twitter:data2\" content=\"2 minutos\" \/>\n<script type=\"application\/ld+json\" class=\"yoast-schema-graph\">{\"@context\":\"https:\\\/\\\/schema.org\",\"@graph\":[{\"@type\":\"Article\",\"@id\":\"https:\\\/\\\/diariodepe.com.br\\\/xinhua\\\/2023\\\/09\\\/21\\\/vice-presidente-chines-pede-que-china-e-eua-fortalecam-a-comunicacao-e-abordem-adequadamente-as-diferencas\\\/#article\",\"isPartOf\":{\"@id\":\"https:\\\/\\\/diariodepe.com.br\\\/xinhua\\\/2023\\\/09\\\/21\\\/vice-presidente-chines-pede-que-china-e-eua-fortalecam-a-comunicacao-e-abordem-adequadamente-as-diferencas\\\/\"},\"author\":{\"name\":\"Marcelo Oliveira de A. Maranhao\",\"@id\":\"https:\\\/\\\/diariodepe.com.br\\\/xinhua\\\/#\\\/schema\\\/person\\\/0943d6fd02bdc7b49c8f495e8787a2cb\"},\"headline\":\"Vice-presidente chin\u00eas pede que China e EUA fortale\u00e7am a comunica\u00e7\u00e3o e abordem adequadamente as diferen\u00e7as\",\"datePublished\":\"2023-09-21T21:01:00+00:00\",\"mainEntityOfPage\":{\"@id\":\"https:\\\/\\\/diariodepe.com.br\\\/xinhua\\\/2023\\\/09\\\/21\\\/vice-presidente-chines-pede-que-china-e-eua-fortalecam-a-comunicacao-e-abordem-adequadamente-as-diferencas\\\/\"},\"wordCount\":356,\"commentCount\":0,\"publisher\":{\"@id\":\"https:\\\/\\\/diariodepe.com.br\\\/xinhua\\\/#organization\"},\"image\":{\"@id\":\"https:\\\/\\\/diariodepe.com.br\\\/xinhua\\\/2023\\\/09\\\/21\\\/vice-presidente-chines-pede-que-china-e-eua-fortalecam-a-comunicacao-e-abordem-adequadamente-as-diferencas\\\/#primaryimage\"},\"thumbnailUrl\":\"https:\\\/\\\/diariodepe.com.br\\\/xinhua\\\/wp-content\\\/uploads\\\/sites\\\/3\\\/2023\\\/09\\\/678d6cdbd2c045baa9052979a480cfeb-1.png\",\"articleSection\":[\"Internacional\"],\"inLanguage\":\"pt-BR\",\"potentialAction\":[{\"@type\":\"CommentAction\",\"name\":\"Comment\",\"target\":[\"https:\\\/\\\/diariodepe.com.br\\\/xinhua\\\/2023\\\/09\\\/21\\\/vice-presidente-chines-pede-que-china-e-eua-fortalecam-a-comunicacao-e-abordem-adequadamente-as-diferencas\\\/#respond\"]}]},{\"@type\":\"WebPage\",\"@id\":\"https:\\\/\\\/diariodepe.com.br\\\/xinhua\\\/2023\\\/09\\\/21\\\/vice-presidente-chines-pede-que-china-e-eua-fortalecam-a-comunicacao-e-abordem-adequadamente-as-diferencas\\\/\",\"url\":\"https:\\\/\\\/diariodepe.com.br\\\/xinhua\\\/2023\\\/09\\\/21\\\/vice-presidente-chines-pede-que-china-e-eua-fortalecam-a-comunicacao-e-abordem-adequadamente-as-diferencas\\\/\",\"name\":\"Vice-presidente chin\u00eas pede que China e EUA fortale\u00e7am a comunica\u00e7\u00e3o e abordem adequadamente as diferen\u00e7as - Xinhua - Diario de Pernambuco\",\"isPartOf\":{\"@id\":\"https:\\\/\\\/diariodepe.com.br\\\/xinhua\\\/#website\"},\"primaryImageOfPage\":{\"@id\":\"https:\\\/\\\/diariodepe.com.br\\\/xinhua\\\/2023\\\/09\\\/21\\\/vice-presidente-chines-pede-que-china-e-eua-fortalecam-a-comunicacao-e-abordem-adequadamente-as-diferencas\\\/#primaryimage\"},\"image\":{\"@id\":\"https:\\\/\\\/diariodepe.com.br\\\/xinhua\\\/2023\\\/09\\\/21\\\/vice-presidente-chines-pede-que-china-e-eua-fortalecam-a-comunicacao-e-abordem-adequadamente-as-diferencas\\\/#primaryimage\"},\"thumbnailUrl\":\"https:\\\/\\\/diariodepe.com.br\\\/xinhua\\\/wp-content\\\/uploads\\\/sites\\\/3\\\/2023\\\/09\\\/678d6cdbd2c045baa9052979a480cfeb-1.png\",\"datePublished\":\"2023-09-21T21:01:00+00:00\",\"breadcrumb\":{\"@id\":\"https:\\\/\\\/diariodepe.com.br\\\/xinhua\\\/2023\\\/09\\\/21\\\/vice-presidente-chines-pede-que-china-e-eua-fortalecam-a-comunicacao-e-abordem-adequadamente-as-diferencas\\\/#breadcrumb\"},\"inLanguage\":\"pt-BR\",\"potentialAction\":[{\"@type\":\"ReadAction\",\"target\":[\"https:\\\/\\\/diariodepe.com.br\\\/xinhua\\\/2023\\\/09\\\/21\\\/vice-presidente-chines-pede-que-china-e-eua-fortalecam-a-comunicacao-e-abordem-adequadamente-as-diferencas\\\/\"]}]},{\"@type\":\"ImageObject\",\"inLanguage\":\"pt-BR\",\"@id\":\"https:\\\/\\\/diariodepe.com.br\\\/xinhua\\\/2023\\\/09\\\/21\\\/vice-presidente-chines-pede-que-china-e-eua-fortalecam-a-comunicacao-e-abordem-adequadamente-as-diferencas\\\/#primaryimage\",\"url\":\"https:\\\/\\\/diariodepe.com.br\\\/xinhua\\\/wp-content\\\/uploads\\\/sites\\\/3\\\/2023\\\/09\\\/678d6cdbd2c045baa9052979a480cfeb-1.png\",\"contentUrl\":\"https:\\\/\\\/diariodepe.com.br\\\/xinhua\\\/wp-content\\\/uploads\\\/sites\\\/3\\\/2023\\\/09\\\/678d6cdbd2c045baa9052979a480cfeb-1.png\",\"width\":1020,\"height\":754},{\"@type\":\"BreadcrumbList\",\"@id\":\"https:\\\/\\\/diariodepe.com.br\\\/xinhua\\\/2023\\\/09\\\/21\\\/vice-presidente-chines-pede-que-china-e-eua-fortalecam-a-comunicacao-e-abordem-adequadamente-as-diferencas\\\/#breadcrumb\",\"itemListElement\":[{\"@type\":\"ListItem\",\"position\":1,\"name\":\"In\u00edcio\",\"item\":\"https:\\\/\\\/diariodepe.com.br\\\/xinhua\\\/\"},{\"@type\":\"ListItem\",\"position\":2,\"name\":\"Vice-presidente chin\u00eas pede que China e EUA fortale\u00e7am a comunica\u00e7\u00e3o e abordem adequadamente as diferen\u00e7as\"}]},{\"@type\":\"WebSite\",\"@id\":\"https:\\\/\\\/diariodepe.com.br\\\/xinhua\\\/#website\",\"url\":\"https:\\\/\\\/diariodepe.com.br\\\/xinhua\\\/\",\"name\":\"Xinhua - Diario de Pernambuco\",\"description\":\"A maior ag\u00eancia de not\u00edcias da China e um dos principais canais para conhecer o pa\u00eds\",\"publisher\":{\"@id\":\"https:\\\/\\\/diariodepe.com.br\\\/xinhua\\\/#organization\"},\"potentialAction\":[{\"@type\":\"SearchAction\",\"target\":{\"@type\":\"EntryPoint\",\"urlTemplate\":\"https:\\\/\\\/diariodepe.com.br\\\/xinhua\\\/?s={search_term_string}\"},\"query-input\":{\"@type\":\"PropertyValueSpecification\",\"valueRequired\":true,\"valueName\":\"search_term_string\"}}],\"inLanguage\":\"pt-BR\"},{\"@type\":\"Organization\",\"@id\":\"https:\\\/\\\/diariodepe.com.br\\\/xinhua\\\/#organization\",\"name\":\"Xinhua - Diario de Pernambuco\",\"url\":\"https:\\\/\\\/diariodepe.com.br\\\/xinhua\\\/\",\"logo\":{\"@type\":\"ImageObject\",\"inLanguage\":\"pt-BR\",\"@id\":\"https:\\\/\\\/diariodepe.com.br\\\/xinhua\\\/#\\\/schema\\\/logo\\\/image\\\/\",\"url\":\"https:\\\/\\\/diariodepe.com.br\\\/xinhua\\\/wp-content\\\/uploads\\\/sites\\\/3\\\/2020\\\/10\\\/cropped-logo-transparente-2.png\",\"contentUrl\":\"https:\\\/\\\/diariodepe.com.br\\\/xinhua\\\/wp-content\\\/uploads\\\/sites\\\/3\\\/2020\\\/10\\\/cropped-logo-transparente-2.png\",\"width\":512,\"height\":164,\"caption\":\"Xinhua - Diario de Pernambuco\"},\"image\":{\"@id\":\"https:\\\/\\\/diariodepe.com.br\\\/xinhua\\\/#\\\/schema\\\/logo\\\/image\\\/\"}},{\"@type\":\"Person\",\"@id\":\"https:\\\/\\\/diariodepe.com.br\\\/xinhua\\\/#\\\/schema\\\/person\\\/0943d6fd02bdc7b49c8f495e8787a2cb\",\"name\":\"Marcelo Oliveira de A. Maranhao\",\"image\":{\"@type\":\"ImageObject\",\"inLanguage\":\"pt-BR\",\"@id\":\"https:\\\/\\\/secure.gravatar.com\\\/avatar\\\/f562caee940d39879c20e90eea3e4b21860c7d4c96684c23141c554824f0059c?s=96&d=mm&r=g\",\"url\":\"https:\\\/\\\/secure.gravatar.com\\\/avatar\\\/f562caee940d39879c20e90eea3e4b21860c7d4c96684c23141c554824f0059c?s=96&d=mm&r=g\",\"contentUrl\":\"https:\\\/\\\/secure.gravatar.com\\\/avatar\\\/f562caee940d39879c20e90eea3e4b21860c7d4c96684c23141c554824f0059c?s=96&d=mm&r=g\",\"caption\":\"Marcelo Oliveira de A. Maranhao\"},\"url\":\"https:\\\/\\\/diariodepe.com.br\\\/xinhua\\\/author\\\/marcelo-maranhao\\\/\"}]}<\/script>\n<!-- \/ Yoast SEO plugin. -->","yoast_head_json":{"title":"Vice-presidente chin\u00eas pede que China e EUA fortale\u00e7am a comunica\u00e7\u00e3o e abordem adequadamente as diferen\u00e7as - Xinhua - Diario de Pernambuco","robots":{"index":"index","follow":"follow","max-snippet":"max-snippet:-1","max-image-preview":"max-image-preview:large","max-video-preview":"max-video-preview:-1"},"canonical":"https:\/\/diariodepe.com.br\/xinhua\/2023\/09\/21\/vice-presidente-chines-pede-que-china-e-eua-fortalecam-a-comunicacao-e-abordem-adequadamente-as-diferencas\/","og_locale":"pt_BR","og_type":"article","og_title":"Vice-presidente chin\u00eas pede que China e EUA fortale\u00e7am a comunica\u00e7\u00e3o e abordem adequadamente as diferen\u00e7as - Xinhua - Diario de Pernambuco","og_description":"Na\u00e7\u00f5es Unidas &#8211; A China e os Estados Unidos devem fortalecer a comunica\u00e7\u00e3o e abordar adequadamente as diferen\u00e7as conforme os tr\u00eas princ\u00edpios de respeito m\u00fatuo, coexist\u00eancia pac\u00edfica e coopera\u00e7\u00e3o de benef\u00edcio m\u00fatuo apresentados pelo presidente chin\u00eas, Xi Jinping, disse Han...","og_url":"https:\/\/diariodepe.com.br\/xinhua\/2023\/09\/21\/vice-presidente-chines-pede-que-china-e-eua-fortalecam-a-comunicacao-e-abordem-adequadamente-as-diferencas\/","og_site_name":"Xinhua - Diario de Pernambuco","article_published_time":"2023-09-21T21:01:00+00:00","og_image":[{"width":1020,"height":754,"url":"https:\/\/diariodepe.com.br\/xinhua\/wp-content\/uploads\/sites\/3\/2023\/09\/678d6cdbd2c045baa9052979a480cfeb-1.png","type":"image\/png"}],"author":"Marcelo Oliveira de A. Maranhao","twitter_card":"summary_large_image","twitter_misc":{"Escrito por":"Marcelo Oliveira de A. Maranhao","Est. tempo de leitura":"2 minutos"},"schema":{"@context":"https:\/\/schema.org","@graph":[{"@type":"Article","@id":"https:\/\/diariodepe.com.br\/xinhua\/2023\/09\/21\/vice-presidente-chines-pede-que-china-e-eua-fortalecam-a-comunicacao-e-abordem-adequadamente-as-diferencas\/#article","isPartOf":{"@id":"https:\/\/diariodepe.com.br\/xinhua\/2023\/09\/21\/vice-presidente-chines-pede-que-china-e-eua-fortalecam-a-comunicacao-e-abordem-adequadamente-as-diferencas\/"},"author":{"name":"Marcelo Oliveira de A. Maranhao","@id":"https:\/\/diariodepe.com.br\/xinhua\/#\/schema\/person\/0943d6fd02bdc7b49c8f495e8787a2cb"},"headline":"Vice-presidente chin\u00eas pede que China e EUA fortale\u00e7am a comunica\u00e7\u00e3o e abordem adequadamente as diferen\u00e7as","datePublished":"2023-09-21T21:01:00+00:00","mainEntityOfPage":{"@id":"https:\/\/diariodepe.com.br\/xinhua\/2023\/09\/21\/vice-presidente-chines-pede-que-china-e-eua-fortalecam-a-comunicacao-e-abordem-adequadamente-as-diferencas\/"},"wordCount":356,"commentCount":0,"publisher":{"@id":"https:\/\/diariodepe.com.br\/xinhua\/#organization"},"image":{"@id":"https:\/\/diariodepe.com.br\/xinhua\/2023\/09\/21\/vice-presidente-chines-pede-que-china-e-eua-fortalecam-a-comunicacao-e-abordem-adequadamente-as-diferencas\/#primaryimage"},"thumbnailUrl":"https:\/\/diariodepe.com.br\/xinhua\/wp-content\/uploads\/sites\/3\/2023\/09\/678d6cdbd2c045baa9052979a480cfeb-1.png","articleSection":["Internacional"],"inLanguage":"pt-BR","potentialAction":[{"@type":"CommentAction","name":"Comment","target":["https:\/\/diariodepe.com.br\/xinhua\/2023\/09\/21\/vice-presidente-chines-pede-que-china-e-eua-fortalecam-a-comunicacao-e-abordem-adequadamente-as-diferencas\/#respond"]}]},{"@type":"WebPage","@id":"https:\/\/diariodepe.com.br\/xinhua\/2023\/09\/21\/vice-presidente-chines-pede-que-china-e-eua-fortalecam-a-comunicacao-e-abordem-adequadamente-as-diferencas\/","url":"https:\/\/diariodepe.com.br\/xinhua\/2023\/09\/21\/vice-presidente-chines-pede-que-china-e-eua-fortalecam-a-comunicacao-e-abordem-adequadamente-as-diferencas\/","name":"Vice-presidente chin\u00eas pede que China e EUA fortale\u00e7am a comunica\u00e7\u00e3o e abordem adequadamente as diferen\u00e7as - Xinhua - Diario de Pernambuco","isPartOf":{"@id":"https:\/\/diariodepe.com.br\/xinhua\/#website"},"primaryImageOfPage":{"@id":"https:\/\/diariodepe.com.br\/xinhua\/2023\/09\/21\/vice-presidente-chines-pede-que-china-e-eua-fortalecam-a-comunicacao-e-abordem-adequadamente-as-diferencas\/#primaryimage"},"image":{"@id":"https:\/\/diariodepe.com.br\/xinhua\/2023\/09\/21\/vice-presidente-chines-pede-que-china-e-eua-fortalecam-a-comunicacao-e-abordem-adequadamente-as-diferencas\/#primaryimage"},"thumbnailUrl":"https:\/\/diariodepe.com.br\/xinhua\/wp-content\/uploads\/sites\/3\/2023\/09\/678d6cdbd2c045baa9052979a480cfeb-1.png","datePublished":"2023-09-21T21:01:00+00:00","breadcrumb":{"@id":"https:\/\/diariodepe.com.br\/xinhua\/2023\/09\/21\/vice-presidente-chines-pede-que-china-e-eua-fortalecam-a-comunicacao-e-abordem-adequadamente-as-diferencas\/#breadcrumb"},"inLanguage":"pt-BR","potentialAction":[{"@type":"ReadAction","target":["https:\/\/diariodepe.com.br\/xinhua\/2023\/09\/21\/vice-presidente-chines-pede-que-china-e-eua-fortalecam-a-comunicacao-e-abordem-adequadamente-as-diferencas\/"]}]},{"@type":"ImageObject","inLanguage":"pt-BR","@id":"https:\/\/diariodepe.com.br\/xinhua\/2023\/09\/21\/vice-presidente-chines-pede-que-china-e-eua-fortalecam-a-comunicacao-e-abordem-adequadamente-as-diferencas\/#primaryimage","url":"https:\/\/diariodepe.com.br\/xinhua\/wp-content\/uploads\/sites\/3\/2023\/09\/678d6cdbd2c045baa9052979a480cfeb-1.png","contentUrl":"https:\/\/diariodepe.com.br\/xinhua\/wp-content\/uploads\/sites\/3\/2023\/09\/678d6cdbd2c045baa9052979a480cfeb-1.png","width":1020,"height":754},{"@type":"BreadcrumbList","@id":"https:\/\/diariodepe.com.br\/xinhua\/2023\/09\/21\/vice-presidente-chines-pede-que-china-e-eua-fortalecam-a-comunicacao-e-abordem-adequadamente-as-diferencas\/#breadcrumb","itemListElement":[{"@type":"ListItem","position":1,"name":"In\u00edcio","item":"https:\/\/diariodepe.com.br\/xinhua\/"},{"@type":"ListItem","position":2,"name":"Vice-presidente chin\u00eas pede que China e EUA fortale\u00e7am a comunica\u00e7\u00e3o e abordem adequadamente as diferen\u00e7as"}]},{"@type":"WebSite","@id":"https:\/\/diariodepe.com.br\/xinhua\/#website","url":"https:\/\/diariodepe.com.br\/xinhua\/","name":"Xinhua - Diario de Pernambuco","description":"A maior ag\u00eancia de not\u00edcias da China e um dos principais canais para conhecer o pa\u00eds","publisher":{"@id":"https:\/\/diariodepe.com.br\/xinhua\/#organization"},"potentialAction":[{"@type":"SearchAction","target":{"@type":"EntryPoint","urlTemplate":"https:\/\/diariodepe.com.br\/xinhua\/?s={search_term_string}"},"query-input":{"@type":"PropertyValueSpecification","valueRequired":true,"valueName":"search_term_string"}}],"inLanguage":"pt-BR"},{"@type":"Organization","@id":"https:\/\/diariodepe.com.br\/xinhua\/#organization","name":"Xinhua - Diario de Pernambuco","url":"https:\/\/diariodepe.com.br\/xinhua\/","logo":{"@type":"ImageObject","inLanguage":"pt-BR","@id":"https:\/\/diariodepe.com.br\/xinhua\/#\/schema\/logo\/image\/","url":"https:\/\/diariodepe.com.br\/xinhua\/wp-content\/uploads\/sites\/3\/2020\/10\/cropped-logo-transparente-2.png","contentUrl":"https:\/\/diariodepe.com.br\/xinhua\/wp-content\/uploads\/sites\/3\/2020\/10\/cropped-logo-transparente-2.png","width":512,"height":164,"caption":"Xinhua - Diario de Pernambuco"},"image":{"@id":"https:\/\/diariodepe.com.br\/xinhua\/#\/schema\/logo\/image\/"}},{"@type":"Person","@id":"https:\/\/diariodepe.com.br\/xinhua\/#\/schema\/person\/0943d6fd02bdc7b49c8f495e8787a2cb","name":"Marcelo Oliveira de A. Maranhao","image":{"@type":"ImageObject","inLanguage":"pt-BR","@id":"https:\/\/secure.gravatar.com\/avatar\/f562caee940d39879c20e90eea3e4b21860c7d4c96684c23141c554824f0059c?s=96&d=mm&r=g","url":"https:\/\/secure.gravatar.com\/avatar\/f562caee940d39879c20e90eea3e4b21860c7d4c96684c23141c554824f0059c?s=96&d=mm&r=g","contentUrl":"https:\/\/secure.gravatar.com\/avatar\/f562caee940d39879c20e90eea3e4b21860c7d4c96684c23141c554824f0059c?s=96&d=mm&r=g","caption":"Marcelo Oliveira de A. Maranhao"},"url":"https:\/\/diariodepe.com.br\/xinhua\/author\/marcelo-maranhao\/"}]}},"cc_featured_image_caption":{"caption_text":"","source_text":"","source_url":""},"amp_enabled":true,"_links":{"self":[{"href":"https:\/\/diariodepe.com.br\/xinhua\/wp-json\/wp\/v2\/posts\/15417","targetHints":{"allow":["GET"]}}],"collection":[{"href":"https:\/\/diariodepe.com.br\/xinhua\/wp-json\/wp\/v2\/posts"}],"about":[{"href":"https:\/\/diariodepe.com.br\/xinhua\/wp-json\/wp\/v2\/types\/post"}],"author":[{"embeddable":true,"href":"https:\/\/diariodepe.com.br\/xinhua\/wp-json\/wp\/v2\/users\/3"}],"replies":[{"embeddable":true,"href":"https:\/\/diariodepe.com.br\/xinhua\/wp-json\/wp\/v2\/comments?post=15417"}],"version-history":[{"count":1,"href":"https:\/\/diariodepe.com.br\/xinhua\/wp-json\/wp\/v2\/posts\/15417\/revisions"}],"predecessor-version":[{"id":15419,"href":"https:\/\/diariodepe.com.br\/xinhua\/wp-json\/wp\/v2\/posts\/15417\/revisions\/15419"}],"wp:featuredmedia":[{"embeddable":true,"href":"https:\/\/diariodepe.com.br\/xinhua\/wp-json\/wp\/v2\/media\/15418"}],"wp:attachment":[{"href":"https:\/\/diariodepe.com.br\/xinhua\/wp-json\/wp\/v2\/media?parent=15417"}],"wp:term":[{"taxonomy":"category","embeddable":true,"href":"https:\/\/diariodepe.com.br\/xinhua\/wp-json\/wp\/v2\/categories?post=15417"},{"taxonomy":"post_tag","embeddable":true,"href":"https:\/\/diariodepe.com.br\/xinhua\/wp-json\/wp\/v2\/tags?post=15417"}],"curies":[{"name":"wp","href":"https:\/\/api.w.org\/{rel}","templated":true}]}}