{"id":15368,"date":"2023-09-19T13:34:00","date_gmt":"2023-09-19T16:34:00","guid":{"rendered":"https:\/\/www.diariodepe.com.br\/xinhua\/?p=15368"},"modified":"2023-09-19T08:35:51","modified_gmt":"2023-09-19T11:35:51","slug":"vice-presidente-chines-se-reune-com-guterres-e-blinken-a-margem-da-sessao-da-agnu","status":"publish","type":"post","link":"https:\/\/diariodepe.com.br\/xinhua\/2023\/09\/19\/vice-presidente-chines-se-reune-com-guterres-e-blinken-a-margem-da-sessao-da-agnu\/","title":{"rendered":"Vice-presidente chin\u00eas se re\u00fane com Guterres e Blinken \u00e0 margem da sess\u00e3o da AGNU"},"content":{"rendered":"\n<p>Na\u00e7\u00f5es Unidas &#8211; O vice-presidente chin\u00eas Han Zheng, reuniu-se aqui na segunda-feira com o secret\u00e1rio-geral das Na\u00e7\u00f5es Unidas, Ant\u00f3nio Guterres, e com o secret\u00e1rio de Estado dos EUA, Antony Blinken, respectivamente, \u00e0 margem da 78\u00aa sess\u00e3o da Assembleia Geral da ONU (AGNU).<\/p>\n\n\n\n<p>Han disse a Guterres que o mundo atual est\u00e1 enfrentando mudan\u00e7as aceleradas nunca vistas em um s\u00e9culo, com v\u00e1rios fatores inst\u00e1veis e incertos entrela\u00e7ados.<\/p>\n\n\n\n<p>Quanto mais complexa e sombria for a situa\u00e7\u00e3o internacional, mais necess\u00e1rio ser\u00e1 manter o multilateralismo genu\u00edno e mais o mundo precisar\u00e1 de uma ONU forte, disse ele.<\/p>\n\n\n\n<p>A vis\u00e3o de construir uma comunidade com um futuro compartilhado para a humanidade, a Iniciativa do Cintur\u00e3o e Rota, a Iniciativa de Desenvolvimento Global, a Iniciativa de Seguran\u00e7a Global e a Iniciativa de Civiliza\u00e7\u00e3o Global &#8212; propostas pelo presidente chin\u00eas Xi Jinping &#8212; est\u00e3o altamente alinhadas com os ideais e objetivos das Na\u00e7\u00f5es Unidas, e foram amplamente reconhecidas e ativamente apoiadas pela comunidade internacional, assinalou Han.<\/p>\n\n\n\n<p>A China ser\u00e1, como sempre, construtora da paz mundial, contribuinte para o desenvolvimento global e defensora da ordem internacional, e apoiar\u00e1 as Na\u00e7\u00f5es Unidas no desempenho de um papel central nos assuntos internacionais, reteirou o vice-presidente chin\u00eas.<\/p>\n\n\n\n<p>De sua parte, Guterres agradeceu \u00e0 China seu firme apoio \u00e0 causa da ONU e elogiou as importantes iniciativas propostas pelo presidente chin\u00eas.<\/p>\n\n\n\n<p>Durante sua reuni\u00e3o com Blinken, Han ressaltou que uma rela\u00e7\u00e3o saud\u00e1vel e est\u00e1vel entre a China e os EUA \u00e9 boa para os dois pa\u00edses e para o mundo.<\/p>\n\n\n\n<p>Descrevendo o desenvolvimento da China como uma oportunidade em vez de um desafio, um ganho em vez de um risco para os Estados Unidos, Han acredita que os dois lados podem bem contribuir para o progresso um do outro e alcan\u00e7ar uma prosperidade comum.<\/p>\n\n\n\n<p>Ele disse que a China mant\u00e9m a consist\u00eancia e a estabilidade em sua pol\u00edtica em rela\u00e7\u00e3o aos Estados Unidos, seguindo os tr\u00eas princ\u00edpios apresentados pelo presidente Xi Jinping, ou seja, respeito m\u00fatuo, coexist\u00eancia pac\u00edfica e coopera\u00e7\u00e3o de benef\u00edcio m\u00fatuo, ao ver e ao tratar das rela\u00e7\u00f5es entre a China e os EUA.<\/p>\n\n\n\n<p>Han expressou a esperan\u00e7a de que os Estados Unidos trabalhar\u00e3o com a China para dar continuidade ao importante consenso alcan\u00e7ado pelos chefes de Estado dos dois pa\u00edses em Bali, na Indon\u00e9sia.<\/p>\n\n\n\n<p>Segundo ele, os dois lados precisam tomar medidas pr\u00e1ticas, criar condi\u00e7\u00f5es favor\u00e1veis e fazer mais para promover a compreens\u00e3o, a confian\u00e7a m\u00fatua e a coopera\u00e7\u00e3o mutuamente ben\u00e9fica, de modo a trazer as rela\u00e7\u00f5es entre a China e os EUA de volta a um caminho saud\u00e1vel e est\u00e1vel e proporcionar benef\u00edcios aos dois pa\u00edses e ao resto do mundo.<\/p>\n\n\n\n<p>Blinken, por sua vez, disse que os Estados Unidos esperam fortalecer a comunica\u00e7\u00e3o com a China, gerenciar as diferen\u00e7as e avan\u00e7ar na coopera\u00e7\u00e3o.&nbsp;<\/p>\n","protected":false},"excerpt":{"rendered":"<p>Na\u00e7\u00f5es Unidas &#8211; O vice-presidente chin\u00eas Han Zheng, reuniu-se aqui na segunda-feira com o secret\u00e1rio-geral das Na\u00e7\u00f5es Unidas, Ant\u00f3nio Guterres, e com o secret\u00e1rio de Estado dos EUA, Antony Blinken, respectivamente, \u00e0 margem da 78\u00aa sess\u00e3o da Assembleia Geral da&#8230;<\/p>\n","protected":false},"author":3,"featured_media":0,"comment_status":"open","ping_status":"open","sticky":false,"template":"","format":"standard","meta":{"footnotes":""},"categories":[4],"tags":[],"class_list":["post-15368","post","type-post","status-publish","format-standard","hentry","category-internacional"],"yoast_head":"<!-- This site is optimized with the Yoast SEO plugin v27.4 - https:\/\/yoast.com\/product\/yoast-seo-wordpress\/ -->\n<title>Vice-presidente chin\u00eas se re\u00fane com Guterres e Blinken \u00e0 margem da sess\u00e3o da AGNU - Xinhua - Diario de Pernambuco<\/title>\n<meta name=\"robots\" content=\"index, follow, max-snippet:-1, max-image-preview:large, max-video-preview:-1\" \/>\n<link rel=\"canonical\" href=\"https:\/\/diariodepe.com.br\/xinhua\/2023\/09\/19\/vice-presidente-chines-se-reune-com-guterres-e-blinken-a-margem-da-sessao-da-agnu\/\" \/>\n<meta property=\"og:locale\" content=\"pt_BR\" \/>\n<meta property=\"og:type\" content=\"article\" \/>\n<meta property=\"og:title\" content=\"Vice-presidente chin\u00eas se re\u00fane com Guterres e Blinken \u00e0 margem da sess\u00e3o da AGNU - Xinhua - Diario de Pernambuco\" \/>\n<meta property=\"og:description\" content=\"Na\u00e7\u00f5es Unidas &#8211; O vice-presidente chin\u00eas Han Zheng, reuniu-se aqui na segunda-feira com o secret\u00e1rio-geral das Na\u00e7\u00f5es Unidas, Ant\u00f3nio Guterres, e com o secret\u00e1rio de Estado dos EUA, Antony Blinken, respectivamente, \u00e0 margem da 78\u00aa sess\u00e3o da Assembleia Geral da...\" \/>\n<meta property=\"og:url\" content=\"https:\/\/diariodepe.com.br\/xinhua\/2023\/09\/19\/vice-presidente-chines-se-reune-com-guterres-e-blinken-a-margem-da-sessao-da-agnu\/\" \/>\n<meta property=\"og:site_name\" content=\"Xinhua - Diario de Pernambuco\" \/>\n<meta property=\"article:published_time\" content=\"2023-09-19T16:34:00+00:00\" \/>\n<meta name=\"author\" content=\"Marcelo Oliveira de A. Maranhao\" \/>\n<meta name=\"twitter:card\" content=\"summary_large_image\" \/>\n<meta name=\"twitter:label1\" content=\"Escrito por\" \/>\n\t<meta name=\"twitter:data1\" content=\"Marcelo Oliveira de A. Maranhao\" \/>\n\t<meta name=\"twitter:label2\" content=\"Est. tempo de leitura\" \/>\n\t<meta name=\"twitter:data2\" content=\"3 minutos\" \/>\n<script type=\"application\/ld+json\" class=\"yoast-schema-graph\">{\"@context\":\"https:\\\/\\\/schema.org\",\"@graph\":[{\"@type\":\"Article\",\"@id\":\"https:\\\/\\\/diariodepe.com.br\\\/xinhua\\\/2023\\\/09\\\/19\\\/vice-presidente-chines-se-reune-com-guterres-e-blinken-a-margem-da-sessao-da-agnu\\\/#article\",\"isPartOf\":{\"@id\":\"https:\\\/\\\/diariodepe.com.br\\\/xinhua\\\/2023\\\/09\\\/19\\\/vice-presidente-chines-se-reune-com-guterres-e-blinken-a-margem-da-sessao-da-agnu\\\/\"},\"author\":{\"name\":\"Marcelo Oliveira de A. Maranhao\",\"@id\":\"https:\\\/\\\/diariodepe.com.br\\\/xinhua\\\/#\\\/schema\\\/person\\\/0943d6fd02bdc7b49c8f495e8787a2cb\"},\"headline\":\"Vice-presidente chin\u00eas se re\u00fane com Guterres e Blinken \u00e0 margem da sess\u00e3o da AGNU\",\"datePublished\":\"2023-09-19T16:34:00+00:00\",\"mainEntityOfPage\":{\"@id\":\"https:\\\/\\\/diariodepe.com.br\\\/xinhua\\\/2023\\\/09\\\/19\\\/vice-presidente-chines-se-reune-com-guterres-e-blinken-a-margem-da-sessao-da-agnu\\\/\"},\"wordCount\":534,\"commentCount\":0,\"publisher\":{\"@id\":\"https:\\\/\\\/diariodepe.com.br\\\/xinhua\\\/#organization\"},\"articleSection\":[\"Internacional\"],\"inLanguage\":\"pt-BR\",\"potentialAction\":[{\"@type\":\"CommentAction\",\"name\":\"Comment\",\"target\":[\"https:\\\/\\\/diariodepe.com.br\\\/xinhua\\\/2023\\\/09\\\/19\\\/vice-presidente-chines-se-reune-com-guterres-e-blinken-a-margem-da-sessao-da-agnu\\\/#respond\"]}]},{\"@type\":\"WebPage\",\"@id\":\"https:\\\/\\\/diariodepe.com.br\\\/xinhua\\\/2023\\\/09\\\/19\\\/vice-presidente-chines-se-reune-com-guterres-e-blinken-a-margem-da-sessao-da-agnu\\\/\",\"url\":\"https:\\\/\\\/diariodepe.com.br\\\/xinhua\\\/2023\\\/09\\\/19\\\/vice-presidente-chines-se-reune-com-guterres-e-blinken-a-margem-da-sessao-da-agnu\\\/\",\"name\":\"Vice-presidente chin\u00eas se re\u00fane com Guterres e Blinken \u00e0 margem da sess\u00e3o da AGNU - Xinhua - Diario de Pernambuco\",\"isPartOf\":{\"@id\":\"https:\\\/\\\/diariodepe.com.br\\\/xinhua\\\/#website\"},\"datePublished\":\"2023-09-19T16:34:00+00:00\",\"breadcrumb\":{\"@id\":\"https:\\\/\\\/diariodepe.com.br\\\/xinhua\\\/2023\\\/09\\\/19\\\/vice-presidente-chines-se-reune-com-guterres-e-blinken-a-margem-da-sessao-da-agnu\\\/#breadcrumb\"},\"inLanguage\":\"pt-BR\",\"potentialAction\":[{\"@type\":\"ReadAction\",\"target\":[\"https:\\\/\\\/diariodepe.com.br\\\/xinhua\\\/2023\\\/09\\\/19\\\/vice-presidente-chines-se-reune-com-guterres-e-blinken-a-margem-da-sessao-da-agnu\\\/\"]}]},{\"@type\":\"BreadcrumbList\",\"@id\":\"https:\\\/\\\/diariodepe.com.br\\\/xinhua\\\/2023\\\/09\\\/19\\\/vice-presidente-chines-se-reune-com-guterres-e-blinken-a-margem-da-sessao-da-agnu\\\/#breadcrumb\",\"itemListElement\":[{\"@type\":\"ListItem\",\"position\":1,\"name\":\"In\u00edcio\",\"item\":\"https:\\\/\\\/diariodepe.com.br\\\/xinhua\\\/\"},{\"@type\":\"ListItem\",\"position\":2,\"name\":\"Vice-presidente chin\u00eas se re\u00fane com Guterres e Blinken \u00e0 margem da sess\u00e3o da AGNU\"}]},{\"@type\":\"WebSite\",\"@id\":\"https:\\\/\\\/diariodepe.com.br\\\/xinhua\\\/#website\",\"url\":\"https:\\\/\\\/diariodepe.com.br\\\/xinhua\\\/\",\"name\":\"Xinhua - Diario de Pernambuco\",\"description\":\"A maior ag\u00eancia de not\u00edcias da China e um dos principais canais para conhecer o pa\u00eds\",\"publisher\":{\"@id\":\"https:\\\/\\\/diariodepe.com.br\\\/xinhua\\\/#organization\"},\"potentialAction\":[{\"@type\":\"SearchAction\",\"target\":{\"@type\":\"EntryPoint\",\"urlTemplate\":\"https:\\\/\\\/diariodepe.com.br\\\/xinhua\\\/?s={search_term_string}\"},\"query-input\":{\"@type\":\"PropertyValueSpecification\",\"valueRequired\":true,\"valueName\":\"search_term_string\"}}],\"inLanguage\":\"pt-BR\"},{\"@type\":\"Organization\",\"@id\":\"https:\\\/\\\/diariodepe.com.br\\\/xinhua\\\/#organization\",\"name\":\"Xinhua - Diario de Pernambuco\",\"url\":\"https:\\\/\\\/diariodepe.com.br\\\/xinhua\\\/\",\"logo\":{\"@type\":\"ImageObject\",\"inLanguage\":\"pt-BR\",\"@id\":\"https:\\\/\\\/diariodepe.com.br\\\/xinhua\\\/#\\\/schema\\\/logo\\\/image\\\/\",\"url\":\"https:\\\/\\\/diariodepe.com.br\\\/xinhua\\\/wp-content\\\/uploads\\\/sites\\\/3\\\/2020\\\/10\\\/cropped-logo-transparente-2.png\",\"contentUrl\":\"https:\\\/\\\/diariodepe.com.br\\\/xinhua\\\/wp-content\\\/uploads\\\/sites\\\/3\\\/2020\\\/10\\\/cropped-logo-transparente-2.png\",\"width\":512,\"height\":164,\"caption\":\"Xinhua - Diario de Pernambuco\"},\"image\":{\"@id\":\"https:\\\/\\\/diariodepe.com.br\\\/xinhua\\\/#\\\/schema\\\/logo\\\/image\\\/\"}},{\"@type\":\"Person\",\"@id\":\"https:\\\/\\\/diariodepe.com.br\\\/xinhua\\\/#\\\/schema\\\/person\\\/0943d6fd02bdc7b49c8f495e8787a2cb\",\"name\":\"Marcelo Oliveira de A. Maranhao\",\"image\":{\"@type\":\"ImageObject\",\"inLanguage\":\"pt-BR\",\"@id\":\"https:\\\/\\\/secure.gravatar.com\\\/avatar\\\/f562caee940d39879c20e90eea3e4b21860c7d4c96684c23141c554824f0059c?s=96&d=mm&r=g\",\"url\":\"https:\\\/\\\/secure.gravatar.com\\\/avatar\\\/f562caee940d39879c20e90eea3e4b21860c7d4c96684c23141c554824f0059c?s=96&d=mm&r=g\",\"contentUrl\":\"https:\\\/\\\/secure.gravatar.com\\\/avatar\\\/f562caee940d39879c20e90eea3e4b21860c7d4c96684c23141c554824f0059c?s=96&d=mm&r=g\",\"caption\":\"Marcelo Oliveira de A. Maranhao\"},\"url\":\"https:\\\/\\\/diariodepe.com.br\\\/xinhua\\\/author\\\/marcelo-maranhao\\\/\"}]}<\/script>\n<!-- \/ Yoast SEO plugin. -->","yoast_head_json":{"title":"Vice-presidente chin\u00eas se re\u00fane com Guterres e Blinken \u00e0 margem da sess\u00e3o da AGNU - Xinhua - Diario de Pernambuco","robots":{"index":"index","follow":"follow","max-snippet":"max-snippet:-1","max-image-preview":"max-image-preview:large","max-video-preview":"max-video-preview:-1"},"canonical":"https:\/\/diariodepe.com.br\/xinhua\/2023\/09\/19\/vice-presidente-chines-se-reune-com-guterres-e-blinken-a-margem-da-sessao-da-agnu\/","og_locale":"pt_BR","og_type":"article","og_title":"Vice-presidente chin\u00eas se re\u00fane com Guterres e Blinken \u00e0 margem da sess\u00e3o da AGNU - Xinhua - Diario de Pernambuco","og_description":"Na\u00e7\u00f5es Unidas &#8211; O vice-presidente chin\u00eas Han Zheng, reuniu-se aqui na segunda-feira com o secret\u00e1rio-geral das Na\u00e7\u00f5es Unidas, Ant\u00f3nio Guterres, e com o secret\u00e1rio de Estado dos EUA, Antony Blinken, respectivamente, \u00e0 margem da 78\u00aa sess\u00e3o da Assembleia Geral da...","og_url":"https:\/\/diariodepe.com.br\/xinhua\/2023\/09\/19\/vice-presidente-chines-se-reune-com-guterres-e-blinken-a-margem-da-sessao-da-agnu\/","og_site_name":"Xinhua - Diario de Pernambuco","article_published_time":"2023-09-19T16:34:00+00:00","author":"Marcelo Oliveira de A. Maranhao","twitter_card":"summary_large_image","twitter_misc":{"Escrito por":"Marcelo Oliveira de A. Maranhao","Est. tempo de leitura":"3 minutos"},"schema":{"@context":"https:\/\/schema.org","@graph":[{"@type":"Article","@id":"https:\/\/diariodepe.com.br\/xinhua\/2023\/09\/19\/vice-presidente-chines-se-reune-com-guterres-e-blinken-a-margem-da-sessao-da-agnu\/#article","isPartOf":{"@id":"https:\/\/diariodepe.com.br\/xinhua\/2023\/09\/19\/vice-presidente-chines-se-reune-com-guterres-e-blinken-a-margem-da-sessao-da-agnu\/"},"author":{"name":"Marcelo Oliveira de A. Maranhao","@id":"https:\/\/diariodepe.com.br\/xinhua\/#\/schema\/person\/0943d6fd02bdc7b49c8f495e8787a2cb"},"headline":"Vice-presidente chin\u00eas se re\u00fane com Guterres e Blinken \u00e0 margem da sess\u00e3o da AGNU","datePublished":"2023-09-19T16:34:00+00:00","mainEntityOfPage":{"@id":"https:\/\/diariodepe.com.br\/xinhua\/2023\/09\/19\/vice-presidente-chines-se-reune-com-guterres-e-blinken-a-margem-da-sessao-da-agnu\/"},"wordCount":534,"commentCount":0,"publisher":{"@id":"https:\/\/diariodepe.com.br\/xinhua\/#organization"},"articleSection":["Internacional"],"inLanguage":"pt-BR","potentialAction":[{"@type":"CommentAction","name":"Comment","target":["https:\/\/diariodepe.com.br\/xinhua\/2023\/09\/19\/vice-presidente-chines-se-reune-com-guterres-e-blinken-a-margem-da-sessao-da-agnu\/#respond"]}]},{"@type":"WebPage","@id":"https:\/\/diariodepe.com.br\/xinhua\/2023\/09\/19\/vice-presidente-chines-se-reune-com-guterres-e-blinken-a-margem-da-sessao-da-agnu\/","url":"https:\/\/diariodepe.com.br\/xinhua\/2023\/09\/19\/vice-presidente-chines-se-reune-com-guterres-e-blinken-a-margem-da-sessao-da-agnu\/","name":"Vice-presidente chin\u00eas se re\u00fane com Guterres e Blinken \u00e0 margem da sess\u00e3o da AGNU - Xinhua - Diario de Pernambuco","isPartOf":{"@id":"https:\/\/diariodepe.com.br\/xinhua\/#website"},"datePublished":"2023-09-19T16:34:00+00:00","breadcrumb":{"@id":"https:\/\/diariodepe.com.br\/xinhua\/2023\/09\/19\/vice-presidente-chines-se-reune-com-guterres-e-blinken-a-margem-da-sessao-da-agnu\/#breadcrumb"},"inLanguage":"pt-BR","potentialAction":[{"@type":"ReadAction","target":["https:\/\/diariodepe.com.br\/xinhua\/2023\/09\/19\/vice-presidente-chines-se-reune-com-guterres-e-blinken-a-margem-da-sessao-da-agnu\/"]}]},{"@type":"BreadcrumbList","@id":"https:\/\/diariodepe.com.br\/xinhua\/2023\/09\/19\/vice-presidente-chines-se-reune-com-guterres-e-blinken-a-margem-da-sessao-da-agnu\/#breadcrumb","itemListElement":[{"@type":"ListItem","position":1,"name":"In\u00edcio","item":"https:\/\/diariodepe.com.br\/xinhua\/"},{"@type":"ListItem","position":2,"name":"Vice-presidente chin\u00eas se re\u00fane com Guterres e Blinken \u00e0 margem da sess\u00e3o da AGNU"}]},{"@type":"WebSite","@id":"https:\/\/diariodepe.com.br\/xinhua\/#website","url":"https:\/\/diariodepe.com.br\/xinhua\/","name":"Xinhua - Diario de Pernambuco","description":"A maior ag\u00eancia de not\u00edcias da China e um dos principais canais para conhecer o pa\u00eds","publisher":{"@id":"https:\/\/diariodepe.com.br\/xinhua\/#organization"},"potentialAction":[{"@type":"SearchAction","target":{"@type":"EntryPoint","urlTemplate":"https:\/\/diariodepe.com.br\/xinhua\/?s={search_term_string}"},"query-input":{"@type":"PropertyValueSpecification","valueRequired":true,"valueName":"search_term_string"}}],"inLanguage":"pt-BR"},{"@type":"Organization","@id":"https:\/\/diariodepe.com.br\/xinhua\/#organization","name":"Xinhua - Diario de Pernambuco","url":"https:\/\/diariodepe.com.br\/xinhua\/","logo":{"@type":"ImageObject","inLanguage":"pt-BR","@id":"https:\/\/diariodepe.com.br\/xinhua\/#\/schema\/logo\/image\/","url":"https:\/\/diariodepe.com.br\/xinhua\/wp-content\/uploads\/sites\/3\/2020\/10\/cropped-logo-transparente-2.png","contentUrl":"https:\/\/diariodepe.com.br\/xinhua\/wp-content\/uploads\/sites\/3\/2020\/10\/cropped-logo-transparente-2.png","width":512,"height":164,"caption":"Xinhua - Diario de Pernambuco"},"image":{"@id":"https:\/\/diariodepe.com.br\/xinhua\/#\/schema\/logo\/image\/"}},{"@type":"Person","@id":"https:\/\/diariodepe.com.br\/xinhua\/#\/schema\/person\/0943d6fd02bdc7b49c8f495e8787a2cb","name":"Marcelo Oliveira de A. Maranhao","image":{"@type":"ImageObject","inLanguage":"pt-BR","@id":"https:\/\/secure.gravatar.com\/avatar\/f562caee940d39879c20e90eea3e4b21860c7d4c96684c23141c554824f0059c?s=96&d=mm&r=g","url":"https:\/\/secure.gravatar.com\/avatar\/f562caee940d39879c20e90eea3e4b21860c7d4c96684c23141c554824f0059c?s=96&d=mm&r=g","contentUrl":"https:\/\/secure.gravatar.com\/avatar\/f562caee940d39879c20e90eea3e4b21860c7d4c96684c23141c554824f0059c?s=96&d=mm&r=g","caption":"Marcelo Oliveira de A. Maranhao"},"url":"https:\/\/diariodepe.com.br\/xinhua\/author\/marcelo-maranhao\/"}]}},"cc_featured_image_caption":{"caption_text":"","source_text":"","source_url":""},"amp_enabled":true,"_links":{"self":[{"href":"https:\/\/diariodepe.com.br\/xinhua\/wp-json\/wp\/v2\/posts\/15368","targetHints":{"allow":["GET"]}}],"collection":[{"href":"https:\/\/diariodepe.com.br\/xinhua\/wp-json\/wp\/v2\/posts"}],"about":[{"href":"https:\/\/diariodepe.com.br\/xinhua\/wp-json\/wp\/v2\/types\/post"}],"author":[{"embeddable":true,"href":"https:\/\/diariodepe.com.br\/xinhua\/wp-json\/wp\/v2\/users\/3"}],"replies":[{"embeddable":true,"href":"https:\/\/diariodepe.com.br\/xinhua\/wp-json\/wp\/v2\/comments?post=15368"}],"version-history":[{"count":1,"href":"https:\/\/diariodepe.com.br\/xinhua\/wp-json\/wp\/v2\/posts\/15368\/revisions"}],"predecessor-version":[{"id":15369,"href":"https:\/\/diariodepe.com.br\/xinhua\/wp-json\/wp\/v2\/posts\/15368\/revisions\/15369"}],"wp:attachment":[{"href":"https:\/\/diariodepe.com.br\/xinhua\/wp-json\/wp\/v2\/media?parent=15368"}],"wp:term":[{"taxonomy":"category","embeddable":true,"href":"https:\/\/diariodepe.com.br\/xinhua\/wp-json\/wp\/v2\/categories?post=15368"},{"taxonomy":"post_tag","embeddable":true,"href":"https:\/\/diariodepe.com.br\/xinhua\/wp-json\/wp\/v2\/tags?post=15368"}],"curies":[{"name":"wp","href":"https:\/\/api.w.org\/{rel}","templated":true}]}}