{"id":15345,"date":"2023-09-19T08:06:31","date_gmt":"2023-09-19T11:06:31","guid":{"rendered":"https:\/\/www.diariodepe.com.br\/xinhua\/?p=15345"},"modified":"2023-09-19T08:06:34","modified_gmt":"2023-09-19T11:06:34","slug":"cupula-do-g77-mais-china-termina-com-enfase-no-empoderamento-do-sul-global","status":"publish","type":"post","link":"https:\/\/diariodepe.com.br\/xinhua\/2023\/09\/19\/cupula-do-g77-mais-china-termina-com-enfase-no-empoderamento-do-sul-global\/","title":{"rendered":"C\u00fapula do G77 mais China termina com \u00eanfase no empoderamento do Sul Global"},"content":{"rendered":"\n<p><strong>* A c\u00fapula de dois dias do Grupo dos 77 (G77) mais China foi conclu\u00edda no s\u00e1bado com um apelo a uma maior participa\u00e7\u00e3o e voz do Sul Global no sistema de governan\u00e7a global.<\/strong><\/p>\n\n\n\n<p><strong>* Classificando o grupo como &#8220;um defensor&nbsp;do multilateralismo&#8221;, Guterres apelou ao G77 e \u00e0 China para &#8220;defenderem um sistema enraizado na igualdade; defenderem um sistema pronto para reverter a injusti\u00e7a e a neglig\u00eancia de s\u00e9culos; e defenderem um sistema que atenda a toda a humanidade e n\u00e3o para os privilegiados.&#8221;<\/strong><\/p>\n\n\n\n<p><strong>* &#8220;A China tem sido muito ativa na promo\u00e7\u00e3o de uma ordem econ\u00f4mica e pol\u00edtica mais justa, de acordo com os interesses dos pa\u00edses em desenvolvimento. Tem mantido uma pol\u00edtica sistem\u00e1tica e consistente de apoio ao bloco multilateral&#8221;, disse um pesquisador s\u00eanior de Cuba.<\/strong><\/p>\n\n\n\n<p>Havana &#8211; A c\u00fapula de dois dias do Grupo dos 77 (G77) mais China foi conclu\u00edda no s\u00e1bado com um apelo por mais participa\u00e7\u00e3o e voz do Sul Global no sistema de governan\u00e7a global.<\/p>\n\n\n\n<p>O evento contou com a presen\u00e7a de delega\u00e7\u00f5es de mais de 100 pa\u00edses, incluindo mais de 30 chefes de estado e de governo.<\/p>\n\n\n\n<p>Estabelecido pela primeira vez em 1964, o G77 tem agora mais de 130 membros, com a sua presid\u00eancia rotativa entre os pa\u00edses membros da \u00c1sia, \u00c1frica e Am\u00e9rica Latina com base em princ\u00edpios regionais.<\/p>\n\n\n\n<p>Sendo a maior organiza\u00e7\u00e3o de coordena\u00e7\u00e3o multilateral entre os pa\u00edses em desenvolvimento, os estados membros do G77 representam mais de 80% da popula\u00e7\u00e3o mundial e mais de dois ter\u00e7os dos pa\u00edses membros das Na\u00e7\u00f5es Unidas.<\/p>\n\n\n\n<p>A China n\u00e3o \u00e9 membro, mas tem apoiado e cooperado com o grupo no \u00e2mbito do &#8220;G77 mais China&#8221;.<\/p>\n\n\n\n<p><strong>VOZ MAIS FORTE PARA O SUL GLOBAL<\/strong><\/p>\n\n\n\n<p>Destacando os desafios enfrentados pelos pa\u00edses do Sul Global, a c\u00fapula destacou a necessidade de uma ordem internacional mais equilibrada, com maior aten\u00e7\u00e3o \u00e0s na\u00e7\u00f5es do Sul Global.<\/p>\n\n\n\n<p>Falando na cerim\u00f4nia de abertura da c\u00fapula, o secret\u00e1rio-Geral da ONU, Ant\u00f3nio Guterres, disse que a voz do Grupo dos 77 e da China ser\u00e1 sempre essencial para o sistema da ONU.<\/p>\n\n\n\n<figure class=\"wp-block-image\"><img decoding=\"async\" src=\"https:\/\/portuguese.news.cn\/20230919\/c3494af30cf04c7c8c44eb72afe16a30\/20230919c3494af30cf04c7c8c44eb72afe16a30_2023091974909250baf9491bb4f29da5126220ac.jpeg\" alt=\"\"\/><figcaption>O secret\u00e1rio-geral da ONU, Ant\u00f3nio Guterres, discursa na C\u00fapula do Grupo dos 77 (G77) mais China em Havana, Cuba, no dia 15 de setembro de 2023. (Foto por Joaqu\u00edn Hernandez\/Xinhua)<\/figcaption><\/figure>\n\n\n\n<p>Guterres classificou o grupo como &#8220;um defensor do multilateralismo&#8221; e apelou ao G77 e \u00e0 China para \u201cdefenderem um sistema enraizado na igualdade; defenderem um sistema pronto para reverter a injusti\u00e7a e a neglig\u00eancia de s\u00e9culos; e defenderem um sistema que atenda a toda a humanidade e n\u00e3o os privilegiados.&#8221;<\/p>\n\n\n\n<p>O especialista cubano Ram\u00f3n Pichs disse que a C\u00fapula do G77 mais China em Havana desempenhou um papel importante no avan\u00e7o da agenda global, incluindo a abordagem da amea\u00e7a das altera\u00e7\u00f5es clim\u00e1ticas.<\/p>\n\n\n\n<p>&#8220;Para os pa\u00edses em desenvolvimento, para o G77, para a China e para Cuba, o momento de agir em rela\u00e7\u00e3o \u00e0s altera\u00e7\u00f5es clim\u00e1ticas \u00e9 agora\u201d, disse o especialista, acrescentando que este \u00e9 um enorme desafio para o desenvolvimento de todas as na\u00e7\u00f5es.<\/p>\n\n\n\n<p>Na declara\u00e7\u00e3o final da reuni\u00e3o, os delegados instaram as institui\u00e7\u00f5es internacionais a fazerem esfor\u00e7os adicionais para apoiar as na\u00e7\u00f5es do Sul Global em \u00e1reas como ci\u00eancia, tecnologia e inova\u00e7\u00e3o.<\/p>\n\n\n\n<p>A c\u00fapula ajudar\u00e1 a impulsionar a Agenda 2030 para o Desenvolvimento Sustent\u00e1vel, observou Francisco Pichon, coordenador residente da ONU em Havana.<\/p>\n\n\n\n<p>&#8220;Uma reforma do sistema financeiro internacional, as altera\u00e7\u00f5es clim\u00e1ticas e o seu financiamento, bem como a agenda do multilateralismo s\u00e3o prioridades fundamentais para as Na\u00e7\u00f5es Unidas&#8221;, disse ele, em resposta aos apelos por mais representa\u00e7\u00e3o e uma voz mais forte do Sul Global na governan\u00e7a internacional.<\/p>\n\n\n\n<p>&#8220;A unidade e o ativismo do G77 mais China nos f\u00f3runs e debates internacionais s\u00e3o fundamentais para fazer avan\u00e7ar as aspira\u00e7\u00f5es leg\u00edtimas de nossos povos&#8221;, afirmou o jornal cubano Granma.<\/p>\n\n\n\n<p><strong>CONTRIBUI\u00c7\u00c3O DA CHINA<\/strong><\/p>\n\n\n\n<p>Desde a d\u00e9cada de 1990, com o maior envolvimento chin\u00eas no \u00e2mbito do &#8220;G77 mais China&#8221;, a organiza\u00e7\u00e3o tem desempenhado um papel mais relevante na arena internacional.<\/p>\n\n\n\n<p>Durante o seu discurso de boas-vindas \u00e0 c\u00fapula, o presidente cubano Miguel D\u00edaz-Canel destacou os esfor\u00e7os da China para promover a coopera\u00e7\u00e3o internacional.<\/p>\n\n\n\n<p>&#8220;A Iniciativa de Desenvolvimento Global promovida pelo presidente chin\u00eas Xi Jinping \u00e9 uma proposta inclusiva e coerente para manter uma nova ordem internacional justa e equitativa&#8221;, disse ele.<\/p>\n\n\n\n<p>Citando como exemplo a Iniciativa do Cintur\u00e3o e Rota proposta pela China, o presidente da Uni\u00e3o das Comores e presidente da Uni\u00e3o Africana, Azali Assoumani, disse na c\u00fapula que a China pretende criar um cen\u00e1rio equilibrado e inclusivo baseado na coopera\u00e7\u00e3o com todos.<\/p>\n\n\n\n<p>Ecoando as palavras destes l\u00edderes, o presidente venezuelano, Nicol\u00e1s Maduro, lembrou que durante a pandemia de COVID-19, a China ajudou a Venezuela a adquirir medicamentos e vacinas contra a COVID-19 para enfrentar a emerg\u00eancia.<\/p>\n\n\n\n<p>&#8220;Sinto-me impressionado com as conquistas cient\u00edficas, sociais e tecnol\u00f3gicas alcan\u00e7adas pela China&#8221;, disse Maduro, acrescentando que a China pode ajudar as na\u00e7\u00f5es do G77 a aumentar o acesso \u00e0 tecnologia moderna.<\/p>\n\n\n\n<p>&#8220;A China desenvolveu diferentes iniciativas que est\u00e3o relacionadas de uma forma ou de outra com os objetivos do grupo\u201d, disse Jos\u00e9 Ram\u00f3n Caba\u00f1as, diretor do Centro de Pesquisa de Pol\u00edtica Internacional de Cuba, em entrevista \u00e0 Xinhua.<\/p>\n\n\n\n<p>Caba\u00f1as acrescentou que o impressionante desempenho da economia chinesa impulsiona as rela\u00e7\u00f5es econ\u00f4micas e sociais entre a China e o G77.<\/p>\n\n\n\n<p>A China se aproxima dos pa\u00edses asi\u00e1ticos, africanos e latino-americanos &#8220;n\u00e3o para impor san\u00e7\u00f5es, mas para contribuir para o progresso e o bem-estar de todos&#8221;, disse o presidente da Nicar\u00e1gua, Daniel Ortega, chamando a China de um parceiro &#8220;com vontade de ajudar e expressar sua solidariedade&#8221;.<\/p>\n\n\n\n<p>Ao contr\u00e1rio de outras pot\u00eancias globais, a rela\u00e7\u00e3o entre a China e o G77 se baseia no respeito pela autodetermina\u00e7\u00e3o, solidariedade e coopera\u00e7\u00e3o, disse Eduardo Regalado, pesquisador s\u00eanior do Centro de Pesquisa de Pol\u00edticas Internacionais de Cuba.<\/p>\n\n\n\n<p>&#8220;A China tem sido muito ativa na promo\u00e7\u00e3o de uma ordem econ\u00f4mica e pol\u00edtica mais justa, de acordo com os interesses dos pa\u00edses em desenvolvimento. Tem mantido uma pol\u00edtica sistem\u00e1tica e consistente de apoio ao bloco multilateral&#8221;, acrescentou.<\/p>\n","protected":false},"excerpt":{"rendered":"<p>* A c\u00fapula de dois dias do Grupo dos 77 (G77) mais China foi conclu\u00edda no s\u00e1bado com um apelo a uma maior participa\u00e7\u00e3o e voz do Sul Global no sistema de governan\u00e7a global. * Classificando o grupo como &#8220;um&#8230;<\/p>\n","protected":false},"author":3,"featured_media":15346,"comment_status":"open","ping_status":"open","sticky":false,"template":"","format":"standard","meta":{"footnotes":""},"categories":[4],"tags":[],"class_list":["post-15345","post","type-post","status-publish","format-standard","has-post-thumbnail","hentry","category-internacional"],"yoast_head":"<!-- This site is optimized with the Yoast SEO plugin v27.4 - https:\/\/yoast.com\/product\/yoast-seo-wordpress\/ -->\n<title>C\u00fapula do G77 mais China termina com \u00eanfase no empoderamento do Sul Global - Xinhua - Diario de Pernambuco<\/title>\n<meta name=\"robots\" content=\"index, follow, max-snippet:-1, max-image-preview:large, max-video-preview:-1\" \/>\n<link rel=\"canonical\" href=\"https:\/\/diariodepe.com.br\/xinhua\/2023\/09\/19\/cupula-do-g77-mais-china-termina-com-enfase-no-empoderamento-do-sul-global\/\" \/>\n<meta property=\"og:locale\" content=\"pt_BR\" \/>\n<meta property=\"og:type\" content=\"article\" \/>\n<meta property=\"og:title\" content=\"C\u00fapula do G77 mais China termina com \u00eanfase no empoderamento do Sul Global - Xinhua - Diario de Pernambuco\" \/>\n<meta property=\"og:description\" content=\"* A c\u00fapula de dois dias do Grupo dos 77 (G77) mais China foi conclu\u00edda no s\u00e1bado com um apelo a uma maior participa\u00e7\u00e3o e voz do Sul Global no sistema de governan\u00e7a global. * Classificando o grupo como &#8220;um...\" \/>\n<meta property=\"og:url\" content=\"https:\/\/diariodepe.com.br\/xinhua\/2023\/09\/19\/cupula-do-g77-mais-china-termina-com-enfase-no-empoderamento-do-sul-global\/\" \/>\n<meta property=\"og:site_name\" content=\"Xinhua - Diario de Pernambuco\" \/>\n<meta property=\"article:published_time\" content=\"2023-09-19T11:06:31+00:00\" \/>\n<meta property=\"article:modified_time\" content=\"2023-09-19T11:06:34+00:00\" \/>\n<meta property=\"og:image\" content=\"https:\/\/diariodepe.com.br\/xinhua\/wp-content\/uploads\/sites\/3\/2023\/09\/20230919c3494af30cf04c7c8c44eb72afe16a30_20230919eb329d8841b84df0af477bdbaef03780.jpeg\" \/>\n\t<meta property=\"og:image:width\" content=\"900\" \/>\n\t<meta property=\"og:image:height\" content=\"596\" \/>\n\t<meta property=\"og:image:type\" content=\"image\/jpeg\" \/>\n<meta name=\"author\" content=\"Marcelo Oliveira de A. Maranhao\" \/>\n<meta name=\"twitter:card\" content=\"summary_large_image\" \/>\n<meta name=\"twitter:label1\" content=\"Escrito por\" \/>\n\t<meta name=\"twitter:data1\" content=\"Marcelo Oliveira de A. Maranhao\" \/>\n\t<meta name=\"twitter:label2\" content=\"Est. tempo de leitura\" \/>\n\t<meta name=\"twitter:data2\" content=\"6 minutos\" \/>\n<script type=\"application\/ld+json\" class=\"yoast-schema-graph\">{\"@context\":\"https:\\\/\\\/schema.org\",\"@graph\":[{\"@type\":\"Article\",\"@id\":\"https:\\\/\\\/diariodepe.com.br\\\/xinhua\\\/2023\\\/09\\\/19\\\/cupula-do-g77-mais-china-termina-com-enfase-no-empoderamento-do-sul-global\\\/#article\",\"isPartOf\":{\"@id\":\"https:\\\/\\\/diariodepe.com.br\\\/xinhua\\\/2023\\\/09\\\/19\\\/cupula-do-g77-mais-china-termina-com-enfase-no-empoderamento-do-sul-global\\\/\"},\"author\":{\"name\":\"Marcelo Oliveira de A. Maranhao\",\"@id\":\"https:\\\/\\\/diariodepe.com.br\\\/xinhua\\\/#\\\/schema\\\/person\\\/0943d6fd02bdc7b49c8f495e8787a2cb\"},\"headline\":\"C\u00fapula do G77 mais China termina com \u00eanfase no empoderamento do Sul Global\",\"datePublished\":\"2023-09-19T11:06:31+00:00\",\"dateModified\":\"2023-09-19T11:06:34+00:00\",\"mainEntityOfPage\":{\"@id\":\"https:\\\/\\\/diariodepe.com.br\\\/xinhua\\\/2023\\\/09\\\/19\\\/cupula-do-g77-mais-china-termina-com-enfase-no-empoderamento-do-sul-global\\\/\"},\"wordCount\":1110,\"commentCount\":0,\"publisher\":{\"@id\":\"https:\\\/\\\/diariodepe.com.br\\\/xinhua\\\/#organization\"},\"image\":{\"@id\":\"https:\\\/\\\/diariodepe.com.br\\\/xinhua\\\/2023\\\/09\\\/19\\\/cupula-do-g77-mais-china-termina-com-enfase-no-empoderamento-do-sul-global\\\/#primaryimage\"},\"thumbnailUrl\":\"https:\\\/\\\/diariodepe.com.br\\\/xinhua\\\/wp-content\\\/uploads\\\/sites\\\/3\\\/2023\\\/09\\\/20230919c3494af30cf04c7c8c44eb72afe16a30_20230919eb329d8841b84df0af477bdbaef03780.jpeg\",\"articleSection\":[\"Internacional\"],\"inLanguage\":\"pt-BR\",\"potentialAction\":[{\"@type\":\"CommentAction\",\"name\":\"Comment\",\"target\":[\"https:\\\/\\\/diariodepe.com.br\\\/xinhua\\\/2023\\\/09\\\/19\\\/cupula-do-g77-mais-china-termina-com-enfase-no-empoderamento-do-sul-global\\\/#respond\"]}]},{\"@type\":\"WebPage\",\"@id\":\"https:\\\/\\\/diariodepe.com.br\\\/xinhua\\\/2023\\\/09\\\/19\\\/cupula-do-g77-mais-china-termina-com-enfase-no-empoderamento-do-sul-global\\\/\",\"url\":\"https:\\\/\\\/diariodepe.com.br\\\/xinhua\\\/2023\\\/09\\\/19\\\/cupula-do-g77-mais-china-termina-com-enfase-no-empoderamento-do-sul-global\\\/\",\"name\":\"C\u00fapula do G77 mais China termina com \u00eanfase no empoderamento do Sul Global - Xinhua - Diario de Pernambuco\",\"isPartOf\":{\"@id\":\"https:\\\/\\\/diariodepe.com.br\\\/xinhua\\\/#website\"},\"primaryImageOfPage\":{\"@id\":\"https:\\\/\\\/diariodepe.com.br\\\/xinhua\\\/2023\\\/09\\\/19\\\/cupula-do-g77-mais-china-termina-com-enfase-no-empoderamento-do-sul-global\\\/#primaryimage\"},\"image\":{\"@id\":\"https:\\\/\\\/diariodepe.com.br\\\/xinhua\\\/2023\\\/09\\\/19\\\/cupula-do-g77-mais-china-termina-com-enfase-no-empoderamento-do-sul-global\\\/#primaryimage\"},\"thumbnailUrl\":\"https:\\\/\\\/diariodepe.com.br\\\/xinhua\\\/wp-content\\\/uploads\\\/sites\\\/3\\\/2023\\\/09\\\/20230919c3494af30cf04c7c8c44eb72afe16a30_20230919eb329d8841b84df0af477bdbaef03780.jpeg\",\"datePublished\":\"2023-09-19T11:06:31+00:00\",\"dateModified\":\"2023-09-19T11:06:34+00:00\",\"breadcrumb\":{\"@id\":\"https:\\\/\\\/diariodepe.com.br\\\/xinhua\\\/2023\\\/09\\\/19\\\/cupula-do-g77-mais-china-termina-com-enfase-no-empoderamento-do-sul-global\\\/#breadcrumb\"},\"inLanguage\":\"pt-BR\",\"potentialAction\":[{\"@type\":\"ReadAction\",\"target\":[\"https:\\\/\\\/diariodepe.com.br\\\/xinhua\\\/2023\\\/09\\\/19\\\/cupula-do-g77-mais-china-termina-com-enfase-no-empoderamento-do-sul-global\\\/\"]}]},{\"@type\":\"ImageObject\",\"inLanguage\":\"pt-BR\",\"@id\":\"https:\\\/\\\/diariodepe.com.br\\\/xinhua\\\/2023\\\/09\\\/19\\\/cupula-do-g77-mais-china-termina-com-enfase-no-empoderamento-do-sul-global\\\/#primaryimage\",\"url\":\"https:\\\/\\\/diariodepe.com.br\\\/xinhua\\\/wp-content\\\/uploads\\\/sites\\\/3\\\/2023\\\/09\\\/20230919c3494af30cf04c7c8c44eb72afe16a30_20230919eb329d8841b84df0af477bdbaef03780.jpeg\",\"contentUrl\":\"https:\\\/\\\/diariodepe.com.br\\\/xinhua\\\/wp-content\\\/uploads\\\/sites\\\/3\\\/2023\\\/09\\\/20230919c3494af30cf04c7c8c44eb72afe16a30_20230919eb329d8841b84df0af477bdbaef03780.jpeg\",\"width\":900,\"height\":596,\"caption\":\"Foto: Joaqu\u00edn Hernandez\\\/Xinhua\"},{\"@type\":\"BreadcrumbList\",\"@id\":\"https:\\\/\\\/diariodepe.com.br\\\/xinhua\\\/2023\\\/09\\\/19\\\/cupula-do-g77-mais-china-termina-com-enfase-no-empoderamento-do-sul-global\\\/#breadcrumb\",\"itemListElement\":[{\"@type\":\"ListItem\",\"position\":1,\"name\":\"In\u00edcio\",\"item\":\"https:\\\/\\\/diariodepe.com.br\\\/xinhua\\\/\"},{\"@type\":\"ListItem\",\"position\":2,\"name\":\"C\u00fapula do G77 mais China termina com \u00eanfase no empoderamento do Sul Global\"}]},{\"@type\":\"WebSite\",\"@id\":\"https:\\\/\\\/diariodepe.com.br\\\/xinhua\\\/#website\",\"url\":\"https:\\\/\\\/diariodepe.com.br\\\/xinhua\\\/\",\"name\":\"Xinhua - Diario de Pernambuco\",\"description\":\"A maior ag\u00eancia de not\u00edcias da China e um dos principais canais para conhecer o pa\u00eds\",\"publisher\":{\"@id\":\"https:\\\/\\\/diariodepe.com.br\\\/xinhua\\\/#organization\"},\"potentialAction\":[{\"@type\":\"SearchAction\",\"target\":{\"@type\":\"EntryPoint\",\"urlTemplate\":\"https:\\\/\\\/diariodepe.com.br\\\/xinhua\\\/?s={search_term_string}\"},\"query-input\":{\"@type\":\"PropertyValueSpecification\",\"valueRequired\":true,\"valueName\":\"search_term_string\"}}],\"inLanguage\":\"pt-BR\"},{\"@type\":\"Organization\",\"@id\":\"https:\\\/\\\/diariodepe.com.br\\\/xinhua\\\/#organization\",\"name\":\"Xinhua - Diario de Pernambuco\",\"url\":\"https:\\\/\\\/diariodepe.com.br\\\/xinhua\\\/\",\"logo\":{\"@type\":\"ImageObject\",\"inLanguage\":\"pt-BR\",\"@id\":\"https:\\\/\\\/diariodepe.com.br\\\/xinhua\\\/#\\\/schema\\\/logo\\\/image\\\/\",\"url\":\"https:\\\/\\\/diariodepe.com.br\\\/xinhua\\\/wp-content\\\/uploads\\\/sites\\\/3\\\/2020\\\/10\\\/cropped-logo-transparente-2.png\",\"contentUrl\":\"https:\\\/\\\/diariodepe.com.br\\\/xinhua\\\/wp-content\\\/uploads\\\/sites\\\/3\\\/2020\\\/10\\\/cropped-logo-transparente-2.png\",\"width\":512,\"height\":164,\"caption\":\"Xinhua - Diario de Pernambuco\"},\"image\":{\"@id\":\"https:\\\/\\\/diariodepe.com.br\\\/xinhua\\\/#\\\/schema\\\/logo\\\/image\\\/\"}},{\"@type\":\"Person\",\"@id\":\"https:\\\/\\\/diariodepe.com.br\\\/xinhua\\\/#\\\/schema\\\/person\\\/0943d6fd02bdc7b49c8f495e8787a2cb\",\"name\":\"Marcelo Oliveira de A. Maranhao\",\"image\":{\"@type\":\"ImageObject\",\"inLanguage\":\"pt-BR\",\"@id\":\"https:\\\/\\\/secure.gravatar.com\\\/avatar\\\/f562caee940d39879c20e90eea3e4b21860c7d4c96684c23141c554824f0059c?s=96&d=mm&r=g\",\"url\":\"https:\\\/\\\/secure.gravatar.com\\\/avatar\\\/f562caee940d39879c20e90eea3e4b21860c7d4c96684c23141c554824f0059c?s=96&d=mm&r=g\",\"contentUrl\":\"https:\\\/\\\/secure.gravatar.com\\\/avatar\\\/f562caee940d39879c20e90eea3e4b21860c7d4c96684c23141c554824f0059c?s=96&d=mm&r=g\",\"caption\":\"Marcelo Oliveira de A. Maranhao\"},\"url\":\"https:\\\/\\\/diariodepe.com.br\\\/xinhua\\\/author\\\/marcelo-maranhao\\\/\"}]}<\/script>\n<!-- \/ Yoast SEO plugin. -->","yoast_head_json":{"title":"C\u00fapula do G77 mais China termina com \u00eanfase no empoderamento do Sul Global - Xinhua - Diario de Pernambuco","robots":{"index":"index","follow":"follow","max-snippet":"max-snippet:-1","max-image-preview":"max-image-preview:large","max-video-preview":"max-video-preview:-1"},"canonical":"https:\/\/diariodepe.com.br\/xinhua\/2023\/09\/19\/cupula-do-g77-mais-china-termina-com-enfase-no-empoderamento-do-sul-global\/","og_locale":"pt_BR","og_type":"article","og_title":"C\u00fapula do G77 mais China termina com \u00eanfase no empoderamento do Sul Global - Xinhua - Diario de Pernambuco","og_description":"* A c\u00fapula de dois dias do Grupo dos 77 (G77) mais China foi conclu\u00edda no s\u00e1bado com um apelo a uma maior participa\u00e7\u00e3o e voz do Sul Global no sistema de governan\u00e7a global. * Classificando o grupo como &#8220;um...","og_url":"https:\/\/diariodepe.com.br\/xinhua\/2023\/09\/19\/cupula-do-g77-mais-china-termina-com-enfase-no-empoderamento-do-sul-global\/","og_site_name":"Xinhua - Diario de Pernambuco","article_published_time":"2023-09-19T11:06:31+00:00","article_modified_time":"2023-09-19T11:06:34+00:00","og_image":[{"width":900,"height":596,"url":"https:\/\/diariodepe.com.br\/xinhua\/wp-content\/uploads\/sites\/3\/2023\/09\/20230919c3494af30cf04c7c8c44eb72afe16a30_20230919eb329d8841b84df0af477bdbaef03780.jpeg","type":"image\/jpeg"}],"author":"Marcelo Oliveira de A. Maranhao","twitter_card":"summary_large_image","twitter_misc":{"Escrito por":"Marcelo Oliveira de A. Maranhao","Est. tempo de leitura":"6 minutos"},"schema":{"@context":"https:\/\/schema.org","@graph":[{"@type":"Article","@id":"https:\/\/diariodepe.com.br\/xinhua\/2023\/09\/19\/cupula-do-g77-mais-china-termina-com-enfase-no-empoderamento-do-sul-global\/#article","isPartOf":{"@id":"https:\/\/diariodepe.com.br\/xinhua\/2023\/09\/19\/cupula-do-g77-mais-china-termina-com-enfase-no-empoderamento-do-sul-global\/"},"author":{"name":"Marcelo Oliveira de A. Maranhao","@id":"https:\/\/diariodepe.com.br\/xinhua\/#\/schema\/person\/0943d6fd02bdc7b49c8f495e8787a2cb"},"headline":"C\u00fapula do G77 mais China termina com \u00eanfase no empoderamento do Sul Global","datePublished":"2023-09-19T11:06:31+00:00","dateModified":"2023-09-19T11:06:34+00:00","mainEntityOfPage":{"@id":"https:\/\/diariodepe.com.br\/xinhua\/2023\/09\/19\/cupula-do-g77-mais-china-termina-com-enfase-no-empoderamento-do-sul-global\/"},"wordCount":1110,"commentCount":0,"publisher":{"@id":"https:\/\/diariodepe.com.br\/xinhua\/#organization"},"image":{"@id":"https:\/\/diariodepe.com.br\/xinhua\/2023\/09\/19\/cupula-do-g77-mais-china-termina-com-enfase-no-empoderamento-do-sul-global\/#primaryimage"},"thumbnailUrl":"https:\/\/diariodepe.com.br\/xinhua\/wp-content\/uploads\/sites\/3\/2023\/09\/20230919c3494af30cf04c7c8c44eb72afe16a30_20230919eb329d8841b84df0af477bdbaef03780.jpeg","articleSection":["Internacional"],"inLanguage":"pt-BR","potentialAction":[{"@type":"CommentAction","name":"Comment","target":["https:\/\/diariodepe.com.br\/xinhua\/2023\/09\/19\/cupula-do-g77-mais-china-termina-com-enfase-no-empoderamento-do-sul-global\/#respond"]}]},{"@type":"WebPage","@id":"https:\/\/diariodepe.com.br\/xinhua\/2023\/09\/19\/cupula-do-g77-mais-china-termina-com-enfase-no-empoderamento-do-sul-global\/","url":"https:\/\/diariodepe.com.br\/xinhua\/2023\/09\/19\/cupula-do-g77-mais-china-termina-com-enfase-no-empoderamento-do-sul-global\/","name":"C\u00fapula do G77 mais China termina com \u00eanfase no empoderamento do Sul Global - Xinhua - Diario de Pernambuco","isPartOf":{"@id":"https:\/\/diariodepe.com.br\/xinhua\/#website"},"primaryImageOfPage":{"@id":"https:\/\/diariodepe.com.br\/xinhua\/2023\/09\/19\/cupula-do-g77-mais-china-termina-com-enfase-no-empoderamento-do-sul-global\/#primaryimage"},"image":{"@id":"https:\/\/diariodepe.com.br\/xinhua\/2023\/09\/19\/cupula-do-g77-mais-china-termina-com-enfase-no-empoderamento-do-sul-global\/#primaryimage"},"thumbnailUrl":"https:\/\/diariodepe.com.br\/xinhua\/wp-content\/uploads\/sites\/3\/2023\/09\/20230919c3494af30cf04c7c8c44eb72afe16a30_20230919eb329d8841b84df0af477bdbaef03780.jpeg","datePublished":"2023-09-19T11:06:31+00:00","dateModified":"2023-09-19T11:06:34+00:00","breadcrumb":{"@id":"https:\/\/diariodepe.com.br\/xinhua\/2023\/09\/19\/cupula-do-g77-mais-china-termina-com-enfase-no-empoderamento-do-sul-global\/#breadcrumb"},"inLanguage":"pt-BR","potentialAction":[{"@type":"ReadAction","target":["https:\/\/diariodepe.com.br\/xinhua\/2023\/09\/19\/cupula-do-g77-mais-china-termina-com-enfase-no-empoderamento-do-sul-global\/"]}]},{"@type":"ImageObject","inLanguage":"pt-BR","@id":"https:\/\/diariodepe.com.br\/xinhua\/2023\/09\/19\/cupula-do-g77-mais-china-termina-com-enfase-no-empoderamento-do-sul-global\/#primaryimage","url":"https:\/\/diariodepe.com.br\/xinhua\/wp-content\/uploads\/sites\/3\/2023\/09\/20230919c3494af30cf04c7c8c44eb72afe16a30_20230919eb329d8841b84df0af477bdbaef03780.jpeg","contentUrl":"https:\/\/diariodepe.com.br\/xinhua\/wp-content\/uploads\/sites\/3\/2023\/09\/20230919c3494af30cf04c7c8c44eb72afe16a30_20230919eb329d8841b84df0af477bdbaef03780.jpeg","width":900,"height":596,"caption":"Foto: Joaqu\u00edn Hernandez\/Xinhua"},{"@type":"BreadcrumbList","@id":"https:\/\/diariodepe.com.br\/xinhua\/2023\/09\/19\/cupula-do-g77-mais-china-termina-com-enfase-no-empoderamento-do-sul-global\/#breadcrumb","itemListElement":[{"@type":"ListItem","position":1,"name":"In\u00edcio","item":"https:\/\/diariodepe.com.br\/xinhua\/"},{"@type":"ListItem","position":2,"name":"C\u00fapula do G77 mais China termina com \u00eanfase no empoderamento do Sul Global"}]},{"@type":"WebSite","@id":"https:\/\/diariodepe.com.br\/xinhua\/#website","url":"https:\/\/diariodepe.com.br\/xinhua\/","name":"Xinhua - Diario de Pernambuco","description":"A maior ag\u00eancia de not\u00edcias da China e um dos principais canais para conhecer o pa\u00eds","publisher":{"@id":"https:\/\/diariodepe.com.br\/xinhua\/#organization"},"potentialAction":[{"@type":"SearchAction","target":{"@type":"EntryPoint","urlTemplate":"https:\/\/diariodepe.com.br\/xinhua\/?s={search_term_string}"},"query-input":{"@type":"PropertyValueSpecification","valueRequired":true,"valueName":"search_term_string"}}],"inLanguage":"pt-BR"},{"@type":"Organization","@id":"https:\/\/diariodepe.com.br\/xinhua\/#organization","name":"Xinhua - Diario de Pernambuco","url":"https:\/\/diariodepe.com.br\/xinhua\/","logo":{"@type":"ImageObject","inLanguage":"pt-BR","@id":"https:\/\/diariodepe.com.br\/xinhua\/#\/schema\/logo\/image\/","url":"https:\/\/diariodepe.com.br\/xinhua\/wp-content\/uploads\/sites\/3\/2020\/10\/cropped-logo-transparente-2.png","contentUrl":"https:\/\/diariodepe.com.br\/xinhua\/wp-content\/uploads\/sites\/3\/2020\/10\/cropped-logo-transparente-2.png","width":512,"height":164,"caption":"Xinhua - Diario de Pernambuco"},"image":{"@id":"https:\/\/diariodepe.com.br\/xinhua\/#\/schema\/logo\/image\/"}},{"@type":"Person","@id":"https:\/\/diariodepe.com.br\/xinhua\/#\/schema\/person\/0943d6fd02bdc7b49c8f495e8787a2cb","name":"Marcelo Oliveira de A. Maranhao","image":{"@type":"ImageObject","inLanguage":"pt-BR","@id":"https:\/\/secure.gravatar.com\/avatar\/f562caee940d39879c20e90eea3e4b21860c7d4c96684c23141c554824f0059c?s=96&d=mm&r=g","url":"https:\/\/secure.gravatar.com\/avatar\/f562caee940d39879c20e90eea3e4b21860c7d4c96684c23141c554824f0059c?s=96&d=mm&r=g","contentUrl":"https:\/\/secure.gravatar.com\/avatar\/f562caee940d39879c20e90eea3e4b21860c7d4c96684c23141c554824f0059c?s=96&d=mm&r=g","caption":"Marcelo Oliveira de A. Maranhao"},"url":"https:\/\/diariodepe.com.br\/xinhua\/author\/marcelo-maranhao\/"}]}},"cc_featured_image_caption":{"caption_text":"","source_text":"","source_url":""},"amp_enabled":true,"_links":{"self":[{"href":"https:\/\/diariodepe.com.br\/xinhua\/wp-json\/wp\/v2\/posts\/15345","targetHints":{"allow":["GET"]}}],"collection":[{"href":"https:\/\/diariodepe.com.br\/xinhua\/wp-json\/wp\/v2\/posts"}],"about":[{"href":"https:\/\/diariodepe.com.br\/xinhua\/wp-json\/wp\/v2\/types\/post"}],"author":[{"embeddable":true,"href":"https:\/\/diariodepe.com.br\/xinhua\/wp-json\/wp\/v2\/users\/3"}],"replies":[{"embeddable":true,"href":"https:\/\/diariodepe.com.br\/xinhua\/wp-json\/wp\/v2\/comments?post=15345"}],"version-history":[{"count":1,"href":"https:\/\/diariodepe.com.br\/xinhua\/wp-json\/wp\/v2\/posts\/15345\/revisions"}],"predecessor-version":[{"id":15347,"href":"https:\/\/diariodepe.com.br\/xinhua\/wp-json\/wp\/v2\/posts\/15345\/revisions\/15347"}],"wp:featuredmedia":[{"embeddable":true,"href":"https:\/\/diariodepe.com.br\/xinhua\/wp-json\/wp\/v2\/media\/15346"}],"wp:attachment":[{"href":"https:\/\/diariodepe.com.br\/xinhua\/wp-json\/wp\/v2\/media?parent=15345"}],"wp:term":[{"taxonomy":"category","embeddable":true,"href":"https:\/\/diariodepe.com.br\/xinhua\/wp-json\/wp\/v2\/categories?post=15345"},{"taxonomy":"post_tag","embeddable":true,"href":"https:\/\/diariodepe.com.br\/xinhua\/wp-json\/wp\/v2\/tags?post=15345"}],"curies":[{"name":"wp","href":"https:\/\/api.w.org\/{rel}","templated":true}]}}