{"id":15342,"date":"2023-09-18T15:31:00","date_gmt":"2023-09-18T18:31:00","guid":{"rendered":"https:\/\/www.diariodepe.com.br\/xinhua\/?p=15342"},"modified":"2023-09-18T09:33:16","modified_gmt":"2023-09-18T12:33:16","slug":"federacao-chinesa-de-pessoas-com-deficiencia-convoca-congresso-nacional","status":"publish","type":"post","link":"https:\/\/diariodepe.com.br\/xinhua\/2023\/09\/18\/federacao-chinesa-de-pessoas-com-deficiencia-convoca-congresso-nacional\/","title":{"rendered":"Federa\u00e7\u00e3o chinesa de pessoas com defici\u00eancia convoca congresso nacional"},"content":{"rendered":"\n<p>Beijing &#8211; A Federa\u00e7\u00e3o Chinesa de Pessoas com Defici\u00eancia convocou seu oitavo congresso nacional em Beijing nesta segunda-feira.<\/p>\n\n\n\n<p>O presidente Xi Jinping, tamb\u00e9m secret\u00e1rio-geral do Comit\u00ea Central do Partido Comunista da China (PCCh) e presidente da Comiss\u00e3o Militar Central, participou do evento com outros l\u00edderes do Partido e do Estado, incluindo Li Qiang, Zhao Leji, Wang Huning e Cai Qi. Ding Xuexiang fez um discurso na cerim\u00f4nia de abertura em nome do Comit\u00ea Central do PCCh e do Conselho de Estado.<\/p>\n\n\n\n<p>O evento, realizado no Grande Pal\u00e1cio do Povo, contou com a participa\u00e7\u00e3o de mais de 600 delegados que representam cerca de 85 milh\u00f5es de pessoas com defici\u00eancia na China.<\/p>\n\n\n\n<p>Quando Xi e outros l\u00edderes entraram no local, o p\u00fablico aplaudiu calorosamente.<\/p>\n\n\n\n<p>Em seu discurso, Ding disse que os programas do pa\u00eds para pessoas com defici\u00eancia t\u00eam se desenvolvido de maneira vigorosa sob a firme lideran\u00e7a do Comit\u00ea Central do PCCh, com o camarada Xi Jinping no n\u00facleo.<\/p>\n\n\n\n<p>Ele assinalou que a China alcan\u00e7ou, dentro do prazo, a meta de construir uma sociedade moderadamente pr\u00f3spera em todos os aspectos e que nenhuma pessoa com defici\u00eancia \u00e9 deixada para tr\u00e1s.<\/p>\n\n\n\n<p>Ding enfatizou os esfor\u00e7os para implementar de forma abrangente as importantes observa\u00e7\u00f5es e instru\u00e7\u00f5es de Xi, aderir aos valores de igualdade, integra\u00e7\u00e3o e compartilhamento e concentrar-se na tarefa de promover a prosperidade comum entre as pessoas com defici\u00eancia para promover o desenvolvimento completo dos programas para pessoas com defici\u00eancia.<\/p>\n\n\n\n<p>Ele pediu esfor\u00e7os conjuntos para criar uma vida melhor e mais feliz para as pessoas com defici\u00eancia na busca da moderniza\u00e7\u00e3o chinesa.<\/p>\n\n\n\n<p>Zhang Haidi, presidente da Federa\u00e7\u00e3o Chinesa de Pessoas com Defici\u00eancia, apresentou um relat\u00f3rio de trabalho no evento.<\/p>\n","protected":false},"excerpt":{"rendered":"<p>Beijing &#8211; A Federa\u00e7\u00e3o Chinesa de Pessoas com Defici\u00eancia convocou seu oitavo congresso nacional em Beijing nesta segunda-feira. O presidente Xi Jinping, tamb\u00e9m secret\u00e1rio-geral do Comit\u00ea Central do Partido Comunista da China (PCCh) e presidente da Comiss\u00e3o Militar Central, participou&#8230;<\/p>\n","protected":false},"author":3,"featured_media":0,"comment_status":"open","ping_status":"open","sticky":false,"template":"","format":"standard","meta":{"footnotes":""},"categories":[3],"tags":[],"class_list":["post-15342","post","type-post","status-publish","format-standard","hentry","category-china"],"yoast_head":"<!-- This site is optimized with the Yoast SEO plugin v27.4 - https:\/\/yoast.com\/product\/yoast-seo-wordpress\/ -->\n<title>Federa\u00e7\u00e3o chinesa de pessoas com defici\u00eancia convoca congresso nacional - Xinhua - Diario de Pernambuco<\/title>\n<meta name=\"robots\" content=\"index, follow, max-snippet:-1, max-image-preview:large, max-video-preview:-1\" \/>\n<link rel=\"canonical\" href=\"https:\/\/diariodepe.com.br\/xinhua\/2023\/09\/18\/federacao-chinesa-de-pessoas-com-deficiencia-convoca-congresso-nacional\/\" \/>\n<meta property=\"og:locale\" content=\"pt_BR\" \/>\n<meta property=\"og:type\" content=\"article\" \/>\n<meta property=\"og:title\" content=\"Federa\u00e7\u00e3o chinesa de pessoas com defici\u00eancia convoca congresso nacional - Xinhua - Diario de Pernambuco\" \/>\n<meta property=\"og:description\" content=\"Beijing &#8211; A Federa\u00e7\u00e3o Chinesa de Pessoas com Defici\u00eancia convocou seu oitavo congresso nacional em Beijing nesta segunda-feira. O presidente Xi Jinping, tamb\u00e9m secret\u00e1rio-geral do Comit\u00ea Central do Partido Comunista da China (PCCh) e presidente da Comiss\u00e3o Militar Central, participou...\" \/>\n<meta property=\"og:url\" content=\"https:\/\/diariodepe.com.br\/xinhua\/2023\/09\/18\/federacao-chinesa-de-pessoas-com-deficiencia-convoca-congresso-nacional\/\" \/>\n<meta property=\"og:site_name\" content=\"Xinhua - Diario de Pernambuco\" \/>\n<meta property=\"article:published_time\" content=\"2023-09-18T18:31:00+00:00\" \/>\n<meta name=\"author\" content=\"Marcelo Oliveira de A. Maranhao\" \/>\n<meta name=\"twitter:card\" content=\"summary_large_image\" \/>\n<meta name=\"twitter:label1\" content=\"Escrito por\" \/>\n\t<meta name=\"twitter:data1\" content=\"Marcelo Oliveira de A. Maranhao\" \/>\n\t<meta name=\"twitter:label2\" content=\"Est. tempo de leitura\" \/>\n\t<meta name=\"twitter:data2\" content=\"2 minutos\" \/>\n<script type=\"application\/ld+json\" class=\"yoast-schema-graph\">{\"@context\":\"https:\\\/\\\/schema.org\",\"@graph\":[{\"@type\":\"Article\",\"@id\":\"https:\\\/\\\/diariodepe.com.br\\\/xinhua\\\/2023\\\/09\\\/18\\\/federacao-chinesa-de-pessoas-com-deficiencia-convoca-congresso-nacional\\\/#article\",\"isPartOf\":{\"@id\":\"https:\\\/\\\/diariodepe.com.br\\\/xinhua\\\/2023\\\/09\\\/18\\\/federacao-chinesa-de-pessoas-com-deficiencia-convoca-congresso-nacional\\\/\"},\"author\":{\"name\":\"Marcelo Oliveira de A. Maranhao\",\"@id\":\"https:\\\/\\\/diariodepe.com.br\\\/xinhua\\\/#\\\/schema\\\/person\\\/0943d6fd02bdc7b49c8f495e8787a2cb\"},\"headline\":\"Federa\u00e7\u00e3o chinesa de pessoas com defici\u00eancia convoca congresso nacional\",\"datePublished\":\"2023-09-18T18:31:00+00:00\",\"mainEntityOfPage\":{\"@id\":\"https:\\\/\\\/diariodepe.com.br\\\/xinhua\\\/2023\\\/09\\\/18\\\/federacao-chinesa-de-pessoas-com-deficiencia-convoca-congresso-nacional\\\/\"},\"wordCount\":319,\"commentCount\":0,\"publisher\":{\"@id\":\"https:\\\/\\\/diariodepe.com.br\\\/xinhua\\\/#organization\"},\"articleSection\":[\"China\"],\"inLanguage\":\"pt-BR\",\"potentialAction\":[{\"@type\":\"CommentAction\",\"name\":\"Comment\",\"target\":[\"https:\\\/\\\/diariodepe.com.br\\\/xinhua\\\/2023\\\/09\\\/18\\\/federacao-chinesa-de-pessoas-com-deficiencia-convoca-congresso-nacional\\\/#respond\"]}]},{\"@type\":\"WebPage\",\"@id\":\"https:\\\/\\\/diariodepe.com.br\\\/xinhua\\\/2023\\\/09\\\/18\\\/federacao-chinesa-de-pessoas-com-deficiencia-convoca-congresso-nacional\\\/\",\"url\":\"https:\\\/\\\/diariodepe.com.br\\\/xinhua\\\/2023\\\/09\\\/18\\\/federacao-chinesa-de-pessoas-com-deficiencia-convoca-congresso-nacional\\\/\",\"name\":\"Federa\u00e7\u00e3o chinesa de pessoas com defici\u00eancia convoca congresso nacional - Xinhua - Diario de Pernambuco\",\"isPartOf\":{\"@id\":\"https:\\\/\\\/diariodepe.com.br\\\/xinhua\\\/#website\"},\"datePublished\":\"2023-09-18T18:31:00+00:00\",\"breadcrumb\":{\"@id\":\"https:\\\/\\\/diariodepe.com.br\\\/xinhua\\\/2023\\\/09\\\/18\\\/federacao-chinesa-de-pessoas-com-deficiencia-convoca-congresso-nacional\\\/#breadcrumb\"},\"inLanguage\":\"pt-BR\",\"potentialAction\":[{\"@type\":\"ReadAction\",\"target\":[\"https:\\\/\\\/diariodepe.com.br\\\/xinhua\\\/2023\\\/09\\\/18\\\/federacao-chinesa-de-pessoas-com-deficiencia-convoca-congresso-nacional\\\/\"]}]},{\"@type\":\"BreadcrumbList\",\"@id\":\"https:\\\/\\\/diariodepe.com.br\\\/xinhua\\\/2023\\\/09\\\/18\\\/federacao-chinesa-de-pessoas-com-deficiencia-convoca-congresso-nacional\\\/#breadcrumb\",\"itemListElement\":[{\"@type\":\"ListItem\",\"position\":1,\"name\":\"In\u00edcio\",\"item\":\"https:\\\/\\\/diariodepe.com.br\\\/xinhua\\\/\"},{\"@type\":\"ListItem\",\"position\":2,\"name\":\"Federa\u00e7\u00e3o chinesa de pessoas com defici\u00eancia convoca congresso nacional\"}]},{\"@type\":\"WebSite\",\"@id\":\"https:\\\/\\\/diariodepe.com.br\\\/xinhua\\\/#website\",\"url\":\"https:\\\/\\\/diariodepe.com.br\\\/xinhua\\\/\",\"name\":\"Xinhua - Diario de Pernambuco\",\"description\":\"A maior ag\u00eancia de not\u00edcias da China e um dos principais canais para conhecer o pa\u00eds\",\"publisher\":{\"@id\":\"https:\\\/\\\/diariodepe.com.br\\\/xinhua\\\/#organization\"},\"potentialAction\":[{\"@type\":\"SearchAction\",\"target\":{\"@type\":\"EntryPoint\",\"urlTemplate\":\"https:\\\/\\\/diariodepe.com.br\\\/xinhua\\\/?s={search_term_string}\"},\"query-input\":{\"@type\":\"PropertyValueSpecification\",\"valueRequired\":true,\"valueName\":\"search_term_string\"}}],\"inLanguage\":\"pt-BR\"},{\"@type\":\"Organization\",\"@id\":\"https:\\\/\\\/diariodepe.com.br\\\/xinhua\\\/#organization\",\"name\":\"Xinhua - Diario de Pernambuco\",\"url\":\"https:\\\/\\\/diariodepe.com.br\\\/xinhua\\\/\",\"logo\":{\"@type\":\"ImageObject\",\"inLanguage\":\"pt-BR\",\"@id\":\"https:\\\/\\\/diariodepe.com.br\\\/xinhua\\\/#\\\/schema\\\/logo\\\/image\\\/\",\"url\":\"https:\\\/\\\/diariodepe.com.br\\\/xinhua\\\/wp-content\\\/uploads\\\/sites\\\/3\\\/2020\\\/10\\\/cropped-logo-transparente-2.png\",\"contentUrl\":\"https:\\\/\\\/diariodepe.com.br\\\/xinhua\\\/wp-content\\\/uploads\\\/sites\\\/3\\\/2020\\\/10\\\/cropped-logo-transparente-2.png\",\"width\":512,\"height\":164,\"caption\":\"Xinhua - Diario de Pernambuco\"},\"image\":{\"@id\":\"https:\\\/\\\/diariodepe.com.br\\\/xinhua\\\/#\\\/schema\\\/logo\\\/image\\\/\"}},{\"@type\":\"Person\",\"@id\":\"https:\\\/\\\/diariodepe.com.br\\\/xinhua\\\/#\\\/schema\\\/person\\\/0943d6fd02bdc7b49c8f495e8787a2cb\",\"name\":\"Marcelo Oliveira de A. Maranhao\",\"image\":{\"@type\":\"ImageObject\",\"inLanguage\":\"pt-BR\",\"@id\":\"https:\\\/\\\/secure.gravatar.com\\\/avatar\\\/f562caee940d39879c20e90eea3e4b21860c7d4c96684c23141c554824f0059c?s=96&d=mm&r=g\",\"url\":\"https:\\\/\\\/secure.gravatar.com\\\/avatar\\\/f562caee940d39879c20e90eea3e4b21860c7d4c96684c23141c554824f0059c?s=96&d=mm&r=g\",\"contentUrl\":\"https:\\\/\\\/secure.gravatar.com\\\/avatar\\\/f562caee940d39879c20e90eea3e4b21860c7d4c96684c23141c554824f0059c?s=96&d=mm&r=g\",\"caption\":\"Marcelo Oliveira de A. Maranhao\"},\"url\":\"https:\\\/\\\/diariodepe.com.br\\\/xinhua\\\/author\\\/marcelo-maranhao\\\/\"}]}<\/script>\n<!-- \/ Yoast SEO plugin. -->","yoast_head_json":{"title":"Federa\u00e7\u00e3o chinesa de pessoas com defici\u00eancia convoca congresso nacional - Xinhua - Diario de Pernambuco","robots":{"index":"index","follow":"follow","max-snippet":"max-snippet:-1","max-image-preview":"max-image-preview:large","max-video-preview":"max-video-preview:-1"},"canonical":"https:\/\/diariodepe.com.br\/xinhua\/2023\/09\/18\/federacao-chinesa-de-pessoas-com-deficiencia-convoca-congresso-nacional\/","og_locale":"pt_BR","og_type":"article","og_title":"Federa\u00e7\u00e3o chinesa de pessoas com defici\u00eancia convoca congresso nacional - Xinhua - Diario de Pernambuco","og_description":"Beijing &#8211; A Federa\u00e7\u00e3o Chinesa de Pessoas com Defici\u00eancia convocou seu oitavo congresso nacional em Beijing nesta segunda-feira. O presidente Xi Jinping, tamb\u00e9m secret\u00e1rio-geral do Comit\u00ea Central do Partido Comunista da China (PCCh) e presidente da Comiss\u00e3o Militar Central, participou...","og_url":"https:\/\/diariodepe.com.br\/xinhua\/2023\/09\/18\/federacao-chinesa-de-pessoas-com-deficiencia-convoca-congresso-nacional\/","og_site_name":"Xinhua - Diario de Pernambuco","article_published_time":"2023-09-18T18:31:00+00:00","author":"Marcelo Oliveira de A. Maranhao","twitter_card":"summary_large_image","twitter_misc":{"Escrito por":"Marcelo Oliveira de A. Maranhao","Est. tempo de leitura":"2 minutos"},"schema":{"@context":"https:\/\/schema.org","@graph":[{"@type":"Article","@id":"https:\/\/diariodepe.com.br\/xinhua\/2023\/09\/18\/federacao-chinesa-de-pessoas-com-deficiencia-convoca-congresso-nacional\/#article","isPartOf":{"@id":"https:\/\/diariodepe.com.br\/xinhua\/2023\/09\/18\/federacao-chinesa-de-pessoas-com-deficiencia-convoca-congresso-nacional\/"},"author":{"name":"Marcelo Oliveira de A. Maranhao","@id":"https:\/\/diariodepe.com.br\/xinhua\/#\/schema\/person\/0943d6fd02bdc7b49c8f495e8787a2cb"},"headline":"Federa\u00e7\u00e3o chinesa de pessoas com defici\u00eancia convoca congresso nacional","datePublished":"2023-09-18T18:31:00+00:00","mainEntityOfPage":{"@id":"https:\/\/diariodepe.com.br\/xinhua\/2023\/09\/18\/federacao-chinesa-de-pessoas-com-deficiencia-convoca-congresso-nacional\/"},"wordCount":319,"commentCount":0,"publisher":{"@id":"https:\/\/diariodepe.com.br\/xinhua\/#organization"},"articleSection":["China"],"inLanguage":"pt-BR","potentialAction":[{"@type":"CommentAction","name":"Comment","target":["https:\/\/diariodepe.com.br\/xinhua\/2023\/09\/18\/federacao-chinesa-de-pessoas-com-deficiencia-convoca-congresso-nacional\/#respond"]}]},{"@type":"WebPage","@id":"https:\/\/diariodepe.com.br\/xinhua\/2023\/09\/18\/federacao-chinesa-de-pessoas-com-deficiencia-convoca-congresso-nacional\/","url":"https:\/\/diariodepe.com.br\/xinhua\/2023\/09\/18\/federacao-chinesa-de-pessoas-com-deficiencia-convoca-congresso-nacional\/","name":"Federa\u00e7\u00e3o chinesa de pessoas com defici\u00eancia convoca congresso nacional - Xinhua - Diario de Pernambuco","isPartOf":{"@id":"https:\/\/diariodepe.com.br\/xinhua\/#website"},"datePublished":"2023-09-18T18:31:00+00:00","breadcrumb":{"@id":"https:\/\/diariodepe.com.br\/xinhua\/2023\/09\/18\/federacao-chinesa-de-pessoas-com-deficiencia-convoca-congresso-nacional\/#breadcrumb"},"inLanguage":"pt-BR","potentialAction":[{"@type":"ReadAction","target":["https:\/\/diariodepe.com.br\/xinhua\/2023\/09\/18\/federacao-chinesa-de-pessoas-com-deficiencia-convoca-congresso-nacional\/"]}]},{"@type":"BreadcrumbList","@id":"https:\/\/diariodepe.com.br\/xinhua\/2023\/09\/18\/federacao-chinesa-de-pessoas-com-deficiencia-convoca-congresso-nacional\/#breadcrumb","itemListElement":[{"@type":"ListItem","position":1,"name":"In\u00edcio","item":"https:\/\/diariodepe.com.br\/xinhua\/"},{"@type":"ListItem","position":2,"name":"Federa\u00e7\u00e3o chinesa de pessoas com defici\u00eancia convoca congresso nacional"}]},{"@type":"WebSite","@id":"https:\/\/diariodepe.com.br\/xinhua\/#website","url":"https:\/\/diariodepe.com.br\/xinhua\/","name":"Xinhua - Diario de Pernambuco","description":"A maior ag\u00eancia de not\u00edcias da China e um dos principais canais para conhecer o pa\u00eds","publisher":{"@id":"https:\/\/diariodepe.com.br\/xinhua\/#organization"},"potentialAction":[{"@type":"SearchAction","target":{"@type":"EntryPoint","urlTemplate":"https:\/\/diariodepe.com.br\/xinhua\/?s={search_term_string}"},"query-input":{"@type":"PropertyValueSpecification","valueRequired":true,"valueName":"search_term_string"}}],"inLanguage":"pt-BR"},{"@type":"Organization","@id":"https:\/\/diariodepe.com.br\/xinhua\/#organization","name":"Xinhua - Diario de Pernambuco","url":"https:\/\/diariodepe.com.br\/xinhua\/","logo":{"@type":"ImageObject","inLanguage":"pt-BR","@id":"https:\/\/diariodepe.com.br\/xinhua\/#\/schema\/logo\/image\/","url":"https:\/\/diariodepe.com.br\/xinhua\/wp-content\/uploads\/sites\/3\/2020\/10\/cropped-logo-transparente-2.png","contentUrl":"https:\/\/diariodepe.com.br\/xinhua\/wp-content\/uploads\/sites\/3\/2020\/10\/cropped-logo-transparente-2.png","width":512,"height":164,"caption":"Xinhua - Diario de Pernambuco"},"image":{"@id":"https:\/\/diariodepe.com.br\/xinhua\/#\/schema\/logo\/image\/"}},{"@type":"Person","@id":"https:\/\/diariodepe.com.br\/xinhua\/#\/schema\/person\/0943d6fd02bdc7b49c8f495e8787a2cb","name":"Marcelo Oliveira de A. Maranhao","image":{"@type":"ImageObject","inLanguage":"pt-BR","@id":"https:\/\/secure.gravatar.com\/avatar\/f562caee940d39879c20e90eea3e4b21860c7d4c96684c23141c554824f0059c?s=96&d=mm&r=g","url":"https:\/\/secure.gravatar.com\/avatar\/f562caee940d39879c20e90eea3e4b21860c7d4c96684c23141c554824f0059c?s=96&d=mm&r=g","contentUrl":"https:\/\/secure.gravatar.com\/avatar\/f562caee940d39879c20e90eea3e4b21860c7d4c96684c23141c554824f0059c?s=96&d=mm&r=g","caption":"Marcelo Oliveira de A. Maranhao"},"url":"https:\/\/diariodepe.com.br\/xinhua\/author\/marcelo-maranhao\/"}]}},"cc_featured_image_caption":{"caption_text":"","source_text":"","source_url":""},"amp_enabled":true,"_links":{"self":[{"href":"https:\/\/diariodepe.com.br\/xinhua\/wp-json\/wp\/v2\/posts\/15342","targetHints":{"allow":["GET"]}}],"collection":[{"href":"https:\/\/diariodepe.com.br\/xinhua\/wp-json\/wp\/v2\/posts"}],"about":[{"href":"https:\/\/diariodepe.com.br\/xinhua\/wp-json\/wp\/v2\/types\/post"}],"author":[{"embeddable":true,"href":"https:\/\/diariodepe.com.br\/xinhua\/wp-json\/wp\/v2\/users\/3"}],"replies":[{"embeddable":true,"href":"https:\/\/diariodepe.com.br\/xinhua\/wp-json\/wp\/v2\/comments?post=15342"}],"version-history":[{"count":1,"href":"https:\/\/diariodepe.com.br\/xinhua\/wp-json\/wp\/v2\/posts\/15342\/revisions"}],"predecessor-version":[{"id":15343,"href":"https:\/\/diariodepe.com.br\/xinhua\/wp-json\/wp\/v2\/posts\/15342\/revisions\/15343"}],"wp:attachment":[{"href":"https:\/\/diariodepe.com.br\/xinhua\/wp-json\/wp\/v2\/media?parent=15342"}],"wp:term":[{"taxonomy":"category","embeddable":true,"href":"https:\/\/diariodepe.com.br\/xinhua\/wp-json\/wp\/v2\/categories?post=15342"},{"taxonomy":"post_tag","embeddable":true,"href":"https:\/\/diariodepe.com.br\/xinhua\/wp-json\/wp\/v2\/tags?post=15342"}],"curies":[{"name":"wp","href":"https:\/\/api.w.org\/{rel}","templated":true}]}}