{"id":15295,"date":"2023-09-15T13:04:26","date_gmt":"2023-09-15T16:04:26","guid":{"rendered":"https:\/\/www.diariodepe.com.br\/xinhua\/?p=15295"},"modified":"2023-09-15T13:04:29","modified_gmt":"2023-09-15T16:04:29","slug":"stf-condena-acusados-de-tentativa-de-golpe-de-estado-a-17-e-14-anos-de-prisao","status":"publish","type":"post","link":"https:\/\/diariodepe.com.br\/xinhua\/2023\/09\/15\/stf-condena-acusados-de-tentativa-de-golpe-de-estado-a-17-e-14-anos-de-prisao\/","title":{"rendered":"STF condena acusados de tentativa de golpe de Estado a 17 e 14 anos de pris\u00e3o"},"content":{"rendered":"\n<p>Rio de Janeiro &#8211; O plen\u00e1rio do Supremo Tribunal Federal (STF) condenou nesta quinta-feira os tr\u00eas primeiros dos 1.390 acusados de participar da tentativa de golpe de Estado no dia 8 de janeiro, ao invadir e depredar as sedes do Congresso, da Suprema Corte e do Pal\u00e1cio do Planalto.<\/p>\n\n\n\n<p>A maioria dos ministros do STF entendeu que os r\u00e9us cometeram os crimes de tentativa de aboli\u00e7\u00e3o violenta do Estado Democr\u00e1tico de Direito, golpe de Estado, associa\u00e7\u00e3o criminosa armada, dano qualificado e deteriora\u00e7\u00e3o do patrim\u00f4nio tombado.<\/p>\n\n\n\n<p>O primeiro e o terceiro r\u00e9us julgados hoje, A\u00e9cio L\u00facio Costa Pereira e Matheus Lima de Carvalho foram condenados a 17 anos de pris\u00e3o, al\u00e9m do pagamento de 10 dias de multa e 30 milh\u00f5es de reais (US$ 6,16 milh\u00f5es) por danos morais coletivos, valor que dever\u00e3o indenizar em conjunto com os outros acusados.<\/p>\n\n\n\n<p>O segundo condenado foi Thiago de Assis Mathar, que recebeu uma pena de 14 anos de pris\u00e3o &#8212; a menor entre os acusados at\u00e9 agora. A senten\u00e7a menor se deve porque ele n\u00e3o gravou, nem divulgou v\u00eddeos para incentivar outras pessoas aos atos golpistas de 8 de janeiro.<\/p>\n\n\n\n<p>No domingo 8 de janeiro, centenas de partid\u00e1rios do ex-presidente Jair Bolsonaro (2019-2022) invadiram as sedes dos Tr\u00eas Poderes em Bras\u00edlia, provocando graves danos materiais.<\/p>\n\n\n\n<p>Desde ent\u00e3o, centenas de pessoas foram presas e denunciadas pela Procuradoria-Geral da Rep\u00fablica (PGR).<\/p>\n\n\n\n<p>A decis\u00e3o da Suprema Corte desta quinta-feira, acredita-se, ser\u00e1 refer\u00eancia para os demais julgamentos; ela se baseia na Lei de Crimes contra o Estado Democr\u00e1tico de Direito, aprovada em 2021 e que substituiu a Lei de Seguran\u00e7a Nacional da \u00e9poca da ditadura militar (1964-1985).&nbsp;<\/p>\n","protected":false},"excerpt":{"rendered":"<p>Rio de Janeiro &#8211; O plen\u00e1rio do Supremo Tribunal Federal (STF) condenou nesta quinta-feira os tr\u00eas primeiros dos 1.390 acusados de participar da tentativa de golpe de Estado no dia 8 de janeiro, ao invadir e depredar as sedes do&#8230;<\/p>\n","protected":false},"author":3,"featured_media":15296,"comment_status":"open","ping_status":"open","sticky":false,"template":"","format":"standard","meta":{"footnotes":""},"categories":[1],"tags":[],"class_list":["post-15295","post","type-post","status-publish","format-standard","has-post-thumbnail","hentry","category-geral"],"yoast_head":"<!-- This site is optimized with the Yoast SEO plugin v27.4 - https:\/\/yoast.com\/product\/yoast-seo-wordpress\/ -->\n<title>STF condena acusados de tentativa de golpe de Estado a 17 e 14 anos de pris\u00e3o - Xinhua - Diario de Pernambuco<\/title>\n<meta name=\"robots\" content=\"index, follow, max-snippet:-1, max-image-preview:large, max-video-preview:-1\" \/>\n<link rel=\"canonical\" href=\"https:\/\/diariodepe.com.br\/xinhua\/2023\/09\/15\/stf-condena-acusados-de-tentativa-de-golpe-de-estado-a-17-e-14-anos-de-prisao\/\" \/>\n<meta property=\"og:locale\" content=\"pt_BR\" \/>\n<meta property=\"og:type\" content=\"article\" \/>\n<meta property=\"og:title\" content=\"STF condena acusados de tentativa de golpe de Estado a 17 e 14 anos de pris\u00e3o - Xinhua - Diario de Pernambuco\" \/>\n<meta property=\"og:description\" content=\"Rio de Janeiro &#8211; O plen\u00e1rio do Supremo Tribunal Federal (STF) condenou nesta quinta-feira os tr\u00eas primeiros dos 1.390 acusados de participar da tentativa de golpe de Estado no dia 8 de janeiro, ao invadir e depredar as sedes do...\" \/>\n<meta property=\"og:url\" content=\"https:\/\/diariodepe.com.br\/xinhua\/2023\/09\/15\/stf-condena-acusados-de-tentativa-de-golpe-de-estado-a-17-e-14-anos-de-prisao\/\" \/>\n<meta property=\"og:site_name\" content=\"Xinhua - Diario de Pernambuco\" \/>\n<meta property=\"article:published_time\" content=\"2023-09-15T16:04:26+00:00\" \/>\n<meta property=\"article:modified_time\" content=\"2023-09-15T16:04:29+00:00\" \/>\n<meta property=\"og:image\" content=\"https:\/\/diariodepe.com.br\/xinhua\/wp-content\/uploads\/sites\/3\/2023\/09\/f0b92faac4da43789b7dcb3ee8144158.jpg\" \/>\n\t<meta property=\"og:image:width\" content=\"1000\" \/>\n\t<meta property=\"og:image:height\" content=\"500\" \/>\n\t<meta property=\"og:image:type\" content=\"image\/jpeg\" \/>\n<meta name=\"author\" content=\"Marcelo Oliveira de A. Maranhao\" \/>\n<meta name=\"twitter:card\" content=\"summary_large_image\" \/>\n<meta name=\"twitter:label1\" content=\"Escrito por\" \/>\n\t<meta name=\"twitter:data1\" content=\"Marcelo Oliveira de A. Maranhao\" \/>\n\t<meta name=\"twitter:label2\" content=\"Est. tempo de leitura\" \/>\n\t<meta name=\"twitter:data2\" content=\"2 minutos\" \/>\n<script type=\"application\/ld+json\" class=\"yoast-schema-graph\">{\"@context\":\"https:\\\/\\\/schema.org\",\"@graph\":[{\"@type\":\"Article\",\"@id\":\"https:\\\/\\\/diariodepe.com.br\\\/xinhua\\\/2023\\\/09\\\/15\\\/stf-condena-acusados-de-tentativa-de-golpe-de-estado-a-17-e-14-anos-de-prisao\\\/#article\",\"isPartOf\":{\"@id\":\"https:\\\/\\\/diariodepe.com.br\\\/xinhua\\\/2023\\\/09\\\/15\\\/stf-condena-acusados-de-tentativa-de-golpe-de-estado-a-17-e-14-anos-de-prisao\\\/\"},\"author\":{\"name\":\"Marcelo Oliveira de A. Maranhao\",\"@id\":\"https:\\\/\\\/diariodepe.com.br\\\/xinhua\\\/#\\\/schema\\\/person\\\/0943d6fd02bdc7b49c8f495e8787a2cb\"},\"headline\":\"STF condena acusados de tentativa de golpe de Estado a 17 e 14 anos de pris\u00e3o\",\"datePublished\":\"2023-09-15T16:04:26+00:00\",\"dateModified\":\"2023-09-15T16:04:29+00:00\",\"mainEntityOfPage\":{\"@id\":\"https:\\\/\\\/diariodepe.com.br\\\/xinhua\\\/2023\\\/09\\\/15\\\/stf-condena-acusados-de-tentativa-de-golpe-de-estado-a-17-e-14-anos-de-prisao\\\/\"},\"wordCount\":306,\"commentCount\":0,\"publisher\":{\"@id\":\"https:\\\/\\\/diariodepe.com.br\\\/xinhua\\\/#organization\"},\"image\":{\"@id\":\"https:\\\/\\\/diariodepe.com.br\\\/xinhua\\\/2023\\\/09\\\/15\\\/stf-condena-acusados-de-tentativa-de-golpe-de-estado-a-17-e-14-anos-de-prisao\\\/#primaryimage\"},\"thumbnailUrl\":\"https:\\\/\\\/diariodepe.com.br\\\/xinhua\\\/wp-content\\\/uploads\\\/sites\\\/3\\\/2023\\\/09\\\/f0b92faac4da43789b7dcb3ee8144158.jpg\",\"articleSection\":[\"Geral\"],\"inLanguage\":\"pt-BR\",\"potentialAction\":[{\"@type\":\"CommentAction\",\"name\":\"Comment\",\"target\":[\"https:\\\/\\\/diariodepe.com.br\\\/xinhua\\\/2023\\\/09\\\/15\\\/stf-condena-acusados-de-tentativa-de-golpe-de-estado-a-17-e-14-anos-de-prisao\\\/#respond\"]}]},{\"@type\":\"WebPage\",\"@id\":\"https:\\\/\\\/diariodepe.com.br\\\/xinhua\\\/2023\\\/09\\\/15\\\/stf-condena-acusados-de-tentativa-de-golpe-de-estado-a-17-e-14-anos-de-prisao\\\/\",\"url\":\"https:\\\/\\\/diariodepe.com.br\\\/xinhua\\\/2023\\\/09\\\/15\\\/stf-condena-acusados-de-tentativa-de-golpe-de-estado-a-17-e-14-anos-de-prisao\\\/\",\"name\":\"STF condena acusados de tentativa de golpe de Estado a 17 e 14 anos de pris\u00e3o - Xinhua - Diario de Pernambuco\",\"isPartOf\":{\"@id\":\"https:\\\/\\\/diariodepe.com.br\\\/xinhua\\\/#website\"},\"primaryImageOfPage\":{\"@id\":\"https:\\\/\\\/diariodepe.com.br\\\/xinhua\\\/2023\\\/09\\\/15\\\/stf-condena-acusados-de-tentativa-de-golpe-de-estado-a-17-e-14-anos-de-prisao\\\/#primaryimage\"},\"image\":{\"@id\":\"https:\\\/\\\/diariodepe.com.br\\\/xinhua\\\/2023\\\/09\\\/15\\\/stf-condena-acusados-de-tentativa-de-golpe-de-estado-a-17-e-14-anos-de-prisao\\\/#primaryimage\"},\"thumbnailUrl\":\"https:\\\/\\\/diariodepe.com.br\\\/xinhua\\\/wp-content\\\/uploads\\\/sites\\\/3\\\/2023\\\/09\\\/f0b92faac4da43789b7dcb3ee8144158.jpg\",\"datePublished\":\"2023-09-15T16:04:26+00:00\",\"dateModified\":\"2023-09-15T16:04:29+00:00\",\"breadcrumb\":{\"@id\":\"https:\\\/\\\/diariodepe.com.br\\\/xinhua\\\/2023\\\/09\\\/15\\\/stf-condena-acusados-de-tentativa-de-golpe-de-estado-a-17-e-14-anos-de-prisao\\\/#breadcrumb\"},\"inLanguage\":\"pt-BR\",\"potentialAction\":[{\"@type\":\"ReadAction\",\"target\":[\"https:\\\/\\\/diariodepe.com.br\\\/xinhua\\\/2023\\\/09\\\/15\\\/stf-condena-acusados-de-tentativa-de-golpe-de-estado-a-17-e-14-anos-de-prisao\\\/\"]}]},{\"@type\":\"ImageObject\",\"inLanguage\":\"pt-BR\",\"@id\":\"https:\\\/\\\/diariodepe.com.br\\\/xinhua\\\/2023\\\/09\\\/15\\\/stf-condena-acusados-de-tentativa-de-golpe-de-estado-a-17-e-14-anos-de-prisao\\\/#primaryimage\",\"url\":\"https:\\\/\\\/diariodepe.com.br\\\/xinhua\\\/wp-content\\\/uploads\\\/sites\\\/3\\\/2023\\\/09\\\/f0b92faac4da43789b7dcb3ee8144158.jpg\",\"contentUrl\":\"https:\\\/\\\/diariodepe.com.br\\\/xinhua\\\/wp-content\\\/uploads\\\/sites\\\/3\\\/2023\\\/09\\\/f0b92faac4da43789b7dcb3ee8144158.jpg\",\"width\":1000,\"height\":500,\"caption\":\"Foto: Xinhua\"},{\"@type\":\"BreadcrumbList\",\"@id\":\"https:\\\/\\\/diariodepe.com.br\\\/xinhua\\\/2023\\\/09\\\/15\\\/stf-condena-acusados-de-tentativa-de-golpe-de-estado-a-17-e-14-anos-de-prisao\\\/#breadcrumb\",\"itemListElement\":[{\"@type\":\"ListItem\",\"position\":1,\"name\":\"In\u00edcio\",\"item\":\"https:\\\/\\\/diariodepe.com.br\\\/xinhua\\\/\"},{\"@type\":\"ListItem\",\"position\":2,\"name\":\"STF condena acusados de tentativa de golpe de Estado a 17 e 14 anos de pris\u00e3o\"}]},{\"@type\":\"WebSite\",\"@id\":\"https:\\\/\\\/diariodepe.com.br\\\/xinhua\\\/#website\",\"url\":\"https:\\\/\\\/diariodepe.com.br\\\/xinhua\\\/\",\"name\":\"Xinhua - Diario de Pernambuco\",\"description\":\"A maior ag\u00eancia de not\u00edcias da China e um dos principais canais para conhecer o pa\u00eds\",\"publisher\":{\"@id\":\"https:\\\/\\\/diariodepe.com.br\\\/xinhua\\\/#organization\"},\"potentialAction\":[{\"@type\":\"SearchAction\",\"target\":{\"@type\":\"EntryPoint\",\"urlTemplate\":\"https:\\\/\\\/diariodepe.com.br\\\/xinhua\\\/?s={search_term_string}\"},\"query-input\":{\"@type\":\"PropertyValueSpecification\",\"valueRequired\":true,\"valueName\":\"search_term_string\"}}],\"inLanguage\":\"pt-BR\"},{\"@type\":\"Organization\",\"@id\":\"https:\\\/\\\/diariodepe.com.br\\\/xinhua\\\/#organization\",\"name\":\"Xinhua - Diario de Pernambuco\",\"url\":\"https:\\\/\\\/diariodepe.com.br\\\/xinhua\\\/\",\"logo\":{\"@type\":\"ImageObject\",\"inLanguage\":\"pt-BR\",\"@id\":\"https:\\\/\\\/diariodepe.com.br\\\/xinhua\\\/#\\\/schema\\\/logo\\\/image\\\/\",\"url\":\"https:\\\/\\\/diariodepe.com.br\\\/xinhua\\\/wp-content\\\/uploads\\\/sites\\\/3\\\/2020\\\/10\\\/cropped-logo-transparente-2.png\",\"contentUrl\":\"https:\\\/\\\/diariodepe.com.br\\\/xinhua\\\/wp-content\\\/uploads\\\/sites\\\/3\\\/2020\\\/10\\\/cropped-logo-transparente-2.png\",\"width\":512,\"height\":164,\"caption\":\"Xinhua - Diario de Pernambuco\"},\"image\":{\"@id\":\"https:\\\/\\\/diariodepe.com.br\\\/xinhua\\\/#\\\/schema\\\/logo\\\/image\\\/\"}},{\"@type\":\"Person\",\"@id\":\"https:\\\/\\\/diariodepe.com.br\\\/xinhua\\\/#\\\/schema\\\/person\\\/0943d6fd02bdc7b49c8f495e8787a2cb\",\"name\":\"Marcelo Oliveira de A. Maranhao\",\"image\":{\"@type\":\"ImageObject\",\"inLanguage\":\"pt-BR\",\"@id\":\"https:\\\/\\\/secure.gravatar.com\\\/avatar\\\/f562caee940d39879c20e90eea3e4b21860c7d4c96684c23141c554824f0059c?s=96&d=mm&r=g\",\"url\":\"https:\\\/\\\/secure.gravatar.com\\\/avatar\\\/f562caee940d39879c20e90eea3e4b21860c7d4c96684c23141c554824f0059c?s=96&d=mm&r=g\",\"contentUrl\":\"https:\\\/\\\/secure.gravatar.com\\\/avatar\\\/f562caee940d39879c20e90eea3e4b21860c7d4c96684c23141c554824f0059c?s=96&d=mm&r=g\",\"caption\":\"Marcelo Oliveira de A. Maranhao\"},\"url\":\"https:\\\/\\\/diariodepe.com.br\\\/xinhua\\\/author\\\/marcelo-maranhao\\\/\"}]}<\/script>\n<!-- \/ Yoast SEO plugin. -->","yoast_head_json":{"title":"STF condena acusados de tentativa de golpe de Estado a 17 e 14 anos de pris\u00e3o - Xinhua - Diario de Pernambuco","robots":{"index":"index","follow":"follow","max-snippet":"max-snippet:-1","max-image-preview":"max-image-preview:large","max-video-preview":"max-video-preview:-1"},"canonical":"https:\/\/diariodepe.com.br\/xinhua\/2023\/09\/15\/stf-condena-acusados-de-tentativa-de-golpe-de-estado-a-17-e-14-anos-de-prisao\/","og_locale":"pt_BR","og_type":"article","og_title":"STF condena acusados de tentativa de golpe de Estado a 17 e 14 anos de pris\u00e3o - Xinhua - Diario de Pernambuco","og_description":"Rio de Janeiro &#8211; O plen\u00e1rio do Supremo Tribunal Federal (STF) condenou nesta quinta-feira os tr\u00eas primeiros dos 1.390 acusados de participar da tentativa de golpe de Estado no dia 8 de janeiro, ao invadir e depredar as sedes do...","og_url":"https:\/\/diariodepe.com.br\/xinhua\/2023\/09\/15\/stf-condena-acusados-de-tentativa-de-golpe-de-estado-a-17-e-14-anos-de-prisao\/","og_site_name":"Xinhua - Diario de Pernambuco","article_published_time":"2023-09-15T16:04:26+00:00","article_modified_time":"2023-09-15T16:04:29+00:00","og_image":[{"width":1000,"height":500,"url":"https:\/\/diariodepe.com.br\/xinhua\/wp-content\/uploads\/sites\/3\/2023\/09\/f0b92faac4da43789b7dcb3ee8144158.jpg","type":"image\/jpeg"}],"author":"Marcelo Oliveira de A. Maranhao","twitter_card":"summary_large_image","twitter_misc":{"Escrito por":"Marcelo Oliveira de A. Maranhao","Est. tempo de leitura":"2 minutos"},"schema":{"@context":"https:\/\/schema.org","@graph":[{"@type":"Article","@id":"https:\/\/diariodepe.com.br\/xinhua\/2023\/09\/15\/stf-condena-acusados-de-tentativa-de-golpe-de-estado-a-17-e-14-anos-de-prisao\/#article","isPartOf":{"@id":"https:\/\/diariodepe.com.br\/xinhua\/2023\/09\/15\/stf-condena-acusados-de-tentativa-de-golpe-de-estado-a-17-e-14-anos-de-prisao\/"},"author":{"name":"Marcelo Oliveira de A. Maranhao","@id":"https:\/\/diariodepe.com.br\/xinhua\/#\/schema\/person\/0943d6fd02bdc7b49c8f495e8787a2cb"},"headline":"STF condena acusados de tentativa de golpe de Estado a 17 e 14 anos de pris\u00e3o","datePublished":"2023-09-15T16:04:26+00:00","dateModified":"2023-09-15T16:04:29+00:00","mainEntityOfPage":{"@id":"https:\/\/diariodepe.com.br\/xinhua\/2023\/09\/15\/stf-condena-acusados-de-tentativa-de-golpe-de-estado-a-17-e-14-anos-de-prisao\/"},"wordCount":306,"commentCount":0,"publisher":{"@id":"https:\/\/diariodepe.com.br\/xinhua\/#organization"},"image":{"@id":"https:\/\/diariodepe.com.br\/xinhua\/2023\/09\/15\/stf-condena-acusados-de-tentativa-de-golpe-de-estado-a-17-e-14-anos-de-prisao\/#primaryimage"},"thumbnailUrl":"https:\/\/diariodepe.com.br\/xinhua\/wp-content\/uploads\/sites\/3\/2023\/09\/f0b92faac4da43789b7dcb3ee8144158.jpg","articleSection":["Geral"],"inLanguage":"pt-BR","potentialAction":[{"@type":"CommentAction","name":"Comment","target":["https:\/\/diariodepe.com.br\/xinhua\/2023\/09\/15\/stf-condena-acusados-de-tentativa-de-golpe-de-estado-a-17-e-14-anos-de-prisao\/#respond"]}]},{"@type":"WebPage","@id":"https:\/\/diariodepe.com.br\/xinhua\/2023\/09\/15\/stf-condena-acusados-de-tentativa-de-golpe-de-estado-a-17-e-14-anos-de-prisao\/","url":"https:\/\/diariodepe.com.br\/xinhua\/2023\/09\/15\/stf-condena-acusados-de-tentativa-de-golpe-de-estado-a-17-e-14-anos-de-prisao\/","name":"STF condena acusados de tentativa de golpe de Estado a 17 e 14 anos de pris\u00e3o - Xinhua - Diario de Pernambuco","isPartOf":{"@id":"https:\/\/diariodepe.com.br\/xinhua\/#website"},"primaryImageOfPage":{"@id":"https:\/\/diariodepe.com.br\/xinhua\/2023\/09\/15\/stf-condena-acusados-de-tentativa-de-golpe-de-estado-a-17-e-14-anos-de-prisao\/#primaryimage"},"image":{"@id":"https:\/\/diariodepe.com.br\/xinhua\/2023\/09\/15\/stf-condena-acusados-de-tentativa-de-golpe-de-estado-a-17-e-14-anos-de-prisao\/#primaryimage"},"thumbnailUrl":"https:\/\/diariodepe.com.br\/xinhua\/wp-content\/uploads\/sites\/3\/2023\/09\/f0b92faac4da43789b7dcb3ee8144158.jpg","datePublished":"2023-09-15T16:04:26+00:00","dateModified":"2023-09-15T16:04:29+00:00","breadcrumb":{"@id":"https:\/\/diariodepe.com.br\/xinhua\/2023\/09\/15\/stf-condena-acusados-de-tentativa-de-golpe-de-estado-a-17-e-14-anos-de-prisao\/#breadcrumb"},"inLanguage":"pt-BR","potentialAction":[{"@type":"ReadAction","target":["https:\/\/diariodepe.com.br\/xinhua\/2023\/09\/15\/stf-condena-acusados-de-tentativa-de-golpe-de-estado-a-17-e-14-anos-de-prisao\/"]}]},{"@type":"ImageObject","inLanguage":"pt-BR","@id":"https:\/\/diariodepe.com.br\/xinhua\/2023\/09\/15\/stf-condena-acusados-de-tentativa-de-golpe-de-estado-a-17-e-14-anos-de-prisao\/#primaryimage","url":"https:\/\/diariodepe.com.br\/xinhua\/wp-content\/uploads\/sites\/3\/2023\/09\/f0b92faac4da43789b7dcb3ee8144158.jpg","contentUrl":"https:\/\/diariodepe.com.br\/xinhua\/wp-content\/uploads\/sites\/3\/2023\/09\/f0b92faac4da43789b7dcb3ee8144158.jpg","width":1000,"height":500,"caption":"Foto: Xinhua"},{"@type":"BreadcrumbList","@id":"https:\/\/diariodepe.com.br\/xinhua\/2023\/09\/15\/stf-condena-acusados-de-tentativa-de-golpe-de-estado-a-17-e-14-anos-de-prisao\/#breadcrumb","itemListElement":[{"@type":"ListItem","position":1,"name":"In\u00edcio","item":"https:\/\/diariodepe.com.br\/xinhua\/"},{"@type":"ListItem","position":2,"name":"STF condena acusados de tentativa de golpe de Estado a 17 e 14 anos de pris\u00e3o"}]},{"@type":"WebSite","@id":"https:\/\/diariodepe.com.br\/xinhua\/#website","url":"https:\/\/diariodepe.com.br\/xinhua\/","name":"Xinhua - Diario de Pernambuco","description":"A maior ag\u00eancia de not\u00edcias da China e um dos principais canais para conhecer o pa\u00eds","publisher":{"@id":"https:\/\/diariodepe.com.br\/xinhua\/#organization"},"potentialAction":[{"@type":"SearchAction","target":{"@type":"EntryPoint","urlTemplate":"https:\/\/diariodepe.com.br\/xinhua\/?s={search_term_string}"},"query-input":{"@type":"PropertyValueSpecification","valueRequired":true,"valueName":"search_term_string"}}],"inLanguage":"pt-BR"},{"@type":"Organization","@id":"https:\/\/diariodepe.com.br\/xinhua\/#organization","name":"Xinhua - Diario de Pernambuco","url":"https:\/\/diariodepe.com.br\/xinhua\/","logo":{"@type":"ImageObject","inLanguage":"pt-BR","@id":"https:\/\/diariodepe.com.br\/xinhua\/#\/schema\/logo\/image\/","url":"https:\/\/diariodepe.com.br\/xinhua\/wp-content\/uploads\/sites\/3\/2020\/10\/cropped-logo-transparente-2.png","contentUrl":"https:\/\/diariodepe.com.br\/xinhua\/wp-content\/uploads\/sites\/3\/2020\/10\/cropped-logo-transparente-2.png","width":512,"height":164,"caption":"Xinhua - Diario de Pernambuco"},"image":{"@id":"https:\/\/diariodepe.com.br\/xinhua\/#\/schema\/logo\/image\/"}},{"@type":"Person","@id":"https:\/\/diariodepe.com.br\/xinhua\/#\/schema\/person\/0943d6fd02bdc7b49c8f495e8787a2cb","name":"Marcelo Oliveira de A. Maranhao","image":{"@type":"ImageObject","inLanguage":"pt-BR","@id":"https:\/\/secure.gravatar.com\/avatar\/f562caee940d39879c20e90eea3e4b21860c7d4c96684c23141c554824f0059c?s=96&d=mm&r=g","url":"https:\/\/secure.gravatar.com\/avatar\/f562caee940d39879c20e90eea3e4b21860c7d4c96684c23141c554824f0059c?s=96&d=mm&r=g","contentUrl":"https:\/\/secure.gravatar.com\/avatar\/f562caee940d39879c20e90eea3e4b21860c7d4c96684c23141c554824f0059c?s=96&d=mm&r=g","caption":"Marcelo Oliveira de A. Maranhao"},"url":"https:\/\/diariodepe.com.br\/xinhua\/author\/marcelo-maranhao\/"}]}},"cc_featured_image_caption":{"caption_text":"","source_text":"","source_url":""},"amp_enabled":true,"_links":{"self":[{"href":"https:\/\/diariodepe.com.br\/xinhua\/wp-json\/wp\/v2\/posts\/15295","targetHints":{"allow":["GET"]}}],"collection":[{"href":"https:\/\/diariodepe.com.br\/xinhua\/wp-json\/wp\/v2\/posts"}],"about":[{"href":"https:\/\/diariodepe.com.br\/xinhua\/wp-json\/wp\/v2\/types\/post"}],"author":[{"embeddable":true,"href":"https:\/\/diariodepe.com.br\/xinhua\/wp-json\/wp\/v2\/users\/3"}],"replies":[{"embeddable":true,"href":"https:\/\/diariodepe.com.br\/xinhua\/wp-json\/wp\/v2\/comments?post=15295"}],"version-history":[{"count":1,"href":"https:\/\/diariodepe.com.br\/xinhua\/wp-json\/wp\/v2\/posts\/15295\/revisions"}],"predecessor-version":[{"id":15297,"href":"https:\/\/diariodepe.com.br\/xinhua\/wp-json\/wp\/v2\/posts\/15295\/revisions\/15297"}],"wp:featuredmedia":[{"embeddable":true,"href":"https:\/\/diariodepe.com.br\/xinhua\/wp-json\/wp\/v2\/media\/15296"}],"wp:attachment":[{"href":"https:\/\/diariodepe.com.br\/xinhua\/wp-json\/wp\/v2\/media?parent=15295"}],"wp:term":[{"taxonomy":"category","embeddable":true,"href":"https:\/\/diariodepe.com.br\/xinhua\/wp-json\/wp\/v2\/categories?post=15295"},{"taxonomy":"post_tag","embeddable":true,"href":"https:\/\/diariodepe.com.br\/xinhua\/wp-json\/wp\/v2\/tags?post=15295"}],"curies":[{"name":"wp","href":"https:\/\/api.w.org\/{rel}","templated":true}]}}