{"id":1510,"date":"2021-04-23T17:38:50","date_gmt":"2021-04-23T20:38:50","guid":{"rendered":"http:\/\/www.diariodepe.com.br\/xinhua\/?p=1510"},"modified":"2021-04-23T17:38:52","modified_gmt":"2021-04-23T20:38:52","slug":"multimidia-china-espera-que-reuniao-especial-de-lideres-da-asean-seja-favoravel-a-situacao-em-mianmar-diz-chanceler-chines","status":"publish","type":"post","link":"https:\/\/diariodepe.com.br\/xinhua\/2021\/04\/23\/multimidia-china-espera-que-reuniao-especial-de-lideres-da-asean-seja-favoravel-a-situacao-em-mianmar-diz-chanceler-chines\/","title":{"rendered":"(Multim\u00eddia) China espera que reuni\u00e3o especial de l\u00edderes da ASEAN seja favor\u00e1vel \u00e0 situa\u00e7\u00e3o em Mianmar, diz chanceler chin\u00eas"},"content":{"rendered":"\n<p>Ve\u00edculos militares marcham em uma forma\u00e7\u00e3o durante uma parada que marcou o 76\u00ba Dia das For\u00e7as Armadas em Nay Pyi Taw, Mianmar, 27 de mar\u00e7o de 2021. (Xinhua\/Zhang Dongqiang)<\/p>\n\n\n\n<p>Beijing, 23 abr (China) &#8211; O conselheiro de Estado e ministro das Rela\u00e7\u00f5es Exteriores da China, Wang Yi, trocou na quinta-feira opini\u00f5es sobre a situa\u00e7\u00e3o de Mianmar em conversas telef\u00f4nicas com Don Pramudwinai, vice-primeiro-ministro tailand\u00eas e ministro das Rela\u00e7\u00f5es Exteriores, e Erywan bin Pehin Yusof, segundo ministro das Rela\u00e7\u00f5es Exteriores de Brunei, pa\u00eds presidente rotativo da Associa\u00e7\u00e3o das Na\u00e7\u00f5es do Sudeste Asi\u00e1tico (ASEAN, em ingl\u00eas).<\/p>\n\n\n\n<p>Observando que a pr\u00f3xima reuni\u00e3o especial dos l\u00edderes da ASEAN \u00e9 oportuna e importante, Wang disse que o lado chin\u00eas espera que a reuni\u00e3o tenha um papel construtivo na desescalada da situa\u00e7\u00e3o em Mianmar, envie mensagens positivas e seja prop\u00edcia em tr\u00eas aspectos:<\/p>\n\n\n\n<p>Em primeiro lugar, a reuni\u00e3o deve ser prop\u00edcia para promover a reconcilia\u00e7\u00e3o pol\u00edtica em Mianmar. Se a quest\u00e3o de Mianmar pode ser adequadamente resolvida depende principalmente do pr\u00f3prio pa\u00eds, disse Wang, acrescentando que a sa\u00edda \u00e9 que todas as partes de Mianmar busquem um novo entendimento atrav\u00e9s de di\u00e1logos pol\u00edticos dentro do quadro constitucional e legal e continuem avan\u00e7ando na transi\u00e7\u00e3o democr\u00e1tica duramente conquistada.<\/p>\n\n\n\n<p>O lado chin\u00eas, disse Wang, espera que a reuni\u00e3o possa encorajar o lado de Mianmar a colocar em primeiro lugar os interesses globais do pa\u00eds e do povo, e enviar sinais sobre a reconcilia\u00e7\u00e3o pac\u00edfica, com todas as partes interessadas exercendo conten\u00e7\u00e3o e movendo-se em dire\u00e7\u00e3o umas \u00e0s outras.<\/p>\n\n\n\n<p>Em segundo lugar, a reuni\u00e3o deve ser prop\u00edcia para mostrar o papel construtivo da ASEAN. Como Mianmar \u00e9 membro da fam\u00edlia ASEAN, a ASEAN conhece melhor do que qualquer outro pa\u00eds e organiza\u00e7\u00e3o regional a situa\u00e7\u00e3o nacional especial de Mianmar, e tem melhores condi\u00e7\u00f5es de participar de sua resolu\u00e7\u00e3o de problemas de forma construtiva, observou Wang.<\/p>\n\n\n\n<p>A China espera que a ASEAN se adira \u00e0 &#8220;maneira da ASEAN&#8221; com unidade, inclus\u00e3o e consenso por meio de consultas, construa um terreno unificado e fa\u00e7a uma voz comum, de modo a demonstrar ainda mais \u00e0 comunidade internacional que a ASEAN tem sabedoria pol\u00edtica e vontade coletiva suficientes para fornecer a Mianmar assist\u00eancia construtiva, e tem coragem pol\u00edtica suficiente para salvaguardar a paz e a estabilidade regionais, bem como a solidariedade e a coopera\u00e7\u00e3o do bloco, disse wang.<\/p>\n\n\n\n<p>Em terceiro lugar, ele apontou que a reuni\u00e3o deve ser prop\u00edcia para afastar interfer\u00eancias externas. A pr\u00e1tica demonstrou que a supress\u00e3o de for\u00e7as externas n\u00e3o contribui para a resolu\u00e7\u00e3o de problemas dos assuntos internos de um pa\u00eds. Em vez disso, traria turbul\u00eancia e at\u00e9 deterioraria a situa\u00e7\u00e3o, afetando e interrompendo ainda mais a estabilidade regional.<\/p>\n\n\n\n<p>A China pede \u00e0 comunidade internacional, com uma atitude objetiva e imparcial, que fa\u00e7a mais coisas para aliviar a situa\u00e7\u00e3o tensa em Mianmar, em vez do contr\u00e1rio. No presente, a comunidade internacional deve apoiar conjuntamente a ASEAN para desempenhar seu devido papel neste aspecto, disse ele.<\/p>\n\n\n\n<p>A China espera que esta reuni\u00e3o fa\u00e7a um bom come\u00e7o para o &#8220;pouso suave&#8221; da situa\u00e7\u00e3o em Mianmar, disse Wang, acrescentando que a China continuar\u00e1 apoiando Brunei no cumprimento de suas fun\u00e7\u00f5es como presidente rotativo da ASEAN, e acredita que a Tail\u00e2ndia, Brunei e outros pa\u00edses da ASEAN desempenhar\u00e3o pap\u00e9is importantes e \u00fanicos para tornar a reuni\u00e3o um sucesso.<\/p>\n\n\n\n<p>A China manter\u00e1 uma estreita comunica\u00e7\u00e3o com a ASEAN e continuar\u00e1 a trabalhar com todas as partes em Mianmar \u00e0 sua maneira, disse Wang.<\/p>\n\n\n\n<figure class=\"wp-block-image\"><img decoding=\"async\" src=\"http:\/\/portuguese.xinhuanet.com\/2021-04\/23\/139900649_16191532993321n.jpg\" alt=\"\"\/><\/figure>\n\n\n\n<p>Soldados marcham em uma forma\u00e7\u00e3o durante uma parada que marcou o 76\u00ba Dia das For\u00e7as Armadas em Nay Pyi Taw, Mianmar, 27 de mar\u00e7o de 2021. (Xinhua\/Zhang Dongqiang)<\/p>\n","protected":false},"excerpt":{"rendered":"<p>Ve\u00edculos militares marcham em uma forma\u00e7\u00e3o durante uma parada que marcou o 76\u00ba Dia das For\u00e7as Armadas em Nay Pyi Taw, Mianmar, 27 de mar\u00e7o de 2021. (Xinhua\/Zhang Dongqiang) Beijing, 23 abr (China) &#8211; O conselheiro de Estado e ministro&#8230;<\/p>\n","protected":false},"author":3,"featured_media":1511,"comment_status":"open","ping_status":"open","sticky":false,"template":"","format":"standard","meta":{"footnotes":""},"categories":[3],"tags":[],"class_list":["post-1510","post","type-post","status-publish","format-standard","has-post-thumbnail","hentry","category-china"],"yoast_head":"<!-- This site is optimized with the Yoast SEO plugin v27.4 - https:\/\/yoast.com\/product\/yoast-seo-wordpress\/ -->\n<title>(Multim\u00eddia) China espera que reuni\u00e3o especial de l\u00edderes da ASEAN seja favor\u00e1vel \u00e0 situa\u00e7\u00e3o em Mianmar, diz chanceler chin\u00eas - Xinhua - Diario de Pernambuco<\/title>\n<meta name=\"robots\" content=\"index, follow, max-snippet:-1, max-image-preview:large, max-video-preview:-1\" \/>\n<link rel=\"canonical\" href=\"https:\/\/diariodepe.com.br\/xinhua\/2021\/04\/23\/multimidia-china-espera-que-reuniao-especial-de-lideres-da-asean-seja-favoravel-a-situacao-em-mianmar-diz-chanceler-chines\/\" \/>\n<meta property=\"og:locale\" content=\"pt_BR\" \/>\n<meta property=\"og:type\" content=\"article\" \/>\n<meta property=\"og:title\" content=\"(Multim\u00eddia) China espera que reuni\u00e3o especial de l\u00edderes da ASEAN seja favor\u00e1vel \u00e0 situa\u00e7\u00e3o em Mianmar, diz chanceler chin\u00eas - Xinhua - Diario de Pernambuco\" \/>\n<meta property=\"og:description\" content=\"Ve\u00edculos militares marcham em uma forma\u00e7\u00e3o durante uma parada que marcou o 76\u00ba Dia das For\u00e7as Armadas em Nay Pyi Taw, Mianmar, 27 de mar\u00e7o de 2021. (Xinhua\/Zhang Dongqiang) Beijing, 23 abr (China) &#8211; O conselheiro de Estado e ministro...\" \/>\n<meta property=\"og:url\" content=\"https:\/\/diariodepe.com.br\/xinhua\/2021\/04\/23\/multimidia-china-espera-que-reuniao-especial-de-lideres-da-asean-seja-favoravel-a-situacao-em-mianmar-diz-chanceler-chines\/\" \/>\n<meta property=\"og:site_name\" content=\"Xinhua - Diario de Pernambuco\" \/>\n<meta property=\"article:published_time\" content=\"2021-04-23T20:38:50+00:00\" \/>\n<meta property=\"article:modified_time\" content=\"2021-04-23T20:38:52+00:00\" \/>\n<meta property=\"og:image\" content=\"https:\/\/diariodepe.com.br\/xinhua\/wp-content\/uploads\/sites\/3\/2021\/04\/China3.jpg\" \/>\n\t<meta property=\"og:image:width\" content=\"900\" \/>\n\t<meta property=\"og:image:height\" content=\"600\" \/>\n\t<meta property=\"og:image:type\" content=\"image\/jpeg\" \/>\n<meta name=\"author\" content=\"Marcelo Oliveira de A. Maranhao\" \/>\n<meta name=\"twitter:card\" content=\"summary_large_image\" \/>\n<meta name=\"twitter:label1\" content=\"Escrito por\" \/>\n\t<meta name=\"twitter:data1\" content=\"Marcelo Oliveira de A. Maranhao\" \/>\n\t<meta name=\"twitter:label2\" content=\"Est. tempo de leitura\" \/>\n\t<meta name=\"twitter:data2\" content=\"3 minutos\" \/>\n<script type=\"application\/ld+json\" class=\"yoast-schema-graph\">{\"@context\":\"https:\\\/\\\/schema.org\",\"@graph\":[{\"@type\":\"Article\",\"@id\":\"https:\\\/\\\/diariodepe.com.br\\\/xinhua\\\/2021\\\/04\\\/23\\\/multimidia-china-espera-que-reuniao-especial-de-lideres-da-asean-seja-favoravel-a-situacao-em-mianmar-diz-chanceler-chines\\\/#article\",\"isPartOf\":{\"@id\":\"https:\\\/\\\/diariodepe.com.br\\\/xinhua\\\/2021\\\/04\\\/23\\\/multimidia-china-espera-que-reuniao-especial-de-lideres-da-asean-seja-favoravel-a-situacao-em-mianmar-diz-chanceler-chines\\\/\"},\"author\":{\"name\":\"Marcelo Oliveira de A. Maranhao\",\"@id\":\"https:\\\/\\\/diariodepe.com.br\\\/xinhua\\\/#\\\/schema\\\/person\\\/0943d6fd02bdc7b49c8f495e8787a2cb\"},\"headline\":\"(Multim\u00eddia) China espera que reuni\u00e3o especial de l\u00edderes da ASEAN seja favor\u00e1vel \u00e0 situa\u00e7\u00e3o em Mianmar, diz chanceler chin\u00eas\",\"datePublished\":\"2021-04-23T20:38:50+00:00\",\"dateModified\":\"2021-04-23T20:38:52+00:00\",\"mainEntityOfPage\":{\"@id\":\"https:\\\/\\\/diariodepe.com.br\\\/xinhua\\\/2021\\\/04\\\/23\\\/multimidia-china-espera-que-reuniao-especial-de-lideres-da-asean-seja-favoravel-a-situacao-em-mianmar-diz-chanceler-chines\\\/\"},\"wordCount\":696,\"commentCount\":0,\"publisher\":{\"@id\":\"https:\\\/\\\/diariodepe.com.br\\\/xinhua\\\/#organization\"},\"image\":{\"@id\":\"https:\\\/\\\/diariodepe.com.br\\\/xinhua\\\/2021\\\/04\\\/23\\\/multimidia-china-espera-que-reuniao-especial-de-lideres-da-asean-seja-favoravel-a-situacao-em-mianmar-diz-chanceler-chines\\\/#primaryimage\"},\"thumbnailUrl\":\"https:\\\/\\\/diariodepe.com.br\\\/xinhua\\\/wp-content\\\/uploads\\\/sites\\\/3\\\/2021\\\/04\\\/China3.jpg\",\"articleSection\":[\"China\"],\"inLanguage\":\"pt-BR\",\"potentialAction\":[{\"@type\":\"CommentAction\",\"name\":\"Comment\",\"target\":[\"https:\\\/\\\/diariodepe.com.br\\\/xinhua\\\/2021\\\/04\\\/23\\\/multimidia-china-espera-que-reuniao-especial-de-lideres-da-asean-seja-favoravel-a-situacao-em-mianmar-diz-chanceler-chines\\\/#respond\"]}]},{\"@type\":\"WebPage\",\"@id\":\"https:\\\/\\\/diariodepe.com.br\\\/xinhua\\\/2021\\\/04\\\/23\\\/multimidia-china-espera-que-reuniao-especial-de-lideres-da-asean-seja-favoravel-a-situacao-em-mianmar-diz-chanceler-chines\\\/\",\"url\":\"https:\\\/\\\/diariodepe.com.br\\\/xinhua\\\/2021\\\/04\\\/23\\\/multimidia-china-espera-que-reuniao-especial-de-lideres-da-asean-seja-favoravel-a-situacao-em-mianmar-diz-chanceler-chines\\\/\",\"name\":\"(Multim\u00eddia) China espera que reuni\u00e3o especial de l\u00edderes da ASEAN seja favor\u00e1vel \u00e0 situa\u00e7\u00e3o em Mianmar, diz chanceler chin\u00eas - Xinhua - Diario de Pernambuco\",\"isPartOf\":{\"@id\":\"https:\\\/\\\/diariodepe.com.br\\\/xinhua\\\/#website\"},\"primaryImageOfPage\":{\"@id\":\"https:\\\/\\\/diariodepe.com.br\\\/xinhua\\\/2021\\\/04\\\/23\\\/multimidia-china-espera-que-reuniao-especial-de-lideres-da-asean-seja-favoravel-a-situacao-em-mianmar-diz-chanceler-chines\\\/#primaryimage\"},\"image\":{\"@id\":\"https:\\\/\\\/diariodepe.com.br\\\/xinhua\\\/2021\\\/04\\\/23\\\/multimidia-china-espera-que-reuniao-especial-de-lideres-da-asean-seja-favoravel-a-situacao-em-mianmar-diz-chanceler-chines\\\/#primaryimage\"},\"thumbnailUrl\":\"https:\\\/\\\/diariodepe.com.br\\\/xinhua\\\/wp-content\\\/uploads\\\/sites\\\/3\\\/2021\\\/04\\\/China3.jpg\",\"datePublished\":\"2021-04-23T20:38:50+00:00\",\"dateModified\":\"2021-04-23T20:38:52+00:00\",\"breadcrumb\":{\"@id\":\"https:\\\/\\\/diariodepe.com.br\\\/xinhua\\\/2021\\\/04\\\/23\\\/multimidia-china-espera-que-reuniao-especial-de-lideres-da-asean-seja-favoravel-a-situacao-em-mianmar-diz-chanceler-chines\\\/#breadcrumb\"},\"inLanguage\":\"pt-BR\",\"potentialAction\":[{\"@type\":\"ReadAction\",\"target\":[\"https:\\\/\\\/diariodepe.com.br\\\/xinhua\\\/2021\\\/04\\\/23\\\/multimidia-china-espera-que-reuniao-especial-de-lideres-da-asean-seja-favoravel-a-situacao-em-mianmar-diz-chanceler-chines\\\/\"]}]},{\"@type\":\"ImageObject\",\"inLanguage\":\"pt-BR\",\"@id\":\"https:\\\/\\\/diariodepe.com.br\\\/xinhua\\\/2021\\\/04\\\/23\\\/multimidia-china-espera-que-reuniao-especial-de-lideres-da-asean-seja-favoravel-a-situacao-em-mianmar-diz-chanceler-chines\\\/#primaryimage\",\"url\":\"https:\\\/\\\/diariodepe.com.br\\\/xinhua\\\/wp-content\\\/uploads\\\/sites\\\/3\\\/2021\\\/04\\\/China3.jpg\",\"contentUrl\":\"https:\\\/\\\/diariodepe.com.br\\\/xinhua\\\/wp-content\\\/uploads\\\/sites\\\/3\\\/2021\\\/04\\\/China3.jpg\",\"width\":900,\"height\":600},{\"@type\":\"BreadcrumbList\",\"@id\":\"https:\\\/\\\/diariodepe.com.br\\\/xinhua\\\/2021\\\/04\\\/23\\\/multimidia-china-espera-que-reuniao-especial-de-lideres-da-asean-seja-favoravel-a-situacao-em-mianmar-diz-chanceler-chines\\\/#breadcrumb\",\"itemListElement\":[{\"@type\":\"ListItem\",\"position\":1,\"name\":\"In\u00edcio\",\"item\":\"https:\\\/\\\/diariodepe.com.br\\\/xinhua\\\/\"},{\"@type\":\"ListItem\",\"position\":2,\"name\":\"(Multim\u00eddia) China espera que reuni\u00e3o especial de l\u00edderes da ASEAN seja favor\u00e1vel \u00e0 situa\u00e7\u00e3o em Mianmar, diz chanceler chin\u00eas\"}]},{\"@type\":\"WebSite\",\"@id\":\"https:\\\/\\\/diariodepe.com.br\\\/xinhua\\\/#website\",\"url\":\"https:\\\/\\\/diariodepe.com.br\\\/xinhua\\\/\",\"name\":\"Xinhua - Diario de Pernambuco\",\"description\":\"A maior ag\u00eancia de not\u00edcias da China e um dos principais canais para conhecer o pa\u00eds\",\"publisher\":{\"@id\":\"https:\\\/\\\/diariodepe.com.br\\\/xinhua\\\/#organization\"},\"potentialAction\":[{\"@type\":\"SearchAction\",\"target\":{\"@type\":\"EntryPoint\",\"urlTemplate\":\"https:\\\/\\\/diariodepe.com.br\\\/xinhua\\\/?s={search_term_string}\"},\"query-input\":{\"@type\":\"PropertyValueSpecification\",\"valueRequired\":true,\"valueName\":\"search_term_string\"}}],\"inLanguage\":\"pt-BR\"},{\"@type\":\"Organization\",\"@id\":\"https:\\\/\\\/diariodepe.com.br\\\/xinhua\\\/#organization\",\"name\":\"Xinhua - Diario de Pernambuco\",\"url\":\"https:\\\/\\\/diariodepe.com.br\\\/xinhua\\\/\",\"logo\":{\"@type\":\"ImageObject\",\"inLanguage\":\"pt-BR\",\"@id\":\"https:\\\/\\\/diariodepe.com.br\\\/xinhua\\\/#\\\/schema\\\/logo\\\/image\\\/\",\"url\":\"https:\\\/\\\/diariodepe.com.br\\\/xinhua\\\/wp-content\\\/uploads\\\/sites\\\/3\\\/2020\\\/10\\\/cropped-logo-transparente-2.png\",\"contentUrl\":\"https:\\\/\\\/diariodepe.com.br\\\/xinhua\\\/wp-content\\\/uploads\\\/sites\\\/3\\\/2020\\\/10\\\/cropped-logo-transparente-2.png\",\"width\":512,\"height\":164,\"caption\":\"Xinhua - Diario de Pernambuco\"},\"image\":{\"@id\":\"https:\\\/\\\/diariodepe.com.br\\\/xinhua\\\/#\\\/schema\\\/logo\\\/image\\\/\"}},{\"@type\":\"Person\",\"@id\":\"https:\\\/\\\/diariodepe.com.br\\\/xinhua\\\/#\\\/schema\\\/person\\\/0943d6fd02bdc7b49c8f495e8787a2cb\",\"name\":\"Marcelo Oliveira de A. Maranhao\",\"image\":{\"@type\":\"ImageObject\",\"inLanguage\":\"pt-BR\",\"@id\":\"https:\\\/\\\/secure.gravatar.com\\\/avatar\\\/f562caee940d39879c20e90eea3e4b21860c7d4c96684c23141c554824f0059c?s=96&d=mm&r=g\",\"url\":\"https:\\\/\\\/secure.gravatar.com\\\/avatar\\\/f562caee940d39879c20e90eea3e4b21860c7d4c96684c23141c554824f0059c?s=96&d=mm&r=g\",\"contentUrl\":\"https:\\\/\\\/secure.gravatar.com\\\/avatar\\\/f562caee940d39879c20e90eea3e4b21860c7d4c96684c23141c554824f0059c?s=96&d=mm&r=g\",\"caption\":\"Marcelo Oliveira de A. Maranhao\"},\"url\":\"https:\\\/\\\/diariodepe.com.br\\\/xinhua\\\/author\\\/marcelo-maranhao\\\/\"}]}<\/script>\n<!-- \/ Yoast SEO plugin. -->","yoast_head_json":{"title":"(Multim\u00eddia) China espera que reuni\u00e3o especial de l\u00edderes da ASEAN seja favor\u00e1vel \u00e0 situa\u00e7\u00e3o em Mianmar, diz chanceler chin\u00eas - Xinhua - Diario de Pernambuco","robots":{"index":"index","follow":"follow","max-snippet":"max-snippet:-1","max-image-preview":"max-image-preview:large","max-video-preview":"max-video-preview:-1"},"canonical":"https:\/\/diariodepe.com.br\/xinhua\/2021\/04\/23\/multimidia-china-espera-que-reuniao-especial-de-lideres-da-asean-seja-favoravel-a-situacao-em-mianmar-diz-chanceler-chines\/","og_locale":"pt_BR","og_type":"article","og_title":"(Multim\u00eddia) China espera que reuni\u00e3o especial de l\u00edderes da ASEAN seja favor\u00e1vel \u00e0 situa\u00e7\u00e3o em Mianmar, diz chanceler chin\u00eas - Xinhua - Diario de Pernambuco","og_description":"Ve\u00edculos militares marcham em uma forma\u00e7\u00e3o durante uma parada que marcou o 76\u00ba Dia das For\u00e7as Armadas em Nay Pyi Taw, Mianmar, 27 de mar\u00e7o de 2021. (Xinhua\/Zhang Dongqiang) Beijing, 23 abr (China) &#8211; O conselheiro de Estado e ministro...","og_url":"https:\/\/diariodepe.com.br\/xinhua\/2021\/04\/23\/multimidia-china-espera-que-reuniao-especial-de-lideres-da-asean-seja-favoravel-a-situacao-em-mianmar-diz-chanceler-chines\/","og_site_name":"Xinhua - Diario de Pernambuco","article_published_time":"2021-04-23T20:38:50+00:00","article_modified_time":"2021-04-23T20:38:52+00:00","og_image":[{"width":900,"height":600,"url":"https:\/\/diariodepe.com.br\/xinhua\/wp-content\/uploads\/sites\/3\/2021\/04\/China3.jpg","type":"image\/jpeg"}],"author":"Marcelo Oliveira de A. Maranhao","twitter_card":"summary_large_image","twitter_misc":{"Escrito por":"Marcelo Oliveira de A. Maranhao","Est. tempo de leitura":"3 minutos"},"schema":{"@context":"https:\/\/schema.org","@graph":[{"@type":"Article","@id":"https:\/\/diariodepe.com.br\/xinhua\/2021\/04\/23\/multimidia-china-espera-que-reuniao-especial-de-lideres-da-asean-seja-favoravel-a-situacao-em-mianmar-diz-chanceler-chines\/#article","isPartOf":{"@id":"https:\/\/diariodepe.com.br\/xinhua\/2021\/04\/23\/multimidia-china-espera-que-reuniao-especial-de-lideres-da-asean-seja-favoravel-a-situacao-em-mianmar-diz-chanceler-chines\/"},"author":{"name":"Marcelo Oliveira de A. Maranhao","@id":"https:\/\/diariodepe.com.br\/xinhua\/#\/schema\/person\/0943d6fd02bdc7b49c8f495e8787a2cb"},"headline":"(Multim\u00eddia) China espera que reuni\u00e3o especial de l\u00edderes da ASEAN seja favor\u00e1vel \u00e0 situa\u00e7\u00e3o em Mianmar, diz chanceler chin\u00eas","datePublished":"2021-04-23T20:38:50+00:00","dateModified":"2021-04-23T20:38:52+00:00","mainEntityOfPage":{"@id":"https:\/\/diariodepe.com.br\/xinhua\/2021\/04\/23\/multimidia-china-espera-que-reuniao-especial-de-lideres-da-asean-seja-favoravel-a-situacao-em-mianmar-diz-chanceler-chines\/"},"wordCount":696,"commentCount":0,"publisher":{"@id":"https:\/\/diariodepe.com.br\/xinhua\/#organization"},"image":{"@id":"https:\/\/diariodepe.com.br\/xinhua\/2021\/04\/23\/multimidia-china-espera-que-reuniao-especial-de-lideres-da-asean-seja-favoravel-a-situacao-em-mianmar-diz-chanceler-chines\/#primaryimage"},"thumbnailUrl":"https:\/\/diariodepe.com.br\/xinhua\/wp-content\/uploads\/sites\/3\/2021\/04\/China3.jpg","articleSection":["China"],"inLanguage":"pt-BR","potentialAction":[{"@type":"CommentAction","name":"Comment","target":["https:\/\/diariodepe.com.br\/xinhua\/2021\/04\/23\/multimidia-china-espera-que-reuniao-especial-de-lideres-da-asean-seja-favoravel-a-situacao-em-mianmar-diz-chanceler-chines\/#respond"]}]},{"@type":"WebPage","@id":"https:\/\/diariodepe.com.br\/xinhua\/2021\/04\/23\/multimidia-china-espera-que-reuniao-especial-de-lideres-da-asean-seja-favoravel-a-situacao-em-mianmar-diz-chanceler-chines\/","url":"https:\/\/diariodepe.com.br\/xinhua\/2021\/04\/23\/multimidia-china-espera-que-reuniao-especial-de-lideres-da-asean-seja-favoravel-a-situacao-em-mianmar-diz-chanceler-chines\/","name":"(Multim\u00eddia) China espera que reuni\u00e3o especial de l\u00edderes da ASEAN seja favor\u00e1vel \u00e0 situa\u00e7\u00e3o em Mianmar, diz chanceler chin\u00eas - Xinhua - Diario de Pernambuco","isPartOf":{"@id":"https:\/\/diariodepe.com.br\/xinhua\/#website"},"primaryImageOfPage":{"@id":"https:\/\/diariodepe.com.br\/xinhua\/2021\/04\/23\/multimidia-china-espera-que-reuniao-especial-de-lideres-da-asean-seja-favoravel-a-situacao-em-mianmar-diz-chanceler-chines\/#primaryimage"},"image":{"@id":"https:\/\/diariodepe.com.br\/xinhua\/2021\/04\/23\/multimidia-china-espera-que-reuniao-especial-de-lideres-da-asean-seja-favoravel-a-situacao-em-mianmar-diz-chanceler-chines\/#primaryimage"},"thumbnailUrl":"https:\/\/diariodepe.com.br\/xinhua\/wp-content\/uploads\/sites\/3\/2021\/04\/China3.jpg","datePublished":"2021-04-23T20:38:50+00:00","dateModified":"2021-04-23T20:38:52+00:00","breadcrumb":{"@id":"https:\/\/diariodepe.com.br\/xinhua\/2021\/04\/23\/multimidia-china-espera-que-reuniao-especial-de-lideres-da-asean-seja-favoravel-a-situacao-em-mianmar-diz-chanceler-chines\/#breadcrumb"},"inLanguage":"pt-BR","potentialAction":[{"@type":"ReadAction","target":["https:\/\/diariodepe.com.br\/xinhua\/2021\/04\/23\/multimidia-china-espera-que-reuniao-especial-de-lideres-da-asean-seja-favoravel-a-situacao-em-mianmar-diz-chanceler-chines\/"]}]},{"@type":"ImageObject","inLanguage":"pt-BR","@id":"https:\/\/diariodepe.com.br\/xinhua\/2021\/04\/23\/multimidia-china-espera-que-reuniao-especial-de-lideres-da-asean-seja-favoravel-a-situacao-em-mianmar-diz-chanceler-chines\/#primaryimage","url":"https:\/\/diariodepe.com.br\/xinhua\/wp-content\/uploads\/sites\/3\/2021\/04\/China3.jpg","contentUrl":"https:\/\/diariodepe.com.br\/xinhua\/wp-content\/uploads\/sites\/3\/2021\/04\/China3.jpg","width":900,"height":600},{"@type":"BreadcrumbList","@id":"https:\/\/diariodepe.com.br\/xinhua\/2021\/04\/23\/multimidia-china-espera-que-reuniao-especial-de-lideres-da-asean-seja-favoravel-a-situacao-em-mianmar-diz-chanceler-chines\/#breadcrumb","itemListElement":[{"@type":"ListItem","position":1,"name":"In\u00edcio","item":"https:\/\/diariodepe.com.br\/xinhua\/"},{"@type":"ListItem","position":2,"name":"(Multim\u00eddia) China espera que reuni\u00e3o especial de l\u00edderes da ASEAN seja favor\u00e1vel \u00e0 situa\u00e7\u00e3o em Mianmar, diz chanceler chin\u00eas"}]},{"@type":"WebSite","@id":"https:\/\/diariodepe.com.br\/xinhua\/#website","url":"https:\/\/diariodepe.com.br\/xinhua\/","name":"Xinhua - Diario de Pernambuco","description":"A maior ag\u00eancia de not\u00edcias da China e um dos principais canais para conhecer o pa\u00eds","publisher":{"@id":"https:\/\/diariodepe.com.br\/xinhua\/#organization"},"potentialAction":[{"@type":"SearchAction","target":{"@type":"EntryPoint","urlTemplate":"https:\/\/diariodepe.com.br\/xinhua\/?s={search_term_string}"},"query-input":{"@type":"PropertyValueSpecification","valueRequired":true,"valueName":"search_term_string"}}],"inLanguage":"pt-BR"},{"@type":"Organization","@id":"https:\/\/diariodepe.com.br\/xinhua\/#organization","name":"Xinhua - Diario de Pernambuco","url":"https:\/\/diariodepe.com.br\/xinhua\/","logo":{"@type":"ImageObject","inLanguage":"pt-BR","@id":"https:\/\/diariodepe.com.br\/xinhua\/#\/schema\/logo\/image\/","url":"https:\/\/diariodepe.com.br\/xinhua\/wp-content\/uploads\/sites\/3\/2020\/10\/cropped-logo-transparente-2.png","contentUrl":"https:\/\/diariodepe.com.br\/xinhua\/wp-content\/uploads\/sites\/3\/2020\/10\/cropped-logo-transparente-2.png","width":512,"height":164,"caption":"Xinhua - Diario de Pernambuco"},"image":{"@id":"https:\/\/diariodepe.com.br\/xinhua\/#\/schema\/logo\/image\/"}},{"@type":"Person","@id":"https:\/\/diariodepe.com.br\/xinhua\/#\/schema\/person\/0943d6fd02bdc7b49c8f495e8787a2cb","name":"Marcelo Oliveira de A. Maranhao","image":{"@type":"ImageObject","inLanguage":"pt-BR","@id":"https:\/\/secure.gravatar.com\/avatar\/f562caee940d39879c20e90eea3e4b21860c7d4c96684c23141c554824f0059c?s=96&d=mm&r=g","url":"https:\/\/secure.gravatar.com\/avatar\/f562caee940d39879c20e90eea3e4b21860c7d4c96684c23141c554824f0059c?s=96&d=mm&r=g","contentUrl":"https:\/\/secure.gravatar.com\/avatar\/f562caee940d39879c20e90eea3e4b21860c7d4c96684c23141c554824f0059c?s=96&d=mm&r=g","caption":"Marcelo Oliveira de A. Maranhao"},"url":"https:\/\/diariodepe.com.br\/xinhua\/author\/marcelo-maranhao\/"}]}},"cc_featured_image_caption":{"caption_text":"","source_text":"","source_url":""},"amp_enabled":true,"_links":{"self":[{"href":"https:\/\/diariodepe.com.br\/xinhua\/wp-json\/wp\/v2\/posts\/1510","targetHints":{"allow":["GET"]}}],"collection":[{"href":"https:\/\/diariodepe.com.br\/xinhua\/wp-json\/wp\/v2\/posts"}],"about":[{"href":"https:\/\/diariodepe.com.br\/xinhua\/wp-json\/wp\/v2\/types\/post"}],"author":[{"embeddable":true,"href":"https:\/\/diariodepe.com.br\/xinhua\/wp-json\/wp\/v2\/users\/3"}],"replies":[{"embeddable":true,"href":"https:\/\/diariodepe.com.br\/xinhua\/wp-json\/wp\/v2\/comments?post=1510"}],"version-history":[{"count":1,"href":"https:\/\/diariodepe.com.br\/xinhua\/wp-json\/wp\/v2\/posts\/1510\/revisions"}],"predecessor-version":[{"id":1512,"href":"https:\/\/diariodepe.com.br\/xinhua\/wp-json\/wp\/v2\/posts\/1510\/revisions\/1512"}],"wp:featuredmedia":[{"embeddable":true,"href":"https:\/\/diariodepe.com.br\/xinhua\/wp-json\/wp\/v2\/media\/1511"}],"wp:attachment":[{"href":"https:\/\/diariodepe.com.br\/xinhua\/wp-json\/wp\/v2\/media?parent=1510"}],"wp:term":[{"taxonomy":"category","embeddable":true,"href":"https:\/\/diariodepe.com.br\/xinhua\/wp-json\/wp\/v2\/categories?post=1510"},{"taxonomy":"post_tag","embeddable":true,"href":"https:\/\/diariodepe.com.br\/xinhua\/wp-json\/wp\/v2\/tags?post=1510"}],"curies":[{"name":"wp","href":"https:\/\/api.w.org\/{rel}","templated":true}]}}