{"id":1445,"date":"2021-04-21T08:37:25","date_gmt":"2021-04-21T11:37:25","guid":{"rendered":"http:\/\/www.diariodepe.com.br\/xinhua\/?p=1445"},"modified":"2021-04-21T08:37:27","modified_gmt":"2021-04-21T11:37:27","slug":"portugal-tem-7-da-populacao-totalmente-vacinada-contra-covid-19","status":"publish","type":"post","link":"https:\/\/diariodepe.com.br\/xinhua\/2021\/04\/21\/portugal-tem-7-da-populacao-totalmente-vacinada-contra-covid-19\/","title":{"rendered":"Portugal tem 7% da popula\u00e7\u00e3o totalmente vacinada contra COVID-19"},"content":{"rendered":"\n<p>Lisboa, 20 abr (Xinhua) &#8212; Autoridades sanit\u00e1rias portuguesas informaram nesta ter\u00e7a-feira que 2.015.225 pessoas est\u00e3o parcial ou totalmente vacinadas contra a COVID-19, representando 20% da popula\u00e7\u00e3o.<\/p>\n\n\n\n<p>Do total, 689.329 pessoas est\u00e3o totalmente vacinadas, o que corresponde a 7% da popula\u00e7\u00e3o, segundo a Dire\u00e7\u00e3o-Geral da Sa\u00fade (DGS).<\/p>\n\n\n\n<p>Portugal vem intensificando seu processo de imuniza\u00e7\u00e3o \u00e0 medida que recebe mais vacinas. Na semana passada, foram aplicadas 474.295 doses.<\/p>\n\n\n\n<p>Noventa e um por cento das pessoas com 80 anos ou mais receberam a primeira dose, enquanto 58% tomaram ambas as doses. Dos 65-79 anos, 42% receberam a primeira dose e 4%, a segunda.<\/p>\n\n\n\n<p>Portugal iniciou sua campanha de vacina\u00e7\u00e3o em 27 de dezembro de 2020 e, at\u00e9 agora, administrou 2.983.590 doses de vacinas de fornecedores aprovados pela Uni\u00e3o Europeia, observou a DGS.<\/p>\n\n\n\n<p>Como o mundo est\u00e1 lutando para conter a pandemia, a vacina\u00e7\u00e3o est\u00e1 em andamento em um n\u00famero crescente de pa\u00edses com vacinas j\u00e1 autorizadas.<\/p>\n\n\n\n<p>De acordo com informa\u00e7\u00f5es divulgadas pela Organiza\u00e7\u00e3o Mundial da Sa\u00fade na ter\u00e7a-feira, 275 vacinas candidatas ainda est\u00e3o sendo desenvolvidas em todo o mundo &#8211; 91 delas em testes cl\u00ednicos &#8211; em pa\u00edses como Alemanha, China, R\u00fassia, Gr\u00e3-Bretanha e Estados Unidos.<\/p>\n","protected":false},"excerpt":{"rendered":"<p>Lisboa, 20 abr (Xinhua) &#8212; Autoridades sanit\u00e1rias portuguesas informaram nesta ter\u00e7a-feira que 2.015.225 pessoas est\u00e3o parcial ou totalmente vacinadas contra a COVID-19, representando 20% da popula\u00e7\u00e3o. Do total, 689.329 pessoas est\u00e3o totalmente vacinadas, o que corresponde a 7% da popula\u00e7\u00e3o,&#8230;<\/p>\n","protected":false},"author":3,"featured_media":0,"comment_status":"open","ping_status":"open","sticky":false,"template":"","format":"standard","meta":{"footnotes":""},"categories":[4],"tags":[],"class_list":["post-1445","post","type-post","status-publish","format-standard","hentry","category-internacional"],"yoast_head":"<!-- This site is optimized with the Yoast SEO plugin v27.4 - https:\/\/yoast.com\/product\/yoast-seo-wordpress\/ -->\n<title>Portugal tem 7% da popula\u00e7\u00e3o totalmente vacinada contra COVID-19 - Xinhua - Diario de Pernambuco<\/title>\n<meta name=\"description\" content=\"Autoridades sanit\u00e1rias portuguesas informaram nesta ter\u00e7a-feira que 2.015.225 pessoas est\u00e3o parcial ou totalmente vacinadas contra a COVID-19, representando 20% da popula\u00e7\u00e3o.\" \/>\n<meta name=\"robots\" content=\"index, follow, max-snippet:-1, max-image-preview:large, max-video-preview:-1\" \/>\n<link rel=\"canonical\" href=\"https:\/\/diariodepe.com.br\/xinhua\/2021\/04\/21\/portugal-tem-7-da-populacao-totalmente-vacinada-contra-covid-19\/\" \/>\n<meta property=\"og:locale\" content=\"pt_BR\" \/>\n<meta property=\"og:type\" content=\"article\" \/>\n<meta property=\"og:title\" content=\"Portugal tem 7% da popula\u00e7\u00e3o totalmente vacinada contra COVID-19 - Xinhua - Diario de Pernambuco\" \/>\n<meta property=\"og:description\" content=\"Autoridades sanit\u00e1rias portuguesas informaram nesta ter\u00e7a-feira que 2.015.225 pessoas est\u00e3o parcial ou totalmente vacinadas contra a COVID-19, representando 20% da popula\u00e7\u00e3o.\" \/>\n<meta property=\"og:url\" content=\"https:\/\/diariodepe.com.br\/xinhua\/2021\/04\/21\/portugal-tem-7-da-populacao-totalmente-vacinada-contra-covid-19\/\" \/>\n<meta property=\"og:site_name\" content=\"Xinhua - Diario de Pernambuco\" \/>\n<meta property=\"article:published_time\" content=\"2021-04-21T11:37:25+00:00\" \/>\n<meta property=\"article:modified_time\" content=\"2021-04-21T11:37:27+00:00\" \/>\n<meta name=\"author\" content=\"Marcelo Oliveira de A. Maranhao\" \/>\n<meta name=\"twitter:card\" content=\"summary_large_image\" \/>\n<meta name=\"twitter:label1\" content=\"Escrito por\" \/>\n\t<meta name=\"twitter:data1\" content=\"Marcelo Oliveira de A. Maranhao\" \/>\n\t<meta name=\"twitter:label2\" content=\"Est. tempo de leitura\" \/>\n\t<meta name=\"twitter:data2\" content=\"1 minuto\" \/>\n<script type=\"application\/ld+json\" class=\"yoast-schema-graph\">{\"@context\":\"https:\\\/\\\/schema.org\",\"@graph\":[{\"@type\":\"Article\",\"@id\":\"https:\\\/\\\/diariodepe.com.br\\\/xinhua\\\/2021\\\/04\\\/21\\\/portugal-tem-7-da-populacao-totalmente-vacinada-contra-covid-19\\\/#article\",\"isPartOf\":{\"@id\":\"https:\\\/\\\/diariodepe.com.br\\\/xinhua\\\/2021\\\/04\\\/21\\\/portugal-tem-7-da-populacao-totalmente-vacinada-contra-covid-19\\\/\"},\"author\":{\"name\":\"Marcelo Oliveira de A. Maranhao\",\"@id\":\"https:\\\/\\\/diariodepe.com.br\\\/xinhua\\\/#\\\/schema\\\/person\\\/0943d6fd02bdc7b49c8f495e8787a2cb\"},\"headline\":\"Portugal tem 7% da popula\u00e7\u00e3o totalmente vacinada contra COVID-19\",\"datePublished\":\"2021-04-21T11:37:25+00:00\",\"dateModified\":\"2021-04-21T11:37:27+00:00\",\"mainEntityOfPage\":{\"@id\":\"https:\\\/\\\/diariodepe.com.br\\\/xinhua\\\/2021\\\/04\\\/21\\\/portugal-tem-7-da-populacao-totalmente-vacinada-contra-covid-19\\\/\"},\"wordCount\":209,\"commentCount\":0,\"publisher\":{\"@id\":\"https:\\\/\\\/diariodepe.com.br\\\/xinhua\\\/#organization\"},\"articleSection\":[\"Internacional\"],\"inLanguage\":\"pt-BR\",\"potentialAction\":[{\"@type\":\"CommentAction\",\"name\":\"Comment\",\"target\":[\"https:\\\/\\\/diariodepe.com.br\\\/xinhua\\\/2021\\\/04\\\/21\\\/portugal-tem-7-da-populacao-totalmente-vacinada-contra-covid-19\\\/#respond\"]}]},{\"@type\":\"WebPage\",\"@id\":\"https:\\\/\\\/diariodepe.com.br\\\/xinhua\\\/2021\\\/04\\\/21\\\/portugal-tem-7-da-populacao-totalmente-vacinada-contra-covid-19\\\/\",\"url\":\"https:\\\/\\\/diariodepe.com.br\\\/xinhua\\\/2021\\\/04\\\/21\\\/portugal-tem-7-da-populacao-totalmente-vacinada-contra-covid-19\\\/\",\"name\":\"Portugal tem 7% da popula\u00e7\u00e3o totalmente vacinada contra COVID-19 - Xinhua - Diario de Pernambuco\",\"isPartOf\":{\"@id\":\"https:\\\/\\\/diariodepe.com.br\\\/xinhua\\\/#website\"},\"datePublished\":\"2021-04-21T11:37:25+00:00\",\"dateModified\":\"2021-04-21T11:37:27+00:00\",\"description\":\"Autoridades sanit\u00e1rias portuguesas informaram nesta ter\u00e7a-feira que 2.015.225 pessoas est\u00e3o parcial ou totalmente vacinadas contra a COVID-19, representando 20% da popula\u00e7\u00e3o.\",\"breadcrumb\":{\"@id\":\"https:\\\/\\\/diariodepe.com.br\\\/xinhua\\\/2021\\\/04\\\/21\\\/portugal-tem-7-da-populacao-totalmente-vacinada-contra-covid-19\\\/#breadcrumb\"},\"inLanguage\":\"pt-BR\",\"potentialAction\":[{\"@type\":\"ReadAction\",\"target\":[\"https:\\\/\\\/diariodepe.com.br\\\/xinhua\\\/2021\\\/04\\\/21\\\/portugal-tem-7-da-populacao-totalmente-vacinada-contra-covid-19\\\/\"]}]},{\"@type\":\"BreadcrumbList\",\"@id\":\"https:\\\/\\\/diariodepe.com.br\\\/xinhua\\\/2021\\\/04\\\/21\\\/portugal-tem-7-da-populacao-totalmente-vacinada-contra-covid-19\\\/#breadcrumb\",\"itemListElement\":[{\"@type\":\"ListItem\",\"position\":1,\"name\":\"In\u00edcio\",\"item\":\"https:\\\/\\\/diariodepe.com.br\\\/xinhua\\\/\"},{\"@type\":\"ListItem\",\"position\":2,\"name\":\"Portugal tem 7% da popula\u00e7\u00e3o totalmente vacinada contra COVID-19\"}]},{\"@type\":\"WebSite\",\"@id\":\"https:\\\/\\\/diariodepe.com.br\\\/xinhua\\\/#website\",\"url\":\"https:\\\/\\\/diariodepe.com.br\\\/xinhua\\\/\",\"name\":\"Xinhua - Diario de Pernambuco\",\"description\":\"A maior ag\u00eancia de not\u00edcias da China e um dos principais canais para conhecer o pa\u00eds\",\"publisher\":{\"@id\":\"https:\\\/\\\/diariodepe.com.br\\\/xinhua\\\/#organization\"},\"potentialAction\":[{\"@type\":\"SearchAction\",\"target\":{\"@type\":\"EntryPoint\",\"urlTemplate\":\"https:\\\/\\\/diariodepe.com.br\\\/xinhua\\\/?s={search_term_string}\"},\"query-input\":{\"@type\":\"PropertyValueSpecification\",\"valueRequired\":true,\"valueName\":\"search_term_string\"}}],\"inLanguage\":\"pt-BR\"},{\"@type\":\"Organization\",\"@id\":\"https:\\\/\\\/diariodepe.com.br\\\/xinhua\\\/#organization\",\"name\":\"Xinhua - Diario de Pernambuco\",\"url\":\"https:\\\/\\\/diariodepe.com.br\\\/xinhua\\\/\",\"logo\":{\"@type\":\"ImageObject\",\"inLanguage\":\"pt-BR\",\"@id\":\"https:\\\/\\\/diariodepe.com.br\\\/xinhua\\\/#\\\/schema\\\/logo\\\/image\\\/\",\"url\":\"https:\\\/\\\/diariodepe.com.br\\\/xinhua\\\/wp-content\\\/uploads\\\/sites\\\/3\\\/2020\\\/10\\\/cropped-logo-transparente-2.png\",\"contentUrl\":\"https:\\\/\\\/diariodepe.com.br\\\/xinhua\\\/wp-content\\\/uploads\\\/sites\\\/3\\\/2020\\\/10\\\/cropped-logo-transparente-2.png\",\"width\":512,\"height\":164,\"caption\":\"Xinhua - Diario de Pernambuco\"},\"image\":{\"@id\":\"https:\\\/\\\/diariodepe.com.br\\\/xinhua\\\/#\\\/schema\\\/logo\\\/image\\\/\"}},{\"@type\":\"Person\",\"@id\":\"https:\\\/\\\/diariodepe.com.br\\\/xinhua\\\/#\\\/schema\\\/person\\\/0943d6fd02bdc7b49c8f495e8787a2cb\",\"name\":\"Marcelo Oliveira de A. Maranhao\",\"image\":{\"@type\":\"ImageObject\",\"inLanguage\":\"pt-BR\",\"@id\":\"https:\\\/\\\/secure.gravatar.com\\\/avatar\\\/f562caee940d39879c20e90eea3e4b21860c7d4c96684c23141c554824f0059c?s=96&d=mm&r=g\",\"url\":\"https:\\\/\\\/secure.gravatar.com\\\/avatar\\\/f562caee940d39879c20e90eea3e4b21860c7d4c96684c23141c554824f0059c?s=96&d=mm&r=g\",\"contentUrl\":\"https:\\\/\\\/secure.gravatar.com\\\/avatar\\\/f562caee940d39879c20e90eea3e4b21860c7d4c96684c23141c554824f0059c?s=96&d=mm&r=g\",\"caption\":\"Marcelo Oliveira de A. Maranhao\"},\"url\":\"https:\\\/\\\/diariodepe.com.br\\\/xinhua\\\/author\\\/marcelo-maranhao\\\/\"}]}<\/script>\n<!-- \/ Yoast SEO plugin. -->","yoast_head_json":{"title":"Portugal tem 7% da popula\u00e7\u00e3o totalmente vacinada contra COVID-19 - Xinhua - Diario de Pernambuco","description":"Autoridades sanit\u00e1rias portuguesas informaram nesta ter\u00e7a-feira que 2.015.225 pessoas est\u00e3o parcial ou totalmente vacinadas contra a COVID-19, representando 20% da popula\u00e7\u00e3o.","robots":{"index":"index","follow":"follow","max-snippet":"max-snippet:-1","max-image-preview":"max-image-preview:large","max-video-preview":"max-video-preview:-1"},"canonical":"https:\/\/diariodepe.com.br\/xinhua\/2021\/04\/21\/portugal-tem-7-da-populacao-totalmente-vacinada-contra-covid-19\/","og_locale":"pt_BR","og_type":"article","og_title":"Portugal tem 7% da popula\u00e7\u00e3o totalmente vacinada contra COVID-19 - Xinhua - Diario de Pernambuco","og_description":"Autoridades sanit\u00e1rias portuguesas informaram nesta ter\u00e7a-feira que 2.015.225 pessoas est\u00e3o parcial ou totalmente vacinadas contra a COVID-19, representando 20% da popula\u00e7\u00e3o.","og_url":"https:\/\/diariodepe.com.br\/xinhua\/2021\/04\/21\/portugal-tem-7-da-populacao-totalmente-vacinada-contra-covid-19\/","og_site_name":"Xinhua - Diario de Pernambuco","article_published_time":"2021-04-21T11:37:25+00:00","article_modified_time":"2021-04-21T11:37:27+00:00","author":"Marcelo Oliveira de A. Maranhao","twitter_card":"summary_large_image","twitter_misc":{"Escrito por":"Marcelo Oliveira de A. Maranhao","Est. tempo de leitura":"1 minuto"},"schema":{"@context":"https:\/\/schema.org","@graph":[{"@type":"Article","@id":"https:\/\/diariodepe.com.br\/xinhua\/2021\/04\/21\/portugal-tem-7-da-populacao-totalmente-vacinada-contra-covid-19\/#article","isPartOf":{"@id":"https:\/\/diariodepe.com.br\/xinhua\/2021\/04\/21\/portugal-tem-7-da-populacao-totalmente-vacinada-contra-covid-19\/"},"author":{"name":"Marcelo Oliveira de A. Maranhao","@id":"https:\/\/diariodepe.com.br\/xinhua\/#\/schema\/person\/0943d6fd02bdc7b49c8f495e8787a2cb"},"headline":"Portugal tem 7% da popula\u00e7\u00e3o totalmente vacinada contra COVID-19","datePublished":"2021-04-21T11:37:25+00:00","dateModified":"2021-04-21T11:37:27+00:00","mainEntityOfPage":{"@id":"https:\/\/diariodepe.com.br\/xinhua\/2021\/04\/21\/portugal-tem-7-da-populacao-totalmente-vacinada-contra-covid-19\/"},"wordCount":209,"commentCount":0,"publisher":{"@id":"https:\/\/diariodepe.com.br\/xinhua\/#organization"},"articleSection":["Internacional"],"inLanguage":"pt-BR","potentialAction":[{"@type":"CommentAction","name":"Comment","target":["https:\/\/diariodepe.com.br\/xinhua\/2021\/04\/21\/portugal-tem-7-da-populacao-totalmente-vacinada-contra-covid-19\/#respond"]}]},{"@type":"WebPage","@id":"https:\/\/diariodepe.com.br\/xinhua\/2021\/04\/21\/portugal-tem-7-da-populacao-totalmente-vacinada-contra-covid-19\/","url":"https:\/\/diariodepe.com.br\/xinhua\/2021\/04\/21\/portugal-tem-7-da-populacao-totalmente-vacinada-contra-covid-19\/","name":"Portugal tem 7% da popula\u00e7\u00e3o totalmente vacinada contra COVID-19 - Xinhua - Diario de Pernambuco","isPartOf":{"@id":"https:\/\/diariodepe.com.br\/xinhua\/#website"},"datePublished":"2021-04-21T11:37:25+00:00","dateModified":"2021-04-21T11:37:27+00:00","description":"Autoridades sanit\u00e1rias portuguesas informaram nesta ter\u00e7a-feira que 2.015.225 pessoas est\u00e3o parcial ou totalmente vacinadas contra a COVID-19, representando 20% da popula\u00e7\u00e3o.","breadcrumb":{"@id":"https:\/\/diariodepe.com.br\/xinhua\/2021\/04\/21\/portugal-tem-7-da-populacao-totalmente-vacinada-contra-covid-19\/#breadcrumb"},"inLanguage":"pt-BR","potentialAction":[{"@type":"ReadAction","target":["https:\/\/diariodepe.com.br\/xinhua\/2021\/04\/21\/portugal-tem-7-da-populacao-totalmente-vacinada-contra-covid-19\/"]}]},{"@type":"BreadcrumbList","@id":"https:\/\/diariodepe.com.br\/xinhua\/2021\/04\/21\/portugal-tem-7-da-populacao-totalmente-vacinada-contra-covid-19\/#breadcrumb","itemListElement":[{"@type":"ListItem","position":1,"name":"In\u00edcio","item":"https:\/\/diariodepe.com.br\/xinhua\/"},{"@type":"ListItem","position":2,"name":"Portugal tem 7% da popula\u00e7\u00e3o totalmente vacinada contra COVID-19"}]},{"@type":"WebSite","@id":"https:\/\/diariodepe.com.br\/xinhua\/#website","url":"https:\/\/diariodepe.com.br\/xinhua\/","name":"Xinhua - Diario de Pernambuco","description":"A maior ag\u00eancia de not\u00edcias da China e um dos principais canais para conhecer o pa\u00eds","publisher":{"@id":"https:\/\/diariodepe.com.br\/xinhua\/#organization"},"potentialAction":[{"@type":"SearchAction","target":{"@type":"EntryPoint","urlTemplate":"https:\/\/diariodepe.com.br\/xinhua\/?s={search_term_string}"},"query-input":{"@type":"PropertyValueSpecification","valueRequired":true,"valueName":"search_term_string"}}],"inLanguage":"pt-BR"},{"@type":"Organization","@id":"https:\/\/diariodepe.com.br\/xinhua\/#organization","name":"Xinhua - Diario de Pernambuco","url":"https:\/\/diariodepe.com.br\/xinhua\/","logo":{"@type":"ImageObject","inLanguage":"pt-BR","@id":"https:\/\/diariodepe.com.br\/xinhua\/#\/schema\/logo\/image\/","url":"https:\/\/diariodepe.com.br\/xinhua\/wp-content\/uploads\/sites\/3\/2020\/10\/cropped-logo-transparente-2.png","contentUrl":"https:\/\/diariodepe.com.br\/xinhua\/wp-content\/uploads\/sites\/3\/2020\/10\/cropped-logo-transparente-2.png","width":512,"height":164,"caption":"Xinhua - Diario de Pernambuco"},"image":{"@id":"https:\/\/diariodepe.com.br\/xinhua\/#\/schema\/logo\/image\/"}},{"@type":"Person","@id":"https:\/\/diariodepe.com.br\/xinhua\/#\/schema\/person\/0943d6fd02bdc7b49c8f495e8787a2cb","name":"Marcelo Oliveira de A. Maranhao","image":{"@type":"ImageObject","inLanguage":"pt-BR","@id":"https:\/\/secure.gravatar.com\/avatar\/f562caee940d39879c20e90eea3e4b21860c7d4c96684c23141c554824f0059c?s=96&d=mm&r=g","url":"https:\/\/secure.gravatar.com\/avatar\/f562caee940d39879c20e90eea3e4b21860c7d4c96684c23141c554824f0059c?s=96&d=mm&r=g","contentUrl":"https:\/\/secure.gravatar.com\/avatar\/f562caee940d39879c20e90eea3e4b21860c7d4c96684c23141c554824f0059c?s=96&d=mm&r=g","caption":"Marcelo Oliveira de A. Maranhao"},"url":"https:\/\/diariodepe.com.br\/xinhua\/author\/marcelo-maranhao\/"}]}},"cc_featured_image_caption":{"caption_text":"","source_text":"","source_url":""},"amp_enabled":true,"_links":{"self":[{"href":"https:\/\/diariodepe.com.br\/xinhua\/wp-json\/wp\/v2\/posts\/1445","targetHints":{"allow":["GET"]}}],"collection":[{"href":"https:\/\/diariodepe.com.br\/xinhua\/wp-json\/wp\/v2\/posts"}],"about":[{"href":"https:\/\/diariodepe.com.br\/xinhua\/wp-json\/wp\/v2\/types\/post"}],"author":[{"embeddable":true,"href":"https:\/\/diariodepe.com.br\/xinhua\/wp-json\/wp\/v2\/users\/3"}],"replies":[{"embeddable":true,"href":"https:\/\/diariodepe.com.br\/xinhua\/wp-json\/wp\/v2\/comments?post=1445"}],"version-history":[{"count":1,"href":"https:\/\/diariodepe.com.br\/xinhua\/wp-json\/wp\/v2\/posts\/1445\/revisions"}],"predecessor-version":[{"id":1446,"href":"https:\/\/diariodepe.com.br\/xinhua\/wp-json\/wp\/v2\/posts\/1445\/revisions\/1446"}],"wp:attachment":[{"href":"https:\/\/diariodepe.com.br\/xinhua\/wp-json\/wp\/v2\/media?parent=1445"}],"wp:term":[{"taxonomy":"category","embeddable":true,"href":"https:\/\/diariodepe.com.br\/xinhua\/wp-json\/wp\/v2\/categories?post=1445"},{"taxonomy":"post_tag","embeddable":true,"href":"https:\/\/diariodepe.com.br\/xinhua\/wp-json\/wp\/v2\/tags?post=1445"}],"curies":[{"name":"wp","href":"https:\/\/api.w.org\/{rel}","templated":true}]}}