{"id":1341,"date":"2021-04-16T08:44:03","date_gmt":"2021-04-16T11:44:03","guid":{"rendered":"http:\/\/www.diariodepe.com.br\/xinhua\/?p=1341"},"modified":"2021-04-16T08:44:05","modified_gmt":"2021-04-16T11:44:05","slug":"suprema-corte-do-brasil-ratifica-anulacao-de-condenacoes-e-deixa-lula-apto-para-disputar-eleicoes","status":"publish","type":"post","link":"https:\/\/diariodepe.com.br\/xinhua\/2021\/04\/16\/suprema-corte-do-brasil-ratifica-anulacao-de-condenacoes-e-deixa-lula-apto-para-disputar-eleicoes\/","title":{"rendered":"Suprema Corte do Brasil ratifica anula\u00e7\u00e3o de condena\u00e7\u00f5es e deixa Lula apto para disputar elei\u00e7\u00f5es"},"content":{"rendered":"\n<p>Bras\u00edlia, 15 abr (Xinhua) &#8212; O Supremo Tribunal Federal (STF) do Brasil rejeitou por 8 a 3, nesta quinta-feira, um recurso apresentado pela Procuradoria-geral da Rep\u00fablica (PGR), que visava reverter a anula\u00e7\u00e3o das condena\u00e7\u00f5es do ex-presidente Luiz In\u00e1cio Lula da Silva (2003-2010) impostas pela justi\u00e7a federal do estado do Paran\u00e1 na Opera\u00e7\u00e3o Lava Jato.<\/p>\n\n\n\n<p>Com a confirma\u00e7\u00e3o da anula\u00e7\u00e3o das condena\u00e7\u00f5es, o ex-presidente voltou a ser eleg\u00edvel e pode se candidatar nas elei\u00e7\u00f5es gerais do pr\u00f3ximo ano.<\/p>\n\n\n\n<p>Oito membros da Corte &#8211; Luiz Edson Fachin, Alexandre de Moraes, Rosa Weber, Dias Toffoli, Gilmar Mendes, Ricardo Lewandowski, Carmen L\u00facia e Luis Roberto Barroso &#8211; votaram por rejeitar o recurso da PGR e tr\u00eas por aceit\u00e1-lo &#8211; Nunes Marques, Marco Aur\u00e9lio Mello e Luiz Fux.<\/p>\n\n\n\n<p>Fachin, relator do caso, tinha declarado em 8 de mar\u00e7o passado a incompet\u00eancia da Justi\u00e7a Federal do Paran\u00e1, respons\u00e1vel pelas condena\u00e7\u00f5es porque o 13\u00ba Tribunal Federal de Curitiba no qual as a\u00e7\u00f5es foram tramitadas, n\u00e3o era o &#8220;juiz natural&#8221; dos casos.<\/p>\n\n\n\n<p>A decis\u00e3o de Fachin atendeu a um pedido de habeas corpus apresentado pela defesa do ex-presidente em novembro passado.<\/p>\n\n\n\n<p>A medida foi celebrada pelo Partido dos Trabalhadores, do qual Lula \u00e9 l\u00edder e um dos fundadores.<\/p>\n\n\n\n<p>&#8220;O STF confirma os direitos de Lula! Dia hist\u00f3rico. Demorou, mas chegou. Ainda h\u00e1 muita coisa para ser colocada no lugar, mas a incompet\u00eancia do juiz Moro era o passo fundamental para isso, o primeiro pedido da defesa. Obrigada a todos e todas que estiveram ao nosso lado nessa luta. Felicidades, Lula!&#8221;, disse a presidente do PT, Gleisi Hoffmann.<\/p>\n\n\n\n<p>Lula permaneceu preso na Superintend\u00eancia da Policia Federal (PF) de Curitiba 580 dias, de 8 de abril de 2018 a novembro de 2019 , quando o STF decidiu contra a pris\u00e3o de condenados em segunda inst\u00e2ncia, como era o caso do ex-presidente.<\/p>\n\n\n\n<p>Lula tinha sido condenado pelo ex-juiz Sergio Moro por supostos delitos de corrup\u00e7\u00e3o passiva e lavagem de dinheiro. Meses depois, Moro renunciou \u00e0 magistratura para se converter em ministro da Justi\u00e7a e Seguran\u00e7a P\u00fablica do governo de Jair Bolsonaro, cargo que deixou em abril do ano passado ap\u00f3s diverg\u00eancias com o presidente.<\/p>\n\n\n\n<p>O julgamento ter\u00e1 continuidade no pr\u00f3ximo dia 22 com a aprecia\u00e7\u00e3o da suspei\u00e7\u00e3o do ex-juiz Moro, cuja atua\u00e7\u00e3o ao condenar o ex-presidente foi considerada parcial pela Segunda Turma do STF.<\/p>\n","protected":false},"excerpt":{"rendered":"<p>Bras\u00edlia, 15 abr (Xinhua) &#8212; O Supremo Tribunal Federal (STF) do Brasil rejeitou por 8 a 3, nesta quinta-feira, um recurso apresentado pela Procuradoria-geral da Rep\u00fablica (PGR), que visava reverter a anula\u00e7\u00e3o das condena\u00e7\u00f5es do ex-presidente Luiz In\u00e1cio Lula da&#8230;<\/p>\n","protected":false},"author":3,"featured_media":0,"comment_status":"open","ping_status":"open","sticky":false,"template":"","format":"standard","meta":{"footnotes":""},"categories":[4],"tags":[],"class_list":["post-1341","post","type-post","status-publish","format-standard","hentry","category-internacional"],"yoast_head":"<!-- This site is optimized with the Yoast SEO plugin v27.4 - https:\/\/yoast.com\/product\/yoast-seo-wordpress\/ -->\n<title>Suprema Corte do Brasil ratifica anula\u00e7\u00e3o de condena\u00e7\u00f5es e deixa Lula apto para disputar elei\u00e7\u00f5es - Xinhua - Diario de Pernambuco<\/title>\n<meta name=\"description\" content=\"O Supremo Tribunal Federal (STF) do Brasil rejeitou por 8 a 3, nesta quinta-feira, um recurso apresentado pela Procuradoria-geral da Rep\u00fablica (PGR), que visava reverter a anula\u00e7\u00e3o das condena\u00e7\u00f5es do ex-presidente Luiz In\u00e1cio Lula da Silva (2003-2010) impostas pela justi\u00e7a federal do estado do Paran\u00e1 na Opera\u00e7\u00e3o Lava Jato.\" \/>\n<meta name=\"robots\" content=\"index, follow, max-snippet:-1, max-image-preview:large, max-video-preview:-1\" \/>\n<link rel=\"canonical\" href=\"https:\/\/diariodepe.com.br\/xinhua\/2021\/04\/16\/suprema-corte-do-brasil-ratifica-anulacao-de-condenacoes-e-deixa-lula-apto-para-disputar-eleicoes\/\" \/>\n<meta property=\"og:locale\" content=\"pt_BR\" \/>\n<meta property=\"og:type\" content=\"article\" \/>\n<meta property=\"og:title\" content=\"Suprema Corte do Brasil ratifica anula\u00e7\u00e3o de condena\u00e7\u00f5es e deixa Lula apto para disputar elei\u00e7\u00f5es - Xinhua - Diario de Pernambuco\" \/>\n<meta property=\"og:description\" content=\"O Supremo Tribunal Federal (STF) do Brasil rejeitou por 8 a 3, nesta quinta-feira, um recurso apresentado pela Procuradoria-geral da Rep\u00fablica (PGR), que visava reverter a anula\u00e7\u00e3o das condena\u00e7\u00f5es do ex-presidente Luiz In\u00e1cio Lula da Silva (2003-2010) impostas pela justi\u00e7a federal do estado do Paran\u00e1 na Opera\u00e7\u00e3o Lava Jato.\" \/>\n<meta property=\"og:url\" content=\"https:\/\/diariodepe.com.br\/xinhua\/2021\/04\/16\/suprema-corte-do-brasil-ratifica-anulacao-de-condenacoes-e-deixa-lula-apto-para-disputar-eleicoes\/\" \/>\n<meta property=\"og:site_name\" content=\"Xinhua - Diario de Pernambuco\" \/>\n<meta property=\"article:published_time\" content=\"2021-04-16T11:44:03+00:00\" \/>\n<meta property=\"article:modified_time\" content=\"2021-04-16T11:44:05+00:00\" \/>\n<meta name=\"author\" content=\"Marcelo Oliveira de A. Maranhao\" \/>\n<meta name=\"twitter:card\" content=\"summary_large_image\" \/>\n<meta name=\"twitter:label1\" content=\"Escrito por\" \/>\n\t<meta name=\"twitter:data1\" content=\"Marcelo Oliveira de A. Maranhao\" \/>\n\t<meta name=\"twitter:label2\" content=\"Est. tempo de leitura\" \/>\n\t<meta name=\"twitter:data2\" content=\"2 minutos\" \/>\n<script type=\"application\/ld+json\" class=\"yoast-schema-graph\">{\"@context\":\"https:\\\/\\\/schema.org\",\"@graph\":[{\"@type\":\"Article\",\"@id\":\"https:\\\/\\\/diariodepe.com.br\\\/xinhua\\\/2021\\\/04\\\/16\\\/suprema-corte-do-brasil-ratifica-anulacao-de-condenacoes-e-deixa-lula-apto-para-disputar-eleicoes\\\/#article\",\"isPartOf\":{\"@id\":\"https:\\\/\\\/diariodepe.com.br\\\/xinhua\\\/2021\\\/04\\\/16\\\/suprema-corte-do-brasil-ratifica-anulacao-de-condenacoes-e-deixa-lula-apto-para-disputar-eleicoes\\\/\"},\"author\":{\"name\":\"Marcelo Oliveira de A. Maranhao\",\"@id\":\"https:\\\/\\\/diariodepe.com.br\\\/xinhua\\\/#\\\/schema\\\/person\\\/0943d6fd02bdc7b49c8f495e8787a2cb\"},\"headline\":\"Suprema Corte do Brasil ratifica anula\u00e7\u00e3o de condena\u00e7\u00f5es e deixa Lula apto para disputar elei\u00e7\u00f5es\",\"datePublished\":\"2021-04-16T11:44:03+00:00\",\"dateModified\":\"2021-04-16T11:44:05+00:00\",\"mainEntityOfPage\":{\"@id\":\"https:\\\/\\\/diariodepe.com.br\\\/xinhua\\\/2021\\\/04\\\/16\\\/suprema-corte-do-brasil-ratifica-anulacao-de-condenacoes-e-deixa-lula-apto-para-disputar-eleicoes\\\/\"},\"wordCount\":429,\"commentCount\":0,\"publisher\":{\"@id\":\"https:\\\/\\\/diariodepe.com.br\\\/xinhua\\\/#organization\"},\"articleSection\":[\"Internacional\"],\"inLanguage\":\"pt-BR\",\"potentialAction\":[{\"@type\":\"CommentAction\",\"name\":\"Comment\",\"target\":[\"https:\\\/\\\/diariodepe.com.br\\\/xinhua\\\/2021\\\/04\\\/16\\\/suprema-corte-do-brasil-ratifica-anulacao-de-condenacoes-e-deixa-lula-apto-para-disputar-eleicoes\\\/#respond\"]}]},{\"@type\":\"WebPage\",\"@id\":\"https:\\\/\\\/diariodepe.com.br\\\/xinhua\\\/2021\\\/04\\\/16\\\/suprema-corte-do-brasil-ratifica-anulacao-de-condenacoes-e-deixa-lula-apto-para-disputar-eleicoes\\\/\",\"url\":\"https:\\\/\\\/diariodepe.com.br\\\/xinhua\\\/2021\\\/04\\\/16\\\/suprema-corte-do-brasil-ratifica-anulacao-de-condenacoes-e-deixa-lula-apto-para-disputar-eleicoes\\\/\",\"name\":\"Suprema Corte do Brasil ratifica anula\u00e7\u00e3o de condena\u00e7\u00f5es e deixa Lula apto para disputar elei\u00e7\u00f5es - Xinhua - Diario de Pernambuco\",\"isPartOf\":{\"@id\":\"https:\\\/\\\/diariodepe.com.br\\\/xinhua\\\/#website\"},\"datePublished\":\"2021-04-16T11:44:03+00:00\",\"dateModified\":\"2021-04-16T11:44:05+00:00\",\"description\":\"O Supremo Tribunal Federal (STF) do Brasil rejeitou por 8 a 3, nesta quinta-feira, um recurso apresentado pela Procuradoria-geral da Rep\u00fablica (PGR), que visava reverter a anula\u00e7\u00e3o das condena\u00e7\u00f5es do ex-presidente Luiz In\u00e1cio Lula da Silva (2003-2010) impostas pela justi\u00e7a federal do estado do Paran\u00e1 na Opera\u00e7\u00e3o Lava Jato.\",\"breadcrumb\":{\"@id\":\"https:\\\/\\\/diariodepe.com.br\\\/xinhua\\\/2021\\\/04\\\/16\\\/suprema-corte-do-brasil-ratifica-anulacao-de-condenacoes-e-deixa-lula-apto-para-disputar-eleicoes\\\/#breadcrumb\"},\"inLanguage\":\"pt-BR\",\"potentialAction\":[{\"@type\":\"ReadAction\",\"target\":[\"https:\\\/\\\/diariodepe.com.br\\\/xinhua\\\/2021\\\/04\\\/16\\\/suprema-corte-do-brasil-ratifica-anulacao-de-condenacoes-e-deixa-lula-apto-para-disputar-eleicoes\\\/\"]}]},{\"@type\":\"BreadcrumbList\",\"@id\":\"https:\\\/\\\/diariodepe.com.br\\\/xinhua\\\/2021\\\/04\\\/16\\\/suprema-corte-do-brasil-ratifica-anulacao-de-condenacoes-e-deixa-lula-apto-para-disputar-eleicoes\\\/#breadcrumb\",\"itemListElement\":[{\"@type\":\"ListItem\",\"position\":1,\"name\":\"In\u00edcio\",\"item\":\"https:\\\/\\\/diariodepe.com.br\\\/xinhua\\\/\"},{\"@type\":\"ListItem\",\"position\":2,\"name\":\"Suprema Corte do Brasil ratifica anula\u00e7\u00e3o de condena\u00e7\u00f5es e deixa Lula apto para disputar elei\u00e7\u00f5es\"}]},{\"@type\":\"WebSite\",\"@id\":\"https:\\\/\\\/diariodepe.com.br\\\/xinhua\\\/#website\",\"url\":\"https:\\\/\\\/diariodepe.com.br\\\/xinhua\\\/\",\"name\":\"Xinhua - Diario de Pernambuco\",\"description\":\"A maior ag\u00eancia de not\u00edcias da China e um dos principais canais para conhecer o pa\u00eds\",\"publisher\":{\"@id\":\"https:\\\/\\\/diariodepe.com.br\\\/xinhua\\\/#organization\"},\"potentialAction\":[{\"@type\":\"SearchAction\",\"target\":{\"@type\":\"EntryPoint\",\"urlTemplate\":\"https:\\\/\\\/diariodepe.com.br\\\/xinhua\\\/?s={search_term_string}\"},\"query-input\":{\"@type\":\"PropertyValueSpecification\",\"valueRequired\":true,\"valueName\":\"search_term_string\"}}],\"inLanguage\":\"pt-BR\"},{\"@type\":\"Organization\",\"@id\":\"https:\\\/\\\/diariodepe.com.br\\\/xinhua\\\/#organization\",\"name\":\"Xinhua - Diario de Pernambuco\",\"url\":\"https:\\\/\\\/diariodepe.com.br\\\/xinhua\\\/\",\"logo\":{\"@type\":\"ImageObject\",\"inLanguage\":\"pt-BR\",\"@id\":\"https:\\\/\\\/diariodepe.com.br\\\/xinhua\\\/#\\\/schema\\\/logo\\\/image\\\/\",\"url\":\"https:\\\/\\\/diariodepe.com.br\\\/xinhua\\\/wp-content\\\/uploads\\\/sites\\\/3\\\/2020\\\/10\\\/cropped-logo-transparente-2.png\",\"contentUrl\":\"https:\\\/\\\/diariodepe.com.br\\\/xinhua\\\/wp-content\\\/uploads\\\/sites\\\/3\\\/2020\\\/10\\\/cropped-logo-transparente-2.png\",\"width\":512,\"height\":164,\"caption\":\"Xinhua - Diario de Pernambuco\"},\"image\":{\"@id\":\"https:\\\/\\\/diariodepe.com.br\\\/xinhua\\\/#\\\/schema\\\/logo\\\/image\\\/\"}},{\"@type\":\"Person\",\"@id\":\"https:\\\/\\\/diariodepe.com.br\\\/xinhua\\\/#\\\/schema\\\/person\\\/0943d6fd02bdc7b49c8f495e8787a2cb\",\"name\":\"Marcelo Oliveira de A. Maranhao\",\"image\":{\"@type\":\"ImageObject\",\"inLanguage\":\"pt-BR\",\"@id\":\"https:\\\/\\\/secure.gravatar.com\\\/avatar\\\/f562caee940d39879c20e90eea3e4b21860c7d4c96684c23141c554824f0059c?s=96&d=mm&r=g\",\"url\":\"https:\\\/\\\/secure.gravatar.com\\\/avatar\\\/f562caee940d39879c20e90eea3e4b21860c7d4c96684c23141c554824f0059c?s=96&d=mm&r=g\",\"contentUrl\":\"https:\\\/\\\/secure.gravatar.com\\\/avatar\\\/f562caee940d39879c20e90eea3e4b21860c7d4c96684c23141c554824f0059c?s=96&d=mm&r=g\",\"caption\":\"Marcelo Oliveira de A. Maranhao\"},\"url\":\"https:\\\/\\\/diariodepe.com.br\\\/xinhua\\\/author\\\/marcelo-maranhao\\\/\"}]}<\/script>\n<!-- \/ Yoast SEO plugin. -->","yoast_head_json":{"title":"Suprema Corte do Brasil ratifica anula\u00e7\u00e3o de condena\u00e7\u00f5es e deixa Lula apto para disputar elei\u00e7\u00f5es - Xinhua - Diario de Pernambuco","description":"O Supremo Tribunal Federal (STF) do Brasil rejeitou por 8 a 3, nesta quinta-feira, um recurso apresentado pela Procuradoria-geral da Rep\u00fablica (PGR), que visava reverter a anula\u00e7\u00e3o das condena\u00e7\u00f5es do ex-presidente Luiz In\u00e1cio Lula da Silva (2003-2010) impostas pela justi\u00e7a federal do estado do Paran\u00e1 na Opera\u00e7\u00e3o Lava Jato.","robots":{"index":"index","follow":"follow","max-snippet":"max-snippet:-1","max-image-preview":"max-image-preview:large","max-video-preview":"max-video-preview:-1"},"canonical":"https:\/\/diariodepe.com.br\/xinhua\/2021\/04\/16\/suprema-corte-do-brasil-ratifica-anulacao-de-condenacoes-e-deixa-lula-apto-para-disputar-eleicoes\/","og_locale":"pt_BR","og_type":"article","og_title":"Suprema Corte do Brasil ratifica anula\u00e7\u00e3o de condena\u00e7\u00f5es e deixa Lula apto para disputar elei\u00e7\u00f5es - Xinhua - Diario de Pernambuco","og_description":"O Supremo Tribunal Federal (STF) do Brasil rejeitou por 8 a 3, nesta quinta-feira, um recurso apresentado pela Procuradoria-geral da Rep\u00fablica (PGR), que visava reverter a anula\u00e7\u00e3o das condena\u00e7\u00f5es do ex-presidente Luiz In\u00e1cio Lula da Silva (2003-2010) impostas pela justi\u00e7a federal do estado do Paran\u00e1 na Opera\u00e7\u00e3o Lava Jato.","og_url":"https:\/\/diariodepe.com.br\/xinhua\/2021\/04\/16\/suprema-corte-do-brasil-ratifica-anulacao-de-condenacoes-e-deixa-lula-apto-para-disputar-eleicoes\/","og_site_name":"Xinhua - Diario de Pernambuco","article_published_time":"2021-04-16T11:44:03+00:00","article_modified_time":"2021-04-16T11:44:05+00:00","author":"Marcelo Oliveira de A. Maranhao","twitter_card":"summary_large_image","twitter_misc":{"Escrito por":"Marcelo Oliveira de A. Maranhao","Est. tempo de leitura":"2 minutos"},"schema":{"@context":"https:\/\/schema.org","@graph":[{"@type":"Article","@id":"https:\/\/diariodepe.com.br\/xinhua\/2021\/04\/16\/suprema-corte-do-brasil-ratifica-anulacao-de-condenacoes-e-deixa-lula-apto-para-disputar-eleicoes\/#article","isPartOf":{"@id":"https:\/\/diariodepe.com.br\/xinhua\/2021\/04\/16\/suprema-corte-do-brasil-ratifica-anulacao-de-condenacoes-e-deixa-lula-apto-para-disputar-eleicoes\/"},"author":{"name":"Marcelo Oliveira de A. Maranhao","@id":"https:\/\/diariodepe.com.br\/xinhua\/#\/schema\/person\/0943d6fd02bdc7b49c8f495e8787a2cb"},"headline":"Suprema Corte do Brasil ratifica anula\u00e7\u00e3o de condena\u00e7\u00f5es e deixa Lula apto para disputar elei\u00e7\u00f5es","datePublished":"2021-04-16T11:44:03+00:00","dateModified":"2021-04-16T11:44:05+00:00","mainEntityOfPage":{"@id":"https:\/\/diariodepe.com.br\/xinhua\/2021\/04\/16\/suprema-corte-do-brasil-ratifica-anulacao-de-condenacoes-e-deixa-lula-apto-para-disputar-eleicoes\/"},"wordCount":429,"commentCount":0,"publisher":{"@id":"https:\/\/diariodepe.com.br\/xinhua\/#organization"},"articleSection":["Internacional"],"inLanguage":"pt-BR","potentialAction":[{"@type":"CommentAction","name":"Comment","target":["https:\/\/diariodepe.com.br\/xinhua\/2021\/04\/16\/suprema-corte-do-brasil-ratifica-anulacao-de-condenacoes-e-deixa-lula-apto-para-disputar-eleicoes\/#respond"]}]},{"@type":"WebPage","@id":"https:\/\/diariodepe.com.br\/xinhua\/2021\/04\/16\/suprema-corte-do-brasil-ratifica-anulacao-de-condenacoes-e-deixa-lula-apto-para-disputar-eleicoes\/","url":"https:\/\/diariodepe.com.br\/xinhua\/2021\/04\/16\/suprema-corte-do-brasil-ratifica-anulacao-de-condenacoes-e-deixa-lula-apto-para-disputar-eleicoes\/","name":"Suprema Corte do Brasil ratifica anula\u00e7\u00e3o de condena\u00e7\u00f5es e deixa Lula apto para disputar elei\u00e7\u00f5es - Xinhua - Diario de Pernambuco","isPartOf":{"@id":"https:\/\/diariodepe.com.br\/xinhua\/#website"},"datePublished":"2021-04-16T11:44:03+00:00","dateModified":"2021-04-16T11:44:05+00:00","description":"O Supremo Tribunal Federal (STF) do Brasil rejeitou por 8 a 3, nesta quinta-feira, um recurso apresentado pela Procuradoria-geral da Rep\u00fablica (PGR), que visava reverter a anula\u00e7\u00e3o das condena\u00e7\u00f5es do ex-presidente Luiz In\u00e1cio Lula da Silva (2003-2010) impostas pela justi\u00e7a federal do estado do Paran\u00e1 na Opera\u00e7\u00e3o Lava Jato.","breadcrumb":{"@id":"https:\/\/diariodepe.com.br\/xinhua\/2021\/04\/16\/suprema-corte-do-brasil-ratifica-anulacao-de-condenacoes-e-deixa-lula-apto-para-disputar-eleicoes\/#breadcrumb"},"inLanguage":"pt-BR","potentialAction":[{"@type":"ReadAction","target":["https:\/\/diariodepe.com.br\/xinhua\/2021\/04\/16\/suprema-corte-do-brasil-ratifica-anulacao-de-condenacoes-e-deixa-lula-apto-para-disputar-eleicoes\/"]}]},{"@type":"BreadcrumbList","@id":"https:\/\/diariodepe.com.br\/xinhua\/2021\/04\/16\/suprema-corte-do-brasil-ratifica-anulacao-de-condenacoes-e-deixa-lula-apto-para-disputar-eleicoes\/#breadcrumb","itemListElement":[{"@type":"ListItem","position":1,"name":"In\u00edcio","item":"https:\/\/diariodepe.com.br\/xinhua\/"},{"@type":"ListItem","position":2,"name":"Suprema Corte do Brasil ratifica anula\u00e7\u00e3o de condena\u00e7\u00f5es e deixa Lula apto para disputar elei\u00e7\u00f5es"}]},{"@type":"WebSite","@id":"https:\/\/diariodepe.com.br\/xinhua\/#website","url":"https:\/\/diariodepe.com.br\/xinhua\/","name":"Xinhua - Diario de Pernambuco","description":"A maior ag\u00eancia de not\u00edcias da China e um dos principais canais para conhecer o pa\u00eds","publisher":{"@id":"https:\/\/diariodepe.com.br\/xinhua\/#organization"},"potentialAction":[{"@type":"SearchAction","target":{"@type":"EntryPoint","urlTemplate":"https:\/\/diariodepe.com.br\/xinhua\/?s={search_term_string}"},"query-input":{"@type":"PropertyValueSpecification","valueRequired":true,"valueName":"search_term_string"}}],"inLanguage":"pt-BR"},{"@type":"Organization","@id":"https:\/\/diariodepe.com.br\/xinhua\/#organization","name":"Xinhua - Diario de Pernambuco","url":"https:\/\/diariodepe.com.br\/xinhua\/","logo":{"@type":"ImageObject","inLanguage":"pt-BR","@id":"https:\/\/diariodepe.com.br\/xinhua\/#\/schema\/logo\/image\/","url":"https:\/\/diariodepe.com.br\/xinhua\/wp-content\/uploads\/sites\/3\/2020\/10\/cropped-logo-transparente-2.png","contentUrl":"https:\/\/diariodepe.com.br\/xinhua\/wp-content\/uploads\/sites\/3\/2020\/10\/cropped-logo-transparente-2.png","width":512,"height":164,"caption":"Xinhua - Diario de Pernambuco"},"image":{"@id":"https:\/\/diariodepe.com.br\/xinhua\/#\/schema\/logo\/image\/"}},{"@type":"Person","@id":"https:\/\/diariodepe.com.br\/xinhua\/#\/schema\/person\/0943d6fd02bdc7b49c8f495e8787a2cb","name":"Marcelo Oliveira de A. Maranhao","image":{"@type":"ImageObject","inLanguage":"pt-BR","@id":"https:\/\/secure.gravatar.com\/avatar\/f562caee940d39879c20e90eea3e4b21860c7d4c96684c23141c554824f0059c?s=96&d=mm&r=g","url":"https:\/\/secure.gravatar.com\/avatar\/f562caee940d39879c20e90eea3e4b21860c7d4c96684c23141c554824f0059c?s=96&d=mm&r=g","contentUrl":"https:\/\/secure.gravatar.com\/avatar\/f562caee940d39879c20e90eea3e4b21860c7d4c96684c23141c554824f0059c?s=96&d=mm&r=g","caption":"Marcelo Oliveira de A. Maranhao"},"url":"https:\/\/diariodepe.com.br\/xinhua\/author\/marcelo-maranhao\/"}]}},"cc_featured_image_caption":{"caption_text":"","source_text":"","source_url":""},"amp_enabled":true,"_links":{"self":[{"href":"https:\/\/diariodepe.com.br\/xinhua\/wp-json\/wp\/v2\/posts\/1341","targetHints":{"allow":["GET"]}}],"collection":[{"href":"https:\/\/diariodepe.com.br\/xinhua\/wp-json\/wp\/v2\/posts"}],"about":[{"href":"https:\/\/diariodepe.com.br\/xinhua\/wp-json\/wp\/v2\/types\/post"}],"author":[{"embeddable":true,"href":"https:\/\/diariodepe.com.br\/xinhua\/wp-json\/wp\/v2\/users\/3"}],"replies":[{"embeddable":true,"href":"https:\/\/diariodepe.com.br\/xinhua\/wp-json\/wp\/v2\/comments?post=1341"}],"version-history":[{"count":1,"href":"https:\/\/diariodepe.com.br\/xinhua\/wp-json\/wp\/v2\/posts\/1341\/revisions"}],"predecessor-version":[{"id":1342,"href":"https:\/\/diariodepe.com.br\/xinhua\/wp-json\/wp\/v2\/posts\/1341\/revisions\/1342"}],"wp:attachment":[{"href":"https:\/\/diariodepe.com.br\/xinhua\/wp-json\/wp\/v2\/media?parent=1341"}],"wp:term":[{"taxonomy":"category","embeddable":true,"href":"https:\/\/diariodepe.com.br\/xinhua\/wp-json\/wp\/v2\/categories?post=1341"},{"taxonomy":"post_tag","embeddable":true,"href":"https:\/\/diariodepe.com.br\/xinhua\/wp-json\/wp\/v2\/tags?post=1341"}],"curies":[{"name":"wp","href":"https:\/\/api.w.org\/{rel}","templated":true}]}}