{"id":1212,"date":"2021-04-13T08:20:49","date_gmt":"2021-04-13T11:20:49","guid":{"rendered":"http:\/\/www.diariodepe.com.br\/xinhua\/?p=1212"},"modified":"2021-04-13T08:20:52","modified_gmt":"2021-04-13T11:20:52","slug":"japao-decide-despejar-agua-contaminada-de-fukushima-no-mar-em-meio-a-oposicao-interna-e-internacional","status":"publish","type":"post","link":"https:\/\/diariodepe.com.br\/xinhua\/2021\/04\/13\/japao-decide-despejar-agua-contaminada-de-fukushima-no-mar-em-meio-a-oposicao-interna-e-internacional\/","title":{"rendered":"Jap\u00e3o decide despejar \u00e1gua contaminada de Fukushima no mar em meio \u00e0 oposi\u00e7\u00e3o interna e internacional"},"content":{"rendered":"\n<p>T\u00f3quio, 13 abr (Xinhua) &#8212; O primeiro-ministro japon\u00eas, Yoshihide Suga, anunciou nesta ter\u00e7a-feira que seu governo decidiu despejar as \u00e1guas residuais radioativas da Prov\u00edncia de Fukushima no mar em meio \u00e0 oposi\u00e7\u00e3o dentro e fora do pa\u00eds.<\/p>\n\n\n\n<p>Suga fez o an\u00fancio ap\u00f3s convocar uma reuni\u00e3o ministerial para formalizar os planos de descarte das \u00e1guas radioativas da usina nuclear no Oceano Pac\u00edfico.<\/p>\n\n\n\n<p>A usina nuclear Fukushima Daiichi tem gerado uma grande quantidade de \u00e1gua contaminada por radia\u00e7\u00e3o desde que houve o acidente, pois precisa da \u00e1gua para resfriar os reatores.<\/p>\n\n\n\n<p>A operadora da usina, Tokyo Electric Power Company Holdings Inc., revelou que levar\u00e1 cerca de dois anos para o descarte come\u00e7ar.<\/p>\n\n\n\n<p>A \u00e1gua foi tratada com um sistema avan\u00e7ado de processamento de l\u00edquidos, ou ALPS, para remover a maioria dos contaminantes. No entanto, subst\u00e2ncias como o tr\u00edtio radioativo s\u00e3o dif\u00edceis de filtrar.<\/p>\n\n\n\n<p>A ind\u00fastria pesqueira do Jap\u00e3o e os pa\u00edses vizinhos expressaram forte oposi\u00e7\u00e3o ao plano.<\/p>\n\n\n\n<figure class=\"wp-block-image size-large\"><img fetchpriority=\"high\" decoding=\"async\" width=\"900\" height=\"599\" src=\"http:\/\/www.diariodepe.com.br\/xinhua\/wp-content\/uploads\/2021\/04\/139877145_16182821156831n.jpg\" alt=\"\" class=\"wp-image-1214\" srcset=\"https:\/\/diariodepe.com.br\/xinhua\/wp-content\/uploads\/sites\/3\/2021\/04\/139877145_16182821156831n.jpg 900w, https:\/\/diariodepe.com.br\/xinhua\/wp-content\/uploads\/sites\/3\/2021\/04\/139877145_16182821156831n-300x200.jpg 300w, https:\/\/diariodepe.com.br\/xinhua\/wp-content\/uploads\/sites\/3\/2021\/04\/139877145_16182821156831n-768x511.jpg 768w\" sizes=\"(max-width: 900px) 100vw, 900px\" \/><figcaption>Foto tirada em 22 de fevereiro de 2017 mostra um sinal de alerta em Okuma, perto da usina nuclear de Fukushima Daiichi, prefeitura de Fukushima, Jap\u00e3o. (Xinhua\/Hua Yi)<\/figcaption><\/figure>\n","protected":false},"excerpt":{"rendered":"<p>T\u00f3quio, 13 abr (Xinhua) &#8212; O primeiro-ministro japon\u00eas, Yoshihide Suga, anunciou nesta ter\u00e7a-feira que seu governo decidiu despejar as \u00e1guas residuais radioativas da Prov\u00edncia de Fukushima no mar em meio \u00e0 oposi\u00e7\u00e3o dentro e fora do pa\u00eds. Suga fez o&#8230;<\/p>\n","protected":false},"author":3,"featured_media":1213,"comment_status":"open","ping_status":"open","sticky":false,"template":"","format":"standard","meta":{"footnotes":""},"categories":[4],"tags":[],"class_list":["post-1212","post","type-post","status-publish","format-standard","has-post-thumbnail","hentry","category-internacional"],"yoast_head":"<!-- This site is optimized with the Yoast SEO plugin v27.4 - https:\/\/yoast.com\/product\/yoast-seo-wordpress\/ -->\n<title>Jap\u00e3o decide despejar \u00e1gua contaminada de Fukushima no mar em meio \u00e0 oposi\u00e7\u00e3o interna e internacional - Xinhua - Diario de Pernambuco<\/title>\n<meta name=\"description\" content=\"O primeiro-ministro japon\u00eas, Yoshihide Suga, anunciou nesta ter\u00e7a-feira que seu governo decidiu despejar as \u00e1guas residuais radioativas da Prov\u00edncia de Fukushima no mar em meio \u00e0 oposi\u00e7\u00e3o dentro e fora do pa\u00eds.\" \/>\n<meta name=\"robots\" content=\"index, follow, max-snippet:-1, max-image-preview:large, max-video-preview:-1\" \/>\n<link rel=\"canonical\" href=\"https:\/\/diariodepe.com.br\/xinhua\/2021\/04\/13\/japao-decide-despejar-agua-contaminada-de-fukushima-no-mar-em-meio-a-oposicao-interna-e-internacional\/\" \/>\n<meta property=\"og:locale\" content=\"pt_BR\" \/>\n<meta property=\"og:type\" content=\"article\" \/>\n<meta property=\"og:title\" content=\"Jap\u00e3o decide despejar \u00e1gua contaminada de Fukushima no mar em meio \u00e0 oposi\u00e7\u00e3o interna e internacional - Xinhua - Diario de Pernambuco\" \/>\n<meta property=\"og:description\" content=\"O primeiro-ministro japon\u00eas, Yoshihide Suga, anunciou nesta ter\u00e7a-feira que seu governo decidiu despejar as \u00e1guas residuais radioativas da Prov\u00edncia de Fukushima no mar em meio \u00e0 oposi\u00e7\u00e3o dentro e fora do pa\u00eds.\" \/>\n<meta property=\"og:url\" content=\"https:\/\/diariodepe.com.br\/xinhua\/2021\/04\/13\/japao-decide-despejar-agua-contaminada-de-fukushima-no-mar-em-meio-a-oposicao-interna-e-internacional\/\" \/>\n<meta property=\"og:site_name\" content=\"Xinhua - Diario de Pernambuco\" \/>\n<meta property=\"article:published_time\" content=\"2021-04-13T11:20:49+00:00\" \/>\n<meta property=\"article:modified_time\" content=\"2021-04-13T11:20:52+00:00\" \/>\n<meta property=\"og:image\" content=\"https:\/\/diariodepe.com.br\/xinhua\/wp-content\/uploads\/sites\/3\/2021\/04\/139877145_16182821156821n.jpg\" \/>\n\t<meta property=\"og:image:width\" content=\"900\" \/>\n\t<meta property=\"og:image:height\" content=\"599\" \/>\n\t<meta property=\"og:image:type\" content=\"image\/jpeg\" \/>\n<meta name=\"author\" content=\"Marcelo Oliveira de A. Maranhao\" \/>\n<meta name=\"twitter:card\" content=\"summary_large_image\" \/>\n<meta name=\"twitter:label1\" content=\"Escrito por\" \/>\n\t<meta name=\"twitter:data1\" content=\"Marcelo Oliveira de A. Maranhao\" \/>\n\t<meta name=\"twitter:label2\" content=\"Est. tempo de leitura\" \/>\n\t<meta name=\"twitter:data2\" content=\"1 minuto\" \/>\n<script type=\"application\/ld+json\" class=\"yoast-schema-graph\">{\"@context\":\"https:\\\/\\\/schema.org\",\"@graph\":[{\"@type\":\"Article\",\"@id\":\"https:\\\/\\\/diariodepe.com.br\\\/xinhua\\\/2021\\\/04\\\/13\\\/japao-decide-despejar-agua-contaminada-de-fukushima-no-mar-em-meio-a-oposicao-interna-e-internacional\\\/#article\",\"isPartOf\":{\"@id\":\"https:\\\/\\\/diariodepe.com.br\\\/xinhua\\\/2021\\\/04\\\/13\\\/japao-decide-despejar-agua-contaminada-de-fukushima-no-mar-em-meio-a-oposicao-interna-e-internacional\\\/\"},\"author\":{\"name\":\"Marcelo Oliveira de A. Maranhao\",\"@id\":\"https:\\\/\\\/diariodepe.com.br\\\/xinhua\\\/#\\\/schema\\\/person\\\/0943d6fd02bdc7b49c8f495e8787a2cb\"},\"headline\":\"Jap\u00e3o decide despejar \u00e1gua contaminada de Fukushima no mar em meio \u00e0 oposi\u00e7\u00e3o interna e internacional\",\"datePublished\":\"2021-04-13T11:20:49+00:00\",\"dateModified\":\"2021-04-13T11:20:52+00:00\",\"mainEntityOfPage\":{\"@id\":\"https:\\\/\\\/diariodepe.com.br\\\/xinhua\\\/2021\\\/04\\\/13\\\/japao-decide-despejar-agua-contaminada-de-fukushima-no-mar-em-meio-a-oposicao-interna-e-internacional\\\/\"},\"wordCount\":220,\"commentCount\":0,\"publisher\":{\"@id\":\"https:\\\/\\\/diariodepe.com.br\\\/xinhua\\\/#organization\"},\"image\":{\"@id\":\"https:\\\/\\\/diariodepe.com.br\\\/xinhua\\\/2021\\\/04\\\/13\\\/japao-decide-despejar-agua-contaminada-de-fukushima-no-mar-em-meio-a-oposicao-interna-e-internacional\\\/#primaryimage\"},\"thumbnailUrl\":\"https:\\\/\\\/diariodepe.com.br\\\/xinhua\\\/wp-content\\\/uploads\\\/sites\\\/3\\\/2021\\\/04\\\/139877145_16182821156821n.jpg\",\"articleSection\":[\"Internacional\"],\"inLanguage\":\"pt-BR\",\"potentialAction\":[{\"@type\":\"CommentAction\",\"name\":\"Comment\",\"target\":[\"https:\\\/\\\/diariodepe.com.br\\\/xinhua\\\/2021\\\/04\\\/13\\\/japao-decide-despejar-agua-contaminada-de-fukushima-no-mar-em-meio-a-oposicao-interna-e-internacional\\\/#respond\"]}]},{\"@type\":\"WebPage\",\"@id\":\"https:\\\/\\\/diariodepe.com.br\\\/xinhua\\\/2021\\\/04\\\/13\\\/japao-decide-despejar-agua-contaminada-de-fukushima-no-mar-em-meio-a-oposicao-interna-e-internacional\\\/\",\"url\":\"https:\\\/\\\/diariodepe.com.br\\\/xinhua\\\/2021\\\/04\\\/13\\\/japao-decide-despejar-agua-contaminada-de-fukushima-no-mar-em-meio-a-oposicao-interna-e-internacional\\\/\",\"name\":\"Jap\u00e3o decide despejar \u00e1gua contaminada de Fukushima no mar em meio \u00e0 oposi\u00e7\u00e3o interna e internacional - Xinhua - Diario de Pernambuco\",\"isPartOf\":{\"@id\":\"https:\\\/\\\/diariodepe.com.br\\\/xinhua\\\/#website\"},\"primaryImageOfPage\":{\"@id\":\"https:\\\/\\\/diariodepe.com.br\\\/xinhua\\\/2021\\\/04\\\/13\\\/japao-decide-despejar-agua-contaminada-de-fukushima-no-mar-em-meio-a-oposicao-interna-e-internacional\\\/#primaryimage\"},\"image\":{\"@id\":\"https:\\\/\\\/diariodepe.com.br\\\/xinhua\\\/2021\\\/04\\\/13\\\/japao-decide-despejar-agua-contaminada-de-fukushima-no-mar-em-meio-a-oposicao-interna-e-internacional\\\/#primaryimage\"},\"thumbnailUrl\":\"https:\\\/\\\/diariodepe.com.br\\\/xinhua\\\/wp-content\\\/uploads\\\/sites\\\/3\\\/2021\\\/04\\\/139877145_16182821156821n.jpg\",\"datePublished\":\"2021-04-13T11:20:49+00:00\",\"dateModified\":\"2021-04-13T11:20:52+00:00\",\"description\":\"O primeiro-ministro japon\u00eas, Yoshihide Suga, anunciou nesta ter\u00e7a-feira que seu governo decidiu despejar as \u00e1guas residuais radioativas da Prov\u00edncia de Fukushima no mar em meio \u00e0 oposi\u00e7\u00e3o dentro e fora do pa\u00eds.\",\"breadcrumb\":{\"@id\":\"https:\\\/\\\/diariodepe.com.br\\\/xinhua\\\/2021\\\/04\\\/13\\\/japao-decide-despejar-agua-contaminada-de-fukushima-no-mar-em-meio-a-oposicao-interna-e-internacional\\\/#breadcrumb\"},\"inLanguage\":\"pt-BR\",\"potentialAction\":[{\"@type\":\"ReadAction\",\"target\":[\"https:\\\/\\\/diariodepe.com.br\\\/xinhua\\\/2021\\\/04\\\/13\\\/japao-decide-despejar-agua-contaminada-de-fukushima-no-mar-em-meio-a-oposicao-interna-e-internacional\\\/\"]}]},{\"@type\":\"ImageObject\",\"inLanguage\":\"pt-BR\",\"@id\":\"https:\\\/\\\/diariodepe.com.br\\\/xinhua\\\/2021\\\/04\\\/13\\\/japao-decide-despejar-agua-contaminada-de-fukushima-no-mar-em-meio-a-oposicao-interna-e-internacional\\\/#primaryimage\",\"url\":\"https:\\\/\\\/diariodepe.com.br\\\/xinhua\\\/wp-content\\\/uploads\\\/sites\\\/3\\\/2021\\\/04\\\/139877145_16182821156821n.jpg\",\"contentUrl\":\"https:\\\/\\\/diariodepe.com.br\\\/xinhua\\\/wp-content\\\/uploads\\\/sites\\\/3\\\/2021\\\/04\\\/139877145_16182821156821n.jpg\",\"width\":900,\"height\":599,\"caption\":\"Foto tirada em 22 de fevereiro de 2017 mostra sacos de solo contaminado em Tomioka, Prefeitura de Fukushima, Jap\u00e3o, seis anos ap\u00f3s o desastre nuclear na usina nuclear de Daiichi. (Xinhua\\\/Hua Yi)\"},{\"@type\":\"BreadcrumbList\",\"@id\":\"https:\\\/\\\/diariodepe.com.br\\\/xinhua\\\/2021\\\/04\\\/13\\\/japao-decide-despejar-agua-contaminada-de-fukushima-no-mar-em-meio-a-oposicao-interna-e-internacional\\\/#breadcrumb\",\"itemListElement\":[{\"@type\":\"ListItem\",\"position\":1,\"name\":\"In\u00edcio\",\"item\":\"https:\\\/\\\/diariodepe.com.br\\\/xinhua\\\/\"},{\"@type\":\"ListItem\",\"position\":2,\"name\":\"Jap\u00e3o decide despejar \u00e1gua contaminada de Fukushima no mar em meio \u00e0 oposi\u00e7\u00e3o interna e internacional\"}]},{\"@type\":\"WebSite\",\"@id\":\"https:\\\/\\\/diariodepe.com.br\\\/xinhua\\\/#website\",\"url\":\"https:\\\/\\\/diariodepe.com.br\\\/xinhua\\\/\",\"name\":\"Xinhua - Diario de Pernambuco\",\"description\":\"A maior ag\u00eancia de not\u00edcias da China e um dos principais canais para conhecer o pa\u00eds\",\"publisher\":{\"@id\":\"https:\\\/\\\/diariodepe.com.br\\\/xinhua\\\/#organization\"},\"potentialAction\":[{\"@type\":\"SearchAction\",\"target\":{\"@type\":\"EntryPoint\",\"urlTemplate\":\"https:\\\/\\\/diariodepe.com.br\\\/xinhua\\\/?s={search_term_string}\"},\"query-input\":{\"@type\":\"PropertyValueSpecification\",\"valueRequired\":true,\"valueName\":\"search_term_string\"}}],\"inLanguage\":\"pt-BR\"},{\"@type\":\"Organization\",\"@id\":\"https:\\\/\\\/diariodepe.com.br\\\/xinhua\\\/#organization\",\"name\":\"Xinhua - Diario de Pernambuco\",\"url\":\"https:\\\/\\\/diariodepe.com.br\\\/xinhua\\\/\",\"logo\":{\"@type\":\"ImageObject\",\"inLanguage\":\"pt-BR\",\"@id\":\"https:\\\/\\\/diariodepe.com.br\\\/xinhua\\\/#\\\/schema\\\/logo\\\/image\\\/\",\"url\":\"https:\\\/\\\/diariodepe.com.br\\\/xinhua\\\/wp-content\\\/uploads\\\/sites\\\/3\\\/2020\\\/10\\\/cropped-logo-transparente-2.png\",\"contentUrl\":\"https:\\\/\\\/diariodepe.com.br\\\/xinhua\\\/wp-content\\\/uploads\\\/sites\\\/3\\\/2020\\\/10\\\/cropped-logo-transparente-2.png\",\"width\":512,\"height\":164,\"caption\":\"Xinhua - Diario de Pernambuco\"},\"image\":{\"@id\":\"https:\\\/\\\/diariodepe.com.br\\\/xinhua\\\/#\\\/schema\\\/logo\\\/image\\\/\"}},{\"@type\":\"Person\",\"@id\":\"https:\\\/\\\/diariodepe.com.br\\\/xinhua\\\/#\\\/schema\\\/person\\\/0943d6fd02bdc7b49c8f495e8787a2cb\",\"name\":\"Marcelo Oliveira de A. Maranhao\",\"image\":{\"@type\":\"ImageObject\",\"inLanguage\":\"pt-BR\",\"@id\":\"https:\\\/\\\/secure.gravatar.com\\\/avatar\\\/f562caee940d39879c20e90eea3e4b21860c7d4c96684c23141c554824f0059c?s=96&d=mm&r=g\",\"url\":\"https:\\\/\\\/secure.gravatar.com\\\/avatar\\\/f562caee940d39879c20e90eea3e4b21860c7d4c96684c23141c554824f0059c?s=96&d=mm&r=g\",\"contentUrl\":\"https:\\\/\\\/secure.gravatar.com\\\/avatar\\\/f562caee940d39879c20e90eea3e4b21860c7d4c96684c23141c554824f0059c?s=96&d=mm&r=g\",\"caption\":\"Marcelo Oliveira de A. Maranhao\"},\"url\":\"https:\\\/\\\/diariodepe.com.br\\\/xinhua\\\/author\\\/marcelo-maranhao\\\/\"}]}<\/script>\n<!-- \/ Yoast SEO plugin. -->","yoast_head_json":{"title":"Jap\u00e3o decide despejar \u00e1gua contaminada de Fukushima no mar em meio \u00e0 oposi\u00e7\u00e3o interna e internacional - Xinhua - Diario de Pernambuco","description":"O primeiro-ministro japon\u00eas, Yoshihide Suga, anunciou nesta ter\u00e7a-feira que seu governo decidiu despejar as \u00e1guas residuais radioativas da Prov\u00edncia de Fukushima no mar em meio \u00e0 oposi\u00e7\u00e3o dentro e fora do pa\u00eds.","robots":{"index":"index","follow":"follow","max-snippet":"max-snippet:-1","max-image-preview":"max-image-preview:large","max-video-preview":"max-video-preview:-1"},"canonical":"https:\/\/diariodepe.com.br\/xinhua\/2021\/04\/13\/japao-decide-despejar-agua-contaminada-de-fukushima-no-mar-em-meio-a-oposicao-interna-e-internacional\/","og_locale":"pt_BR","og_type":"article","og_title":"Jap\u00e3o decide despejar \u00e1gua contaminada de Fukushima no mar em meio \u00e0 oposi\u00e7\u00e3o interna e internacional - Xinhua - Diario de Pernambuco","og_description":"O primeiro-ministro japon\u00eas, Yoshihide Suga, anunciou nesta ter\u00e7a-feira que seu governo decidiu despejar as \u00e1guas residuais radioativas da Prov\u00edncia de Fukushima no mar em meio \u00e0 oposi\u00e7\u00e3o dentro e fora do pa\u00eds.","og_url":"https:\/\/diariodepe.com.br\/xinhua\/2021\/04\/13\/japao-decide-despejar-agua-contaminada-de-fukushima-no-mar-em-meio-a-oposicao-interna-e-internacional\/","og_site_name":"Xinhua - Diario de Pernambuco","article_published_time":"2021-04-13T11:20:49+00:00","article_modified_time":"2021-04-13T11:20:52+00:00","og_image":[{"width":900,"height":599,"url":"https:\/\/diariodepe.com.br\/xinhua\/wp-content\/uploads\/sites\/3\/2021\/04\/139877145_16182821156821n.jpg","type":"image\/jpeg"}],"author":"Marcelo Oliveira de A. Maranhao","twitter_card":"summary_large_image","twitter_misc":{"Escrito por":"Marcelo Oliveira de A. Maranhao","Est. tempo de leitura":"1 minuto"},"schema":{"@context":"https:\/\/schema.org","@graph":[{"@type":"Article","@id":"https:\/\/diariodepe.com.br\/xinhua\/2021\/04\/13\/japao-decide-despejar-agua-contaminada-de-fukushima-no-mar-em-meio-a-oposicao-interna-e-internacional\/#article","isPartOf":{"@id":"https:\/\/diariodepe.com.br\/xinhua\/2021\/04\/13\/japao-decide-despejar-agua-contaminada-de-fukushima-no-mar-em-meio-a-oposicao-interna-e-internacional\/"},"author":{"name":"Marcelo Oliveira de A. Maranhao","@id":"https:\/\/diariodepe.com.br\/xinhua\/#\/schema\/person\/0943d6fd02bdc7b49c8f495e8787a2cb"},"headline":"Jap\u00e3o decide despejar \u00e1gua contaminada de Fukushima no mar em meio \u00e0 oposi\u00e7\u00e3o interna e internacional","datePublished":"2021-04-13T11:20:49+00:00","dateModified":"2021-04-13T11:20:52+00:00","mainEntityOfPage":{"@id":"https:\/\/diariodepe.com.br\/xinhua\/2021\/04\/13\/japao-decide-despejar-agua-contaminada-de-fukushima-no-mar-em-meio-a-oposicao-interna-e-internacional\/"},"wordCount":220,"commentCount":0,"publisher":{"@id":"https:\/\/diariodepe.com.br\/xinhua\/#organization"},"image":{"@id":"https:\/\/diariodepe.com.br\/xinhua\/2021\/04\/13\/japao-decide-despejar-agua-contaminada-de-fukushima-no-mar-em-meio-a-oposicao-interna-e-internacional\/#primaryimage"},"thumbnailUrl":"https:\/\/diariodepe.com.br\/xinhua\/wp-content\/uploads\/sites\/3\/2021\/04\/139877145_16182821156821n.jpg","articleSection":["Internacional"],"inLanguage":"pt-BR","potentialAction":[{"@type":"CommentAction","name":"Comment","target":["https:\/\/diariodepe.com.br\/xinhua\/2021\/04\/13\/japao-decide-despejar-agua-contaminada-de-fukushima-no-mar-em-meio-a-oposicao-interna-e-internacional\/#respond"]}]},{"@type":"WebPage","@id":"https:\/\/diariodepe.com.br\/xinhua\/2021\/04\/13\/japao-decide-despejar-agua-contaminada-de-fukushima-no-mar-em-meio-a-oposicao-interna-e-internacional\/","url":"https:\/\/diariodepe.com.br\/xinhua\/2021\/04\/13\/japao-decide-despejar-agua-contaminada-de-fukushima-no-mar-em-meio-a-oposicao-interna-e-internacional\/","name":"Jap\u00e3o decide despejar \u00e1gua contaminada de Fukushima no mar em meio \u00e0 oposi\u00e7\u00e3o interna e internacional - Xinhua - Diario de Pernambuco","isPartOf":{"@id":"https:\/\/diariodepe.com.br\/xinhua\/#website"},"primaryImageOfPage":{"@id":"https:\/\/diariodepe.com.br\/xinhua\/2021\/04\/13\/japao-decide-despejar-agua-contaminada-de-fukushima-no-mar-em-meio-a-oposicao-interna-e-internacional\/#primaryimage"},"image":{"@id":"https:\/\/diariodepe.com.br\/xinhua\/2021\/04\/13\/japao-decide-despejar-agua-contaminada-de-fukushima-no-mar-em-meio-a-oposicao-interna-e-internacional\/#primaryimage"},"thumbnailUrl":"https:\/\/diariodepe.com.br\/xinhua\/wp-content\/uploads\/sites\/3\/2021\/04\/139877145_16182821156821n.jpg","datePublished":"2021-04-13T11:20:49+00:00","dateModified":"2021-04-13T11:20:52+00:00","description":"O primeiro-ministro japon\u00eas, Yoshihide Suga, anunciou nesta ter\u00e7a-feira que seu governo decidiu despejar as \u00e1guas residuais radioativas da Prov\u00edncia de Fukushima no mar em meio \u00e0 oposi\u00e7\u00e3o dentro e fora do pa\u00eds.","breadcrumb":{"@id":"https:\/\/diariodepe.com.br\/xinhua\/2021\/04\/13\/japao-decide-despejar-agua-contaminada-de-fukushima-no-mar-em-meio-a-oposicao-interna-e-internacional\/#breadcrumb"},"inLanguage":"pt-BR","potentialAction":[{"@type":"ReadAction","target":["https:\/\/diariodepe.com.br\/xinhua\/2021\/04\/13\/japao-decide-despejar-agua-contaminada-de-fukushima-no-mar-em-meio-a-oposicao-interna-e-internacional\/"]}]},{"@type":"ImageObject","inLanguage":"pt-BR","@id":"https:\/\/diariodepe.com.br\/xinhua\/2021\/04\/13\/japao-decide-despejar-agua-contaminada-de-fukushima-no-mar-em-meio-a-oposicao-interna-e-internacional\/#primaryimage","url":"https:\/\/diariodepe.com.br\/xinhua\/wp-content\/uploads\/sites\/3\/2021\/04\/139877145_16182821156821n.jpg","contentUrl":"https:\/\/diariodepe.com.br\/xinhua\/wp-content\/uploads\/sites\/3\/2021\/04\/139877145_16182821156821n.jpg","width":900,"height":599,"caption":"Foto tirada em 22 de fevereiro de 2017 mostra sacos de solo contaminado em Tomioka, Prefeitura de Fukushima, Jap\u00e3o, seis anos ap\u00f3s o desastre nuclear na usina nuclear de Daiichi. (Xinhua\/Hua Yi)"},{"@type":"BreadcrumbList","@id":"https:\/\/diariodepe.com.br\/xinhua\/2021\/04\/13\/japao-decide-despejar-agua-contaminada-de-fukushima-no-mar-em-meio-a-oposicao-interna-e-internacional\/#breadcrumb","itemListElement":[{"@type":"ListItem","position":1,"name":"In\u00edcio","item":"https:\/\/diariodepe.com.br\/xinhua\/"},{"@type":"ListItem","position":2,"name":"Jap\u00e3o decide despejar \u00e1gua contaminada de Fukushima no mar em meio \u00e0 oposi\u00e7\u00e3o interna e internacional"}]},{"@type":"WebSite","@id":"https:\/\/diariodepe.com.br\/xinhua\/#website","url":"https:\/\/diariodepe.com.br\/xinhua\/","name":"Xinhua - Diario de Pernambuco","description":"A maior ag\u00eancia de not\u00edcias da China e um dos principais canais para conhecer o pa\u00eds","publisher":{"@id":"https:\/\/diariodepe.com.br\/xinhua\/#organization"},"potentialAction":[{"@type":"SearchAction","target":{"@type":"EntryPoint","urlTemplate":"https:\/\/diariodepe.com.br\/xinhua\/?s={search_term_string}"},"query-input":{"@type":"PropertyValueSpecification","valueRequired":true,"valueName":"search_term_string"}}],"inLanguage":"pt-BR"},{"@type":"Organization","@id":"https:\/\/diariodepe.com.br\/xinhua\/#organization","name":"Xinhua - Diario de Pernambuco","url":"https:\/\/diariodepe.com.br\/xinhua\/","logo":{"@type":"ImageObject","inLanguage":"pt-BR","@id":"https:\/\/diariodepe.com.br\/xinhua\/#\/schema\/logo\/image\/","url":"https:\/\/diariodepe.com.br\/xinhua\/wp-content\/uploads\/sites\/3\/2020\/10\/cropped-logo-transparente-2.png","contentUrl":"https:\/\/diariodepe.com.br\/xinhua\/wp-content\/uploads\/sites\/3\/2020\/10\/cropped-logo-transparente-2.png","width":512,"height":164,"caption":"Xinhua - Diario de Pernambuco"},"image":{"@id":"https:\/\/diariodepe.com.br\/xinhua\/#\/schema\/logo\/image\/"}},{"@type":"Person","@id":"https:\/\/diariodepe.com.br\/xinhua\/#\/schema\/person\/0943d6fd02bdc7b49c8f495e8787a2cb","name":"Marcelo Oliveira de A. Maranhao","image":{"@type":"ImageObject","inLanguage":"pt-BR","@id":"https:\/\/secure.gravatar.com\/avatar\/f562caee940d39879c20e90eea3e4b21860c7d4c96684c23141c554824f0059c?s=96&d=mm&r=g","url":"https:\/\/secure.gravatar.com\/avatar\/f562caee940d39879c20e90eea3e4b21860c7d4c96684c23141c554824f0059c?s=96&d=mm&r=g","contentUrl":"https:\/\/secure.gravatar.com\/avatar\/f562caee940d39879c20e90eea3e4b21860c7d4c96684c23141c554824f0059c?s=96&d=mm&r=g","caption":"Marcelo Oliveira de A. Maranhao"},"url":"https:\/\/diariodepe.com.br\/xinhua\/author\/marcelo-maranhao\/"}]}},"cc_featured_image_caption":{"caption_text":"","source_text":"","source_url":""},"amp_enabled":true,"_links":{"self":[{"href":"https:\/\/diariodepe.com.br\/xinhua\/wp-json\/wp\/v2\/posts\/1212","targetHints":{"allow":["GET"]}}],"collection":[{"href":"https:\/\/diariodepe.com.br\/xinhua\/wp-json\/wp\/v2\/posts"}],"about":[{"href":"https:\/\/diariodepe.com.br\/xinhua\/wp-json\/wp\/v2\/types\/post"}],"author":[{"embeddable":true,"href":"https:\/\/diariodepe.com.br\/xinhua\/wp-json\/wp\/v2\/users\/3"}],"replies":[{"embeddable":true,"href":"https:\/\/diariodepe.com.br\/xinhua\/wp-json\/wp\/v2\/comments?post=1212"}],"version-history":[{"count":1,"href":"https:\/\/diariodepe.com.br\/xinhua\/wp-json\/wp\/v2\/posts\/1212\/revisions"}],"predecessor-version":[{"id":1215,"href":"https:\/\/diariodepe.com.br\/xinhua\/wp-json\/wp\/v2\/posts\/1212\/revisions\/1215"}],"wp:featuredmedia":[{"embeddable":true,"href":"https:\/\/diariodepe.com.br\/xinhua\/wp-json\/wp\/v2\/media\/1213"}],"wp:attachment":[{"href":"https:\/\/diariodepe.com.br\/xinhua\/wp-json\/wp\/v2\/media?parent=1212"}],"wp:term":[{"taxonomy":"category","embeddable":true,"href":"https:\/\/diariodepe.com.br\/xinhua\/wp-json\/wp\/v2\/categories?post=1212"},{"taxonomy":"post_tag","embeddable":true,"href":"https:\/\/diariodepe.com.br\/xinhua\/wp-json\/wp\/v2\/tags?post=1212"}],"curies":[{"name":"wp","href":"https:\/\/api.w.org\/{rel}","templated":true}]}}