{"id":9987,"date":"2025-11-11T03:59:12","date_gmt":"2025-11-11T06:59:12","guid":{"rendered":"https:\/\/diariodepe.com.br\/cri\/?p=9987"},"modified":"2025-11-11T03:59:12","modified_gmt":"2025-11-11T06:59:12","slug":"o-mundo-percebe-a-notavel-certeza-da-china-na-ciie","status":"publish","type":"post","link":"https:\/\/diariodepe.com.br\/cri\/2025\/11\/11\/o-mundo-percebe-a-notavel-certeza-da-china-na-ciie\/","title":{"rendered":"O mundo percebe a not\u00e1vel \u201ccerteza\u201d da China na CIIE"},"content":{"rendered":"<p><img decoding=\"async\" src=\"https:\/\/38picres.cgtn.com\/photoAlbum\/page\/performance\/img\/2025\/11\/6\/1762409965142_657.jpeg\" \/><\/p>\n<p>Nesta quarta-feira (5)\u00a0de novembro, come\u00e7ou em Shanghai a oitava edi\u00e7\u00e3o da Exposi\u00e7\u00e3o Internacional de Importa\u00e7\u00e3o da China (CIIE, sigla em ingl\u00eas).<\/p>\n<p>O evento re\u00fane 155 pa\u00edses, regi\u00f5es e organiza\u00e7\u00f5es internacionais, al\u00e9m de\u00a0290 empresas da Fortune Global 500 e\u00a0l\u00edderes de diversos\u00a0setores.\u00a0Tanto o espa\u00e7o de exposi\u00e7\u00e3o quanto a participa\u00e7\u00e3o\u00a0das empresas atingiram novos recordes. Esses n\u00fameros refletem\u00a0a vitalidade do gigantesco\u00a0mercado chin\u00eas e enviam um forte sinal de abertura, coopera\u00e7\u00e3o e benef\u00edcios compartilhados.<\/p>\n<p>Como a primeira exposi\u00e7\u00e3o de n\u00edvel nacional dedicada \u00e0 importa\u00e7\u00e3o, a CIIE acontece h\u00e1 oito anos consecutivos. Nesse per\u00edodo, o cen\u00e1rio internacional sofreu mudan\u00e7as significativas, com o aumento do unilateralismo, do protecionismo e dos apelos por \u201cdesacoplamento e quebra das cadeias industriais e de suprimentos\u201d. Em meio a esse contexto complexo, a CIIE tornou-se uma escolha cada vez mais esperada por empresas estrangeiras.<\/p>\n<p>Na\u00a04\u00aa\u00a0Sess\u00e3o Plen\u00e1ria do 20\u00ba\u00a0Comit\u00ea Central do Partido Comunista Chin\u00eas\u00a0(PCCh),\u00a0recentemente conclu\u00edda, foi tra\u00e7ado\u00a0um novo plano para a moderniza\u00e7\u00e3o\u00a0da China. Como primeiro grande evento da\u00a0diplomacia econ\u00f4mica chinesa ap\u00f3s a sess\u00e3o plen\u00e1ria, a oitava edi\u00e7\u00e3o da CIIE oferece algumas certezas ao mundo.<\/p>\n<p><img decoding=\"async\" src=\"https:\/\/38picres.cgtn.com\/photoAlbum\/page\/performance\/img\/2025\/11\/6\/1762409973896_529.jpg\" \/><\/p>\n<p>A primeira \u00e9\u00a0a certeza de\u00a0abertura\u00a0chinesa. Segundo um relat\u00f3rio do F\u00f3rum Hongqiao,\u00a0o \u00edndice global de abertura caiu 0,05% em 2023, atingindo 0,7545. O \u00edndice da China, por\u00e9m, seguiu a tend\u00eancia oposta: subiu de 0,5891, em 1990, para 0,7634 em 2024, um aumento de 29,6%.<\/p>\n<p>A segunda \u00e9 a certeza de desenvolvimento. Executivos estrangeiros presentes na CIIE\u00a0destacaram o enorme potencial do mercado chin\u00eas, o ambiente de investimento aberto e inclusivo e a estabilidade das pol\u00edticas do pa\u00eds como atrativos poderosos.<\/p>\n<p>A terceira \u00e9 a certeza de benef\u00edcios m\u00fatuos. Como a \u00fanica plataforma global dedicada \u00e0 importa\u00e7\u00e3o, a CIIE oferece a certeza\u00a0de benef\u00edcios m\u00fatuos. A\u00a0China promove ativamente uma\u00a0globaliza\u00e7\u00e3o econ\u00f4mica inclusiva, permitindo que todas as na\u00e7\u00f5es compartilhem os frutos de seu desenvolvimento. A CIIE funciona como uma plataforma essencial para colocar essa filosofia em pr\u00e1tica.<\/p>\n<p>\u201cUma nova era, um futuro compartilhado\u201d\u00a0\u2013 a CIIE envia uma mensagem clara ao mundo: quanto mais a economia global desacelera e as disputas internacionais se intensificam, mais precisamos\u00a0defender a coopera\u00e7\u00e3o igualit\u00e1ria e mutuamente ben\u00e9fica e abra\u00e7ar o livre com\u00e9rcio. Essa \u00e9 a vontade dos povos e\u00a0a tend\u00eancia dos tempos.<\/p>\n","protected":false},"excerpt":{"rendered":"<p>Nesta quarta-feira (5)\u00a0de novembro, come\u00e7ou em Shanghai a oitava edi\u00e7\u00e3o da Exposi\u00e7\u00e3o Internacional de Importa\u00e7\u00e3o da China (CIIE, sigla em ingl\u00eas). O evento re\u00fane 155 pa\u00edses, regi\u00f5es e organiza\u00e7\u00f5es internacionais, al\u00e9m de\u00a0290 empresas da Fortune Global 500 e\u00a0l\u00edderes de diversos\u00a0setores.\u00a0Tanto&#8230;<\/p>\n","protected":false},"author":5,"featured_media":0,"comment_status":"open","ping_status":"open","sticky":false,"template":"","format":"standard","meta":{"footnotes":""},"categories":[7],"tags":[],"class_list":["post-9987","post","type-post","status-publish","format-standard","hentry","category-visao"],"yoast_head":"<!-- This site is optimized with the Yoast SEO plugin v27.4 - https:\/\/yoast.com\/product\/yoast-seo-wordpress\/ -->\n<title>O mundo percebe a not\u00e1vel \u201ccerteza\u201d da China na CIIE - CRI e Diario de Pernambuco<\/title>\n<meta name=\"robots\" content=\"index, follow, max-snippet:-1, max-image-preview:large, max-video-preview:-1\" \/>\n<link rel=\"canonical\" href=\"https:\/\/diariodepe.com.br\/cri\/2025\/11\/11\/o-mundo-percebe-a-notavel-certeza-da-china-na-ciie\/\" \/>\n<meta property=\"og:locale\" content=\"pt_BR\" \/>\n<meta property=\"og:type\" content=\"article\" \/>\n<meta property=\"og:title\" content=\"O mundo percebe a not\u00e1vel \u201ccerteza\u201d da China na CIIE - CRI e Diario de Pernambuco\" \/>\n<meta property=\"og:description\" content=\"Nesta quarta-feira (5)\u00a0de novembro, come\u00e7ou em Shanghai a oitava edi\u00e7\u00e3o da Exposi\u00e7\u00e3o Internacional de Importa\u00e7\u00e3o da China (CIIE, sigla em ingl\u00eas). O evento re\u00fane 155 pa\u00edses, regi\u00f5es e organiza\u00e7\u00f5es internacionais, al\u00e9m de\u00a0290 empresas da Fortune Global 500 e\u00a0l\u00edderes de diversos\u00a0setores.\u00a0Tanto...\" \/>\n<meta property=\"og:url\" content=\"https:\/\/diariodepe.com.br\/cri\/2025\/11\/11\/o-mundo-percebe-a-notavel-certeza-da-china-na-ciie\/\" \/>\n<meta property=\"og:site_name\" content=\"CRI e Diario de Pernambuco\" \/>\n<meta property=\"article:published_time\" content=\"2025-11-11T06:59:12+00:00\" \/>\n<meta property=\"og:image\" content=\"https:\/\/38picres.cgtn.com\/photoAlbum\/page\/performance\/img\/2025\/11\/6\/1762409965142_657.jpeg\" \/>\n<meta name=\"author\" content=\"CRI Portugu\u00eas\" \/>\n<meta name=\"twitter:card\" content=\"summary_large_image\" \/>\n<meta name=\"twitter:label1\" content=\"Escrito por\" \/>\n\t<meta name=\"twitter:data1\" content=\"CRI Portugu\u00eas\" \/>\n\t<meta name=\"twitter:label2\" content=\"Est. tempo de leitura\" \/>\n\t<meta name=\"twitter:data2\" content=\"3 minutos\" \/>\n<script type=\"application\/ld+json\" class=\"yoast-schema-graph\">{\"@context\":\"https:\\\/\\\/schema.org\",\"@graph\":[{\"@type\":\"Article\",\"@id\":\"https:\\\/\\\/diariodepe.com.br\\\/cri\\\/2025\\\/11\\\/11\\\/o-mundo-percebe-a-notavel-certeza-da-china-na-ciie\\\/#article\",\"isPartOf\":{\"@id\":\"https:\\\/\\\/diariodepe.com.br\\\/cri\\\/2025\\\/11\\\/11\\\/o-mundo-percebe-a-notavel-certeza-da-china-na-ciie\\\/\"},\"author\":{\"name\":\"CRI Portugu\u00eas\",\"@id\":\"https:\\\/\\\/diariodepe.com.br\\\/cri\\\/#\\\/schema\\\/person\\\/e474aead631cd4098632e11d3fbce118\"},\"headline\":\"O mundo percebe a not\u00e1vel \u201ccerteza\u201d da China na CIIE\",\"datePublished\":\"2025-11-11T06:59:12+00:00\",\"mainEntityOfPage\":{\"@id\":\"https:\\\/\\\/diariodepe.com.br\\\/cri\\\/2025\\\/11\\\/11\\\/o-mundo-percebe-a-notavel-certeza-da-china-na-ciie\\\/\"},\"wordCount\":425,\"commentCount\":0,\"publisher\":{\"@id\":\"https:\\\/\\\/diariodepe.com.br\\\/cri\\\/#organization\"},\"image\":{\"@id\":\"https:\\\/\\\/diariodepe.com.br\\\/cri\\\/2025\\\/11\\\/11\\\/o-mundo-percebe-a-notavel-certeza-da-china-na-ciie\\\/#primaryimage\"},\"thumbnailUrl\":\"https:\\\/\\\/38picres.cgtn.com\\\/photoAlbum\\\/page\\\/performance\\\/img\\\/2025\\\/11\\\/6\\\/1762409965142_657.jpeg\",\"articleSection\":[\"Vis\u00e3o\"],\"inLanguage\":\"pt-BR\",\"potentialAction\":[{\"@type\":\"CommentAction\",\"name\":\"Comment\",\"target\":[\"https:\\\/\\\/diariodepe.com.br\\\/cri\\\/2025\\\/11\\\/11\\\/o-mundo-percebe-a-notavel-certeza-da-china-na-ciie\\\/#respond\"]}]},{\"@type\":\"WebPage\",\"@id\":\"https:\\\/\\\/diariodepe.com.br\\\/cri\\\/2025\\\/11\\\/11\\\/o-mundo-percebe-a-notavel-certeza-da-china-na-ciie\\\/\",\"url\":\"https:\\\/\\\/diariodepe.com.br\\\/cri\\\/2025\\\/11\\\/11\\\/o-mundo-percebe-a-notavel-certeza-da-china-na-ciie\\\/\",\"name\":\"O mundo percebe a not\u00e1vel \u201ccerteza\u201d da China na CIIE - CRI e Diario de Pernambuco\",\"isPartOf\":{\"@id\":\"https:\\\/\\\/diariodepe.com.br\\\/cri\\\/#website\"},\"primaryImageOfPage\":{\"@id\":\"https:\\\/\\\/diariodepe.com.br\\\/cri\\\/2025\\\/11\\\/11\\\/o-mundo-percebe-a-notavel-certeza-da-china-na-ciie\\\/#primaryimage\"},\"image\":{\"@id\":\"https:\\\/\\\/diariodepe.com.br\\\/cri\\\/2025\\\/11\\\/11\\\/o-mundo-percebe-a-notavel-certeza-da-china-na-ciie\\\/#primaryimage\"},\"thumbnailUrl\":\"https:\\\/\\\/38picres.cgtn.com\\\/photoAlbum\\\/page\\\/performance\\\/img\\\/2025\\\/11\\\/6\\\/1762409965142_657.jpeg\",\"datePublished\":\"2025-11-11T06:59:12+00:00\",\"breadcrumb\":{\"@id\":\"https:\\\/\\\/diariodepe.com.br\\\/cri\\\/2025\\\/11\\\/11\\\/o-mundo-percebe-a-notavel-certeza-da-china-na-ciie\\\/#breadcrumb\"},\"inLanguage\":\"pt-BR\",\"potentialAction\":[{\"@type\":\"ReadAction\",\"target\":[\"https:\\\/\\\/diariodepe.com.br\\\/cri\\\/2025\\\/11\\\/11\\\/o-mundo-percebe-a-notavel-certeza-da-china-na-ciie\\\/\"]}]},{\"@type\":\"ImageObject\",\"inLanguage\":\"pt-BR\",\"@id\":\"https:\\\/\\\/diariodepe.com.br\\\/cri\\\/2025\\\/11\\\/11\\\/o-mundo-percebe-a-notavel-certeza-da-china-na-ciie\\\/#primaryimage\",\"url\":\"https:\\\/\\\/38picres.cgtn.com\\\/photoAlbum\\\/page\\\/performance\\\/img\\\/2025\\\/11\\\/6\\\/1762409965142_657.jpeg\",\"contentUrl\":\"https:\\\/\\\/38picres.cgtn.com\\\/photoAlbum\\\/page\\\/performance\\\/img\\\/2025\\\/11\\\/6\\\/1762409965142_657.jpeg\"},{\"@type\":\"BreadcrumbList\",\"@id\":\"https:\\\/\\\/diariodepe.com.br\\\/cri\\\/2025\\\/11\\\/11\\\/o-mundo-percebe-a-notavel-certeza-da-china-na-ciie\\\/#breadcrumb\",\"itemListElement\":[{\"@type\":\"ListItem\",\"position\":1,\"name\":\"In\u00edcio\",\"item\":\"https:\\\/\\\/diariodepe.com.br\\\/cri\\\/\"},{\"@type\":\"ListItem\",\"position\":2,\"name\":\"O mundo percebe a not\u00e1vel \u201ccerteza\u201d da China na CIIE\"}]},{\"@type\":\"WebSite\",\"@id\":\"https:\\\/\\\/diariodepe.com.br\\\/cri\\\/#website\",\"url\":\"https:\\\/\\\/diariodepe.com.br\\\/cri\\\/\",\"name\":\"CRI e Diario de Pernambuco\",\"description\":\"R\u00e1dio Internacional da China\",\"publisher\":{\"@id\":\"https:\\\/\\\/diariodepe.com.br\\\/cri\\\/#organization\"},\"potentialAction\":[{\"@type\":\"SearchAction\",\"target\":{\"@type\":\"EntryPoint\",\"urlTemplate\":\"https:\\\/\\\/diariodepe.com.br\\\/cri\\\/?s={search_term_string}\"},\"query-input\":{\"@type\":\"PropertyValueSpecification\",\"valueRequired\":true,\"valueName\":\"search_term_string\"}}],\"inLanguage\":\"pt-BR\"},{\"@type\":\"Organization\",\"@id\":\"https:\\\/\\\/diariodepe.com.br\\\/cri\\\/#organization\",\"name\":\"CRI e Diario de Pernambuco\",\"url\":\"https:\\\/\\\/diariodepe.com.br\\\/cri\\\/\",\"logo\":{\"@type\":\"ImageObject\",\"inLanguage\":\"pt-BR\",\"@id\":\"https:\\\/\\\/diariodepe.com.br\\\/cri\\\/#\\\/schema\\\/logo\\\/image\\\/\",\"url\":\"https:\\\/\\\/diariodepe.com.br\\\/cri\\\/wp-content\\\/uploads\\\/sites\\\/2\\\/2022\\\/12\\\/cropped-Logo.jpg\",\"contentUrl\":\"https:\\\/\\\/diariodepe.com.br\\\/cri\\\/wp-content\\\/uploads\\\/sites\\\/2\\\/2022\\\/12\\\/cropped-Logo.jpg\",\"width\":700,\"height\":59,\"caption\":\"CRI e Diario de Pernambuco\"},\"image\":{\"@id\":\"https:\\\/\\\/diariodepe.com.br\\\/cri\\\/#\\\/schema\\\/logo\\\/image\\\/\"}},{\"@type\":\"Person\",\"@id\":\"https:\\\/\\\/diariodepe.com.br\\\/cri\\\/#\\\/schema\\\/person\\\/e474aead631cd4098632e11d3fbce118\",\"name\":\"CRI Portugu\u00eas\",\"image\":{\"@type\":\"ImageObject\",\"inLanguage\":\"pt-BR\",\"@id\":\"https:\\\/\\\/secure.gravatar.com\\\/avatar\\\/e2ac889ef882d4dc53091b610766dce49106cf9fe98c76e06745abb0993b2763?s=96&d=mm&r=g\",\"url\":\"https:\\\/\\\/secure.gravatar.com\\\/avatar\\\/e2ac889ef882d4dc53091b610766dce49106cf9fe98c76e06745abb0993b2763?s=96&d=mm&r=g\",\"contentUrl\":\"https:\\\/\\\/secure.gravatar.com\\\/avatar\\\/e2ac889ef882d4dc53091b610766dce49106cf9fe98c76e06745abb0993b2763?s=96&d=mm&r=g\",\"caption\":\"CRI Portugu\u00eas\"},\"sameAs\":[\"https:\\\/\\\/www.diariodepernambuco.com.br\\\/\"],\"url\":\"https:\\\/\\\/diariodepe.com.br\\\/cri\\\/author\\\/agencia-cri\\\/\"}]}<\/script>\n<!-- \/ Yoast SEO plugin. -->","yoast_head_json":{"title":"O mundo percebe a not\u00e1vel \u201ccerteza\u201d da China na CIIE - CRI e Diario de Pernambuco","robots":{"index":"index","follow":"follow","max-snippet":"max-snippet:-1","max-image-preview":"max-image-preview:large","max-video-preview":"max-video-preview:-1"},"canonical":"https:\/\/diariodepe.com.br\/cri\/2025\/11\/11\/o-mundo-percebe-a-notavel-certeza-da-china-na-ciie\/","og_locale":"pt_BR","og_type":"article","og_title":"O mundo percebe a not\u00e1vel \u201ccerteza\u201d da China na CIIE - CRI e Diario de Pernambuco","og_description":"Nesta quarta-feira (5)\u00a0de novembro, come\u00e7ou em Shanghai a oitava edi\u00e7\u00e3o da Exposi\u00e7\u00e3o Internacional de Importa\u00e7\u00e3o da China (CIIE, sigla em ingl\u00eas). O evento re\u00fane 155 pa\u00edses, regi\u00f5es e organiza\u00e7\u00f5es internacionais, al\u00e9m de\u00a0290 empresas da Fortune Global 500 e\u00a0l\u00edderes de diversos\u00a0setores.\u00a0Tanto...","og_url":"https:\/\/diariodepe.com.br\/cri\/2025\/11\/11\/o-mundo-percebe-a-notavel-certeza-da-china-na-ciie\/","og_site_name":"CRI e Diario de Pernambuco","article_published_time":"2025-11-11T06:59:12+00:00","og_image":[{"url":"https:\/\/38picres.cgtn.com\/photoAlbum\/page\/performance\/img\/2025\/11\/6\/1762409965142_657.jpeg","type":"","width":"","height":""}],"author":"CRI Portugu\u00eas","twitter_card":"summary_large_image","twitter_misc":{"Escrito por":"CRI Portugu\u00eas","Est. tempo de leitura":"3 minutos"},"schema":{"@context":"https:\/\/schema.org","@graph":[{"@type":"Article","@id":"https:\/\/diariodepe.com.br\/cri\/2025\/11\/11\/o-mundo-percebe-a-notavel-certeza-da-china-na-ciie\/#article","isPartOf":{"@id":"https:\/\/diariodepe.com.br\/cri\/2025\/11\/11\/o-mundo-percebe-a-notavel-certeza-da-china-na-ciie\/"},"author":{"name":"CRI Portugu\u00eas","@id":"https:\/\/diariodepe.com.br\/cri\/#\/schema\/person\/e474aead631cd4098632e11d3fbce118"},"headline":"O mundo percebe a not\u00e1vel \u201ccerteza\u201d da China na CIIE","datePublished":"2025-11-11T06:59:12+00:00","mainEntityOfPage":{"@id":"https:\/\/diariodepe.com.br\/cri\/2025\/11\/11\/o-mundo-percebe-a-notavel-certeza-da-china-na-ciie\/"},"wordCount":425,"commentCount":0,"publisher":{"@id":"https:\/\/diariodepe.com.br\/cri\/#organization"},"image":{"@id":"https:\/\/diariodepe.com.br\/cri\/2025\/11\/11\/o-mundo-percebe-a-notavel-certeza-da-china-na-ciie\/#primaryimage"},"thumbnailUrl":"https:\/\/38picres.cgtn.com\/photoAlbum\/page\/performance\/img\/2025\/11\/6\/1762409965142_657.jpeg","articleSection":["Vis\u00e3o"],"inLanguage":"pt-BR","potentialAction":[{"@type":"CommentAction","name":"Comment","target":["https:\/\/diariodepe.com.br\/cri\/2025\/11\/11\/o-mundo-percebe-a-notavel-certeza-da-china-na-ciie\/#respond"]}]},{"@type":"WebPage","@id":"https:\/\/diariodepe.com.br\/cri\/2025\/11\/11\/o-mundo-percebe-a-notavel-certeza-da-china-na-ciie\/","url":"https:\/\/diariodepe.com.br\/cri\/2025\/11\/11\/o-mundo-percebe-a-notavel-certeza-da-china-na-ciie\/","name":"O mundo percebe a not\u00e1vel \u201ccerteza\u201d da China na CIIE - CRI e Diario de Pernambuco","isPartOf":{"@id":"https:\/\/diariodepe.com.br\/cri\/#website"},"primaryImageOfPage":{"@id":"https:\/\/diariodepe.com.br\/cri\/2025\/11\/11\/o-mundo-percebe-a-notavel-certeza-da-china-na-ciie\/#primaryimage"},"image":{"@id":"https:\/\/diariodepe.com.br\/cri\/2025\/11\/11\/o-mundo-percebe-a-notavel-certeza-da-china-na-ciie\/#primaryimage"},"thumbnailUrl":"https:\/\/38picres.cgtn.com\/photoAlbum\/page\/performance\/img\/2025\/11\/6\/1762409965142_657.jpeg","datePublished":"2025-11-11T06:59:12+00:00","breadcrumb":{"@id":"https:\/\/diariodepe.com.br\/cri\/2025\/11\/11\/o-mundo-percebe-a-notavel-certeza-da-china-na-ciie\/#breadcrumb"},"inLanguage":"pt-BR","potentialAction":[{"@type":"ReadAction","target":["https:\/\/diariodepe.com.br\/cri\/2025\/11\/11\/o-mundo-percebe-a-notavel-certeza-da-china-na-ciie\/"]}]},{"@type":"ImageObject","inLanguage":"pt-BR","@id":"https:\/\/diariodepe.com.br\/cri\/2025\/11\/11\/o-mundo-percebe-a-notavel-certeza-da-china-na-ciie\/#primaryimage","url":"https:\/\/38picres.cgtn.com\/photoAlbum\/page\/performance\/img\/2025\/11\/6\/1762409965142_657.jpeg","contentUrl":"https:\/\/38picres.cgtn.com\/photoAlbum\/page\/performance\/img\/2025\/11\/6\/1762409965142_657.jpeg"},{"@type":"BreadcrumbList","@id":"https:\/\/diariodepe.com.br\/cri\/2025\/11\/11\/o-mundo-percebe-a-notavel-certeza-da-china-na-ciie\/#breadcrumb","itemListElement":[{"@type":"ListItem","position":1,"name":"In\u00edcio","item":"https:\/\/diariodepe.com.br\/cri\/"},{"@type":"ListItem","position":2,"name":"O mundo percebe a not\u00e1vel \u201ccerteza\u201d da China na CIIE"}]},{"@type":"WebSite","@id":"https:\/\/diariodepe.com.br\/cri\/#website","url":"https:\/\/diariodepe.com.br\/cri\/","name":"CRI e Diario de Pernambuco","description":"R\u00e1dio Internacional da China","publisher":{"@id":"https:\/\/diariodepe.com.br\/cri\/#organization"},"potentialAction":[{"@type":"SearchAction","target":{"@type":"EntryPoint","urlTemplate":"https:\/\/diariodepe.com.br\/cri\/?s={search_term_string}"},"query-input":{"@type":"PropertyValueSpecification","valueRequired":true,"valueName":"search_term_string"}}],"inLanguage":"pt-BR"},{"@type":"Organization","@id":"https:\/\/diariodepe.com.br\/cri\/#organization","name":"CRI e Diario de Pernambuco","url":"https:\/\/diariodepe.com.br\/cri\/","logo":{"@type":"ImageObject","inLanguage":"pt-BR","@id":"https:\/\/diariodepe.com.br\/cri\/#\/schema\/logo\/image\/","url":"https:\/\/diariodepe.com.br\/cri\/wp-content\/uploads\/sites\/2\/2022\/12\/cropped-Logo.jpg","contentUrl":"https:\/\/diariodepe.com.br\/cri\/wp-content\/uploads\/sites\/2\/2022\/12\/cropped-Logo.jpg","width":700,"height":59,"caption":"CRI e Diario de Pernambuco"},"image":{"@id":"https:\/\/diariodepe.com.br\/cri\/#\/schema\/logo\/image\/"}},{"@type":"Person","@id":"https:\/\/diariodepe.com.br\/cri\/#\/schema\/person\/e474aead631cd4098632e11d3fbce118","name":"CRI Portugu\u00eas","image":{"@type":"ImageObject","inLanguage":"pt-BR","@id":"https:\/\/secure.gravatar.com\/avatar\/e2ac889ef882d4dc53091b610766dce49106cf9fe98c76e06745abb0993b2763?s=96&d=mm&r=g","url":"https:\/\/secure.gravatar.com\/avatar\/e2ac889ef882d4dc53091b610766dce49106cf9fe98c76e06745abb0993b2763?s=96&d=mm&r=g","contentUrl":"https:\/\/secure.gravatar.com\/avatar\/e2ac889ef882d4dc53091b610766dce49106cf9fe98c76e06745abb0993b2763?s=96&d=mm&r=g","caption":"CRI Portugu\u00eas"},"sameAs":["https:\/\/www.diariodepernambuco.com.br\/"],"url":"https:\/\/diariodepe.com.br\/cri\/author\/agencia-cri\/"}]}},"cc_featured_image_caption":{"caption_text":"","source_text":"","source_url":""},"amp_enabled":true,"_links":{"self":[{"href":"https:\/\/diariodepe.com.br\/cri\/wp-json\/wp\/v2\/posts\/9987","targetHints":{"allow":["GET"]}}],"collection":[{"href":"https:\/\/diariodepe.com.br\/cri\/wp-json\/wp\/v2\/posts"}],"about":[{"href":"https:\/\/diariodepe.com.br\/cri\/wp-json\/wp\/v2\/types\/post"}],"author":[{"embeddable":true,"href":"https:\/\/diariodepe.com.br\/cri\/wp-json\/wp\/v2\/users\/5"}],"replies":[{"embeddable":true,"href":"https:\/\/diariodepe.com.br\/cri\/wp-json\/wp\/v2\/comments?post=9987"}],"version-history":[{"count":1,"href":"https:\/\/diariodepe.com.br\/cri\/wp-json\/wp\/v2\/posts\/9987\/revisions"}],"predecessor-version":[{"id":9988,"href":"https:\/\/diariodepe.com.br\/cri\/wp-json\/wp\/v2\/posts\/9987\/revisions\/9988"}],"wp:attachment":[{"href":"https:\/\/diariodepe.com.br\/cri\/wp-json\/wp\/v2\/media?parent=9987"}],"wp:term":[{"taxonomy":"category","embeddable":true,"href":"https:\/\/diariodepe.com.br\/cri\/wp-json\/wp\/v2\/categories?post=9987"},{"taxonomy":"post_tag","embeddable":true,"href":"https:\/\/diariodepe.com.br\/cri\/wp-json\/wp\/v2\/tags?post=9987"}],"curies":[{"name":"wp","href":"https:\/\/api.w.org\/{rel}","templated":true}]}}