{"id":994,"date":"2023-04-11T23:26:04","date_gmt":"2023-04-12T02:26:04","guid":{"rendered":"https:\/\/diariodepe.com.br\/cri\/?p=994"},"modified":"2023-04-11T23:26:04","modified_gmt":"2023-04-12T02:26:04","slug":"realizado-com-sucesso-dialogo-abertura-e-inovacao-em-busca-do-desenvolvimento-compartilhado","status":"publish","type":"post","link":"https:\/\/diariodepe.com.br\/cri\/2023\/04\/11\/realizado-com-sucesso-dialogo-abertura-e-inovacao-em-busca-do-desenvolvimento-compartilhado\/","title":{"rendered":"Realizado com sucesso di\u00e1logo Abertura e Inova\u00e7\u00e3o em Busca do Desenvolvimento Compartilhado"},"content":{"rendered":"<p>Antes da visita do presidente brasileiro, Luiz In\u00e1cio Lula da Silva, \u00e0 China, o Grupo de M\u00eddia da China realizou um di\u00e1logo intitulado Abertura e Inova\u00e7\u00e3o em Busca do Desenvolvimento Compartilhado. O evento contou com a participa\u00e7\u00e3o de especialistas chineses e brasileiros que discutiram temas como moderniza\u00e7\u00e3o chinesa, rela\u00e7\u00e3o China-Brasil, comunidade com futuro compartilhado para a humanidade entre outros.<\/p>\n<p>Na ocasi\u00e3o, o embaixador chin\u00eas no Brasil, Zhu Qingqiao, disse: \u201cAtualmente, tanto a China como o Brasil iniciaram uma nova jornada para construir um pa\u00eds moderno e, portanto, compartilham \u00e1reas ainda mais amplas de interesses comuns e maior espa\u00e7o para a coopera\u00e7\u00e3o. Esperamos trabalhar com o lado brasileiro para implementar os importantes consensos dos dois chefes de Estado, fortalecer o alinhamento das estrat\u00e9gias de desenvolvimento, ampliar coopera\u00e7\u00f5es nas \u00e1reas de com\u00e9rcio e investimento, assim construindo novas marcas de coopera\u00e7\u00e3o na economia digital, desenvolvimento verde, inova\u00e7\u00e3o cient\u00edfica e tecnol\u00f3gica e nova industrializa\u00e7\u00e3o. E ao mesmo tempo, temos que fortalecer ainda mais o interc\u00e2mbio human\u00edstico e cultural para intensificar a amizade entre os dois povos e a aprendizagem m\u00fatua das civiliza\u00e7\u00f5es.\u201d<\/p>\n<p>O embaixador brasileiro, Marcos Galv\u00e3o, elogiou as coopera\u00e7\u00f5es entre China e Brasil. \u201cNo t\u00edtulo da atual sess\u00e3o aparece como qualificador, mas que, de certa forma, representa a pr\u00f3pria ess\u00eancia de nosso trabalho conjunto. Estou me referindo \u00e0 natureza\u00a0compartilhada\u00a0do desenvolvimento, ou seja, a capacidade que a coopera\u00e7\u00e3o entre Brasil e China tem, em si, para auxiliar na obten\u00e7\u00e3o dessa meta t\u00e3o central para nossos povos. Nossos pa\u00edses t\u00eam h\u00e1 d\u00e9cadas buscado o desenvolvimento, em esfor\u00e7o que vem envolvendo gera\u00e7\u00f5es de brasileiros e de chineses. Quando juntamos esfor\u00e7os, chegamos mais perto de nosso objetivo.\u201d<\/p>\n<p>A ministra da Ci\u00eancia, Tecnologia e Inova\u00e7\u00e3o do Brasil, Luciana Santos, sublinhou as colabora\u00e7\u00f5es entre os dois pa\u00edses na \u00e1rea de tecnologia. \u201cConsidero decisiva a nossa coopera\u00e7\u00e3o com a China para o desenvolvimento cient\u00edfico e tecnol\u00f3gico do Brasil. Como um exemplo, o programa CEBERS, a maior coopera\u00e7\u00e3o entre pa\u00edses do Sul, que permitiu o desenvolvimento conjunto do sat\u00e9lite de sensoriamento remoto.\u201d<\/p>\n<p>O diretor executivo do Centro de Estudos Brasileiros da Academia Chinesa de Ci\u00eancias Sociais, Zhou Zhiwei destacou as coopera\u00e7\u00f5es sino-brasileiras no bloco do BRICS. \u201cNos \u00faltimos anos, os dois governos t\u00eam cooperado cada vez mais estreitamente em institui\u00e7\u00f5es multilaterais, especialmente atrav\u00e9s do mecanismo BRICS, a China e o Brasil podem alcan\u00e7ar uma coopera\u00e7\u00e3o mais ampla com outros pa\u00edses em desenvolvimento, aumentar a voz geral dos pa\u00edses em desenvolvimento nos assuntos internacionais e promover o estabelecimento de uma nova ordem pol\u00edtica e econ\u00f4mica mundial. Portanto, o significado das rela\u00e7\u00f5es China-Brasil tem mais implica\u00e7\u00f5es globais e estrat\u00e9gicas cada vez mais importantes.\u201d<\/p>\n<p>O secretario de Rela\u00e7\u00f5es Internacionais do PT do Brasil, Romenio Pereira, disse no seu discurso que a visita de Lula \u00e0 China abrir\u00e1 uma nova p\u00e1gina para as rela\u00e7\u00f5es bilaterais, sendo um assunto importante n\u00e3o s\u00f3 para a \u00c1sia e a Am\u00e9rica Latina, como para todo o mundo.<\/p>\n<p>O presidente da EBC, H\u00e9lio Doyle, acha que as rela\u00e7\u00f5es entre ambos os pa\u00edses v\u00e3o se desenvolver ainda mais, com mais coopera\u00e7\u00e3o, mais entendimento e mais uni\u00e3o, em prol da paz, da autodetermina\u00e7\u00e3o dos povos, da soberania das na\u00e7\u00f5es e em benef\u00edcio da popula\u00e7\u00e3o de ambos os pa\u00edses. Ele ainda espera por uma maior coopera\u00e7\u00e3o entre sua entidade e o Grupo de M\u00eddia da China.<\/p>\n<p>Alessandro Teixeira, professor da Escola de Administra\u00e7\u00e3o P\u00fablica da Universidade de Tsinghua e ex-ministro do Turismo do Brasil, disse: \u201cOs objetivos da China e do Brasil se assemelham muito na busca de pol\u00edticas de diminui\u00e7\u00e3o da desigualdade de pol\u00edticas de erradica\u00e7\u00e3o total da pobreza. Mas principalmente pelo desenvolvimento econ\u00f4mico equ\u00e2nime, um desenvolvimento social mais justo e um desenvolvimento sustent\u00e1vel, que s\u00e3o objetivos tanto para a China como para o Brasil.\u201d<\/p>\n<p>Evandro Menezes de Carvalho, professor de Direito Internacional e Coordenador do N\u00facleo de Estudos Brasil-China da FGV Direito Rio, afirmou: \u201cO governo chin\u00eas anunciou um crescimento de 5% para a sua economia este ano na 1\u00aa Sess\u00e3o da 14\u00aa Assembleia Popular Nacional. Para um pa\u00eds com um PIB pr\u00f3ximo de 18 trilh\u00f5es de d\u00f3lares americanos, \u00e9 um crescimento significativo. A China mant\u00e9m-se na corrida para assumir o p\u00f3dio global de maior economia do mundo e segue firme no prop\u00f3sito de ter 800 milh\u00f5es de pessoas na faixa de renda m\u00e9dia at\u00e9 2035. Um mercado consumidor gigantesco. Por ser o maior parceiro comercial de mais de uma centena de pa\u00edses, incluindo o Brasil, estes progn\u00f3sticos s\u00e3o animadores para muitos governos e isto tamb\u00e9m significa que ser\u00e1 mais intensa a concorr\u00eancia pelas oportunidades no mercado chin\u00eas.\u201d<\/p>\n<p>Renato Peneluppi Jr., advogado, doutor e especialista em Administra\u00e7\u00e3o P\u00fablica Chinesa, membro do think tank n\u00e3o governamental Center for China and Globalization (CCG), elogiou a moderniza\u00e7\u00e3o chinesa no seu discurso: \u201cO projeto de moderniza\u00e7\u00e3o chinesa tem na prosperidade comum, a base para os desafios ambientais e clim\u00e1ticos deste s\u00e9culo, garantindo que o crescimento econ\u00f4mico seja sustent\u00e1vel, com harmonia entre o ser humano e a natureza em um caminho de desenvolvimento pac\u00edfico. A China tem oferecido muito ao mundo, de bens de consumo para a cadeia globais de valor, a um outro modelo de desenvolvimento, como combater e eliminar a pobreza. Tamb\u00e9m abre um novo ciclo econ\u00f4mico que desabrocha para a moderniza\u00e7\u00e3o chinesa, que \u00e9 a moderniza\u00e7\u00e3o de uma enorme popula\u00e7\u00e3o, com prosperidade para todos, como as metas 3060, a revitaliza\u00e7\u00e3o do campo, dupla circula\u00e7\u00e3o, megacidades, reformas no sistema de sa\u00fade e Estado, al\u00e9m do desenvolvimento pac\u00edfico, que contrasta com a moderniza\u00e7\u00e3o ocidental.\u201d<\/p>\n<p>O pesquisador das rela\u00e7\u00f5es China-Brasil e China-Am\u00e9rica Latina, ex-auditor federal de finan\u00e7as e controladoria do Minist\u00e9rio da Fazenda do Brasil, Jos\u00e9 Nelson Bessa Maia, disse: \u201cA volta de Lula da Silva como novo presidente do Brasil para um terceiro mandato (2023-2026) abre espa\u00e7o para uma inova\u00e7\u00e3o nas rela\u00e7\u00f5es entre Brasil e China. Em face da dif\u00edcil situa\u00e7\u00e3o da economia brasileira, acredito que a parceria econ\u00f4mica em mais alto patamar entre Brasil e China possa ajudar a reverter as dificuldades que o Brasil ora enfrenta.\u201d<\/p>\n<p>Elias Jabbour, professor Associado da Faculdade de Ci\u00eancias Econ\u00f4micas da UERJ, destacou o papel do planejamento do Estado no desenvolvimento econ\u00f4mico da China, especialmente do seu macrocontrole. Ele ainda destacou as pol\u00edticas chinesas em busca da inova\u00e7\u00e3o tecnol\u00f3gica.<\/p>\n<p>Marco Fernandes, pesquisador brasileiro do Instituto Tricontinental de Pesquisa Social, disse: \u201cA China lan\u00e7ou a Iniciativa de Desenvolvimento Global, juntamente com a ONU, como uma proposta para combater a pobreza e estimular o desenvolvimento dos pa\u00edses do Sul. Ser\u00e1 fundamental tirar proveito deste f\u00f3rum para aprender com a experi\u00eancia chinesa.\u201d<\/p>\n<p>O di\u00e1logo foi organizado pelo Departamento de Portugu\u00eas do Centro de Programa\u00e7\u00e3o de L\u00ednguas da Europa e Am\u00e9rica Latina do Grupo de M\u00eddia da China e tamb\u00e9m contou com a participa\u00e7\u00e3o dos professores e estudantes da Universidade de Estudos Estrangeiros de Beijing e Universidade de Estudos Internacionais de Sichuan.<\/p>\n<p>&nbsp;<\/p>\n","protected":false},"excerpt":{"rendered":"<p>Antes da visita do presidente brasileiro, Luiz In\u00e1cio Lula da Silva, \u00e0 China, o Grupo de M\u00eddia da China realizou um di\u00e1logo intitulado Abertura e Inova\u00e7\u00e3o em Busca do Desenvolvimento Compartilhado. O evento contou com a participa\u00e7\u00e3o de especialistas chineses&#8230;<\/p>\n","protected":false},"author":2,"featured_media":995,"comment_status":"open","ping_status":"open","sticky":false,"template":"","format":"standard","meta":{"footnotes":""},"categories":[8],"tags":[],"class_list":["post-994","post","type-post","status-publish","format-standard","has-post-thumbnail","hentry","category-internacional"],"yoast_head":"<!-- This site is optimized with the Yoast SEO plugin v27.4 - https:\/\/yoast.com\/product\/yoast-seo-wordpress\/ -->\n<title>Realizado com sucesso di\u00e1logo Abertura e Inova\u00e7\u00e3o em Busca do Desenvolvimento Compartilhado - CRI e Diario de Pernambuco<\/title>\n<meta name=\"robots\" content=\"index, follow, max-snippet:-1, max-image-preview:large, max-video-preview:-1\" \/>\n<link rel=\"canonical\" href=\"https:\/\/diariodepe.com.br\/cri\/2023\/04\/11\/realizado-com-sucesso-dialogo-abertura-e-inovacao-em-busca-do-desenvolvimento-compartilhado\/\" \/>\n<meta property=\"og:locale\" content=\"pt_BR\" \/>\n<meta property=\"og:type\" content=\"article\" \/>\n<meta property=\"og:title\" content=\"Realizado com sucesso di\u00e1logo Abertura e Inova\u00e7\u00e3o em Busca do Desenvolvimento Compartilhado - CRI e Diario de Pernambuco\" \/>\n<meta property=\"og:description\" content=\"Antes da visita do presidente brasileiro, Luiz In\u00e1cio Lula da Silva, \u00e0 China, o Grupo de M\u00eddia da China realizou um di\u00e1logo intitulado Abertura e Inova\u00e7\u00e3o em Busca do Desenvolvimento Compartilhado. O evento contou com a participa\u00e7\u00e3o de especialistas chineses...\" \/>\n<meta property=\"og:url\" content=\"https:\/\/diariodepe.com.br\/cri\/2023\/04\/11\/realizado-com-sucesso-dialogo-abertura-e-inovacao-em-busca-do-desenvolvimento-compartilhado\/\" \/>\n<meta property=\"og:site_name\" content=\"CRI e Diario de Pernambuco\" \/>\n<meta property=\"article:published_time\" content=\"2023-04-12T02:26:04+00:00\" \/>\n<meta property=\"og:image\" content=\"https:\/\/diariodepe.com.br\/cri\/wp-content\/uploads\/sites\/2\/2023\/04\/123.jpg\" \/>\n\t<meta property=\"og:image:width\" content=\"1920\" \/>\n\t<meta property=\"og:image:height\" content=\"1080\" \/>\n\t<meta property=\"og:image:type\" content=\"image\/jpeg\" \/>\n<meta name=\"author\" content=\"Ismael Lucas S. Pereira\" \/>\n<meta name=\"twitter:card\" content=\"summary_large_image\" \/>\n<meta name=\"twitter:label1\" content=\"Escrito por\" \/>\n\t<meta name=\"twitter:data1\" content=\"Ismael Lucas S. Pereira\" \/>\n\t<meta name=\"twitter:label2\" content=\"Est. tempo de leitura\" \/>\n\t<meta name=\"twitter:data2\" content=\"7 minutos\" \/>\n<script type=\"application\/ld+json\" class=\"yoast-schema-graph\">{\"@context\":\"https:\\\/\\\/schema.org\",\"@graph\":[{\"@type\":\"Article\",\"@id\":\"https:\\\/\\\/diariodepe.com.br\\\/cri\\\/2023\\\/04\\\/11\\\/realizado-com-sucesso-dialogo-abertura-e-inovacao-em-busca-do-desenvolvimento-compartilhado\\\/#article\",\"isPartOf\":{\"@id\":\"https:\\\/\\\/diariodepe.com.br\\\/cri\\\/2023\\\/04\\\/11\\\/realizado-com-sucesso-dialogo-abertura-e-inovacao-em-busca-do-desenvolvimento-compartilhado\\\/\"},\"author\":{\"name\":\"Ismael Lucas S. Pereira\",\"@id\":\"https:\\\/\\\/diariodepe.com.br\\\/cri\\\/#\\\/schema\\\/person\\\/121bb28d84f1a5b1205ef4ce9c2e0c6b\"},\"headline\":\"Realizado com sucesso di\u00e1logo Abertura e Inova\u00e7\u00e3o em Busca do Desenvolvimento Compartilhado\",\"datePublished\":\"2023-04-12T02:26:04+00:00\",\"mainEntityOfPage\":{\"@id\":\"https:\\\/\\\/diariodepe.com.br\\\/cri\\\/2023\\\/04\\\/11\\\/realizado-com-sucesso-dialogo-abertura-e-inovacao-em-busca-do-desenvolvimento-compartilhado\\\/\"},\"wordCount\":1283,\"commentCount\":0,\"publisher\":{\"@id\":\"https:\\\/\\\/diariodepe.com.br\\\/cri\\\/#organization\"},\"image\":{\"@id\":\"https:\\\/\\\/diariodepe.com.br\\\/cri\\\/2023\\\/04\\\/11\\\/realizado-com-sucesso-dialogo-abertura-e-inovacao-em-busca-do-desenvolvimento-compartilhado\\\/#primaryimage\"},\"thumbnailUrl\":\"https:\\\/\\\/diariodepe.com.br\\\/cri\\\/wp-content\\\/uploads\\\/sites\\\/2\\\/2023\\\/04\\\/123.jpg\",\"articleSection\":[\"Internacional\"],\"inLanguage\":\"pt-BR\",\"potentialAction\":[{\"@type\":\"CommentAction\",\"name\":\"Comment\",\"target\":[\"https:\\\/\\\/diariodepe.com.br\\\/cri\\\/2023\\\/04\\\/11\\\/realizado-com-sucesso-dialogo-abertura-e-inovacao-em-busca-do-desenvolvimento-compartilhado\\\/#respond\"]}]},{\"@type\":\"WebPage\",\"@id\":\"https:\\\/\\\/diariodepe.com.br\\\/cri\\\/2023\\\/04\\\/11\\\/realizado-com-sucesso-dialogo-abertura-e-inovacao-em-busca-do-desenvolvimento-compartilhado\\\/\",\"url\":\"https:\\\/\\\/diariodepe.com.br\\\/cri\\\/2023\\\/04\\\/11\\\/realizado-com-sucesso-dialogo-abertura-e-inovacao-em-busca-do-desenvolvimento-compartilhado\\\/\",\"name\":\"Realizado com sucesso di\u00e1logo Abertura e Inova\u00e7\u00e3o em Busca do Desenvolvimento Compartilhado - CRI e Diario de Pernambuco\",\"isPartOf\":{\"@id\":\"https:\\\/\\\/diariodepe.com.br\\\/cri\\\/#website\"},\"primaryImageOfPage\":{\"@id\":\"https:\\\/\\\/diariodepe.com.br\\\/cri\\\/2023\\\/04\\\/11\\\/realizado-com-sucesso-dialogo-abertura-e-inovacao-em-busca-do-desenvolvimento-compartilhado\\\/#primaryimage\"},\"image\":{\"@id\":\"https:\\\/\\\/diariodepe.com.br\\\/cri\\\/2023\\\/04\\\/11\\\/realizado-com-sucesso-dialogo-abertura-e-inovacao-em-busca-do-desenvolvimento-compartilhado\\\/#primaryimage\"},\"thumbnailUrl\":\"https:\\\/\\\/diariodepe.com.br\\\/cri\\\/wp-content\\\/uploads\\\/sites\\\/2\\\/2023\\\/04\\\/123.jpg\",\"datePublished\":\"2023-04-12T02:26:04+00:00\",\"breadcrumb\":{\"@id\":\"https:\\\/\\\/diariodepe.com.br\\\/cri\\\/2023\\\/04\\\/11\\\/realizado-com-sucesso-dialogo-abertura-e-inovacao-em-busca-do-desenvolvimento-compartilhado\\\/#breadcrumb\"},\"inLanguage\":\"pt-BR\",\"potentialAction\":[{\"@type\":\"ReadAction\",\"target\":[\"https:\\\/\\\/diariodepe.com.br\\\/cri\\\/2023\\\/04\\\/11\\\/realizado-com-sucesso-dialogo-abertura-e-inovacao-em-busca-do-desenvolvimento-compartilhado\\\/\"]}]},{\"@type\":\"ImageObject\",\"inLanguage\":\"pt-BR\",\"@id\":\"https:\\\/\\\/diariodepe.com.br\\\/cri\\\/2023\\\/04\\\/11\\\/realizado-com-sucesso-dialogo-abertura-e-inovacao-em-busca-do-desenvolvimento-compartilhado\\\/#primaryimage\",\"url\":\"https:\\\/\\\/diariodepe.com.br\\\/cri\\\/wp-content\\\/uploads\\\/sites\\\/2\\\/2023\\\/04\\\/123.jpg\",\"contentUrl\":\"https:\\\/\\\/diariodepe.com.br\\\/cri\\\/wp-content\\\/uploads\\\/sites\\\/2\\\/2023\\\/04\\\/123.jpg\",\"width\":1920,\"height\":1080},{\"@type\":\"BreadcrumbList\",\"@id\":\"https:\\\/\\\/diariodepe.com.br\\\/cri\\\/2023\\\/04\\\/11\\\/realizado-com-sucesso-dialogo-abertura-e-inovacao-em-busca-do-desenvolvimento-compartilhado\\\/#breadcrumb\",\"itemListElement\":[{\"@type\":\"ListItem\",\"position\":1,\"name\":\"In\u00edcio\",\"item\":\"https:\\\/\\\/diariodepe.com.br\\\/cri\\\/\"},{\"@type\":\"ListItem\",\"position\":2,\"name\":\"Realizado com sucesso di\u00e1logo Abertura e Inova\u00e7\u00e3o em Busca do Desenvolvimento Compartilhado\"}]},{\"@type\":\"WebSite\",\"@id\":\"https:\\\/\\\/diariodepe.com.br\\\/cri\\\/#website\",\"url\":\"https:\\\/\\\/diariodepe.com.br\\\/cri\\\/\",\"name\":\"CRI e Diario de Pernambuco\",\"description\":\"R\u00e1dio Internacional da China\",\"publisher\":{\"@id\":\"https:\\\/\\\/diariodepe.com.br\\\/cri\\\/#organization\"},\"potentialAction\":[{\"@type\":\"SearchAction\",\"target\":{\"@type\":\"EntryPoint\",\"urlTemplate\":\"https:\\\/\\\/diariodepe.com.br\\\/cri\\\/?s={search_term_string}\"},\"query-input\":{\"@type\":\"PropertyValueSpecification\",\"valueRequired\":true,\"valueName\":\"search_term_string\"}}],\"inLanguage\":\"pt-BR\"},{\"@type\":\"Organization\",\"@id\":\"https:\\\/\\\/diariodepe.com.br\\\/cri\\\/#organization\",\"name\":\"CRI e Diario de Pernambuco\",\"url\":\"https:\\\/\\\/diariodepe.com.br\\\/cri\\\/\",\"logo\":{\"@type\":\"ImageObject\",\"inLanguage\":\"pt-BR\",\"@id\":\"https:\\\/\\\/diariodepe.com.br\\\/cri\\\/#\\\/schema\\\/logo\\\/image\\\/\",\"url\":\"https:\\\/\\\/diariodepe.com.br\\\/cri\\\/wp-content\\\/uploads\\\/sites\\\/2\\\/2022\\\/12\\\/cropped-Logo.jpg\",\"contentUrl\":\"https:\\\/\\\/diariodepe.com.br\\\/cri\\\/wp-content\\\/uploads\\\/sites\\\/2\\\/2022\\\/12\\\/cropped-Logo.jpg\",\"width\":700,\"height\":59,\"caption\":\"CRI e Diario de Pernambuco\"},\"image\":{\"@id\":\"https:\\\/\\\/diariodepe.com.br\\\/cri\\\/#\\\/schema\\\/logo\\\/image\\\/\"}},{\"@type\":\"Person\",\"@id\":\"https:\\\/\\\/diariodepe.com.br\\\/cri\\\/#\\\/schema\\\/person\\\/121bb28d84f1a5b1205ef4ce9c2e0c6b\",\"name\":\"Ismael Lucas S. Pereira\",\"image\":{\"@type\":\"ImageObject\",\"inLanguage\":\"pt-BR\",\"@id\":\"https:\\\/\\\/secure.gravatar.com\\\/avatar\\\/887a0f3b5a7ceea963a48499fb883ffce6b5037362def025c52c2505b15d63e4?s=96&d=mm&r=g\",\"url\":\"https:\\\/\\\/secure.gravatar.com\\\/avatar\\\/887a0f3b5a7ceea963a48499fb883ffce6b5037362def025c52c2505b15d63e4?s=96&d=mm&r=g\",\"contentUrl\":\"https:\\\/\\\/secure.gravatar.com\\\/avatar\\\/887a0f3b5a7ceea963a48499fb883ffce6b5037362def025c52c2505b15d63e4?s=96&d=mm&r=g\",\"caption\":\"Ismael Lucas S. Pereira\"},\"url\":\"https:\\\/\\\/diariodepe.com.br\\\/cri\\\/author\\\/ismael-lucas\\\/\"}]}<\/script>\n<!-- \/ Yoast SEO plugin. -->","yoast_head_json":{"title":"Realizado com sucesso di\u00e1logo Abertura e Inova\u00e7\u00e3o em Busca do Desenvolvimento Compartilhado - CRI e Diario de Pernambuco","robots":{"index":"index","follow":"follow","max-snippet":"max-snippet:-1","max-image-preview":"max-image-preview:large","max-video-preview":"max-video-preview:-1"},"canonical":"https:\/\/diariodepe.com.br\/cri\/2023\/04\/11\/realizado-com-sucesso-dialogo-abertura-e-inovacao-em-busca-do-desenvolvimento-compartilhado\/","og_locale":"pt_BR","og_type":"article","og_title":"Realizado com sucesso di\u00e1logo Abertura e Inova\u00e7\u00e3o em Busca do Desenvolvimento Compartilhado - CRI e Diario de Pernambuco","og_description":"Antes da visita do presidente brasileiro, Luiz In\u00e1cio Lula da Silva, \u00e0 China, o Grupo de M\u00eddia da China realizou um di\u00e1logo intitulado Abertura e Inova\u00e7\u00e3o em Busca do Desenvolvimento Compartilhado. O evento contou com a participa\u00e7\u00e3o de especialistas chineses...","og_url":"https:\/\/diariodepe.com.br\/cri\/2023\/04\/11\/realizado-com-sucesso-dialogo-abertura-e-inovacao-em-busca-do-desenvolvimento-compartilhado\/","og_site_name":"CRI e Diario de Pernambuco","article_published_time":"2023-04-12T02:26:04+00:00","og_image":[{"width":1920,"height":1080,"url":"https:\/\/diariodepe.com.br\/cri\/wp-content\/uploads\/sites\/2\/2023\/04\/123.jpg","type":"image\/jpeg"}],"author":"Ismael Lucas S. Pereira","twitter_card":"summary_large_image","twitter_misc":{"Escrito por":"Ismael Lucas S. Pereira","Est. tempo de leitura":"7 minutos"},"schema":{"@context":"https:\/\/schema.org","@graph":[{"@type":"Article","@id":"https:\/\/diariodepe.com.br\/cri\/2023\/04\/11\/realizado-com-sucesso-dialogo-abertura-e-inovacao-em-busca-do-desenvolvimento-compartilhado\/#article","isPartOf":{"@id":"https:\/\/diariodepe.com.br\/cri\/2023\/04\/11\/realizado-com-sucesso-dialogo-abertura-e-inovacao-em-busca-do-desenvolvimento-compartilhado\/"},"author":{"name":"Ismael Lucas S. Pereira","@id":"https:\/\/diariodepe.com.br\/cri\/#\/schema\/person\/121bb28d84f1a5b1205ef4ce9c2e0c6b"},"headline":"Realizado com sucesso di\u00e1logo Abertura e Inova\u00e7\u00e3o em Busca do Desenvolvimento Compartilhado","datePublished":"2023-04-12T02:26:04+00:00","mainEntityOfPage":{"@id":"https:\/\/diariodepe.com.br\/cri\/2023\/04\/11\/realizado-com-sucesso-dialogo-abertura-e-inovacao-em-busca-do-desenvolvimento-compartilhado\/"},"wordCount":1283,"commentCount":0,"publisher":{"@id":"https:\/\/diariodepe.com.br\/cri\/#organization"},"image":{"@id":"https:\/\/diariodepe.com.br\/cri\/2023\/04\/11\/realizado-com-sucesso-dialogo-abertura-e-inovacao-em-busca-do-desenvolvimento-compartilhado\/#primaryimage"},"thumbnailUrl":"https:\/\/diariodepe.com.br\/cri\/wp-content\/uploads\/sites\/2\/2023\/04\/123.jpg","articleSection":["Internacional"],"inLanguage":"pt-BR","potentialAction":[{"@type":"CommentAction","name":"Comment","target":["https:\/\/diariodepe.com.br\/cri\/2023\/04\/11\/realizado-com-sucesso-dialogo-abertura-e-inovacao-em-busca-do-desenvolvimento-compartilhado\/#respond"]}]},{"@type":"WebPage","@id":"https:\/\/diariodepe.com.br\/cri\/2023\/04\/11\/realizado-com-sucesso-dialogo-abertura-e-inovacao-em-busca-do-desenvolvimento-compartilhado\/","url":"https:\/\/diariodepe.com.br\/cri\/2023\/04\/11\/realizado-com-sucesso-dialogo-abertura-e-inovacao-em-busca-do-desenvolvimento-compartilhado\/","name":"Realizado com sucesso di\u00e1logo Abertura e Inova\u00e7\u00e3o em Busca do Desenvolvimento Compartilhado - CRI e Diario de Pernambuco","isPartOf":{"@id":"https:\/\/diariodepe.com.br\/cri\/#website"},"primaryImageOfPage":{"@id":"https:\/\/diariodepe.com.br\/cri\/2023\/04\/11\/realizado-com-sucesso-dialogo-abertura-e-inovacao-em-busca-do-desenvolvimento-compartilhado\/#primaryimage"},"image":{"@id":"https:\/\/diariodepe.com.br\/cri\/2023\/04\/11\/realizado-com-sucesso-dialogo-abertura-e-inovacao-em-busca-do-desenvolvimento-compartilhado\/#primaryimage"},"thumbnailUrl":"https:\/\/diariodepe.com.br\/cri\/wp-content\/uploads\/sites\/2\/2023\/04\/123.jpg","datePublished":"2023-04-12T02:26:04+00:00","breadcrumb":{"@id":"https:\/\/diariodepe.com.br\/cri\/2023\/04\/11\/realizado-com-sucesso-dialogo-abertura-e-inovacao-em-busca-do-desenvolvimento-compartilhado\/#breadcrumb"},"inLanguage":"pt-BR","potentialAction":[{"@type":"ReadAction","target":["https:\/\/diariodepe.com.br\/cri\/2023\/04\/11\/realizado-com-sucesso-dialogo-abertura-e-inovacao-em-busca-do-desenvolvimento-compartilhado\/"]}]},{"@type":"ImageObject","inLanguage":"pt-BR","@id":"https:\/\/diariodepe.com.br\/cri\/2023\/04\/11\/realizado-com-sucesso-dialogo-abertura-e-inovacao-em-busca-do-desenvolvimento-compartilhado\/#primaryimage","url":"https:\/\/diariodepe.com.br\/cri\/wp-content\/uploads\/sites\/2\/2023\/04\/123.jpg","contentUrl":"https:\/\/diariodepe.com.br\/cri\/wp-content\/uploads\/sites\/2\/2023\/04\/123.jpg","width":1920,"height":1080},{"@type":"BreadcrumbList","@id":"https:\/\/diariodepe.com.br\/cri\/2023\/04\/11\/realizado-com-sucesso-dialogo-abertura-e-inovacao-em-busca-do-desenvolvimento-compartilhado\/#breadcrumb","itemListElement":[{"@type":"ListItem","position":1,"name":"In\u00edcio","item":"https:\/\/diariodepe.com.br\/cri\/"},{"@type":"ListItem","position":2,"name":"Realizado com sucesso di\u00e1logo Abertura e Inova\u00e7\u00e3o em Busca do Desenvolvimento Compartilhado"}]},{"@type":"WebSite","@id":"https:\/\/diariodepe.com.br\/cri\/#website","url":"https:\/\/diariodepe.com.br\/cri\/","name":"CRI e Diario de Pernambuco","description":"R\u00e1dio Internacional da China","publisher":{"@id":"https:\/\/diariodepe.com.br\/cri\/#organization"},"potentialAction":[{"@type":"SearchAction","target":{"@type":"EntryPoint","urlTemplate":"https:\/\/diariodepe.com.br\/cri\/?s={search_term_string}"},"query-input":{"@type":"PropertyValueSpecification","valueRequired":true,"valueName":"search_term_string"}}],"inLanguage":"pt-BR"},{"@type":"Organization","@id":"https:\/\/diariodepe.com.br\/cri\/#organization","name":"CRI e Diario de Pernambuco","url":"https:\/\/diariodepe.com.br\/cri\/","logo":{"@type":"ImageObject","inLanguage":"pt-BR","@id":"https:\/\/diariodepe.com.br\/cri\/#\/schema\/logo\/image\/","url":"https:\/\/diariodepe.com.br\/cri\/wp-content\/uploads\/sites\/2\/2022\/12\/cropped-Logo.jpg","contentUrl":"https:\/\/diariodepe.com.br\/cri\/wp-content\/uploads\/sites\/2\/2022\/12\/cropped-Logo.jpg","width":700,"height":59,"caption":"CRI e Diario de Pernambuco"},"image":{"@id":"https:\/\/diariodepe.com.br\/cri\/#\/schema\/logo\/image\/"}},{"@type":"Person","@id":"https:\/\/diariodepe.com.br\/cri\/#\/schema\/person\/121bb28d84f1a5b1205ef4ce9c2e0c6b","name":"Ismael Lucas S. Pereira","image":{"@type":"ImageObject","inLanguage":"pt-BR","@id":"https:\/\/secure.gravatar.com\/avatar\/887a0f3b5a7ceea963a48499fb883ffce6b5037362def025c52c2505b15d63e4?s=96&d=mm&r=g","url":"https:\/\/secure.gravatar.com\/avatar\/887a0f3b5a7ceea963a48499fb883ffce6b5037362def025c52c2505b15d63e4?s=96&d=mm&r=g","contentUrl":"https:\/\/secure.gravatar.com\/avatar\/887a0f3b5a7ceea963a48499fb883ffce6b5037362def025c52c2505b15d63e4?s=96&d=mm&r=g","caption":"Ismael Lucas S. Pereira"},"url":"https:\/\/diariodepe.com.br\/cri\/author\/ismael-lucas\/"}]}},"cc_featured_image_caption":{"caption_text":false,"source_text":false,"source_url":false},"amp_enabled":true,"_links":{"self":[{"href":"https:\/\/diariodepe.com.br\/cri\/wp-json\/wp\/v2\/posts\/994","targetHints":{"allow":["GET"]}}],"collection":[{"href":"https:\/\/diariodepe.com.br\/cri\/wp-json\/wp\/v2\/posts"}],"about":[{"href":"https:\/\/diariodepe.com.br\/cri\/wp-json\/wp\/v2\/types\/post"}],"author":[{"embeddable":true,"href":"https:\/\/diariodepe.com.br\/cri\/wp-json\/wp\/v2\/users\/2"}],"replies":[{"embeddable":true,"href":"https:\/\/diariodepe.com.br\/cri\/wp-json\/wp\/v2\/comments?post=994"}],"version-history":[{"count":1,"href":"https:\/\/diariodepe.com.br\/cri\/wp-json\/wp\/v2\/posts\/994\/revisions"}],"predecessor-version":[{"id":996,"href":"https:\/\/diariodepe.com.br\/cri\/wp-json\/wp\/v2\/posts\/994\/revisions\/996"}],"wp:featuredmedia":[{"embeddable":true,"href":"https:\/\/diariodepe.com.br\/cri\/wp-json\/wp\/v2\/media\/995"}],"wp:attachment":[{"href":"https:\/\/diariodepe.com.br\/cri\/wp-json\/wp\/v2\/media?parent=994"}],"wp:term":[{"taxonomy":"category","embeddable":true,"href":"https:\/\/diariodepe.com.br\/cri\/wp-json\/wp\/v2\/categories?post=994"},{"taxonomy":"post_tag","embeddable":true,"href":"https:\/\/diariodepe.com.br\/cri\/wp-json\/wp\/v2\/tags?post=994"}],"curies":[{"name":"wp","href":"https:\/\/api.w.org\/{rel}","templated":true}]}}