{"id":9917,"date":"2025-11-10T22:43:47","date_gmt":"2025-11-11T01:43:47","guid":{"rendered":"https:\/\/diariodepe.com.br\/cri\/?p=9917"},"modified":"2025-11-10T22:43:47","modified_gmt":"2025-11-11T01:43:47","slug":"empresa-portuguesa-aproveita-ciie-para-aprofundar-sua-presenca-no-mercado-chines","status":"publish","type":"post","link":"https:\/\/diariodepe.com.br\/cri\/2025\/11\/10\/empresa-portuguesa-aproveita-ciie-para-aprofundar-sua-presenca-no-mercado-chines\/","title":{"rendered":"Empresa portuguesa aproveita CIIE para aprofundar sua presen\u00e7a no mercado chin\u00eas"},"content":{"rendered":"<p>A 8.\u00aa Edi\u00e7\u00e3o da Exposi\u00e7\u00e3o Internacional de Importa\u00e7\u00e3o da China (CIIE, na sigla em ingl\u00eas) foi inaugurada no dia 5 de novembro em Shanghai.<\/p>\n<p>Este ano, a exposi\u00e7\u00e3o ocupa uma \u00e1rea de mais de 430 mil metros quadrados e conta com mais de 4\u00a0mil\u00a0empresas\u00a0participantes, um aumento de mais de 600 em compara\u00e7\u00e3o com a edi\u00e7\u00e3o anterior. Muitas empresas estiveram presentes em todas as edi\u00e7\u00f5es ao longo destes oito anos. A Mootaa de Portugal \u00e9 um exemplo.<\/p>\n<p>O presidente da Mootaa na China, Zhou Jun, afirmou que a presen\u00e7a cont\u00ednua na CIIE foi decisiva para ampliar o alcance da marca no pa\u00eds. Hoje, j\u00e1 com mais de 3.000 parceiros chineses e perspectivas ainda mais promissoras, a Mootaa planeja fortalecer ainda mais sua presen\u00e7a e investir no desenvolvimento de longo prazo na China.<\/p>\n<p><iframe title=\"Empresa portuguesa aproveita CIIE para aprofundar sua presen\u00e7a no mercado chin\u00eas\" width=\"640\" height=\"360\" src=\"https:\/\/www.youtube.com\/embed\/KhP0OKDNO1I?feature=oembed\" frameborder=\"0\" allow=\"accelerometer; autoplay; clipboard-write; encrypted-media; gyroscope; picture-in-picture; web-share\" referrerpolicy=\"strict-origin-when-cross-origin\" allowfullscreen><\/iframe><\/p>\n","protected":false},"excerpt":{"rendered":"<p>A 8.\u00aa Edi\u00e7\u00e3o da Exposi\u00e7\u00e3o Internacional de Importa\u00e7\u00e3o da China (CIIE, na sigla em ingl\u00eas) foi inaugurada no dia 5 de novembro em Shanghai. Este ano, a exposi\u00e7\u00e3o ocupa uma \u00e1rea de mais de 430 mil metros quadrados e conta&#8230;<\/p>\n","protected":false},"author":5,"featured_media":0,"comment_status":"open","ping_status":"open","sticky":false,"template":"","format":"standard","meta":{"footnotes":""},"categories":[11],"tags":[],"class_list":["post-9917","post","type-post","status-publish","format-standard","hentry","category-videos"],"yoast_head":"<!-- This site is optimized with the Yoast SEO plugin v27.4 - https:\/\/yoast.com\/product\/yoast-seo-wordpress\/ -->\n<title>Empresa portuguesa aproveita CIIE para aprofundar sua presen\u00e7a no mercado chin\u00eas - CRI e Diario de Pernambuco<\/title>\n<meta name=\"robots\" content=\"index, follow, max-snippet:-1, max-image-preview:large, max-video-preview:-1\" \/>\n<link rel=\"canonical\" href=\"https:\/\/diariodepe.com.br\/cri\/2025\/11\/10\/empresa-portuguesa-aproveita-ciie-para-aprofundar-sua-presenca-no-mercado-chines\/\" \/>\n<meta property=\"og:locale\" content=\"pt_BR\" \/>\n<meta property=\"og:type\" content=\"article\" \/>\n<meta property=\"og:title\" content=\"Empresa portuguesa aproveita CIIE para aprofundar sua presen\u00e7a no mercado chin\u00eas - CRI e Diario de Pernambuco\" \/>\n<meta property=\"og:description\" content=\"A 8.\u00aa Edi\u00e7\u00e3o da Exposi\u00e7\u00e3o Internacional de Importa\u00e7\u00e3o da China (CIIE, na sigla em ingl\u00eas) foi inaugurada no dia 5 de novembro em Shanghai. Este ano, a exposi\u00e7\u00e3o ocupa uma \u00e1rea de mais de 430 mil metros quadrados e conta...\" \/>\n<meta property=\"og:url\" content=\"https:\/\/diariodepe.com.br\/cri\/2025\/11\/10\/empresa-portuguesa-aproveita-ciie-para-aprofundar-sua-presenca-no-mercado-chines\/\" \/>\n<meta property=\"og:site_name\" content=\"CRI e Diario de Pernambuco\" \/>\n<meta property=\"article:published_time\" content=\"2025-11-11T01:43:47+00:00\" \/>\n<meta name=\"author\" content=\"CRI Portugu\u00eas\" \/>\n<meta name=\"twitter:card\" content=\"summary_large_image\" \/>\n<meta name=\"twitter:label1\" content=\"Escrito por\" \/>\n\t<meta name=\"twitter:data1\" content=\"CRI Portugu\u00eas\" \/>\n\t<meta name=\"twitter:label2\" content=\"Est. tempo de leitura\" \/>\n\t<meta name=\"twitter:data2\" content=\"1 minuto\" \/>\n<script type=\"application\/ld+json\" class=\"yoast-schema-graph\">{\"@context\":\"https:\\\/\\\/schema.org\",\"@graph\":[{\"@type\":\"Article\",\"@id\":\"https:\\\/\\\/diariodepe.com.br\\\/cri\\\/2025\\\/11\\\/10\\\/empresa-portuguesa-aproveita-ciie-para-aprofundar-sua-presenca-no-mercado-chines\\\/#article\",\"isPartOf\":{\"@id\":\"https:\\\/\\\/diariodepe.com.br\\\/cri\\\/2025\\\/11\\\/10\\\/empresa-portuguesa-aproveita-ciie-para-aprofundar-sua-presenca-no-mercado-chines\\\/\"},\"author\":{\"name\":\"CRI Portugu\u00eas\",\"@id\":\"https:\\\/\\\/diariodepe.com.br\\\/cri\\\/#\\\/schema\\\/person\\\/e474aead631cd4098632e11d3fbce118\"},\"headline\":\"Empresa portuguesa aproveita CIIE para aprofundar sua presen\u00e7a no mercado chin\u00eas\",\"datePublished\":\"2025-11-11T01:43:47+00:00\",\"mainEntityOfPage\":{\"@id\":\"https:\\\/\\\/diariodepe.com.br\\\/cri\\\/2025\\\/11\\\/10\\\/empresa-portuguesa-aproveita-ciie-para-aprofundar-sua-presenca-no-mercado-chines\\\/\"},\"wordCount\":163,\"commentCount\":0,\"publisher\":{\"@id\":\"https:\\\/\\\/diariodepe.com.br\\\/cri\\\/#organization\"},\"articleSection\":[\"V\u00eddeos\"],\"inLanguage\":\"pt-BR\",\"potentialAction\":[{\"@type\":\"CommentAction\",\"name\":\"Comment\",\"target\":[\"https:\\\/\\\/diariodepe.com.br\\\/cri\\\/2025\\\/11\\\/10\\\/empresa-portuguesa-aproveita-ciie-para-aprofundar-sua-presenca-no-mercado-chines\\\/#respond\"]}]},{\"@type\":\"WebPage\",\"@id\":\"https:\\\/\\\/diariodepe.com.br\\\/cri\\\/2025\\\/11\\\/10\\\/empresa-portuguesa-aproveita-ciie-para-aprofundar-sua-presenca-no-mercado-chines\\\/\",\"url\":\"https:\\\/\\\/diariodepe.com.br\\\/cri\\\/2025\\\/11\\\/10\\\/empresa-portuguesa-aproveita-ciie-para-aprofundar-sua-presenca-no-mercado-chines\\\/\",\"name\":\"Empresa portuguesa aproveita CIIE para aprofundar sua presen\u00e7a no mercado chin\u00eas - CRI e Diario de Pernambuco\",\"isPartOf\":{\"@id\":\"https:\\\/\\\/diariodepe.com.br\\\/cri\\\/#website\"},\"datePublished\":\"2025-11-11T01:43:47+00:00\",\"breadcrumb\":{\"@id\":\"https:\\\/\\\/diariodepe.com.br\\\/cri\\\/2025\\\/11\\\/10\\\/empresa-portuguesa-aproveita-ciie-para-aprofundar-sua-presenca-no-mercado-chines\\\/#breadcrumb\"},\"inLanguage\":\"pt-BR\",\"potentialAction\":[{\"@type\":\"ReadAction\",\"target\":[\"https:\\\/\\\/diariodepe.com.br\\\/cri\\\/2025\\\/11\\\/10\\\/empresa-portuguesa-aproveita-ciie-para-aprofundar-sua-presenca-no-mercado-chines\\\/\"]}]},{\"@type\":\"BreadcrumbList\",\"@id\":\"https:\\\/\\\/diariodepe.com.br\\\/cri\\\/2025\\\/11\\\/10\\\/empresa-portuguesa-aproveita-ciie-para-aprofundar-sua-presenca-no-mercado-chines\\\/#breadcrumb\",\"itemListElement\":[{\"@type\":\"ListItem\",\"position\":1,\"name\":\"In\u00edcio\",\"item\":\"https:\\\/\\\/diariodepe.com.br\\\/cri\\\/\"},{\"@type\":\"ListItem\",\"position\":2,\"name\":\"Empresa portuguesa aproveita CIIE para aprofundar sua presen\u00e7a no mercado chin\u00eas\"}]},{\"@type\":\"WebSite\",\"@id\":\"https:\\\/\\\/diariodepe.com.br\\\/cri\\\/#website\",\"url\":\"https:\\\/\\\/diariodepe.com.br\\\/cri\\\/\",\"name\":\"CRI e Diario de Pernambuco\",\"description\":\"R\u00e1dio Internacional da China\",\"publisher\":{\"@id\":\"https:\\\/\\\/diariodepe.com.br\\\/cri\\\/#organization\"},\"potentialAction\":[{\"@type\":\"SearchAction\",\"target\":{\"@type\":\"EntryPoint\",\"urlTemplate\":\"https:\\\/\\\/diariodepe.com.br\\\/cri\\\/?s={search_term_string}\"},\"query-input\":{\"@type\":\"PropertyValueSpecification\",\"valueRequired\":true,\"valueName\":\"search_term_string\"}}],\"inLanguage\":\"pt-BR\"},{\"@type\":\"Organization\",\"@id\":\"https:\\\/\\\/diariodepe.com.br\\\/cri\\\/#organization\",\"name\":\"CRI e Diario de Pernambuco\",\"url\":\"https:\\\/\\\/diariodepe.com.br\\\/cri\\\/\",\"logo\":{\"@type\":\"ImageObject\",\"inLanguage\":\"pt-BR\",\"@id\":\"https:\\\/\\\/diariodepe.com.br\\\/cri\\\/#\\\/schema\\\/logo\\\/image\\\/\",\"url\":\"https:\\\/\\\/diariodepe.com.br\\\/cri\\\/wp-content\\\/uploads\\\/sites\\\/2\\\/2022\\\/12\\\/cropped-Logo.jpg\",\"contentUrl\":\"https:\\\/\\\/diariodepe.com.br\\\/cri\\\/wp-content\\\/uploads\\\/sites\\\/2\\\/2022\\\/12\\\/cropped-Logo.jpg\",\"width\":700,\"height\":59,\"caption\":\"CRI e Diario de Pernambuco\"},\"image\":{\"@id\":\"https:\\\/\\\/diariodepe.com.br\\\/cri\\\/#\\\/schema\\\/logo\\\/image\\\/\"}},{\"@type\":\"Person\",\"@id\":\"https:\\\/\\\/diariodepe.com.br\\\/cri\\\/#\\\/schema\\\/person\\\/e474aead631cd4098632e11d3fbce118\",\"name\":\"CRI Portugu\u00eas\",\"image\":{\"@type\":\"ImageObject\",\"inLanguage\":\"pt-BR\",\"@id\":\"https:\\\/\\\/secure.gravatar.com\\\/avatar\\\/e2ac889ef882d4dc53091b610766dce49106cf9fe98c76e06745abb0993b2763?s=96&d=mm&r=g\",\"url\":\"https:\\\/\\\/secure.gravatar.com\\\/avatar\\\/e2ac889ef882d4dc53091b610766dce49106cf9fe98c76e06745abb0993b2763?s=96&d=mm&r=g\",\"contentUrl\":\"https:\\\/\\\/secure.gravatar.com\\\/avatar\\\/e2ac889ef882d4dc53091b610766dce49106cf9fe98c76e06745abb0993b2763?s=96&d=mm&r=g\",\"caption\":\"CRI Portugu\u00eas\"},\"sameAs\":[\"https:\\\/\\\/www.diariodepernambuco.com.br\\\/\"],\"url\":\"https:\\\/\\\/diariodepe.com.br\\\/cri\\\/author\\\/agencia-cri\\\/\"}]}<\/script>\n<!-- \/ Yoast SEO plugin. -->","yoast_head_json":{"title":"Empresa portuguesa aproveita CIIE para aprofundar sua presen\u00e7a no mercado chin\u00eas - CRI e Diario de Pernambuco","robots":{"index":"index","follow":"follow","max-snippet":"max-snippet:-1","max-image-preview":"max-image-preview:large","max-video-preview":"max-video-preview:-1"},"canonical":"https:\/\/diariodepe.com.br\/cri\/2025\/11\/10\/empresa-portuguesa-aproveita-ciie-para-aprofundar-sua-presenca-no-mercado-chines\/","og_locale":"pt_BR","og_type":"article","og_title":"Empresa portuguesa aproveita CIIE para aprofundar sua presen\u00e7a no mercado chin\u00eas - CRI e Diario de Pernambuco","og_description":"A 8.\u00aa Edi\u00e7\u00e3o da Exposi\u00e7\u00e3o Internacional de Importa\u00e7\u00e3o da China (CIIE, na sigla em ingl\u00eas) foi inaugurada no dia 5 de novembro em Shanghai. Este ano, a exposi\u00e7\u00e3o ocupa uma \u00e1rea de mais de 430 mil metros quadrados e conta...","og_url":"https:\/\/diariodepe.com.br\/cri\/2025\/11\/10\/empresa-portuguesa-aproveita-ciie-para-aprofundar-sua-presenca-no-mercado-chines\/","og_site_name":"CRI e Diario de Pernambuco","article_published_time":"2025-11-11T01:43:47+00:00","author":"CRI Portugu\u00eas","twitter_card":"summary_large_image","twitter_misc":{"Escrito por":"CRI Portugu\u00eas","Est. tempo de leitura":"1 minuto"},"schema":{"@context":"https:\/\/schema.org","@graph":[{"@type":"Article","@id":"https:\/\/diariodepe.com.br\/cri\/2025\/11\/10\/empresa-portuguesa-aproveita-ciie-para-aprofundar-sua-presenca-no-mercado-chines\/#article","isPartOf":{"@id":"https:\/\/diariodepe.com.br\/cri\/2025\/11\/10\/empresa-portuguesa-aproveita-ciie-para-aprofundar-sua-presenca-no-mercado-chines\/"},"author":{"name":"CRI Portugu\u00eas","@id":"https:\/\/diariodepe.com.br\/cri\/#\/schema\/person\/e474aead631cd4098632e11d3fbce118"},"headline":"Empresa portuguesa aproveita CIIE para aprofundar sua presen\u00e7a no mercado chin\u00eas","datePublished":"2025-11-11T01:43:47+00:00","mainEntityOfPage":{"@id":"https:\/\/diariodepe.com.br\/cri\/2025\/11\/10\/empresa-portuguesa-aproveita-ciie-para-aprofundar-sua-presenca-no-mercado-chines\/"},"wordCount":163,"commentCount":0,"publisher":{"@id":"https:\/\/diariodepe.com.br\/cri\/#organization"},"articleSection":["V\u00eddeos"],"inLanguage":"pt-BR","potentialAction":[{"@type":"CommentAction","name":"Comment","target":["https:\/\/diariodepe.com.br\/cri\/2025\/11\/10\/empresa-portuguesa-aproveita-ciie-para-aprofundar-sua-presenca-no-mercado-chines\/#respond"]}]},{"@type":"WebPage","@id":"https:\/\/diariodepe.com.br\/cri\/2025\/11\/10\/empresa-portuguesa-aproveita-ciie-para-aprofundar-sua-presenca-no-mercado-chines\/","url":"https:\/\/diariodepe.com.br\/cri\/2025\/11\/10\/empresa-portuguesa-aproveita-ciie-para-aprofundar-sua-presenca-no-mercado-chines\/","name":"Empresa portuguesa aproveita CIIE para aprofundar sua presen\u00e7a no mercado chin\u00eas - CRI e Diario de Pernambuco","isPartOf":{"@id":"https:\/\/diariodepe.com.br\/cri\/#website"},"datePublished":"2025-11-11T01:43:47+00:00","breadcrumb":{"@id":"https:\/\/diariodepe.com.br\/cri\/2025\/11\/10\/empresa-portuguesa-aproveita-ciie-para-aprofundar-sua-presenca-no-mercado-chines\/#breadcrumb"},"inLanguage":"pt-BR","potentialAction":[{"@type":"ReadAction","target":["https:\/\/diariodepe.com.br\/cri\/2025\/11\/10\/empresa-portuguesa-aproveita-ciie-para-aprofundar-sua-presenca-no-mercado-chines\/"]}]},{"@type":"BreadcrumbList","@id":"https:\/\/diariodepe.com.br\/cri\/2025\/11\/10\/empresa-portuguesa-aproveita-ciie-para-aprofundar-sua-presenca-no-mercado-chines\/#breadcrumb","itemListElement":[{"@type":"ListItem","position":1,"name":"In\u00edcio","item":"https:\/\/diariodepe.com.br\/cri\/"},{"@type":"ListItem","position":2,"name":"Empresa portuguesa aproveita CIIE para aprofundar sua presen\u00e7a no mercado chin\u00eas"}]},{"@type":"WebSite","@id":"https:\/\/diariodepe.com.br\/cri\/#website","url":"https:\/\/diariodepe.com.br\/cri\/","name":"CRI e Diario de Pernambuco","description":"R\u00e1dio Internacional da China","publisher":{"@id":"https:\/\/diariodepe.com.br\/cri\/#organization"},"potentialAction":[{"@type":"SearchAction","target":{"@type":"EntryPoint","urlTemplate":"https:\/\/diariodepe.com.br\/cri\/?s={search_term_string}"},"query-input":{"@type":"PropertyValueSpecification","valueRequired":true,"valueName":"search_term_string"}}],"inLanguage":"pt-BR"},{"@type":"Organization","@id":"https:\/\/diariodepe.com.br\/cri\/#organization","name":"CRI e Diario de Pernambuco","url":"https:\/\/diariodepe.com.br\/cri\/","logo":{"@type":"ImageObject","inLanguage":"pt-BR","@id":"https:\/\/diariodepe.com.br\/cri\/#\/schema\/logo\/image\/","url":"https:\/\/diariodepe.com.br\/cri\/wp-content\/uploads\/sites\/2\/2022\/12\/cropped-Logo.jpg","contentUrl":"https:\/\/diariodepe.com.br\/cri\/wp-content\/uploads\/sites\/2\/2022\/12\/cropped-Logo.jpg","width":700,"height":59,"caption":"CRI e Diario de Pernambuco"},"image":{"@id":"https:\/\/diariodepe.com.br\/cri\/#\/schema\/logo\/image\/"}},{"@type":"Person","@id":"https:\/\/diariodepe.com.br\/cri\/#\/schema\/person\/e474aead631cd4098632e11d3fbce118","name":"CRI Portugu\u00eas","image":{"@type":"ImageObject","inLanguage":"pt-BR","@id":"https:\/\/secure.gravatar.com\/avatar\/e2ac889ef882d4dc53091b610766dce49106cf9fe98c76e06745abb0993b2763?s=96&d=mm&r=g","url":"https:\/\/secure.gravatar.com\/avatar\/e2ac889ef882d4dc53091b610766dce49106cf9fe98c76e06745abb0993b2763?s=96&d=mm&r=g","contentUrl":"https:\/\/secure.gravatar.com\/avatar\/e2ac889ef882d4dc53091b610766dce49106cf9fe98c76e06745abb0993b2763?s=96&d=mm&r=g","caption":"CRI Portugu\u00eas"},"sameAs":["https:\/\/www.diariodepernambuco.com.br\/"],"url":"https:\/\/diariodepe.com.br\/cri\/author\/agencia-cri\/"}]}},"cc_featured_image_caption":{"caption_text":"","source_text":"","source_url":""},"amp_enabled":true,"_links":{"self":[{"href":"https:\/\/diariodepe.com.br\/cri\/wp-json\/wp\/v2\/posts\/9917","targetHints":{"allow":["GET"]}}],"collection":[{"href":"https:\/\/diariodepe.com.br\/cri\/wp-json\/wp\/v2\/posts"}],"about":[{"href":"https:\/\/diariodepe.com.br\/cri\/wp-json\/wp\/v2\/types\/post"}],"author":[{"embeddable":true,"href":"https:\/\/diariodepe.com.br\/cri\/wp-json\/wp\/v2\/users\/5"}],"replies":[{"embeddable":true,"href":"https:\/\/diariodepe.com.br\/cri\/wp-json\/wp\/v2\/comments?post=9917"}],"version-history":[{"count":1,"href":"https:\/\/diariodepe.com.br\/cri\/wp-json\/wp\/v2\/posts\/9917\/revisions"}],"predecessor-version":[{"id":9918,"href":"https:\/\/diariodepe.com.br\/cri\/wp-json\/wp\/v2\/posts\/9917\/revisions\/9918"}],"wp:attachment":[{"href":"https:\/\/diariodepe.com.br\/cri\/wp-json\/wp\/v2\/media?parent=9917"}],"wp:term":[{"taxonomy":"category","embeddable":true,"href":"https:\/\/diariodepe.com.br\/cri\/wp-json\/wp\/v2\/categories?post=9917"},{"taxonomy":"post_tag","embeddable":true,"href":"https:\/\/diariodepe.com.br\/cri\/wp-json\/wp\/v2\/tags?post=9917"}],"curies":[{"name":"wp","href":"https:\/\/api.w.org\/{rel}","templated":true}]}}