{"id":9913,"date":"2025-11-10T00:37:19","date_gmt":"2025-11-10T03:37:19","guid":{"rendered":"https:\/\/diariodepe.com.br\/cri\/?p=9913"},"modified":"2025-11-10T00:37:19","modified_gmt":"2025-11-10T03:37:19","slug":"seminarios-levam-conteudo-sobre-4a-sessao-plenaria-do-20o-comite-central-do-pcch-a-diversas-regioes-do-pais","status":"publish","type":"post","link":"https:\/\/diariodepe.com.br\/cri\/2025\/11\/10\/seminarios-levam-conteudo-sobre-4a-sessao-plenaria-do-20o-comite-central-do-pcch-a-diversas-regioes-do-pais\/","title":{"rendered":"Semin\u00e1rios levam conte\u00fado sobre 4\u00aa Sess\u00e3o Plen\u00e1ria do 20\u00ba Comit\u00ea Central do PCCh a diversas regi\u00f5es do pa\u00eds"},"content":{"rendered":"<p>O Grupo Central de Palestras sobre o estudo e a implementa\u00e7\u00e3o do esp\u00edrito da 4\u00aa Sess\u00e3o Plen\u00e1ria do 20\u00ba Comit\u00ea Central do Partido Comunista da China (PCCh) realizou semin\u00e1rios nos \u00faltimos dias em diversas regi\u00f5es do pa\u00eds, para promover uma compreens\u00e3o mais profunda do conte\u00fado da sess\u00e3o plen\u00e1ria.<\/p>\n<p>&nbsp;<\/p>\n<p><img decoding=\"async\" src=\"https:\/\/38picres.cgtn.com\/photoAlbum\/page\/performance\/img\/2025\/11\/9\/1762695122456_255.jpeg\" \/><\/p>\n<p>O membro do Grupo Central de Palestras e ministro da Habita\u00e7\u00e3o e Desenvolvimento Urbano-Rural, Ni Hong, apresentou no dia 6 deste m\u00eas palestra em Heilongjiang, no nordeste da China.<\/p>\n<p>&nbsp;<\/p>\n<p><img decoding=\"async\" src=\"https:\/\/38picres.cgtn.com\/photoAlbum\/page\/performance\/img\/2025\/11\/9\/1762695131644_197.jpeg\" \/><\/p>\n<p>Ni Hong afirmou que, nessa nova jornada, todo o Partido e o povo de todos os grupos \u00e9tnicos do pa\u00eds devem se unir mais estreitamente em torno do Comit\u00ea Central do PCCh, tendo o camarada Xi Jinping como n\u00facleo, focar nos objetivos estabelecidos, fortalecer a confian\u00e7a na vit\u00f3ria, superar as dificuldades e enfrentar os desafios, continuando a escrever novos cap\u00edtulos nos dois milagres do r\u00e1pido desenvolvimento econ\u00f4mico e da estabilidade social a longo prazo e criando uma nova conjuntura no processo de moderniza\u00e7\u00e3o da China.<\/p>\n<p>&nbsp;<\/p>\n<p><img decoding=\"async\" src=\"https:\/\/38picres.cgtn.com\/photoAlbum\/page\/performance\/img\/2025\/11\/9\/1762695138704_551.jpeg\" \/><\/p>\n<p>O presidente da Academia Chinesa de Ci\u00eancias e membro do Grupo Central de Palestras, Hou Jianguo, disse que \u00e9 preciso fortalecer a oferta de ci\u00eancia e tecnologia de alta qualidade, concentrar-se em \u00e1reas-chave e pontos fracos do sistema industrial moderno e aprofundar a coopera\u00e7\u00e3o entre ind\u00fastria, universidade e institui\u00e7\u00f5es de pesquisa, para fortalecer a capacidade de apoio ao desenvolvimento industrial desde a sua origem.<\/p>\n","protected":false},"excerpt":{"rendered":"<p>O Grupo Central de Palestras sobre o estudo e a implementa\u00e7\u00e3o do esp\u00edrito da 4\u00aa Sess\u00e3o Plen\u00e1ria do 20\u00ba Comit\u00ea Central do Partido Comunista da China (PCCh) realizou semin\u00e1rios nos \u00faltimos dias em diversas regi\u00f5es do pa\u00eds, para promover uma&#8230;<\/p>\n","protected":false},"author":5,"featured_media":0,"comment_status":"open","ping_status":"open","sticky":false,"template":"","format":"standard","meta":{"footnotes":""},"categories":[3],"tags":[],"class_list":["post-9913","post","type-post","status-publish","format-standard","hentry","category-china"],"yoast_head":"<!-- This site is optimized with the Yoast SEO plugin v27.4 - https:\/\/yoast.com\/product\/yoast-seo-wordpress\/ -->\n<title>Semin\u00e1rios levam conte\u00fado sobre 4\u00aa Sess\u00e3o Plen\u00e1ria do 20\u00ba Comit\u00ea Central do PCCh a diversas regi\u00f5es do pa\u00eds - CRI e Diario de Pernambuco<\/title>\n<meta name=\"robots\" content=\"index, follow, max-snippet:-1, max-image-preview:large, max-video-preview:-1\" \/>\n<link rel=\"canonical\" href=\"https:\/\/diariodepe.com.br\/cri\/2025\/11\/10\/seminarios-levam-conteudo-sobre-4a-sessao-plenaria-do-20o-comite-central-do-pcch-a-diversas-regioes-do-pais\/\" \/>\n<meta property=\"og:locale\" content=\"pt_BR\" \/>\n<meta property=\"og:type\" content=\"article\" \/>\n<meta property=\"og:title\" content=\"Semin\u00e1rios levam conte\u00fado sobre 4\u00aa Sess\u00e3o Plen\u00e1ria do 20\u00ba Comit\u00ea Central do PCCh a diversas regi\u00f5es do pa\u00eds - CRI e Diario de Pernambuco\" \/>\n<meta property=\"og:description\" content=\"O Grupo Central de Palestras sobre o estudo e a implementa\u00e7\u00e3o do esp\u00edrito da 4\u00aa Sess\u00e3o Plen\u00e1ria do 20\u00ba Comit\u00ea Central do Partido Comunista da China (PCCh) realizou semin\u00e1rios nos \u00faltimos dias em diversas regi\u00f5es do pa\u00eds, para promover uma...\" \/>\n<meta property=\"og:url\" content=\"https:\/\/diariodepe.com.br\/cri\/2025\/11\/10\/seminarios-levam-conteudo-sobre-4a-sessao-plenaria-do-20o-comite-central-do-pcch-a-diversas-regioes-do-pais\/\" \/>\n<meta property=\"og:site_name\" content=\"CRI e Diario de Pernambuco\" \/>\n<meta property=\"article:published_time\" content=\"2025-11-10T03:37:19+00:00\" \/>\n<meta property=\"og:image\" content=\"https:\/\/38picres.cgtn.com\/photoAlbum\/page\/performance\/img\/2025\/11\/9\/1762695122456_255.jpeg\" \/>\n<meta name=\"author\" content=\"CRI Portugu\u00eas\" \/>\n<meta name=\"twitter:card\" content=\"summary_large_image\" \/>\n<meta name=\"twitter:label1\" content=\"Escrito por\" \/>\n\t<meta name=\"twitter:data1\" content=\"CRI Portugu\u00eas\" \/>\n\t<meta name=\"twitter:label2\" content=\"Est. tempo de leitura\" \/>\n\t<meta name=\"twitter:data2\" content=\"2 minutos\" \/>\n<script type=\"application\/ld+json\" class=\"yoast-schema-graph\">{\"@context\":\"https:\\\/\\\/schema.org\",\"@graph\":[{\"@type\":\"Article\",\"@id\":\"https:\\\/\\\/diariodepe.com.br\\\/cri\\\/2025\\\/11\\\/10\\\/seminarios-levam-conteudo-sobre-4a-sessao-plenaria-do-20o-comite-central-do-pcch-a-diversas-regioes-do-pais\\\/#article\",\"isPartOf\":{\"@id\":\"https:\\\/\\\/diariodepe.com.br\\\/cri\\\/2025\\\/11\\\/10\\\/seminarios-levam-conteudo-sobre-4a-sessao-plenaria-do-20o-comite-central-do-pcch-a-diversas-regioes-do-pais\\\/\"},\"author\":{\"name\":\"CRI Portugu\u00eas\",\"@id\":\"https:\\\/\\\/diariodepe.com.br\\\/cri\\\/#\\\/schema\\\/person\\\/e474aead631cd4098632e11d3fbce118\"},\"headline\":\"Semin\u00e1rios levam conte\u00fado sobre 4\u00aa Sess\u00e3o Plen\u00e1ria do 20\u00ba Comit\u00ea Central do PCCh a diversas regi\u00f5es do pa\u00eds\",\"datePublished\":\"2025-11-10T03:37:19+00:00\",\"mainEntityOfPage\":{\"@id\":\"https:\\\/\\\/diariodepe.com.br\\\/cri\\\/2025\\\/11\\\/10\\\/seminarios-levam-conteudo-sobre-4a-sessao-plenaria-do-20o-comite-central-do-pcch-a-diversas-regioes-do-pais\\\/\"},\"wordCount\":273,\"commentCount\":0,\"publisher\":{\"@id\":\"https:\\\/\\\/diariodepe.com.br\\\/cri\\\/#organization\"},\"image\":{\"@id\":\"https:\\\/\\\/diariodepe.com.br\\\/cri\\\/2025\\\/11\\\/10\\\/seminarios-levam-conteudo-sobre-4a-sessao-plenaria-do-20o-comite-central-do-pcch-a-diversas-regioes-do-pais\\\/#primaryimage\"},\"thumbnailUrl\":\"https:\\\/\\\/38picres.cgtn.com\\\/photoAlbum\\\/page\\\/performance\\\/img\\\/2025\\\/11\\\/9\\\/1762695122456_255.jpeg\",\"articleSection\":[\"China\"],\"inLanguage\":\"pt-BR\",\"potentialAction\":[{\"@type\":\"CommentAction\",\"name\":\"Comment\",\"target\":[\"https:\\\/\\\/diariodepe.com.br\\\/cri\\\/2025\\\/11\\\/10\\\/seminarios-levam-conteudo-sobre-4a-sessao-plenaria-do-20o-comite-central-do-pcch-a-diversas-regioes-do-pais\\\/#respond\"]}]},{\"@type\":\"WebPage\",\"@id\":\"https:\\\/\\\/diariodepe.com.br\\\/cri\\\/2025\\\/11\\\/10\\\/seminarios-levam-conteudo-sobre-4a-sessao-plenaria-do-20o-comite-central-do-pcch-a-diversas-regioes-do-pais\\\/\",\"url\":\"https:\\\/\\\/diariodepe.com.br\\\/cri\\\/2025\\\/11\\\/10\\\/seminarios-levam-conteudo-sobre-4a-sessao-plenaria-do-20o-comite-central-do-pcch-a-diversas-regioes-do-pais\\\/\",\"name\":\"Semin\u00e1rios levam conte\u00fado sobre 4\u00aa Sess\u00e3o Plen\u00e1ria do 20\u00ba Comit\u00ea Central do PCCh a diversas regi\u00f5es do pa\u00eds - CRI e Diario de Pernambuco\",\"isPartOf\":{\"@id\":\"https:\\\/\\\/diariodepe.com.br\\\/cri\\\/#website\"},\"primaryImageOfPage\":{\"@id\":\"https:\\\/\\\/diariodepe.com.br\\\/cri\\\/2025\\\/11\\\/10\\\/seminarios-levam-conteudo-sobre-4a-sessao-plenaria-do-20o-comite-central-do-pcch-a-diversas-regioes-do-pais\\\/#primaryimage\"},\"image\":{\"@id\":\"https:\\\/\\\/diariodepe.com.br\\\/cri\\\/2025\\\/11\\\/10\\\/seminarios-levam-conteudo-sobre-4a-sessao-plenaria-do-20o-comite-central-do-pcch-a-diversas-regioes-do-pais\\\/#primaryimage\"},\"thumbnailUrl\":\"https:\\\/\\\/38picres.cgtn.com\\\/photoAlbum\\\/page\\\/performance\\\/img\\\/2025\\\/11\\\/9\\\/1762695122456_255.jpeg\",\"datePublished\":\"2025-11-10T03:37:19+00:00\",\"breadcrumb\":{\"@id\":\"https:\\\/\\\/diariodepe.com.br\\\/cri\\\/2025\\\/11\\\/10\\\/seminarios-levam-conteudo-sobre-4a-sessao-plenaria-do-20o-comite-central-do-pcch-a-diversas-regioes-do-pais\\\/#breadcrumb\"},\"inLanguage\":\"pt-BR\",\"potentialAction\":[{\"@type\":\"ReadAction\",\"target\":[\"https:\\\/\\\/diariodepe.com.br\\\/cri\\\/2025\\\/11\\\/10\\\/seminarios-levam-conteudo-sobre-4a-sessao-plenaria-do-20o-comite-central-do-pcch-a-diversas-regioes-do-pais\\\/\"]}]},{\"@type\":\"ImageObject\",\"inLanguage\":\"pt-BR\",\"@id\":\"https:\\\/\\\/diariodepe.com.br\\\/cri\\\/2025\\\/11\\\/10\\\/seminarios-levam-conteudo-sobre-4a-sessao-plenaria-do-20o-comite-central-do-pcch-a-diversas-regioes-do-pais\\\/#primaryimage\",\"url\":\"https:\\\/\\\/38picres.cgtn.com\\\/photoAlbum\\\/page\\\/performance\\\/img\\\/2025\\\/11\\\/9\\\/1762695122456_255.jpeg\",\"contentUrl\":\"https:\\\/\\\/38picres.cgtn.com\\\/photoAlbum\\\/page\\\/performance\\\/img\\\/2025\\\/11\\\/9\\\/1762695122456_255.jpeg\"},{\"@type\":\"BreadcrumbList\",\"@id\":\"https:\\\/\\\/diariodepe.com.br\\\/cri\\\/2025\\\/11\\\/10\\\/seminarios-levam-conteudo-sobre-4a-sessao-plenaria-do-20o-comite-central-do-pcch-a-diversas-regioes-do-pais\\\/#breadcrumb\",\"itemListElement\":[{\"@type\":\"ListItem\",\"position\":1,\"name\":\"In\u00edcio\",\"item\":\"https:\\\/\\\/diariodepe.com.br\\\/cri\\\/\"},{\"@type\":\"ListItem\",\"position\":2,\"name\":\"Semin\u00e1rios levam conte\u00fado sobre 4\u00aa Sess\u00e3o Plen\u00e1ria do 20\u00ba Comit\u00ea Central do PCCh a diversas regi\u00f5es do pa\u00eds\"}]},{\"@type\":\"WebSite\",\"@id\":\"https:\\\/\\\/diariodepe.com.br\\\/cri\\\/#website\",\"url\":\"https:\\\/\\\/diariodepe.com.br\\\/cri\\\/\",\"name\":\"CRI e Diario de Pernambuco\",\"description\":\"R\u00e1dio Internacional da China\",\"publisher\":{\"@id\":\"https:\\\/\\\/diariodepe.com.br\\\/cri\\\/#organization\"},\"potentialAction\":[{\"@type\":\"SearchAction\",\"target\":{\"@type\":\"EntryPoint\",\"urlTemplate\":\"https:\\\/\\\/diariodepe.com.br\\\/cri\\\/?s={search_term_string}\"},\"query-input\":{\"@type\":\"PropertyValueSpecification\",\"valueRequired\":true,\"valueName\":\"search_term_string\"}}],\"inLanguage\":\"pt-BR\"},{\"@type\":\"Organization\",\"@id\":\"https:\\\/\\\/diariodepe.com.br\\\/cri\\\/#organization\",\"name\":\"CRI e Diario de Pernambuco\",\"url\":\"https:\\\/\\\/diariodepe.com.br\\\/cri\\\/\",\"logo\":{\"@type\":\"ImageObject\",\"inLanguage\":\"pt-BR\",\"@id\":\"https:\\\/\\\/diariodepe.com.br\\\/cri\\\/#\\\/schema\\\/logo\\\/image\\\/\",\"url\":\"https:\\\/\\\/diariodepe.com.br\\\/cri\\\/wp-content\\\/uploads\\\/sites\\\/2\\\/2022\\\/12\\\/cropped-Logo.jpg\",\"contentUrl\":\"https:\\\/\\\/diariodepe.com.br\\\/cri\\\/wp-content\\\/uploads\\\/sites\\\/2\\\/2022\\\/12\\\/cropped-Logo.jpg\",\"width\":700,\"height\":59,\"caption\":\"CRI e Diario de Pernambuco\"},\"image\":{\"@id\":\"https:\\\/\\\/diariodepe.com.br\\\/cri\\\/#\\\/schema\\\/logo\\\/image\\\/\"}},{\"@type\":\"Person\",\"@id\":\"https:\\\/\\\/diariodepe.com.br\\\/cri\\\/#\\\/schema\\\/person\\\/e474aead631cd4098632e11d3fbce118\",\"name\":\"CRI Portugu\u00eas\",\"image\":{\"@type\":\"ImageObject\",\"inLanguage\":\"pt-BR\",\"@id\":\"https:\\\/\\\/secure.gravatar.com\\\/avatar\\\/e2ac889ef882d4dc53091b610766dce49106cf9fe98c76e06745abb0993b2763?s=96&d=mm&r=g\",\"url\":\"https:\\\/\\\/secure.gravatar.com\\\/avatar\\\/e2ac889ef882d4dc53091b610766dce49106cf9fe98c76e06745abb0993b2763?s=96&d=mm&r=g\",\"contentUrl\":\"https:\\\/\\\/secure.gravatar.com\\\/avatar\\\/e2ac889ef882d4dc53091b610766dce49106cf9fe98c76e06745abb0993b2763?s=96&d=mm&r=g\",\"caption\":\"CRI Portugu\u00eas\"},\"sameAs\":[\"https:\\\/\\\/www.diariodepernambuco.com.br\\\/\"],\"url\":\"https:\\\/\\\/diariodepe.com.br\\\/cri\\\/author\\\/agencia-cri\\\/\"}]}<\/script>\n<!-- \/ Yoast SEO plugin. -->","yoast_head_json":{"title":"Semin\u00e1rios levam conte\u00fado sobre 4\u00aa Sess\u00e3o Plen\u00e1ria do 20\u00ba Comit\u00ea Central do PCCh a diversas regi\u00f5es do pa\u00eds - CRI e Diario de Pernambuco","robots":{"index":"index","follow":"follow","max-snippet":"max-snippet:-1","max-image-preview":"max-image-preview:large","max-video-preview":"max-video-preview:-1"},"canonical":"https:\/\/diariodepe.com.br\/cri\/2025\/11\/10\/seminarios-levam-conteudo-sobre-4a-sessao-plenaria-do-20o-comite-central-do-pcch-a-diversas-regioes-do-pais\/","og_locale":"pt_BR","og_type":"article","og_title":"Semin\u00e1rios levam conte\u00fado sobre 4\u00aa Sess\u00e3o Plen\u00e1ria do 20\u00ba Comit\u00ea Central do PCCh a diversas regi\u00f5es do pa\u00eds - CRI e Diario de Pernambuco","og_description":"O Grupo Central de Palestras sobre o estudo e a implementa\u00e7\u00e3o do esp\u00edrito da 4\u00aa Sess\u00e3o Plen\u00e1ria do 20\u00ba Comit\u00ea Central do Partido Comunista da China (PCCh) realizou semin\u00e1rios nos \u00faltimos dias em diversas regi\u00f5es do pa\u00eds, para promover uma...","og_url":"https:\/\/diariodepe.com.br\/cri\/2025\/11\/10\/seminarios-levam-conteudo-sobre-4a-sessao-plenaria-do-20o-comite-central-do-pcch-a-diversas-regioes-do-pais\/","og_site_name":"CRI e Diario de Pernambuco","article_published_time":"2025-11-10T03:37:19+00:00","og_image":[{"url":"https:\/\/38picres.cgtn.com\/photoAlbum\/page\/performance\/img\/2025\/11\/9\/1762695122456_255.jpeg","type":"","width":"","height":""}],"author":"CRI Portugu\u00eas","twitter_card":"summary_large_image","twitter_misc":{"Escrito por":"CRI Portugu\u00eas","Est. tempo de leitura":"2 minutos"},"schema":{"@context":"https:\/\/schema.org","@graph":[{"@type":"Article","@id":"https:\/\/diariodepe.com.br\/cri\/2025\/11\/10\/seminarios-levam-conteudo-sobre-4a-sessao-plenaria-do-20o-comite-central-do-pcch-a-diversas-regioes-do-pais\/#article","isPartOf":{"@id":"https:\/\/diariodepe.com.br\/cri\/2025\/11\/10\/seminarios-levam-conteudo-sobre-4a-sessao-plenaria-do-20o-comite-central-do-pcch-a-diversas-regioes-do-pais\/"},"author":{"name":"CRI Portugu\u00eas","@id":"https:\/\/diariodepe.com.br\/cri\/#\/schema\/person\/e474aead631cd4098632e11d3fbce118"},"headline":"Semin\u00e1rios levam conte\u00fado sobre 4\u00aa Sess\u00e3o Plen\u00e1ria do 20\u00ba Comit\u00ea Central do PCCh a diversas regi\u00f5es do pa\u00eds","datePublished":"2025-11-10T03:37:19+00:00","mainEntityOfPage":{"@id":"https:\/\/diariodepe.com.br\/cri\/2025\/11\/10\/seminarios-levam-conteudo-sobre-4a-sessao-plenaria-do-20o-comite-central-do-pcch-a-diversas-regioes-do-pais\/"},"wordCount":273,"commentCount":0,"publisher":{"@id":"https:\/\/diariodepe.com.br\/cri\/#organization"},"image":{"@id":"https:\/\/diariodepe.com.br\/cri\/2025\/11\/10\/seminarios-levam-conteudo-sobre-4a-sessao-plenaria-do-20o-comite-central-do-pcch-a-diversas-regioes-do-pais\/#primaryimage"},"thumbnailUrl":"https:\/\/38picres.cgtn.com\/photoAlbum\/page\/performance\/img\/2025\/11\/9\/1762695122456_255.jpeg","articleSection":["China"],"inLanguage":"pt-BR","potentialAction":[{"@type":"CommentAction","name":"Comment","target":["https:\/\/diariodepe.com.br\/cri\/2025\/11\/10\/seminarios-levam-conteudo-sobre-4a-sessao-plenaria-do-20o-comite-central-do-pcch-a-diversas-regioes-do-pais\/#respond"]}]},{"@type":"WebPage","@id":"https:\/\/diariodepe.com.br\/cri\/2025\/11\/10\/seminarios-levam-conteudo-sobre-4a-sessao-plenaria-do-20o-comite-central-do-pcch-a-diversas-regioes-do-pais\/","url":"https:\/\/diariodepe.com.br\/cri\/2025\/11\/10\/seminarios-levam-conteudo-sobre-4a-sessao-plenaria-do-20o-comite-central-do-pcch-a-diversas-regioes-do-pais\/","name":"Semin\u00e1rios levam conte\u00fado sobre 4\u00aa Sess\u00e3o Plen\u00e1ria do 20\u00ba Comit\u00ea Central do PCCh a diversas regi\u00f5es do pa\u00eds - CRI e Diario de Pernambuco","isPartOf":{"@id":"https:\/\/diariodepe.com.br\/cri\/#website"},"primaryImageOfPage":{"@id":"https:\/\/diariodepe.com.br\/cri\/2025\/11\/10\/seminarios-levam-conteudo-sobre-4a-sessao-plenaria-do-20o-comite-central-do-pcch-a-diversas-regioes-do-pais\/#primaryimage"},"image":{"@id":"https:\/\/diariodepe.com.br\/cri\/2025\/11\/10\/seminarios-levam-conteudo-sobre-4a-sessao-plenaria-do-20o-comite-central-do-pcch-a-diversas-regioes-do-pais\/#primaryimage"},"thumbnailUrl":"https:\/\/38picres.cgtn.com\/photoAlbum\/page\/performance\/img\/2025\/11\/9\/1762695122456_255.jpeg","datePublished":"2025-11-10T03:37:19+00:00","breadcrumb":{"@id":"https:\/\/diariodepe.com.br\/cri\/2025\/11\/10\/seminarios-levam-conteudo-sobre-4a-sessao-plenaria-do-20o-comite-central-do-pcch-a-diversas-regioes-do-pais\/#breadcrumb"},"inLanguage":"pt-BR","potentialAction":[{"@type":"ReadAction","target":["https:\/\/diariodepe.com.br\/cri\/2025\/11\/10\/seminarios-levam-conteudo-sobre-4a-sessao-plenaria-do-20o-comite-central-do-pcch-a-diversas-regioes-do-pais\/"]}]},{"@type":"ImageObject","inLanguage":"pt-BR","@id":"https:\/\/diariodepe.com.br\/cri\/2025\/11\/10\/seminarios-levam-conteudo-sobre-4a-sessao-plenaria-do-20o-comite-central-do-pcch-a-diversas-regioes-do-pais\/#primaryimage","url":"https:\/\/38picres.cgtn.com\/photoAlbum\/page\/performance\/img\/2025\/11\/9\/1762695122456_255.jpeg","contentUrl":"https:\/\/38picres.cgtn.com\/photoAlbum\/page\/performance\/img\/2025\/11\/9\/1762695122456_255.jpeg"},{"@type":"BreadcrumbList","@id":"https:\/\/diariodepe.com.br\/cri\/2025\/11\/10\/seminarios-levam-conteudo-sobre-4a-sessao-plenaria-do-20o-comite-central-do-pcch-a-diversas-regioes-do-pais\/#breadcrumb","itemListElement":[{"@type":"ListItem","position":1,"name":"In\u00edcio","item":"https:\/\/diariodepe.com.br\/cri\/"},{"@type":"ListItem","position":2,"name":"Semin\u00e1rios levam conte\u00fado sobre 4\u00aa Sess\u00e3o Plen\u00e1ria do 20\u00ba Comit\u00ea Central do PCCh a diversas regi\u00f5es do pa\u00eds"}]},{"@type":"WebSite","@id":"https:\/\/diariodepe.com.br\/cri\/#website","url":"https:\/\/diariodepe.com.br\/cri\/","name":"CRI e Diario de Pernambuco","description":"R\u00e1dio Internacional da China","publisher":{"@id":"https:\/\/diariodepe.com.br\/cri\/#organization"},"potentialAction":[{"@type":"SearchAction","target":{"@type":"EntryPoint","urlTemplate":"https:\/\/diariodepe.com.br\/cri\/?s={search_term_string}"},"query-input":{"@type":"PropertyValueSpecification","valueRequired":true,"valueName":"search_term_string"}}],"inLanguage":"pt-BR"},{"@type":"Organization","@id":"https:\/\/diariodepe.com.br\/cri\/#organization","name":"CRI e Diario de Pernambuco","url":"https:\/\/diariodepe.com.br\/cri\/","logo":{"@type":"ImageObject","inLanguage":"pt-BR","@id":"https:\/\/diariodepe.com.br\/cri\/#\/schema\/logo\/image\/","url":"https:\/\/diariodepe.com.br\/cri\/wp-content\/uploads\/sites\/2\/2022\/12\/cropped-Logo.jpg","contentUrl":"https:\/\/diariodepe.com.br\/cri\/wp-content\/uploads\/sites\/2\/2022\/12\/cropped-Logo.jpg","width":700,"height":59,"caption":"CRI e Diario de Pernambuco"},"image":{"@id":"https:\/\/diariodepe.com.br\/cri\/#\/schema\/logo\/image\/"}},{"@type":"Person","@id":"https:\/\/diariodepe.com.br\/cri\/#\/schema\/person\/e474aead631cd4098632e11d3fbce118","name":"CRI Portugu\u00eas","image":{"@type":"ImageObject","inLanguage":"pt-BR","@id":"https:\/\/secure.gravatar.com\/avatar\/e2ac889ef882d4dc53091b610766dce49106cf9fe98c76e06745abb0993b2763?s=96&d=mm&r=g","url":"https:\/\/secure.gravatar.com\/avatar\/e2ac889ef882d4dc53091b610766dce49106cf9fe98c76e06745abb0993b2763?s=96&d=mm&r=g","contentUrl":"https:\/\/secure.gravatar.com\/avatar\/e2ac889ef882d4dc53091b610766dce49106cf9fe98c76e06745abb0993b2763?s=96&d=mm&r=g","caption":"CRI Portugu\u00eas"},"sameAs":["https:\/\/www.diariodepernambuco.com.br\/"],"url":"https:\/\/diariodepe.com.br\/cri\/author\/agencia-cri\/"}]}},"cc_featured_image_caption":{"caption_text":"","source_text":"","source_url":""},"amp_enabled":true,"_links":{"self":[{"href":"https:\/\/diariodepe.com.br\/cri\/wp-json\/wp\/v2\/posts\/9913","targetHints":{"allow":["GET"]}}],"collection":[{"href":"https:\/\/diariodepe.com.br\/cri\/wp-json\/wp\/v2\/posts"}],"about":[{"href":"https:\/\/diariodepe.com.br\/cri\/wp-json\/wp\/v2\/types\/post"}],"author":[{"embeddable":true,"href":"https:\/\/diariodepe.com.br\/cri\/wp-json\/wp\/v2\/users\/5"}],"replies":[{"embeddable":true,"href":"https:\/\/diariodepe.com.br\/cri\/wp-json\/wp\/v2\/comments?post=9913"}],"version-history":[{"count":1,"href":"https:\/\/diariodepe.com.br\/cri\/wp-json\/wp\/v2\/posts\/9913\/revisions"}],"predecessor-version":[{"id":9914,"href":"https:\/\/diariodepe.com.br\/cri\/wp-json\/wp\/v2\/posts\/9913\/revisions\/9914"}],"wp:attachment":[{"href":"https:\/\/diariodepe.com.br\/cri\/wp-json\/wp\/v2\/media?parent=9913"}],"wp:term":[{"taxonomy":"category","embeddable":true,"href":"https:\/\/diariodepe.com.br\/cri\/wp-json\/wp\/v2\/categories?post=9913"},{"taxonomy":"post_tag","embeddable":true,"href":"https:\/\/diariodepe.com.br\/cri\/wp-json\/wp\/v2\/tags?post=9913"}],"curies":[{"name":"wp","href":"https:\/\/api.w.org\/{rel}","templated":true}]}}