{"id":9903,"date":"2025-11-07T23:09:50","date_gmt":"2025-11-08T02:09:50","guid":{"rendered":"https:\/\/diariodepe.com.br\/cri\/?p=9903"},"modified":"2025-11-07T23:09:50","modified_gmt":"2025-11-08T02:09:50","slug":"comemoracao-da-restauracao-de-taiwan-reflete-plenamente-vontade-do-povo-diz-porta-voz-da-parte-continental","status":"publish","type":"post","link":"https:\/\/diariodepe.com.br\/cri\/2025\/11\/07\/comemoracao-da-restauracao-de-taiwan-reflete-plenamente-vontade-do-povo-diz-porta-voz-da-parte-continental\/","title":{"rendered":"Comemora\u00e7\u00e3o da restaura\u00e7\u00e3o de Taiwan reflete plenamente vontade do povo, diz porta-voz da parte continental"},"content":{"rendered":"<div class=\"detailContent\" data-v-6a32acc9=\"\">\n<div class=\"mobile\" data-v-9cf1b08a=\"\" data-v-6a32acc9=\"\">\n<div id=\"detailContent\" class=\"mobile\" data-v-9cf1b08a=\"\">\n<p>A designa\u00e7\u00e3o do dia 25 de outubro como o Dia da Comemora\u00e7\u00e3o da Restaura\u00e7\u00e3o de Taiwan e as atividades comemorativas realizadas em n\u00edvel nacional para marcar o 80\u00ba anivers\u00e1rio da restaura\u00e7\u00e3o de Taiwan \u00e0 China refletem plenamente a vontade do povo e do Estado, disse uma porta-voz da parte continental nesta quarta-feira.<\/p>\n<p>Zhang Han, nova porta-voz do Departamento dos Assuntos de Taiwan do Conselho de Estado, disse em uma coletiva de imprensa que as \u00faltimas medidas servem como uma defesa poderosa do fato hist\u00f3rico da restaura\u00e7\u00e3o de Taiwan \u00e0 p\u00e1tria, o que guiar\u00e1 os compatriotas atrav\u00e9s do Estreito de Taiwan a herdar e promover a tradi\u00e7\u00e3o patri\u00f3tica, al\u00e9m de inspirar todo o povo chin\u00eas a se unir na luta pela reunifica\u00e7\u00e3o e revitaliza\u00e7\u00e3o da na\u00e7\u00e3o.<\/p>\n<p>O assunto de Taiwan diz respeito aos interesses centrais da China e aos sentimentos nacionais do povo chin\u00eas, observou Zhang, enfatizando a responsabilidade do pa\u00eds de ajudar os compatriotas dos dois lados do Estreito de Taiwan a lembrar a hist\u00f3ria e defender a paz, bem como buscar benef\u00edcios e bem-estar para eles.<\/p>\n<p>&#8220;Tamb\u00e9m \u00e9 nossa responsabilidade ajudar os compatriotas em Taiwan a reconhecer claramente o fato hist\u00f3rico e jur\u00eddico de que os dois lados do Estreito pertencem a uma s\u00f3 China, a perceber a natureza das for\u00e7as separatistas da &#8216;independ\u00eancia de Taiwan&#8217; de trazer desastre para Taiwan e a compreender a inevitabilidade hist\u00f3rica da reunifica\u00e7\u00e3o nacional&#8221;, disse Zhang.<\/p>\n<p>A porta-voz prometeu esfor\u00e7os para continuar aderindo ao princ\u00edpio de Uma S\u00f3 China, opor-se resolutamente \u00e0s atividades separatistas que buscam a &#8216;independ\u00eancia de Taiwan&#8217; e \u00e0 interfer\u00eancia das for\u00e7as externas, respeitar e beneficiar os compatriotas em Taiwan, aprofundar os interc\u00e2mbios e a coopera\u00e7\u00e3o atrav\u00e9s do Estreito, promover o desenvolvimento integrado e compartilhar as oportunidades e conquistas da moderniza\u00e7\u00e3o chinesa.<\/p>\n<p>&#8220;Trabalharemos em conjunto com os compatriotas em Taiwan para promover o desenvolvimento pac\u00edfico das rela\u00e7\u00f5es atrav\u00e9s do Estreito e contribuir para a grande causa da reunifica\u00e7\u00e3o e da revitaliza\u00e7\u00e3o da na\u00e7\u00e3o&#8221;, acrescentou Zhang.<\/p>\n<\/div>\n<\/div>\n<\/div>\n","protected":false},"excerpt":{"rendered":"<p>A designa\u00e7\u00e3o do dia 25 de outubro como o Dia da Comemora\u00e7\u00e3o da Restaura\u00e7\u00e3o de Taiwan e as atividades comemorativas realizadas em n\u00edvel nacional para marcar o 80\u00ba anivers\u00e1rio da restaura\u00e7\u00e3o de Taiwan \u00e0 China refletem plenamente a vontade do&#8230;<\/p>\n","protected":false},"author":5,"featured_media":0,"comment_status":"open","ping_status":"open","sticky":false,"template":"","format":"standard","meta":{"footnotes":""},"categories":[1],"tags":[],"class_list":["post-9903","post","type-post","status-publish","format-standard","hentry","category-estudio-paulista"],"yoast_head":"<!-- This site is optimized with the Yoast SEO plugin v27.4 - https:\/\/yoast.com\/product\/yoast-seo-wordpress\/ -->\n<title>Comemora\u00e7\u00e3o da restaura\u00e7\u00e3o de Taiwan reflete plenamente vontade do povo, diz porta-voz da parte continental - CRI e Diario de Pernambuco<\/title>\n<meta name=\"robots\" content=\"index, follow, max-snippet:-1, max-image-preview:large, max-video-preview:-1\" \/>\n<link rel=\"canonical\" href=\"https:\/\/diariodepe.com.br\/cri\/2025\/11\/07\/comemoracao-da-restauracao-de-taiwan-reflete-plenamente-vontade-do-povo-diz-porta-voz-da-parte-continental\/\" \/>\n<meta property=\"og:locale\" content=\"pt_BR\" \/>\n<meta property=\"og:type\" content=\"article\" \/>\n<meta property=\"og:title\" content=\"Comemora\u00e7\u00e3o da restaura\u00e7\u00e3o de Taiwan reflete plenamente vontade do povo, diz porta-voz da parte continental - CRI e Diario de Pernambuco\" \/>\n<meta property=\"og:description\" content=\"A designa\u00e7\u00e3o do dia 25 de outubro como o Dia da Comemora\u00e7\u00e3o da Restaura\u00e7\u00e3o de Taiwan e as atividades comemorativas realizadas em n\u00edvel nacional para marcar o 80\u00ba anivers\u00e1rio da restaura\u00e7\u00e3o de Taiwan \u00e0 China refletem plenamente a vontade do...\" \/>\n<meta property=\"og:url\" content=\"https:\/\/diariodepe.com.br\/cri\/2025\/11\/07\/comemoracao-da-restauracao-de-taiwan-reflete-plenamente-vontade-do-povo-diz-porta-voz-da-parte-continental\/\" \/>\n<meta property=\"og:site_name\" content=\"CRI e Diario de Pernambuco\" \/>\n<meta property=\"article:published_time\" content=\"2025-11-08T02:09:50+00:00\" \/>\n<meta name=\"author\" content=\"CRI Portugu\u00eas\" \/>\n<meta name=\"twitter:card\" content=\"summary_large_image\" \/>\n<meta name=\"twitter:label1\" content=\"Escrito por\" \/>\n\t<meta name=\"twitter:data1\" content=\"CRI Portugu\u00eas\" \/>\n\t<meta name=\"twitter:label2\" content=\"Est. tempo de leitura\" \/>\n\t<meta name=\"twitter:data2\" content=\"2 minutos\" \/>\n<script type=\"application\/ld+json\" class=\"yoast-schema-graph\">{\"@context\":\"https:\\\/\\\/schema.org\",\"@graph\":[{\"@type\":\"Article\",\"@id\":\"https:\\\/\\\/diariodepe.com.br\\\/cri\\\/2025\\\/11\\\/07\\\/comemoracao-da-restauracao-de-taiwan-reflete-plenamente-vontade-do-povo-diz-porta-voz-da-parte-continental\\\/#article\",\"isPartOf\":{\"@id\":\"https:\\\/\\\/diariodepe.com.br\\\/cri\\\/2025\\\/11\\\/07\\\/comemoracao-da-restauracao-de-taiwan-reflete-plenamente-vontade-do-povo-diz-porta-voz-da-parte-continental\\\/\"},\"author\":{\"name\":\"CRI Portugu\u00eas\",\"@id\":\"https:\\\/\\\/diariodepe.com.br\\\/cri\\\/#\\\/schema\\\/person\\\/e474aead631cd4098632e11d3fbce118\"},\"headline\":\"Comemora\u00e7\u00e3o da restaura\u00e7\u00e3o de Taiwan reflete plenamente vontade do povo, diz porta-voz da parte continental\",\"datePublished\":\"2025-11-08T02:09:50+00:00\",\"mainEntityOfPage\":{\"@id\":\"https:\\\/\\\/diariodepe.com.br\\\/cri\\\/2025\\\/11\\\/07\\\/comemoracao-da-restauracao-de-taiwan-reflete-plenamente-vontade-do-povo-diz-porta-voz-da-parte-continental\\\/\"},\"wordCount\":379,\"commentCount\":0,\"publisher\":{\"@id\":\"https:\\\/\\\/diariodepe.com.br\\\/cri\\\/#organization\"},\"articleSection\":[\"Est\u00fadio Paulista\"],\"inLanguage\":\"pt-BR\",\"potentialAction\":[{\"@type\":\"CommentAction\",\"name\":\"Comment\",\"target\":[\"https:\\\/\\\/diariodepe.com.br\\\/cri\\\/2025\\\/11\\\/07\\\/comemoracao-da-restauracao-de-taiwan-reflete-plenamente-vontade-do-povo-diz-porta-voz-da-parte-continental\\\/#respond\"]}]},{\"@type\":\"WebPage\",\"@id\":\"https:\\\/\\\/diariodepe.com.br\\\/cri\\\/2025\\\/11\\\/07\\\/comemoracao-da-restauracao-de-taiwan-reflete-plenamente-vontade-do-povo-diz-porta-voz-da-parte-continental\\\/\",\"url\":\"https:\\\/\\\/diariodepe.com.br\\\/cri\\\/2025\\\/11\\\/07\\\/comemoracao-da-restauracao-de-taiwan-reflete-plenamente-vontade-do-povo-diz-porta-voz-da-parte-continental\\\/\",\"name\":\"Comemora\u00e7\u00e3o da restaura\u00e7\u00e3o de Taiwan reflete plenamente vontade do povo, diz porta-voz da parte continental - CRI e Diario de Pernambuco\",\"isPartOf\":{\"@id\":\"https:\\\/\\\/diariodepe.com.br\\\/cri\\\/#website\"},\"datePublished\":\"2025-11-08T02:09:50+00:00\",\"breadcrumb\":{\"@id\":\"https:\\\/\\\/diariodepe.com.br\\\/cri\\\/2025\\\/11\\\/07\\\/comemoracao-da-restauracao-de-taiwan-reflete-plenamente-vontade-do-povo-diz-porta-voz-da-parte-continental\\\/#breadcrumb\"},\"inLanguage\":\"pt-BR\",\"potentialAction\":[{\"@type\":\"ReadAction\",\"target\":[\"https:\\\/\\\/diariodepe.com.br\\\/cri\\\/2025\\\/11\\\/07\\\/comemoracao-da-restauracao-de-taiwan-reflete-plenamente-vontade-do-povo-diz-porta-voz-da-parte-continental\\\/\"]}]},{\"@type\":\"BreadcrumbList\",\"@id\":\"https:\\\/\\\/diariodepe.com.br\\\/cri\\\/2025\\\/11\\\/07\\\/comemoracao-da-restauracao-de-taiwan-reflete-plenamente-vontade-do-povo-diz-porta-voz-da-parte-continental\\\/#breadcrumb\",\"itemListElement\":[{\"@type\":\"ListItem\",\"position\":1,\"name\":\"In\u00edcio\",\"item\":\"https:\\\/\\\/diariodepe.com.br\\\/cri\\\/\"},{\"@type\":\"ListItem\",\"position\":2,\"name\":\"Comemora\u00e7\u00e3o da restaura\u00e7\u00e3o de Taiwan reflete plenamente vontade do povo, diz porta-voz da parte continental\"}]},{\"@type\":\"WebSite\",\"@id\":\"https:\\\/\\\/diariodepe.com.br\\\/cri\\\/#website\",\"url\":\"https:\\\/\\\/diariodepe.com.br\\\/cri\\\/\",\"name\":\"CRI e Diario de Pernambuco\",\"description\":\"R\u00e1dio Internacional da China\",\"publisher\":{\"@id\":\"https:\\\/\\\/diariodepe.com.br\\\/cri\\\/#organization\"},\"potentialAction\":[{\"@type\":\"SearchAction\",\"target\":{\"@type\":\"EntryPoint\",\"urlTemplate\":\"https:\\\/\\\/diariodepe.com.br\\\/cri\\\/?s={search_term_string}\"},\"query-input\":{\"@type\":\"PropertyValueSpecification\",\"valueRequired\":true,\"valueName\":\"search_term_string\"}}],\"inLanguage\":\"pt-BR\"},{\"@type\":\"Organization\",\"@id\":\"https:\\\/\\\/diariodepe.com.br\\\/cri\\\/#organization\",\"name\":\"CRI e Diario de Pernambuco\",\"url\":\"https:\\\/\\\/diariodepe.com.br\\\/cri\\\/\",\"logo\":{\"@type\":\"ImageObject\",\"inLanguage\":\"pt-BR\",\"@id\":\"https:\\\/\\\/diariodepe.com.br\\\/cri\\\/#\\\/schema\\\/logo\\\/image\\\/\",\"url\":\"https:\\\/\\\/diariodepe.com.br\\\/cri\\\/wp-content\\\/uploads\\\/sites\\\/2\\\/2022\\\/12\\\/cropped-Logo.jpg\",\"contentUrl\":\"https:\\\/\\\/diariodepe.com.br\\\/cri\\\/wp-content\\\/uploads\\\/sites\\\/2\\\/2022\\\/12\\\/cropped-Logo.jpg\",\"width\":700,\"height\":59,\"caption\":\"CRI e Diario de Pernambuco\"},\"image\":{\"@id\":\"https:\\\/\\\/diariodepe.com.br\\\/cri\\\/#\\\/schema\\\/logo\\\/image\\\/\"}},{\"@type\":\"Person\",\"@id\":\"https:\\\/\\\/diariodepe.com.br\\\/cri\\\/#\\\/schema\\\/person\\\/e474aead631cd4098632e11d3fbce118\",\"name\":\"CRI Portugu\u00eas\",\"image\":{\"@type\":\"ImageObject\",\"inLanguage\":\"pt-BR\",\"@id\":\"https:\\\/\\\/secure.gravatar.com\\\/avatar\\\/e2ac889ef882d4dc53091b610766dce49106cf9fe98c76e06745abb0993b2763?s=96&d=mm&r=g\",\"url\":\"https:\\\/\\\/secure.gravatar.com\\\/avatar\\\/e2ac889ef882d4dc53091b610766dce49106cf9fe98c76e06745abb0993b2763?s=96&d=mm&r=g\",\"contentUrl\":\"https:\\\/\\\/secure.gravatar.com\\\/avatar\\\/e2ac889ef882d4dc53091b610766dce49106cf9fe98c76e06745abb0993b2763?s=96&d=mm&r=g\",\"caption\":\"CRI Portugu\u00eas\"},\"sameAs\":[\"https:\\\/\\\/www.diariodepernambuco.com.br\\\/\"],\"url\":\"https:\\\/\\\/diariodepe.com.br\\\/cri\\\/author\\\/agencia-cri\\\/\"}]}<\/script>\n<!-- \/ Yoast SEO plugin. -->","yoast_head_json":{"title":"Comemora\u00e7\u00e3o da restaura\u00e7\u00e3o de Taiwan reflete plenamente vontade do povo, diz porta-voz da parte continental - CRI e Diario de Pernambuco","robots":{"index":"index","follow":"follow","max-snippet":"max-snippet:-1","max-image-preview":"max-image-preview:large","max-video-preview":"max-video-preview:-1"},"canonical":"https:\/\/diariodepe.com.br\/cri\/2025\/11\/07\/comemoracao-da-restauracao-de-taiwan-reflete-plenamente-vontade-do-povo-diz-porta-voz-da-parte-continental\/","og_locale":"pt_BR","og_type":"article","og_title":"Comemora\u00e7\u00e3o da restaura\u00e7\u00e3o de Taiwan reflete plenamente vontade do povo, diz porta-voz da parte continental - CRI e Diario de Pernambuco","og_description":"A designa\u00e7\u00e3o do dia 25 de outubro como o Dia da Comemora\u00e7\u00e3o da Restaura\u00e7\u00e3o de Taiwan e as atividades comemorativas realizadas em n\u00edvel nacional para marcar o 80\u00ba anivers\u00e1rio da restaura\u00e7\u00e3o de Taiwan \u00e0 China refletem plenamente a vontade do...","og_url":"https:\/\/diariodepe.com.br\/cri\/2025\/11\/07\/comemoracao-da-restauracao-de-taiwan-reflete-plenamente-vontade-do-povo-diz-porta-voz-da-parte-continental\/","og_site_name":"CRI e Diario de Pernambuco","article_published_time":"2025-11-08T02:09:50+00:00","author":"CRI Portugu\u00eas","twitter_card":"summary_large_image","twitter_misc":{"Escrito por":"CRI Portugu\u00eas","Est. tempo de leitura":"2 minutos"},"schema":{"@context":"https:\/\/schema.org","@graph":[{"@type":"Article","@id":"https:\/\/diariodepe.com.br\/cri\/2025\/11\/07\/comemoracao-da-restauracao-de-taiwan-reflete-plenamente-vontade-do-povo-diz-porta-voz-da-parte-continental\/#article","isPartOf":{"@id":"https:\/\/diariodepe.com.br\/cri\/2025\/11\/07\/comemoracao-da-restauracao-de-taiwan-reflete-plenamente-vontade-do-povo-diz-porta-voz-da-parte-continental\/"},"author":{"name":"CRI Portugu\u00eas","@id":"https:\/\/diariodepe.com.br\/cri\/#\/schema\/person\/e474aead631cd4098632e11d3fbce118"},"headline":"Comemora\u00e7\u00e3o da restaura\u00e7\u00e3o de Taiwan reflete plenamente vontade do povo, diz porta-voz da parte continental","datePublished":"2025-11-08T02:09:50+00:00","mainEntityOfPage":{"@id":"https:\/\/diariodepe.com.br\/cri\/2025\/11\/07\/comemoracao-da-restauracao-de-taiwan-reflete-plenamente-vontade-do-povo-diz-porta-voz-da-parte-continental\/"},"wordCount":379,"commentCount":0,"publisher":{"@id":"https:\/\/diariodepe.com.br\/cri\/#organization"},"articleSection":["Est\u00fadio Paulista"],"inLanguage":"pt-BR","potentialAction":[{"@type":"CommentAction","name":"Comment","target":["https:\/\/diariodepe.com.br\/cri\/2025\/11\/07\/comemoracao-da-restauracao-de-taiwan-reflete-plenamente-vontade-do-povo-diz-porta-voz-da-parte-continental\/#respond"]}]},{"@type":"WebPage","@id":"https:\/\/diariodepe.com.br\/cri\/2025\/11\/07\/comemoracao-da-restauracao-de-taiwan-reflete-plenamente-vontade-do-povo-diz-porta-voz-da-parte-continental\/","url":"https:\/\/diariodepe.com.br\/cri\/2025\/11\/07\/comemoracao-da-restauracao-de-taiwan-reflete-plenamente-vontade-do-povo-diz-porta-voz-da-parte-continental\/","name":"Comemora\u00e7\u00e3o da restaura\u00e7\u00e3o de Taiwan reflete plenamente vontade do povo, diz porta-voz da parte continental - CRI e Diario de Pernambuco","isPartOf":{"@id":"https:\/\/diariodepe.com.br\/cri\/#website"},"datePublished":"2025-11-08T02:09:50+00:00","breadcrumb":{"@id":"https:\/\/diariodepe.com.br\/cri\/2025\/11\/07\/comemoracao-da-restauracao-de-taiwan-reflete-plenamente-vontade-do-povo-diz-porta-voz-da-parte-continental\/#breadcrumb"},"inLanguage":"pt-BR","potentialAction":[{"@type":"ReadAction","target":["https:\/\/diariodepe.com.br\/cri\/2025\/11\/07\/comemoracao-da-restauracao-de-taiwan-reflete-plenamente-vontade-do-povo-diz-porta-voz-da-parte-continental\/"]}]},{"@type":"BreadcrumbList","@id":"https:\/\/diariodepe.com.br\/cri\/2025\/11\/07\/comemoracao-da-restauracao-de-taiwan-reflete-plenamente-vontade-do-povo-diz-porta-voz-da-parte-continental\/#breadcrumb","itemListElement":[{"@type":"ListItem","position":1,"name":"In\u00edcio","item":"https:\/\/diariodepe.com.br\/cri\/"},{"@type":"ListItem","position":2,"name":"Comemora\u00e7\u00e3o da restaura\u00e7\u00e3o de Taiwan reflete plenamente vontade do povo, diz porta-voz da parte continental"}]},{"@type":"WebSite","@id":"https:\/\/diariodepe.com.br\/cri\/#website","url":"https:\/\/diariodepe.com.br\/cri\/","name":"CRI e Diario de Pernambuco","description":"R\u00e1dio Internacional da China","publisher":{"@id":"https:\/\/diariodepe.com.br\/cri\/#organization"},"potentialAction":[{"@type":"SearchAction","target":{"@type":"EntryPoint","urlTemplate":"https:\/\/diariodepe.com.br\/cri\/?s={search_term_string}"},"query-input":{"@type":"PropertyValueSpecification","valueRequired":true,"valueName":"search_term_string"}}],"inLanguage":"pt-BR"},{"@type":"Organization","@id":"https:\/\/diariodepe.com.br\/cri\/#organization","name":"CRI e Diario de Pernambuco","url":"https:\/\/diariodepe.com.br\/cri\/","logo":{"@type":"ImageObject","inLanguage":"pt-BR","@id":"https:\/\/diariodepe.com.br\/cri\/#\/schema\/logo\/image\/","url":"https:\/\/diariodepe.com.br\/cri\/wp-content\/uploads\/sites\/2\/2022\/12\/cropped-Logo.jpg","contentUrl":"https:\/\/diariodepe.com.br\/cri\/wp-content\/uploads\/sites\/2\/2022\/12\/cropped-Logo.jpg","width":700,"height":59,"caption":"CRI e Diario de Pernambuco"},"image":{"@id":"https:\/\/diariodepe.com.br\/cri\/#\/schema\/logo\/image\/"}},{"@type":"Person","@id":"https:\/\/diariodepe.com.br\/cri\/#\/schema\/person\/e474aead631cd4098632e11d3fbce118","name":"CRI Portugu\u00eas","image":{"@type":"ImageObject","inLanguage":"pt-BR","@id":"https:\/\/secure.gravatar.com\/avatar\/e2ac889ef882d4dc53091b610766dce49106cf9fe98c76e06745abb0993b2763?s=96&d=mm&r=g","url":"https:\/\/secure.gravatar.com\/avatar\/e2ac889ef882d4dc53091b610766dce49106cf9fe98c76e06745abb0993b2763?s=96&d=mm&r=g","contentUrl":"https:\/\/secure.gravatar.com\/avatar\/e2ac889ef882d4dc53091b610766dce49106cf9fe98c76e06745abb0993b2763?s=96&d=mm&r=g","caption":"CRI Portugu\u00eas"},"sameAs":["https:\/\/www.diariodepernambuco.com.br\/"],"url":"https:\/\/diariodepe.com.br\/cri\/author\/agencia-cri\/"}]}},"cc_featured_image_caption":{"caption_text":"","source_text":"","source_url":""},"amp_enabled":true,"_links":{"self":[{"href":"https:\/\/diariodepe.com.br\/cri\/wp-json\/wp\/v2\/posts\/9903","targetHints":{"allow":["GET"]}}],"collection":[{"href":"https:\/\/diariodepe.com.br\/cri\/wp-json\/wp\/v2\/posts"}],"about":[{"href":"https:\/\/diariodepe.com.br\/cri\/wp-json\/wp\/v2\/types\/post"}],"author":[{"embeddable":true,"href":"https:\/\/diariodepe.com.br\/cri\/wp-json\/wp\/v2\/users\/5"}],"replies":[{"embeddable":true,"href":"https:\/\/diariodepe.com.br\/cri\/wp-json\/wp\/v2\/comments?post=9903"}],"version-history":[{"count":1,"href":"https:\/\/diariodepe.com.br\/cri\/wp-json\/wp\/v2\/posts\/9903\/revisions"}],"predecessor-version":[{"id":9904,"href":"https:\/\/diariodepe.com.br\/cri\/wp-json\/wp\/v2\/posts\/9903\/revisions\/9904"}],"wp:attachment":[{"href":"https:\/\/diariodepe.com.br\/cri\/wp-json\/wp\/v2\/media?parent=9903"}],"wp:term":[{"taxonomy":"category","embeddable":true,"href":"https:\/\/diariodepe.com.br\/cri\/wp-json\/wp\/v2\/categories?post=9903"},{"taxonomy":"post_tag","embeddable":true,"href":"https:\/\/diariodepe.com.br\/cri\/wp-json\/wp\/v2\/tags?post=9903"}],"curies":[{"name":"wp","href":"https:\/\/api.w.org\/{rel}","templated":true}]}}