{"id":9898,"date":"2025-11-07T22:52:34","date_gmt":"2025-11-08T01:52:34","guid":{"rendered":"https:\/\/diariodepe.com.br\/cri\/?p=9898"},"modified":"2025-11-07T22:52:34","modified_gmt":"2025-11-08T01:52:34","slug":"china-acelerara-transicao-verde-abrangente-e-intensificara-esforcos-para-atingir-pico-de-carbono-diz-vice-premie","status":"publish","type":"post","link":"https:\/\/diariodepe.com.br\/cri\/2025\/11\/07\/china-acelerara-transicao-verde-abrangente-e-intensificara-esforcos-para-atingir-pico-de-carbono-diz-vice-premie\/","title":{"rendered":"China acelerar\u00e1 transi\u00e7\u00e3o verde abrangente e intensificar\u00e1 esfor\u00e7os para atingir pico de carbono, diz vice-premi\u00ea"},"content":{"rendered":"<p>O vice-premi\u00ea chin\u00eas, Ding Xuexiang, disse na quinta-feira que a China acelerar\u00e1 a transi\u00e7\u00e3o verde abrangente em seu desenvolvimento econ\u00f4mico e social, enquanto trabalha de forma ativa e prudente para atingir o pico de emiss\u00f5es de carbono.<\/p>\n<p>Ding, como representante especial do presidente chin\u00eas Xi Jinping e tamb\u00e9m membro do Comit\u00ea Permanente do Bir\u00f4 Pol\u00edtico do Comit\u00ea Central do Partido Comunista da China (PCCh), transmitiu os melhores votos de Xi para o Brasil por sediar a c\u00fapula, em seu discurso na C\u00fapula do Clima de Bel\u00e9m.<\/p>\n<p>Elogiando a contribui\u00e7\u00e3o ativa e importante do Brasil para o avan\u00e7o da governan\u00e7a clim\u00e1tica global como presidente da 30\u00aa Confer\u00eancia das Partes (COP30) da Conven\u00e7\u00e3o-Quadro das Na\u00e7\u00f5es Unidas sobre Mudan\u00e7a do Clima, ele expressou a esperan\u00e7a de que a confer\u00eancia seja um sucesso total.<\/p>\n<p>Como este ano marca o 10\u00ba anivers\u00e1rio do Acordo de Paris, com a governan\u00e7a clim\u00e1tica global entrando agora em uma fase cr\u00edtica, Ding disse que a China alcan\u00e7ou resultados not\u00e1veis na implementa\u00e7\u00e3o de suas Contribui\u00e7\u00f5es Nacionalmente Determinadas (NDCs) para 2030.<\/p>\n<p>Xi anunciou solenemente as NDCs da China para 2035 na C\u00fapula do Clima da ONU, abrangendo todos os setores econ\u00f4micos e todos os gases de efeito estufa e estabelecendo, pela primeira vez, uma meta absoluta de redu\u00e7\u00e3o de emiss\u00f5es, o que demonstra a firme determina\u00e7\u00e3o e os maiores esfor\u00e7os da China, acrescentou ele.<\/p>\n<p>Recentemente, os participantes da quarta sess\u00e3o plen\u00e1ria do 20\u00ba Comit\u00ea Central do PCCh deliberaram e adotaram as Propostas do Comit\u00ea Central do PCCh para a Formula\u00e7\u00e3o do 15\u00ba Plano Quinquenal de Desenvolvimento Econ\u00f4mico e Social, que estabeleceram importantes arranjos para a constru\u00e7\u00e3o de uma China bela, disse Ding.<\/p>\n<p>As propostas enfatizam que, impulsionados pelas metas de atingir o pico das emiss\u00f5es de carbono e a neutralidade de carbono, esfor\u00e7os devem ser feitos para promover a redu\u00e7\u00e3o de carbono, a redu\u00e7\u00e3o da polui\u00e7\u00e3o, a expans\u00e3o verde e o crescimento de forma coordenada, com objetivo de construir uma s\u00f3lida barreira de seguran\u00e7a ecol\u00f3gica e intensificar o \u00edmpeto para o desenvolvimento verde, acrescentou ele.<\/p>\n<p>A China honra suas palavras com a\u00e7\u00f5es concretas desde o in\u00edcio e dar\u00e1 maiores contribui\u00e7\u00f5es para enfrentar as mudan\u00e7as clim\u00e1ticas, observou ele.<\/p>\n<p>Atualmente, a humanidade se encontra em uma nova encruzilhada, o que requer que todas as partes defendam o verdadeiro multilateralismo, fortale\u00e7am a unidade e a coopera\u00e7\u00e3o e promovam o desenvolvimento est\u00e1vel e de longo prazo da governan\u00e7a clim\u00e1tica global, disse Ding, apresentando uma proposta de tr\u00eas pontos para lidar com os desafios.<\/p>\n<p>Primeiro, disse ele, \u00e9 necess\u00e1rio manter o foco na dire\u00e7\u00e3o correta, fortalecer a confian\u00e7a, coordenar os objetivos de prote\u00e7\u00e3o ambiental, desenvolvimento econ\u00f4mico, cria\u00e7\u00e3o de empregos e erradica\u00e7\u00e3o da pobreza, melhorar a subsist\u00eancia do povo e a governan\u00e7a clim\u00e1tica de forma coordenada e promover o desenvolvimento de alta qualidade para fornecer mais benef\u00edcios aos povos de todo o mundo.<\/p>\n<p>Segundo, disse ele, \u00e9 necess\u00e1rio implementar a\u00e7\u00f5es clim\u00e1ticas, defender o princ\u00edpio das responsabilidades comuns, por\u00e9m diferenciadas, e implementar plena e efetivamente a Conven\u00e7\u00e3o-Quadro das Na\u00e7\u00f5es Unidas sobre Mudan\u00e7a do Clima e o Acordo de Paris.<\/p>\n<p>Os pa\u00edses desenvolvidos devem cumprir suas obriga\u00e7\u00f5es de liderar a redu\u00e7\u00e3o das emiss\u00f5es, cumprir seriamente seus compromissos de investimento e fornecer mais apoio tecnol\u00f3gico e de capacita\u00e7\u00e3o aos pa\u00edses em desenvolvimento, explicou Ding.<\/p>\n<p>Terceiro, disse, \u00e9 necess\u00e1rio aprofundar a abertura e a coopera\u00e7\u00e3o, criar um ambiente favor\u00e1vel \u00e0 coopera\u00e7\u00e3o econ\u00f4mica e comercial internacional, fortalecer a colabora\u00e7\u00e3o internacional em tecnologias e ind\u00fastrias verdes, garantir a livre circula\u00e7\u00e3o de produtos verdes de alta qualidade e atender melhor \u00e0 demanda global por desenvolvimento sustent\u00e1vel.<\/p>\n<p>Durante seu encontro com o secret\u00e1rio-geral da ONU, Ant\u00f3nio Guterres, \u00e0 margem da c\u00fapula, Ding disse que o multilateralismo e o trabalho das Na\u00e7\u00f5es Unidas enfrentam atualmente desafios sem precedentes.<\/p>\n<p>N\u00e3o importa como o cen\u00e1rio internacional evolua, a China manter\u00e1 seu compromisso com o verdadeiro multilateralismo, continuar\u00e1 a apoiar plenamente a posi\u00e7\u00e3o e o papel central das Na\u00e7\u00f5es Unidas nos assuntos internacionais, promover\u00e1 o di\u00e1logo e a coopera\u00e7\u00e3o entre os pa\u00edses e contribuir\u00e1 ainda mais para a causa da paz e do desenvolvimento mundiais.<\/p>\n<p>A China est\u00e1 firmemente comprometida com o caminho do desenvolvimento verde e disposta a intensificar a comunica\u00e7\u00e3o e a coopera\u00e7\u00e3o com todas as partes para impulsionar juntos a constru\u00e7\u00e3o de um mundo bonito, caracterizado pela harmonia entre a humanidade e a natureza, salientou ele.<\/p>\n<p>Guterres agradeceu \u00e0 China pelo seu apoio constante ao trabalho das Na\u00e7\u00f5es Unidas, chamando a China n\u00e3o apenas um l\u00edder chave na governan\u00e7a clim\u00e1tica global, mas tamb\u00e9m um importante pilar da paz mundial e do multilateralismo.<\/p>\n<p>A Iniciativa de Governan\u00e7a Global proposta por Xi \u00e9 de grande import\u00e2ncia para aprimorar e reformar o sistema de governan\u00e7a global existente, e as Na\u00e7\u00f5es Unidas esperam uma colabora\u00e7\u00e3o ainda mais estreita com a China, disse Guterres.<\/p>\n<p>Tamb\u00e9m na quinta-feira, Ding participou de um almo\u00e7o tem\u00e1tico oferecido pelo presidente brasileiro Luiz In\u00e1cio Lula da Silva, sobre &#8220;Fundo Florestas Tropicais para Sempre&#8221; e fez um discurso.<\/p>\n<p>Ding disse que, nos \u00faltimos anos, a China alcan\u00e7ou resultados not\u00e1veis em ecologia e prote\u00e7\u00e3o ambiental, bem como em desenvolvimento econ\u00f4mico e social em suas regi\u00f5es de floresta tropical.<\/p>\n<p>A prote\u00e7\u00e3o das florestas tropicais impacta a sobreviv\u00eancia e o bem-estar da humanidade. A China est\u00e1 disposta a fortalecer a coopera\u00e7\u00e3o com todas as partes envolvidas na prote\u00e7\u00e3o das florestas tropicais e a contribuir ainda mais para a governan\u00e7a global do clima e do meio ambiente, acrescentou ele.<\/p>\n","protected":false},"excerpt":{"rendered":"<p>O vice-premi\u00ea chin\u00eas, Ding Xuexiang, disse na quinta-feira que a China acelerar\u00e1 a transi\u00e7\u00e3o verde abrangente em seu desenvolvimento econ\u00f4mico e social, enquanto trabalha de forma ativa e prudente para atingir o pico de emiss\u00f5es de carbono. Ding, como representante&#8230;<\/p>\n","protected":false},"author":5,"featured_media":0,"comment_status":"open","ping_status":"open","sticky":false,"template":"","format":"standard","meta":{"footnotes":""},"categories":[1],"tags":[],"class_list":["post-9898","post","type-post","status-publish","format-standard","hentry","category-estudio-paulista"],"yoast_head":"<!-- This site is optimized with the Yoast SEO plugin v27.4 - https:\/\/yoast.com\/product\/yoast-seo-wordpress\/ -->\n<title>China acelerar\u00e1 transi\u00e7\u00e3o verde abrangente e intensificar\u00e1 esfor\u00e7os para atingir pico de carbono, diz vice-premi\u00ea - CRI e Diario de Pernambuco<\/title>\n<meta name=\"robots\" content=\"index, follow, max-snippet:-1, max-image-preview:large, max-video-preview:-1\" \/>\n<link rel=\"canonical\" href=\"https:\/\/diariodepe.com.br\/cri\/2025\/11\/07\/china-acelerara-transicao-verde-abrangente-e-intensificara-esforcos-para-atingir-pico-de-carbono-diz-vice-premie\/\" \/>\n<meta property=\"og:locale\" content=\"pt_BR\" \/>\n<meta property=\"og:type\" content=\"article\" \/>\n<meta property=\"og:title\" content=\"China acelerar\u00e1 transi\u00e7\u00e3o verde abrangente e intensificar\u00e1 esfor\u00e7os para atingir pico de carbono, diz vice-premi\u00ea - CRI e Diario de Pernambuco\" \/>\n<meta property=\"og:description\" content=\"O vice-premi\u00ea chin\u00eas, Ding Xuexiang, disse na quinta-feira que a China acelerar\u00e1 a transi\u00e7\u00e3o verde abrangente em seu desenvolvimento econ\u00f4mico e social, enquanto trabalha de forma ativa e prudente para atingir o pico de emiss\u00f5es de carbono. Ding, como representante...\" \/>\n<meta property=\"og:url\" content=\"https:\/\/diariodepe.com.br\/cri\/2025\/11\/07\/china-acelerara-transicao-verde-abrangente-e-intensificara-esforcos-para-atingir-pico-de-carbono-diz-vice-premie\/\" \/>\n<meta property=\"og:site_name\" content=\"CRI e Diario de Pernambuco\" \/>\n<meta property=\"article:published_time\" content=\"2025-11-08T01:52:34+00:00\" \/>\n<meta name=\"author\" content=\"CRI Portugu\u00eas\" \/>\n<meta name=\"twitter:card\" content=\"summary_large_image\" \/>\n<meta name=\"twitter:label1\" content=\"Escrito por\" \/>\n\t<meta name=\"twitter:data1\" content=\"CRI Portugu\u00eas\" \/>\n\t<meta name=\"twitter:label2\" content=\"Est. tempo de leitura\" \/>\n\t<meta name=\"twitter:data2\" content=\"5 minutos\" \/>\n<script type=\"application\/ld+json\" class=\"yoast-schema-graph\">{\"@context\":\"https:\\\/\\\/schema.org\",\"@graph\":[{\"@type\":\"Article\",\"@id\":\"https:\\\/\\\/diariodepe.com.br\\\/cri\\\/2025\\\/11\\\/07\\\/china-acelerara-transicao-verde-abrangente-e-intensificara-esforcos-para-atingir-pico-de-carbono-diz-vice-premie\\\/#article\",\"isPartOf\":{\"@id\":\"https:\\\/\\\/diariodepe.com.br\\\/cri\\\/2025\\\/11\\\/07\\\/china-acelerara-transicao-verde-abrangente-e-intensificara-esforcos-para-atingir-pico-de-carbono-diz-vice-premie\\\/\"},\"author\":{\"name\":\"CRI Portugu\u00eas\",\"@id\":\"https:\\\/\\\/diariodepe.com.br\\\/cri\\\/#\\\/schema\\\/person\\\/e474aead631cd4098632e11d3fbce118\"},\"headline\":\"China acelerar\u00e1 transi\u00e7\u00e3o verde abrangente e intensificar\u00e1 esfor\u00e7os para atingir pico de carbono, diz vice-premi\u00ea\",\"datePublished\":\"2025-11-08T01:52:34+00:00\",\"mainEntityOfPage\":{\"@id\":\"https:\\\/\\\/diariodepe.com.br\\\/cri\\\/2025\\\/11\\\/07\\\/china-acelerara-transicao-verde-abrangente-e-intensificara-esforcos-para-atingir-pico-de-carbono-diz-vice-premie\\\/\"},\"wordCount\":1024,\"commentCount\":0,\"publisher\":{\"@id\":\"https:\\\/\\\/diariodepe.com.br\\\/cri\\\/#organization\"},\"articleSection\":[\"Est\u00fadio Paulista\"],\"inLanguage\":\"pt-BR\",\"potentialAction\":[{\"@type\":\"CommentAction\",\"name\":\"Comment\",\"target\":[\"https:\\\/\\\/diariodepe.com.br\\\/cri\\\/2025\\\/11\\\/07\\\/china-acelerara-transicao-verde-abrangente-e-intensificara-esforcos-para-atingir-pico-de-carbono-diz-vice-premie\\\/#respond\"]}]},{\"@type\":\"WebPage\",\"@id\":\"https:\\\/\\\/diariodepe.com.br\\\/cri\\\/2025\\\/11\\\/07\\\/china-acelerara-transicao-verde-abrangente-e-intensificara-esforcos-para-atingir-pico-de-carbono-diz-vice-premie\\\/\",\"url\":\"https:\\\/\\\/diariodepe.com.br\\\/cri\\\/2025\\\/11\\\/07\\\/china-acelerara-transicao-verde-abrangente-e-intensificara-esforcos-para-atingir-pico-de-carbono-diz-vice-premie\\\/\",\"name\":\"China acelerar\u00e1 transi\u00e7\u00e3o verde abrangente e intensificar\u00e1 esfor\u00e7os para atingir pico de carbono, diz vice-premi\u00ea - CRI e Diario de Pernambuco\",\"isPartOf\":{\"@id\":\"https:\\\/\\\/diariodepe.com.br\\\/cri\\\/#website\"},\"datePublished\":\"2025-11-08T01:52:34+00:00\",\"breadcrumb\":{\"@id\":\"https:\\\/\\\/diariodepe.com.br\\\/cri\\\/2025\\\/11\\\/07\\\/china-acelerara-transicao-verde-abrangente-e-intensificara-esforcos-para-atingir-pico-de-carbono-diz-vice-premie\\\/#breadcrumb\"},\"inLanguage\":\"pt-BR\",\"potentialAction\":[{\"@type\":\"ReadAction\",\"target\":[\"https:\\\/\\\/diariodepe.com.br\\\/cri\\\/2025\\\/11\\\/07\\\/china-acelerara-transicao-verde-abrangente-e-intensificara-esforcos-para-atingir-pico-de-carbono-diz-vice-premie\\\/\"]}]},{\"@type\":\"BreadcrumbList\",\"@id\":\"https:\\\/\\\/diariodepe.com.br\\\/cri\\\/2025\\\/11\\\/07\\\/china-acelerara-transicao-verde-abrangente-e-intensificara-esforcos-para-atingir-pico-de-carbono-diz-vice-premie\\\/#breadcrumb\",\"itemListElement\":[{\"@type\":\"ListItem\",\"position\":1,\"name\":\"In\u00edcio\",\"item\":\"https:\\\/\\\/diariodepe.com.br\\\/cri\\\/\"},{\"@type\":\"ListItem\",\"position\":2,\"name\":\"China acelerar\u00e1 transi\u00e7\u00e3o verde abrangente e intensificar\u00e1 esfor\u00e7os para atingir pico de carbono, diz vice-premi\u00ea\"}]},{\"@type\":\"WebSite\",\"@id\":\"https:\\\/\\\/diariodepe.com.br\\\/cri\\\/#website\",\"url\":\"https:\\\/\\\/diariodepe.com.br\\\/cri\\\/\",\"name\":\"CRI e Diario de Pernambuco\",\"description\":\"R\u00e1dio Internacional da China\",\"publisher\":{\"@id\":\"https:\\\/\\\/diariodepe.com.br\\\/cri\\\/#organization\"},\"potentialAction\":[{\"@type\":\"SearchAction\",\"target\":{\"@type\":\"EntryPoint\",\"urlTemplate\":\"https:\\\/\\\/diariodepe.com.br\\\/cri\\\/?s={search_term_string}\"},\"query-input\":{\"@type\":\"PropertyValueSpecification\",\"valueRequired\":true,\"valueName\":\"search_term_string\"}}],\"inLanguage\":\"pt-BR\"},{\"@type\":\"Organization\",\"@id\":\"https:\\\/\\\/diariodepe.com.br\\\/cri\\\/#organization\",\"name\":\"CRI e Diario de Pernambuco\",\"url\":\"https:\\\/\\\/diariodepe.com.br\\\/cri\\\/\",\"logo\":{\"@type\":\"ImageObject\",\"inLanguage\":\"pt-BR\",\"@id\":\"https:\\\/\\\/diariodepe.com.br\\\/cri\\\/#\\\/schema\\\/logo\\\/image\\\/\",\"url\":\"https:\\\/\\\/diariodepe.com.br\\\/cri\\\/wp-content\\\/uploads\\\/sites\\\/2\\\/2022\\\/12\\\/cropped-Logo.jpg\",\"contentUrl\":\"https:\\\/\\\/diariodepe.com.br\\\/cri\\\/wp-content\\\/uploads\\\/sites\\\/2\\\/2022\\\/12\\\/cropped-Logo.jpg\",\"width\":700,\"height\":59,\"caption\":\"CRI e Diario de Pernambuco\"},\"image\":{\"@id\":\"https:\\\/\\\/diariodepe.com.br\\\/cri\\\/#\\\/schema\\\/logo\\\/image\\\/\"}},{\"@type\":\"Person\",\"@id\":\"https:\\\/\\\/diariodepe.com.br\\\/cri\\\/#\\\/schema\\\/person\\\/e474aead631cd4098632e11d3fbce118\",\"name\":\"CRI Portugu\u00eas\",\"image\":{\"@type\":\"ImageObject\",\"inLanguage\":\"pt-BR\",\"@id\":\"https:\\\/\\\/secure.gravatar.com\\\/avatar\\\/e2ac889ef882d4dc53091b610766dce49106cf9fe98c76e06745abb0993b2763?s=96&d=mm&r=g\",\"url\":\"https:\\\/\\\/secure.gravatar.com\\\/avatar\\\/e2ac889ef882d4dc53091b610766dce49106cf9fe98c76e06745abb0993b2763?s=96&d=mm&r=g\",\"contentUrl\":\"https:\\\/\\\/secure.gravatar.com\\\/avatar\\\/e2ac889ef882d4dc53091b610766dce49106cf9fe98c76e06745abb0993b2763?s=96&d=mm&r=g\",\"caption\":\"CRI Portugu\u00eas\"},\"sameAs\":[\"https:\\\/\\\/www.diariodepernambuco.com.br\\\/\"],\"url\":\"https:\\\/\\\/diariodepe.com.br\\\/cri\\\/author\\\/agencia-cri\\\/\"}]}<\/script>\n<!-- \/ Yoast SEO plugin. -->","yoast_head_json":{"title":"China acelerar\u00e1 transi\u00e7\u00e3o verde abrangente e intensificar\u00e1 esfor\u00e7os para atingir pico de carbono, diz vice-premi\u00ea - CRI e Diario de Pernambuco","robots":{"index":"index","follow":"follow","max-snippet":"max-snippet:-1","max-image-preview":"max-image-preview:large","max-video-preview":"max-video-preview:-1"},"canonical":"https:\/\/diariodepe.com.br\/cri\/2025\/11\/07\/china-acelerara-transicao-verde-abrangente-e-intensificara-esforcos-para-atingir-pico-de-carbono-diz-vice-premie\/","og_locale":"pt_BR","og_type":"article","og_title":"China acelerar\u00e1 transi\u00e7\u00e3o verde abrangente e intensificar\u00e1 esfor\u00e7os para atingir pico de carbono, diz vice-premi\u00ea - CRI e Diario de Pernambuco","og_description":"O vice-premi\u00ea chin\u00eas, Ding Xuexiang, disse na quinta-feira que a China acelerar\u00e1 a transi\u00e7\u00e3o verde abrangente em seu desenvolvimento econ\u00f4mico e social, enquanto trabalha de forma ativa e prudente para atingir o pico de emiss\u00f5es de carbono. Ding, como representante...","og_url":"https:\/\/diariodepe.com.br\/cri\/2025\/11\/07\/china-acelerara-transicao-verde-abrangente-e-intensificara-esforcos-para-atingir-pico-de-carbono-diz-vice-premie\/","og_site_name":"CRI e Diario de Pernambuco","article_published_time":"2025-11-08T01:52:34+00:00","author":"CRI Portugu\u00eas","twitter_card":"summary_large_image","twitter_misc":{"Escrito por":"CRI Portugu\u00eas","Est. tempo de leitura":"5 minutos"},"schema":{"@context":"https:\/\/schema.org","@graph":[{"@type":"Article","@id":"https:\/\/diariodepe.com.br\/cri\/2025\/11\/07\/china-acelerara-transicao-verde-abrangente-e-intensificara-esforcos-para-atingir-pico-de-carbono-diz-vice-premie\/#article","isPartOf":{"@id":"https:\/\/diariodepe.com.br\/cri\/2025\/11\/07\/china-acelerara-transicao-verde-abrangente-e-intensificara-esforcos-para-atingir-pico-de-carbono-diz-vice-premie\/"},"author":{"name":"CRI Portugu\u00eas","@id":"https:\/\/diariodepe.com.br\/cri\/#\/schema\/person\/e474aead631cd4098632e11d3fbce118"},"headline":"China acelerar\u00e1 transi\u00e7\u00e3o verde abrangente e intensificar\u00e1 esfor\u00e7os para atingir pico de carbono, diz vice-premi\u00ea","datePublished":"2025-11-08T01:52:34+00:00","mainEntityOfPage":{"@id":"https:\/\/diariodepe.com.br\/cri\/2025\/11\/07\/china-acelerara-transicao-verde-abrangente-e-intensificara-esforcos-para-atingir-pico-de-carbono-diz-vice-premie\/"},"wordCount":1024,"commentCount":0,"publisher":{"@id":"https:\/\/diariodepe.com.br\/cri\/#organization"},"articleSection":["Est\u00fadio Paulista"],"inLanguage":"pt-BR","potentialAction":[{"@type":"CommentAction","name":"Comment","target":["https:\/\/diariodepe.com.br\/cri\/2025\/11\/07\/china-acelerara-transicao-verde-abrangente-e-intensificara-esforcos-para-atingir-pico-de-carbono-diz-vice-premie\/#respond"]}]},{"@type":"WebPage","@id":"https:\/\/diariodepe.com.br\/cri\/2025\/11\/07\/china-acelerara-transicao-verde-abrangente-e-intensificara-esforcos-para-atingir-pico-de-carbono-diz-vice-premie\/","url":"https:\/\/diariodepe.com.br\/cri\/2025\/11\/07\/china-acelerara-transicao-verde-abrangente-e-intensificara-esforcos-para-atingir-pico-de-carbono-diz-vice-premie\/","name":"China acelerar\u00e1 transi\u00e7\u00e3o verde abrangente e intensificar\u00e1 esfor\u00e7os para atingir pico de carbono, diz vice-premi\u00ea - CRI e Diario de Pernambuco","isPartOf":{"@id":"https:\/\/diariodepe.com.br\/cri\/#website"},"datePublished":"2025-11-08T01:52:34+00:00","breadcrumb":{"@id":"https:\/\/diariodepe.com.br\/cri\/2025\/11\/07\/china-acelerara-transicao-verde-abrangente-e-intensificara-esforcos-para-atingir-pico-de-carbono-diz-vice-premie\/#breadcrumb"},"inLanguage":"pt-BR","potentialAction":[{"@type":"ReadAction","target":["https:\/\/diariodepe.com.br\/cri\/2025\/11\/07\/china-acelerara-transicao-verde-abrangente-e-intensificara-esforcos-para-atingir-pico-de-carbono-diz-vice-premie\/"]}]},{"@type":"BreadcrumbList","@id":"https:\/\/diariodepe.com.br\/cri\/2025\/11\/07\/china-acelerara-transicao-verde-abrangente-e-intensificara-esforcos-para-atingir-pico-de-carbono-diz-vice-premie\/#breadcrumb","itemListElement":[{"@type":"ListItem","position":1,"name":"In\u00edcio","item":"https:\/\/diariodepe.com.br\/cri\/"},{"@type":"ListItem","position":2,"name":"China acelerar\u00e1 transi\u00e7\u00e3o verde abrangente e intensificar\u00e1 esfor\u00e7os para atingir pico de carbono, diz vice-premi\u00ea"}]},{"@type":"WebSite","@id":"https:\/\/diariodepe.com.br\/cri\/#website","url":"https:\/\/diariodepe.com.br\/cri\/","name":"CRI e Diario de Pernambuco","description":"R\u00e1dio Internacional da China","publisher":{"@id":"https:\/\/diariodepe.com.br\/cri\/#organization"},"potentialAction":[{"@type":"SearchAction","target":{"@type":"EntryPoint","urlTemplate":"https:\/\/diariodepe.com.br\/cri\/?s={search_term_string}"},"query-input":{"@type":"PropertyValueSpecification","valueRequired":true,"valueName":"search_term_string"}}],"inLanguage":"pt-BR"},{"@type":"Organization","@id":"https:\/\/diariodepe.com.br\/cri\/#organization","name":"CRI e Diario de Pernambuco","url":"https:\/\/diariodepe.com.br\/cri\/","logo":{"@type":"ImageObject","inLanguage":"pt-BR","@id":"https:\/\/diariodepe.com.br\/cri\/#\/schema\/logo\/image\/","url":"https:\/\/diariodepe.com.br\/cri\/wp-content\/uploads\/sites\/2\/2022\/12\/cropped-Logo.jpg","contentUrl":"https:\/\/diariodepe.com.br\/cri\/wp-content\/uploads\/sites\/2\/2022\/12\/cropped-Logo.jpg","width":700,"height":59,"caption":"CRI e Diario de Pernambuco"},"image":{"@id":"https:\/\/diariodepe.com.br\/cri\/#\/schema\/logo\/image\/"}},{"@type":"Person","@id":"https:\/\/diariodepe.com.br\/cri\/#\/schema\/person\/e474aead631cd4098632e11d3fbce118","name":"CRI Portugu\u00eas","image":{"@type":"ImageObject","inLanguage":"pt-BR","@id":"https:\/\/secure.gravatar.com\/avatar\/e2ac889ef882d4dc53091b610766dce49106cf9fe98c76e06745abb0993b2763?s=96&d=mm&r=g","url":"https:\/\/secure.gravatar.com\/avatar\/e2ac889ef882d4dc53091b610766dce49106cf9fe98c76e06745abb0993b2763?s=96&d=mm&r=g","contentUrl":"https:\/\/secure.gravatar.com\/avatar\/e2ac889ef882d4dc53091b610766dce49106cf9fe98c76e06745abb0993b2763?s=96&d=mm&r=g","caption":"CRI Portugu\u00eas"},"sameAs":["https:\/\/www.diariodepernambuco.com.br\/"],"url":"https:\/\/diariodepe.com.br\/cri\/author\/agencia-cri\/"}]}},"cc_featured_image_caption":{"caption_text":"","source_text":"","source_url":""},"amp_enabled":true,"_links":{"self":[{"href":"https:\/\/diariodepe.com.br\/cri\/wp-json\/wp\/v2\/posts\/9898","targetHints":{"allow":["GET"]}}],"collection":[{"href":"https:\/\/diariodepe.com.br\/cri\/wp-json\/wp\/v2\/posts"}],"about":[{"href":"https:\/\/diariodepe.com.br\/cri\/wp-json\/wp\/v2\/types\/post"}],"author":[{"embeddable":true,"href":"https:\/\/diariodepe.com.br\/cri\/wp-json\/wp\/v2\/users\/5"}],"replies":[{"embeddable":true,"href":"https:\/\/diariodepe.com.br\/cri\/wp-json\/wp\/v2\/comments?post=9898"}],"version-history":[{"count":1,"href":"https:\/\/diariodepe.com.br\/cri\/wp-json\/wp\/v2\/posts\/9898\/revisions"}],"predecessor-version":[{"id":9899,"href":"https:\/\/diariodepe.com.br\/cri\/wp-json\/wp\/v2\/posts\/9898\/revisions\/9899"}],"wp:attachment":[{"href":"https:\/\/diariodepe.com.br\/cri\/wp-json\/wp\/v2\/media?parent=9898"}],"wp:term":[{"taxonomy":"category","embeddable":true,"href":"https:\/\/diariodepe.com.br\/cri\/wp-json\/wp\/v2\/categories?post=9898"},{"taxonomy":"post_tag","embeddable":true,"href":"https:\/\/diariodepe.com.br\/cri\/wp-json\/wp\/v2\/tags?post=9898"}],"curies":[{"name":"wp","href":"https:\/\/api.w.org\/{rel}","templated":true}]}}