{"id":9896,"date":"2025-11-07T22:51:18","date_gmt":"2025-11-08T01:51:18","guid":{"rendered":"https:\/\/diariodepe.com.br\/cri\/?p=9896"},"modified":"2025-11-07T22:51:18","modified_gmt":"2025-11-08T01:51:18","slug":"china-esta-pronta-a-trabalhar-com-brasil-para-fortalecer-confianca-politica-mutua-diz-vice-premie","status":"publish","type":"post","link":"https:\/\/diariodepe.com.br\/cri\/2025\/11\/07\/china-esta-pronta-a-trabalhar-com-brasil-para-fortalecer-confianca-politica-mutua-diz-vice-premie\/","title":{"rendered":"China est\u00e1 pronta a trabalhar com Brasil para fortalecer confian\u00e7a pol\u00edtica m\u00fatua, diz vice-premi\u00ea"},"content":{"rendered":"<p>O vice-premi\u00ea chin\u00eas, Ding Xuexiang, expressou na quarta-feira a prontid\u00e3o da China em trabalhar com o Brasil para fortalecer a confian\u00e7a pol\u00edtica m\u00fatua, apoiar firmemente um ao outro em quest\u00f5es relativas aos seus respectivos interesses essenciais e principais preocupa\u00e7\u00f5es, e opor-se conjuntamente ao unilateralismo, protecionismo e hegemonismo.<\/p>\n<p>Ding, tamb\u00e9m membro do Comit\u00ea Permanente do Bir\u00f4 Pol\u00edtico do Comit\u00ea Central do Partido Comunista da China (PCCh), fez as observa\u00e7\u00f5es durante conversas com o presidente brasileiro Luiz In\u00e1cio Lula da Silva, durante uma visita ao pa\u00eds sul-americano.<\/p>\n<p>Durante a reuni\u00e3o, Ding transmitiu as cordiais sauda\u00e7\u00f5es e os melhores votos do presidente chin\u00eas, Xi Jinping, observando que, sob a orienta\u00e7\u00e3o estrat\u00e9gica de Xi e Lula, a constru\u00e7\u00e3o de uma comunidade China-Brasil com um futuro compartilhado e o alinhamento das estrat\u00e9gias de desenvolvimento dos dois pa\u00edses tiveram um bom in\u00edcio.<\/p>\n<p>Ele disse que a coopera\u00e7\u00e3o China-Brasil tornou-se um modelo de colabora\u00e7\u00e3o entre grandes pa\u00edses em desenvolvimento, com sua import\u00e2ncia estrat\u00e9gica, abrangente e de longo prazo cada vez mais evidente.<\/p>\n<p>Observando que a quarta sess\u00e3o plen\u00e1ria do 20\u00ba Comit\u00ea Central do PCCh fez design de alto n\u00edvel e planejamento estrat\u00e9gico para o futuro desenvolvimento da China, ele enfatizou que a China est\u00e1 firmemente comprometida em promover o desenvolvimento de alta qualidade e uma abertura de n\u00edvel mais alto, o que criar\u00e1 mais oportunidades para aprofundar a coopera\u00e7\u00e3o pr\u00e1tica entre a China e o Brasil.<\/p>\n<p>Ding disse que a China est\u00e1 pronta para expandir a coopera\u00e7\u00e3o pr\u00e1tica em diversas \u00e1reas e elevar o n\u00edvel da coopera\u00e7\u00e3o para alcan\u00e7ar resultados ainda mais marcantes e exemplares.<\/p>\n<p>Ele pediu que ambos os lados fortale\u00e7am a coordena\u00e7\u00e3o e a colabora\u00e7\u00e3o em f\u00f3runs multilaterais, avancem na reforma e aprimoramento da governan\u00e7a global e salvaguardem os interesses dos pa\u00edses em desenvolvimento.<\/p>\n<p>Ding disse que a China intensificar\u00e1 a coopera\u00e7\u00e3o na redu\u00e7\u00e3o da pobreza e implementar\u00e1 a Iniciativa de Desenvolvimento Global para gerar mais benef\u00edcios para ambos os povos e as popula\u00e7\u00f5es do mundo.<\/p>\n<p>A China apoia o Brasil em desempenhar seu papel ativo como uma grande pot\u00eancia regional, salvaguardar a paz e a estabilidade na Am\u00e9rica Latina e no Caribe, acrescentou ele.<\/p>\n<p>Ding apontou que a China aprecia os esfor\u00e7os do Brasil na organiza\u00e7\u00e3o da C\u00fapula do Clima de Bel\u00e9m e no avan\u00e7o da governan\u00e7a clim\u00e1tica global e est\u00e1 pronta para trabalhar com o Brasil para garantir o sucesso da c\u00fapula e injetar novo \u00edmpeto nos processos multilaterais na \u00e1rea clim\u00e1tica.<\/p>\n<p>Por sua vez, Lula pediu a Ding que transmita suas sinceras sauda\u00e7\u00f5es a Xi, expressando sua gratid\u00e3o ao presidente chin\u00eas pelo envio de uma delega\u00e7\u00e3o de alto n\u00edvel para participar da C\u00fapula do Clima de Bel\u00e9m e pelo forte apoio da China ao Brasil na organiza\u00e7\u00e3o do evento.<\/p>\n<p>Ele parabenizou a China por suas conquistas na promo\u00e7\u00e3o da transi\u00e7\u00e3o verde, salientando que a China tem dado um exemplo para o mundo.<\/p>\n<p>Lula disse que, desde que o Brasil e a China come\u00e7aram a trabalhar juntos para promover a constru\u00e7\u00e3o de uma comunidade com um futuro compartilhado para um mundo mais justo e um planeta mais sustent\u00e1vel, h\u00e1 um ano, os dois pa\u00edses alcan\u00e7aram resultados tang\u00edveis em \u00e1reas-chave e estrat\u00e9gicas de coopera\u00e7\u00e3o, e as rela\u00e7\u00f5es bilaterais atingiram um novo patamar.<\/p>\n<p>Ele afirmou que o multilateralismo \u00e9 indispens\u00e1vel no mundo atual, observando que o Brasil est\u00e1 pronto para manter uma comunica\u00e7\u00e3o e coordena\u00e7\u00e3o estreitas com a China para contribuir positivamente para a solu\u00e7\u00e3o pac\u00edfica de disputas regionais.<\/p>\n","protected":false},"excerpt":{"rendered":"<p>O vice-premi\u00ea chin\u00eas, Ding Xuexiang, expressou na quarta-feira a prontid\u00e3o da China em trabalhar com o Brasil para fortalecer a confian\u00e7a pol\u00edtica m\u00fatua, apoiar firmemente um ao outro em quest\u00f5es relativas aos seus respectivos interesses essenciais e principais preocupa\u00e7\u00f5es, e&#8230;<\/p>\n","protected":false},"author":5,"featured_media":0,"comment_status":"open","ping_status":"open","sticky":false,"template":"","format":"standard","meta":{"footnotes":""},"categories":[1],"tags":[],"class_list":["post-9896","post","type-post","status-publish","format-standard","hentry","category-estudio-paulista"],"yoast_head":"<!-- This site is optimized with the Yoast SEO plugin v27.4 - https:\/\/yoast.com\/product\/yoast-seo-wordpress\/ -->\n<title>China est\u00e1 pronta a trabalhar com Brasil para fortalecer confian\u00e7a pol\u00edtica m\u00fatua, diz vice-premi\u00ea - CRI e Diario de Pernambuco<\/title>\n<meta name=\"robots\" content=\"index, follow, max-snippet:-1, max-image-preview:large, max-video-preview:-1\" \/>\n<link rel=\"canonical\" href=\"https:\/\/diariodepe.com.br\/cri\/2025\/11\/07\/china-esta-pronta-a-trabalhar-com-brasil-para-fortalecer-confianca-politica-mutua-diz-vice-premie\/\" \/>\n<meta property=\"og:locale\" content=\"pt_BR\" \/>\n<meta property=\"og:type\" content=\"article\" \/>\n<meta property=\"og:title\" content=\"China est\u00e1 pronta a trabalhar com Brasil para fortalecer confian\u00e7a pol\u00edtica m\u00fatua, diz vice-premi\u00ea - CRI e Diario de Pernambuco\" \/>\n<meta property=\"og:description\" content=\"O vice-premi\u00ea chin\u00eas, Ding Xuexiang, expressou na quarta-feira a prontid\u00e3o da China em trabalhar com o Brasil para fortalecer a confian\u00e7a pol\u00edtica m\u00fatua, apoiar firmemente um ao outro em quest\u00f5es relativas aos seus respectivos interesses essenciais e principais preocupa\u00e7\u00f5es, e...\" \/>\n<meta property=\"og:url\" content=\"https:\/\/diariodepe.com.br\/cri\/2025\/11\/07\/china-esta-pronta-a-trabalhar-com-brasil-para-fortalecer-confianca-politica-mutua-diz-vice-premie\/\" \/>\n<meta property=\"og:site_name\" content=\"CRI e Diario de Pernambuco\" \/>\n<meta property=\"article:published_time\" content=\"2025-11-08T01:51:18+00:00\" \/>\n<meta name=\"author\" content=\"CRI Portugu\u00eas\" \/>\n<meta name=\"twitter:card\" content=\"summary_large_image\" \/>\n<meta name=\"twitter:label1\" content=\"Escrito por\" \/>\n\t<meta name=\"twitter:data1\" content=\"CRI Portugu\u00eas\" \/>\n\t<meta name=\"twitter:label2\" content=\"Est. tempo de leitura\" \/>\n\t<meta name=\"twitter:data2\" content=\"4 minutos\" \/>\n<script type=\"application\/ld+json\" class=\"yoast-schema-graph\">{\"@context\":\"https:\\\/\\\/schema.org\",\"@graph\":[{\"@type\":\"Article\",\"@id\":\"https:\\\/\\\/diariodepe.com.br\\\/cri\\\/2025\\\/11\\\/07\\\/china-esta-pronta-a-trabalhar-com-brasil-para-fortalecer-confianca-politica-mutua-diz-vice-premie\\\/#article\",\"isPartOf\":{\"@id\":\"https:\\\/\\\/diariodepe.com.br\\\/cri\\\/2025\\\/11\\\/07\\\/china-esta-pronta-a-trabalhar-com-brasil-para-fortalecer-confianca-politica-mutua-diz-vice-premie\\\/\"},\"author\":{\"name\":\"CRI Portugu\u00eas\",\"@id\":\"https:\\\/\\\/diariodepe.com.br\\\/cri\\\/#\\\/schema\\\/person\\\/e474aead631cd4098632e11d3fbce118\"},\"headline\":\"China est\u00e1 pronta a trabalhar com Brasil para fortalecer confian\u00e7a pol\u00edtica m\u00fatua, diz vice-premi\u00ea\",\"datePublished\":\"2025-11-08T01:51:18+00:00\",\"mainEntityOfPage\":{\"@id\":\"https:\\\/\\\/diariodepe.com.br\\\/cri\\\/2025\\\/11\\\/07\\\/china-esta-pronta-a-trabalhar-com-brasil-para-fortalecer-confianca-politica-mutua-diz-vice-premie\\\/\"},\"wordCount\":662,\"commentCount\":0,\"publisher\":{\"@id\":\"https:\\\/\\\/diariodepe.com.br\\\/cri\\\/#organization\"},\"articleSection\":[\"Est\u00fadio Paulista\"],\"inLanguage\":\"pt-BR\",\"potentialAction\":[{\"@type\":\"CommentAction\",\"name\":\"Comment\",\"target\":[\"https:\\\/\\\/diariodepe.com.br\\\/cri\\\/2025\\\/11\\\/07\\\/china-esta-pronta-a-trabalhar-com-brasil-para-fortalecer-confianca-politica-mutua-diz-vice-premie\\\/#respond\"]}]},{\"@type\":\"WebPage\",\"@id\":\"https:\\\/\\\/diariodepe.com.br\\\/cri\\\/2025\\\/11\\\/07\\\/china-esta-pronta-a-trabalhar-com-brasil-para-fortalecer-confianca-politica-mutua-diz-vice-premie\\\/\",\"url\":\"https:\\\/\\\/diariodepe.com.br\\\/cri\\\/2025\\\/11\\\/07\\\/china-esta-pronta-a-trabalhar-com-brasil-para-fortalecer-confianca-politica-mutua-diz-vice-premie\\\/\",\"name\":\"China est\u00e1 pronta a trabalhar com Brasil para fortalecer confian\u00e7a pol\u00edtica m\u00fatua, diz vice-premi\u00ea - CRI e Diario de Pernambuco\",\"isPartOf\":{\"@id\":\"https:\\\/\\\/diariodepe.com.br\\\/cri\\\/#website\"},\"datePublished\":\"2025-11-08T01:51:18+00:00\",\"breadcrumb\":{\"@id\":\"https:\\\/\\\/diariodepe.com.br\\\/cri\\\/2025\\\/11\\\/07\\\/china-esta-pronta-a-trabalhar-com-brasil-para-fortalecer-confianca-politica-mutua-diz-vice-premie\\\/#breadcrumb\"},\"inLanguage\":\"pt-BR\",\"potentialAction\":[{\"@type\":\"ReadAction\",\"target\":[\"https:\\\/\\\/diariodepe.com.br\\\/cri\\\/2025\\\/11\\\/07\\\/china-esta-pronta-a-trabalhar-com-brasil-para-fortalecer-confianca-politica-mutua-diz-vice-premie\\\/\"]}]},{\"@type\":\"BreadcrumbList\",\"@id\":\"https:\\\/\\\/diariodepe.com.br\\\/cri\\\/2025\\\/11\\\/07\\\/china-esta-pronta-a-trabalhar-com-brasil-para-fortalecer-confianca-politica-mutua-diz-vice-premie\\\/#breadcrumb\",\"itemListElement\":[{\"@type\":\"ListItem\",\"position\":1,\"name\":\"In\u00edcio\",\"item\":\"https:\\\/\\\/diariodepe.com.br\\\/cri\\\/\"},{\"@type\":\"ListItem\",\"position\":2,\"name\":\"China est\u00e1 pronta a trabalhar com Brasil para fortalecer confian\u00e7a pol\u00edtica m\u00fatua, diz vice-premi\u00ea\"}]},{\"@type\":\"WebSite\",\"@id\":\"https:\\\/\\\/diariodepe.com.br\\\/cri\\\/#website\",\"url\":\"https:\\\/\\\/diariodepe.com.br\\\/cri\\\/\",\"name\":\"CRI e Diario de Pernambuco\",\"description\":\"R\u00e1dio Internacional da China\",\"publisher\":{\"@id\":\"https:\\\/\\\/diariodepe.com.br\\\/cri\\\/#organization\"},\"potentialAction\":[{\"@type\":\"SearchAction\",\"target\":{\"@type\":\"EntryPoint\",\"urlTemplate\":\"https:\\\/\\\/diariodepe.com.br\\\/cri\\\/?s={search_term_string}\"},\"query-input\":{\"@type\":\"PropertyValueSpecification\",\"valueRequired\":true,\"valueName\":\"search_term_string\"}}],\"inLanguage\":\"pt-BR\"},{\"@type\":\"Organization\",\"@id\":\"https:\\\/\\\/diariodepe.com.br\\\/cri\\\/#organization\",\"name\":\"CRI e Diario de Pernambuco\",\"url\":\"https:\\\/\\\/diariodepe.com.br\\\/cri\\\/\",\"logo\":{\"@type\":\"ImageObject\",\"inLanguage\":\"pt-BR\",\"@id\":\"https:\\\/\\\/diariodepe.com.br\\\/cri\\\/#\\\/schema\\\/logo\\\/image\\\/\",\"url\":\"https:\\\/\\\/diariodepe.com.br\\\/cri\\\/wp-content\\\/uploads\\\/sites\\\/2\\\/2022\\\/12\\\/cropped-Logo.jpg\",\"contentUrl\":\"https:\\\/\\\/diariodepe.com.br\\\/cri\\\/wp-content\\\/uploads\\\/sites\\\/2\\\/2022\\\/12\\\/cropped-Logo.jpg\",\"width\":700,\"height\":59,\"caption\":\"CRI e Diario de Pernambuco\"},\"image\":{\"@id\":\"https:\\\/\\\/diariodepe.com.br\\\/cri\\\/#\\\/schema\\\/logo\\\/image\\\/\"}},{\"@type\":\"Person\",\"@id\":\"https:\\\/\\\/diariodepe.com.br\\\/cri\\\/#\\\/schema\\\/person\\\/e474aead631cd4098632e11d3fbce118\",\"name\":\"CRI Portugu\u00eas\",\"image\":{\"@type\":\"ImageObject\",\"inLanguage\":\"pt-BR\",\"@id\":\"https:\\\/\\\/secure.gravatar.com\\\/avatar\\\/e2ac889ef882d4dc53091b610766dce49106cf9fe98c76e06745abb0993b2763?s=96&d=mm&r=g\",\"url\":\"https:\\\/\\\/secure.gravatar.com\\\/avatar\\\/e2ac889ef882d4dc53091b610766dce49106cf9fe98c76e06745abb0993b2763?s=96&d=mm&r=g\",\"contentUrl\":\"https:\\\/\\\/secure.gravatar.com\\\/avatar\\\/e2ac889ef882d4dc53091b610766dce49106cf9fe98c76e06745abb0993b2763?s=96&d=mm&r=g\",\"caption\":\"CRI Portugu\u00eas\"},\"sameAs\":[\"https:\\\/\\\/www.diariodepernambuco.com.br\\\/\"],\"url\":\"https:\\\/\\\/diariodepe.com.br\\\/cri\\\/author\\\/agencia-cri\\\/\"}]}<\/script>\n<!-- \/ Yoast SEO plugin. -->","yoast_head_json":{"title":"China est\u00e1 pronta a trabalhar com Brasil para fortalecer confian\u00e7a pol\u00edtica m\u00fatua, diz vice-premi\u00ea - CRI e Diario de Pernambuco","robots":{"index":"index","follow":"follow","max-snippet":"max-snippet:-1","max-image-preview":"max-image-preview:large","max-video-preview":"max-video-preview:-1"},"canonical":"https:\/\/diariodepe.com.br\/cri\/2025\/11\/07\/china-esta-pronta-a-trabalhar-com-brasil-para-fortalecer-confianca-politica-mutua-diz-vice-premie\/","og_locale":"pt_BR","og_type":"article","og_title":"China est\u00e1 pronta a trabalhar com Brasil para fortalecer confian\u00e7a pol\u00edtica m\u00fatua, diz vice-premi\u00ea - CRI e Diario de Pernambuco","og_description":"O vice-premi\u00ea chin\u00eas, Ding Xuexiang, expressou na quarta-feira a prontid\u00e3o da China em trabalhar com o Brasil para fortalecer a confian\u00e7a pol\u00edtica m\u00fatua, apoiar firmemente um ao outro em quest\u00f5es relativas aos seus respectivos interesses essenciais e principais preocupa\u00e7\u00f5es, e...","og_url":"https:\/\/diariodepe.com.br\/cri\/2025\/11\/07\/china-esta-pronta-a-trabalhar-com-brasil-para-fortalecer-confianca-politica-mutua-diz-vice-premie\/","og_site_name":"CRI e Diario de Pernambuco","article_published_time":"2025-11-08T01:51:18+00:00","author":"CRI Portugu\u00eas","twitter_card":"summary_large_image","twitter_misc":{"Escrito por":"CRI Portugu\u00eas","Est. tempo de leitura":"4 minutos"},"schema":{"@context":"https:\/\/schema.org","@graph":[{"@type":"Article","@id":"https:\/\/diariodepe.com.br\/cri\/2025\/11\/07\/china-esta-pronta-a-trabalhar-com-brasil-para-fortalecer-confianca-politica-mutua-diz-vice-premie\/#article","isPartOf":{"@id":"https:\/\/diariodepe.com.br\/cri\/2025\/11\/07\/china-esta-pronta-a-trabalhar-com-brasil-para-fortalecer-confianca-politica-mutua-diz-vice-premie\/"},"author":{"name":"CRI Portugu\u00eas","@id":"https:\/\/diariodepe.com.br\/cri\/#\/schema\/person\/e474aead631cd4098632e11d3fbce118"},"headline":"China est\u00e1 pronta a trabalhar com Brasil para fortalecer confian\u00e7a pol\u00edtica m\u00fatua, diz vice-premi\u00ea","datePublished":"2025-11-08T01:51:18+00:00","mainEntityOfPage":{"@id":"https:\/\/diariodepe.com.br\/cri\/2025\/11\/07\/china-esta-pronta-a-trabalhar-com-brasil-para-fortalecer-confianca-politica-mutua-diz-vice-premie\/"},"wordCount":662,"commentCount":0,"publisher":{"@id":"https:\/\/diariodepe.com.br\/cri\/#organization"},"articleSection":["Est\u00fadio Paulista"],"inLanguage":"pt-BR","potentialAction":[{"@type":"CommentAction","name":"Comment","target":["https:\/\/diariodepe.com.br\/cri\/2025\/11\/07\/china-esta-pronta-a-trabalhar-com-brasil-para-fortalecer-confianca-politica-mutua-diz-vice-premie\/#respond"]}]},{"@type":"WebPage","@id":"https:\/\/diariodepe.com.br\/cri\/2025\/11\/07\/china-esta-pronta-a-trabalhar-com-brasil-para-fortalecer-confianca-politica-mutua-diz-vice-premie\/","url":"https:\/\/diariodepe.com.br\/cri\/2025\/11\/07\/china-esta-pronta-a-trabalhar-com-brasil-para-fortalecer-confianca-politica-mutua-diz-vice-premie\/","name":"China est\u00e1 pronta a trabalhar com Brasil para fortalecer confian\u00e7a pol\u00edtica m\u00fatua, diz vice-premi\u00ea - CRI e Diario de Pernambuco","isPartOf":{"@id":"https:\/\/diariodepe.com.br\/cri\/#website"},"datePublished":"2025-11-08T01:51:18+00:00","breadcrumb":{"@id":"https:\/\/diariodepe.com.br\/cri\/2025\/11\/07\/china-esta-pronta-a-trabalhar-com-brasil-para-fortalecer-confianca-politica-mutua-diz-vice-premie\/#breadcrumb"},"inLanguage":"pt-BR","potentialAction":[{"@type":"ReadAction","target":["https:\/\/diariodepe.com.br\/cri\/2025\/11\/07\/china-esta-pronta-a-trabalhar-com-brasil-para-fortalecer-confianca-politica-mutua-diz-vice-premie\/"]}]},{"@type":"BreadcrumbList","@id":"https:\/\/diariodepe.com.br\/cri\/2025\/11\/07\/china-esta-pronta-a-trabalhar-com-brasil-para-fortalecer-confianca-politica-mutua-diz-vice-premie\/#breadcrumb","itemListElement":[{"@type":"ListItem","position":1,"name":"In\u00edcio","item":"https:\/\/diariodepe.com.br\/cri\/"},{"@type":"ListItem","position":2,"name":"China est\u00e1 pronta a trabalhar com Brasil para fortalecer confian\u00e7a pol\u00edtica m\u00fatua, diz vice-premi\u00ea"}]},{"@type":"WebSite","@id":"https:\/\/diariodepe.com.br\/cri\/#website","url":"https:\/\/diariodepe.com.br\/cri\/","name":"CRI e Diario de Pernambuco","description":"R\u00e1dio Internacional da China","publisher":{"@id":"https:\/\/diariodepe.com.br\/cri\/#organization"},"potentialAction":[{"@type":"SearchAction","target":{"@type":"EntryPoint","urlTemplate":"https:\/\/diariodepe.com.br\/cri\/?s={search_term_string}"},"query-input":{"@type":"PropertyValueSpecification","valueRequired":true,"valueName":"search_term_string"}}],"inLanguage":"pt-BR"},{"@type":"Organization","@id":"https:\/\/diariodepe.com.br\/cri\/#organization","name":"CRI e Diario de Pernambuco","url":"https:\/\/diariodepe.com.br\/cri\/","logo":{"@type":"ImageObject","inLanguage":"pt-BR","@id":"https:\/\/diariodepe.com.br\/cri\/#\/schema\/logo\/image\/","url":"https:\/\/diariodepe.com.br\/cri\/wp-content\/uploads\/sites\/2\/2022\/12\/cropped-Logo.jpg","contentUrl":"https:\/\/diariodepe.com.br\/cri\/wp-content\/uploads\/sites\/2\/2022\/12\/cropped-Logo.jpg","width":700,"height":59,"caption":"CRI e Diario de Pernambuco"},"image":{"@id":"https:\/\/diariodepe.com.br\/cri\/#\/schema\/logo\/image\/"}},{"@type":"Person","@id":"https:\/\/diariodepe.com.br\/cri\/#\/schema\/person\/e474aead631cd4098632e11d3fbce118","name":"CRI Portugu\u00eas","image":{"@type":"ImageObject","inLanguage":"pt-BR","@id":"https:\/\/secure.gravatar.com\/avatar\/e2ac889ef882d4dc53091b610766dce49106cf9fe98c76e06745abb0993b2763?s=96&d=mm&r=g","url":"https:\/\/secure.gravatar.com\/avatar\/e2ac889ef882d4dc53091b610766dce49106cf9fe98c76e06745abb0993b2763?s=96&d=mm&r=g","contentUrl":"https:\/\/secure.gravatar.com\/avatar\/e2ac889ef882d4dc53091b610766dce49106cf9fe98c76e06745abb0993b2763?s=96&d=mm&r=g","caption":"CRI Portugu\u00eas"},"sameAs":["https:\/\/www.diariodepernambuco.com.br\/"],"url":"https:\/\/diariodepe.com.br\/cri\/author\/agencia-cri\/"}]}},"cc_featured_image_caption":{"caption_text":"","source_text":"","source_url":""},"amp_enabled":true,"_links":{"self":[{"href":"https:\/\/diariodepe.com.br\/cri\/wp-json\/wp\/v2\/posts\/9896","targetHints":{"allow":["GET"]}}],"collection":[{"href":"https:\/\/diariodepe.com.br\/cri\/wp-json\/wp\/v2\/posts"}],"about":[{"href":"https:\/\/diariodepe.com.br\/cri\/wp-json\/wp\/v2\/types\/post"}],"author":[{"embeddable":true,"href":"https:\/\/diariodepe.com.br\/cri\/wp-json\/wp\/v2\/users\/5"}],"replies":[{"embeddable":true,"href":"https:\/\/diariodepe.com.br\/cri\/wp-json\/wp\/v2\/comments?post=9896"}],"version-history":[{"count":1,"href":"https:\/\/diariodepe.com.br\/cri\/wp-json\/wp\/v2\/posts\/9896\/revisions"}],"predecessor-version":[{"id":9897,"href":"https:\/\/diariodepe.com.br\/cri\/wp-json\/wp\/v2\/posts\/9896\/revisions\/9897"}],"wp:attachment":[{"href":"https:\/\/diariodepe.com.br\/cri\/wp-json\/wp\/v2\/media?parent=9896"}],"wp:term":[{"taxonomy":"category","embeddable":true,"href":"https:\/\/diariodepe.com.br\/cri\/wp-json\/wp\/v2\/categories?post=9896"},{"taxonomy":"post_tag","embeddable":true,"href":"https:\/\/diariodepe.com.br\/cri\/wp-json\/wp\/v2\/tags?post=9896"}],"curies":[{"name":"wp","href":"https:\/\/api.w.org\/{rel}","templated":true}]}}