{"id":9891,"date":"2025-11-07T05:04:51","date_gmt":"2025-11-07T08:04:51","guid":{"rendered":"https:\/\/diariodepe.com.br\/cri\/?p=9891"},"modified":"2025-11-07T05:04:51","modified_gmt":"2025-11-07T08:04:51","slug":"li-qiang-reafirma-compromisso-com-abertura-da-china-na-exposicao-de-importacao","status":"publish","type":"post","link":"https:\/\/diariodepe.com.br\/cri\/2025\/11\/07\/li-qiang-reafirma-compromisso-com-abertura-da-china-na-exposicao-de-importacao\/","title":{"rendered":"Li Qiang reafirma compromisso com abertura da China na exposi\u00e7\u00e3o de importa\u00e7\u00e3o"},"content":{"rendered":"<p><img decoding=\"async\" src=\"https:\/\/38picres.cgtn.com\/photoAlbum\/page\/performance\/img\/2025\/11\/5\/1762350684185_786.jpg\" \/><\/p>\n<p>O premi\u00ea chin\u00eas, Li Qiang, reafirmou nesta quarta-feira que o pa\u00eds continuar\u00e1 a buscar crescimento de alta qualidade e promover de forma inabal\u00e1vel uma abertura em padr\u00e3o elevado, dando novas contribui\u00e7\u00f5es para a economia mundial.<\/p>\n<p>Li fez essas observa\u00e7\u00f5es durante seu discurso na cerim\u00f4nia de abertura da oitava Exposi\u00e7\u00e3o Internacional de Importa\u00e7\u00e3o da China (CIIE) e do F\u00f3rum Econ\u00f4mico Internacional de Hongqiao, em Shanghai.<\/p>\n<p>A China expandir\u00e1 de forma est\u00e1vel a abertura institucional e avan\u00e7ar\u00e1 com programas-piloto abrangentes para acelerar a abertura do setor de servi\u00e7os, disse Li, acrescentando que uma China mais modernizada certamente trar\u00e1 mais estabilidade e energia positiva ao mundo.<\/p>\n<p>A CIIE deste ano registrou um n\u00famero recorde de empresas participantes, demonstrando plenamente a vitalidade do supergrande mercado chin\u00eas, afirmou Li.<\/p>\n<p>Observando que alguns atos unilaterais e protecionistas afetaram severamente a ordem econ\u00f4mica e comercial internacional e perturbaram a economia mundial, Li pediu a defesa da igualdade e do benef\u00edcio m\u00fatuo, a consolida\u00e7\u00e3o da base de interesses comuns leg\u00edtimos e a salvaguarda da justi\u00e7a e equidade internacionais.<\/p>\n<p>Li tamb\u00e9m pediu o avan\u00e7o da reforma de governan\u00e7a internacional e a otimiza\u00e7\u00e3o das regras econ\u00f4micas e comerciais internacionais.<\/p>\n<p>A China est\u00e1 disposta a trabalhar com todas as partes para promover a implementa\u00e7\u00e3o da Iniciativa de Governan\u00e7a Global no campo da economia e com\u00e9rcio globais e aperfei\u00e7oar o sistema de com\u00e9rcio multilateral com a Organiza\u00e7\u00e3o Mundial do Com\u00e9rcio no n\u00facleo, disse Li.<\/p>\n<p>O documento de propostas para a formula\u00e7\u00e3o do 15\u00ba Plano Quinquenal, adotado na recente quarta sess\u00e3o plen\u00e1ria do 20\u00ba Comit\u00ea Central do Partido Comunista da China, injetou maior certeza no desenvolvimento econ\u00f4mico e social da China para o per\u00edodo vindouro, disse Li.<\/p>\n<p>A cerim\u00f4nia de abertura contou com cerca de 1.500 participantes, incluindo representantes de governos, do setor empresarial e do meio acad\u00eamico de 155 pa\u00edses e regi\u00f5es, al\u00e9m de organiza\u00e7\u00f5es internacionais.<\/p>\n<p>Em seus discursos na cerim\u00f4nia, l\u00edderes estrangeiros e chefes de organiza\u00e7\u00f5es internacionais enalteceram o papel importante da CIIE na promo\u00e7\u00e3o da abertura e da coopera\u00e7\u00e3o e no impulso ao crescimento econ\u00f4mico global.<\/p>\n<p>Eles manifestaram a disposi\u00e7\u00e3o em aprofundar a coopera\u00e7\u00e3o com a China em com\u00e9rcio, conectividade, inova\u00e7\u00e3o, desenvolvimento verde e outros setores, com o objetivo de salvaguardar o com\u00e9rcio livre e justo e promover conjuntamente o desenvolvimento e a prosperidade.<\/p>\n","protected":false},"excerpt":{"rendered":"<p>O premi\u00ea chin\u00eas, Li Qiang, reafirmou nesta quarta-feira que o pa\u00eds continuar\u00e1 a buscar crescimento de alta qualidade e promover de forma inabal\u00e1vel uma abertura em padr\u00e3o elevado, dando novas contribui\u00e7\u00f5es para a economia mundial. Li fez essas observa\u00e7\u00f5es durante&#8230;<\/p>\n","protected":false},"author":5,"featured_media":0,"comment_status":"open","ping_status":"open","sticky":false,"template":"","format":"standard","meta":{"footnotes":""},"categories":[3],"tags":[],"class_list":["post-9891","post","type-post","status-publish","format-standard","hentry","category-china"],"yoast_head":"<!-- This site is optimized with the Yoast SEO plugin v27.4 - https:\/\/yoast.com\/product\/yoast-seo-wordpress\/ -->\n<title>Li Qiang reafirma compromisso com abertura da China na exposi\u00e7\u00e3o de importa\u00e7\u00e3o - CRI e Diario de Pernambuco<\/title>\n<meta name=\"robots\" content=\"index, follow, max-snippet:-1, max-image-preview:large, max-video-preview:-1\" \/>\n<link rel=\"canonical\" href=\"https:\/\/diariodepe.com.br\/cri\/2025\/11\/07\/li-qiang-reafirma-compromisso-com-abertura-da-china-na-exposicao-de-importacao\/\" \/>\n<meta property=\"og:locale\" content=\"pt_BR\" \/>\n<meta property=\"og:type\" content=\"article\" \/>\n<meta property=\"og:title\" content=\"Li Qiang reafirma compromisso com abertura da China na exposi\u00e7\u00e3o de importa\u00e7\u00e3o - CRI e Diario de Pernambuco\" \/>\n<meta property=\"og:description\" content=\"O premi\u00ea chin\u00eas, Li Qiang, reafirmou nesta quarta-feira que o pa\u00eds continuar\u00e1 a buscar crescimento de alta qualidade e promover de forma inabal\u00e1vel uma abertura em padr\u00e3o elevado, dando novas contribui\u00e7\u00f5es para a economia mundial. Li fez essas observa\u00e7\u00f5es durante...\" \/>\n<meta property=\"og:url\" content=\"https:\/\/diariodepe.com.br\/cri\/2025\/11\/07\/li-qiang-reafirma-compromisso-com-abertura-da-china-na-exposicao-de-importacao\/\" \/>\n<meta property=\"og:site_name\" content=\"CRI e Diario de Pernambuco\" \/>\n<meta property=\"article:published_time\" content=\"2025-11-07T08:04:51+00:00\" \/>\n<meta property=\"og:image\" content=\"https:\/\/38picres.cgtn.com\/photoAlbum\/page\/performance\/img\/2025\/11\/5\/1762350684185_786.jpg\" \/>\n<meta name=\"author\" content=\"CRI Portugu\u00eas\" \/>\n<meta name=\"twitter:card\" content=\"summary_large_image\" \/>\n<meta name=\"twitter:label1\" content=\"Escrito por\" \/>\n\t<meta name=\"twitter:data1\" content=\"CRI Portugu\u00eas\" \/>\n<script type=\"application\/ld+json\" class=\"yoast-schema-graph\">{\"@context\":\"https:\\\/\\\/schema.org\",\"@graph\":[{\"@type\":\"Article\",\"@id\":\"https:\\\/\\\/diariodepe.com.br\\\/cri\\\/2025\\\/11\\\/07\\\/li-qiang-reafirma-compromisso-com-abertura-da-china-na-exposicao-de-importacao\\\/#article\",\"isPartOf\":{\"@id\":\"https:\\\/\\\/diariodepe.com.br\\\/cri\\\/2025\\\/11\\\/07\\\/li-qiang-reafirma-compromisso-com-abertura-da-china-na-exposicao-de-importacao\\\/\"},\"author\":{\"name\":\"CRI Portugu\u00eas\",\"@id\":\"https:\\\/\\\/diariodepe.com.br\\\/cri\\\/#\\\/schema\\\/person\\\/e474aead631cd4098632e11d3fbce118\"},\"headline\":\"Li Qiang reafirma compromisso com abertura da China na exposi\u00e7\u00e3o de importa\u00e7\u00e3o\",\"datePublished\":\"2025-11-07T08:04:51+00:00\",\"mainEntityOfPage\":{\"@id\":\"https:\\\/\\\/diariodepe.com.br\\\/cri\\\/2025\\\/11\\\/07\\\/li-qiang-reafirma-compromisso-com-abertura-da-china-na-exposicao-de-importacao\\\/\"},\"wordCount\":441,\"commentCount\":0,\"publisher\":{\"@id\":\"https:\\\/\\\/diariodepe.com.br\\\/cri\\\/#organization\"},\"image\":{\"@id\":\"https:\\\/\\\/diariodepe.com.br\\\/cri\\\/2025\\\/11\\\/07\\\/li-qiang-reafirma-compromisso-com-abertura-da-china-na-exposicao-de-importacao\\\/#primaryimage\"},\"thumbnailUrl\":\"https:\\\/\\\/38picres.cgtn.com\\\/photoAlbum\\\/page\\\/performance\\\/img\\\/2025\\\/11\\\/5\\\/1762350684185_786.jpg\",\"articleSection\":[\"China\"],\"inLanguage\":\"pt-BR\",\"potentialAction\":[{\"@type\":\"CommentAction\",\"name\":\"Comment\",\"target\":[\"https:\\\/\\\/diariodepe.com.br\\\/cri\\\/2025\\\/11\\\/07\\\/li-qiang-reafirma-compromisso-com-abertura-da-china-na-exposicao-de-importacao\\\/#respond\"]}]},{\"@type\":\"WebPage\",\"@id\":\"https:\\\/\\\/diariodepe.com.br\\\/cri\\\/2025\\\/11\\\/07\\\/li-qiang-reafirma-compromisso-com-abertura-da-china-na-exposicao-de-importacao\\\/\",\"url\":\"https:\\\/\\\/diariodepe.com.br\\\/cri\\\/2025\\\/11\\\/07\\\/li-qiang-reafirma-compromisso-com-abertura-da-china-na-exposicao-de-importacao\\\/\",\"name\":\"Li Qiang reafirma compromisso com abertura da China na exposi\u00e7\u00e3o de importa\u00e7\u00e3o - CRI e Diario de Pernambuco\",\"isPartOf\":{\"@id\":\"https:\\\/\\\/diariodepe.com.br\\\/cri\\\/#website\"},\"primaryImageOfPage\":{\"@id\":\"https:\\\/\\\/diariodepe.com.br\\\/cri\\\/2025\\\/11\\\/07\\\/li-qiang-reafirma-compromisso-com-abertura-da-china-na-exposicao-de-importacao\\\/#primaryimage\"},\"image\":{\"@id\":\"https:\\\/\\\/diariodepe.com.br\\\/cri\\\/2025\\\/11\\\/07\\\/li-qiang-reafirma-compromisso-com-abertura-da-china-na-exposicao-de-importacao\\\/#primaryimage\"},\"thumbnailUrl\":\"https:\\\/\\\/38picres.cgtn.com\\\/photoAlbum\\\/page\\\/performance\\\/img\\\/2025\\\/11\\\/5\\\/1762350684185_786.jpg\",\"datePublished\":\"2025-11-07T08:04:51+00:00\",\"breadcrumb\":{\"@id\":\"https:\\\/\\\/diariodepe.com.br\\\/cri\\\/2025\\\/11\\\/07\\\/li-qiang-reafirma-compromisso-com-abertura-da-china-na-exposicao-de-importacao\\\/#breadcrumb\"},\"inLanguage\":\"pt-BR\",\"potentialAction\":[{\"@type\":\"ReadAction\",\"target\":[\"https:\\\/\\\/diariodepe.com.br\\\/cri\\\/2025\\\/11\\\/07\\\/li-qiang-reafirma-compromisso-com-abertura-da-china-na-exposicao-de-importacao\\\/\"]}]},{\"@type\":\"ImageObject\",\"inLanguage\":\"pt-BR\",\"@id\":\"https:\\\/\\\/diariodepe.com.br\\\/cri\\\/2025\\\/11\\\/07\\\/li-qiang-reafirma-compromisso-com-abertura-da-china-na-exposicao-de-importacao\\\/#primaryimage\",\"url\":\"https:\\\/\\\/38picres.cgtn.com\\\/photoAlbum\\\/page\\\/performance\\\/img\\\/2025\\\/11\\\/5\\\/1762350684185_786.jpg\",\"contentUrl\":\"https:\\\/\\\/38picres.cgtn.com\\\/photoAlbum\\\/page\\\/performance\\\/img\\\/2025\\\/11\\\/5\\\/1762350684185_786.jpg\"},{\"@type\":\"BreadcrumbList\",\"@id\":\"https:\\\/\\\/diariodepe.com.br\\\/cri\\\/2025\\\/11\\\/07\\\/li-qiang-reafirma-compromisso-com-abertura-da-china-na-exposicao-de-importacao\\\/#breadcrumb\",\"itemListElement\":[{\"@type\":\"ListItem\",\"position\":1,\"name\":\"In\u00edcio\",\"item\":\"https:\\\/\\\/diariodepe.com.br\\\/cri\\\/\"},{\"@type\":\"ListItem\",\"position\":2,\"name\":\"Li Qiang reafirma compromisso com abertura da China na exposi\u00e7\u00e3o de importa\u00e7\u00e3o\"}]},{\"@type\":\"WebSite\",\"@id\":\"https:\\\/\\\/diariodepe.com.br\\\/cri\\\/#website\",\"url\":\"https:\\\/\\\/diariodepe.com.br\\\/cri\\\/\",\"name\":\"CRI e Diario de Pernambuco\",\"description\":\"R\u00e1dio Internacional da China\",\"publisher\":{\"@id\":\"https:\\\/\\\/diariodepe.com.br\\\/cri\\\/#organization\"},\"potentialAction\":[{\"@type\":\"SearchAction\",\"target\":{\"@type\":\"EntryPoint\",\"urlTemplate\":\"https:\\\/\\\/diariodepe.com.br\\\/cri\\\/?s={search_term_string}\"},\"query-input\":{\"@type\":\"PropertyValueSpecification\",\"valueRequired\":true,\"valueName\":\"search_term_string\"}}],\"inLanguage\":\"pt-BR\"},{\"@type\":\"Organization\",\"@id\":\"https:\\\/\\\/diariodepe.com.br\\\/cri\\\/#organization\",\"name\":\"CRI e Diario de Pernambuco\",\"url\":\"https:\\\/\\\/diariodepe.com.br\\\/cri\\\/\",\"logo\":{\"@type\":\"ImageObject\",\"inLanguage\":\"pt-BR\",\"@id\":\"https:\\\/\\\/diariodepe.com.br\\\/cri\\\/#\\\/schema\\\/logo\\\/image\\\/\",\"url\":\"https:\\\/\\\/diariodepe.com.br\\\/cri\\\/wp-content\\\/uploads\\\/sites\\\/2\\\/2022\\\/12\\\/cropped-Logo.jpg\",\"contentUrl\":\"https:\\\/\\\/diariodepe.com.br\\\/cri\\\/wp-content\\\/uploads\\\/sites\\\/2\\\/2022\\\/12\\\/cropped-Logo.jpg\",\"width\":700,\"height\":59,\"caption\":\"CRI e Diario de Pernambuco\"},\"image\":{\"@id\":\"https:\\\/\\\/diariodepe.com.br\\\/cri\\\/#\\\/schema\\\/logo\\\/image\\\/\"}},{\"@type\":\"Person\",\"@id\":\"https:\\\/\\\/diariodepe.com.br\\\/cri\\\/#\\\/schema\\\/person\\\/e474aead631cd4098632e11d3fbce118\",\"name\":\"CRI Portugu\u00eas\",\"image\":{\"@type\":\"ImageObject\",\"inLanguage\":\"pt-BR\",\"@id\":\"https:\\\/\\\/secure.gravatar.com\\\/avatar\\\/e2ac889ef882d4dc53091b610766dce49106cf9fe98c76e06745abb0993b2763?s=96&d=mm&r=g\",\"url\":\"https:\\\/\\\/secure.gravatar.com\\\/avatar\\\/e2ac889ef882d4dc53091b610766dce49106cf9fe98c76e06745abb0993b2763?s=96&d=mm&r=g\",\"contentUrl\":\"https:\\\/\\\/secure.gravatar.com\\\/avatar\\\/e2ac889ef882d4dc53091b610766dce49106cf9fe98c76e06745abb0993b2763?s=96&d=mm&r=g\",\"caption\":\"CRI Portugu\u00eas\"},\"sameAs\":[\"https:\\\/\\\/www.diariodepernambuco.com.br\\\/\"],\"url\":\"https:\\\/\\\/diariodepe.com.br\\\/cri\\\/author\\\/agencia-cri\\\/\"}]}<\/script>\n<!-- \/ Yoast SEO plugin. -->","yoast_head_json":{"title":"Li Qiang reafirma compromisso com abertura da China na exposi\u00e7\u00e3o de importa\u00e7\u00e3o - CRI e Diario de Pernambuco","robots":{"index":"index","follow":"follow","max-snippet":"max-snippet:-1","max-image-preview":"max-image-preview:large","max-video-preview":"max-video-preview:-1"},"canonical":"https:\/\/diariodepe.com.br\/cri\/2025\/11\/07\/li-qiang-reafirma-compromisso-com-abertura-da-china-na-exposicao-de-importacao\/","og_locale":"pt_BR","og_type":"article","og_title":"Li Qiang reafirma compromisso com abertura da China na exposi\u00e7\u00e3o de importa\u00e7\u00e3o - CRI e Diario de Pernambuco","og_description":"O premi\u00ea chin\u00eas, Li Qiang, reafirmou nesta quarta-feira que o pa\u00eds continuar\u00e1 a buscar crescimento de alta qualidade e promover de forma inabal\u00e1vel uma abertura em padr\u00e3o elevado, dando novas contribui\u00e7\u00f5es para a economia mundial. Li fez essas observa\u00e7\u00f5es durante...","og_url":"https:\/\/diariodepe.com.br\/cri\/2025\/11\/07\/li-qiang-reafirma-compromisso-com-abertura-da-china-na-exposicao-de-importacao\/","og_site_name":"CRI e Diario de Pernambuco","article_published_time":"2025-11-07T08:04:51+00:00","og_image":[{"url":"https:\/\/38picres.cgtn.com\/photoAlbum\/page\/performance\/img\/2025\/11\/5\/1762350684185_786.jpg","type":"","width":"","height":""}],"author":"CRI Portugu\u00eas","twitter_card":"summary_large_image","twitter_misc":{"Escrito por":"CRI Portugu\u00eas"},"schema":{"@context":"https:\/\/schema.org","@graph":[{"@type":"Article","@id":"https:\/\/diariodepe.com.br\/cri\/2025\/11\/07\/li-qiang-reafirma-compromisso-com-abertura-da-china-na-exposicao-de-importacao\/#article","isPartOf":{"@id":"https:\/\/diariodepe.com.br\/cri\/2025\/11\/07\/li-qiang-reafirma-compromisso-com-abertura-da-china-na-exposicao-de-importacao\/"},"author":{"name":"CRI Portugu\u00eas","@id":"https:\/\/diariodepe.com.br\/cri\/#\/schema\/person\/e474aead631cd4098632e11d3fbce118"},"headline":"Li Qiang reafirma compromisso com abertura da China na exposi\u00e7\u00e3o de importa\u00e7\u00e3o","datePublished":"2025-11-07T08:04:51+00:00","mainEntityOfPage":{"@id":"https:\/\/diariodepe.com.br\/cri\/2025\/11\/07\/li-qiang-reafirma-compromisso-com-abertura-da-china-na-exposicao-de-importacao\/"},"wordCount":441,"commentCount":0,"publisher":{"@id":"https:\/\/diariodepe.com.br\/cri\/#organization"},"image":{"@id":"https:\/\/diariodepe.com.br\/cri\/2025\/11\/07\/li-qiang-reafirma-compromisso-com-abertura-da-china-na-exposicao-de-importacao\/#primaryimage"},"thumbnailUrl":"https:\/\/38picres.cgtn.com\/photoAlbum\/page\/performance\/img\/2025\/11\/5\/1762350684185_786.jpg","articleSection":["China"],"inLanguage":"pt-BR","potentialAction":[{"@type":"CommentAction","name":"Comment","target":["https:\/\/diariodepe.com.br\/cri\/2025\/11\/07\/li-qiang-reafirma-compromisso-com-abertura-da-china-na-exposicao-de-importacao\/#respond"]}]},{"@type":"WebPage","@id":"https:\/\/diariodepe.com.br\/cri\/2025\/11\/07\/li-qiang-reafirma-compromisso-com-abertura-da-china-na-exposicao-de-importacao\/","url":"https:\/\/diariodepe.com.br\/cri\/2025\/11\/07\/li-qiang-reafirma-compromisso-com-abertura-da-china-na-exposicao-de-importacao\/","name":"Li Qiang reafirma compromisso com abertura da China na exposi\u00e7\u00e3o de importa\u00e7\u00e3o - CRI e Diario de Pernambuco","isPartOf":{"@id":"https:\/\/diariodepe.com.br\/cri\/#website"},"primaryImageOfPage":{"@id":"https:\/\/diariodepe.com.br\/cri\/2025\/11\/07\/li-qiang-reafirma-compromisso-com-abertura-da-china-na-exposicao-de-importacao\/#primaryimage"},"image":{"@id":"https:\/\/diariodepe.com.br\/cri\/2025\/11\/07\/li-qiang-reafirma-compromisso-com-abertura-da-china-na-exposicao-de-importacao\/#primaryimage"},"thumbnailUrl":"https:\/\/38picres.cgtn.com\/photoAlbum\/page\/performance\/img\/2025\/11\/5\/1762350684185_786.jpg","datePublished":"2025-11-07T08:04:51+00:00","breadcrumb":{"@id":"https:\/\/diariodepe.com.br\/cri\/2025\/11\/07\/li-qiang-reafirma-compromisso-com-abertura-da-china-na-exposicao-de-importacao\/#breadcrumb"},"inLanguage":"pt-BR","potentialAction":[{"@type":"ReadAction","target":["https:\/\/diariodepe.com.br\/cri\/2025\/11\/07\/li-qiang-reafirma-compromisso-com-abertura-da-china-na-exposicao-de-importacao\/"]}]},{"@type":"ImageObject","inLanguage":"pt-BR","@id":"https:\/\/diariodepe.com.br\/cri\/2025\/11\/07\/li-qiang-reafirma-compromisso-com-abertura-da-china-na-exposicao-de-importacao\/#primaryimage","url":"https:\/\/38picres.cgtn.com\/photoAlbum\/page\/performance\/img\/2025\/11\/5\/1762350684185_786.jpg","contentUrl":"https:\/\/38picres.cgtn.com\/photoAlbum\/page\/performance\/img\/2025\/11\/5\/1762350684185_786.jpg"},{"@type":"BreadcrumbList","@id":"https:\/\/diariodepe.com.br\/cri\/2025\/11\/07\/li-qiang-reafirma-compromisso-com-abertura-da-china-na-exposicao-de-importacao\/#breadcrumb","itemListElement":[{"@type":"ListItem","position":1,"name":"In\u00edcio","item":"https:\/\/diariodepe.com.br\/cri\/"},{"@type":"ListItem","position":2,"name":"Li Qiang reafirma compromisso com abertura da China na exposi\u00e7\u00e3o de importa\u00e7\u00e3o"}]},{"@type":"WebSite","@id":"https:\/\/diariodepe.com.br\/cri\/#website","url":"https:\/\/diariodepe.com.br\/cri\/","name":"CRI e Diario de Pernambuco","description":"R\u00e1dio Internacional da China","publisher":{"@id":"https:\/\/diariodepe.com.br\/cri\/#organization"},"potentialAction":[{"@type":"SearchAction","target":{"@type":"EntryPoint","urlTemplate":"https:\/\/diariodepe.com.br\/cri\/?s={search_term_string}"},"query-input":{"@type":"PropertyValueSpecification","valueRequired":true,"valueName":"search_term_string"}}],"inLanguage":"pt-BR"},{"@type":"Organization","@id":"https:\/\/diariodepe.com.br\/cri\/#organization","name":"CRI e Diario de Pernambuco","url":"https:\/\/diariodepe.com.br\/cri\/","logo":{"@type":"ImageObject","inLanguage":"pt-BR","@id":"https:\/\/diariodepe.com.br\/cri\/#\/schema\/logo\/image\/","url":"https:\/\/diariodepe.com.br\/cri\/wp-content\/uploads\/sites\/2\/2022\/12\/cropped-Logo.jpg","contentUrl":"https:\/\/diariodepe.com.br\/cri\/wp-content\/uploads\/sites\/2\/2022\/12\/cropped-Logo.jpg","width":700,"height":59,"caption":"CRI e Diario de Pernambuco"},"image":{"@id":"https:\/\/diariodepe.com.br\/cri\/#\/schema\/logo\/image\/"}},{"@type":"Person","@id":"https:\/\/diariodepe.com.br\/cri\/#\/schema\/person\/e474aead631cd4098632e11d3fbce118","name":"CRI Portugu\u00eas","image":{"@type":"ImageObject","inLanguage":"pt-BR","@id":"https:\/\/secure.gravatar.com\/avatar\/e2ac889ef882d4dc53091b610766dce49106cf9fe98c76e06745abb0993b2763?s=96&d=mm&r=g","url":"https:\/\/secure.gravatar.com\/avatar\/e2ac889ef882d4dc53091b610766dce49106cf9fe98c76e06745abb0993b2763?s=96&d=mm&r=g","contentUrl":"https:\/\/secure.gravatar.com\/avatar\/e2ac889ef882d4dc53091b610766dce49106cf9fe98c76e06745abb0993b2763?s=96&d=mm&r=g","caption":"CRI Portugu\u00eas"},"sameAs":["https:\/\/www.diariodepernambuco.com.br\/"],"url":"https:\/\/diariodepe.com.br\/cri\/author\/agencia-cri\/"}]}},"cc_featured_image_caption":{"caption_text":"","source_text":"","source_url":""},"amp_enabled":true,"_links":{"self":[{"href":"https:\/\/diariodepe.com.br\/cri\/wp-json\/wp\/v2\/posts\/9891","targetHints":{"allow":["GET"]}}],"collection":[{"href":"https:\/\/diariodepe.com.br\/cri\/wp-json\/wp\/v2\/posts"}],"about":[{"href":"https:\/\/diariodepe.com.br\/cri\/wp-json\/wp\/v2\/types\/post"}],"author":[{"embeddable":true,"href":"https:\/\/diariodepe.com.br\/cri\/wp-json\/wp\/v2\/users\/5"}],"replies":[{"embeddable":true,"href":"https:\/\/diariodepe.com.br\/cri\/wp-json\/wp\/v2\/comments?post=9891"}],"version-history":[{"count":1,"href":"https:\/\/diariodepe.com.br\/cri\/wp-json\/wp\/v2\/posts\/9891\/revisions"}],"predecessor-version":[{"id":9892,"href":"https:\/\/diariodepe.com.br\/cri\/wp-json\/wp\/v2\/posts\/9891\/revisions\/9892"}],"wp:attachment":[{"href":"https:\/\/diariodepe.com.br\/cri\/wp-json\/wp\/v2\/media?parent=9891"}],"wp:term":[{"taxonomy":"category","embeddable":true,"href":"https:\/\/diariodepe.com.br\/cri\/wp-json\/wp\/v2\/categories?post=9891"},{"taxonomy":"post_tag","embeddable":true,"href":"https:\/\/diariodepe.com.br\/cri\/wp-json\/wp\/v2\/tags?post=9891"}],"curies":[{"name":"wp","href":"https:\/\/api.w.org\/{rel}","templated":true}]}}