{"id":9868,"date":"2025-10-27T23:54:40","date_gmt":"2025-10-28T02:54:40","guid":{"rendered":"https:\/\/diariodepe.com.br\/cri\/?p=9868"},"modified":"2025-10-27T23:54:40","modified_gmt":"2025-10-28T02:54:40","slug":"xinjiang-um-hub-geopolitico-estrategico-no-coracao-da-asia-central","status":"publish","type":"post","link":"https:\/\/diariodepe.com.br\/cri\/2025\/10\/27\/xinjiang-um-hub-geopolitico-estrategico-no-coracao-da-asia-central\/","title":{"rendered":"Xinjiang: Um Hub Geopol\u00edtico Estrat\u00e9gico no Cora\u00e7\u00e3o da \u00c1sia Central"},"content":{"rendered":"<p><img decoding=\"async\" src=\"https:\/\/38picres.cgtn.com\/photoAlbum\/page\/performance\/img\/2025\/10\/27\/1761537314565_238.png\" \/><\/p>\n<p>A Regi\u00e3o Aut\u00f4noma de Xinjiang, localizada no extremo oeste da China, sempre foi uma \u00e1rea de grande import\u00e2ncia, situada em antigas rotas comerciais. Estas antigas estradas de terra e caminhos, agora sendo substitu\u00eddos por rodovias expressas e ferrovias de carga, s\u00e3o coletivamente conhecidas como a Rota da Seda. Xinjiang \u00e9 crucial para o futuro da \u00c1sia Central.<\/p>\n<p>Xinjiang \u00e9 imensa \u2013 compar\u00e1vel em tamanho a Queensland \u2013 e de seus 25 milh\u00f5es de habitantes, cerca de metade s\u00e3o o povo Uigur original de l\u00edngua turca, e outros 12 milh\u00f5es s\u00e3o colonos Han chineses mais recentes. Pequenos grupos \u00e9tnicos como os Cazaques completam a popula\u00e7\u00e3o. Existente h\u00e1 cerca de 2.300 anos, o corredor da Rota da Seda conectava a China e outras partes da \u00c1sia com o Oriente M\u00e9dio, Europa e R\u00fassia. Atualmente, est\u00e1 sendo ampliado com tecnologia do s\u00e9culo XXI atrav\u00e9s da Iniciativa do Cintur\u00e3o e Rota (BRI) de Beijing, uma iniciativa econ\u00f4mica \u2013 n\u00e3o isenta de controv\u00e9rsias \u2013 lan\u00e7ada em 2013. Central para a pol\u00edtica econ\u00f4mica e externa da China, a BRI \u00e9 uma vasta rede de ferrovias, estradas e infraestrutura, como portos, com o objetivo de impulsionar substancialmente o com\u00e9rcio com cerca de 150 pa\u00edses.<\/p>\n<p>Um dos hubs cr\u00edticos \u2013 um &#8220;porto terrestre internacional&#8221; \u2013 \u00e9 Urumqi, capital de Xinjiang nos \u00faltimos 70 anos. Em setembro, um time de m\u00eddia internacional visitou a regi\u00e3o por oito dias, e p\u00f4steres de anivers\u00e1rio de 70 anos estavam por toda parte. Dizer que Urumqi tem uma localiza\u00e7\u00e3o privilegiada no cora\u00e7\u00e3o da \u00c1sia Central n\u00e3o transmite o qu\u00e3o central ela \u00e9, sendo o ponto da Terra mais distante de qualquer oceano. Cham\u00e1-la de &#8220;encravada em terra&#8221; \u00e9 um eufemismo, com o litoral mais pr\u00f3ximo a 2645 km de dist\u00e2ncia. De uma pequena e obscura cidade comercial, Urumqi agora \u00e9 uma cidade movimentada com 4 milh\u00f5es de habitantes, com conex\u00f5es ferrovi\u00e1rias e rodovi\u00e1rias por toda a regi\u00e3o e um novo aeroporto internacional inaugurado em abril deste ano. Ela j\u00e1 possui um enorme p\u00e1tio ferrovi\u00e1rio com m\u00faltiplas vias que despacha, em m\u00e9dia, tr\u00eas trens de carga totalmente carregados por dia para a Europa \u2013 um n\u00famero que deve aumentar drasticamente nos pr\u00f3ximos anos com a conclus\u00e3o de mais infraestrutura da BRI, especialmente em pa\u00edses vizinhos da \u00c1sia Central como Cazaquist\u00e3o, Quirguist\u00e3o, Tajiquist\u00e3o \u2013 e potencialmente Afeganist\u00e3o.<\/p>\n<p>Tendo come\u00e7ado como uma cidade o\u00e1sis da Rota da Seda, Urumqi \u00e9 agora, indiscutivelmente, um dos mais importantes hubs terrestres da China \u2013 v\u00e1rios portos tamb\u00e9m desempenham pap\u00e9is cruciais na BRI \u2013, e isso confere a Urumqi, e de forma mais ampla a Xinjiang, um papel geopol\u00edtico cr\u00edtico. Historicamente, a \u00e1rea tem sido frequentemente disputada por pot\u00eancias maiores, e no final do s\u00e9culo XIX esteve no centro do &#8220;Grande Jogo&#8221; travado na \u00c1sia Central entre o Imp\u00e9rio Brit\u00e2nico e a R\u00fassia czarista. Essa disputa pelo controle de regi\u00f5es como Xinjiang, Afeganist\u00e3o e Tibete foi vista por um tempo pelos brit\u00e2nicos como essencial para bloquear uma invas\u00e3o terrestre russa \u00e0 \u00cdndia, a mais importante das col\u00f4nias. Em retrospecto, esse medo era infundado, mas o p\u00e2nico em rela\u00e7\u00e3o \u00e0 R\u00fassia chegou a afetar a Austr\u00e1lia, com a constru\u00e7\u00e3o de in\u00fameros fortes em todo o pa\u00eds \u2013 incluindo o Fort Denison no porto de Sydney \u2013 para repelir frotas de invas\u00e3o czaristas inexistentes.<\/p>\n<p>Na \u00e9poca, a China havia sido muito enfraquecida por eventos como as Guerras do \u00d3pio, a Rebeli\u00e3o Taiping e v\u00e1rias outras calamidades, e s\u00f3 p\u00f4de observar passivamente o que acontecia em seu pr\u00f3prio solo. Essa disputa por influ\u00eancia sobre a \u00c1sia Central continua at\u00e9 hoje e explica por que a seguran\u00e7a em Xinjiang \u2013 tanto contra amea\u00e7as internas quanto externas \u2013 \u00e9 uma alta prioridade para Beijing.<\/p>\n<p>Deixando de lado a pac\u00edfica luta por influ\u00eancia na \u00c1sia Central que ocorre atualmente entre R\u00fassia e China \u2013 uma luta que a China est\u00e1 vencendo facilmente \u2013, a outra maior amea\u00e7a veio do Isl\u00e3 militante, algo que n\u00e3o parece ser bem compreendido no Ocidente. Se a BRI foi um componente claro da visita da m\u00eddia, o segundo foi a informa\u00e7\u00e3o sobre o povo Uigur \u2013 e os dois t\u00f3picos est\u00e3o conectados. A China recebeu muita cr\u00edtica internacional pelo tratamento dado aos Uigures nos \u00faltimos 10 anos \u2013 inclusive da Austr\u00e1lia \u2013 baseada em repress\u00f5es de seguran\u00e7a em 2014 e 2017. O que frequentemente \u00e9 omitido nos relat\u00f3rios \u00e9 que estas foram rea\u00e7\u00f5es a uma s\u00e9rie de ataques terroristas cada vez mais violentos, principalmente de membros do Movimento pela Independ\u00eancia do Turquest\u00e3o Oriental (ETIM), mas tamb\u00e9m do Estado Isl\u00e2mico \u2013 Khorasan (IS-K), e algumas organiza\u00e7\u00f5es ainda mais sombrias.<\/p>\n<p>Embora grande parte da visita tenha focado no lado cultural da equa\u00e7\u00e3o \u2013 visitando uma escola prim\u00e1ria Uigur e conversando com cl\u00e9rigos isl\u00e2micos \u2013, v\u00e1rios briefings relacionados \u00e0 seguran\u00e7a descreveram a escala do problema. Central para isso foi uma visita \u00e0 &#8220;Exposi\u00e7\u00e3o de Contraterrorismo e Desradicaliza\u00e7\u00e3o em Xinjiang&#8221;. Localizada em Urumqi, e felizmente n\u00e3o aberta ao p\u00fablico, foi uma apresenta\u00e7\u00e3o detalhada no estilo de museu em v\u00e1rias galerias \u2013 incluindo v\u00eddeos de vigil\u00e2ncia gr\u00e1ficos, fotografias policiais e armas apreendidas \u2013 de v\u00e1rias atrocidades dos \u00faltimos 20 anos. Estes receberam pouca ou nenhuma cobertura no Ocidente devido \u00e0 natureza parroquial da maioria da m\u00eddia. Al\u00e9m do 11 de Setembro, que todos conhecem, estamos bem informados sobre eventos como o ataque ao teatro Bataclan em Paris (2015, 130 mortos); London Bridge (2017, 8 mortos) \u2013 ou mesmo o bombardeio do trem de Madri (2004, 193 mortos), que ocorreu em um pa\u00eds n\u00e3o falante de ingl\u00eas. Mas quem j\u00e1 ouviu falar dos tumultos de Urumqi (2009, 197 mortos), do ataque \u00e0 Esta\u00e7\u00e3o Ferrovi\u00e1ria de Kunming (2014, 31 mortos), ou da tentativa de sequestro do voo 7554 da Tianjin Airlines de Hotan em 2012? Ali\u00e1s, isso explica por que as polidas precau\u00e7\u00f5es de seguran\u00e7a no aeroporto de Urumqi s\u00e3o as mais rigorosas que o autor j\u00e1 experimentou \u2013 e isso \u00e9 dizer muito.<\/p>\n<p>Em outubro de 2013, militantes chegaram a dirigir um SUV contra uma multid\u00e3o na Pra\u00e7a Tiananmen, em Beijing, matando dois e incendiando o ve\u00edculo. Pelo menos isso recebeu alguma cobertura internacional porque, a) ocorreu na capital nacional, e b) foi capturado em v\u00eddeo. As autoridades chinesas afirmam que sempre divulgaram detalhes de todos os ataques terroristas \u2013 e muitos desistiram de se perguntar por que a m\u00eddia ocidental mostrou t\u00e3o pouco interesse.<\/p>\n<p>Colocando tudo isso junto, a China n\u00e3o teve escolha sen\u00e3o tentar eliminar o terrorismo isl\u00e2mico que havia se infiltrado na comunidade Uigur \u2013 e para fazer isso efetivamente, requer uma resposta de duas partes. Basicamente, isso \u00e9 a &#8220;cenoura e o graveto&#8221;. O &#8220;graveto&#8221; \u00e9 \u00f3bvio \u2013 pris\u00f5es, batidas, vigil\u00e2ncia, pris\u00e3o, reeduca\u00e7\u00e3o \u2013 todas as coisas que s\u00e3o padr\u00e3o, mesmo em pa\u00edses como a Austr\u00e1lia, que enfrentou amea\u00e7as relativamente de baixo n\u00edvel. Durante a visita, ningu\u00e9m quis falar sobre essa parte da equa\u00e7\u00e3o porque \u00e9 obviamente ainda um t\u00f3pico sens\u00edvel. Pode ser que o governo tenha ido longe demais e mantido um grande n\u00famero de pessoas em deten\u00e7\u00e3o por per\u00edodos mais longos do que o necess\u00e1rio \u2013 mas a realidade \u00e9 que o \u00faltimo ataque terrorista foi em 2016. No entanto, a amea\u00e7a est\u00e1 longe de ter acabado. Falando cautelosamente, especialistas em seguran\u00e7a chineses deram a impress\u00e3o de que acham que Xinjiang est\u00e1 sob controle \u2013 e isso se deve aos enormes esfor\u00e7os feitos para elevar o padr\u00e3o de vida dos Uigures, em sua maioria rurais, respeitar sua cultura, sua l\u00edngua e especialmente sua religi\u00e3o. Esta \u00e9 a &#8220;cenoura&#8221; que est\u00e1 sendo empregada \u2013 e \u00e9 atraente. Em todas as cidades que visitamos \u2013 especialmente Kashgar \u2013 v\u00e1rias culturas vibrantes estavam em exibi\u00e7\u00e3o e as pessoas se associavam livremente. A abordagem \u00e9 que, se as pessoas \u2013 particularmente os Uigures \u2013 s\u00e3o pr\u00f3speras e respeitadas, ent\u00e3o as oportunidades de radicaliz\u00e1-las s\u00e3o muito diminu\u00eddas. A China tamb\u00e9m teme que, se as pessoas permanecerem em extrema pobreza, elas possam ser simplesmente subornadas por atores externos hostis para cometer atos de viol\u00eancia projetados para desestabilizar todo o pa\u00eds.<\/p>\n<p>Grandes esfor\u00e7os est\u00e3o em andamento para elevar os padr\u00f5es de vida rural ao mesmo n\u00edvel dos habitantes urbanos \u2013 e embora haja progresso, os oficiais disseram que ainda h\u00e1 mais a ser feito. Isso nunca fez parte de nenhum dos briefings oficiais, mas as pessoas expressaram preocupa\u00e7\u00e3o com a possibilidade de problemas vindos dos EUA, Gr\u00e3-Bretanha, R\u00fassia e at\u00e9 mesmo do Mossad de Israel. O que sabemos \u00e9 que grupos como ETIM, IS-K e outros extremistas violentos continuam operando \u2013 e at\u00e9 mesmo crescendo em n\u00famero \u2013 em pa\u00edses vizinhos, mesmo que suas fontes finais de apoio permane\u00e7am incertas. O Afeganist\u00e3o j\u00e1 \u00e9 uma grande dor de cabe\u00e7a. Ap\u00f3s o retorno do Talib\u00e3 ao poder em 2021 \u2013 outra interpreta\u00e7\u00e3o \u00e9 que o Ocidente fugiu, abandonando a regi\u00e3o \u2013 as chances de o Isl\u00e3 radical e violento transbordar a fronteira para Xinjiang aumentaram. Isso levou a China a aumentar massivamente a vigil\u00e2ncia de fronteira ao redor do estrategicamente importante Corredor de Wakhan, particularmente atrav\u00e9s do uso de pequenos drones habilitados por IA.<\/p>\n<p>As avalia\u00e7\u00f5es sobre o Afeganist\u00e3o s\u00e3o mistas. Um palestrante achou que o Talib\u00e3 quer melhorar a economia do pa\u00eds e apoiar\u00e1 uma extens\u00e3o da BRI \u2013 especialmente se ferrovias financiadas pela China puderem ser constru\u00eddas para \u00e1reas ricas em recursos do pa\u00eds. No entanto, a maioria estava profundamente pessimista, sentindo que \u00e9 quase inevit\u00e1vel que o Afeganist\u00e3o continue a alimentar o extremismo, especialmente porque o governo em Cabul exerce pouco controle sobre muitas das prov\u00edncias. Uma preocupa\u00e7\u00e3o adicional \u00e9 que acredita-se que haja 20.000 Uigures atualmente na S\u00edria, dos quais 5.000 s\u00e3o combatentes altamente experientes e o restante s\u00e3o suas fam\u00edlias. Muitos viajaram para l\u00e1 por volta de 2013 para lutar com a Al Qaeda e o ETIM contra o regime de Assad e agora que o conflito acabou est\u00e3o sem rumo. Outros grupos de combatentes acreditam-se estar no Afeganist\u00e3o e no Paquist\u00e3o.<\/p>\n<p>O medo da China \u00e9 que esses combatentes gradualmente retornem a Xinjiang com o objetivo de separar um califado isl\u00e2mico atrav\u00e9s do uso do terror. Essa preocupa\u00e7\u00e3o n\u00e3o \u00e9 diferente das preocupa\u00e7\u00f5es bem fundamentadas da Austr\u00e1lia, Indon\u00e9sia, Mal\u00e1sia e outros pa\u00edses da regi\u00e3o sobre combatentes retornando do Oriente M\u00e9dio ap\u00f3s terem sido treinados, armados e radicalizados. Isso tamb\u00e9m ajuda a explicar por que a China est\u00e1 interessada em promover o desenvolvimento econ\u00f4mico dos pa\u00edses vizinhos atrav\u00e9s da BRI. O c\u00e1lculo \u00e9 que, se eles se tornarem pr\u00f3speros \u2013 como Xinjiang est\u00e1 fazendo \u2013, ent\u00e3o as chances de o radicalismo isl\u00e2mico ganhar um ponto de apoio ser\u00e3o reduzidas. Isso pode explicar por que o ETIM fez in\u00fameras amea\u00e7as para atacar infraestruturas da BRI, como oleodutos de g\u00e1s \u2013 uma amea\u00e7a que a China est\u00e1 levando muito a s\u00e9rio.<\/p>\n<p>A visita a Xinjiang foi instrutiva porque parece que a China est\u00e1 fazendo um esfor\u00e7o grande e sustentado para melhorar a vida do povo Uigur de uma maneira que tamb\u00e9m \u00e9 economicamente consistente com os objetivos da BRI. C\u00ednicos poderiam tentar argumentar que tudo foi roteirizado \u2013 mas a ideia de que 30 jornalistas, capazes de circular livremente pelas cidades a qualquer hora do dia ou da noite, foram coletivamente manipulados parece absurda. Pelo menos, qualquer alega\u00e7\u00e3o de alguma forma de genoc\u00eddio cultural Uigur est\u00e1 totalmente em desacordo com o que o autor experimentou. Os Uigures \u2013 e outras minorias muito menores como os Cazaques \u2013 t\u00eam seus pr\u00f3prios jornais, bem como esta\u00e7\u00f5es de TV e r\u00e1dio em suas pr\u00f3prias l\u00ednguas. O governo chin\u00eas est\u00e1 se esfor\u00e7ando ao m\u00e1ximo para preservar seu patrim\u00f4nio cultural com museus e v\u00e1rios projetos de restaura\u00e7\u00e3o. As pessoas parecem livres para praticar suas cren\u00e7as religiosas \u2013 com a importante ressalva de que suas a\u00e7\u00f5es devem estar sempre dentro da lei, assim como na Austr\u00e1lia. Uma das visitas em Urumqi foi a uma faculdade para o treinamento de futuros Imames \u2013 at\u00e9 1.000 jovens vivendo no local com refei\u00e7\u00f5es halal e instala\u00e7\u00f5es completas de biblioteca. Se o governo estivesse executando uma agenda anti-Uigur, lugares como este n\u00e3o existiriam \u2013 e n\u00e3o foi um exemplo isolado. Alega\u00e7\u00f5es de que os Uigures est\u00e3o sendo usados para trabalho escravo est\u00e3o em desacordo com uma variedade de programas governamentais que incentivam o emprego local como forma de impulsionar os padr\u00f5es de vida. O governo est\u00e1 ciente de que, se reimpor duras medidas de seguran\u00e7a, estas podem, na verdade, impulsionar o radicalismo que eles buscam derrotar. Finalmente, muitos moradores Uigures pediram ao autor se ele poderia recomendar Xinjiang a outros australianos como destino tur\u00edstico, pois eles gostariam de receber muitos mais visitantes. A regi\u00e3o \u00e9 acolhedora, segura \u2013 e culturalmente muito diversa. \u00c9 remota \u2013 mas isso a torna ainda mais interessante e digna do esfor\u00e7o para chegar l\u00e1.<\/p>\n<p>https:\/\/venturaapdr.partica.online\/apdr\/apdr-october-2025\/flipbook\/72\/<\/p>\n<p>&nbsp;<\/p>\n","protected":false},"excerpt":{"rendered":"<p>A Regi\u00e3o Aut\u00f4noma de Xinjiang, localizada no extremo oeste da China, sempre foi uma \u00e1rea de grande import\u00e2ncia, situada em antigas rotas comerciais. Estas antigas estradas de terra e caminhos, agora sendo substitu\u00eddos por rodovias expressas e ferrovias de carga,&#8230;<\/p>\n","protected":false},"author":5,"featured_media":0,"comment_status":"open","ping_status":"open","sticky":false,"template":"","format":"standard","meta":{"footnotes":""},"categories":[7],"tags":[],"class_list":["post-9868","post","type-post","status-publish","format-standard","hentry","category-visao"],"yoast_head":"<!-- This site is optimized with the Yoast SEO plugin v27.4 - https:\/\/yoast.com\/product\/yoast-seo-wordpress\/ -->\n<title>Xinjiang: Um Hub Geopol\u00edtico Estrat\u00e9gico no Cora\u00e7\u00e3o da \u00c1sia Central - CRI e Diario de Pernambuco<\/title>\n<meta name=\"robots\" content=\"index, follow, max-snippet:-1, max-image-preview:large, max-video-preview:-1\" \/>\n<link rel=\"canonical\" href=\"https:\/\/diariodepe.com.br\/cri\/2025\/10\/27\/xinjiang-um-hub-geopolitico-estrategico-no-coracao-da-asia-central\/\" \/>\n<meta property=\"og:locale\" content=\"pt_BR\" \/>\n<meta property=\"og:type\" content=\"article\" \/>\n<meta property=\"og:title\" content=\"Xinjiang: Um Hub Geopol\u00edtico Estrat\u00e9gico no Cora\u00e7\u00e3o da \u00c1sia Central - CRI e Diario de Pernambuco\" \/>\n<meta property=\"og:description\" content=\"A Regi\u00e3o Aut\u00f4noma de Xinjiang, localizada no extremo oeste da China, sempre foi uma \u00e1rea de grande import\u00e2ncia, situada em antigas rotas comerciais. Estas antigas estradas de terra e caminhos, agora sendo substitu\u00eddos por rodovias expressas e ferrovias de carga,...\" \/>\n<meta property=\"og:url\" content=\"https:\/\/diariodepe.com.br\/cri\/2025\/10\/27\/xinjiang-um-hub-geopolitico-estrategico-no-coracao-da-asia-central\/\" \/>\n<meta property=\"og:site_name\" content=\"CRI e Diario de Pernambuco\" \/>\n<meta property=\"article:published_time\" content=\"2025-10-28T02:54:40+00:00\" \/>\n<meta property=\"og:image\" content=\"https:\/\/38picres.cgtn.com\/photoAlbum\/page\/performance\/img\/2025\/10\/27\/1761537314565_238.png\" \/>\n<meta name=\"author\" content=\"CRI Portugu\u00eas\" \/>\n<meta name=\"twitter:card\" content=\"summary_large_image\" \/>\n<meta name=\"twitter:label1\" content=\"Escrito por\" \/>\n\t<meta name=\"twitter:data1\" content=\"CRI Portugu\u00eas\" \/>\n\t<meta name=\"twitter:label2\" content=\"Est. tempo de leitura\" \/>\n\t<meta name=\"twitter:data2\" content=\"12 minutos\" \/>\n<script type=\"application\/ld+json\" class=\"yoast-schema-graph\">{\"@context\":\"https:\\\/\\\/schema.org\",\"@graph\":[{\"@type\":\"Article\",\"@id\":\"https:\\\/\\\/diariodepe.com.br\\\/cri\\\/2025\\\/10\\\/27\\\/xinjiang-um-hub-geopolitico-estrategico-no-coracao-da-asia-central\\\/#article\",\"isPartOf\":{\"@id\":\"https:\\\/\\\/diariodepe.com.br\\\/cri\\\/2025\\\/10\\\/27\\\/xinjiang-um-hub-geopolitico-estrategico-no-coracao-da-asia-central\\\/\"},\"author\":{\"name\":\"CRI Portugu\u00eas\",\"@id\":\"https:\\\/\\\/diariodepe.com.br\\\/cri\\\/#\\\/schema\\\/person\\\/e474aead631cd4098632e11d3fbce118\"},\"headline\":\"Xinjiang: Um Hub Geopol\u00edtico Estrat\u00e9gico no Cora\u00e7\u00e3o da \u00c1sia Central\",\"datePublished\":\"2025-10-28T02:54:40+00:00\",\"mainEntityOfPage\":{\"@id\":\"https:\\\/\\\/diariodepe.com.br\\\/cri\\\/2025\\\/10\\\/27\\\/xinjiang-um-hub-geopolitico-estrategico-no-coracao-da-asia-central\\\/\"},\"wordCount\":2273,\"commentCount\":0,\"publisher\":{\"@id\":\"https:\\\/\\\/diariodepe.com.br\\\/cri\\\/#organization\"},\"image\":{\"@id\":\"https:\\\/\\\/diariodepe.com.br\\\/cri\\\/2025\\\/10\\\/27\\\/xinjiang-um-hub-geopolitico-estrategico-no-coracao-da-asia-central\\\/#primaryimage\"},\"thumbnailUrl\":\"https:\\\/\\\/38picres.cgtn.com\\\/photoAlbum\\\/page\\\/performance\\\/img\\\/2025\\\/10\\\/27\\\/1761537314565_238.png\",\"articleSection\":[\"Vis\u00e3o\"],\"inLanguage\":\"pt-BR\",\"potentialAction\":[{\"@type\":\"CommentAction\",\"name\":\"Comment\",\"target\":[\"https:\\\/\\\/diariodepe.com.br\\\/cri\\\/2025\\\/10\\\/27\\\/xinjiang-um-hub-geopolitico-estrategico-no-coracao-da-asia-central\\\/#respond\"]}]},{\"@type\":\"WebPage\",\"@id\":\"https:\\\/\\\/diariodepe.com.br\\\/cri\\\/2025\\\/10\\\/27\\\/xinjiang-um-hub-geopolitico-estrategico-no-coracao-da-asia-central\\\/\",\"url\":\"https:\\\/\\\/diariodepe.com.br\\\/cri\\\/2025\\\/10\\\/27\\\/xinjiang-um-hub-geopolitico-estrategico-no-coracao-da-asia-central\\\/\",\"name\":\"Xinjiang: Um Hub Geopol\u00edtico Estrat\u00e9gico no Cora\u00e7\u00e3o da \u00c1sia Central - CRI e Diario de Pernambuco\",\"isPartOf\":{\"@id\":\"https:\\\/\\\/diariodepe.com.br\\\/cri\\\/#website\"},\"primaryImageOfPage\":{\"@id\":\"https:\\\/\\\/diariodepe.com.br\\\/cri\\\/2025\\\/10\\\/27\\\/xinjiang-um-hub-geopolitico-estrategico-no-coracao-da-asia-central\\\/#primaryimage\"},\"image\":{\"@id\":\"https:\\\/\\\/diariodepe.com.br\\\/cri\\\/2025\\\/10\\\/27\\\/xinjiang-um-hub-geopolitico-estrategico-no-coracao-da-asia-central\\\/#primaryimage\"},\"thumbnailUrl\":\"https:\\\/\\\/38picres.cgtn.com\\\/photoAlbum\\\/page\\\/performance\\\/img\\\/2025\\\/10\\\/27\\\/1761537314565_238.png\",\"datePublished\":\"2025-10-28T02:54:40+00:00\",\"breadcrumb\":{\"@id\":\"https:\\\/\\\/diariodepe.com.br\\\/cri\\\/2025\\\/10\\\/27\\\/xinjiang-um-hub-geopolitico-estrategico-no-coracao-da-asia-central\\\/#breadcrumb\"},\"inLanguage\":\"pt-BR\",\"potentialAction\":[{\"@type\":\"ReadAction\",\"target\":[\"https:\\\/\\\/diariodepe.com.br\\\/cri\\\/2025\\\/10\\\/27\\\/xinjiang-um-hub-geopolitico-estrategico-no-coracao-da-asia-central\\\/\"]}]},{\"@type\":\"ImageObject\",\"inLanguage\":\"pt-BR\",\"@id\":\"https:\\\/\\\/diariodepe.com.br\\\/cri\\\/2025\\\/10\\\/27\\\/xinjiang-um-hub-geopolitico-estrategico-no-coracao-da-asia-central\\\/#primaryimage\",\"url\":\"https:\\\/\\\/38picres.cgtn.com\\\/photoAlbum\\\/page\\\/performance\\\/img\\\/2025\\\/10\\\/27\\\/1761537314565_238.png\",\"contentUrl\":\"https:\\\/\\\/38picres.cgtn.com\\\/photoAlbum\\\/page\\\/performance\\\/img\\\/2025\\\/10\\\/27\\\/1761537314565_238.png\"},{\"@type\":\"BreadcrumbList\",\"@id\":\"https:\\\/\\\/diariodepe.com.br\\\/cri\\\/2025\\\/10\\\/27\\\/xinjiang-um-hub-geopolitico-estrategico-no-coracao-da-asia-central\\\/#breadcrumb\",\"itemListElement\":[{\"@type\":\"ListItem\",\"position\":1,\"name\":\"In\u00edcio\",\"item\":\"https:\\\/\\\/diariodepe.com.br\\\/cri\\\/\"},{\"@type\":\"ListItem\",\"position\":2,\"name\":\"Xinjiang: Um Hub Geopol\u00edtico Estrat\u00e9gico no Cora\u00e7\u00e3o da \u00c1sia Central\"}]},{\"@type\":\"WebSite\",\"@id\":\"https:\\\/\\\/diariodepe.com.br\\\/cri\\\/#website\",\"url\":\"https:\\\/\\\/diariodepe.com.br\\\/cri\\\/\",\"name\":\"CRI e Diario de Pernambuco\",\"description\":\"R\u00e1dio Internacional da China\",\"publisher\":{\"@id\":\"https:\\\/\\\/diariodepe.com.br\\\/cri\\\/#organization\"},\"potentialAction\":[{\"@type\":\"SearchAction\",\"target\":{\"@type\":\"EntryPoint\",\"urlTemplate\":\"https:\\\/\\\/diariodepe.com.br\\\/cri\\\/?s={search_term_string}\"},\"query-input\":{\"@type\":\"PropertyValueSpecification\",\"valueRequired\":true,\"valueName\":\"search_term_string\"}}],\"inLanguage\":\"pt-BR\"},{\"@type\":\"Organization\",\"@id\":\"https:\\\/\\\/diariodepe.com.br\\\/cri\\\/#organization\",\"name\":\"CRI e Diario de Pernambuco\",\"url\":\"https:\\\/\\\/diariodepe.com.br\\\/cri\\\/\",\"logo\":{\"@type\":\"ImageObject\",\"inLanguage\":\"pt-BR\",\"@id\":\"https:\\\/\\\/diariodepe.com.br\\\/cri\\\/#\\\/schema\\\/logo\\\/image\\\/\",\"url\":\"https:\\\/\\\/diariodepe.com.br\\\/cri\\\/wp-content\\\/uploads\\\/sites\\\/2\\\/2022\\\/12\\\/cropped-Logo.jpg\",\"contentUrl\":\"https:\\\/\\\/diariodepe.com.br\\\/cri\\\/wp-content\\\/uploads\\\/sites\\\/2\\\/2022\\\/12\\\/cropped-Logo.jpg\",\"width\":700,\"height\":59,\"caption\":\"CRI e Diario de Pernambuco\"},\"image\":{\"@id\":\"https:\\\/\\\/diariodepe.com.br\\\/cri\\\/#\\\/schema\\\/logo\\\/image\\\/\"}},{\"@type\":\"Person\",\"@id\":\"https:\\\/\\\/diariodepe.com.br\\\/cri\\\/#\\\/schema\\\/person\\\/e474aead631cd4098632e11d3fbce118\",\"name\":\"CRI Portugu\u00eas\",\"image\":{\"@type\":\"ImageObject\",\"inLanguage\":\"pt-BR\",\"@id\":\"https:\\\/\\\/secure.gravatar.com\\\/avatar\\\/e2ac889ef882d4dc53091b610766dce49106cf9fe98c76e06745abb0993b2763?s=96&d=mm&r=g\",\"url\":\"https:\\\/\\\/secure.gravatar.com\\\/avatar\\\/e2ac889ef882d4dc53091b610766dce49106cf9fe98c76e06745abb0993b2763?s=96&d=mm&r=g\",\"contentUrl\":\"https:\\\/\\\/secure.gravatar.com\\\/avatar\\\/e2ac889ef882d4dc53091b610766dce49106cf9fe98c76e06745abb0993b2763?s=96&d=mm&r=g\",\"caption\":\"CRI Portugu\u00eas\"},\"sameAs\":[\"https:\\\/\\\/www.diariodepernambuco.com.br\\\/\"],\"url\":\"https:\\\/\\\/diariodepe.com.br\\\/cri\\\/author\\\/agencia-cri\\\/\"}]}<\/script>\n<!-- \/ Yoast SEO plugin. -->","yoast_head_json":{"title":"Xinjiang: Um Hub Geopol\u00edtico Estrat\u00e9gico no Cora\u00e7\u00e3o da \u00c1sia Central - CRI e Diario de Pernambuco","robots":{"index":"index","follow":"follow","max-snippet":"max-snippet:-1","max-image-preview":"max-image-preview:large","max-video-preview":"max-video-preview:-1"},"canonical":"https:\/\/diariodepe.com.br\/cri\/2025\/10\/27\/xinjiang-um-hub-geopolitico-estrategico-no-coracao-da-asia-central\/","og_locale":"pt_BR","og_type":"article","og_title":"Xinjiang: Um Hub Geopol\u00edtico Estrat\u00e9gico no Cora\u00e7\u00e3o da \u00c1sia Central - CRI e Diario de Pernambuco","og_description":"A Regi\u00e3o Aut\u00f4noma de Xinjiang, localizada no extremo oeste da China, sempre foi uma \u00e1rea de grande import\u00e2ncia, situada em antigas rotas comerciais. Estas antigas estradas de terra e caminhos, agora sendo substitu\u00eddos por rodovias expressas e ferrovias de carga,...","og_url":"https:\/\/diariodepe.com.br\/cri\/2025\/10\/27\/xinjiang-um-hub-geopolitico-estrategico-no-coracao-da-asia-central\/","og_site_name":"CRI e Diario de Pernambuco","article_published_time":"2025-10-28T02:54:40+00:00","og_image":[{"url":"https:\/\/38picres.cgtn.com\/photoAlbum\/page\/performance\/img\/2025\/10\/27\/1761537314565_238.png","type":"","width":"","height":""}],"author":"CRI Portugu\u00eas","twitter_card":"summary_large_image","twitter_misc":{"Escrito por":"CRI Portugu\u00eas","Est. tempo de leitura":"12 minutos"},"schema":{"@context":"https:\/\/schema.org","@graph":[{"@type":"Article","@id":"https:\/\/diariodepe.com.br\/cri\/2025\/10\/27\/xinjiang-um-hub-geopolitico-estrategico-no-coracao-da-asia-central\/#article","isPartOf":{"@id":"https:\/\/diariodepe.com.br\/cri\/2025\/10\/27\/xinjiang-um-hub-geopolitico-estrategico-no-coracao-da-asia-central\/"},"author":{"name":"CRI Portugu\u00eas","@id":"https:\/\/diariodepe.com.br\/cri\/#\/schema\/person\/e474aead631cd4098632e11d3fbce118"},"headline":"Xinjiang: Um Hub Geopol\u00edtico Estrat\u00e9gico no Cora\u00e7\u00e3o da \u00c1sia Central","datePublished":"2025-10-28T02:54:40+00:00","mainEntityOfPage":{"@id":"https:\/\/diariodepe.com.br\/cri\/2025\/10\/27\/xinjiang-um-hub-geopolitico-estrategico-no-coracao-da-asia-central\/"},"wordCount":2273,"commentCount":0,"publisher":{"@id":"https:\/\/diariodepe.com.br\/cri\/#organization"},"image":{"@id":"https:\/\/diariodepe.com.br\/cri\/2025\/10\/27\/xinjiang-um-hub-geopolitico-estrategico-no-coracao-da-asia-central\/#primaryimage"},"thumbnailUrl":"https:\/\/38picres.cgtn.com\/photoAlbum\/page\/performance\/img\/2025\/10\/27\/1761537314565_238.png","articleSection":["Vis\u00e3o"],"inLanguage":"pt-BR","potentialAction":[{"@type":"CommentAction","name":"Comment","target":["https:\/\/diariodepe.com.br\/cri\/2025\/10\/27\/xinjiang-um-hub-geopolitico-estrategico-no-coracao-da-asia-central\/#respond"]}]},{"@type":"WebPage","@id":"https:\/\/diariodepe.com.br\/cri\/2025\/10\/27\/xinjiang-um-hub-geopolitico-estrategico-no-coracao-da-asia-central\/","url":"https:\/\/diariodepe.com.br\/cri\/2025\/10\/27\/xinjiang-um-hub-geopolitico-estrategico-no-coracao-da-asia-central\/","name":"Xinjiang: Um Hub Geopol\u00edtico Estrat\u00e9gico no Cora\u00e7\u00e3o da \u00c1sia Central - CRI e Diario de Pernambuco","isPartOf":{"@id":"https:\/\/diariodepe.com.br\/cri\/#website"},"primaryImageOfPage":{"@id":"https:\/\/diariodepe.com.br\/cri\/2025\/10\/27\/xinjiang-um-hub-geopolitico-estrategico-no-coracao-da-asia-central\/#primaryimage"},"image":{"@id":"https:\/\/diariodepe.com.br\/cri\/2025\/10\/27\/xinjiang-um-hub-geopolitico-estrategico-no-coracao-da-asia-central\/#primaryimage"},"thumbnailUrl":"https:\/\/38picres.cgtn.com\/photoAlbum\/page\/performance\/img\/2025\/10\/27\/1761537314565_238.png","datePublished":"2025-10-28T02:54:40+00:00","breadcrumb":{"@id":"https:\/\/diariodepe.com.br\/cri\/2025\/10\/27\/xinjiang-um-hub-geopolitico-estrategico-no-coracao-da-asia-central\/#breadcrumb"},"inLanguage":"pt-BR","potentialAction":[{"@type":"ReadAction","target":["https:\/\/diariodepe.com.br\/cri\/2025\/10\/27\/xinjiang-um-hub-geopolitico-estrategico-no-coracao-da-asia-central\/"]}]},{"@type":"ImageObject","inLanguage":"pt-BR","@id":"https:\/\/diariodepe.com.br\/cri\/2025\/10\/27\/xinjiang-um-hub-geopolitico-estrategico-no-coracao-da-asia-central\/#primaryimage","url":"https:\/\/38picres.cgtn.com\/photoAlbum\/page\/performance\/img\/2025\/10\/27\/1761537314565_238.png","contentUrl":"https:\/\/38picres.cgtn.com\/photoAlbum\/page\/performance\/img\/2025\/10\/27\/1761537314565_238.png"},{"@type":"BreadcrumbList","@id":"https:\/\/diariodepe.com.br\/cri\/2025\/10\/27\/xinjiang-um-hub-geopolitico-estrategico-no-coracao-da-asia-central\/#breadcrumb","itemListElement":[{"@type":"ListItem","position":1,"name":"In\u00edcio","item":"https:\/\/diariodepe.com.br\/cri\/"},{"@type":"ListItem","position":2,"name":"Xinjiang: Um Hub Geopol\u00edtico Estrat\u00e9gico no Cora\u00e7\u00e3o da \u00c1sia Central"}]},{"@type":"WebSite","@id":"https:\/\/diariodepe.com.br\/cri\/#website","url":"https:\/\/diariodepe.com.br\/cri\/","name":"CRI e Diario de Pernambuco","description":"R\u00e1dio Internacional da China","publisher":{"@id":"https:\/\/diariodepe.com.br\/cri\/#organization"},"potentialAction":[{"@type":"SearchAction","target":{"@type":"EntryPoint","urlTemplate":"https:\/\/diariodepe.com.br\/cri\/?s={search_term_string}"},"query-input":{"@type":"PropertyValueSpecification","valueRequired":true,"valueName":"search_term_string"}}],"inLanguage":"pt-BR"},{"@type":"Organization","@id":"https:\/\/diariodepe.com.br\/cri\/#organization","name":"CRI e Diario de Pernambuco","url":"https:\/\/diariodepe.com.br\/cri\/","logo":{"@type":"ImageObject","inLanguage":"pt-BR","@id":"https:\/\/diariodepe.com.br\/cri\/#\/schema\/logo\/image\/","url":"https:\/\/diariodepe.com.br\/cri\/wp-content\/uploads\/sites\/2\/2022\/12\/cropped-Logo.jpg","contentUrl":"https:\/\/diariodepe.com.br\/cri\/wp-content\/uploads\/sites\/2\/2022\/12\/cropped-Logo.jpg","width":700,"height":59,"caption":"CRI e Diario de Pernambuco"},"image":{"@id":"https:\/\/diariodepe.com.br\/cri\/#\/schema\/logo\/image\/"}},{"@type":"Person","@id":"https:\/\/diariodepe.com.br\/cri\/#\/schema\/person\/e474aead631cd4098632e11d3fbce118","name":"CRI Portugu\u00eas","image":{"@type":"ImageObject","inLanguage":"pt-BR","@id":"https:\/\/secure.gravatar.com\/avatar\/e2ac889ef882d4dc53091b610766dce49106cf9fe98c76e06745abb0993b2763?s=96&d=mm&r=g","url":"https:\/\/secure.gravatar.com\/avatar\/e2ac889ef882d4dc53091b610766dce49106cf9fe98c76e06745abb0993b2763?s=96&d=mm&r=g","contentUrl":"https:\/\/secure.gravatar.com\/avatar\/e2ac889ef882d4dc53091b610766dce49106cf9fe98c76e06745abb0993b2763?s=96&d=mm&r=g","caption":"CRI Portugu\u00eas"},"sameAs":["https:\/\/www.diariodepernambuco.com.br\/"],"url":"https:\/\/diariodepe.com.br\/cri\/author\/agencia-cri\/"}]}},"cc_featured_image_caption":{"caption_text":"","source_text":"","source_url":""},"amp_enabled":true,"_links":{"self":[{"href":"https:\/\/diariodepe.com.br\/cri\/wp-json\/wp\/v2\/posts\/9868","targetHints":{"allow":["GET"]}}],"collection":[{"href":"https:\/\/diariodepe.com.br\/cri\/wp-json\/wp\/v2\/posts"}],"about":[{"href":"https:\/\/diariodepe.com.br\/cri\/wp-json\/wp\/v2\/types\/post"}],"author":[{"embeddable":true,"href":"https:\/\/diariodepe.com.br\/cri\/wp-json\/wp\/v2\/users\/5"}],"replies":[{"embeddable":true,"href":"https:\/\/diariodepe.com.br\/cri\/wp-json\/wp\/v2\/comments?post=9868"}],"version-history":[{"count":1,"href":"https:\/\/diariodepe.com.br\/cri\/wp-json\/wp\/v2\/posts\/9868\/revisions"}],"predecessor-version":[{"id":9869,"href":"https:\/\/diariodepe.com.br\/cri\/wp-json\/wp\/v2\/posts\/9868\/revisions\/9869"}],"wp:attachment":[{"href":"https:\/\/diariodepe.com.br\/cri\/wp-json\/wp\/v2\/media?parent=9868"}],"wp:term":[{"taxonomy":"category","embeddable":true,"href":"https:\/\/diariodepe.com.br\/cri\/wp-json\/wp\/v2\/categories?post=9868"},{"taxonomy":"post_tag","embeddable":true,"href":"https:\/\/diariodepe.com.br\/cri\/wp-json\/wp\/v2\/tags?post=9868"}],"curies":[{"name":"wp","href":"https:\/\/api.w.org\/{rel}","templated":true}]}}