{"id":975,"date":"2023-04-08T23:54:32","date_gmt":"2023-04-09T02:54:32","guid":{"rendered":"https:\/\/diariodepe.com.br\/cri\/?p=975"},"modified":"2023-04-08T23:54:32","modified_gmt":"2023-04-09T02:54:32","slug":"primeiro-ministro-malaio-concede-entrevista-exclusiva-para-o-cmg","status":"publish","type":"post","link":"https:\/\/diariodepe.com.br\/cri\/2023\/04\/08\/primeiro-ministro-malaio-concede-entrevista-exclusiva-para-o-cmg\/","title":{"rendered":"Primeiro-ministro malaio concede entrevista exclusiva para o CMG"},"content":{"rendered":"<p>O primeiro-ministro da Mal\u00e1sia, Anwar Ibrahim, concedeu recentemente uma entrevista exclusiva para o Grupo de M\u00eddia da China (CMG, na sigla em ingl\u00eas) ap\u00f3s sua visita oficial para a China entre os dias 29 de mar\u00e7o e 1\u00ba de abril.<\/p>\n<p>Anwar Ibrahim disse, em primeiro lugar, que o encontro com o presidente chin\u00eas, Xi Jinping, foi muito agrad\u00e1vel e frut\u00edfero. Ele revelou que os dois trocaram opini\u00f5es n\u00e3o s\u00f3 sobre com\u00e9rcio e investimento, como tamb\u00e9m sobre filosofia, forma\u00e7\u00e3o de talentos, vis\u00e3o de mundo, entre outras quest\u00f5es de interesse comum.<\/p>\n<p>O premier malaio disse que o presidente Xi Jinping \u00e9 um grande l\u00edder e uma pessoa simp\u00e1tica. Ele ficou tamb\u00e9m muito admirado pelos \u00eaxitos alcan\u00e7ados pela China na redu\u00e7\u00e3o da pobreza e acredita que as experi\u00eancias chinesas neste aspecto podem ser muito \u00fateis para seu pa\u00eds.<\/p>\n<p>Ibrahim afirmou que a China tem sido o maior parceiro comercial da Mal\u00e1sia h\u00e1 14 anos consecutivos. As coopera\u00e7\u00f5es econ\u00f4micas e comerciais entre os dois pa\u00edses v\u00eam conseguindo importantes resultados, especialmente ap\u00f3s o lan\u00e7amento da inciativa \u201cCintur\u00e3o e Rota\u201d.<\/p>\n<p>A Mal\u00e1sia \u00e9 um importante pa\u00eds membro da Associa\u00e7\u00e3o das Na\u00e7\u00f5es do Sudeste Asi\u00e1tico (ASEAN). Segundo Ibrahim, o objetivo fundamental da cria\u00e7\u00e3o da ASEAN \u00e9 manter a independ\u00eancia e neutralidade para evitar se envolver em conflitos na era da Guerra Fria. Agora, a organiza\u00e7\u00e3o continua mantendo sua inspira\u00e7\u00e3o original de paz. \u201cPor isso, estamos preocupados com o Aukus (o parceiro de seguran\u00e7a trilateral entre os Estados Unidos, Reino Unido e Austr\u00e1lia)\u201d, acrescentou.<\/p>\n<p>\u201cA Mal\u00e1sia persiste no princ\u00edpio de \u2018Uma s\u00f3 China\u2019 e a China nunca foi uma amea\u00e7a para n\u00f3s\u201d, enfatizou o primeiro-ministro da Mal\u00e1sia.<\/p>\n","protected":false},"excerpt":{"rendered":"<p>O primeiro-ministro da Mal\u00e1sia, Anwar Ibrahim, concedeu recentemente uma entrevista exclusiva para o Grupo de M\u00eddia da China (CMG, na sigla em ingl\u00eas) ap\u00f3s sua visita oficial para a China entre os dias 29 de mar\u00e7o e 1\u00ba de abril&#8230;.<\/p>\n","protected":false},"author":2,"featured_media":976,"comment_status":"open","ping_status":"open","sticky":false,"template":"","format":"standard","meta":{"footnotes":""},"categories":[5],"tags":[],"class_list":["post-975","post","type-post","status-publish","format-standard","has-post-thumbnail","hentry","category-destaques-capa"],"yoast_head":"<!-- This site is optimized with the Yoast SEO plugin v27.4 - https:\/\/yoast.com\/product\/yoast-seo-wordpress\/ -->\n<title>Primeiro-ministro malaio concede entrevista exclusiva para o CMG - CRI e Diario de Pernambuco<\/title>\n<meta name=\"robots\" content=\"index, follow, max-snippet:-1, max-image-preview:large, max-video-preview:-1\" \/>\n<link rel=\"canonical\" href=\"https:\/\/diariodepe.com.br\/cri\/2023\/04\/08\/primeiro-ministro-malaio-concede-entrevista-exclusiva-para-o-cmg\/\" \/>\n<meta property=\"og:locale\" content=\"pt_BR\" \/>\n<meta property=\"og:type\" content=\"article\" \/>\n<meta property=\"og:title\" content=\"Primeiro-ministro malaio concede entrevista exclusiva para o CMG - CRI e Diario de Pernambuco\" \/>\n<meta property=\"og:description\" content=\"O primeiro-ministro da Mal\u00e1sia, Anwar Ibrahim, concedeu recentemente uma entrevista exclusiva para o Grupo de M\u00eddia da China (CMG, na sigla em ingl\u00eas) ap\u00f3s sua visita oficial para a China entre os dias 29 de mar\u00e7o e 1\u00ba de abril....\" \/>\n<meta property=\"og:url\" content=\"https:\/\/diariodepe.com.br\/cri\/2023\/04\/08\/primeiro-ministro-malaio-concede-entrevista-exclusiva-para-o-cmg\/\" \/>\n<meta property=\"og:site_name\" content=\"CRI e Diario de Pernambuco\" \/>\n<meta property=\"article:published_time\" content=\"2023-04-09T02:54:32+00:00\" \/>\n<meta property=\"og:image\" content=\"https:\/\/diariodepe.com.br\/cri\/wp-content\/uploads\/sites\/2\/2023\/04\/2023040819500020201.png\" \/>\n\t<meta property=\"og:image:width\" content=\"1280\" \/>\n\t<meta property=\"og:image:height\" content=\"720\" \/>\n\t<meta property=\"og:image:type\" content=\"image\/png\" \/>\n<meta name=\"author\" content=\"Ismael Lucas S. Pereira\" \/>\n<meta name=\"twitter:card\" content=\"summary_large_image\" \/>\n<meta name=\"twitter:label1\" content=\"Escrito por\" \/>\n\t<meta name=\"twitter:data1\" content=\"Ismael Lucas S. Pereira\" \/>\n\t<meta name=\"twitter:label2\" content=\"Est. tempo de leitura\" \/>\n\t<meta name=\"twitter:data2\" content=\"2 minutos\" \/>\n<script type=\"application\/ld+json\" class=\"yoast-schema-graph\">{\"@context\":\"https:\\\/\\\/schema.org\",\"@graph\":[{\"@type\":\"Article\",\"@id\":\"https:\\\/\\\/diariodepe.com.br\\\/cri\\\/2023\\\/04\\\/08\\\/primeiro-ministro-malaio-concede-entrevista-exclusiva-para-o-cmg\\\/#article\",\"isPartOf\":{\"@id\":\"https:\\\/\\\/diariodepe.com.br\\\/cri\\\/2023\\\/04\\\/08\\\/primeiro-ministro-malaio-concede-entrevista-exclusiva-para-o-cmg\\\/\"},\"author\":{\"name\":\"Ismael Lucas S. Pereira\",\"@id\":\"https:\\\/\\\/diariodepe.com.br\\\/cri\\\/#\\\/schema\\\/person\\\/121bb28d84f1a5b1205ef4ce9c2e0c6b\"},\"headline\":\"Primeiro-ministro malaio concede entrevista exclusiva para o CMG\",\"datePublished\":\"2023-04-09T02:54:32+00:00\",\"mainEntityOfPage\":{\"@id\":\"https:\\\/\\\/diariodepe.com.br\\\/cri\\\/2023\\\/04\\\/08\\\/primeiro-ministro-malaio-concede-entrevista-exclusiva-para-o-cmg\\\/\"},\"wordCount\":317,\"commentCount\":0,\"publisher\":{\"@id\":\"https:\\\/\\\/diariodepe.com.br\\\/cri\\\/#organization\"},\"image\":{\"@id\":\"https:\\\/\\\/diariodepe.com.br\\\/cri\\\/2023\\\/04\\\/08\\\/primeiro-ministro-malaio-concede-entrevista-exclusiva-para-o-cmg\\\/#primaryimage\"},\"thumbnailUrl\":\"https:\\\/\\\/diariodepe.com.br\\\/cri\\\/wp-content\\\/uploads\\\/sites\\\/2\\\/2023\\\/04\\\/2023040819500020201.png\",\"articleSection\":[\"Destaques Capa\"],\"inLanguage\":\"pt-BR\",\"potentialAction\":[{\"@type\":\"CommentAction\",\"name\":\"Comment\",\"target\":[\"https:\\\/\\\/diariodepe.com.br\\\/cri\\\/2023\\\/04\\\/08\\\/primeiro-ministro-malaio-concede-entrevista-exclusiva-para-o-cmg\\\/#respond\"]}]},{\"@type\":\"WebPage\",\"@id\":\"https:\\\/\\\/diariodepe.com.br\\\/cri\\\/2023\\\/04\\\/08\\\/primeiro-ministro-malaio-concede-entrevista-exclusiva-para-o-cmg\\\/\",\"url\":\"https:\\\/\\\/diariodepe.com.br\\\/cri\\\/2023\\\/04\\\/08\\\/primeiro-ministro-malaio-concede-entrevista-exclusiva-para-o-cmg\\\/\",\"name\":\"Primeiro-ministro malaio concede entrevista exclusiva para o CMG - CRI e Diario de Pernambuco\",\"isPartOf\":{\"@id\":\"https:\\\/\\\/diariodepe.com.br\\\/cri\\\/#website\"},\"primaryImageOfPage\":{\"@id\":\"https:\\\/\\\/diariodepe.com.br\\\/cri\\\/2023\\\/04\\\/08\\\/primeiro-ministro-malaio-concede-entrevista-exclusiva-para-o-cmg\\\/#primaryimage\"},\"image\":{\"@id\":\"https:\\\/\\\/diariodepe.com.br\\\/cri\\\/2023\\\/04\\\/08\\\/primeiro-ministro-malaio-concede-entrevista-exclusiva-para-o-cmg\\\/#primaryimage\"},\"thumbnailUrl\":\"https:\\\/\\\/diariodepe.com.br\\\/cri\\\/wp-content\\\/uploads\\\/sites\\\/2\\\/2023\\\/04\\\/2023040819500020201.png\",\"datePublished\":\"2023-04-09T02:54:32+00:00\",\"breadcrumb\":{\"@id\":\"https:\\\/\\\/diariodepe.com.br\\\/cri\\\/2023\\\/04\\\/08\\\/primeiro-ministro-malaio-concede-entrevista-exclusiva-para-o-cmg\\\/#breadcrumb\"},\"inLanguage\":\"pt-BR\",\"potentialAction\":[{\"@type\":\"ReadAction\",\"target\":[\"https:\\\/\\\/diariodepe.com.br\\\/cri\\\/2023\\\/04\\\/08\\\/primeiro-ministro-malaio-concede-entrevista-exclusiva-para-o-cmg\\\/\"]}]},{\"@type\":\"ImageObject\",\"inLanguage\":\"pt-BR\",\"@id\":\"https:\\\/\\\/diariodepe.com.br\\\/cri\\\/2023\\\/04\\\/08\\\/primeiro-ministro-malaio-concede-entrevista-exclusiva-para-o-cmg\\\/#primaryimage\",\"url\":\"https:\\\/\\\/diariodepe.com.br\\\/cri\\\/wp-content\\\/uploads\\\/sites\\\/2\\\/2023\\\/04\\\/2023040819500020201.png\",\"contentUrl\":\"https:\\\/\\\/diariodepe.com.br\\\/cri\\\/wp-content\\\/uploads\\\/sites\\\/2\\\/2023\\\/04\\\/2023040819500020201.png\",\"width\":1280,\"height\":720},{\"@type\":\"BreadcrumbList\",\"@id\":\"https:\\\/\\\/diariodepe.com.br\\\/cri\\\/2023\\\/04\\\/08\\\/primeiro-ministro-malaio-concede-entrevista-exclusiva-para-o-cmg\\\/#breadcrumb\",\"itemListElement\":[{\"@type\":\"ListItem\",\"position\":1,\"name\":\"In\u00edcio\",\"item\":\"https:\\\/\\\/diariodepe.com.br\\\/cri\\\/\"},{\"@type\":\"ListItem\",\"position\":2,\"name\":\"Primeiro-ministro malaio concede entrevista exclusiva para o CMG\"}]},{\"@type\":\"WebSite\",\"@id\":\"https:\\\/\\\/diariodepe.com.br\\\/cri\\\/#website\",\"url\":\"https:\\\/\\\/diariodepe.com.br\\\/cri\\\/\",\"name\":\"CRI e Diario de Pernambuco\",\"description\":\"R\u00e1dio Internacional da China\",\"publisher\":{\"@id\":\"https:\\\/\\\/diariodepe.com.br\\\/cri\\\/#organization\"},\"potentialAction\":[{\"@type\":\"SearchAction\",\"target\":{\"@type\":\"EntryPoint\",\"urlTemplate\":\"https:\\\/\\\/diariodepe.com.br\\\/cri\\\/?s={search_term_string}\"},\"query-input\":{\"@type\":\"PropertyValueSpecification\",\"valueRequired\":true,\"valueName\":\"search_term_string\"}}],\"inLanguage\":\"pt-BR\"},{\"@type\":\"Organization\",\"@id\":\"https:\\\/\\\/diariodepe.com.br\\\/cri\\\/#organization\",\"name\":\"CRI e Diario de Pernambuco\",\"url\":\"https:\\\/\\\/diariodepe.com.br\\\/cri\\\/\",\"logo\":{\"@type\":\"ImageObject\",\"inLanguage\":\"pt-BR\",\"@id\":\"https:\\\/\\\/diariodepe.com.br\\\/cri\\\/#\\\/schema\\\/logo\\\/image\\\/\",\"url\":\"https:\\\/\\\/diariodepe.com.br\\\/cri\\\/wp-content\\\/uploads\\\/sites\\\/2\\\/2022\\\/12\\\/cropped-Logo.jpg\",\"contentUrl\":\"https:\\\/\\\/diariodepe.com.br\\\/cri\\\/wp-content\\\/uploads\\\/sites\\\/2\\\/2022\\\/12\\\/cropped-Logo.jpg\",\"width\":700,\"height\":59,\"caption\":\"CRI e Diario de Pernambuco\"},\"image\":{\"@id\":\"https:\\\/\\\/diariodepe.com.br\\\/cri\\\/#\\\/schema\\\/logo\\\/image\\\/\"}},{\"@type\":\"Person\",\"@id\":\"https:\\\/\\\/diariodepe.com.br\\\/cri\\\/#\\\/schema\\\/person\\\/121bb28d84f1a5b1205ef4ce9c2e0c6b\",\"name\":\"Ismael Lucas S. Pereira\",\"image\":{\"@type\":\"ImageObject\",\"inLanguage\":\"pt-BR\",\"@id\":\"https:\\\/\\\/secure.gravatar.com\\\/avatar\\\/887a0f3b5a7ceea963a48499fb883ffce6b5037362def025c52c2505b15d63e4?s=96&d=mm&r=g\",\"url\":\"https:\\\/\\\/secure.gravatar.com\\\/avatar\\\/887a0f3b5a7ceea963a48499fb883ffce6b5037362def025c52c2505b15d63e4?s=96&d=mm&r=g\",\"contentUrl\":\"https:\\\/\\\/secure.gravatar.com\\\/avatar\\\/887a0f3b5a7ceea963a48499fb883ffce6b5037362def025c52c2505b15d63e4?s=96&d=mm&r=g\",\"caption\":\"Ismael Lucas S. Pereira\"},\"url\":\"https:\\\/\\\/diariodepe.com.br\\\/cri\\\/author\\\/ismael-lucas\\\/\"}]}<\/script>\n<!-- \/ Yoast SEO plugin. -->","yoast_head_json":{"title":"Primeiro-ministro malaio concede entrevista exclusiva para o CMG - CRI e Diario de Pernambuco","robots":{"index":"index","follow":"follow","max-snippet":"max-snippet:-1","max-image-preview":"max-image-preview:large","max-video-preview":"max-video-preview:-1"},"canonical":"https:\/\/diariodepe.com.br\/cri\/2023\/04\/08\/primeiro-ministro-malaio-concede-entrevista-exclusiva-para-o-cmg\/","og_locale":"pt_BR","og_type":"article","og_title":"Primeiro-ministro malaio concede entrevista exclusiva para o CMG - CRI e Diario de Pernambuco","og_description":"O primeiro-ministro da Mal\u00e1sia, Anwar Ibrahim, concedeu recentemente uma entrevista exclusiva para o Grupo de M\u00eddia da China (CMG, na sigla em ingl\u00eas) ap\u00f3s sua visita oficial para a China entre os dias 29 de mar\u00e7o e 1\u00ba de abril....","og_url":"https:\/\/diariodepe.com.br\/cri\/2023\/04\/08\/primeiro-ministro-malaio-concede-entrevista-exclusiva-para-o-cmg\/","og_site_name":"CRI e Diario de Pernambuco","article_published_time":"2023-04-09T02:54:32+00:00","og_image":[{"width":1280,"height":720,"url":"https:\/\/diariodepe.com.br\/cri\/wp-content\/uploads\/sites\/2\/2023\/04\/2023040819500020201.png","type":"image\/png"}],"author":"Ismael Lucas S. Pereira","twitter_card":"summary_large_image","twitter_misc":{"Escrito por":"Ismael Lucas S. Pereira","Est. tempo de leitura":"2 minutos"},"schema":{"@context":"https:\/\/schema.org","@graph":[{"@type":"Article","@id":"https:\/\/diariodepe.com.br\/cri\/2023\/04\/08\/primeiro-ministro-malaio-concede-entrevista-exclusiva-para-o-cmg\/#article","isPartOf":{"@id":"https:\/\/diariodepe.com.br\/cri\/2023\/04\/08\/primeiro-ministro-malaio-concede-entrevista-exclusiva-para-o-cmg\/"},"author":{"name":"Ismael Lucas S. Pereira","@id":"https:\/\/diariodepe.com.br\/cri\/#\/schema\/person\/121bb28d84f1a5b1205ef4ce9c2e0c6b"},"headline":"Primeiro-ministro malaio concede entrevista exclusiva para o CMG","datePublished":"2023-04-09T02:54:32+00:00","mainEntityOfPage":{"@id":"https:\/\/diariodepe.com.br\/cri\/2023\/04\/08\/primeiro-ministro-malaio-concede-entrevista-exclusiva-para-o-cmg\/"},"wordCount":317,"commentCount":0,"publisher":{"@id":"https:\/\/diariodepe.com.br\/cri\/#organization"},"image":{"@id":"https:\/\/diariodepe.com.br\/cri\/2023\/04\/08\/primeiro-ministro-malaio-concede-entrevista-exclusiva-para-o-cmg\/#primaryimage"},"thumbnailUrl":"https:\/\/diariodepe.com.br\/cri\/wp-content\/uploads\/sites\/2\/2023\/04\/2023040819500020201.png","articleSection":["Destaques Capa"],"inLanguage":"pt-BR","potentialAction":[{"@type":"CommentAction","name":"Comment","target":["https:\/\/diariodepe.com.br\/cri\/2023\/04\/08\/primeiro-ministro-malaio-concede-entrevista-exclusiva-para-o-cmg\/#respond"]}]},{"@type":"WebPage","@id":"https:\/\/diariodepe.com.br\/cri\/2023\/04\/08\/primeiro-ministro-malaio-concede-entrevista-exclusiva-para-o-cmg\/","url":"https:\/\/diariodepe.com.br\/cri\/2023\/04\/08\/primeiro-ministro-malaio-concede-entrevista-exclusiva-para-o-cmg\/","name":"Primeiro-ministro malaio concede entrevista exclusiva para o CMG - CRI e Diario de Pernambuco","isPartOf":{"@id":"https:\/\/diariodepe.com.br\/cri\/#website"},"primaryImageOfPage":{"@id":"https:\/\/diariodepe.com.br\/cri\/2023\/04\/08\/primeiro-ministro-malaio-concede-entrevista-exclusiva-para-o-cmg\/#primaryimage"},"image":{"@id":"https:\/\/diariodepe.com.br\/cri\/2023\/04\/08\/primeiro-ministro-malaio-concede-entrevista-exclusiva-para-o-cmg\/#primaryimage"},"thumbnailUrl":"https:\/\/diariodepe.com.br\/cri\/wp-content\/uploads\/sites\/2\/2023\/04\/2023040819500020201.png","datePublished":"2023-04-09T02:54:32+00:00","breadcrumb":{"@id":"https:\/\/diariodepe.com.br\/cri\/2023\/04\/08\/primeiro-ministro-malaio-concede-entrevista-exclusiva-para-o-cmg\/#breadcrumb"},"inLanguage":"pt-BR","potentialAction":[{"@type":"ReadAction","target":["https:\/\/diariodepe.com.br\/cri\/2023\/04\/08\/primeiro-ministro-malaio-concede-entrevista-exclusiva-para-o-cmg\/"]}]},{"@type":"ImageObject","inLanguage":"pt-BR","@id":"https:\/\/diariodepe.com.br\/cri\/2023\/04\/08\/primeiro-ministro-malaio-concede-entrevista-exclusiva-para-o-cmg\/#primaryimage","url":"https:\/\/diariodepe.com.br\/cri\/wp-content\/uploads\/sites\/2\/2023\/04\/2023040819500020201.png","contentUrl":"https:\/\/diariodepe.com.br\/cri\/wp-content\/uploads\/sites\/2\/2023\/04\/2023040819500020201.png","width":1280,"height":720},{"@type":"BreadcrumbList","@id":"https:\/\/diariodepe.com.br\/cri\/2023\/04\/08\/primeiro-ministro-malaio-concede-entrevista-exclusiva-para-o-cmg\/#breadcrumb","itemListElement":[{"@type":"ListItem","position":1,"name":"In\u00edcio","item":"https:\/\/diariodepe.com.br\/cri\/"},{"@type":"ListItem","position":2,"name":"Primeiro-ministro malaio concede entrevista exclusiva para o CMG"}]},{"@type":"WebSite","@id":"https:\/\/diariodepe.com.br\/cri\/#website","url":"https:\/\/diariodepe.com.br\/cri\/","name":"CRI e Diario de Pernambuco","description":"R\u00e1dio Internacional da China","publisher":{"@id":"https:\/\/diariodepe.com.br\/cri\/#organization"},"potentialAction":[{"@type":"SearchAction","target":{"@type":"EntryPoint","urlTemplate":"https:\/\/diariodepe.com.br\/cri\/?s={search_term_string}"},"query-input":{"@type":"PropertyValueSpecification","valueRequired":true,"valueName":"search_term_string"}}],"inLanguage":"pt-BR"},{"@type":"Organization","@id":"https:\/\/diariodepe.com.br\/cri\/#organization","name":"CRI e Diario de Pernambuco","url":"https:\/\/diariodepe.com.br\/cri\/","logo":{"@type":"ImageObject","inLanguage":"pt-BR","@id":"https:\/\/diariodepe.com.br\/cri\/#\/schema\/logo\/image\/","url":"https:\/\/diariodepe.com.br\/cri\/wp-content\/uploads\/sites\/2\/2022\/12\/cropped-Logo.jpg","contentUrl":"https:\/\/diariodepe.com.br\/cri\/wp-content\/uploads\/sites\/2\/2022\/12\/cropped-Logo.jpg","width":700,"height":59,"caption":"CRI e Diario de Pernambuco"},"image":{"@id":"https:\/\/diariodepe.com.br\/cri\/#\/schema\/logo\/image\/"}},{"@type":"Person","@id":"https:\/\/diariodepe.com.br\/cri\/#\/schema\/person\/121bb28d84f1a5b1205ef4ce9c2e0c6b","name":"Ismael Lucas S. Pereira","image":{"@type":"ImageObject","inLanguage":"pt-BR","@id":"https:\/\/secure.gravatar.com\/avatar\/887a0f3b5a7ceea963a48499fb883ffce6b5037362def025c52c2505b15d63e4?s=96&d=mm&r=g","url":"https:\/\/secure.gravatar.com\/avatar\/887a0f3b5a7ceea963a48499fb883ffce6b5037362def025c52c2505b15d63e4?s=96&d=mm&r=g","contentUrl":"https:\/\/secure.gravatar.com\/avatar\/887a0f3b5a7ceea963a48499fb883ffce6b5037362def025c52c2505b15d63e4?s=96&d=mm&r=g","caption":"Ismael Lucas S. Pereira"},"url":"https:\/\/diariodepe.com.br\/cri\/author\/ismael-lucas\/"}]}},"cc_featured_image_caption":{"caption_text":false,"source_text":false,"source_url":false},"amp_enabled":true,"_links":{"self":[{"href":"https:\/\/diariodepe.com.br\/cri\/wp-json\/wp\/v2\/posts\/975","targetHints":{"allow":["GET"]}}],"collection":[{"href":"https:\/\/diariodepe.com.br\/cri\/wp-json\/wp\/v2\/posts"}],"about":[{"href":"https:\/\/diariodepe.com.br\/cri\/wp-json\/wp\/v2\/types\/post"}],"author":[{"embeddable":true,"href":"https:\/\/diariodepe.com.br\/cri\/wp-json\/wp\/v2\/users\/2"}],"replies":[{"embeddable":true,"href":"https:\/\/diariodepe.com.br\/cri\/wp-json\/wp\/v2\/comments?post=975"}],"version-history":[{"count":1,"href":"https:\/\/diariodepe.com.br\/cri\/wp-json\/wp\/v2\/posts\/975\/revisions"}],"predecessor-version":[{"id":977,"href":"https:\/\/diariodepe.com.br\/cri\/wp-json\/wp\/v2\/posts\/975\/revisions\/977"}],"wp:featuredmedia":[{"embeddable":true,"href":"https:\/\/diariodepe.com.br\/cri\/wp-json\/wp\/v2\/media\/976"}],"wp:attachment":[{"href":"https:\/\/diariodepe.com.br\/cri\/wp-json\/wp\/v2\/media?parent=975"}],"wp:term":[{"taxonomy":"category","embeddable":true,"href":"https:\/\/diariodepe.com.br\/cri\/wp-json\/wp\/v2\/categories?post=975"},{"taxonomy":"post_tag","embeddable":true,"href":"https:\/\/diariodepe.com.br\/cri\/wp-json\/wp\/v2\/tags?post=975"}],"curies":[{"name":"wp","href":"https:\/\/api.w.org\/{rel}","templated":true}]}}