{"id":9718,"date":"2025-10-15T11:13:34","date_gmt":"2025-10-15T14:13:34","guid":{"rendered":"https:\/\/diariodepe.com.br\/cri\/?p=9718"},"modified":"2025-10-15T11:13:34","modified_gmt":"2025-10-15T14:13:34","slug":"participantes-da-reuniao-global-dos-lideres-sobre-mulheres-elogiam-discurso-de-xi-jinping","status":"publish","type":"post","link":"https:\/\/diariodepe.com.br\/cri\/2025\/10\/15\/participantes-da-reuniao-global-dos-lideres-sobre-mulheres-elogiam-discurso-de-xi-jinping\/","title":{"rendered":"Participantes da Reuni\u00e3o Global dos L\u00edderes sobre Mulheres elogiam discurso de Xi Jinping"},"content":{"rendered":"<p>O Presidente chin\u00eas, Xi Jinping, proferiu no dia 13 um discurso tem\u00e1tico na cerim\u00f4nia de abertura da Reuni\u00e3o Global dos L\u00edderes sobre Mulheres, no qual prop\u00f4s novas iniciativas para apoiar o desenvolvimento global dos direots das mulheres. L\u00edderes pol\u00edticos de v\u00e1rios pa\u00edses, chefes de organiza\u00e7\u00f5es internacionais e personalidades do setor que estiveram presentes no evento afirmaram que o discurso do presidente chin\u00eas reflete o desejo comum dos povos de todos os pa\u00edses pela igualdade de g\u00eanero e pelo desenvolvimento integral das mulheres, al\u00e9m de construir um mundo pac\u00edfico, seguro, pr\u00f3spero, progressista e belo.<\/p>\n<p>A presidente da Isl\u00e2ndia, Halld\u00f3ra Tomasd\u00f3ttir, apontou que a proposta do Presidente Xi Jinping de realizar esta confer\u00eancia em um momento t\u00e3o cr\u00edtico \u00e9 extremamente oportuna. A igualdade de g\u00eanero n\u00e3o \u00e9 um luxo, mas uma necessidade. Ela \u00e9 a base da paz, a for\u00e7a motriz da inova\u00e7\u00e3o e a chave para a constru\u00e7\u00e3o de um mundo habit\u00e1vel, ressaltou.<\/p>\n<p>A de Dominica, Sylvanie Burton, agradeceu ao Presidente Xi Jinping por convocar esta reuni\u00e3o t\u00e3o importante, tra\u00e7ando a dire\u00e7\u00e3o futura para a causa global e igualdade de g\u00eanero das mulheres. Segundo ela, os participantes da reuni\u00e3o chegaram a um consenso para construir um futuro mais igualit\u00e1rio, digno e repleto de oportunidades para cada mulher e menina.<\/p>\n<p>Gertrude Mongela, Secret\u00e1ria-Geral da Confer\u00eancia Mundial sobre as Mulheres das Na\u00e7\u00f5es Unidas, indicou que as mulheres chinesas sustentam &#8220;metade do c\u00e9u&#8221; em diversos campos, como Ci\u00eancia e Tecnologia digital que oferece um exemplo vibrante para o desenvolvimento das mulheres globalmente.<\/p>\n<p>Wang Yaping, taikonauta do Corpo de Taikonautas do Ex\u00e9rcito de Liberta\u00e7\u00e3o Popular da China, apontou que sua trajet\u00f3ria de crescimento \u00e9 um exemplo v\u00edvido do apoio nacional ao desenvolvimento das mulheres. Quando o desenvolvimento do pa\u00eds ressoa na mesma frequ\u00eancia dos sonhos individuais, uma for\u00e7a tremenda pode ser desencadeada.<\/p>\n<p>Qiao Hong, vice-presidente da Associa\u00e7\u00e3o de Mulheres Profissionais em Ci\u00eancia e Tecnologia da China, enfatizou que na nova jornada da moderniza\u00e7\u00e3o chinesa, cada mulher \u00e9 uma protagonista. \u201cMais da metade dos empreendedores no campo da internet em nosso pa\u00eds s\u00e3o mulheres, e as mulheres trabalhadoras em Ci\u00eancia e Tecnologia representam 45,8%. Como pesquisadora na \u00e1rea de intelig\u00eancia incorporada, sinto profundamente o apoio que o pa\u00eds nos tem proporcionado\u201d, assinalou.<\/p>\n","protected":false},"excerpt":{"rendered":"<p>O Presidente chin\u00eas, Xi Jinping, proferiu no dia 13 um discurso tem\u00e1tico na cerim\u00f4nia de abertura da Reuni\u00e3o Global dos L\u00edderes sobre Mulheres, no qual prop\u00f4s novas iniciativas para apoiar o desenvolvimento global dos direots das mulheres. L\u00edderes pol\u00edticos de&#8230;<\/p>\n","protected":false},"author":5,"featured_media":0,"comment_status":"open","ping_status":"open","sticky":false,"template":"","format":"standard","meta":{"footnotes":""},"categories":[3],"tags":[],"class_list":["post-9718","post","type-post","status-publish","format-standard","hentry","category-china"],"yoast_head":"<!-- This site is optimized with the Yoast SEO plugin v27.4 - https:\/\/yoast.com\/product\/yoast-seo-wordpress\/ -->\n<title>Participantes da Reuni\u00e3o Global dos L\u00edderes sobre Mulheres elogiam discurso de Xi Jinping - CRI e Diario de Pernambuco<\/title>\n<meta name=\"robots\" content=\"index, follow, max-snippet:-1, max-image-preview:large, max-video-preview:-1\" \/>\n<link rel=\"canonical\" href=\"https:\/\/diariodepe.com.br\/cri\/2025\/10\/15\/participantes-da-reuniao-global-dos-lideres-sobre-mulheres-elogiam-discurso-de-xi-jinping\/\" \/>\n<meta property=\"og:locale\" content=\"pt_BR\" \/>\n<meta property=\"og:type\" content=\"article\" \/>\n<meta property=\"og:title\" content=\"Participantes da Reuni\u00e3o Global dos L\u00edderes sobre Mulheres elogiam discurso de Xi Jinping - CRI e Diario de Pernambuco\" \/>\n<meta property=\"og:description\" content=\"O Presidente chin\u00eas, Xi Jinping, proferiu no dia 13 um discurso tem\u00e1tico na cerim\u00f4nia de abertura da Reuni\u00e3o Global dos L\u00edderes sobre Mulheres, no qual prop\u00f4s novas iniciativas para apoiar o desenvolvimento global dos direots das mulheres. L\u00edderes pol\u00edticos de...\" \/>\n<meta property=\"og:url\" content=\"https:\/\/diariodepe.com.br\/cri\/2025\/10\/15\/participantes-da-reuniao-global-dos-lideres-sobre-mulheres-elogiam-discurso-de-xi-jinping\/\" \/>\n<meta property=\"og:site_name\" content=\"CRI e Diario de Pernambuco\" \/>\n<meta property=\"article:published_time\" content=\"2025-10-15T14:13:34+00:00\" \/>\n<meta name=\"author\" content=\"CRI Portugu\u00eas\" \/>\n<meta name=\"twitter:card\" content=\"summary_large_image\" \/>\n<meta name=\"twitter:label1\" content=\"Escrito por\" \/>\n\t<meta name=\"twitter:data1\" content=\"CRI Portugu\u00eas\" \/>\n\t<meta name=\"twitter:label2\" content=\"Est. tempo de leitura\" \/>\n\t<meta name=\"twitter:data2\" content=\"3 minutos\" \/>\n<script type=\"application\/ld+json\" class=\"yoast-schema-graph\">{\"@context\":\"https:\\\/\\\/schema.org\",\"@graph\":[{\"@type\":\"Article\",\"@id\":\"https:\\\/\\\/diariodepe.com.br\\\/cri\\\/2025\\\/10\\\/15\\\/participantes-da-reuniao-global-dos-lideres-sobre-mulheres-elogiam-discurso-de-xi-jinping\\\/#article\",\"isPartOf\":{\"@id\":\"https:\\\/\\\/diariodepe.com.br\\\/cri\\\/2025\\\/10\\\/15\\\/participantes-da-reuniao-global-dos-lideres-sobre-mulheres-elogiam-discurso-de-xi-jinping\\\/\"},\"author\":{\"name\":\"CRI Portugu\u00eas\",\"@id\":\"https:\\\/\\\/diariodepe.com.br\\\/cri\\\/#\\\/schema\\\/person\\\/e474aead631cd4098632e11d3fbce118\"},\"headline\":\"Participantes da Reuni\u00e3o Global dos L\u00edderes sobre Mulheres elogiam discurso de Xi Jinping\",\"datePublished\":\"2025-10-15T14:13:34+00:00\",\"mainEntityOfPage\":{\"@id\":\"https:\\\/\\\/diariodepe.com.br\\\/cri\\\/2025\\\/10\\\/15\\\/participantes-da-reuniao-global-dos-lideres-sobre-mulheres-elogiam-discurso-de-xi-jinping\\\/\"},\"wordCount\":430,\"commentCount\":0,\"publisher\":{\"@id\":\"https:\\\/\\\/diariodepe.com.br\\\/cri\\\/#organization\"},\"articleSection\":[\"China\"],\"inLanguage\":\"pt-BR\",\"potentialAction\":[{\"@type\":\"CommentAction\",\"name\":\"Comment\",\"target\":[\"https:\\\/\\\/diariodepe.com.br\\\/cri\\\/2025\\\/10\\\/15\\\/participantes-da-reuniao-global-dos-lideres-sobre-mulheres-elogiam-discurso-de-xi-jinping\\\/#respond\"]}]},{\"@type\":\"WebPage\",\"@id\":\"https:\\\/\\\/diariodepe.com.br\\\/cri\\\/2025\\\/10\\\/15\\\/participantes-da-reuniao-global-dos-lideres-sobre-mulheres-elogiam-discurso-de-xi-jinping\\\/\",\"url\":\"https:\\\/\\\/diariodepe.com.br\\\/cri\\\/2025\\\/10\\\/15\\\/participantes-da-reuniao-global-dos-lideres-sobre-mulheres-elogiam-discurso-de-xi-jinping\\\/\",\"name\":\"Participantes da Reuni\u00e3o Global dos L\u00edderes sobre Mulheres elogiam discurso de Xi Jinping - CRI e Diario de Pernambuco\",\"isPartOf\":{\"@id\":\"https:\\\/\\\/diariodepe.com.br\\\/cri\\\/#website\"},\"datePublished\":\"2025-10-15T14:13:34+00:00\",\"breadcrumb\":{\"@id\":\"https:\\\/\\\/diariodepe.com.br\\\/cri\\\/2025\\\/10\\\/15\\\/participantes-da-reuniao-global-dos-lideres-sobre-mulheres-elogiam-discurso-de-xi-jinping\\\/#breadcrumb\"},\"inLanguage\":\"pt-BR\",\"potentialAction\":[{\"@type\":\"ReadAction\",\"target\":[\"https:\\\/\\\/diariodepe.com.br\\\/cri\\\/2025\\\/10\\\/15\\\/participantes-da-reuniao-global-dos-lideres-sobre-mulheres-elogiam-discurso-de-xi-jinping\\\/\"]}]},{\"@type\":\"BreadcrumbList\",\"@id\":\"https:\\\/\\\/diariodepe.com.br\\\/cri\\\/2025\\\/10\\\/15\\\/participantes-da-reuniao-global-dos-lideres-sobre-mulheres-elogiam-discurso-de-xi-jinping\\\/#breadcrumb\",\"itemListElement\":[{\"@type\":\"ListItem\",\"position\":1,\"name\":\"In\u00edcio\",\"item\":\"https:\\\/\\\/diariodepe.com.br\\\/cri\\\/\"},{\"@type\":\"ListItem\",\"position\":2,\"name\":\"Participantes da Reuni\u00e3o Global dos L\u00edderes sobre Mulheres elogiam discurso de Xi Jinping\"}]},{\"@type\":\"WebSite\",\"@id\":\"https:\\\/\\\/diariodepe.com.br\\\/cri\\\/#website\",\"url\":\"https:\\\/\\\/diariodepe.com.br\\\/cri\\\/\",\"name\":\"CRI e Diario de Pernambuco\",\"description\":\"R\u00e1dio Internacional da China\",\"publisher\":{\"@id\":\"https:\\\/\\\/diariodepe.com.br\\\/cri\\\/#organization\"},\"potentialAction\":[{\"@type\":\"SearchAction\",\"target\":{\"@type\":\"EntryPoint\",\"urlTemplate\":\"https:\\\/\\\/diariodepe.com.br\\\/cri\\\/?s={search_term_string}\"},\"query-input\":{\"@type\":\"PropertyValueSpecification\",\"valueRequired\":true,\"valueName\":\"search_term_string\"}}],\"inLanguage\":\"pt-BR\"},{\"@type\":\"Organization\",\"@id\":\"https:\\\/\\\/diariodepe.com.br\\\/cri\\\/#organization\",\"name\":\"CRI e Diario de Pernambuco\",\"url\":\"https:\\\/\\\/diariodepe.com.br\\\/cri\\\/\",\"logo\":{\"@type\":\"ImageObject\",\"inLanguage\":\"pt-BR\",\"@id\":\"https:\\\/\\\/diariodepe.com.br\\\/cri\\\/#\\\/schema\\\/logo\\\/image\\\/\",\"url\":\"https:\\\/\\\/diariodepe.com.br\\\/cri\\\/wp-content\\\/uploads\\\/sites\\\/2\\\/2022\\\/12\\\/cropped-Logo.jpg\",\"contentUrl\":\"https:\\\/\\\/diariodepe.com.br\\\/cri\\\/wp-content\\\/uploads\\\/sites\\\/2\\\/2022\\\/12\\\/cropped-Logo.jpg\",\"width\":700,\"height\":59,\"caption\":\"CRI e Diario de Pernambuco\"},\"image\":{\"@id\":\"https:\\\/\\\/diariodepe.com.br\\\/cri\\\/#\\\/schema\\\/logo\\\/image\\\/\"}},{\"@type\":\"Person\",\"@id\":\"https:\\\/\\\/diariodepe.com.br\\\/cri\\\/#\\\/schema\\\/person\\\/e474aead631cd4098632e11d3fbce118\",\"name\":\"CRI Portugu\u00eas\",\"image\":{\"@type\":\"ImageObject\",\"inLanguage\":\"pt-BR\",\"@id\":\"https:\\\/\\\/secure.gravatar.com\\\/avatar\\\/e2ac889ef882d4dc53091b610766dce49106cf9fe98c76e06745abb0993b2763?s=96&d=mm&r=g\",\"url\":\"https:\\\/\\\/secure.gravatar.com\\\/avatar\\\/e2ac889ef882d4dc53091b610766dce49106cf9fe98c76e06745abb0993b2763?s=96&d=mm&r=g\",\"contentUrl\":\"https:\\\/\\\/secure.gravatar.com\\\/avatar\\\/e2ac889ef882d4dc53091b610766dce49106cf9fe98c76e06745abb0993b2763?s=96&d=mm&r=g\",\"caption\":\"CRI Portugu\u00eas\"},\"sameAs\":[\"https:\\\/\\\/www.diariodepernambuco.com.br\\\/\"],\"url\":\"https:\\\/\\\/diariodepe.com.br\\\/cri\\\/author\\\/agencia-cri\\\/\"}]}<\/script>\n<!-- \/ Yoast SEO plugin. -->","yoast_head_json":{"title":"Participantes da Reuni\u00e3o Global dos L\u00edderes sobre Mulheres elogiam discurso de Xi Jinping - CRI e Diario de Pernambuco","robots":{"index":"index","follow":"follow","max-snippet":"max-snippet:-1","max-image-preview":"max-image-preview:large","max-video-preview":"max-video-preview:-1"},"canonical":"https:\/\/diariodepe.com.br\/cri\/2025\/10\/15\/participantes-da-reuniao-global-dos-lideres-sobre-mulheres-elogiam-discurso-de-xi-jinping\/","og_locale":"pt_BR","og_type":"article","og_title":"Participantes da Reuni\u00e3o Global dos L\u00edderes sobre Mulheres elogiam discurso de Xi Jinping - CRI e Diario de Pernambuco","og_description":"O Presidente chin\u00eas, Xi Jinping, proferiu no dia 13 um discurso tem\u00e1tico na cerim\u00f4nia de abertura da Reuni\u00e3o Global dos L\u00edderes sobre Mulheres, no qual prop\u00f4s novas iniciativas para apoiar o desenvolvimento global dos direots das mulheres. L\u00edderes pol\u00edticos de...","og_url":"https:\/\/diariodepe.com.br\/cri\/2025\/10\/15\/participantes-da-reuniao-global-dos-lideres-sobre-mulheres-elogiam-discurso-de-xi-jinping\/","og_site_name":"CRI e Diario de Pernambuco","article_published_time":"2025-10-15T14:13:34+00:00","author":"CRI Portugu\u00eas","twitter_card":"summary_large_image","twitter_misc":{"Escrito por":"CRI Portugu\u00eas","Est. tempo de leitura":"3 minutos"},"schema":{"@context":"https:\/\/schema.org","@graph":[{"@type":"Article","@id":"https:\/\/diariodepe.com.br\/cri\/2025\/10\/15\/participantes-da-reuniao-global-dos-lideres-sobre-mulheres-elogiam-discurso-de-xi-jinping\/#article","isPartOf":{"@id":"https:\/\/diariodepe.com.br\/cri\/2025\/10\/15\/participantes-da-reuniao-global-dos-lideres-sobre-mulheres-elogiam-discurso-de-xi-jinping\/"},"author":{"name":"CRI Portugu\u00eas","@id":"https:\/\/diariodepe.com.br\/cri\/#\/schema\/person\/e474aead631cd4098632e11d3fbce118"},"headline":"Participantes da Reuni\u00e3o Global dos L\u00edderes sobre Mulheres elogiam discurso de Xi Jinping","datePublished":"2025-10-15T14:13:34+00:00","mainEntityOfPage":{"@id":"https:\/\/diariodepe.com.br\/cri\/2025\/10\/15\/participantes-da-reuniao-global-dos-lideres-sobre-mulheres-elogiam-discurso-de-xi-jinping\/"},"wordCount":430,"commentCount":0,"publisher":{"@id":"https:\/\/diariodepe.com.br\/cri\/#organization"},"articleSection":["China"],"inLanguage":"pt-BR","potentialAction":[{"@type":"CommentAction","name":"Comment","target":["https:\/\/diariodepe.com.br\/cri\/2025\/10\/15\/participantes-da-reuniao-global-dos-lideres-sobre-mulheres-elogiam-discurso-de-xi-jinping\/#respond"]}]},{"@type":"WebPage","@id":"https:\/\/diariodepe.com.br\/cri\/2025\/10\/15\/participantes-da-reuniao-global-dos-lideres-sobre-mulheres-elogiam-discurso-de-xi-jinping\/","url":"https:\/\/diariodepe.com.br\/cri\/2025\/10\/15\/participantes-da-reuniao-global-dos-lideres-sobre-mulheres-elogiam-discurso-de-xi-jinping\/","name":"Participantes da Reuni\u00e3o Global dos L\u00edderes sobre Mulheres elogiam discurso de Xi Jinping - CRI e Diario de Pernambuco","isPartOf":{"@id":"https:\/\/diariodepe.com.br\/cri\/#website"},"datePublished":"2025-10-15T14:13:34+00:00","breadcrumb":{"@id":"https:\/\/diariodepe.com.br\/cri\/2025\/10\/15\/participantes-da-reuniao-global-dos-lideres-sobre-mulheres-elogiam-discurso-de-xi-jinping\/#breadcrumb"},"inLanguage":"pt-BR","potentialAction":[{"@type":"ReadAction","target":["https:\/\/diariodepe.com.br\/cri\/2025\/10\/15\/participantes-da-reuniao-global-dos-lideres-sobre-mulheres-elogiam-discurso-de-xi-jinping\/"]}]},{"@type":"BreadcrumbList","@id":"https:\/\/diariodepe.com.br\/cri\/2025\/10\/15\/participantes-da-reuniao-global-dos-lideres-sobre-mulheres-elogiam-discurso-de-xi-jinping\/#breadcrumb","itemListElement":[{"@type":"ListItem","position":1,"name":"In\u00edcio","item":"https:\/\/diariodepe.com.br\/cri\/"},{"@type":"ListItem","position":2,"name":"Participantes da Reuni\u00e3o Global dos L\u00edderes sobre Mulheres elogiam discurso de Xi Jinping"}]},{"@type":"WebSite","@id":"https:\/\/diariodepe.com.br\/cri\/#website","url":"https:\/\/diariodepe.com.br\/cri\/","name":"CRI e Diario de Pernambuco","description":"R\u00e1dio Internacional da China","publisher":{"@id":"https:\/\/diariodepe.com.br\/cri\/#organization"},"potentialAction":[{"@type":"SearchAction","target":{"@type":"EntryPoint","urlTemplate":"https:\/\/diariodepe.com.br\/cri\/?s={search_term_string}"},"query-input":{"@type":"PropertyValueSpecification","valueRequired":true,"valueName":"search_term_string"}}],"inLanguage":"pt-BR"},{"@type":"Organization","@id":"https:\/\/diariodepe.com.br\/cri\/#organization","name":"CRI e Diario de Pernambuco","url":"https:\/\/diariodepe.com.br\/cri\/","logo":{"@type":"ImageObject","inLanguage":"pt-BR","@id":"https:\/\/diariodepe.com.br\/cri\/#\/schema\/logo\/image\/","url":"https:\/\/diariodepe.com.br\/cri\/wp-content\/uploads\/sites\/2\/2022\/12\/cropped-Logo.jpg","contentUrl":"https:\/\/diariodepe.com.br\/cri\/wp-content\/uploads\/sites\/2\/2022\/12\/cropped-Logo.jpg","width":700,"height":59,"caption":"CRI e Diario de Pernambuco"},"image":{"@id":"https:\/\/diariodepe.com.br\/cri\/#\/schema\/logo\/image\/"}},{"@type":"Person","@id":"https:\/\/diariodepe.com.br\/cri\/#\/schema\/person\/e474aead631cd4098632e11d3fbce118","name":"CRI Portugu\u00eas","image":{"@type":"ImageObject","inLanguage":"pt-BR","@id":"https:\/\/secure.gravatar.com\/avatar\/e2ac889ef882d4dc53091b610766dce49106cf9fe98c76e06745abb0993b2763?s=96&d=mm&r=g","url":"https:\/\/secure.gravatar.com\/avatar\/e2ac889ef882d4dc53091b610766dce49106cf9fe98c76e06745abb0993b2763?s=96&d=mm&r=g","contentUrl":"https:\/\/secure.gravatar.com\/avatar\/e2ac889ef882d4dc53091b610766dce49106cf9fe98c76e06745abb0993b2763?s=96&d=mm&r=g","caption":"CRI Portugu\u00eas"},"sameAs":["https:\/\/www.diariodepernambuco.com.br\/"],"url":"https:\/\/diariodepe.com.br\/cri\/author\/agencia-cri\/"}]}},"cc_featured_image_caption":{"caption_text":"","source_text":"","source_url":""},"amp_enabled":true,"_links":{"self":[{"href":"https:\/\/diariodepe.com.br\/cri\/wp-json\/wp\/v2\/posts\/9718","targetHints":{"allow":["GET"]}}],"collection":[{"href":"https:\/\/diariodepe.com.br\/cri\/wp-json\/wp\/v2\/posts"}],"about":[{"href":"https:\/\/diariodepe.com.br\/cri\/wp-json\/wp\/v2\/types\/post"}],"author":[{"embeddable":true,"href":"https:\/\/diariodepe.com.br\/cri\/wp-json\/wp\/v2\/users\/5"}],"replies":[{"embeddable":true,"href":"https:\/\/diariodepe.com.br\/cri\/wp-json\/wp\/v2\/comments?post=9718"}],"version-history":[{"count":1,"href":"https:\/\/diariodepe.com.br\/cri\/wp-json\/wp\/v2\/posts\/9718\/revisions"}],"predecessor-version":[{"id":9719,"href":"https:\/\/diariodepe.com.br\/cri\/wp-json\/wp\/v2\/posts\/9718\/revisions\/9719"}],"wp:attachment":[{"href":"https:\/\/diariodepe.com.br\/cri\/wp-json\/wp\/v2\/media?parent=9718"}],"wp:term":[{"taxonomy":"category","embeddable":true,"href":"https:\/\/diariodepe.com.br\/cri\/wp-json\/wp\/v2\/categories?post=9718"},{"taxonomy":"post_tag","embeddable":true,"href":"https:\/\/diariodepe.com.br\/cri\/wp-json\/wp\/v2\/tags?post=9718"}],"curies":[{"name":"wp","href":"https:\/\/api.w.org\/{rel}","templated":true}]}}