{"id":9715,"date":"2025-10-15T00:45:25","date_gmt":"2025-10-15T03:45:25","guid":{"rendered":"https:\/\/diariodepe.com.br\/cri\/?p=9715"},"modified":"2025-10-15T00:45:25","modified_gmt":"2025-10-15T03:45:25","slug":"xi-jinping-se-encontra-com-primeira-ministra-mocambicana","status":"publish","type":"post","link":"https:\/\/diariodepe.com.br\/cri\/2025\/10\/15\/xi-jinping-se-encontra-com-primeira-ministra-mocambicana\/","title":{"rendered":"Xi Jinping se encontra com primeira-ministra mo\u00e7ambicana"},"content":{"rendered":"<p>Na manh\u00e3 de 14 de outubro, o presidente chin\u00eas, Xi Jinping, encontrou-se com a primeira-ministra de Mo\u00e7ambique, Maria Benvinda Levy, em Beijing, que veio \u00e0 China para participar da Reuni\u00e3o de L\u00edderes Globais sobre Mulheres.<\/p>\n<p>Xi Jinping destacou que a China est\u00e1 disposta a continuar mantendo os apoios m\u00fatuos com Mo\u00e7ambique, fortalecendo a coopera\u00e7\u00e3o estrat\u00e9gica, expandindo a coopera\u00e7\u00e3o ganha-ganha e aprofundando a parceria estrat\u00e9gica abrangente sino-mo\u00e7ambicana.<\/p>\n<p>O l\u00edder chin\u00eas enfatizou que ambos os lados devem aprofundar a coopera\u00e7\u00e3o pragm\u00e1tica, buscando juntos novos modelos de desenvolvimento coordenado e integrado na explora\u00e7\u00e3o de recursos energ\u00e9ticos e minerais e na constru\u00e7\u00e3o de infraestrutura. A China est\u00e1 disposta a trabalhar com Mo\u00e7ambique na implementa\u00e7\u00e3o da iniciativa de governan\u00e7a global, opondo-se ao unilateralismo e ao hegemonismo, protegendo os interesses comuns n\u00e3o s\u00f3 de ambos os pa\u00edses, mas do Sul Global como um todo.<\/p>\n<p>Levy afirmou que o governo de Mo\u00e7ambique apoia as quatro iniciativas globais propostas pela China e est\u00e1 disposto a fortalecer a coopera\u00e7\u00e3o multilateral com a China, promovendo a constru\u00e7\u00e3o de um sistema de governan\u00e7a global mais justo e razo\u00e1vel.<\/p>\n","protected":false},"excerpt":{"rendered":"<p>Na manh\u00e3 de 14 de outubro, o presidente chin\u00eas, Xi Jinping, encontrou-se com a primeira-ministra de Mo\u00e7ambique, Maria Benvinda Levy, em Beijing, que veio \u00e0 China para participar da Reuni\u00e3o de L\u00edderes Globais sobre Mulheres. Xi Jinping destacou que a&#8230;<\/p>\n","protected":false},"author":5,"featured_media":0,"comment_status":"open","ping_status":"open","sticky":false,"template":"","format":"standard","meta":{"footnotes":""},"categories":[3],"tags":[],"class_list":["post-9715","post","type-post","status-publish","format-standard","hentry","category-china"],"yoast_head":"<!-- This site is optimized with the Yoast SEO plugin v27.4 - https:\/\/yoast.com\/product\/yoast-seo-wordpress\/ -->\n<title>Xi Jinping se encontra com primeira-ministra mo\u00e7ambicana - CRI e Diario de Pernambuco<\/title>\n<meta name=\"robots\" content=\"index, follow, max-snippet:-1, max-image-preview:large, max-video-preview:-1\" \/>\n<link rel=\"canonical\" href=\"https:\/\/diariodepe.com.br\/cri\/2025\/10\/15\/xi-jinping-se-encontra-com-primeira-ministra-mocambicana\/\" \/>\n<meta property=\"og:locale\" content=\"pt_BR\" \/>\n<meta property=\"og:type\" content=\"article\" \/>\n<meta property=\"og:title\" content=\"Xi Jinping se encontra com primeira-ministra mo\u00e7ambicana - CRI e Diario de Pernambuco\" \/>\n<meta property=\"og:description\" content=\"Na manh\u00e3 de 14 de outubro, o presidente chin\u00eas, Xi Jinping, encontrou-se com a primeira-ministra de Mo\u00e7ambique, Maria Benvinda Levy, em Beijing, que veio \u00e0 China para participar da Reuni\u00e3o de L\u00edderes Globais sobre Mulheres. Xi Jinping destacou que a...\" \/>\n<meta property=\"og:url\" content=\"https:\/\/diariodepe.com.br\/cri\/2025\/10\/15\/xi-jinping-se-encontra-com-primeira-ministra-mocambicana\/\" \/>\n<meta property=\"og:site_name\" content=\"CRI e Diario de Pernambuco\" \/>\n<meta property=\"article:published_time\" content=\"2025-10-15T03:45:25+00:00\" \/>\n<meta name=\"author\" content=\"CRI Portugu\u00eas\" \/>\n<meta name=\"twitter:card\" content=\"summary_large_image\" \/>\n<meta name=\"twitter:label1\" content=\"Escrito por\" \/>\n\t<meta name=\"twitter:data1\" content=\"CRI Portugu\u00eas\" \/>\n\t<meta name=\"twitter:label2\" content=\"Est. tempo de leitura\" \/>\n\t<meta name=\"twitter:data2\" content=\"1 minuto\" \/>\n<script type=\"application\/ld+json\" class=\"yoast-schema-graph\">{\"@context\":\"https:\\\/\\\/schema.org\",\"@graph\":[{\"@type\":\"Article\",\"@id\":\"https:\\\/\\\/diariodepe.com.br\\\/cri\\\/2025\\\/10\\\/15\\\/xi-jinping-se-encontra-com-primeira-ministra-mocambicana\\\/#article\",\"isPartOf\":{\"@id\":\"https:\\\/\\\/diariodepe.com.br\\\/cri\\\/2025\\\/10\\\/15\\\/xi-jinping-se-encontra-com-primeira-ministra-mocambicana\\\/\"},\"author\":{\"name\":\"CRI Portugu\u00eas\",\"@id\":\"https:\\\/\\\/diariodepe.com.br\\\/cri\\\/#\\\/schema\\\/person\\\/e474aead631cd4098632e11d3fbce118\"},\"headline\":\"Xi Jinping se encontra com primeira-ministra mo\u00e7ambicana\",\"datePublished\":\"2025-10-15T03:45:25+00:00\",\"mainEntityOfPage\":{\"@id\":\"https:\\\/\\\/diariodepe.com.br\\\/cri\\\/2025\\\/10\\\/15\\\/xi-jinping-se-encontra-com-primeira-ministra-mocambicana\\\/\"},\"wordCount\":211,\"commentCount\":0,\"publisher\":{\"@id\":\"https:\\\/\\\/diariodepe.com.br\\\/cri\\\/#organization\"},\"articleSection\":[\"China\"],\"inLanguage\":\"pt-BR\",\"potentialAction\":[{\"@type\":\"CommentAction\",\"name\":\"Comment\",\"target\":[\"https:\\\/\\\/diariodepe.com.br\\\/cri\\\/2025\\\/10\\\/15\\\/xi-jinping-se-encontra-com-primeira-ministra-mocambicana\\\/#respond\"]}]},{\"@type\":\"WebPage\",\"@id\":\"https:\\\/\\\/diariodepe.com.br\\\/cri\\\/2025\\\/10\\\/15\\\/xi-jinping-se-encontra-com-primeira-ministra-mocambicana\\\/\",\"url\":\"https:\\\/\\\/diariodepe.com.br\\\/cri\\\/2025\\\/10\\\/15\\\/xi-jinping-se-encontra-com-primeira-ministra-mocambicana\\\/\",\"name\":\"Xi Jinping se encontra com primeira-ministra mo\u00e7ambicana - CRI e Diario de Pernambuco\",\"isPartOf\":{\"@id\":\"https:\\\/\\\/diariodepe.com.br\\\/cri\\\/#website\"},\"datePublished\":\"2025-10-15T03:45:25+00:00\",\"breadcrumb\":{\"@id\":\"https:\\\/\\\/diariodepe.com.br\\\/cri\\\/2025\\\/10\\\/15\\\/xi-jinping-se-encontra-com-primeira-ministra-mocambicana\\\/#breadcrumb\"},\"inLanguage\":\"pt-BR\",\"potentialAction\":[{\"@type\":\"ReadAction\",\"target\":[\"https:\\\/\\\/diariodepe.com.br\\\/cri\\\/2025\\\/10\\\/15\\\/xi-jinping-se-encontra-com-primeira-ministra-mocambicana\\\/\"]}]},{\"@type\":\"BreadcrumbList\",\"@id\":\"https:\\\/\\\/diariodepe.com.br\\\/cri\\\/2025\\\/10\\\/15\\\/xi-jinping-se-encontra-com-primeira-ministra-mocambicana\\\/#breadcrumb\",\"itemListElement\":[{\"@type\":\"ListItem\",\"position\":1,\"name\":\"In\u00edcio\",\"item\":\"https:\\\/\\\/diariodepe.com.br\\\/cri\\\/\"},{\"@type\":\"ListItem\",\"position\":2,\"name\":\"Xi Jinping se encontra com primeira-ministra mo\u00e7ambicana\"}]},{\"@type\":\"WebSite\",\"@id\":\"https:\\\/\\\/diariodepe.com.br\\\/cri\\\/#website\",\"url\":\"https:\\\/\\\/diariodepe.com.br\\\/cri\\\/\",\"name\":\"CRI e Diario de Pernambuco\",\"description\":\"R\u00e1dio Internacional da China\",\"publisher\":{\"@id\":\"https:\\\/\\\/diariodepe.com.br\\\/cri\\\/#organization\"},\"potentialAction\":[{\"@type\":\"SearchAction\",\"target\":{\"@type\":\"EntryPoint\",\"urlTemplate\":\"https:\\\/\\\/diariodepe.com.br\\\/cri\\\/?s={search_term_string}\"},\"query-input\":{\"@type\":\"PropertyValueSpecification\",\"valueRequired\":true,\"valueName\":\"search_term_string\"}}],\"inLanguage\":\"pt-BR\"},{\"@type\":\"Organization\",\"@id\":\"https:\\\/\\\/diariodepe.com.br\\\/cri\\\/#organization\",\"name\":\"CRI e Diario de Pernambuco\",\"url\":\"https:\\\/\\\/diariodepe.com.br\\\/cri\\\/\",\"logo\":{\"@type\":\"ImageObject\",\"inLanguage\":\"pt-BR\",\"@id\":\"https:\\\/\\\/diariodepe.com.br\\\/cri\\\/#\\\/schema\\\/logo\\\/image\\\/\",\"url\":\"https:\\\/\\\/diariodepe.com.br\\\/cri\\\/wp-content\\\/uploads\\\/sites\\\/2\\\/2022\\\/12\\\/cropped-Logo.jpg\",\"contentUrl\":\"https:\\\/\\\/diariodepe.com.br\\\/cri\\\/wp-content\\\/uploads\\\/sites\\\/2\\\/2022\\\/12\\\/cropped-Logo.jpg\",\"width\":700,\"height\":59,\"caption\":\"CRI e Diario de Pernambuco\"},\"image\":{\"@id\":\"https:\\\/\\\/diariodepe.com.br\\\/cri\\\/#\\\/schema\\\/logo\\\/image\\\/\"}},{\"@type\":\"Person\",\"@id\":\"https:\\\/\\\/diariodepe.com.br\\\/cri\\\/#\\\/schema\\\/person\\\/e474aead631cd4098632e11d3fbce118\",\"name\":\"CRI Portugu\u00eas\",\"image\":{\"@type\":\"ImageObject\",\"inLanguage\":\"pt-BR\",\"@id\":\"https:\\\/\\\/secure.gravatar.com\\\/avatar\\\/e2ac889ef882d4dc53091b610766dce49106cf9fe98c76e06745abb0993b2763?s=96&d=mm&r=g\",\"url\":\"https:\\\/\\\/secure.gravatar.com\\\/avatar\\\/e2ac889ef882d4dc53091b610766dce49106cf9fe98c76e06745abb0993b2763?s=96&d=mm&r=g\",\"contentUrl\":\"https:\\\/\\\/secure.gravatar.com\\\/avatar\\\/e2ac889ef882d4dc53091b610766dce49106cf9fe98c76e06745abb0993b2763?s=96&d=mm&r=g\",\"caption\":\"CRI Portugu\u00eas\"},\"sameAs\":[\"https:\\\/\\\/www.diariodepernambuco.com.br\\\/\"],\"url\":\"https:\\\/\\\/diariodepe.com.br\\\/cri\\\/author\\\/agencia-cri\\\/\"}]}<\/script>\n<!-- \/ Yoast SEO plugin. -->","yoast_head_json":{"title":"Xi Jinping se encontra com primeira-ministra mo\u00e7ambicana - CRI e Diario de Pernambuco","robots":{"index":"index","follow":"follow","max-snippet":"max-snippet:-1","max-image-preview":"max-image-preview:large","max-video-preview":"max-video-preview:-1"},"canonical":"https:\/\/diariodepe.com.br\/cri\/2025\/10\/15\/xi-jinping-se-encontra-com-primeira-ministra-mocambicana\/","og_locale":"pt_BR","og_type":"article","og_title":"Xi Jinping se encontra com primeira-ministra mo\u00e7ambicana - CRI e Diario de Pernambuco","og_description":"Na manh\u00e3 de 14 de outubro, o presidente chin\u00eas, Xi Jinping, encontrou-se com a primeira-ministra de Mo\u00e7ambique, Maria Benvinda Levy, em Beijing, que veio \u00e0 China para participar da Reuni\u00e3o de L\u00edderes Globais sobre Mulheres. Xi Jinping destacou que a...","og_url":"https:\/\/diariodepe.com.br\/cri\/2025\/10\/15\/xi-jinping-se-encontra-com-primeira-ministra-mocambicana\/","og_site_name":"CRI e Diario de Pernambuco","article_published_time":"2025-10-15T03:45:25+00:00","author":"CRI Portugu\u00eas","twitter_card":"summary_large_image","twitter_misc":{"Escrito por":"CRI Portugu\u00eas","Est. tempo de leitura":"1 minuto"},"schema":{"@context":"https:\/\/schema.org","@graph":[{"@type":"Article","@id":"https:\/\/diariodepe.com.br\/cri\/2025\/10\/15\/xi-jinping-se-encontra-com-primeira-ministra-mocambicana\/#article","isPartOf":{"@id":"https:\/\/diariodepe.com.br\/cri\/2025\/10\/15\/xi-jinping-se-encontra-com-primeira-ministra-mocambicana\/"},"author":{"name":"CRI Portugu\u00eas","@id":"https:\/\/diariodepe.com.br\/cri\/#\/schema\/person\/e474aead631cd4098632e11d3fbce118"},"headline":"Xi Jinping se encontra com primeira-ministra mo\u00e7ambicana","datePublished":"2025-10-15T03:45:25+00:00","mainEntityOfPage":{"@id":"https:\/\/diariodepe.com.br\/cri\/2025\/10\/15\/xi-jinping-se-encontra-com-primeira-ministra-mocambicana\/"},"wordCount":211,"commentCount":0,"publisher":{"@id":"https:\/\/diariodepe.com.br\/cri\/#organization"},"articleSection":["China"],"inLanguage":"pt-BR","potentialAction":[{"@type":"CommentAction","name":"Comment","target":["https:\/\/diariodepe.com.br\/cri\/2025\/10\/15\/xi-jinping-se-encontra-com-primeira-ministra-mocambicana\/#respond"]}]},{"@type":"WebPage","@id":"https:\/\/diariodepe.com.br\/cri\/2025\/10\/15\/xi-jinping-se-encontra-com-primeira-ministra-mocambicana\/","url":"https:\/\/diariodepe.com.br\/cri\/2025\/10\/15\/xi-jinping-se-encontra-com-primeira-ministra-mocambicana\/","name":"Xi Jinping se encontra com primeira-ministra mo\u00e7ambicana - CRI e Diario de Pernambuco","isPartOf":{"@id":"https:\/\/diariodepe.com.br\/cri\/#website"},"datePublished":"2025-10-15T03:45:25+00:00","breadcrumb":{"@id":"https:\/\/diariodepe.com.br\/cri\/2025\/10\/15\/xi-jinping-se-encontra-com-primeira-ministra-mocambicana\/#breadcrumb"},"inLanguage":"pt-BR","potentialAction":[{"@type":"ReadAction","target":["https:\/\/diariodepe.com.br\/cri\/2025\/10\/15\/xi-jinping-se-encontra-com-primeira-ministra-mocambicana\/"]}]},{"@type":"BreadcrumbList","@id":"https:\/\/diariodepe.com.br\/cri\/2025\/10\/15\/xi-jinping-se-encontra-com-primeira-ministra-mocambicana\/#breadcrumb","itemListElement":[{"@type":"ListItem","position":1,"name":"In\u00edcio","item":"https:\/\/diariodepe.com.br\/cri\/"},{"@type":"ListItem","position":2,"name":"Xi Jinping se encontra com primeira-ministra mo\u00e7ambicana"}]},{"@type":"WebSite","@id":"https:\/\/diariodepe.com.br\/cri\/#website","url":"https:\/\/diariodepe.com.br\/cri\/","name":"CRI e Diario de Pernambuco","description":"R\u00e1dio Internacional da China","publisher":{"@id":"https:\/\/diariodepe.com.br\/cri\/#organization"},"potentialAction":[{"@type":"SearchAction","target":{"@type":"EntryPoint","urlTemplate":"https:\/\/diariodepe.com.br\/cri\/?s={search_term_string}"},"query-input":{"@type":"PropertyValueSpecification","valueRequired":true,"valueName":"search_term_string"}}],"inLanguage":"pt-BR"},{"@type":"Organization","@id":"https:\/\/diariodepe.com.br\/cri\/#organization","name":"CRI e Diario de Pernambuco","url":"https:\/\/diariodepe.com.br\/cri\/","logo":{"@type":"ImageObject","inLanguage":"pt-BR","@id":"https:\/\/diariodepe.com.br\/cri\/#\/schema\/logo\/image\/","url":"https:\/\/diariodepe.com.br\/cri\/wp-content\/uploads\/sites\/2\/2022\/12\/cropped-Logo.jpg","contentUrl":"https:\/\/diariodepe.com.br\/cri\/wp-content\/uploads\/sites\/2\/2022\/12\/cropped-Logo.jpg","width":700,"height":59,"caption":"CRI e Diario de Pernambuco"},"image":{"@id":"https:\/\/diariodepe.com.br\/cri\/#\/schema\/logo\/image\/"}},{"@type":"Person","@id":"https:\/\/diariodepe.com.br\/cri\/#\/schema\/person\/e474aead631cd4098632e11d3fbce118","name":"CRI Portugu\u00eas","image":{"@type":"ImageObject","inLanguage":"pt-BR","@id":"https:\/\/secure.gravatar.com\/avatar\/e2ac889ef882d4dc53091b610766dce49106cf9fe98c76e06745abb0993b2763?s=96&d=mm&r=g","url":"https:\/\/secure.gravatar.com\/avatar\/e2ac889ef882d4dc53091b610766dce49106cf9fe98c76e06745abb0993b2763?s=96&d=mm&r=g","contentUrl":"https:\/\/secure.gravatar.com\/avatar\/e2ac889ef882d4dc53091b610766dce49106cf9fe98c76e06745abb0993b2763?s=96&d=mm&r=g","caption":"CRI Portugu\u00eas"},"sameAs":["https:\/\/www.diariodepernambuco.com.br\/"],"url":"https:\/\/diariodepe.com.br\/cri\/author\/agencia-cri\/"}]}},"cc_featured_image_caption":{"caption_text":"","source_text":"","source_url":""},"amp_enabled":true,"_links":{"self":[{"href":"https:\/\/diariodepe.com.br\/cri\/wp-json\/wp\/v2\/posts\/9715","targetHints":{"allow":["GET"]}}],"collection":[{"href":"https:\/\/diariodepe.com.br\/cri\/wp-json\/wp\/v2\/posts"}],"about":[{"href":"https:\/\/diariodepe.com.br\/cri\/wp-json\/wp\/v2\/types\/post"}],"author":[{"embeddable":true,"href":"https:\/\/diariodepe.com.br\/cri\/wp-json\/wp\/v2\/users\/5"}],"replies":[{"embeddable":true,"href":"https:\/\/diariodepe.com.br\/cri\/wp-json\/wp\/v2\/comments?post=9715"}],"version-history":[{"count":1,"href":"https:\/\/diariodepe.com.br\/cri\/wp-json\/wp\/v2\/posts\/9715\/revisions"}],"predecessor-version":[{"id":9716,"href":"https:\/\/diariodepe.com.br\/cri\/wp-json\/wp\/v2\/posts\/9715\/revisions\/9716"}],"wp:attachment":[{"href":"https:\/\/diariodepe.com.br\/cri\/wp-json\/wp\/v2\/media?parent=9715"}],"wp:term":[{"taxonomy":"category","embeddable":true,"href":"https:\/\/diariodepe.com.br\/cri\/wp-json\/wp\/v2\/categories?post=9715"},{"taxonomy":"post_tag","embeddable":true,"href":"https:\/\/diariodepe.com.br\/cri\/wp-json\/wp\/v2\/tags?post=9715"}],"curies":[{"name":"wp","href":"https:\/\/api.w.org\/{rel}","templated":true}]}}