{"id":9711,"date":"2025-10-14T09:53:06","date_gmt":"2025-10-14T12:53:06","guid":{"rendered":"https:\/\/diariodepe.com.br\/cri\/?p=9711"},"modified":"2025-10-14T09:53:06","modified_gmt":"2025-10-14T12:53:06","slug":"peng-liyuan-participa-no-evento-paralelo-da-reuniao-global-dos-lideres-sobre-mulheres","status":"publish","type":"post","link":"https:\/\/diariodepe.com.br\/cri\/2025\/10\/14\/peng-liyuan-participa-no-evento-paralelo-da-reuniao-global-dos-lideres-sobre-mulheres\/","title":{"rendered":"Peng Liyuan participa no evento paralelo da Reuni\u00e3o Global dos L\u00edderes sobre Mulheres"},"content":{"rendered":"<p>Foi inaugurada nesta ter\u00e7a-feira (14), em Beijing, a exposi\u00e7\u00e3o sobre os avan\u00e7os na capacita\u00e7\u00e3o de mulheres e meninas por meio de tecnologias digitais e inteligentes, evento paralelo \u00e0 Reuni\u00e3o Global dos L\u00edderes sobre Mulheres. A cerim\u00f4nia de abertura contou com a presen\u00e7a e o discurso de Peng Liyuan, esposa do presidente da China, Xi Jinping, e enviada especial da UNESCO para o avan\u00e7o da educa\u00e7\u00e3o de meninas e mulheres. Tamb\u00e9m discursou Sima Bahous, vice-secret\u00e1ria-geral das Na\u00e7\u00f5es Unidas (ONU) e diretora executiva da ONU Mulheres.<\/p>\n<p>Peng Liyuan destacou que, com o r\u00e1pido desenvolvimento tecnol\u00f3gico, a integra\u00e7\u00e3o entre digitaliza\u00e7\u00e3o e intelig\u00eancia artificial vem se aprofundando e a nova gera\u00e7\u00e3o de tecnologia da informa\u00e7\u00e3o se torna uma nova for\u00e7a motriz que ajuda mulheres e meninas a perseguirem seus sonhos.<\/p>\n<p>Segundo ela, a China tem promovido o desenvolvimento da tecnologia digital e inteligente para transformar o estilo de vida e criar um espa\u00e7o maior de crescimento para mulheres. Peng Liyuan ressaltou que promover o avan\u00e7o dos direitos das mulheres \u00e9 uma responsabilidade compartilhada pela comunidade internacional e expressou sua expectativa de trabalhar em conjunto para abrir um futuro repleto de oportunidades para todas, al\u00e9m de impulsionar a causa global feminina.<\/p>\n<p>Em seu discurso, Sima Bahous elogiou as not\u00e1veis conquistas da China em preencher a lacuna digital de g\u00eanero, promover o desenvolvimento integral das mulheres e salvaguardar seus direitos e interesses. Ela afirmou que a organiza\u00e7\u00e3o da Reuni\u00e3o Global dos L\u00edderes sobre Mulheres pela China \u00e9 uma contribui\u00e7\u00e3o significativa para o avan\u00e7o da causa feminina em todo o mundo.<\/p>\n<p>Convidados elogiaram os avan\u00e7os da China na causa feminina, ap\u00f3s testemunhar, com Peng Liyuan, as demonstra\u00e7\u00f5es interativas na exposi\u00e7\u00e3o.<\/p>\n","protected":false},"excerpt":{"rendered":"<p>Foi inaugurada nesta ter\u00e7a-feira (14), em Beijing, a exposi\u00e7\u00e3o sobre os avan\u00e7os na capacita\u00e7\u00e3o de mulheres e meninas por meio de tecnologias digitais e inteligentes, evento paralelo \u00e0 Reuni\u00e3o Global dos L\u00edderes sobre Mulheres. A cerim\u00f4nia de abertura contou com&#8230;<\/p>\n","protected":false},"author":5,"featured_media":9712,"comment_status":"open","ping_status":"open","sticky":false,"template":"","format":"standard","meta":{"footnotes":""},"categories":[3,5],"tags":[],"class_list":["post-9711","post","type-post","status-publish","format-standard","has-post-thumbnail","hentry","category-china","category-destaques-capa"],"yoast_head":"<!-- This site is optimized with the Yoast SEO plugin v27.4 - https:\/\/yoast.com\/product\/yoast-seo-wordpress\/ -->\n<title>Peng Liyuan participa no evento paralelo da Reuni\u00e3o Global dos L\u00edderes sobre Mulheres - CRI e Diario de Pernambuco<\/title>\n<meta name=\"robots\" content=\"index, follow, max-snippet:-1, max-image-preview:large, max-video-preview:-1\" \/>\n<link rel=\"canonical\" href=\"https:\/\/diariodepe.com.br\/cri\/2025\/10\/14\/peng-liyuan-participa-no-evento-paralelo-da-reuniao-global-dos-lideres-sobre-mulheres\/\" \/>\n<meta property=\"og:locale\" content=\"pt_BR\" \/>\n<meta property=\"og:type\" content=\"article\" \/>\n<meta property=\"og:title\" content=\"Peng Liyuan participa no evento paralelo da Reuni\u00e3o Global dos L\u00edderes sobre Mulheres - CRI e Diario de Pernambuco\" \/>\n<meta property=\"og:description\" content=\"Foi inaugurada nesta ter\u00e7a-feira (14), em Beijing, a exposi\u00e7\u00e3o sobre os avan\u00e7os na capacita\u00e7\u00e3o de mulheres e meninas por meio de tecnologias digitais e inteligentes, evento paralelo \u00e0 Reuni\u00e3o Global dos L\u00edderes sobre Mulheres. A cerim\u00f4nia de abertura contou com...\" \/>\n<meta property=\"og:url\" content=\"https:\/\/diariodepe.com.br\/cri\/2025\/10\/14\/peng-liyuan-participa-no-evento-paralelo-da-reuniao-global-dos-lideres-sobre-mulheres\/\" \/>\n<meta property=\"og:site_name\" content=\"CRI e Diario de Pernambuco\" \/>\n<meta property=\"article:published_time\" content=\"2025-10-14T12:53:06+00:00\" \/>\n<meta property=\"og:image\" content=\"https:\/\/diariodepe.com.br\/cri\/wp-content\/uploads\/sites\/2\/2025\/10\/1760445252985_626.jpg\" \/>\n\t<meta property=\"og:image:width\" content=\"1000\" \/>\n\t<meta property=\"og:image:height\" content=\"563\" \/>\n\t<meta property=\"og:image:type\" content=\"image\/jpeg\" \/>\n<meta name=\"author\" content=\"CRI Portugu\u00eas\" \/>\n<meta name=\"twitter:card\" content=\"summary_large_image\" \/>\n<meta name=\"twitter:label1\" content=\"Escrito por\" \/>\n\t<meta name=\"twitter:data1\" content=\"CRI Portugu\u00eas\" \/>\n\t<meta name=\"twitter:label2\" content=\"Est. tempo de leitura\" \/>\n\t<meta name=\"twitter:data2\" content=\"2 minutos\" \/>\n<script type=\"application\/ld+json\" class=\"yoast-schema-graph\">{\"@context\":\"https:\\\/\\\/schema.org\",\"@graph\":[{\"@type\":\"Article\",\"@id\":\"https:\\\/\\\/diariodepe.com.br\\\/cri\\\/2025\\\/10\\\/14\\\/peng-liyuan-participa-no-evento-paralelo-da-reuniao-global-dos-lideres-sobre-mulheres\\\/#article\",\"isPartOf\":{\"@id\":\"https:\\\/\\\/diariodepe.com.br\\\/cri\\\/2025\\\/10\\\/14\\\/peng-liyuan-participa-no-evento-paralelo-da-reuniao-global-dos-lideres-sobre-mulheres\\\/\"},\"author\":{\"name\":\"CRI Portugu\u00eas\",\"@id\":\"https:\\\/\\\/diariodepe.com.br\\\/cri\\\/#\\\/schema\\\/person\\\/e474aead631cd4098632e11d3fbce118\"},\"headline\":\"Peng Liyuan participa no evento paralelo da Reuni\u00e3o Global dos L\u00edderes sobre Mulheres\",\"datePublished\":\"2025-10-14T12:53:06+00:00\",\"mainEntityOfPage\":{\"@id\":\"https:\\\/\\\/diariodepe.com.br\\\/cri\\\/2025\\\/10\\\/14\\\/peng-liyuan-participa-no-evento-paralelo-da-reuniao-global-dos-lideres-sobre-mulheres\\\/\"},\"wordCount\":319,\"commentCount\":0,\"publisher\":{\"@id\":\"https:\\\/\\\/diariodepe.com.br\\\/cri\\\/#organization\"},\"image\":{\"@id\":\"https:\\\/\\\/diariodepe.com.br\\\/cri\\\/2025\\\/10\\\/14\\\/peng-liyuan-participa-no-evento-paralelo-da-reuniao-global-dos-lideres-sobre-mulheres\\\/#primaryimage\"},\"thumbnailUrl\":\"https:\\\/\\\/diariodepe.com.br\\\/cri\\\/wp-content\\\/uploads\\\/sites\\\/2\\\/2025\\\/10\\\/1760445252985_626.jpg\",\"articleSection\":[\"China\",\"Destaques Capa\"],\"inLanguage\":\"pt-BR\",\"potentialAction\":[{\"@type\":\"CommentAction\",\"name\":\"Comment\",\"target\":[\"https:\\\/\\\/diariodepe.com.br\\\/cri\\\/2025\\\/10\\\/14\\\/peng-liyuan-participa-no-evento-paralelo-da-reuniao-global-dos-lideres-sobre-mulheres\\\/#respond\"]}]},{\"@type\":\"WebPage\",\"@id\":\"https:\\\/\\\/diariodepe.com.br\\\/cri\\\/2025\\\/10\\\/14\\\/peng-liyuan-participa-no-evento-paralelo-da-reuniao-global-dos-lideres-sobre-mulheres\\\/\",\"url\":\"https:\\\/\\\/diariodepe.com.br\\\/cri\\\/2025\\\/10\\\/14\\\/peng-liyuan-participa-no-evento-paralelo-da-reuniao-global-dos-lideres-sobre-mulheres\\\/\",\"name\":\"Peng Liyuan participa no evento paralelo da Reuni\u00e3o Global dos L\u00edderes sobre Mulheres - CRI e Diario de Pernambuco\",\"isPartOf\":{\"@id\":\"https:\\\/\\\/diariodepe.com.br\\\/cri\\\/#website\"},\"primaryImageOfPage\":{\"@id\":\"https:\\\/\\\/diariodepe.com.br\\\/cri\\\/2025\\\/10\\\/14\\\/peng-liyuan-participa-no-evento-paralelo-da-reuniao-global-dos-lideres-sobre-mulheres\\\/#primaryimage\"},\"image\":{\"@id\":\"https:\\\/\\\/diariodepe.com.br\\\/cri\\\/2025\\\/10\\\/14\\\/peng-liyuan-participa-no-evento-paralelo-da-reuniao-global-dos-lideres-sobre-mulheres\\\/#primaryimage\"},\"thumbnailUrl\":\"https:\\\/\\\/diariodepe.com.br\\\/cri\\\/wp-content\\\/uploads\\\/sites\\\/2\\\/2025\\\/10\\\/1760445252985_626.jpg\",\"datePublished\":\"2025-10-14T12:53:06+00:00\",\"breadcrumb\":{\"@id\":\"https:\\\/\\\/diariodepe.com.br\\\/cri\\\/2025\\\/10\\\/14\\\/peng-liyuan-participa-no-evento-paralelo-da-reuniao-global-dos-lideres-sobre-mulheres\\\/#breadcrumb\"},\"inLanguage\":\"pt-BR\",\"potentialAction\":[{\"@type\":\"ReadAction\",\"target\":[\"https:\\\/\\\/diariodepe.com.br\\\/cri\\\/2025\\\/10\\\/14\\\/peng-liyuan-participa-no-evento-paralelo-da-reuniao-global-dos-lideres-sobre-mulheres\\\/\"]}]},{\"@type\":\"ImageObject\",\"inLanguage\":\"pt-BR\",\"@id\":\"https:\\\/\\\/diariodepe.com.br\\\/cri\\\/2025\\\/10\\\/14\\\/peng-liyuan-participa-no-evento-paralelo-da-reuniao-global-dos-lideres-sobre-mulheres\\\/#primaryimage\",\"url\":\"https:\\\/\\\/diariodepe.com.br\\\/cri\\\/wp-content\\\/uploads\\\/sites\\\/2\\\/2025\\\/10\\\/1760445252985_626.jpg\",\"contentUrl\":\"https:\\\/\\\/diariodepe.com.br\\\/cri\\\/wp-content\\\/uploads\\\/sites\\\/2\\\/2025\\\/10\\\/1760445252985_626.jpg\",\"width\":1000,\"height\":563},{\"@type\":\"BreadcrumbList\",\"@id\":\"https:\\\/\\\/diariodepe.com.br\\\/cri\\\/2025\\\/10\\\/14\\\/peng-liyuan-participa-no-evento-paralelo-da-reuniao-global-dos-lideres-sobre-mulheres\\\/#breadcrumb\",\"itemListElement\":[{\"@type\":\"ListItem\",\"position\":1,\"name\":\"In\u00edcio\",\"item\":\"https:\\\/\\\/diariodepe.com.br\\\/cri\\\/\"},{\"@type\":\"ListItem\",\"position\":2,\"name\":\"Peng Liyuan participa no evento paralelo da Reuni\u00e3o Global dos L\u00edderes sobre Mulheres\"}]},{\"@type\":\"WebSite\",\"@id\":\"https:\\\/\\\/diariodepe.com.br\\\/cri\\\/#website\",\"url\":\"https:\\\/\\\/diariodepe.com.br\\\/cri\\\/\",\"name\":\"CRI e Diario de Pernambuco\",\"description\":\"R\u00e1dio Internacional da China\",\"publisher\":{\"@id\":\"https:\\\/\\\/diariodepe.com.br\\\/cri\\\/#organization\"},\"potentialAction\":[{\"@type\":\"SearchAction\",\"target\":{\"@type\":\"EntryPoint\",\"urlTemplate\":\"https:\\\/\\\/diariodepe.com.br\\\/cri\\\/?s={search_term_string}\"},\"query-input\":{\"@type\":\"PropertyValueSpecification\",\"valueRequired\":true,\"valueName\":\"search_term_string\"}}],\"inLanguage\":\"pt-BR\"},{\"@type\":\"Organization\",\"@id\":\"https:\\\/\\\/diariodepe.com.br\\\/cri\\\/#organization\",\"name\":\"CRI e Diario de Pernambuco\",\"url\":\"https:\\\/\\\/diariodepe.com.br\\\/cri\\\/\",\"logo\":{\"@type\":\"ImageObject\",\"inLanguage\":\"pt-BR\",\"@id\":\"https:\\\/\\\/diariodepe.com.br\\\/cri\\\/#\\\/schema\\\/logo\\\/image\\\/\",\"url\":\"https:\\\/\\\/diariodepe.com.br\\\/cri\\\/wp-content\\\/uploads\\\/sites\\\/2\\\/2022\\\/12\\\/cropped-Logo.jpg\",\"contentUrl\":\"https:\\\/\\\/diariodepe.com.br\\\/cri\\\/wp-content\\\/uploads\\\/sites\\\/2\\\/2022\\\/12\\\/cropped-Logo.jpg\",\"width\":700,\"height\":59,\"caption\":\"CRI e Diario de Pernambuco\"},\"image\":{\"@id\":\"https:\\\/\\\/diariodepe.com.br\\\/cri\\\/#\\\/schema\\\/logo\\\/image\\\/\"}},{\"@type\":\"Person\",\"@id\":\"https:\\\/\\\/diariodepe.com.br\\\/cri\\\/#\\\/schema\\\/person\\\/e474aead631cd4098632e11d3fbce118\",\"name\":\"CRI Portugu\u00eas\",\"image\":{\"@type\":\"ImageObject\",\"inLanguage\":\"pt-BR\",\"@id\":\"https:\\\/\\\/secure.gravatar.com\\\/avatar\\\/e2ac889ef882d4dc53091b610766dce49106cf9fe98c76e06745abb0993b2763?s=96&d=mm&r=g\",\"url\":\"https:\\\/\\\/secure.gravatar.com\\\/avatar\\\/e2ac889ef882d4dc53091b610766dce49106cf9fe98c76e06745abb0993b2763?s=96&d=mm&r=g\",\"contentUrl\":\"https:\\\/\\\/secure.gravatar.com\\\/avatar\\\/e2ac889ef882d4dc53091b610766dce49106cf9fe98c76e06745abb0993b2763?s=96&d=mm&r=g\",\"caption\":\"CRI Portugu\u00eas\"},\"sameAs\":[\"https:\\\/\\\/www.diariodepernambuco.com.br\\\/\"],\"url\":\"https:\\\/\\\/diariodepe.com.br\\\/cri\\\/author\\\/agencia-cri\\\/\"}]}<\/script>\n<!-- \/ Yoast SEO plugin. -->","yoast_head_json":{"title":"Peng Liyuan participa no evento paralelo da Reuni\u00e3o Global dos L\u00edderes sobre Mulheres - CRI e Diario de Pernambuco","robots":{"index":"index","follow":"follow","max-snippet":"max-snippet:-1","max-image-preview":"max-image-preview:large","max-video-preview":"max-video-preview:-1"},"canonical":"https:\/\/diariodepe.com.br\/cri\/2025\/10\/14\/peng-liyuan-participa-no-evento-paralelo-da-reuniao-global-dos-lideres-sobre-mulheres\/","og_locale":"pt_BR","og_type":"article","og_title":"Peng Liyuan participa no evento paralelo da Reuni\u00e3o Global dos L\u00edderes sobre Mulheres - CRI e Diario de Pernambuco","og_description":"Foi inaugurada nesta ter\u00e7a-feira (14), em Beijing, a exposi\u00e7\u00e3o sobre os avan\u00e7os na capacita\u00e7\u00e3o de mulheres e meninas por meio de tecnologias digitais e inteligentes, evento paralelo \u00e0 Reuni\u00e3o Global dos L\u00edderes sobre Mulheres. A cerim\u00f4nia de abertura contou com...","og_url":"https:\/\/diariodepe.com.br\/cri\/2025\/10\/14\/peng-liyuan-participa-no-evento-paralelo-da-reuniao-global-dos-lideres-sobre-mulheres\/","og_site_name":"CRI e Diario de Pernambuco","article_published_time":"2025-10-14T12:53:06+00:00","og_image":[{"width":1000,"height":563,"url":"https:\/\/diariodepe.com.br\/cri\/wp-content\/uploads\/sites\/2\/2025\/10\/1760445252985_626.jpg","type":"image\/jpeg"}],"author":"CRI Portugu\u00eas","twitter_card":"summary_large_image","twitter_misc":{"Escrito por":"CRI Portugu\u00eas","Est. tempo de leitura":"2 minutos"},"schema":{"@context":"https:\/\/schema.org","@graph":[{"@type":"Article","@id":"https:\/\/diariodepe.com.br\/cri\/2025\/10\/14\/peng-liyuan-participa-no-evento-paralelo-da-reuniao-global-dos-lideres-sobre-mulheres\/#article","isPartOf":{"@id":"https:\/\/diariodepe.com.br\/cri\/2025\/10\/14\/peng-liyuan-participa-no-evento-paralelo-da-reuniao-global-dos-lideres-sobre-mulheres\/"},"author":{"name":"CRI Portugu\u00eas","@id":"https:\/\/diariodepe.com.br\/cri\/#\/schema\/person\/e474aead631cd4098632e11d3fbce118"},"headline":"Peng Liyuan participa no evento paralelo da Reuni\u00e3o Global dos L\u00edderes sobre Mulheres","datePublished":"2025-10-14T12:53:06+00:00","mainEntityOfPage":{"@id":"https:\/\/diariodepe.com.br\/cri\/2025\/10\/14\/peng-liyuan-participa-no-evento-paralelo-da-reuniao-global-dos-lideres-sobre-mulheres\/"},"wordCount":319,"commentCount":0,"publisher":{"@id":"https:\/\/diariodepe.com.br\/cri\/#organization"},"image":{"@id":"https:\/\/diariodepe.com.br\/cri\/2025\/10\/14\/peng-liyuan-participa-no-evento-paralelo-da-reuniao-global-dos-lideres-sobre-mulheres\/#primaryimage"},"thumbnailUrl":"https:\/\/diariodepe.com.br\/cri\/wp-content\/uploads\/sites\/2\/2025\/10\/1760445252985_626.jpg","articleSection":["China","Destaques Capa"],"inLanguage":"pt-BR","potentialAction":[{"@type":"CommentAction","name":"Comment","target":["https:\/\/diariodepe.com.br\/cri\/2025\/10\/14\/peng-liyuan-participa-no-evento-paralelo-da-reuniao-global-dos-lideres-sobre-mulheres\/#respond"]}]},{"@type":"WebPage","@id":"https:\/\/diariodepe.com.br\/cri\/2025\/10\/14\/peng-liyuan-participa-no-evento-paralelo-da-reuniao-global-dos-lideres-sobre-mulheres\/","url":"https:\/\/diariodepe.com.br\/cri\/2025\/10\/14\/peng-liyuan-participa-no-evento-paralelo-da-reuniao-global-dos-lideres-sobre-mulheres\/","name":"Peng Liyuan participa no evento paralelo da Reuni\u00e3o Global dos L\u00edderes sobre Mulheres - CRI e Diario de Pernambuco","isPartOf":{"@id":"https:\/\/diariodepe.com.br\/cri\/#website"},"primaryImageOfPage":{"@id":"https:\/\/diariodepe.com.br\/cri\/2025\/10\/14\/peng-liyuan-participa-no-evento-paralelo-da-reuniao-global-dos-lideres-sobre-mulheres\/#primaryimage"},"image":{"@id":"https:\/\/diariodepe.com.br\/cri\/2025\/10\/14\/peng-liyuan-participa-no-evento-paralelo-da-reuniao-global-dos-lideres-sobre-mulheres\/#primaryimage"},"thumbnailUrl":"https:\/\/diariodepe.com.br\/cri\/wp-content\/uploads\/sites\/2\/2025\/10\/1760445252985_626.jpg","datePublished":"2025-10-14T12:53:06+00:00","breadcrumb":{"@id":"https:\/\/diariodepe.com.br\/cri\/2025\/10\/14\/peng-liyuan-participa-no-evento-paralelo-da-reuniao-global-dos-lideres-sobre-mulheres\/#breadcrumb"},"inLanguage":"pt-BR","potentialAction":[{"@type":"ReadAction","target":["https:\/\/diariodepe.com.br\/cri\/2025\/10\/14\/peng-liyuan-participa-no-evento-paralelo-da-reuniao-global-dos-lideres-sobre-mulheres\/"]}]},{"@type":"ImageObject","inLanguage":"pt-BR","@id":"https:\/\/diariodepe.com.br\/cri\/2025\/10\/14\/peng-liyuan-participa-no-evento-paralelo-da-reuniao-global-dos-lideres-sobre-mulheres\/#primaryimage","url":"https:\/\/diariodepe.com.br\/cri\/wp-content\/uploads\/sites\/2\/2025\/10\/1760445252985_626.jpg","contentUrl":"https:\/\/diariodepe.com.br\/cri\/wp-content\/uploads\/sites\/2\/2025\/10\/1760445252985_626.jpg","width":1000,"height":563},{"@type":"BreadcrumbList","@id":"https:\/\/diariodepe.com.br\/cri\/2025\/10\/14\/peng-liyuan-participa-no-evento-paralelo-da-reuniao-global-dos-lideres-sobre-mulheres\/#breadcrumb","itemListElement":[{"@type":"ListItem","position":1,"name":"In\u00edcio","item":"https:\/\/diariodepe.com.br\/cri\/"},{"@type":"ListItem","position":2,"name":"Peng Liyuan participa no evento paralelo da Reuni\u00e3o Global dos L\u00edderes sobre Mulheres"}]},{"@type":"WebSite","@id":"https:\/\/diariodepe.com.br\/cri\/#website","url":"https:\/\/diariodepe.com.br\/cri\/","name":"CRI e Diario de Pernambuco","description":"R\u00e1dio Internacional da China","publisher":{"@id":"https:\/\/diariodepe.com.br\/cri\/#organization"},"potentialAction":[{"@type":"SearchAction","target":{"@type":"EntryPoint","urlTemplate":"https:\/\/diariodepe.com.br\/cri\/?s={search_term_string}"},"query-input":{"@type":"PropertyValueSpecification","valueRequired":true,"valueName":"search_term_string"}}],"inLanguage":"pt-BR"},{"@type":"Organization","@id":"https:\/\/diariodepe.com.br\/cri\/#organization","name":"CRI e Diario de Pernambuco","url":"https:\/\/diariodepe.com.br\/cri\/","logo":{"@type":"ImageObject","inLanguage":"pt-BR","@id":"https:\/\/diariodepe.com.br\/cri\/#\/schema\/logo\/image\/","url":"https:\/\/diariodepe.com.br\/cri\/wp-content\/uploads\/sites\/2\/2022\/12\/cropped-Logo.jpg","contentUrl":"https:\/\/diariodepe.com.br\/cri\/wp-content\/uploads\/sites\/2\/2022\/12\/cropped-Logo.jpg","width":700,"height":59,"caption":"CRI e Diario de Pernambuco"},"image":{"@id":"https:\/\/diariodepe.com.br\/cri\/#\/schema\/logo\/image\/"}},{"@type":"Person","@id":"https:\/\/diariodepe.com.br\/cri\/#\/schema\/person\/e474aead631cd4098632e11d3fbce118","name":"CRI Portugu\u00eas","image":{"@type":"ImageObject","inLanguage":"pt-BR","@id":"https:\/\/secure.gravatar.com\/avatar\/e2ac889ef882d4dc53091b610766dce49106cf9fe98c76e06745abb0993b2763?s=96&d=mm&r=g","url":"https:\/\/secure.gravatar.com\/avatar\/e2ac889ef882d4dc53091b610766dce49106cf9fe98c76e06745abb0993b2763?s=96&d=mm&r=g","contentUrl":"https:\/\/secure.gravatar.com\/avatar\/e2ac889ef882d4dc53091b610766dce49106cf9fe98c76e06745abb0993b2763?s=96&d=mm&r=g","caption":"CRI Portugu\u00eas"},"sameAs":["https:\/\/www.diariodepernambuco.com.br\/"],"url":"https:\/\/diariodepe.com.br\/cri\/author\/agencia-cri\/"}]}},"cc_featured_image_caption":{"caption_text":"","source_text":"","source_url":""},"amp_enabled":true,"_links":{"self":[{"href":"https:\/\/diariodepe.com.br\/cri\/wp-json\/wp\/v2\/posts\/9711","targetHints":{"allow":["GET"]}}],"collection":[{"href":"https:\/\/diariodepe.com.br\/cri\/wp-json\/wp\/v2\/posts"}],"about":[{"href":"https:\/\/diariodepe.com.br\/cri\/wp-json\/wp\/v2\/types\/post"}],"author":[{"embeddable":true,"href":"https:\/\/diariodepe.com.br\/cri\/wp-json\/wp\/v2\/users\/5"}],"replies":[{"embeddable":true,"href":"https:\/\/diariodepe.com.br\/cri\/wp-json\/wp\/v2\/comments?post=9711"}],"version-history":[{"count":1,"href":"https:\/\/diariodepe.com.br\/cri\/wp-json\/wp\/v2\/posts\/9711\/revisions"}],"predecessor-version":[{"id":9713,"href":"https:\/\/diariodepe.com.br\/cri\/wp-json\/wp\/v2\/posts\/9711\/revisions\/9713"}],"wp:featuredmedia":[{"embeddable":true,"href":"https:\/\/diariodepe.com.br\/cri\/wp-json\/wp\/v2\/media\/9712"}],"wp:attachment":[{"href":"https:\/\/diariodepe.com.br\/cri\/wp-json\/wp\/v2\/media?parent=9711"}],"wp:term":[{"taxonomy":"category","embeddable":true,"href":"https:\/\/diariodepe.com.br\/cri\/wp-json\/wp\/v2\/categories?post=9711"},{"taxonomy":"post_tag","embeddable":true,"href":"https:\/\/diariodepe.com.br\/cri\/wp-json\/wp\/v2\/tags?post=9711"}],"curies":[{"name":"wp","href":"https:\/\/api.w.org\/{rel}","templated":true}]}}