{"id":9701,"date":"2025-10-13T00:47:50","date_gmt":"2025-10-13T03:47:50","guid":{"rendered":"https:\/\/diariodepe.com.br\/cri\/?p=9701"},"modified":"2025-10-13T00:47:50","modified_gmt":"2025-10-13T03:47:50","slug":"iniciativas-de-xi-jinping-colocam-china-na-lideranca-do-desenvolvimento-global-da-causa-das-mulheres","status":"publish","type":"post","link":"https:\/\/diariodepe.com.br\/cri\/2025\/10\/13\/iniciativas-de-xi-jinping-colocam-china-na-lideranca-do-desenvolvimento-global-da-causa-das-mulheres\/","title":{"rendered":"Iniciativas de Xi Jinping colocam China na lideran\u00e7a do desenvolvimento global da causa das mulheres"},"content":{"rendered":"<div class=\"detailContent\" data-v-6a32acc9=\"\">\n<div class=\"mobile\" data-v-9cf1b08a=\"\" data-v-6a32acc9=\"\">\n<div id=\"detailContent\" class=\"mobile\" data-v-9cf1b08a=\"\">\n<p>A C\u00fapula Global das Mulheres ser\u00e1 realizada nesta segunda-feira (13) e ter\u00e7a-feira (14), em Beijing. O presidente da China, Xi Jinping, far\u00e1 um discurso na cerim\u00f4nia de abertura.<\/p>\n<p>H\u00e1 dez anos, Xi discursou em uma reuni\u00e3o semelhante, em Nova York. Irina Bokova, ent\u00e3o diretora-geral da Unesco, testemunhou a manifesta\u00e7\u00e3o e as frases marcantes citadas pelo presidente chin\u00eas, como \u200b\u200b&#8221;A busca pela igualdade de g\u00eanero \u00e9 uma grande causa\u201d, &#8220;Ao longo da hist\u00f3ria, n\u00e3o h\u00e1 libera\u00e7\u00e3o e progresso humano sem a libera\u00e7\u00e3o e progresso das mulheres&#8221;, que a \u00a0impressionaram profundamente.<\/p>\n<p>Para a primeira mulher a ocupar o cargo na Unesco, o governo chin\u00eas presta grande aten\u00e7\u00e3o ao grupo feminino e se concentra em promover o avan\u00e7o da causa das mulheres, o que criou uma condi\u00e7\u00e3o importante para a erradica\u00e7\u00e3o da pobreza e para a manuten\u00e7\u00e3o do desenvolvimento de alta qualidade do pa\u00eds.<\/p>\n<p>Como l\u00edder de um grande pa\u00eds, o presidente Xi Jinping tem proposto uma s\u00e9rie de iniciativas importantes para promover a igualdade de g\u00eanero e o desenvolvimento abrangente das mulheres, tornando a China uma participante, promotora e l\u00edder no desenvolvimento global da causa das mulheres.<\/p>\n<\/div>\n<\/div>\n<\/div>\n","protected":false},"excerpt":{"rendered":"<p>A C\u00fapula Global das Mulheres ser\u00e1 realizada nesta segunda-feira (13) e ter\u00e7a-feira (14), em Beijing. O presidente da China, Xi Jinping, far\u00e1 um discurso na cerim\u00f4nia de abertura. H\u00e1 dez anos, Xi discursou em uma reuni\u00e3o semelhante, em Nova York&#8230;.<\/p>\n","protected":false},"author":5,"featured_media":0,"comment_status":"open","ping_status":"open","sticky":false,"template":"","format":"standard","meta":{"footnotes":""},"categories":[3],"tags":[],"class_list":["post-9701","post","type-post","status-publish","format-standard","hentry","category-china"],"yoast_head":"<!-- This site is optimized with the Yoast SEO plugin v27.4 - https:\/\/yoast.com\/product\/yoast-seo-wordpress\/ -->\n<title>Iniciativas de Xi Jinping colocam China na lideran\u00e7a do desenvolvimento global da causa das mulheres - CRI e Diario de Pernambuco<\/title>\n<meta name=\"robots\" content=\"index, follow, max-snippet:-1, max-image-preview:large, max-video-preview:-1\" \/>\n<link rel=\"canonical\" href=\"https:\/\/diariodepe.com.br\/cri\/2025\/10\/13\/iniciativas-de-xi-jinping-colocam-china-na-lideranca-do-desenvolvimento-global-da-causa-das-mulheres\/\" \/>\n<meta property=\"og:locale\" content=\"pt_BR\" \/>\n<meta property=\"og:type\" content=\"article\" \/>\n<meta property=\"og:title\" content=\"Iniciativas de Xi Jinping colocam China na lideran\u00e7a do desenvolvimento global da causa das mulheres - CRI e Diario de Pernambuco\" \/>\n<meta property=\"og:description\" content=\"A C\u00fapula Global das Mulheres ser\u00e1 realizada nesta segunda-feira (13) e ter\u00e7a-feira (14), em Beijing. O presidente da China, Xi Jinping, far\u00e1 um discurso na cerim\u00f4nia de abertura. H\u00e1 dez anos, Xi discursou em uma reuni\u00e3o semelhante, em Nova York....\" \/>\n<meta property=\"og:url\" content=\"https:\/\/diariodepe.com.br\/cri\/2025\/10\/13\/iniciativas-de-xi-jinping-colocam-china-na-lideranca-do-desenvolvimento-global-da-causa-das-mulheres\/\" \/>\n<meta property=\"og:site_name\" content=\"CRI e Diario de Pernambuco\" \/>\n<meta property=\"article:published_time\" content=\"2025-10-13T03:47:50+00:00\" \/>\n<meta name=\"author\" content=\"CRI Portugu\u00eas\" \/>\n<meta name=\"twitter:card\" content=\"summary_large_image\" \/>\n<meta name=\"twitter:label1\" content=\"Escrito por\" \/>\n\t<meta name=\"twitter:data1\" content=\"CRI Portugu\u00eas\" \/>\n\t<meta name=\"twitter:label2\" content=\"Est. tempo de leitura\" \/>\n\t<meta name=\"twitter:data2\" content=\"2 minutos\" \/>\n<script type=\"application\/ld+json\" class=\"yoast-schema-graph\">{\"@context\":\"https:\\\/\\\/schema.org\",\"@graph\":[{\"@type\":\"Article\",\"@id\":\"https:\\\/\\\/diariodepe.com.br\\\/cri\\\/2025\\\/10\\\/13\\\/iniciativas-de-xi-jinping-colocam-china-na-lideranca-do-desenvolvimento-global-da-causa-das-mulheres\\\/#article\",\"isPartOf\":{\"@id\":\"https:\\\/\\\/diariodepe.com.br\\\/cri\\\/2025\\\/10\\\/13\\\/iniciativas-de-xi-jinping-colocam-china-na-lideranca-do-desenvolvimento-global-da-causa-das-mulheres\\\/\"},\"author\":{\"name\":\"CRI Portugu\u00eas\",\"@id\":\"https:\\\/\\\/diariodepe.com.br\\\/cri\\\/#\\\/schema\\\/person\\\/e474aead631cd4098632e11d3fbce118\"},\"headline\":\"Iniciativas de Xi Jinping colocam China na lideran\u00e7a do desenvolvimento global da causa das mulheres\",\"datePublished\":\"2025-10-13T03:47:50+00:00\",\"mainEntityOfPage\":{\"@id\":\"https:\\\/\\\/diariodepe.com.br\\\/cri\\\/2025\\\/10\\\/13\\\/iniciativas-de-xi-jinping-colocam-china-na-lideranca-do-desenvolvimento-global-da-causa-das-mulheres\\\/\"},\"wordCount\":222,\"commentCount\":0,\"publisher\":{\"@id\":\"https:\\\/\\\/diariodepe.com.br\\\/cri\\\/#organization\"},\"articleSection\":[\"China\"],\"inLanguage\":\"pt-BR\",\"potentialAction\":[{\"@type\":\"CommentAction\",\"name\":\"Comment\",\"target\":[\"https:\\\/\\\/diariodepe.com.br\\\/cri\\\/2025\\\/10\\\/13\\\/iniciativas-de-xi-jinping-colocam-china-na-lideranca-do-desenvolvimento-global-da-causa-das-mulheres\\\/#respond\"]}]},{\"@type\":\"WebPage\",\"@id\":\"https:\\\/\\\/diariodepe.com.br\\\/cri\\\/2025\\\/10\\\/13\\\/iniciativas-de-xi-jinping-colocam-china-na-lideranca-do-desenvolvimento-global-da-causa-das-mulheres\\\/\",\"url\":\"https:\\\/\\\/diariodepe.com.br\\\/cri\\\/2025\\\/10\\\/13\\\/iniciativas-de-xi-jinping-colocam-china-na-lideranca-do-desenvolvimento-global-da-causa-das-mulheres\\\/\",\"name\":\"Iniciativas de Xi Jinping colocam China na lideran\u00e7a do desenvolvimento global da causa das mulheres - CRI e Diario de Pernambuco\",\"isPartOf\":{\"@id\":\"https:\\\/\\\/diariodepe.com.br\\\/cri\\\/#website\"},\"datePublished\":\"2025-10-13T03:47:50+00:00\",\"breadcrumb\":{\"@id\":\"https:\\\/\\\/diariodepe.com.br\\\/cri\\\/2025\\\/10\\\/13\\\/iniciativas-de-xi-jinping-colocam-china-na-lideranca-do-desenvolvimento-global-da-causa-das-mulheres\\\/#breadcrumb\"},\"inLanguage\":\"pt-BR\",\"potentialAction\":[{\"@type\":\"ReadAction\",\"target\":[\"https:\\\/\\\/diariodepe.com.br\\\/cri\\\/2025\\\/10\\\/13\\\/iniciativas-de-xi-jinping-colocam-china-na-lideranca-do-desenvolvimento-global-da-causa-das-mulheres\\\/\"]}]},{\"@type\":\"BreadcrumbList\",\"@id\":\"https:\\\/\\\/diariodepe.com.br\\\/cri\\\/2025\\\/10\\\/13\\\/iniciativas-de-xi-jinping-colocam-china-na-lideranca-do-desenvolvimento-global-da-causa-das-mulheres\\\/#breadcrumb\",\"itemListElement\":[{\"@type\":\"ListItem\",\"position\":1,\"name\":\"In\u00edcio\",\"item\":\"https:\\\/\\\/diariodepe.com.br\\\/cri\\\/\"},{\"@type\":\"ListItem\",\"position\":2,\"name\":\"Iniciativas de Xi Jinping colocam China na lideran\u00e7a do desenvolvimento global da causa das mulheres\"}]},{\"@type\":\"WebSite\",\"@id\":\"https:\\\/\\\/diariodepe.com.br\\\/cri\\\/#website\",\"url\":\"https:\\\/\\\/diariodepe.com.br\\\/cri\\\/\",\"name\":\"CRI e Diario de Pernambuco\",\"description\":\"R\u00e1dio Internacional da China\",\"publisher\":{\"@id\":\"https:\\\/\\\/diariodepe.com.br\\\/cri\\\/#organization\"},\"potentialAction\":[{\"@type\":\"SearchAction\",\"target\":{\"@type\":\"EntryPoint\",\"urlTemplate\":\"https:\\\/\\\/diariodepe.com.br\\\/cri\\\/?s={search_term_string}\"},\"query-input\":{\"@type\":\"PropertyValueSpecification\",\"valueRequired\":true,\"valueName\":\"search_term_string\"}}],\"inLanguage\":\"pt-BR\"},{\"@type\":\"Organization\",\"@id\":\"https:\\\/\\\/diariodepe.com.br\\\/cri\\\/#organization\",\"name\":\"CRI e Diario de Pernambuco\",\"url\":\"https:\\\/\\\/diariodepe.com.br\\\/cri\\\/\",\"logo\":{\"@type\":\"ImageObject\",\"inLanguage\":\"pt-BR\",\"@id\":\"https:\\\/\\\/diariodepe.com.br\\\/cri\\\/#\\\/schema\\\/logo\\\/image\\\/\",\"url\":\"https:\\\/\\\/diariodepe.com.br\\\/cri\\\/wp-content\\\/uploads\\\/sites\\\/2\\\/2022\\\/12\\\/cropped-Logo.jpg\",\"contentUrl\":\"https:\\\/\\\/diariodepe.com.br\\\/cri\\\/wp-content\\\/uploads\\\/sites\\\/2\\\/2022\\\/12\\\/cropped-Logo.jpg\",\"width\":700,\"height\":59,\"caption\":\"CRI e Diario de Pernambuco\"},\"image\":{\"@id\":\"https:\\\/\\\/diariodepe.com.br\\\/cri\\\/#\\\/schema\\\/logo\\\/image\\\/\"}},{\"@type\":\"Person\",\"@id\":\"https:\\\/\\\/diariodepe.com.br\\\/cri\\\/#\\\/schema\\\/person\\\/e474aead631cd4098632e11d3fbce118\",\"name\":\"CRI Portugu\u00eas\",\"image\":{\"@type\":\"ImageObject\",\"inLanguage\":\"pt-BR\",\"@id\":\"https:\\\/\\\/secure.gravatar.com\\\/avatar\\\/e2ac889ef882d4dc53091b610766dce49106cf9fe98c76e06745abb0993b2763?s=96&d=mm&r=g\",\"url\":\"https:\\\/\\\/secure.gravatar.com\\\/avatar\\\/e2ac889ef882d4dc53091b610766dce49106cf9fe98c76e06745abb0993b2763?s=96&d=mm&r=g\",\"contentUrl\":\"https:\\\/\\\/secure.gravatar.com\\\/avatar\\\/e2ac889ef882d4dc53091b610766dce49106cf9fe98c76e06745abb0993b2763?s=96&d=mm&r=g\",\"caption\":\"CRI Portugu\u00eas\"},\"sameAs\":[\"https:\\\/\\\/www.diariodepernambuco.com.br\\\/\"],\"url\":\"https:\\\/\\\/diariodepe.com.br\\\/cri\\\/author\\\/agencia-cri\\\/\"}]}<\/script>\n<!-- \/ Yoast SEO plugin. -->","yoast_head_json":{"title":"Iniciativas de Xi Jinping colocam China na lideran\u00e7a do desenvolvimento global da causa das mulheres - CRI e Diario de Pernambuco","robots":{"index":"index","follow":"follow","max-snippet":"max-snippet:-1","max-image-preview":"max-image-preview:large","max-video-preview":"max-video-preview:-1"},"canonical":"https:\/\/diariodepe.com.br\/cri\/2025\/10\/13\/iniciativas-de-xi-jinping-colocam-china-na-lideranca-do-desenvolvimento-global-da-causa-das-mulheres\/","og_locale":"pt_BR","og_type":"article","og_title":"Iniciativas de Xi Jinping colocam China na lideran\u00e7a do desenvolvimento global da causa das mulheres - CRI e Diario de Pernambuco","og_description":"A C\u00fapula Global das Mulheres ser\u00e1 realizada nesta segunda-feira (13) e ter\u00e7a-feira (14), em Beijing. O presidente da China, Xi Jinping, far\u00e1 um discurso na cerim\u00f4nia de abertura. H\u00e1 dez anos, Xi discursou em uma reuni\u00e3o semelhante, em Nova York....","og_url":"https:\/\/diariodepe.com.br\/cri\/2025\/10\/13\/iniciativas-de-xi-jinping-colocam-china-na-lideranca-do-desenvolvimento-global-da-causa-das-mulheres\/","og_site_name":"CRI e Diario de Pernambuco","article_published_time":"2025-10-13T03:47:50+00:00","author":"CRI Portugu\u00eas","twitter_card":"summary_large_image","twitter_misc":{"Escrito por":"CRI Portugu\u00eas","Est. tempo de leitura":"2 minutos"},"schema":{"@context":"https:\/\/schema.org","@graph":[{"@type":"Article","@id":"https:\/\/diariodepe.com.br\/cri\/2025\/10\/13\/iniciativas-de-xi-jinping-colocam-china-na-lideranca-do-desenvolvimento-global-da-causa-das-mulheres\/#article","isPartOf":{"@id":"https:\/\/diariodepe.com.br\/cri\/2025\/10\/13\/iniciativas-de-xi-jinping-colocam-china-na-lideranca-do-desenvolvimento-global-da-causa-das-mulheres\/"},"author":{"name":"CRI Portugu\u00eas","@id":"https:\/\/diariodepe.com.br\/cri\/#\/schema\/person\/e474aead631cd4098632e11d3fbce118"},"headline":"Iniciativas de Xi Jinping colocam China na lideran\u00e7a do desenvolvimento global da causa das mulheres","datePublished":"2025-10-13T03:47:50+00:00","mainEntityOfPage":{"@id":"https:\/\/diariodepe.com.br\/cri\/2025\/10\/13\/iniciativas-de-xi-jinping-colocam-china-na-lideranca-do-desenvolvimento-global-da-causa-das-mulheres\/"},"wordCount":222,"commentCount":0,"publisher":{"@id":"https:\/\/diariodepe.com.br\/cri\/#organization"},"articleSection":["China"],"inLanguage":"pt-BR","potentialAction":[{"@type":"CommentAction","name":"Comment","target":["https:\/\/diariodepe.com.br\/cri\/2025\/10\/13\/iniciativas-de-xi-jinping-colocam-china-na-lideranca-do-desenvolvimento-global-da-causa-das-mulheres\/#respond"]}]},{"@type":"WebPage","@id":"https:\/\/diariodepe.com.br\/cri\/2025\/10\/13\/iniciativas-de-xi-jinping-colocam-china-na-lideranca-do-desenvolvimento-global-da-causa-das-mulheres\/","url":"https:\/\/diariodepe.com.br\/cri\/2025\/10\/13\/iniciativas-de-xi-jinping-colocam-china-na-lideranca-do-desenvolvimento-global-da-causa-das-mulheres\/","name":"Iniciativas de Xi Jinping colocam China na lideran\u00e7a do desenvolvimento global da causa das mulheres - CRI e Diario de Pernambuco","isPartOf":{"@id":"https:\/\/diariodepe.com.br\/cri\/#website"},"datePublished":"2025-10-13T03:47:50+00:00","breadcrumb":{"@id":"https:\/\/diariodepe.com.br\/cri\/2025\/10\/13\/iniciativas-de-xi-jinping-colocam-china-na-lideranca-do-desenvolvimento-global-da-causa-das-mulheres\/#breadcrumb"},"inLanguage":"pt-BR","potentialAction":[{"@type":"ReadAction","target":["https:\/\/diariodepe.com.br\/cri\/2025\/10\/13\/iniciativas-de-xi-jinping-colocam-china-na-lideranca-do-desenvolvimento-global-da-causa-das-mulheres\/"]}]},{"@type":"BreadcrumbList","@id":"https:\/\/diariodepe.com.br\/cri\/2025\/10\/13\/iniciativas-de-xi-jinping-colocam-china-na-lideranca-do-desenvolvimento-global-da-causa-das-mulheres\/#breadcrumb","itemListElement":[{"@type":"ListItem","position":1,"name":"In\u00edcio","item":"https:\/\/diariodepe.com.br\/cri\/"},{"@type":"ListItem","position":2,"name":"Iniciativas de Xi Jinping colocam China na lideran\u00e7a do desenvolvimento global da causa das mulheres"}]},{"@type":"WebSite","@id":"https:\/\/diariodepe.com.br\/cri\/#website","url":"https:\/\/diariodepe.com.br\/cri\/","name":"CRI e Diario de Pernambuco","description":"R\u00e1dio Internacional da China","publisher":{"@id":"https:\/\/diariodepe.com.br\/cri\/#organization"},"potentialAction":[{"@type":"SearchAction","target":{"@type":"EntryPoint","urlTemplate":"https:\/\/diariodepe.com.br\/cri\/?s={search_term_string}"},"query-input":{"@type":"PropertyValueSpecification","valueRequired":true,"valueName":"search_term_string"}}],"inLanguage":"pt-BR"},{"@type":"Organization","@id":"https:\/\/diariodepe.com.br\/cri\/#organization","name":"CRI e Diario de Pernambuco","url":"https:\/\/diariodepe.com.br\/cri\/","logo":{"@type":"ImageObject","inLanguage":"pt-BR","@id":"https:\/\/diariodepe.com.br\/cri\/#\/schema\/logo\/image\/","url":"https:\/\/diariodepe.com.br\/cri\/wp-content\/uploads\/sites\/2\/2022\/12\/cropped-Logo.jpg","contentUrl":"https:\/\/diariodepe.com.br\/cri\/wp-content\/uploads\/sites\/2\/2022\/12\/cropped-Logo.jpg","width":700,"height":59,"caption":"CRI e Diario de Pernambuco"},"image":{"@id":"https:\/\/diariodepe.com.br\/cri\/#\/schema\/logo\/image\/"}},{"@type":"Person","@id":"https:\/\/diariodepe.com.br\/cri\/#\/schema\/person\/e474aead631cd4098632e11d3fbce118","name":"CRI Portugu\u00eas","image":{"@type":"ImageObject","inLanguage":"pt-BR","@id":"https:\/\/secure.gravatar.com\/avatar\/e2ac889ef882d4dc53091b610766dce49106cf9fe98c76e06745abb0993b2763?s=96&d=mm&r=g","url":"https:\/\/secure.gravatar.com\/avatar\/e2ac889ef882d4dc53091b610766dce49106cf9fe98c76e06745abb0993b2763?s=96&d=mm&r=g","contentUrl":"https:\/\/secure.gravatar.com\/avatar\/e2ac889ef882d4dc53091b610766dce49106cf9fe98c76e06745abb0993b2763?s=96&d=mm&r=g","caption":"CRI Portugu\u00eas"},"sameAs":["https:\/\/www.diariodepernambuco.com.br\/"],"url":"https:\/\/diariodepe.com.br\/cri\/author\/agencia-cri\/"}]}},"cc_featured_image_caption":{"caption_text":"","source_text":"","source_url":""},"amp_enabled":true,"_links":{"self":[{"href":"https:\/\/diariodepe.com.br\/cri\/wp-json\/wp\/v2\/posts\/9701","targetHints":{"allow":["GET"]}}],"collection":[{"href":"https:\/\/diariodepe.com.br\/cri\/wp-json\/wp\/v2\/posts"}],"about":[{"href":"https:\/\/diariodepe.com.br\/cri\/wp-json\/wp\/v2\/types\/post"}],"author":[{"embeddable":true,"href":"https:\/\/diariodepe.com.br\/cri\/wp-json\/wp\/v2\/users\/5"}],"replies":[{"embeddable":true,"href":"https:\/\/diariodepe.com.br\/cri\/wp-json\/wp\/v2\/comments?post=9701"}],"version-history":[{"count":1,"href":"https:\/\/diariodepe.com.br\/cri\/wp-json\/wp\/v2\/posts\/9701\/revisions"}],"predecessor-version":[{"id":9702,"href":"https:\/\/diariodepe.com.br\/cri\/wp-json\/wp\/v2\/posts\/9701\/revisions\/9702"}],"wp:attachment":[{"href":"https:\/\/diariodepe.com.br\/cri\/wp-json\/wp\/v2\/media?parent=9701"}],"wp:term":[{"taxonomy":"category","embeddable":true,"href":"https:\/\/diariodepe.com.br\/cri\/wp-json\/wp\/v2\/categories?post=9701"},{"taxonomy":"post_tag","embeddable":true,"href":"https:\/\/diariodepe.com.br\/cri\/wp-json\/wp\/v2\/tags?post=9701"}],"curies":[{"name":"wp","href":"https:\/\/api.w.org\/{rel}","templated":true}]}}