{"id":9691,"date":"2025-10-10T03:06:40","date_gmt":"2025-10-10T06:06:40","guid":{"rendered":"https:\/\/diariodepe.com.br\/cri\/?p=9691"},"modified":"2025-10-10T03:38:16","modified_gmt":"2025-10-10T06:38:16","slug":"desde-a-reforma-e-abertura-em-1978-a-porta-chinesa-tem-se-abrido-ao-exterior-cada-vez-mais-dario-silva-fundador-e-presidente-do-conselho-de-diretores-da-camara-de-comercio-e-industria-sino-portugu","status":"publish","type":"post","link":"https:\/\/diariodepe.com.br\/cri\/2025\/10\/10\/desde-a-reforma-e-abertura-em-1978-a-porta-chinesa-tem-se-abrido-ao-exterior-cada-vez-mais-dario-silva-fundador-e-presidente-do-conselho-de-diretores-da-camara-de-comercio-e-industria-sino-portugu\/","title":{"rendered":"Compreendendo a moderniza\u00e7\u00e3o chinesa &#8211; Epis\u00f3dio 3: Porta da China se abre cada vez mais"},"content":{"rendered":"<p>Desde a reforma e abertura, em 1978, a porta chinesa tem se abrido ao exterior cada vez mais. D\u00e1rio Silva, fundador e presidente do conselho de diretores da C\u00e2mara de Com\u00e9rcio e Ind\u00fastria Sino-Portuguesa; e Camila Ghattas, fundadora e CEO da startup Foreseekers, sediada na ilha de livre com\u00e9rcio de Hainan, est\u00e3o entre os muitos estrangeiros \u00a0que obtiveram sucesso na China. Suas hist\u00f3rias testemunham os benef\u00edcios globais proporcionados ao mundo pelo elevado n\u00edvel de abertura da China.<\/p>\n<p><iframe title=\"Compreendendo a moderniza\u00e7\u00e3o chinesa - Epis\u00f3dio 3: Porta da China se abre cada vez mais\" width=\"640\" height=\"360\" src=\"https:\/\/www.youtube.com\/embed\/_lnOOSTLsGw?feature=oembed\" frameborder=\"0\" allow=\"accelerometer; autoplay; clipboard-write; encrypted-media; gyroscope; picture-in-picture; web-share\" referrerpolicy=\"strict-origin-when-cross-origin\" allowfullscreen><\/iframe><\/p>\n","protected":false},"excerpt":{"rendered":"<p>Desde a reforma e abertura, em 1978, a porta chinesa tem se abrido ao exterior cada vez mais. D\u00e1rio Silva, fundador e presidente do conselho de diretores da C\u00e2mara de Com\u00e9rcio e Ind\u00fastria Sino-Portuguesa; e Camila Ghattas, fundadora e CEO&#8230;<\/p>\n","protected":false},"author":5,"featured_media":0,"comment_status":"open","ping_status":"open","sticky":false,"template":"","format":"standard","meta":{"footnotes":""},"categories":[11],"tags":[],"class_list":["post-9691","post","type-post","status-publish","format-standard","hentry","category-videos"],"yoast_head":"<!-- This site is optimized with the Yoast SEO plugin v27.4 - https:\/\/yoast.com\/product\/yoast-seo-wordpress\/ -->\n<title>Compreendendo a moderniza\u00e7\u00e3o chinesa - Epis\u00f3dio 3: Porta da China se abre cada vez mais - CRI e Diario de Pernambuco<\/title>\n<meta name=\"robots\" content=\"index, follow, max-snippet:-1, max-image-preview:large, max-video-preview:-1\" \/>\n<link rel=\"canonical\" href=\"https:\/\/diariodepe.com.br\/cri\/2025\/10\/10\/desde-a-reforma-e-abertura-em-1978-a-porta-chinesa-tem-se-abrido-ao-exterior-cada-vez-mais-dario-silva-fundador-e-presidente-do-conselho-de-diretores-da-camara-de-comercio-e-industria-sino-portugu\/\" \/>\n<meta property=\"og:locale\" content=\"pt_BR\" \/>\n<meta property=\"og:type\" content=\"article\" \/>\n<meta property=\"og:title\" content=\"Compreendendo a moderniza\u00e7\u00e3o chinesa - Epis\u00f3dio 3: Porta da China se abre cada vez mais - CRI e Diario de Pernambuco\" \/>\n<meta property=\"og:description\" content=\"Desde a reforma e abertura, em 1978, a porta chinesa tem se abrido ao exterior cada vez mais. D\u00e1rio Silva, fundador e presidente do conselho de diretores da C\u00e2mara de Com\u00e9rcio e Ind\u00fastria Sino-Portuguesa; e Camila Ghattas, fundadora e CEO...\" \/>\n<meta property=\"og:url\" content=\"https:\/\/diariodepe.com.br\/cri\/2025\/10\/10\/desde-a-reforma-e-abertura-em-1978-a-porta-chinesa-tem-se-abrido-ao-exterior-cada-vez-mais-dario-silva-fundador-e-presidente-do-conselho-de-diretores-da-camara-de-comercio-e-industria-sino-portugu\/\" \/>\n<meta property=\"og:site_name\" content=\"CRI e Diario de Pernambuco\" \/>\n<meta property=\"article:published_time\" content=\"2025-10-10T06:06:40+00:00\" \/>\n<meta property=\"article:modified_time\" content=\"2025-10-10T06:38:16+00:00\" \/>\n<meta name=\"author\" content=\"CRI Portugu\u00eas\" \/>\n<meta name=\"twitter:card\" content=\"summary_large_image\" \/>\n<meta name=\"twitter:label1\" content=\"Escrito por\" \/>\n\t<meta name=\"twitter:data1\" content=\"CRI Portugu\u00eas\" \/>\n\t<meta name=\"twitter:label2\" content=\"Est. tempo de leitura\" \/>\n\t<meta name=\"twitter:data2\" content=\"1 minuto\" \/>\n<script type=\"application\/ld+json\" class=\"yoast-schema-graph\">{\"@context\":\"https:\\\/\\\/schema.org\",\"@graph\":[{\"@type\":\"Article\",\"@id\":\"https:\\\/\\\/diariodepe.com.br\\\/cri\\\/2025\\\/10\\\/10\\\/desde-a-reforma-e-abertura-em-1978-a-porta-chinesa-tem-se-abrido-ao-exterior-cada-vez-mais-dario-silva-fundador-e-presidente-do-conselho-de-diretores-da-camara-de-comercio-e-industria-sino-portugu\\\/#article\",\"isPartOf\":{\"@id\":\"https:\\\/\\\/diariodepe.com.br\\\/cri\\\/2025\\\/10\\\/10\\\/desde-a-reforma-e-abertura-em-1978-a-porta-chinesa-tem-se-abrido-ao-exterior-cada-vez-mais-dario-silva-fundador-e-presidente-do-conselho-de-diretores-da-camara-de-comercio-e-industria-sino-portugu\\\/\"},\"author\":{\"name\":\"CRI Portugu\u00eas\",\"@id\":\"https:\\\/\\\/diariodepe.com.br\\\/cri\\\/#\\\/schema\\\/person\\\/e474aead631cd4098632e11d3fbce118\"},\"headline\":\"Compreendendo a moderniza\u00e7\u00e3o chinesa &#8211; Epis\u00f3dio 3: Porta da China se abre cada vez mais\",\"datePublished\":\"2025-10-10T06:06:40+00:00\",\"dateModified\":\"2025-10-10T06:38:16+00:00\",\"mainEntityOfPage\":{\"@id\":\"https:\\\/\\\/diariodepe.com.br\\\/cri\\\/2025\\\/10\\\/10\\\/desde-a-reforma-e-abertura-em-1978-a-porta-chinesa-tem-se-abrido-ao-exterior-cada-vez-mais-dario-silva-fundador-e-presidente-do-conselho-de-diretores-da-camara-de-comercio-e-industria-sino-portugu\\\/\"},\"wordCount\":110,\"commentCount\":0,\"publisher\":{\"@id\":\"https:\\\/\\\/diariodepe.com.br\\\/cri\\\/#organization\"},\"articleSection\":[\"V\u00eddeos\"],\"inLanguage\":\"pt-BR\",\"potentialAction\":[{\"@type\":\"CommentAction\",\"name\":\"Comment\",\"target\":[\"https:\\\/\\\/diariodepe.com.br\\\/cri\\\/2025\\\/10\\\/10\\\/desde-a-reforma-e-abertura-em-1978-a-porta-chinesa-tem-se-abrido-ao-exterior-cada-vez-mais-dario-silva-fundador-e-presidente-do-conselho-de-diretores-da-camara-de-comercio-e-industria-sino-portugu\\\/#respond\"]}]},{\"@type\":\"WebPage\",\"@id\":\"https:\\\/\\\/diariodepe.com.br\\\/cri\\\/2025\\\/10\\\/10\\\/desde-a-reforma-e-abertura-em-1978-a-porta-chinesa-tem-se-abrido-ao-exterior-cada-vez-mais-dario-silva-fundador-e-presidente-do-conselho-de-diretores-da-camara-de-comercio-e-industria-sino-portugu\\\/\",\"url\":\"https:\\\/\\\/diariodepe.com.br\\\/cri\\\/2025\\\/10\\\/10\\\/desde-a-reforma-e-abertura-em-1978-a-porta-chinesa-tem-se-abrido-ao-exterior-cada-vez-mais-dario-silva-fundador-e-presidente-do-conselho-de-diretores-da-camara-de-comercio-e-industria-sino-portugu\\\/\",\"name\":\"Compreendendo a moderniza\u00e7\u00e3o chinesa - Epis\u00f3dio 3: Porta da China se abre cada vez mais - CRI e Diario de Pernambuco\",\"isPartOf\":{\"@id\":\"https:\\\/\\\/diariodepe.com.br\\\/cri\\\/#website\"},\"datePublished\":\"2025-10-10T06:06:40+00:00\",\"dateModified\":\"2025-10-10T06:38:16+00:00\",\"breadcrumb\":{\"@id\":\"https:\\\/\\\/diariodepe.com.br\\\/cri\\\/2025\\\/10\\\/10\\\/desde-a-reforma-e-abertura-em-1978-a-porta-chinesa-tem-se-abrido-ao-exterior-cada-vez-mais-dario-silva-fundador-e-presidente-do-conselho-de-diretores-da-camara-de-comercio-e-industria-sino-portugu\\\/#breadcrumb\"},\"inLanguage\":\"pt-BR\",\"potentialAction\":[{\"@type\":\"ReadAction\",\"target\":[\"https:\\\/\\\/diariodepe.com.br\\\/cri\\\/2025\\\/10\\\/10\\\/desde-a-reforma-e-abertura-em-1978-a-porta-chinesa-tem-se-abrido-ao-exterior-cada-vez-mais-dario-silva-fundador-e-presidente-do-conselho-de-diretores-da-camara-de-comercio-e-industria-sino-portugu\\\/\"]}]},{\"@type\":\"BreadcrumbList\",\"@id\":\"https:\\\/\\\/diariodepe.com.br\\\/cri\\\/2025\\\/10\\\/10\\\/desde-a-reforma-e-abertura-em-1978-a-porta-chinesa-tem-se-abrido-ao-exterior-cada-vez-mais-dario-silva-fundador-e-presidente-do-conselho-de-diretores-da-camara-de-comercio-e-industria-sino-portugu\\\/#breadcrumb\",\"itemListElement\":[{\"@type\":\"ListItem\",\"position\":1,\"name\":\"In\u00edcio\",\"item\":\"https:\\\/\\\/diariodepe.com.br\\\/cri\\\/\"},{\"@type\":\"ListItem\",\"position\":2,\"name\":\"Compreendendo a moderniza\u00e7\u00e3o chinesa &#8211; Epis\u00f3dio 3: Porta da China se abre cada vez mais\"}]},{\"@type\":\"WebSite\",\"@id\":\"https:\\\/\\\/diariodepe.com.br\\\/cri\\\/#website\",\"url\":\"https:\\\/\\\/diariodepe.com.br\\\/cri\\\/\",\"name\":\"CRI e Diario de Pernambuco\",\"description\":\"R\u00e1dio Internacional da China\",\"publisher\":{\"@id\":\"https:\\\/\\\/diariodepe.com.br\\\/cri\\\/#organization\"},\"potentialAction\":[{\"@type\":\"SearchAction\",\"target\":{\"@type\":\"EntryPoint\",\"urlTemplate\":\"https:\\\/\\\/diariodepe.com.br\\\/cri\\\/?s={search_term_string}\"},\"query-input\":{\"@type\":\"PropertyValueSpecification\",\"valueRequired\":true,\"valueName\":\"search_term_string\"}}],\"inLanguage\":\"pt-BR\"},{\"@type\":\"Organization\",\"@id\":\"https:\\\/\\\/diariodepe.com.br\\\/cri\\\/#organization\",\"name\":\"CRI e Diario de Pernambuco\",\"url\":\"https:\\\/\\\/diariodepe.com.br\\\/cri\\\/\",\"logo\":{\"@type\":\"ImageObject\",\"inLanguage\":\"pt-BR\",\"@id\":\"https:\\\/\\\/diariodepe.com.br\\\/cri\\\/#\\\/schema\\\/logo\\\/image\\\/\",\"url\":\"https:\\\/\\\/diariodepe.com.br\\\/cri\\\/wp-content\\\/uploads\\\/sites\\\/2\\\/2022\\\/12\\\/cropped-Logo.jpg\",\"contentUrl\":\"https:\\\/\\\/diariodepe.com.br\\\/cri\\\/wp-content\\\/uploads\\\/sites\\\/2\\\/2022\\\/12\\\/cropped-Logo.jpg\",\"width\":700,\"height\":59,\"caption\":\"CRI e Diario de Pernambuco\"},\"image\":{\"@id\":\"https:\\\/\\\/diariodepe.com.br\\\/cri\\\/#\\\/schema\\\/logo\\\/image\\\/\"}},{\"@type\":\"Person\",\"@id\":\"https:\\\/\\\/diariodepe.com.br\\\/cri\\\/#\\\/schema\\\/person\\\/e474aead631cd4098632e11d3fbce118\",\"name\":\"CRI Portugu\u00eas\",\"image\":{\"@type\":\"ImageObject\",\"inLanguage\":\"pt-BR\",\"@id\":\"https:\\\/\\\/secure.gravatar.com\\\/avatar\\\/e2ac889ef882d4dc53091b610766dce49106cf9fe98c76e06745abb0993b2763?s=96&d=mm&r=g\",\"url\":\"https:\\\/\\\/secure.gravatar.com\\\/avatar\\\/e2ac889ef882d4dc53091b610766dce49106cf9fe98c76e06745abb0993b2763?s=96&d=mm&r=g\",\"contentUrl\":\"https:\\\/\\\/secure.gravatar.com\\\/avatar\\\/e2ac889ef882d4dc53091b610766dce49106cf9fe98c76e06745abb0993b2763?s=96&d=mm&r=g\",\"caption\":\"CRI Portugu\u00eas\"},\"sameAs\":[\"https:\\\/\\\/www.diariodepernambuco.com.br\\\/\"],\"url\":\"https:\\\/\\\/diariodepe.com.br\\\/cri\\\/author\\\/agencia-cri\\\/\"}]}<\/script>\n<!-- \/ Yoast SEO plugin. -->","yoast_head_json":{"title":"Compreendendo a moderniza\u00e7\u00e3o chinesa - Epis\u00f3dio 3: Porta da China se abre cada vez mais - CRI e Diario de Pernambuco","robots":{"index":"index","follow":"follow","max-snippet":"max-snippet:-1","max-image-preview":"max-image-preview:large","max-video-preview":"max-video-preview:-1"},"canonical":"https:\/\/diariodepe.com.br\/cri\/2025\/10\/10\/desde-a-reforma-e-abertura-em-1978-a-porta-chinesa-tem-se-abrido-ao-exterior-cada-vez-mais-dario-silva-fundador-e-presidente-do-conselho-de-diretores-da-camara-de-comercio-e-industria-sino-portugu\/","og_locale":"pt_BR","og_type":"article","og_title":"Compreendendo a moderniza\u00e7\u00e3o chinesa - Epis\u00f3dio 3: Porta da China se abre cada vez mais - CRI e Diario de Pernambuco","og_description":"Desde a reforma e abertura, em 1978, a porta chinesa tem se abrido ao exterior cada vez mais. D\u00e1rio Silva, fundador e presidente do conselho de diretores da C\u00e2mara de Com\u00e9rcio e Ind\u00fastria Sino-Portuguesa; e Camila Ghattas, fundadora e CEO...","og_url":"https:\/\/diariodepe.com.br\/cri\/2025\/10\/10\/desde-a-reforma-e-abertura-em-1978-a-porta-chinesa-tem-se-abrido-ao-exterior-cada-vez-mais-dario-silva-fundador-e-presidente-do-conselho-de-diretores-da-camara-de-comercio-e-industria-sino-portugu\/","og_site_name":"CRI e Diario de Pernambuco","article_published_time":"2025-10-10T06:06:40+00:00","article_modified_time":"2025-10-10T06:38:16+00:00","author":"CRI Portugu\u00eas","twitter_card":"summary_large_image","twitter_misc":{"Escrito por":"CRI Portugu\u00eas","Est. tempo de leitura":"1 minuto"},"schema":{"@context":"https:\/\/schema.org","@graph":[{"@type":"Article","@id":"https:\/\/diariodepe.com.br\/cri\/2025\/10\/10\/desde-a-reforma-e-abertura-em-1978-a-porta-chinesa-tem-se-abrido-ao-exterior-cada-vez-mais-dario-silva-fundador-e-presidente-do-conselho-de-diretores-da-camara-de-comercio-e-industria-sino-portugu\/#article","isPartOf":{"@id":"https:\/\/diariodepe.com.br\/cri\/2025\/10\/10\/desde-a-reforma-e-abertura-em-1978-a-porta-chinesa-tem-se-abrido-ao-exterior-cada-vez-mais-dario-silva-fundador-e-presidente-do-conselho-de-diretores-da-camara-de-comercio-e-industria-sino-portugu\/"},"author":{"name":"CRI Portugu\u00eas","@id":"https:\/\/diariodepe.com.br\/cri\/#\/schema\/person\/e474aead631cd4098632e11d3fbce118"},"headline":"Compreendendo a moderniza\u00e7\u00e3o chinesa &#8211; Epis\u00f3dio 3: Porta da China se abre cada vez mais","datePublished":"2025-10-10T06:06:40+00:00","dateModified":"2025-10-10T06:38:16+00:00","mainEntityOfPage":{"@id":"https:\/\/diariodepe.com.br\/cri\/2025\/10\/10\/desde-a-reforma-e-abertura-em-1978-a-porta-chinesa-tem-se-abrido-ao-exterior-cada-vez-mais-dario-silva-fundador-e-presidente-do-conselho-de-diretores-da-camara-de-comercio-e-industria-sino-portugu\/"},"wordCount":110,"commentCount":0,"publisher":{"@id":"https:\/\/diariodepe.com.br\/cri\/#organization"},"articleSection":["V\u00eddeos"],"inLanguage":"pt-BR","potentialAction":[{"@type":"CommentAction","name":"Comment","target":["https:\/\/diariodepe.com.br\/cri\/2025\/10\/10\/desde-a-reforma-e-abertura-em-1978-a-porta-chinesa-tem-se-abrido-ao-exterior-cada-vez-mais-dario-silva-fundador-e-presidente-do-conselho-de-diretores-da-camara-de-comercio-e-industria-sino-portugu\/#respond"]}]},{"@type":"WebPage","@id":"https:\/\/diariodepe.com.br\/cri\/2025\/10\/10\/desde-a-reforma-e-abertura-em-1978-a-porta-chinesa-tem-se-abrido-ao-exterior-cada-vez-mais-dario-silva-fundador-e-presidente-do-conselho-de-diretores-da-camara-de-comercio-e-industria-sino-portugu\/","url":"https:\/\/diariodepe.com.br\/cri\/2025\/10\/10\/desde-a-reforma-e-abertura-em-1978-a-porta-chinesa-tem-se-abrido-ao-exterior-cada-vez-mais-dario-silva-fundador-e-presidente-do-conselho-de-diretores-da-camara-de-comercio-e-industria-sino-portugu\/","name":"Compreendendo a moderniza\u00e7\u00e3o chinesa - Epis\u00f3dio 3: Porta da China se abre cada vez mais - CRI e Diario de Pernambuco","isPartOf":{"@id":"https:\/\/diariodepe.com.br\/cri\/#website"},"datePublished":"2025-10-10T06:06:40+00:00","dateModified":"2025-10-10T06:38:16+00:00","breadcrumb":{"@id":"https:\/\/diariodepe.com.br\/cri\/2025\/10\/10\/desde-a-reforma-e-abertura-em-1978-a-porta-chinesa-tem-se-abrido-ao-exterior-cada-vez-mais-dario-silva-fundador-e-presidente-do-conselho-de-diretores-da-camara-de-comercio-e-industria-sino-portugu\/#breadcrumb"},"inLanguage":"pt-BR","potentialAction":[{"@type":"ReadAction","target":["https:\/\/diariodepe.com.br\/cri\/2025\/10\/10\/desde-a-reforma-e-abertura-em-1978-a-porta-chinesa-tem-se-abrido-ao-exterior-cada-vez-mais-dario-silva-fundador-e-presidente-do-conselho-de-diretores-da-camara-de-comercio-e-industria-sino-portugu\/"]}]},{"@type":"BreadcrumbList","@id":"https:\/\/diariodepe.com.br\/cri\/2025\/10\/10\/desde-a-reforma-e-abertura-em-1978-a-porta-chinesa-tem-se-abrido-ao-exterior-cada-vez-mais-dario-silva-fundador-e-presidente-do-conselho-de-diretores-da-camara-de-comercio-e-industria-sino-portugu\/#breadcrumb","itemListElement":[{"@type":"ListItem","position":1,"name":"In\u00edcio","item":"https:\/\/diariodepe.com.br\/cri\/"},{"@type":"ListItem","position":2,"name":"Compreendendo a moderniza\u00e7\u00e3o chinesa &#8211; Epis\u00f3dio 3: Porta da China se abre cada vez mais"}]},{"@type":"WebSite","@id":"https:\/\/diariodepe.com.br\/cri\/#website","url":"https:\/\/diariodepe.com.br\/cri\/","name":"CRI e Diario de Pernambuco","description":"R\u00e1dio Internacional da China","publisher":{"@id":"https:\/\/diariodepe.com.br\/cri\/#organization"},"potentialAction":[{"@type":"SearchAction","target":{"@type":"EntryPoint","urlTemplate":"https:\/\/diariodepe.com.br\/cri\/?s={search_term_string}"},"query-input":{"@type":"PropertyValueSpecification","valueRequired":true,"valueName":"search_term_string"}}],"inLanguage":"pt-BR"},{"@type":"Organization","@id":"https:\/\/diariodepe.com.br\/cri\/#organization","name":"CRI e Diario de Pernambuco","url":"https:\/\/diariodepe.com.br\/cri\/","logo":{"@type":"ImageObject","inLanguage":"pt-BR","@id":"https:\/\/diariodepe.com.br\/cri\/#\/schema\/logo\/image\/","url":"https:\/\/diariodepe.com.br\/cri\/wp-content\/uploads\/sites\/2\/2022\/12\/cropped-Logo.jpg","contentUrl":"https:\/\/diariodepe.com.br\/cri\/wp-content\/uploads\/sites\/2\/2022\/12\/cropped-Logo.jpg","width":700,"height":59,"caption":"CRI e Diario de Pernambuco"},"image":{"@id":"https:\/\/diariodepe.com.br\/cri\/#\/schema\/logo\/image\/"}},{"@type":"Person","@id":"https:\/\/diariodepe.com.br\/cri\/#\/schema\/person\/e474aead631cd4098632e11d3fbce118","name":"CRI Portugu\u00eas","image":{"@type":"ImageObject","inLanguage":"pt-BR","@id":"https:\/\/secure.gravatar.com\/avatar\/e2ac889ef882d4dc53091b610766dce49106cf9fe98c76e06745abb0993b2763?s=96&d=mm&r=g","url":"https:\/\/secure.gravatar.com\/avatar\/e2ac889ef882d4dc53091b610766dce49106cf9fe98c76e06745abb0993b2763?s=96&d=mm&r=g","contentUrl":"https:\/\/secure.gravatar.com\/avatar\/e2ac889ef882d4dc53091b610766dce49106cf9fe98c76e06745abb0993b2763?s=96&d=mm&r=g","caption":"CRI Portugu\u00eas"},"sameAs":["https:\/\/www.diariodepernambuco.com.br\/"],"url":"https:\/\/diariodepe.com.br\/cri\/author\/agencia-cri\/"}]}},"cc_featured_image_caption":{"caption_text":"","source_text":"","source_url":""},"amp_enabled":true,"_links":{"self":[{"href":"https:\/\/diariodepe.com.br\/cri\/wp-json\/wp\/v2\/posts\/9691","targetHints":{"allow":["GET"]}}],"collection":[{"href":"https:\/\/diariodepe.com.br\/cri\/wp-json\/wp\/v2\/posts"}],"about":[{"href":"https:\/\/diariodepe.com.br\/cri\/wp-json\/wp\/v2\/types\/post"}],"author":[{"embeddable":true,"href":"https:\/\/diariodepe.com.br\/cri\/wp-json\/wp\/v2\/users\/5"}],"replies":[{"embeddable":true,"href":"https:\/\/diariodepe.com.br\/cri\/wp-json\/wp\/v2\/comments?post=9691"}],"version-history":[{"count":2,"href":"https:\/\/diariodepe.com.br\/cri\/wp-json\/wp\/v2\/posts\/9691\/revisions"}],"predecessor-version":[{"id":9694,"href":"https:\/\/diariodepe.com.br\/cri\/wp-json\/wp\/v2\/posts\/9691\/revisions\/9694"}],"wp:attachment":[{"href":"https:\/\/diariodepe.com.br\/cri\/wp-json\/wp\/v2\/media?parent=9691"}],"wp:term":[{"taxonomy":"category","embeddable":true,"href":"https:\/\/diariodepe.com.br\/cri\/wp-json\/wp\/v2\/categories?post=9691"},{"taxonomy":"post_tag","embeddable":true,"href":"https:\/\/diariodepe.com.br\/cri\/wp-json\/wp\/v2\/tags?post=9691"}],"curies":[{"name":"wp","href":"https:\/\/api.w.org\/{rel}","templated":true}]}}