{"id":967,"date":"2023-03-31T00:01:22","date_gmt":"2023-03-31T03:01:22","guid":{"rendered":"https:\/\/diariodepe.com.br\/cri\/?p=967"},"modified":"2023-03-31T00:01:22","modified_gmt":"2023-03-31T03:01:22","slug":"forum-boao-economia-digital-sera-uma-nova-forca-motriz-para-recuperacao-economica","status":"publish","type":"post","link":"https:\/\/diariodepe.com.br\/cri\/2023\/03\/31\/forum-boao-economia-digital-sera-uma-nova-forca-motriz-para-recuperacao-economica\/","title":{"rendered":"F\u00f3rum Boao: Economia digital ser\u00e1 uma nova for\u00e7a motriz para recupera\u00e7\u00e3o econ\u00f4mica"},"content":{"rendered":"<p>Com o aumento do risco de recess\u00e3o global e a desacelera\u00e7\u00e3o do crescimento da demanda externa, o desenvolvimento da economia digital ser\u00e1 uma oportunidade chave para agarrar a nova rodada de revolu\u00e7\u00e3o tecnol\u00f3gica e transforma\u00e7\u00e3o industrial. Este foi o consenso alcan\u00e7ado por participantes de um subf\u00f3rum sobre a economia digital da confer\u00eancia anual de 2023 do F\u00f3rum Boao para a \u00c1sia, na quarta-feira (29). Para eles, a economia digital ser\u00e1 uma nova for\u00e7a motriz para recupera\u00e7\u00e3o econ\u00f4mica.<\/p>\n<p>Devido \u00e0 atualiza\u00e7\u00e3o acelerada da nova gera\u00e7\u00e3o de tecnologia da informa\u00e7\u00e3o e sua profunda integra\u00e7\u00e3o em v\u00e1rias ind\u00fastrias e campos, a economia digital est\u00e1 se tornando um fator-chave para reestruturar os recursos globais de fatores, remodelar a estrutura econ\u00f4mica global e alterar o cen\u00e1rio competitivo global.<\/p>\n<p>Segundo dados do Minist\u00e9rio da Ind\u00fastria e Tecnologia da Informa\u00e7\u00e3o da China, at\u00e9 o final de fevereiro deste ano, o n\u00famero total de esta\u00e7\u00f5es base 5G no pa\u00eds atingiu 2,384 milh\u00f5es, respondendo por 21,9% da totalidade de esta\u00e7\u00f5es base m\u00f3veis.<\/p>\n","protected":false},"excerpt":{"rendered":"<p>Com o aumento do risco de recess\u00e3o global e a desacelera\u00e7\u00e3o do crescimento da demanda externa, o desenvolvimento da economia digital ser\u00e1 uma oportunidade chave para agarrar a nova rodada de revolu\u00e7\u00e3o tecnol\u00f3gica e transforma\u00e7\u00e3o industrial. Este foi o consenso&#8230;<\/p>\n","protected":false},"author":2,"featured_media":0,"comment_status":"open","ping_status":"open","sticky":false,"template":"","format":"standard","meta":{"footnotes":""},"categories":[3],"tags":[],"class_list":["post-967","post","type-post","status-publish","format-standard","hentry","category-china"],"yoast_head":"<!-- This site is optimized with the Yoast SEO plugin v27.4 - https:\/\/yoast.com\/product\/yoast-seo-wordpress\/ -->\n<title>F\u00f3rum Boao: Economia digital ser\u00e1 uma nova for\u00e7a motriz para recupera\u00e7\u00e3o econ\u00f4mica - CRI e Diario de Pernambuco<\/title>\n<meta name=\"robots\" content=\"index, follow, max-snippet:-1, max-image-preview:large, max-video-preview:-1\" \/>\n<link rel=\"canonical\" href=\"https:\/\/diariodepe.com.br\/cri\/2023\/03\/31\/forum-boao-economia-digital-sera-uma-nova-forca-motriz-para-recuperacao-economica\/\" \/>\n<meta property=\"og:locale\" content=\"pt_BR\" \/>\n<meta property=\"og:type\" content=\"article\" \/>\n<meta property=\"og:title\" content=\"F\u00f3rum Boao: Economia digital ser\u00e1 uma nova for\u00e7a motriz para recupera\u00e7\u00e3o econ\u00f4mica - CRI e Diario de Pernambuco\" \/>\n<meta property=\"og:description\" content=\"Com o aumento do risco de recess\u00e3o global e a desacelera\u00e7\u00e3o do crescimento da demanda externa, o desenvolvimento da economia digital ser\u00e1 uma oportunidade chave para agarrar a nova rodada de revolu\u00e7\u00e3o tecnol\u00f3gica e transforma\u00e7\u00e3o industrial. Este foi o consenso...\" \/>\n<meta property=\"og:url\" content=\"https:\/\/diariodepe.com.br\/cri\/2023\/03\/31\/forum-boao-economia-digital-sera-uma-nova-forca-motriz-para-recuperacao-economica\/\" \/>\n<meta property=\"og:site_name\" content=\"CRI e Diario de Pernambuco\" \/>\n<meta property=\"article:published_time\" content=\"2023-03-31T03:01:22+00:00\" \/>\n<meta name=\"author\" content=\"Ismael Lucas S. Pereira\" \/>\n<meta name=\"twitter:card\" content=\"summary_large_image\" \/>\n<meta name=\"twitter:label1\" content=\"Escrito por\" \/>\n\t<meta name=\"twitter:data1\" content=\"Ismael Lucas S. Pereira\" \/>\n\t<meta name=\"twitter:label2\" content=\"Est. tempo de leitura\" \/>\n\t<meta name=\"twitter:data2\" content=\"1 minuto\" \/>\n<script type=\"application\/ld+json\" class=\"yoast-schema-graph\">{\"@context\":\"https:\\\/\\\/schema.org\",\"@graph\":[{\"@type\":\"Article\",\"@id\":\"https:\\\/\\\/diariodepe.com.br\\\/cri\\\/2023\\\/03\\\/31\\\/forum-boao-economia-digital-sera-uma-nova-forca-motriz-para-recuperacao-economica\\\/#article\",\"isPartOf\":{\"@id\":\"https:\\\/\\\/diariodepe.com.br\\\/cri\\\/2023\\\/03\\\/31\\\/forum-boao-economia-digital-sera-uma-nova-forca-motriz-para-recuperacao-economica\\\/\"},\"author\":{\"name\":\"Ismael Lucas S. Pereira\",\"@id\":\"https:\\\/\\\/diariodepe.com.br\\\/cri\\\/#\\\/schema\\\/person\\\/121bb28d84f1a5b1205ef4ce9c2e0c6b\"},\"headline\":\"F\u00f3rum Boao: Economia digital ser\u00e1 uma nova for\u00e7a motriz para recupera\u00e7\u00e3o econ\u00f4mica\",\"datePublished\":\"2023-03-31T03:01:22+00:00\",\"mainEntityOfPage\":{\"@id\":\"https:\\\/\\\/diariodepe.com.br\\\/cri\\\/2023\\\/03\\\/31\\\/forum-boao-economia-digital-sera-uma-nova-forca-motriz-para-recuperacao-economica\\\/\"},\"wordCount\":203,\"commentCount\":0,\"publisher\":{\"@id\":\"https:\\\/\\\/diariodepe.com.br\\\/cri\\\/#organization\"},\"articleSection\":[\"China\"],\"inLanguage\":\"pt-BR\",\"potentialAction\":[{\"@type\":\"CommentAction\",\"name\":\"Comment\",\"target\":[\"https:\\\/\\\/diariodepe.com.br\\\/cri\\\/2023\\\/03\\\/31\\\/forum-boao-economia-digital-sera-uma-nova-forca-motriz-para-recuperacao-economica\\\/#respond\"]}]},{\"@type\":\"WebPage\",\"@id\":\"https:\\\/\\\/diariodepe.com.br\\\/cri\\\/2023\\\/03\\\/31\\\/forum-boao-economia-digital-sera-uma-nova-forca-motriz-para-recuperacao-economica\\\/\",\"url\":\"https:\\\/\\\/diariodepe.com.br\\\/cri\\\/2023\\\/03\\\/31\\\/forum-boao-economia-digital-sera-uma-nova-forca-motriz-para-recuperacao-economica\\\/\",\"name\":\"F\u00f3rum Boao: Economia digital ser\u00e1 uma nova for\u00e7a motriz para recupera\u00e7\u00e3o econ\u00f4mica - CRI e Diario de Pernambuco\",\"isPartOf\":{\"@id\":\"https:\\\/\\\/diariodepe.com.br\\\/cri\\\/#website\"},\"datePublished\":\"2023-03-31T03:01:22+00:00\",\"breadcrumb\":{\"@id\":\"https:\\\/\\\/diariodepe.com.br\\\/cri\\\/2023\\\/03\\\/31\\\/forum-boao-economia-digital-sera-uma-nova-forca-motriz-para-recuperacao-economica\\\/#breadcrumb\"},\"inLanguage\":\"pt-BR\",\"potentialAction\":[{\"@type\":\"ReadAction\",\"target\":[\"https:\\\/\\\/diariodepe.com.br\\\/cri\\\/2023\\\/03\\\/31\\\/forum-boao-economia-digital-sera-uma-nova-forca-motriz-para-recuperacao-economica\\\/\"]}]},{\"@type\":\"BreadcrumbList\",\"@id\":\"https:\\\/\\\/diariodepe.com.br\\\/cri\\\/2023\\\/03\\\/31\\\/forum-boao-economia-digital-sera-uma-nova-forca-motriz-para-recuperacao-economica\\\/#breadcrumb\",\"itemListElement\":[{\"@type\":\"ListItem\",\"position\":1,\"name\":\"In\u00edcio\",\"item\":\"https:\\\/\\\/diariodepe.com.br\\\/cri\\\/\"},{\"@type\":\"ListItem\",\"position\":2,\"name\":\"F\u00f3rum Boao: Economia digital ser\u00e1 uma nova for\u00e7a motriz para recupera\u00e7\u00e3o econ\u00f4mica\"}]},{\"@type\":\"WebSite\",\"@id\":\"https:\\\/\\\/diariodepe.com.br\\\/cri\\\/#website\",\"url\":\"https:\\\/\\\/diariodepe.com.br\\\/cri\\\/\",\"name\":\"CRI e Diario de Pernambuco\",\"description\":\"R\u00e1dio Internacional da China\",\"publisher\":{\"@id\":\"https:\\\/\\\/diariodepe.com.br\\\/cri\\\/#organization\"},\"potentialAction\":[{\"@type\":\"SearchAction\",\"target\":{\"@type\":\"EntryPoint\",\"urlTemplate\":\"https:\\\/\\\/diariodepe.com.br\\\/cri\\\/?s={search_term_string}\"},\"query-input\":{\"@type\":\"PropertyValueSpecification\",\"valueRequired\":true,\"valueName\":\"search_term_string\"}}],\"inLanguage\":\"pt-BR\"},{\"@type\":\"Organization\",\"@id\":\"https:\\\/\\\/diariodepe.com.br\\\/cri\\\/#organization\",\"name\":\"CRI e Diario de Pernambuco\",\"url\":\"https:\\\/\\\/diariodepe.com.br\\\/cri\\\/\",\"logo\":{\"@type\":\"ImageObject\",\"inLanguage\":\"pt-BR\",\"@id\":\"https:\\\/\\\/diariodepe.com.br\\\/cri\\\/#\\\/schema\\\/logo\\\/image\\\/\",\"url\":\"https:\\\/\\\/diariodepe.com.br\\\/cri\\\/wp-content\\\/uploads\\\/sites\\\/2\\\/2022\\\/12\\\/cropped-Logo.jpg\",\"contentUrl\":\"https:\\\/\\\/diariodepe.com.br\\\/cri\\\/wp-content\\\/uploads\\\/sites\\\/2\\\/2022\\\/12\\\/cropped-Logo.jpg\",\"width\":700,\"height\":59,\"caption\":\"CRI e Diario de Pernambuco\"},\"image\":{\"@id\":\"https:\\\/\\\/diariodepe.com.br\\\/cri\\\/#\\\/schema\\\/logo\\\/image\\\/\"}},{\"@type\":\"Person\",\"@id\":\"https:\\\/\\\/diariodepe.com.br\\\/cri\\\/#\\\/schema\\\/person\\\/121bb28d84f1a5b1205ef4ce9c2e0c6b\",\"name\":\"Ismael Lucas S. Pereira\",\"image\":{\"@type\":\"ImageObject\",\"inLanguage\":\"pt-BR\",\"@id\":\"https:\\\/\\\/secure.gravatar.com\\\/avatar\\\/887a0f3b5a7ceea963a48499fb883ffce6b5037362def025c52c2505b15d63e4?s=96&d=mm&r=g\",\"url\":\"https:\\\/\\\/secure.gravatar.com\\\/avatar\\\/887a0f3b5a7ceea963a48499fb883ffce6b5037362def025c52c2505b15d63e4?s=96&d=mm&r=g\",\"contentUrl\":\"https:\\\/\\\/secure.gravatar.com\\\/avatar\\\/887a0f3b5a7ceea963a48499fb883ffce6b5037362def025c52c2505b15d63e4?s=96&d=mm&r=g\",\"caption\":\"Ismael Lucas S. Pereira\"},\"url\":\"https:\\\/\\\/diariodepe.com.br\\\/cri\\\/author\\\/ismael-lucas\\\/\"}]}<\/script>\n<!-- \/ Yoast SEO plugin. -->","yoast_head_json":{"title":"F\u00f3rum Boao: Economia digital ser\u00e1 uma nova for\u00e7a motriz para recupera\u00e7\u00e3o econ\u00f4mica - CRI e Diario de Pernambuco","robots":{"index":"index","follow":"follow","max-snippet":"max-snippet:-1","max-image-preview":"max-image-preview:large","max-video-preview":"max-video-preview:-1"},"canonical":"https:\/\/diariodepe.com.br\/cri\/2023\/03\/31\/forum-boao-economia-digital-sera-uma-nova-forca-motriz-para-recuperacao-economica\/","og_locale":"pt_BR","og_type":"article","og_title":"F\u00f3rum Boao: Economia digital ser\u00e1 uma nova for\u00e7a motriz para recupera\u00e7\u00e3o econ\u00f4mica - CRI e Diario de Pernambuco","og_description":"Com o aumento do risco de recess\u00e3o global e a desacelera\u00e7\u00e3o do crescimento da demanda externa, o desenvolvimento da economia digital ser\u00e1 uma oportunidade chave para agarrar a nova rodada de revolu\u00e7\u00e3o tecnol\u00f3gica e transforma\u00e7\u00e3o industrial. Este foi o consenso...","og_url":"https:\/\/diariodepe.com.br\/cri\/2023\/03\/31\/forum-boao-economia-digital-sera-uma-nova-forca-motriz-para-recuperacao-economica\/","og_site_name":"CRI e Diario de Pernambuco","article_published_time":"2023-03-31T03:01:22+00:00","author":"Ismael Lucas S. Pereira","twitter_card":"summary_large_image","twitter_misc":{"Escrito por":"Ismael Lucas S. Pereira","Est. tempo de leitura":"1 minuto"},"schema":{"@context":"https:\/\/schema.org","@graph":[{"@type":"Article","@id":"https:\/\/diariodepe.com.br\/cri\/2023\/03\/31\/forum-boao-economia-digital-sera-uma-nova-forca-motriz-para-recuperacao-economica\/#article","isPartOf":{"@id":"https:\/\/diariodepe.com.br\/cri\/2023\/03\/31\/forum-boao-economia-digital-sera-uma-nova-forca-motriz-para-recuperacao-economica\/"},"author":{"name":"Ismael Lucas S. Pereira","@id":"https:\/\/diariodepe.com.br\/cri\/#\/schema\/person\/121bb28d84f1a5b1205ef4ce9c2e0c6b"},"headline":"F\u00f3rum Boao: Economia digital ser\u00e1 uma nova for\u00e7a motriz para recupera\u00e7\u00e3o econ\u00f4mica","datePublished":"2023-03-31T03:01:22+00:00","mainEntityOfPage":{"@id":"https:\/\/diariodepe.com.br\/cri\/2023\/03\/31\/forum-boao-economia-digital-sera-uma-nova-forca-motriz-para-recuperacao-economica\/"},"wordCount":203,"commentCount":0,"publisher":{"@id":"https:\/\/diariodepe.com.br\/cri\/#organization"},"articleSection":["China"],"inLanguage":"pt-BR","potentialAction":[{"@type":"CommentAction","name":"Comment","target":["https:\/\/diariodepe.com.br\/cri\/2023\/03\/31\/forum-boao-economia-digital-sera-uma-nova-forca-motriz-para-recuperacao-economica\/#respond"]}]},{"@type":"WebPage","@id":"https:\/\/diariodepe.com.br\/cri\/2023\/03\/31\/forum-boao-economia-digital-sera-uma-nova-forca-motriz-para-recuperacao-economica\/","url":"https:\/\/diariodepe.com.br\/cri\/2023\/03\/31\/forum-boao-economia-digital-sera-uma-nova-forca-motriz-para-recuperacao-economica\/","name":"F\u00f3rum Boao: Economia digital ser\u00e1 uma nova for\u00e7a motriz para recupera\u00e7\u00e3o econ\u00f4mica - CRI e Diario de Pernambuco","isPartOf":{"@id":"https:\/\/diariodepe.com.br\/cri\/#website"},"datePublished":"2023-03-31T03:01:22+00:00","breadcrumb":{"@id":"https:\/\/diariodepe.com.br\/cri\/2023\/03\/31\/forum-boao-economia-digital-sera-uma-nova-forca-motriz-para-recuperacao-economica\/#breadcrumb"},"inLanguage":"pt-BR","potentialAction":[{"@type":"ReadAction","target":["https:\/\/diariodepe.com.br\/cri\/2023\/03\/31\/forum-boao-economia-digital-sera-uma-nova-forca-motriz-para-recuperacao-economica\/"]}]},{"@type":"BreadcrumbList","@id":"https:\/\/diariodepe.com.br\/cri\/2023\/03\/31\/forum-boao-economia-digital-sera-uma-nova-forca-motriz-para-recuperacao-economica\/#breadcrumb","itemListElement":[{"@type":"ListItem","position":1,"name":"In\u00edcio","item":"https:\/\/diariodepe.com.br\/cri\/"},{"@type":"ListItem","position":2,"name":"F\u00f3rum Boao: Economia digital ser\u00e1 uma nova for\u00e7a motriz para recupera\u00e7\u00e3o econ\u00f4mica"}]},{"@type":"WebSite","@id":"https:\/\/diariodepe.com.br\/cri\/#website","url":"https:\/\/diariodepe.com.br\/cri\/","name":"CRI e Diario de Pernambuco","description":"R\u00e1dio Internacional da China","publisher":{"@id":"https:\/\/diariodepe.com.br\/cri\/#organization"},"potentialAction":[{"@type":"SearchAction","target":{"@type":"EntryPoint","urlTemplate":"https:\/\/diariodepe.com.br\/cri\/?s={search_term_string}"},"query-input":{"@type":"PropertyValueSpecification","valueRequired":true,"valueName":"search_term_string"}}],"inLanguage":"pt-BR"},{"@type":"Organization","@id":"https:\/\/diariodepe.com.br\/cri\/#organization","name":"CRI e Diario de Pernambuco","url":"https:\/\/diariodepe.com.br\/cri\/","logo":{"@type":"ImageObject","inLanguage":"pt-BR","@id":"https:\/\/diariodepe.com.br\/cri\/#\/schema\/logo\/image\/","url":"https:\/\/diariodepe.com.br\/cri\/wp-content\/uploads\/sites\/2\/2022\/12\/cropped-Logo.jpg","contentUrl":"https:\/\/diariodepe.com.br\/cri\/wp-content\/uploads\/sites\/2\/2022\/12\/cropped-Logo.jpg","width":700,"height":59,"caption":"CRI e Diario de Pernambuco"},"image":{"@id":"https:\/\/diariodepe.com.br\/cri\/#\/schema\/logo\/image\/"}},{"@type":"Person","@id":"https:\/\/diariodepe.com.br\/cri\/#\/schema\/person\/121bb28d84f1a5b1205ef4ce9c2e0c6b","name":"Ismael Lucas S. Pereira","image":{"@type":"ImageObject","inLanguage":"pt-BR","@id":"https:\/\/secure.gravatar.com\/avatar\/887a0f3b5a7ceea963a48499fb883ffce6b5037362def025c52c2505b15d63e4?s=96&d=mm&r=g","url":"https:\/\/secure.gravatar.com\/avatar\/887a0f3b5a7ceea963a48499fb883ffce6b5037362def025c52c2505b15d63e4?s=96&d=mm&r=g","contentUrl":"https:\/\/secure.gravatar.com\/avatar\/887a0f3b5a7ceea963a48499fb883ffce6b5037362def025c52c2505b15d63e4?s=96&d=mm&r=g","caption":"Ismael Lucas S. Pereira"},"url":"https:\/\/diariodepe.com.br\/cri\/author\/ismael-lucas\/"}]}},"cc_featured_image_caption":{"caption_text":false,"source_text":false,"source_url":false},"amp_enabled":true,"_links":{"self":[{"href":"https:\/\/diariodepe.com.br\/cri\/wp-json\/wp\/v2\/posts\/967","targetHints":{"allow":["GET"]}}],"collection":[{"href":"https:\/\/diariodepe.com.br\/cri\/wp-json\/wp\/v2\/posts"}],"about":[{"href":"https:\/\/diariodepe.com.br\/cri\/wp-json\/wp\/v2\/types\/post"}],"author":[{"embeddable":true,"href":"https:\/\/diariodepe.com.br\/cri\/wp-json\/wp\/v2\/users\/2"}],"replies":[{"embeddable":true,"href":"https:\/\/diariodepe.com.br\/cri\/wp-json\/wp\/v2\/comments?post=967"}],"version-history":[{"count":1,"href":"https:\/\/diariodepe.com.br\/cri\/wp-json\/wp\/v2\/posts\/967\/revisions"}],"predecessor-version":[{"id":968,"href":"https:\/\/diariodepe.com.br\/cri\/wp-json\/wp\/v2\/posts\/967\/revisions\/968"}],"wp:attachment":[{"href":"https:\/\/diariodepe.com.br\/cri\/wp-json\/wp\/v2\/media?parent=967"}],"wp:term":[{"taxonomy":"category","embeddable":true,"href":"https:\/\/diariodepe.com.br\/cri\/wp-json\/wp\/v2\/categories?post=967"},{"taxonomy":"post_tag","embeddable":true,"href":"https:\/\/diariodepe.com.br\/cri\/wp-json\/wp\/v2\/tags?post=967"}],"curies":[{"name":"wp","href":"https:\/\/api.w.org\/{rel}","templated":true}]}}