{"id":9658,"date":"2025-08-14T04:13:52","date_gmt":"2025-08-14T07:13:52","guid":{"rendered":"https:\/\/diariodepe.com.br\/cri\/?p=9658"},"modified":"2025-09-28T04:14:26","modified_gmt":"2025-09-28T07:14:26","slug":"beijing-sedia-primeiro-campeonato-mundial-de-robos-humanoides","status":"publish","type":"post","link":"https:\/\/diariodepe.com.br\/cri\/2025\/08\/14\/beijing-sedia-primeiro-campeonato-mundial-de-robos-humanoides\/","title":{"rendered":"Beijing sedia primeiro Campeonato Mundial de Rob\u00f4s Human\u00f3ides"},"content":{"rendered":"<p><img decoding=\"async\" src=\"https:\/\/38picres.cgtn.com\/photoAlbum\/page\/performance\/img\/2025\/8\/14\/1755182884404_227.jpg\" \/><\/p>\n<p>O primeiro Campeonato Mundial de Rob\u00f4s Human\u00f3ides foi inaugurado nesta quinta-feira (14) no Oval Nacional de Patina\u00e7\u00e3o de Velocidade, em Beijing. O evento foi organizado em conjunto pelo governo municipal de Beijing e pelo Grupo de M\u00eddia da China (CMG, na sigla em ingl\u00eas).<\/p>\n<p><img decoding=\"async\" src=\"https:\/\/38picres.cgtn.com\/photoAlbum\/page\/performance\/img\/2025\/8\/14\/1755182899454_431.jpg\" \/><\/p>\n<p>Sendo o primeiro evento esportivo abrangente do mundo com rob\u00f4s human\u00f3ides como principais competidores, esta edi\u00e7\u00e3o tem como tema \u201cCompeti\u00e7\u00e3o Inteligente Rumo ao Futuro\u201d. Ao longo dos pr\u00f3ximos tr\u00eas dias, 280 equipes de 16 pa\u00edses ir\u00e3o disputar 487 provas no total, distribu\u00eddas em quatro grandes categorias, incluindo competi\u00e7\u00f5es de desempenho atl\u00e9tico, demonstra\u00e7\u00f5es, provas em cen\u00e1rios simulados e provas paralelas, que somam 26 modalidades.<\/p>\n","protected":false},"excerpt":{"rendered":"<p>O primeiro Campeonato Mundial de Rob\u00f4s Human\u00f3ides foi inaugurado nesta quinta-feira (14) no Oval Nacional de Patina\u00e7\u00e3o de Velocidade, em Beijing. O evento foi organizado em conjunto pelo governo municipal de Beijing e pelo Grupo de M\u00eddia da China (CMG,&#8230;<\/p>\n","protected":false},"author":5,"featured_media":0,"comment_status":"open","ping_status":"open","sticky":false,"template":"","format":"standard","meta":{"footnotes":""},"categories":[3],"tags":[],"class_list":["post-9658","post","type-post","status-publish","format-standard","hentry","category-china"],"yoast_head":"<!-- This site is optimized with the Yoast SEO plugin v27.4 - https:\/\/yoast.com\/product\/yoast-seo-wordpress\/ -->\n<title>Beijing sedia primeiro Campeonato Mundial de Rob\u00f4s Human\u00f3ides - CRI e Diario de Pernambuco<\/title>\n<meta name=\"robots\" content=\"index, follow, max-snippet:-1, max-image-preview:large, max-video-preview:-1\" \/>\n<link rel=\"canonical\" href=\"https:\/\/diariodepe.com.br\/cri\/2025\/08\/14\/beijing-sedia-primeiro-campeonato-mundial-de-robos-humanoides\/\" \/>\n<meta property=\"og:locale\" content=\"pt_BR\" \/>\n<meta property=\"og:type\" content=\"article\" \/>\n<meta property=\"og:title\" content=\"Beijing sedia primeiro Campeonato Mundial de Rob\u00f4s Human\u00f3ides - CRI e Diario de Pernambuco\" \/>\n<meta property=\"og:description\" content=\"O primeiro Campeonato Mundial de Rob\u00f4s Human\u00f3ides foi inaugurado nesta quinta-feira (14) no Oval Nacional de Patina\u00e7\u00e3o de Velocidade, em Beijing. O evento foi organizado em conjunto pelo governo municipal de Beijing e pelo Grupo de M\u00eddia da China (CMG,...\" \/>\n<meta property=\"og:url\" content=\"https:\/\/diariodepe.com.br\/cri\/2025\/08\/14\/beijing-sedia-primeiro-campeonato-mundial-de-robos-humanoides\/\" \/>\n<meta property=\"og:site_name\" content=\"CRI e Diario de Pernambuco\" \/>\n<meta property=\"article:published_time\" content=\"2025-08-14T07:13:52+00:00\" \/>\n<meta property=\"article:modified_time\" content=\"2025-09-28T07:14:26+00:00\" \/>\n<meta property=\"og:image\" content=\"https:\/\/38picres.cgtn.com\/photoAlbum\/page\/performance\/img\/2025\/8\/14\/1755182884404_227.jpg\" \/>\n<meta name=\"author\" content=\"CRI Portugu\u00eas\" \/>\n<meta name=\"twitter:card\" content=\"summary_large_image\" \/>\n<meta name=\"twitter:label1\" content=\"Escrito por\" \/>\n\t<meta name=\"twitter:data1\" content=\"CRI Portugu\u00eas\" \/>\n\t<meta name=\"twitter:label2\" content=\"Est. tempo de leitura\" \/>\n\t<meta name=\"twitter:data2\" content=\"1 minuto\" \/>\n<script type=\"application\/ld+json\" class=\"yoast-schema-graph\">{\"@context\":\"https:\\\/\\\/schema.org\",\"@graph\":[{\"@type\":\"Article\",\"@id\":\"https:\\\/\\\/diariodepe.com.br\\\/cri\\\/2025\\\/08\\\/14\\\/beijing-sedia-primeiro-campeonato-mundial-de-robos-humanoides\\\/#article\",\"isPartOf\":{\"@id\":\"https:\\\/\\\/diariodepe.com.br\\\/cri\\\/2025\\\/08\\\/14\\\/beijing-sedia-primeiro-campeonato-mundial-de-robos-humanoides\\\/\"},\"author\":{\"name\":\"CRI Portugu\u00eas\",\"@id\":\"https:\\\/\\\/diariodepe.com.br\\\/cri\\\/#\\\/schema\\\/person\\\/e474aead631cd4098632e11d3fbce118\"},\"headline\":\"Beijing sedia primeiro Campeonato Mundial de Rob\u00f4s Human\u00f3ides\",\"datePublished\":\"2025-08-14T07:13:52+00:00\",\"dateModified\":\"2025-09-28T07:14:26+00:00\",\"mainEntityOfPage\":{\"@id\":\"https:\\\/\\\/diariodepe.com.br\\\/cri\\\/2025\\\/08\\\/14\\\/beijing-sedia-primeiro-campeonato-mundial-de-robos-humanoides\\\/\"},\"wordCount\":130,\"commentCount\":0,\"publisher\":{\"@id\":\"https:\\\/\\\/diariodepe.com.br\\\/cri\\\/#organization\"},\"image\":{\"@id\":\"https:\\\/\\\/diariodepe.com.br\\\/cri\\\/2025\\\/08\\\/14\\\/beijing-sedia-primeiro-campeonato-mundial-de-robos-humanoides\\\/#primaryimage\"},\"thumbnailUrl\":\"https:\\\/\\\/38picres.cgtn.com\\\/photoAlbum\\\/page\\\/performance\\\/img\\\/2025\\\/8\\\/14\\\/1755182884404_227.jpg\",\"articleSection\":[\"China\"],\"inLanguage\":\"pt-BR\",\"potentialAction\":[{\"@type\":\"CommentAction\",\"name\":\"Comment\",\"target\":[\"https:\\\/\\\/diariodepe.com.br\\\/cri\\\/2025\\\/08\\\/14\\\/beijing-sedia-primeiro-campeonato-mundial-de-robos-humanoides\\\/#respond\"]}]},{\"@type\":\"WebPage\",\"@id\":\"https:\\\/\\\/diariodepe.com.br\\\/cri\\\/2025\\\/08\\\/14\\\/beijing-sedia-primeiro-campeonato-mundial-de-robos-humanoides\\\/\",\"url\":\"https:\\\/\\\/diariodepe.com.br\\\/cri\\\/2025\\\/08\\\/14\\\/beijing-sedia-primeiro-campeonato-mundial-de-robos-humanoides\\\/\",\"name\":\"Beijing sedia primeiro Campeonato Mundial de Rob\u00f4s Human\u00f3ides - CRI e Diario de Pernambuco\",\"isPartOf\":{\"@id\":\"https:\\\/\\\/diariodepe.com.br\\\/cri\\\/#website\"},\"primaryImageOfPage\":{\"@id\":\"https:\\\/\\\/diariodepe.com.br\\\/cri\\\/2025\\\/08\\\/14\\\/beijing-sedia-primeiro-campeonato-mundial-de-robos-humanoides\\\/#primaryimage\"},\"image\":{\"@id\":\"https:\\\/\\\/diariodepe.com.br\\\/cri\\\/2025\\\/08\\\/14\\\/beijing-sedia-primeiro-campeonato-mundial-de-robos-humanoides\\\/#primaryimage\"},\"thumbnailUrl\":\"https:\\\/\\\/38picres.cgtn.com\\\/photoAlbum\\\/page\\\/performance\\\/img\\\/2025\\\/8\\\/14\\\/1755182884404_227.jpg\",\"datePublished\":\"2025-08-14T07:13:52+00:00\",\"dateModified\":\"2025-09-28T07:14:26+00:00\",\"breadcrumb\":{\"@id\":\"https:\\\/\\\/diariodepe.com.br\\\/cri\\\/2025\\\/08\\\/14\\\/beijing-sedia-primeiro-campeonato-mundial-de-robos-humanoides\\\/#breadcrumb\"},\"inLanguage\":\"pt-BR\",\"potentialAction\":[{\"@type\":\"ReadAction\",\"target\":[\"https:\\\/\\\/diariodepe.com.br\\\/cri\\\/2025\\\/08\\\/14\\\/beijing-sedia-primeiro-campeonato-mundial-de-robos-humanoides\\\/\"]}]},{\"@type\":\"ImageObject\",\"inLanguage\":\"pt-BR\",\"@id\":\"https:\\\/\\\/diariodepe.com.br\\\/cri\\\/2025\\\/08\\\/14\\\/beijing-sedia-primeiro-campeonato-mundial-de-robos-humanoides\\\/#primaryimage\",\"url\":\"https:\\\/\\\/38picres.cgtn.com\\\/photoAlbum\\\/page\\\/performance\\\/img\\\/2025\\\/8\\\/14\\\/1755182884404_227.jpg\",\"contentUrl\":\"https:\\\/\\\/38picres.cgtn.com\\\/photoAlbum\\\/page\\\/performance\\\/img\\\/2025\\\/8\\\/14\\\/1755182884404_227.jpg\"},{\"@type\":\"BreadcrumbList\",\"@id\":\"https:\\\/\\\/diariodepe.com.br\\\/cri\\\/2025\\\/08\\\/14\\\/beijing-sedia-primeiro-campeonato-mundial-de-robos-humanoides\\\/#breadcrumb\",\"itemListElement\":[{\"@type\":\"ListItem\",\"position\":1,\"name\":\"In\u00edcio\",\"item\":\"https:\\\/\\\/diariodepe.com.br\\\/cri\\\/\"},{\"@type\":\"ListItem\",\"position\":2,\"name\":\"Beijing sedia primeiro Campeonato Mundial de Rob\u00f4s Human\u00f3ides\"}]},{\"@type\":\"WebSite\",\"@id\":\"https:\\\/\\\/diariodepe.com.br\\\/cri\\\/#website\",\"url\":\"https:\\\/\\\/diariodepe.com.br\\\/cri\\\/\",\"name\":\"CRI e Diario de Pernambuco\",\"description\":\"R\u00e1dio Internacional da China\",\"publisher\":{\"@id\":\"https:\\\/\\\/diariodepe.com.br\\\/cri\\\/#organization\"},\"potentialAction\":[{\"@type\":\"SearchAction\",\"target\":{\"@type\":\"EntryPoint\",\"urlTemplate\":\"https:\\\/\\\/diariodepe.com.br\\\/cri\\\/?s={search_term_string}\"},\"query-input\":{\"@type\":\"PropertyValueSpecification\",\"valueRequired\":true,\"valueName\":\"search_term_string\"}}],\"inLanguage\":\"pt-BR\"},{\"@type\":\"Organization\",\"@id\":\"https:\\\/\\\/diariodepe.com.br\\\/cri\\\/#organization\",\"name\":\"CRI e Diario de Pernambuco\",\"url\":\"https:\\\/\\\/diariodepe.com.br\\\/cri\\\/\",\"logo\":{\"@type\":\"ImageObject\",\"inLanguage\":\"pt-BR\",\"@id\":\"https:\\\/\\\/diariodepe.com.br\\\/cri\\\/#\\\/schema\\\/logo\\\/image\\\/\",\"url\":\"https:\\\/\\\/diariodepe.com.br\\\/cri\\\/wp-content\\\/uploads\\\/sites\\\/2\\\/2022\\\/12\\\/cropped-Logo.jpg\",\"contentUrl\":\"https:\\\/\\\/diariodepe.com.br\\\/cri\\\/wp-content\\\/uploads\\\/sites\\\/2\\\/2022\\\/12\\\/cropped-Logo.jpg\",\"width\":700,\"height\":59,\"caption\":\"CRI e Diario de Pernambuco\"},\"image\":{\"@id\":\"https:\\\/\\\/diariodepe.com.br\\\/cri\\\/#\\\/schema\\\/logo\\\/image\\\/\"}},{\"@type\":\"Person\",\"@id\":\"https:\\\/\\\/diariodepe.com.br\\\/cri\\\/#\\\/schema\\\/person\\\/e474aead631cd4098632e11d3fbce118\",\"name\":\"CRI Portugu\u00eas\",\"image\":{\"@type\":\"ImageObject\",\"inLanguage\":\"pt-BR\",\"@id\":\"https:\\\/\\\/secure.gravatar.com\\\/avatar\\\/e2ac889ef882d4dc53091b610766dce49106cf9fe98c76e06745abb0993b2763?s=96&d=mm&r=g\",\"url\":\"https:\\\/\\\/secure.gravatar.com\\\/avatar\\\/e2ac889ef882d4dc53091b610766dce49106cf9fe98c76e06745abb0993b2763?s=96&d=mm&r=g\",\"contentUrl\":\"https:\\\/\\\/secure.gravatar.com\\\/avatar\\\/e2ac889ef882d4dc53091b610766dce49106cf9fe98c76e06745abb0993b2763?s=96&d=mm&r=g\",\"caption\":\"CRI Portugu\u00eas\"},\"sameAs\":[\"https:\\\/\\\/www.diariodepernambuco.com.br\\\/\"],\"url\":\"https:\\\/\\\/diariodepe.com.br\\\/cri\\\/author\\\/agencia-cri\\\/\"}]}<\/script>\n<!-- \/ Yoast SEO plugin. -->","yoast_head_json":{"title":"Beijing sedia primeiro Campeonato Mundial de Rob\u00f4s Human\u00f3ides - CRI e Diario de Pernambuco","robots":{"index":"index","follow":"follow","max-snippet":"max-snippet:-1","max-image-preview":"max-image-preview:large","max-video-preview":"max-video-preview:-1"},"canonical":"https:\/\/diariodepe.com.br\/cri\/2025\/08\/14\/beijing-sedia-primeiro-campeonato-mundial-de-robos-humanoides\/","og_locale":"pt_BR","og_type":"article","og_title":"Beijing sedia primeiro Campeonato Mundial de Rob\u00f4s Human\u00f3ides - CRI e Diario de Pernambuco","og_description":"O primeiro Campeonato Mundial de Rob\u00f4s Human\u00f3ides foi inaugurado nesta quinta-feira (14) no Oval Nacional de Patina\u00e7\u00e3o de Velocidade, em Beijing. O evento foi organizado em conjunto pelo governo municipal de Beijing e pelo Grupo de M\u00eddia da China (CMG,...","og_url":"https:\/\/diariodepe.com.br\/cri\/2025\/08\/14\/beijing-sedia-primeiro-campeonato-mundial-de-robos-humanoides\/","og_site_name":"CRI e Diario de Pernambuco","article_published_time":"2025-08-14T07:13:52+00:00","article_modified_time":"2025-09-28T07:14:26+00:00","og_image":[{"url":"https:\/\/38picres.cgtn.com\/photoAlbum\/page\/performance\/img\/2025\/8\/14\/1755182884404_227.jpg","type":"","width":"","height":""}],"author":"CRI Portugu\u00eas","twitter_card":"summary_large_image","twitter_misc":{"Escrito por":"CRI Portugu\u00eas","Est. tempo de leitura":"1 minuto"},"schema":{"@context":"https:\/\/schema.org","@graph":[{"@type":"Article","@id":"https:\/\/diariodepe.com.br\/cri\/2025\/08\/14\/beijing-sedia-primeiro-campeonato-mundial-de-robos-humanoides\/#article","isPartOf":{"@id":"https:\/\/diariodepe.com.br\/cri\/2025\/08\/14\/beijing-sedia-primeiro-campeonato-mundial-de-robos-humanoides\/"},"author":{"name":"CRI Portugu\u00eas","@id":"https:\/\/diariodepe.com.br\/cri\/#\/schema\/person\/e474aead631cd4098632e11d3fbce118"},"headline":"Beijing sedia primeiro Campeonato Mundial de Rob\u00f4s Human\u00f3ides","datePublished":"2025-08-14T07:13:52+00:00","dateModified":"2025-09-28T07:14:26+00:00","mainEntityOfPage":{"@id":"https:\/\/diariodepe.com.br\/cri\/2025\/08\/14\/beijing-sedia-primeiro-campeonato-mundial-de-robos-humanoides\/"},"wordCount":130,"commentCount":0,"publisher":{"@id":"https:\/\/diariodepe.com.br\/cri\/#organization"},"image":{"@id":"https:\/\/diariodepe.com.br\/cri\/2025\/08\/14\/beijing-sedia-primeiro-campeonato-mundial-de-robos-humanoides\/#primaryimage"},"thumbnailUrl":"https:\/\/38picres.cgtn.com\/photoAlbum\/page\/performance\/img\/2025\/8\/14\/1755182884404_227.jpg","articleSection":["China"],"inLanguage":"pt-BR","potentialAction":[{"@type":"CommentAction","name":"Comment","target":["https:\/\/diariodepe.com.br\/cri\/2025\/08\/14\/beijing-sedia-primeiro-campeonato-mundial-de-robos-humanoides\/#respond"]}]},{"@type":"WebPage","@id":"https:\/\/diariodepe.com.br\/cri\/2025\/08\/14\/beijing-sedia-primeiro-campeonato-mundial-de-robos-humanoides\/","url":"https:\/\/diariodepe.com.br\/cri\/2025\/08\/14\/beijing-sedia-primeiro-campeonato-mundial-de-robos-humanoides\/","name":"Beijing sedia primeiro Campeonato Mundial de Rob\u00f4s Human\u00f3ides - CRI e Diario de Pernambuco","isPartOf":{"@id":"https:\/\/diariodepe.com.br\/cri\/#website"},"primaryImageOfPage":{"@id":"https:\/\/diariodepe.com.br\/cri\/2025\/08\/14\/beijing-sedia-primeiro-campeonato-mundial-de-robos-humanoides\/#primaryimage"},"image":{"@id":"https:\/\/diariodepe.com.br\/cri\/2025\/08\/14\/beijing-sedia-primeiro-campeonato-mundial-de-robos-humanoides\/#primaryimage"},"thumbnailUrl":"https:\/\/38picres.cgtn.com\/photoAlbum\/page\/performance\/img\/2025\/8\/14\/1755182884404_227.jpg","datePublished":"2025-08-14T07:13:52+00:00","dateModified":"2025-09-28T07:14:26+00:00","breadcrumb":{"@id":"https:\/\/diariodepe.com.br\/cri\/2025\/08\/14\/beijing-sedia-primeiro-campeonato-mundial-de-robos-humanoides\/#breadcrumb"},"inLanguage":"pt-BR","potentialAction":[{"@type":"ReadAction","target":["https:\/\/diariodepe.com.br\/cri\/2025\/08\/14\/beijing-sedia-primeiro-campeonato-mundial-de-robos-humanoides\/"]}]},{"@type":"ImageObject","inLanguage":"pt-BR","@id":"https:\/\/diariodepe.com.br\/cri\/2025\/08\/14\/beijing-sedia-primeiro-campeonato-mundial-de-robos-humanoides\/#primaryimage","url":"https:\/\/38picres.cgtn.com\/photoAlbum\/page\/performance\/img\/2025\/8\/14\/1755182884404_227.jpg","contentUrl":"https:\/\/38picres.cgtn.com\/photoAlbum\/page\/performance\/img\/2025\/8\/14\/1755182884404_227.jpg"},{"@type":"BreadcrumbList","@id":"https:\/\/diariodepe.com.br\/cri\/2025\/08\/14\/beijing-sedia-primeiro-campeonato-mundial-de-robos-humanoides\/#breadcrumb","itemListElement":[{"@type":"ListItem","position":1,"name":"In\u00edcio","item":"https:\/\/diariodepe.com.br\/cri\/"},{"@type":"ListItem","position":2,"name":"Beijing sedia primeiro Campeonato Mundial de Rob\u00f4s Human\u00f3ides"}]},{"@type":"WebSite","@id":"https:\/\/diariodepe.com.br\/cri\/#website","url":"https:\/\/diariodepe.com.br\/cri\/","name":"CRI e Diario de Pernambuco","description":"R\u00e1dio Internacional da China","publisher":{"@id":"https:\/\/diariodepe.com.br\/cri\/#organization"},"potentialAction":[{"@type":"SearchAction","target":{"@type":"EntryPoint","urlTemplate":"https:\/\/diariodepe.com.br\/cri\/?s={search_term_string}"},"query-input":{"@type":"PropertyValueSpecification","valueRequired":true,"valueName":"search_term_string"}}],"inLanguage":"pt-BR"},{"@type":"Organization","@id":"https:\/\/diariodepe.com.br\/cri\/#organization","name":"CRI e Diario de Pernambuco","url":"https:\/\/diariodepe.com.br\/cri\/","logo":{"@type":"ImageObject","inLanguage":"pt-BR","@id":"https:\/\/diariodepe.com.br\/cri\/#\/schema\/logo\/image\/","url":"https:\/\/diariodepe.com.br\/cri\/wp-content\/uploads\/sites\/2\/2022\/12\/cropped-Logo.jpg","contentUrl":"https:\/\/diariodepe.com.br\/cri\/wp-content\/uploads\/sites\/2\/2022\/12\/cropped-Logo.jpg","width":700,"height":59,"caption":"CRI e Diario de Pernambuco"},"image":{"@id":"https:\/\/diariodepe.com.br\/cri\/#\/schema\/logo\/image\/"}},{"@type":"Person","@id":"https:\/\/diariodepe.com.br\/cri\/#\/schema\/person\/e474aead631cd4098632e11d3fbce118","name":"CRI Portugu\u00eas","image":{"@type":"ImageObject","inLanguage":"pt-BR","@id":"https:\/\/secure.gravatar.com\/avatar\/e2ac889ef882d4dc53091b610766dce49106cf9fe98c76e06745abb0993b2763?s=96&d=mm&r=g","url":"https:\/\/secure.gravatar.com\/avatar\/e2ac889ef882d4dc53091b610766dce49106cf9fe98c76e06745abb0993b2763?s=96&d=mm&r=g","contentUrl":"https:\/\/secure.gravatar.com\/avatar\/e2ac889ef882d4dc53091b610766dce49106cf9fe98c76e06745abb0993b2763?s=96&d=mm&r=g","caption":"CRI Portugu\u00eas"},"sameAs":["https:\/\/www.diariodepernambuco.com.br\/"],"url":"https:\/\/diariodepe.com.br\/cri\/author\/agencia-cri\/"}]}},"cc_featured_image_caption":{"caption_text":"","source_text":"","source_url":""},"amp_enabled":true,"_links":{"self":[{"href":"https:\/\/diariodepe.com.br\/cri\/wp-json\/wp\/v2\/posts\/9658","targetHints":{"allow":["GET"]}}],"collection":[{"href":"https:\/\/diariodepe.com.br\/cri\/wp-json\/wp\/v2\/posts"}],"about":[{"href":"https:\/\/diariodepe.com.br\/cri\/wp-json\/wp\/v2\/types\/post"}],"author":[{"embeddable":true,"href":"https:\/\/diariodepe.com.br\/cri\/wp-json\/wp\/v2\/users\/5"}],"replies":[{"embeddable":true,"href":"https:\/\/diariodepe.com.br\/cri\/wp-json\/wp\/v2\/comments?post=9658"}],"version-history":[{"count":1,"href":"https:\/\/diariodepe.com.br\/cri\/wp-json\/wp\/v2\/posts\/9658\/revisions"}],"predecessor-version":[{"id":9659,"href":"https:\/\/diariodepe.com.br\/cri\/wp-json\/wp\/v2\/posts\/9658\/revisions\/9659"}],"wp:attachment":[{"href":"https:\/\/diariodepe.com.br\/cri\/wp-json\/wp\/v2\/media?parent=9658"}],"wp:term":[{"taxonomy":"category","embeddable":true,"href":"https:\/\/diariodepe.com.br\/cri\/wp-json\/wp\/v2\/categories?post=9658"},{"taxonomy":"post_tag","embeddable":true,"href":"https:\/\/diariodepe.com.br\/cri\/wp-json\/wp\/v2\/tags?post=9658"}],"curies":[{"name":"wp","href":"https:\/\/api.w.org\/{rel}","templated":true}]}}