{"id":9647,"date":"2025-08-12T04:09:07","date_gmt":"2025-08-12T07:09:07","guid":{"rendered":"https:\/\/diariodepe.com.br\/cri\/?p=9647"},"modified":"2025-09-28T04:09:38","modified_gmt":"2025-09-28T07:09:38","slug":"china-defende-solucao-politica-para-o-iemen-e-seguranca-no-mar-vermelho","status":"publish","type":"post","link":"https:\/\/diariodepe.com.br\/cri\/2025\/08\/12\/china-defende-solucao-politica-para-o-iemen-e-seguranca-no-mar-vermelho\/","title":{"rendered":"China defende solu\u00e7\u00e3o pol\u00edtica para o I\u00eamen e seguran\u00e7a no Mar Vermelho"},"content":{"rendered":"<p>O representante permanente adjunto da China nas Na\u00e7\u00f5es Unidas, Geng Shuang,\u00a0destacou a import\u00e2ncia de garantir\u00a0a seguran\u00e7a das rotas de navega\u00e7\u00e3o do Mar Vermelho e promover uma solu\u00e7\u00e3o pol\u00edtica para a quest\u00e3o do I\u00eamen, durante reuni\u00e3o aberta do Conselho de Seguran\u00e7a nesta ter\u00e7a-feira (12).<\/p>\n<p>Segundo o diplomata chin\u00eas, o\u00a0impasse pol\u00edtico no I\u00eamen persiste,\u00a0agravado por uma\u00a0situa\u00e7\u00e3o de seguran\u00e7a fr\u00e1gil e\u00a0uma\u00a0grave\u00a0crise humanit\u00e1ria.\u00a0Israel e o grupo\u00a0Houthi\u00a0protagonizam ataques cruzados,\u00a0mantendo\u00a0a situa\u00e7\u00e3o no Mar Vermelho tensa.\u00a0Ele\u00a0ressaltou que a\u00a0comunidade internacional deve\u00a0atuar conjuntamente para restaurar a paz e a estabilidade\u00a0na regi\u00e3o.<\/p>\n<p>Geng Shuang\u00a0ainda\u00a0manifestou preocupa\u00e7\u00e3o com ataques realizados em julho pelos Houthi a dois navios de carga, que resultaram em\u00a0perdas humanas.\u00a0Ele apelou para que o grupo respeite o direito de livre\u00a0navega\u00e7\u00e3o\u00a0das embarca\u00e7\u00f5es comerciais e cesse o ass\u00e9dio na regi\u00e3o.\u00a0Ao mesmo tempo,\u00a0refor\u00e7ou que\u00a0a soberania, a seguran\u00e7a e a integridade territorial do I\u00eamen tamb\u00e9m\u00a0devem ser preservadas.<\/p>\n<p>\u201cA quest\u00e3o do I\u00eamen deve ser resolvida\u00a0pela via pol\u00edtica.\u00a0A\u00a0sa\u00edda fundamental\u00a0est\u00e1\u00a0no di\u00e1logo e na negocia\u00e7\u00e3o\u201d,\u00a0frisou\u00a0Geng Shuang, conclamando as\u00a0partes envolvidas\u00a0a retomarem o di\u00e1logo e agirem em conjunto para restabelecer a paz.<\/p>\n<p>&nbsp;<\/p>\n","protected":false},"excerpt":{"rendered":"<p>O representante permanente adjunto da China nas Na\u00e7\u00f5es Unidas, Geng Shuang,\u00a0destacou a import\u00e2ncia de garantir\u00a0a seguran\u00e7a das rotas de navega\u00e7\u00e3o do Mar Vermelho e promover uma solu\u00e7\u00e3o pol\u00edtica para a quest\u00e3o do I\u00eamen, durante reuni\u00e3o aberta do Conselho de Seguran\u00e7a&#8230;<\/p>\n","protected":false},"author":5,"featured_media":0,"comment_status":"open","ping_status":"open","sticky":false,"template":"","format":"standard","meta":{"footnotes":""},"categories":[3],"tags":[],"class_list":["post-9647","post","type-post","status-publish","format-standard","hentry","category-china"],"yoast_head":"<!-- This site is optimized with the Yoast SEO plugin v27.4 - https:\/\/yoast.com\/product\/yoast-seo-wordpress\/ -->\n<title>China defende solu\u00e7\u00e3o pol\u00edtica para o I\u00eamen e seguran\u00e7a no Mar Vermelho - CRI e Diario de Pernambuco<\/title>\n<meta name=\"robots\" content=\"index, follow, max-snippet:-1, max-image-preview:large, max-video-preview:-1\" \/>\n<link rel=\"canonical\" href=\"https:\/\/diariodepe.com.br\/cri\/2025\/08\/12\/china-defende-solucao-politica-para-o-iemen-e-seguranca-no-mar-vermelho\/\" \/>\n<meta property=\"og:locale\" content=\"pt_BR\" \/>\n<meta property=\"og:type\" content=\"article\" \/>\n<meta property=\"og:title\" content=\"China defende solu\u00e7\u00e3o pol\u00edtica para o I\u00eamen e seguran\u00e7a no Mar Vermelho - CRI e Diario de Pernambuco\" \/>\n<meta property=\"og:description\" content=\"O representante permanente adjunto da China nas Na\u00e7\u00f5es Unidas, Geng Shuang,\u00a0destacou a import\u00e2ncia de garantir\u00a0a seguran\u00e7a das rotas de navega\u00e7\u00e3o do Mar Vermelho e promover uma solu\u00e7\u00e3o pol\u00edtica para a quest\u00e3o do I\u00eamen, durante reuni\u00e3o aberta do Conselho de Seguran\u00e7a...\" \/>\n<meta property=\"og:url\" content=\"https:\/\/diariodepe.com.br\/cri\/2025\/08\/12\/china-defende-solucao-politica-para-o-iemen-e-seguranca-no-mar-vermelho\/\" \/>\n<meta property=\"og:site_name\" content=\"CRI e Diario de Pernambuco\" \/>\n<meta property=\"article:published_time\" content=\"2025-08-12T07:09:07+00:00\" \/>\n<meta property=\"article:modified_time\" content=\"2025-09-28T07:09:38+00:00\" \/>\n<meta name=\"author\" content=\"CRI Portugu\u00eas\" \/>\n<meta name=\"twitter:card\" content=\"summary_large_image\" \/>\n<meta name=\"twitter:label1\" content=\"Escrito por\" \/>\n\t<meta name=\"twitter:data1\" content=\"CRI Portugu\u00eas\" \/>\n\t<meta name=\"twitter:label2\" content=\"Est. tempo de leitura\" \/>\n\t<meta name=\"twitter:data2\" content=\"2 minutos\" \/>\n<script type=\"application\/ld+json\" class=\"yoast-schema-graph\">{\"@context\":\"https:\\\/\\\/schema.org\",\"@graph\":[{\"@type\":\"Article\",\"@id\":\"https:\\\/\\\/diariodepe.com.br\\\/cri\\\/2025\\\/08\\\/12\\\/china-defende-solucao-politica-para-o-iemen-e-seguranca-no-mar-vermelho\\\/#article\",\"isPartOf\":{\"@id\":\"https:\\\/\\\/diariodepe.com.br\\\/cri\\\/2025\\\/08\\\/12\\\/china-defende-solucao-politica-para-o-iemen-e-seguranca-no-mar-vermelho\\\/\"},\"author\":{\"name\":\"CRI Portugu\u00eas\",\"@id\":\"https:\\\/\\\/diariodepe.com.br\\\/cri\\\/#\\\/schema\\\/person\\\/e474aead631cd4098632e11d3fbce118\"},\"headline\":\"China defende solu\u00e7\u00e3o pol\u00edtica para o I\u00eamen e seguran\u00e7a no Mar Vermelho\",\"datePublished\":\"2025-08-12T07:09:07+00:00\",\"dateModified\":\"2025-09-28T07:09:38+00:00\",\"mainEntityOfPage\":{\"@id\":\"https:\\\/\\\/diariodepe.com.br\\\/cri\\\/2025\\\/08\\\/12\\\/china-defende-solucao-politica-para-o-iemen-e-seguranca-no-mar-vermelho\\\/\"},\"wordCount\":252,\"commentCount\":0,\"publisher\":{\"@id\":\"https:\\\/\\\/diariodepe.com.br\\\/cri\\\/#organization\"},\"articleSection\":[\"China\"],\"inLanguage\":\"pt-BR\",\"potentialAction\":[{\"@type\":\"CommentAction\",\"name\":\"Comment\",\"target\":[\"https:\\\/\\\/diariodepe.com.br\\\/cri\\\/2025\\\/08\\\/12\\\/china-defende-solucao-politica-para-o-iemen-e-seguranca-no-mar-vermelho\\\/#respond\"]}]},{\"@type\":\"WebPage\",\"@id\":\"https:\\\/\\\/diariodepe.com.br\\\/cri\\\/2025\\\/08\\\/12\\\/china-defende-solucao-politica-para-o-iemen-e-seguranca-no-mar-vermelho\\\/\",\"url\":\"https:\\\/\\\/diariodepe.com.br\\\/cri\\\/2025\\\/08\\\/12\\\/china-defende-solucao-politica-para-o-iemen-e-seguranca-no-mar-vermelho\\\/\",\"name\":\"China defende solu\u00e7\u00e3o pol\u00edtica para o I\u00eamen e seguran\u00e7a no Mar Vermelho - CRI e Diario de Pernambuco\",\"isPartOf\":{\"@id\":\"https:\\\/\\\/diariodepe.com.br\\\/cri\\\/#website\"},\"datePublished\":\"2025-08-12T07:09:07+00:00\",\"dateModified\":\"2025-09-28T07:09:38+00:00\",\"breadcrumb\":{\"@id\":\"https:\\\/\\\/diariodepe.com.br\\\/cri\\\/2025\\\/08\\\/12\\\/china-defende-solucao-politica-para-o-iemen-e-seguranca-no-mar-vermelho\\\/#breadcrumb\"},\"inLanguage\":\"pt-BR\",\"potentialAction\":[{\"@type\":\"ReadAction\",\"target\":[\"https:\\\/\\\/diariodepe.com.br\\\/cri\\\/2025\\\/08\\\/12\\\/china-defende-solucao-politica-para-o-iemen-e-seguranca-no-mar-vermelho\\\/\"]}]},{\"@type\":\"BreadcrumbList\",\"@id\":\"https:\\\/\\\/diariodepe.com.br\\\/cri\\\/2025\\\/08\\\/12\\\/china-defende-solucao-politica-para-o-iemen-e-seguranca-no-mar-vermelho\\\/#breadcrumb\",\"itemListElement\":[{\"@type\":\"ListItem\",\"position\":1,\"name\":\"In\u00edcio\",\"item\":\"https:\\\/\\\/diariodepe.com.br\\\/cri\\\/\"},{\"@type\":\"ListItem\",\"position\":2,\"name\":\"China defende solu\u00e7\u00e3o pol\u00edtica para o I\u00eamen e seguran\u00e7a no Mar Vermelho\"}]},{\"@type\":\"WebSite\",\"@id\":\"https:\\\/\\\/diariodepe.com.br\\\/cri\\\/#website\",\"url\":\"https:\\\/\\\/diariodepe.com.br\\\/cri\\\/\",\"name\":\"CRI e Diario de Pernambuco\",\"description\":\"R\u00e1dio Internacional da China\",\"publisher\":{\"@id\":\"https:\\\/\\\/diariodepe.com.br\\\/cri\\\/#organization\"},\"potentialAction\":[{\"@type\":\"SearchAction\",\"target\":{\"@type\":\"EntryPoint\",\"urlTemplate\":\"https:\\\/\\\/diariodepe.com.br\\\/cri\\\/?s={search_term_string}\"},\"query-input\":{\"@type\":\"PropertyValueSpecification\",\"valueRequired\":true,\"valueName\":\"search_term_string\"}}],\"inLanguage\":\"pt-BR\"},{\"@type\":\"Organization\",\"@id\":\"https:\\\/\\\/diariodepe.com.br\\\/cri\\\/#organization\",\"name\":\"CRI e Diario de Pernambuco\",\"url\":\"https:\\\/\\\/diariodepe.com.br\\\/cri\\\/\",\"logo\":{\"@type\":\"ImageObject\",\"inLanguage\":\"pt-BR\",\"@id\":\"https:\\\/\\\/diariodepe.com.br\\\/cri\\\/#\\\/schema\\\/logo\\\/image\\\/\",\"url\":\"https:\\\/\\\/diariodepe.com.br\\\/cri\\\/wp-content\\\/uploads\\\/sites\\\/2\\\/2022\\\/12\\\/cropped-Logo.jpg\",\"contentUrl\":\"https:\\\/\\\/diariodepe.com.br\\\/cri\\\/wp-content\\\/uploads\\\/sites\\\/2\\\/2022\\\/12\\\/cropped-Logo.jpg\",\"width\":700,\"height\":59,\"caption\":\"CRI e Diario de Pernambuco\"},\"image\":{\"@id\":\"https:\\\/\\\/diariodepe.com.br\\\/cri\\\/#\\\/schema\\\/logo\\\/image\\\/\"}},{\"@type\":\"Person\",\"@id\":\"https:\\\/\\\/diariodepe.com.br\\\/cri\\\/#\\\/schema\\\/person\\\/e474aead631cd4098632e11d3fbce118\",\"name\":\"CRI Portugu\u00eas\",\"image\":{\"@type\":\"ImageObject\",\"inLanguage\":\"pt-BR\",\"@id\":\"https:\\\/\\\/secure.gravatar.com\\\/avatar\\\/e2ac889ef882d4dc53091b610766dce49106cf9fe98c76e06745abb0993b2763?s=96&d=mm&r=g\",\"url\":\"https:\\\/\\\/secure.gravatar.com\\\/avatar\\\/e2ac889ef882d4dc53091b610766dce49106cf9fe98c76e06745abb0993b2763?s=96&d=mm&r=g\",\"contentUrl\":\"https:\\\/\\\/secure.gravatar.com\\\/avatar\\\/e2ac889ef882d4dc53091b610766dce49106cf9fe98c76e06745abb0993b2763?s=96&d=mm&r=g\",\"caption\":\"CRI Portugu\u00eas\"},\"sameAs\":[\"https:\\\/\\\/www.diariodepernambuco.com.br\\\/\"],\"url\":\"https:\\\/\\\/diariodepe.com.br\\\/cri\\\/author\\\/agencia-cri\\\/\"}]}<\/script>\n<!-- \/ Yoast SEO plugin. -->","yoast_head_json":{"title":"China defende solu\u00e7\u00e3o pol\u00edtica para o I\u00eamen e seguran\u00e7a no Mar Vermelho - CRI e Diario de Pernambuco","robots":{"index":"index","follow":"follow","max-snippet":"max-snippet:-1","max-image-preview":"max-image-preview:large","max-video-preview":"max-video-preview:-1"},"canonical":"https:\/\/diariodepe.com.br\/cri\/2025\/08\/12\/china-defende-solucao-politica-para-o-iemen-e-seguranca-no-mar-vermelho\/","og_locale":"pt_BR","og_type":"article","og_title":"China defende solu\u00e7\u00e3o pol\u00edtica para o I\u00eamen e seguran\u00e7a no Mar Vermelho - CRI e Diario de Pernambuco","og_description":"O representante permanente adjunto da China nas Na\u00e7\u00f5es Unidas, Geng Shuang,\u00a0destacou a import\u00e2ncia de garantir\u00a0a seguran\u00e7a das rotas de navega\u00e7\u00e3o do Mar Vermelho e promover uma solu\u00e7\u00e3o pol\u00edtica para a quest\u00e3o do I\u00eamen, durante reuni\u00e3o aberta do Conselho de Seguran\u00e7a...","og_url":"https:\/\/diariodepe.com.br\/cri\/2025\/08\/12\/china-defende-solucao-politica-para-o-iemen-e-seguranca-no-mar-vermelho\/","og_site_name":"CRI e Diario de Pernambuco","article_published_time":"2025-08-12T07:09:07+00:00","article_modified_time":"2025-09-28T07:09:38+00:00","author":"CRI Portugu\u00eas","twitter_card":"summary_large_image","twitter_misc":{"Escrito por":"CRI Portugu\u00eas","Est. tempo de leitura":"2 minutos"},"schema":{"@context":"https:\/\/schema.org","@graph":[{"@type":"Article","@id":"https:\/\/diariodepe.com.br\/cri\/2025\/08\/12\/china-defende-solucao-politica-para-o-iemen-e-seguranca-no-mar-vermelho\/#article","isPartOf":{"@id":"https:\/\/diariodepe.com.br\/cri\/2025\/08\/12\/china-defende-solucao-politica-para-o-iemen-e-seguranca-no-mar-vermelho\/"},"author":{"name":"CRI Portugu\u00eas","@id":"https:\/\/diariodepe.com.br\/cri\/#\/schema\/person\/e474aead631cd4098632e11d3fbce118"},"headline":"China defende solu\u00e7\u00e3o pol\u00edtica para o I\u00eamen e seguran\u00e7a no Mar Vermelho","datePublished":"2025-08-12T07:09:07+00:00","dateModified":"2025-09-28T07:09:38+00:00","mainEntityOfPage":{"@id":"https:\/\/diariodepe.com.br\/cri\/2025\/08\/12\/china-defende-solucao-politica-para-o-iemen-e-seguranca-no-mar-vermelho\/"},"wordCount":252,"commentCount":0,"publisher":{"@id":"https:\/\/diariodepe.com.br\/cri\/#organization"},"articleSection":["China"],"inLanguage":"pt-BR","potentialAction":[{"@type":"CommentAction","name":"Comment","target":["https:\/\/diariodepe.com.br\/cri\/2025\/08\/12\/china-defende-solucao-politica-para-o-iemen-e-seguranca-no-mar-vermelho\/#respond"]}]},{"@type":"WebPage","@id":"https:\/\/diariodepe.com.br\/cri\/2025\/08\/12\/china-defende-solucao-politica-para-o-iemen-e-seguranca-no-mar-vermelho\/","url":"https:\/\/diariodepe.com.br\/cri\/2025\/08\/12\/china-defende-solucao-politica-para-o-iemen-e-seguranca-no-mar-vermelho\/","name":"China defende solu\u00e7\u00e3o pol\u00edtica para o I\u00eamen e seguran\u00e7a no Mar Vermelho - CRI e Diario de Pernambuco","isPartOf":{"@id":"https:\/\/diariodepe.com.br\/cri\/#website"},"datePublished":"2025-08-12T07:09:07+00:00","dateModified":"2025-09-28T07:09:38+00:00","breadcrumb":{"@id":"https:\/\/diariodepe.com.br\/cri\/2025\/08\/12\/china-defende-solucao-politica-para-o-iemen-e-seguranca-no-mar-vermelho\/#breadcrumb"},"inLanguage":"pt-BR","potentialAction":[{"@type":"ReadAction","target":["https:\/\/diariodepe.com.br\/cri\/2025\/08\/12\/china-defende-solucao-politica-para-o-iemen-e-seguranca-no-mar-vermelho\/"]}]},{"@type":"BreadcrumbList","@id":"https:\/\/diariodepe.com.br\/cri\/2025\/08\/12\/china-defende-solucao-politica-para-o-iemen-e-seguranca-no-mar-vermelho\/#breadcrumb","itemListElement":[{"@type":"ListItem","position":1,"name":"In\u00edcio","item":"https:\/\/diariodepe.com.br\/cri\/"},{"@type":"ListItem","position":2,"name":"China defende solu\u00e7\u00e3o pol\u00edtica para o I\u00eamen e seguran\u00e7a no Mar Vermelho"}]},{"@type":"WebSite","@id":"https:\/\/diariodepe.com.br\/cri\/#website","url":"https:\/\/diariodepe.com.br\/cri\/","name":"CRI e Diario de Pernambuco","description":"R\u00e1dio Internacional da China","publisher":{"@id":"https:\/\/diariodepe.com.br\/cri\/#organization"},"potentialAction":[{"@type":"SearchAction","target":{"@type":"EntryPoint","urlTemplate":"https:\/\/diariodepe.com.br\/cri\/?s={search_term_string}"},"query-input":{"@type":"PropertyValueSpecification","valueRequired":true,"valueName":"search_term_string"}}],"inLanguage":"pt-BR"},{"@type":"Organization","@id":"https:\/\/diariodepe.com.br\/cri\/#organization","name":"CRI e Diario de Pernambuco","url":"https:\/\/diariodepe.com.br\/cri\/","logo":{"@type":"ImageObject","inLanguage":"pt-BR","@id":"https:\/\/diariodepe.com.br\/cri\/#\/schema\/logo\/image\/","url":"https:\/\/diariodepe.com.br\/cri\/wp-content\/uploads\/sites\/2\/2022\/12\/cropped-Logo.jpg","contentUrl":"https:\/\/diariodepe.com.br\/cri\/wp-content\/uploads\/sites\/2\/2022\/12\/cropped-Logo.jpg","width":700,"height":59,"caption":"CRI e Diario de Pernambuco"},"image":{"@id":"https:\/\/diariodepe.com.br\/cri\/#\/schema\/logo\/image\/"}},{"@type":"Person","@id":"https:\/\/diariodepe.com.br\/cri\/#\/schema\/person\/e474aead631cd4098632e11d3fbce118","name":"CRI Portugu\u00eas","image":{"@type":"ImageObject","inLanguage":"pt-BR","@id":"https:\/\/secure.gravatar.com\/avatar\/e2ac889ef882d4dc53091b610766dce49106cf9fe98c76e06745abb0993b2763?s=96&d=mm&r=g","url":"https:\/\/secure.gravatar.com\/avatar\/e2ac889ef882d4dc53091b610766dce49106cf9fe98c76e06745abb0993b2763?s=96&d=mm&r=g","contentUrl":"https:\/\/secure.gravatar.com\/avatar\/e2ac889ef882d4dc53091b610766dce49106cf9fe98c76e06745abb0993b2763?s=96&d=mm&r=g","caption":"CRI Portugu\u00eas"},"sameAs":["https:\/\/www.diariodepernambuco.com.br\/"],"url":"https:\/\/diariodepe.com.br\/cri\/author\/agencia-cri\/"}]}},"cc_featured_image_caption":{"caption_text":"","source_text":"","source_url":""},"amp_enabled":true,"_links":{"self":[{"href":"https:\/\/diariodepe.com.br\/cri\/wp-json\/wp\/v2\/posts\/9647","targetHints":{"allow":["GET"]}}],"collection":[{"href":"https:\/\/diariodepe.com.br\/cri\/wp-json\/wp\/v2\/posts"}],"about":[{"href":"https:\/\/diariodepe.com.br\/cri\/wp-json\/wp\/v2\/types\/post"}],"author":[{"embeddable":true,"href":"https:\/\/diariodepe.com.br\/cri\/wp-json\/wp\/v2\/users\/5"}],"replies":[{"embeddable":true,"href":"https:\/\/diariodepe.com.br\/cri\/wp-json\/wp\/v2\/comments?post=9647"}],"version-history":[{"count":1,"href":"https:\/\/diariodepe.com.br\/cri\/wp-json\/wp\/v2\/posts\/9647\/revisions"}],"predecessor-version":[{"id":9648,"href":"https:\/\/diariodepe.com.br\/cri\/wp-json\/wp\/v2\/posts\/9647\/revisions\/9648"}],"wp:attachment":[{"href":"https:\/\/diariodepe.com.br\/cri\/wp-json\/wp\/v2\/media?parent=9647"}],"wp:term":[{"taxonomy":"category","embeddable":true,"href":"https:\/\/diariodepe.com.br\/cri\/wp-json\/wp\/v2\/categories?post=9647"},{"taxonomy":"post_tag","embeddable":true,"href":"https:\/\/diariodepe.com.br\/cri\/wp-json\/wp\/v2\/tags?post=9647"}],"curies":[{"name":"wp","href":"https:\/\/api.w.org\/{rel}","templated":true}]}}