{"id":9631,"date":"2025-07-28T04:03:33","date_gmt":"2025-07-28T07:03:33","guid":{"rendered":"https:\/\/diariodepe.com.br\/cri\/?p=9631"},"modified":"2025-09-28T04:03:50","modified_gmt":"2025-09-28T07:03:50","slug":"home-noticias-comentario-videos-galeria-de-fotos-especiais-buscabusca-area-de-exposicao-alugada-para-a-8a-exposicao-internacional-de-importacao-da-china-ultrapassa-330-mil-metros-quadrados","status":"publish","type":"post","link":"https:\/\/diariodepe.com.br\/cri\/2025\/07\/28\/home-noticias-comentario-videos-galeria-de-fotos-especiais-buscabusca-area-de-exposicao-alugada-para-a-8a-exposicao-internacional-de-importacao-da-china-ultrapassa-330-mil-metros-quadrados\/","title":{"rendered":"Home Not\u00edcias Coment\u00e1rio V\u00eddeos Galeria de Fotos Especiais BuscaBusca \u00c1rea de exposi\u00e7\u00e3o alugada para a 8\u00aa Exposi\u00e7\u00e3o Internacional de Importa\u00e7\u00e3o da China ultrapassa 330 mil metros quadrados"},"content":{"rendered":"<p><img decoding=\"async\" src=\"https:\/\/38picres.cgtn.com\/photoAlbum\/page\/performance\/img\/2025\/7\/25\/1753432103486_350.jpg\" \/><\/p>\n<p>A 8\u00aa Exposi\u00e7\u00e3o Internacional de Importa\u00e7\u00e3o da China (CIIE) ser\u00e1 realizada de 5 a 10 de novembro, em Shanghai. At\u00e9 o momento, a \u00e1rea alugada j\u00e1 ultrapassa 330 mil metros quadrados. Mais de 50 pa\u00edses e organiza\u00e7\u00f5es internacionais confirmaram participa\u00e7\u00e3o no evento. Entre eles, Su\u00e9cia, Emirados \u00c1rabes Unidos e outros atuar\u00e3o como pa\u00edses convidados de honra, e o Quirguist\u00e3o participar\u00e1 do evento pela primeira vez.<\/p>\n<p>Com mais de 330 mil metros quadrados de \u00e1rea alugada, 170 empresas e 27 institui\u00e7\u00f5es marcar\u00e3o presen\u00e7a pela oitava vez consecutiva no evento \u2014 uma demonstra\u00e7\u00e3o clara da confian\u00e7a da comunidade internacional na economia chinesa e do entusiasmo em rela\u00e7\u00e3o \u00e0 CIIE.<\/p>\n<p>Al\u00e9m disso, pela primeira vez, a China estabelecer\u00e1 uma \u00e1rea especial dedicada a produtos de pa\u00edses menos desenvolvidos. A zona de produtos africanos tamb\u00e9m ser\u00e1 ampliada e atualizada, com o objetivo de promover o aproveitamento do regime de \u201ctarifa zero\u201d por parte dos pa\u00edses menos desenvolvidos com rela\u00e7\u00f5es diplom\u00e1ticas com a China, bem como os 53 pa\u00edses africanos que mant\u00eam la\u00e7os com o pa\u00eds, facilitando assim o acesso de suas empresas e produtos ao mercado chin\u00eas.<\/p>\n","protected":false},"excerpt":{"rendered":"<p>A 8\u00aa Exposi\u00e7\u00e3o Internacional de Importa\u00e7\u00e3o da China (CIIE) ser\u00e1 realizada de 5 a 10 de novembro, em Shanghai. At\u00e9 o momento, a \u00e1rea alugada j\u00e1 ultrapassa 330 mil metros quadrados. Mais de 50 pa\u00edses e organiza\u00e7\u00f5es internacionais confirmaram participa\u00e7\u00e3o&#8230;<\/p>\n","protected":false},"author":5,"featured_media":0,"comment_status":"open","ping_status":"open","sticky":false,"template":"","format":"standard","meta":{"footnotes":""},"categories":[3],"tags":[],"class_list":["post-9631","post","type-post","status-publish","format-standard","hentry","category-china"],"yoast_head":"<!-- This site is optimized with the Yoast SEO plugin v27.4 - https:\/\/yoast.com\/product\/yoast-seo-wordpress\/ -->\n<title>Home Not\u00edcias Coment\u00e1rio V\u00eddeos Galeria de Fotos Especiais BuscaBusca \u00c1rea de exposi\u00e7\u00e3o alugada para a 8\u00aa Exposi\u00e7\u00e3o Internacional de Importa\u00e7\u00e3o da China ultrapassa 330 mil metros quadrados - CRI e Diario de Pernambuco<\/title>\n<meta name=\"robots\" content=\"index, follow, max-snippet:-1, max-image-preview:large, max-video-preview:-1\" \/>\n<link rel=\"canonical\" href=\"https:\/\/diariodepe.com.br\/cri\/2025\/07\/28\/home-noticias-comentario-videos-galeria-de-fotos-especiais-buscabusca-area-de-exposicao-alugada-para-a-8a-exposicao-internacional-de-importacao-da-china-ultrapassa-330-mil-metros-quadrados\/\" \/>\n<meta property=\"og:locale\" content=\"pt_BR\" \/>\n<meta property=\"og:type\" content=\"article\" \/>\n<meta property=\"og:title\" content=\"Home Not\u00edcias Coment\u00e1rio V\u00eddeos Galeria de Fotos Especiais BuscaBusca \u00c1rea de exposi\u00e7\u00e3o alugada para a 8\u00aa Exposi\u00e7\u00e3o Internacional de Importa\u00e7\u00e3o da China ultrapassa 330 mil metros quadrados - CRI e Diario de Pernambuco\" \/>\n<meta property=\"og:description\" content=\"A 8\u00aa Exposi\u00e7\u00e3o Internacional de Importa\u00e7\u00e3o da China (CIIE) ser\u00e1 realizada de 5 a 10 de novembro, em Shanghai. At\u00e9 o momento, a \u00e1rea alugada j\u00e1 ultrapassa 330 mil metros quadrados. Mais de 50 pa\u00edses e organiza\u00e7\u00f5es internacionais confirmaram participa\u00e7\u00e3o...\" \/>\n<meta property=\"og:url\" content=\"https:\/\/diariodepe.com.br\/cri\/2025\/07\/28\/home-noticias-comentario-videos-galeria-de-fotos-especiais-buscabusca-area-de-exposicao-alugada-para-a-8a-exposicao-internacional-de-importacao-da-china-ultrapassa-330-mil-metros-quadrados\/\" \/>\n<meta property=\"og:site_name\" content=\"CRI e Diario de Pernambuco\" \/>\n<meta property=\"article:published_time\" content=\"2025-07-28T07:03:33+00:00\" \/>\n<meta property=\"article:modified_time\" content=\"2025-09-28T07:03:50+00:00\" \/>\n<meta property=\"og:image\" content=\"https:\/\/38picres.cgtn.com\/photoAlbum\/page\/performance\/img\/2025\/7\/25\/1753432103486_350.jpg\" \/>\n<meta name=\"author\" content=\"CRI Portugu\u00eas\" \/>\n<meta name=\"twitter:card\" content=\"summary_large_image\" \/>\n<meta name=\"twitter:label1\" content=\"Escrito por\" \/>\n\t<meta name=\"twitter:data1\" content=\"CRI Portugu\u00eas\" \/>\n\t<meta name=\"twitter:label2\" content=\"Est. tempo de leitura\" \/>\n\t<meta name=\"twitter:data2\" content=\"2 minutos\" \/>\n<script type=\"application\/ld+json\" class=\"yoast-schema-graph\">{\"@context\":\"https:\\\/\\\/schema.org\",\"@graph\":[{\"@type\":\"Article\",\"@id\":\"https:\\\/\\\/diariodepe.com.br\\\/cri\\\/2025\\\/07\\\/28\\\/home-noticias-comentario-videos-galeria-de-fotos-especiais-buscabusca-area-de-exposicao-alugada-para-a-8a-exposicao-internacional-de-importacao-da-china-ultrapassa-330-mil-metros-quadrados\\\/#article\",\"isPartOf\":{\"@id\":\"https:\\\/\\\/diariodepe.com.br\\\/cri\\\/2025\\\/07\\\/28\\\/home-noticias-comentario-videos-galeria-de-fotos-especiais-buscabusca-area-de-exposicao-alugada-para-a-8a-exposicao-internacional-de-importacao-da-china-ultrapassa-330-mil-metros-quadrados\\\/\"},\"author\":{\"name\":\"CRI Portugu\u00eas\",\"@id\":\"https:\\\/\\\/diariodepe.com.br\\\/cri\\\/#\\\/schema\\\/person\\\/e474aead631cd4098632e11d3fbce118\"},\"headline\":\"Home Not\u00edcias Coment\u00e1rio V\u00eddeos Galeria de Fotos Especiais BuscaBusca \u00c1rea de exposi\u00e7\u00e3o alugada para a 8\u00aa Exposi\u00e7\u00e3o Internacional de Importa\u00e7\u00e3o da China ultrapassa 330 mil metros quadrados\",\"datePublished\":\"2025-07-28T07:03:33+00:00\",\"dateModified\":\"2025-09-28T07:03:50+00:00\",\"mainEntityOfPage\":{\"@id\":\"https:\\\/\\\/diariodepe.com.br\\\/cri\\\/2025\\\/07\\\/28\\\/home-noticias-comentario-videos-galeria-de-fotos-especiais-buscabusca-area-de-exposicao-alugada-para-a-8a-exposicao-internacional-de-importacao-da-china-ultrapassa-330-mil-metros-quadrados\\\/\"},\"wordCount\":229,\"commentCount\":0,\"publisher\":{\"@id\":\"https:\\\/\\\/diariodepe.com.br\\\/cri\\\/#organization\"},\"image\":{\"@id\":\"https:\\\/\\\/diariodepe.com.br\\\/cri\\\/2025\\\/07\\\/28\\\/home-noticias-comentario-videos-galeria-de-fotos-especiais-buscabusca-area-de-exposicao-alugada-para-a-8a-exposicao-internacional-de-importacao-da-china-ultrapassa-330-mil-metros-quadrados\\\/#primaryimage\"},\"thumbnailUrl\":\"https:\\\/\\\/38picres.cgtn.com\\\/photoAlbum\\\/page\\\/performance\\\/img\\\/2025\\\/7\\\/25\\\/1753432103486_350.jpg\",\"articleSection\":[\"China\"],\"inLanguage\":\"pt-BR\",\"potentialAction\":[{\"@type\":\"CommentAction\",\"name\":\"Comment\",\"target\":[\"https:\\\/\\\/diariodepe.com.br\\\/cri\\\/2025\\\/07\\\/28\\\/home-noticias-comentario-videos-galeria-de-fotos-especiais-buscabusca-area-de-exposicao-alugada-para-a-8a-exposicao-internacional-de-importacao-da-china-ultrapassa-330-mil-metros-quadrados\\\/#respond\"]}]},{\"@type\":\"WebPage\",\"@id\":\"https:\\\/\\\/diariodepe.com.br\\\/cri\\\/2025\\\/07\\\/28\\\/home-noticias-comentario-videos-galeria-de-fotos-especiais-buscabusca-area-de-exposicao-alugada-para-a-8a-exposicao-internacional-de-importacao-da-china-ultrapassa-330-mil-metros-quadrados\\\/\",\"url\":\"https:\\\/\\\/diariodepe.com.br\\\/cri\\\/2025\\\/07\\\/28\\\/home-noticias-comentario-videos-galeria-de-fotos-especiais-buscabusca-area-de-exposicao-alugada-para-a-8a-exposicao-internacional-de-importacao-da-china-ultrapassa-330-mil-metros-quadrados\\\/\",\"name\":\"Home Not\u00edcias Coment\u00e1rio V\u00eddeos Galeria de Fotos Especiais BuscaBusca \u00c1rea de exposi\u00e7\u00e3o alugada para a 8\u00aa Exposi\u00e7\u00e3o Internacional de Importa\u00e7\u00e3o da China ultrapassa 330 mil metros quadrados - CRI e Diario de Pernambuco\",\"isPartOf\":{\"@id\":\"https:\\\/\\\/diariodepe.com.br\\\/cri\\\/#website\"},\"primaryImageOfPage\":{\"@id\":\"https:\\\/\\\/diariodepe.com.br\\\/cri\\\/2025\\\/07\\\/28\\\/home-noticias-comentario-videos-galeria-de-fotos-especiais-buscabusca-area-de-exposicao-alugada-para-a-8a-exposicao-internacional-de-importacao-da-china-ultrapassa-330-mil-metros-quadrados\\\/#primaryimage\"},\"image\":{\"@id\":\"https:\\\/\\\/diariodepe.com.br\\\/cri\\\/2025\\\/07\\\/28\\\/home-noticias-comentario-videos-galeria-de-fotos-especiais-buscabusca-area-de-exposicao-alugada-para-a-8a-exposicao-internacional-de-importacao-da-china-ultrapassa-330-mil-metros-quadrados\\\/#primaryimage\"},\"thumbnailUrl\":\"https:\\\/\\\/38picres.cgtn.com\\\/photoAlbum\\\/page\\\/performance\\\/img\\\/2025\\\/7\\\/25\\\/1753432103486_350.jpg\",\"datePublished\":\"2025-07-28T07:03:33+00:00\",\"dateModified\":\"2025-09-28T07:03:50+00:00\",\"breadcrumb\":{\"@id\":\"https:\\\/\\\/diariodepe.com.br\\\/cri\\\/2025\\\/07\\\/28\\\/home-noticias-comentario-videos-galeria-de-fotos-especiais-buscabusca-area-de-exposicao-alugada-para-a-8a-exposicao-internacional-de-importacao-da-china-ultrapassa-330-mil-metros-quadrados\\\/#breadcrumb\"},\"inLanguage\":\"pt-BR\",\"potentialAction\":[{\"@type\":\"ReadAction\",\"target\":[\"https:\\\/\\\/diariodepe.com.br\\\/cri\\\/2025\\\/07\\\/28\\\/home-noticias-comentario-videos-galeria-de-fotos-especiais-buscabusca-area-de-exposicao-alugada-para-a-8a-exposicao-internacional-de-importacao-da-china-ultrapassa-330-mil-metros-quadrados\\\/\"]}]},{\"@type\":\"ImageObject\",\"inLanguage\":\"pt-BR\",\"@id\":\"https:\\\/\\\/diariodepe.com.br\\\/cri\\\/2025\\\/07\\\/28\\\/home-noticias-comentario-videos-galeria-de-fotos-especiais-buscabusca-area-de-exposicao-alugada-para-a-8a-exposicao-internacional-de-importacao-da-china-ultrapassa-330-mil-metros-quadrados\\\/#primaryimage\",\"url\":\"https:\\\/\\\/38picres.cgtn.com\\\/photoAlbum\\\/page\\\/performance\\\/img\\\/2025\\\/7\\\/25\\\/1753432103486_350.jpg\",\"contentUrl\":\"https:\\\/\\\/38picres.cgtn.com\\\/photoAlbum\\\/page\\\/performance\\\/img\\\/2025\\\/7\\\/25\\\/1753432103486_350.jpg\"},{\"@type\":\"BreadcrumbList\",\"@id\":\"https:\\\/\\\/diariodepe.com.br\\\/cri\\\/2025\\\/07\\\/28\\\/home-noticias-comentario-videos-galeria-de-fotos-especiais-buscabusca-area-de-exposicao-alugada-para-a-8a-exposicao-internacional-de-importacao-da-china-ultrapassa-330-mil-metros-quadrados\\\/#breadcrumb\",\"itemListElement\":[{\"@type\":\"ListItem\",\"position\":1,\"name\":\"In\u00edcio\",\"item\":\"https:\\\/\\\/diariodepe.com.br\\\/cri\\\/\"},{\"@type\":\"ListItem\",\"position\":2,\"name\":\"Home Not\u00edcias Coment\u00e1rio V\u00eddeos Galeria de Fotos Especiais BuscaBusca \u00c1rea de exposi\u00e7\u00e3o alugada para a 8\u00aa Exposi\u00e7\u00e3o Internacional de Importa\u00e7\u00e3o da China ultrapassa 330 mil metros quadrados\"}]},{\"@type\":\"WebSite\",\"@id\":\"https:\\\/\\\/diariodepe.com.br\\\/cri\\\/#website\",\"url\":\"https:\\\/\\\/diariodepe.com.br\\\/cri\\\/\",\"name\":\"CRI e Diario de Pernambuco\",\"description\":\"R\u00e1dio Internacional da China\",\"publisher\":{\"@id\":\"https:\\\/\\\/diariodepe.com.br\\\/cri\\\/#organization\"},\"potentialAction\":[{\"@type\":\"SearchAction\",\"target\":{\"@type\":\"EntryPoint\",\"urlTemplate\":\"https:\\\/\\\/diariodepe.com.br\\\/cri\\\/?s={search_term_string}\"},\"query-input\":{\"@type\":\"PropertyValueSpecification\",\"valueRequired\":true,\"valueName\":\"search_term_string\"}}],\"inLanguage\":\"pt-BR\"},{\"@type\":\"Organization\",\"@id\":\"https:\\\/\\\/diariodepe.com.br\\\/cri\\\/#organization\",\"name\":\"CRI e Diario de Pernambuco\",\"url\":\"https:\\\/\\\/diariodepe.com.br\\\/cri\\\/\",\"logo\":{\"@type\":\"ImageObject\",\"inLanguage\":\"pt-BR\",\"@id\":\"https:\\\/\\\/diariodepe.com.br\\\/cri\\\/#\\\/schema\\\/logo\\\/image\\\/\",\"url\":\"https:\\\/\\\/diariodepe.com.br\\\/cri\\\/wp-content\\\/uploads\\\/sites\\\/2\\\/2022\\\/12\\\/cropped-Logo.jpg\",\"contentUrl\":\"https:\\\/\\\/diariodepe.com.br\\\/cri\\\/wp-content\\\/uploads\\\/sites\\\/2\\\/2022\\\/12\\\/cropped-Logo.jpg\",\"width\":700,\"height\":59,\"caption\":\"CRI e Diario de Pernambuco\"},\"image\":{\"@id\":\"https:\\\/\\\/diariodepe.com.br\\\/cri\\\/#\\\/schema\\\/logo\\\/image\\\/\"}},{\"@type\":\"Person\",\"@id\":\"https:\\\/\\\/diariodepe.com.br\\\/cri\\\/#\\\/schema\\\/person\\\/e474aead631cd4098632e11d3fbce118\",\"name\":\"CRI Portugu\u00eas\",\"image\":{\"@type\":\"ImageObject\",\"inLanguage\":\"pt-BR\",\"@id\":\"https:\\\/\\\/secure.gravatar.com\\\/avatar\\\/e2ac889ef882d4dc53091b610766dce49106cf9fe98c76e06745abb0993b2763?s=96&d=mm&r=g\",\"url\":\"https:\\\/\\\/secure.gravatar.com\\\/avatar\\\/e2ac889ef882d4dc53091b610766dce49106cf9fe98c76e06745abb0993b2763?s=96&d=mm&r=g\",\"contentUrl\":\"https:\\\/\\\/secure.gravatar.com\\\/avatar\\\/e2ac889ef882d4dc53091b610766dce49106cf9fe98c76e06745abb0993b2763?s=96&d=mm&r=g\",\"caption\":\"CRI Portugu\u00eas\"},\"sameAs\":[\"https:\\\/\\\/www.diariodepernambuco.com.br\\\/\"],\"url\":\"https:\\\/\\\/diariodepe.com.br\\\/cri\\\/author\\\/agencia-cri\\\/\"}]}<\/script>\n<!-- \/ Yoast SEO plugin. -->","yoast_head_json":{"title":"Home Not\u00edcias Coment\u00e1rio V\u00eddeos Galeria de Fotos Especiais BuscaBusca \u00c1rea de exposi\u00e7\u00e3o alugada para a 8\u00aa Exposi\u00e7\u00e3o Internacional de Importa\u00e7\u00e3o da China ultrapassa 330 mil metros quadrados - CRI e Diario de Pernambuco","robots":{"index":"index","follow":"follow","max-snippet":"max-snippet:-1","max-image-preview":"max-image-preview:large","max-video-preview":"max-video-preview:-1"},"canonical":"https:\/\/diariodepe.com.br\/cri\/2025\/07\/28\/home-noticias-comentario-videos-galeria-de-fotos-especiais-buscabusca-area-de-exposicao-alugada-para-a-8a-exposicao-internacional-de-importacao-da-china-ultrapassa-330-mil-metros-quadrados\/","og_locale":"pt_BR","og_type":"article","og_title":"Home Not\u00edcias Coment\u00e1rio V\u00eddeos Galeria de Fotos Especiais BuscaBusca \u00c1rea de exposi\u00e7\u00e3o alugada para a 8\u00aa Exposi\u00e7\u00e3o Internacional de Importa\u00e7\u00e3o da China ultrapassa 330 mil metros quadrados - CRI e Diario de Pernambuco","og_description":"A 8\u00aa Exposi\u00e7\u00e3o Internacional de Importa\u00e7\u00e3o da China (CIIE) ser\u00e1 realizada de 5 a 10 de novembro, em Shanghai. At\u00e9 o momento, a \u00e1rea alugada j\u00e1 ultrapassa 330 mil metros quadrados. Mais de 50 pa\u00edses e organiza\u00e7\u00f5es internacionais confirmaram participa\u00e7\u00e3o...","og_url":"https:\/\/diariodepe.com.br\/cri\/2025\/07\/28\/home-noticias-comentario-videos-galeria-de-fotos-especiais-buscabusca-area-de-exposicao-alugada-para-a-8a-exposicao-internacional-de-importacao-da-china-ultrapassa-330-mil-metros-quadrados\/","og_site_name":"CRI e Diario de Pernambuco","article_published_time":"2025-07-28T07:03:33+00:00","article_modified_time":"2025-09-28T07:03:50+00:00","og_image":[{"url":"https:\/\/38picres.cgtn.com\/photoAlbum\/page\/performance\/img\/2025\/7\/25\/1753432103486_350.jpg","type":"","width":"","height":""}],"author":"CRI Portugu\u00eas","twitter_card":"summary_large_image","twitter_misc":{"Escrito por":"CRI Portugu\u00eas","Est. tempo de leitura":"2 minutos"},"schema":{"@context":"https:\/\/schema.org","@graph":[{"@type":"Article","@id":"https:\/\/diariodepe.com.br\/cri\/2025\/07\/28\/home-noticias-comentario-videos-galeria-de-fotos-especiais-buscabusca-area-de-exposicao-alugada-para-a-8a-exposicao-internacional-de-importacao-da-china-ultrapassa-330-mil-metros-quadrados\/#article","isPartOf":{"@id":"https:\/\/diariodepe.com.br\/cri\/2025\/07\/28\/home-noticias-comentario-videos-galeria-de-fotos-especiais-buscabusca-area-de-exposicao-alugada-para-a-8a-exposicao-internacional-de-importacao-da-china-ultrapassa-330-mil-metros-quadrados\/"},"author":{"name":"CRI Portugu\u00eas","@id":"https:\/\/diariodepe.com.br\/cri\/#\/schema\/person\/e474aead631cd4098632e11d3fbce118"},"headline":"Home Not\u00edcias Coment\u00e1rio V\u00eddeos Galeria de Fotos Especiais BuscaBusca \u00c1rea de exposi\u00e7\u00e3o alugada para a 8\u00aa Exposi\u00e7\u00e3o Internacional de Importa\u00e7\u00e3o da China ultrapassa 330 mil metros quadrados","datePublished":"2025-07-28T07:03:33+00:00","dateModified":"2025-09-28T07:03:50+00:00","mainEntityOfPage":{"@id":"https:\/\/diariodepe.com.br\/cri\/2025\/07\/28\/home-noticias-comentario-videos-galeria-de-fotos-especiais-buscabusca-area-de-exposicao-alugada-para-a-8a-exposicao-internacional-de-importacao-da-china-ultrapassa-330-mil-metros-quadrados\/"},"wordCount":229,"commentCount":0,"publisher":{"@id":"https:\/\/diariodepe.com.br\/cri\/#organization"},"image":{"@id":"https:\/\/diariodepe.com.br\/cri\/2025\/07\/28\/home-noticias-comentario-videos-galeria-de-fotos-especiais-buscabusca-area-de-exposicao-alugada-para-a-8a-exposicao-internacional-de-importacao-da-china-ultrapassa-330-mil-metros-quadrados\/#primaryimage"},"thumbnailUrl":"https:\/\/38picres.cgtn.com\/photoAlbum\/page\/performance\/img\/2025\/7\/25\/1753432103486_350.jpg","articleSection":["China"],"inLanguage":"pt-BR","potentialAction":[{"@type":"CommentAction","name":"Comment","target":["https:\/\/diariodepe.com.br\/cri\/2025\/07\/28\/home-noticias-comentario-videos-galeria-de-fotos-especiais-buscabusca-area-de-exposicao-alugada-para-a-8a-exposicao-internacional-de-importacao-da-china-ultrapassa-330-mil-metros-quadrados\/#respond"]}]},{"@type":"WebPage","@id":"https:\/\/diariodepe.com.br\/cri\/2025\/07\/28\/home-noticias-comentario-videos-galeria-de-fotos-especiais-buscabusca-area-de-exposicao-alugada-para-a-8a-exposicao-internacional-de-importacao-da-china-ultrapassa-330-mil-metros-quadrados\/","url":"https:\/\/diariodepe.com.br\/cri\/2025\/07\/28\/home-noticias-comentario-videos-galeria-de-fotos-especiais-buscabusca-area-de-exposicao-alugada-para-a-8a-exposicao-internacional-de-importacao-da-china-ultrapassa-330-mil-metros-quadrados\/","name":"Home Not\u00edcias Coment\u00e1rio V\u00eddeos Galeria de Fotos Especiais BuscaBusca \u00c1rea de exposi\u00e7\u00e3o alugada para a 8\u00aa Exposi\u00e7\u00e3o Internacional de Importa\u00e7\u00e3o da China ultrapassa 330 mil metros quadrados - CRI e Diario de Pernambuco","isPartOf":{"@id":"https:\/\/diariodepe.com.br\/cri\/#website"},"primaryImageOfPage":{"@id":"https:\/\/diariodepe.com.br\/cri\/2025\/07\/28\/home-noticias-comentario-videos-galeria-de-fotos-especiais-buscabusca-area-de-exposicao-alugada-para-a-8a-exposicao-internacional-de-importacao-da-china-ultrapassa-330-mil-metros-quadrados\/#primaryimage"},"image":{"@id":"https:\/\/diariodepe.com.br\/cri\/2025\/07\/28\/home-noticias-comentario-videos-galeria-de-fotos-especiais-buscabusca-area-de-exposicao-alugada-para-a-8a-exposicao-internacional-de-importacao-da-china-ultrapassa-330-mil-metros-quadrados\/#primaryimage"},"thumbnailUrl":"https:\/\/38picres.cgtn.com\/photoAlbum\/page\/performance\/img\/2025\/7\/25\/1753432103486_350.jpg","datePublished":"2025-07-28T07:03:33+00:00","dateModified":"2025-09-28T07:03:50+00:00","breadcrumb":{"@id":"https:\/\/diariodepe.com.br\/cri\/2025\/07\/28\/home-noticias-comentario-videos-galeria-de-fotos-especiais-buscabusca-area-de-exposicao-alugada-para-a-8a-exposicao-internacional-de-importacao-da-china-ultrapassa-330-mil-metros-quadrados\/#breadcrumb"},"inLanguage":"pt-BR","potentialAction":[{"@type":"ReadAction","target":["https:\/\/diariodepe.com.br\/cri\/2025\/07\/28\/home-noticias-comentario-videos-galeria-de-fotos-especiais-buscabusca-area-de-exposicao-alugada-para-a-8a-exposicao-internacional-de-importacao-da-china-ultrapassa-330-mil-metros-quadrados\/"]}]},{"@type":"ImageObject","inLanguage":"pt-BR","@id":"https:\/\/diariodepe.com.br\/cri\/2025\/07\/28\/home-noticias-comentario-videos-galeria-de-fotos-especiais-buscabusca-area-de-exposicao-alugada-para-a-8a-exposicao-internacional-de-importacao-da-china-ultrapassa-330-mil-metros-quadrados\/#primaryimage","url":"https:\/\/38picres.cgtn.com\/photoAlbum\/page\/performance\/img\/2025\/7\/25\/1753432103486_350.jpg","contentUrl":"https:\/\/38picres.cgtn.com\/photoAlbum\/page\/performance\/img\/2025\/7\/25\/1753432103486_350.jpg"},{"@type":"BreadcrumbList","@id":"https:\/\/diariodepe.com.br\/cri\/2025\/07\/28\/home-noticias-comentario-videos-galeria-de-fotos-especiais-buscabusca-area-de-exposicao-alugada-para-a-8a-exposicao-internacional-de-importacao-da-china-ultrapassa-330-mil-metros-quadrados\/#breadcrumb","itemListElement":[{"@type":"ListItem","position":1,"name":"In\u00edcio","item":"https:\/\/diariodepe.com.br\/cri\/"},{"@type":"ListItem","position":2,"name":"Home Not\u00edcias Coment\u00e1rio V\u00eddeos Galeria de Fotos Especiais BuscaBusca \u00c1rea de exposi\u00e7\u00e3o alugada para a 8\u00aa Exposi\u00e7\u00e3o Internacional de Importa\u00e7\u00e3o da China ultrapassa 330 mil metros quadrados"}]},{"@type":"WebSite","@id":"https:\/\/diariodepe.com.br\/cri\/#website","url":"https:\/\/diariodepe.com.br\/cri\/","name":"CRI e Diario de Pernambuco","description":"R\u00e1dio Internacional da China","publisher":{"@id":"https:\/\/diariodepe.com.br\/cri\/#organization"},"potentialAction":[{"@type":"SearchAction","target":{"@type":"EntryPoint","urlTemplate":"https:\/\/diariodepe.com.br\/cri\/?s={search_term_string}"},"query-input":{"@type":"PropertyValueSpecification","valueRequired":true,"valueName":"search_term_string"}}],"inLanguage":"pt-BR"},{"@type":"Organization","@id":"https:\/\/diariodepe.com.br\/cri\/#organization","name":"CRI e Diario de Pernambuco","url":"https:\/\/diariodepe.com.br\/cri\/","logo":{"@type":"ImageObject","inLanguage":"pt-BR","@id":"https:\/\/diariodepe.com.br\/cri\/#\/schema\/logo\/image\/","url":"https:\/\/diariodepe.com.br\/cri\/wp-content\/uploads\/sites\/2\/2022\/12\/cropped-Logo.jpg","contentUrl":"https:\/\/diariodepe.com.br\/cri\/wp-content\/uploads\/sites\/2\/2022\/12\/cropped-Logo.jpg","width":700,"height":59,"caption":"CRI e Diario de Pernambuco"},"image":{"@id":"https:\/\/diariodepe.com.br\/cri\/#\/schema\/logo\/image\/"}},{"@type":"Person","@id":"https:\/\/diariodepe.com.br\/cri\/#\/schema\/person\/e474aead631cd4098632e11d3fbce118","name":"CRI Portugu\u00eas","image":{"@type":"ImageObject","inLanguage":"pt-BR","@id":"https:\/\/secure.gravatar.com\/avatar\/e2ac889ef882d4dc53091b610766dce49106cf9fe98c76e06745abb0993b2763?s=96&d=mm&r=g","url":"https:\/\/secure.gravatar.com\/avatar\/e2ac889ef882d4dc53091b610766dce49106cf9fe98c76e06745abb0993b2763?s=96&d=mm&r=g","contentUrl":"https:\/\/secure.gravatar.com\/avatar\/e2ac889ef882d4dc53091b610766dce49106cf9fe98c76e06745abb0993b2763?s=96&d=mm&r=g","caption":"CRI Portugu\u00eas"},"sameAs":["https:\/\/www.diariodepernambuco.com.br\/"],"url":"https:\/\/diariodepe.com.br\/cri\/author\/agencia-cri\/"}]}},"cc_featured_image_caption":{"caption_text":"","source_text":"","source_url":""},"amp_enabled":true,"_links":{"self":[{"href":"https:\/\/diariodepe.com.br\/cri\/wp-json\/wp\/v2\/posts\/9631","targetHints":{"allow":["GET"]}}],"collection":[{"href":"https:\/\/diariodepe.com.br\/cri\/wp-json\/wp\/v2\/posts"}],"about":[{"href":"https:\/\/diariodepe.com.br\/cri\/wp-json\/wp\/v2\/types\/post"}],"author":[{"embeddable":true,"href":"https:\/\/diariodepe.com.br\/cri\/wp-json\/wp\/v2\/users\/5"}],"replies":[{"embeddable":true,"href":"https:\/\/diariodepe.com.br\/cri\/wp-json\/wp\/v2\/comments?post=9631"}],"version-history":[{"count":1,"href":"https:\/\/diariodepe.com.br\/cri\/wp-json\/wp\/v2\/posts\/9631\/revisions"}],"predecessor-version":[{"id":9632,"href":"https:\/\/diariodepe.com.br\/cri\/wp-json\/wp\/v2\/posts\/9631\/revisions\/9632"}],"wp:attachment":[{"href":"https:\/\/diariodepe.com.br\/cri\/wp-json\/wp\/v2\/media?parent=9631"}],"wp:term":[{"taxonomy":"category","embeddable":true,"href":"https:\/\/diariodepe.com.br\/cri\/wp-json\/wp\/v2\/categories?post=9631"},{"taxonomy":"post_tag","embeddable":true,"href":"https:\/\/diariodepe.com.br\/cri\/wp-json\/wp\/v2\/tags?post=9631"}],"curies":[{"name":"wp","href":"https:\/\/api.w.org\/{rel}","templated":true}]}}