{"id":9619,"date":"2025-07-02T03:59:03","date_gmt":"2025-07-02T06:59:03","guid":{"rendered":"https:\/\/diariodepe.com.br\/cri\/?p=9619"},"modified":"2025-09-28T03:59:34","modified_gmt":"2025-09-28T06:59:34","slug":"chancelaria-chinesa-apela-por-fim-de-embargo-e-sancoes-dos-eua-contra-cuba","status":"publish","type":"post","link":"https:\/\/diariodepe.com.br\/cri\/2025\/07\/02\/chancelaria-chinesa-apela-por-fim-de-embargo-e-sancoes-dos-eua-contra-cuba\/","title":{"rendered":"Chancelaria chinesa apela por fim de embargo e san\u00e7\u00f5es dos EUA contra Cuba"},"content":{"rendered":"<div class=\"detailContent\" data-v-6a32acc9=\"\">\n<div class=\"pad\" data-v-9cf1b08a=\"\" data-v-6a32acc9=\"\">\n<div id=\"detailContent\" class=\"pad\" data-v-9cf1b08a=\"\">\n<p><img decoding=\"async\" src=\"https:\/\/38picres.cgtn.com\/photoAlbum\/page\/performance\/img\/2025\/7\/2\/1751456389492_941.png\" \/><\/p>\n<p>A China urge aos Estados Unidos que levantem de imediato o embargo e as san\u00e7\u00f5es contra Cuba e retirem a na\u00e7\u00e3o da lista de pa\u00edses que patrocinam o terrorismo, afirmou a porta-voz do Minist\u00e9rio das Rela\u00e7\u00f5es Exteriores da China, Mao Ning, nesta quarta-feira (2), em Beijing.<\/p>\n<p>A diplomata lembrou que, durante mais de seis d\u00e9cadas, os estadunidenses v\u00eam impondo um bloqueio brutal e san\u00e7\u00f5es ilegais \u00e0 Cuba, a\u00e7\u00f5es que violam os direitos \u00e0 vida e ao desenvolvimento do pa\u00eds caribenho, bem como os princ\u00edpios b\u00e1sicos das rela\u00e7\u00f5es internacionais, causando um grave dano ao povo cubano.<\/p>\n<p>Segundo Mao Ning, a China apoia firmemente Cuba em seguir um caminho de desenvolvimento em linha com sua realidade nacional, al\u00e9m de se opor \u00e0s san\u00e7\u00f5es unilaterais dos EUA impostas sob os r\u00f3tulos de \u201cliberdade\u201d e \u201cdemocracia\u201d.<\/p>\n<p>O presidente dos EUA, Donald Trump, assinou um memorando nessa segunda-feira (30) para endurecer as pol\u00edticas em rela\u00e7\u00e3o \u00e0 Cuba.<\/p>\n<\/div>\n<\/div>\n<\/div>\n<div class=\"sourcebottom\" data-v-6a32acc9=\"\"><\/div>\n","protected":false},"excerpt":{"rendered":"<p>A China urge aos Estados Unidos que levantem de imediato o embargo e as san\u00e7\u00f5es contra Cuba e retirem a na\u00e7\u00e3o da lista de pa\u00edses que patrocinam o terrorismo, afirmou a porta-voz do Minist\u00e9rio das Rela\u00e7\u00f5es Exteriores da China, Mao&#8230;<\/p>\n","protected":false},"author":5,"featured_media":0,"comment_status":"open","ping_status":"open","sticky":false,"template":"","format":"standard","meta":{"footnotes":""},"categories":[3],"tags":[],"class_list":["post-9619","post","type-post","status-publish","format-standard","hentry","category-china"],"yoast_head":"<!-- This site is optimized with the Yoast SEO plugin v27.4 - https:\/\/yoast.com\/product\/yoast-seo-wordpress\/ -->\n<title>Chancelaria chinesa apela por fim de embargo e san\u00e7\u00f5es dos EUA contra Cuba - CRI e Diario de Pernambuco<\/title>\n<meta name=\"robots\" content=\"index, follow, max-snippet:-1, max-image-preview:large, max-video-preview:-1\" \/>\n<link rel=\"canonical\" href=\"https:\/\/diariodepe.com.br\/cri\/2025\/07\/02\/chancelaria-chinesa-apela-por-fim-de-embargo-e-sancoes-dos-eua-contra-cuba\/\" \/>\n<meta property=\"og:locale\" content=\"pt_BR\" \/>\n<meta property=\"og:type\" content=\"article\" \/>\n<meta property=\"og:title\" content=\"Chancelaria chinesa apela por fim de embargo e san\u00e7\u00f5es dos EUA contra Cuba - CRI e Diario de Pernambuco\" \/>\n<meta property=\"og:description\" content=\"A China urge aos Estados Unidos que levantem de imediato o embargo e as san\u00e7\u00f5es contra Cuba e retirem a na\u00e7\u00e3o da lista de pa\u00edses que patrocinam o terrorismo, afirmou a porta-voz do Minist\u00e9rio das Rela\u00e7\u00f5es Exteriores da China, Mao...\" \/>\n<meta property=\"og:url\" content=\"https:\/\/diariodepe.com.br\/cri\/2025\/07\/02\/chancelaria-chinesa-apela-por-fim-de-embargo-e-sancoes-dos-eua-contra-cuba\/\" \/>\n<meta property=\"og:site_name\" content=\"CRI e Diario de Pernambuco\" \/>\n<meta property=\"article:published_time\" content=\"2025-07-02T06:59:03+00:00\" \/>\n<meta property=\"article:modified_time\" content=\"2025-09-28T06:59:34+00:00\" \/>\n<meta property=\"og:image\" content=\"https:\/\/38picres.cgtn.com\/photoAlbum\/page\/performance\/img\/2025\/7\/2\/1751456389492_941.png\" \/>\n<meta name=\"author\" content=\"CRI Portugu\u00eas\" \/>\n<meta name=\"twitter:card\" content=\"summary_large_image\" \/>\n<meta name=\"twitter:label1\" content=\"Escrito por\" \/>\n\t<meta name=\"twitter:data1\" content=\"CRI Portugu\u00eas\" \/>\n\t<meta name=\"twitter:label2\" content=\"Est. tempo de leitura\" \/>\n\t<meta name=\"twitter:data2\" content=\"2 minutos\" \/>\n<script type=\"application\/ld+json\" class=\"yoast-schema-graph\">{\"@context\":\"https:\\\/\\\/schema.org\",\"@graph\":[{\"@type\":\"Article\",\"@id\":\"https:\\\/\\\/diariodepe.com.br\\\/cri\\\/2025\\\/07\\\/02\\\/chancelaria-chinesa-apela-por-fim-de-embargo-e-sancoes-dos-eua-contra-cuba\\\/#article\",\"isPartOf\":{\"@id\":\"https:\\\/\\\/diariodepe.com.br\\\/cri\\\/2025\\\/07\\\/02\\\/chancelaria-chinesa-apela-por-fim-de-embargo-e-sancoes-dos-eua-contra-cuba\\\/\"},\"author\":{\"name\":\"CRI Portugu\u00eas\",\"@id\":\"https:\\\/\\\/diariodepe.com.br\\\/cri\\\/#\\\/schema\\\/person\\\/e474aead631cd4098632e11d3fbce118\"},\"headline\":\"Chancelaria chinesa apela por fim de embargo e san\u00e7\u00f5es dos EUA contra Cuba\",\"datePublished\":\"2025-07-02T06:59:03+00:00\",\"dateModified\":\"2025-09-28T06:59:34+00:00\",\"mainEntityOfPage\":{\"@id\":\"https:\\\/\\\/diariodepe.com.br\\\/cri\\\/2025\\\/07\\\/02\\\/chancelaria-chinesa-apela-por-fim-de-embargo-e-sancoes-dos-eua-contra-cuba\\\/\"},\"wordCount\":179,\"commentCount\":0,\"publisher\":{\"@id\":\"https:\\\/\\\/diariodepe.com.br\\\/cri\\\/#organization\"},\"image\":{\"@id\":\"https:\\\/\\\/diariodepe.com.br\\\/cri\\\/2025\\\/07\\\/02\\\/chancelaria-chinesa-apela-por-fim-de-embargo-e-sancoes-dos-eua-contra-cuba\\\/#primaryimage\"},\"thumbnailUrl\":\"https:\\\/\\\/38picres.cgtn.com\\\/photoAlbum\\\/page\\\/performance\\\/img\\\/2025\\\/7\\\/2\\\/1751456389492_941.png\",\"articleSection\":[\"China\"],\"inLanguage\":\"pt-BR\",\"potentialAction\":[{\"@type\":\"CommentAction\",\"name\":\"Comment\",\"target\":[\"https:\\\/\\\/diariodepe.com.br\\\/cri\\\/2025\\\/07\\\/02\\\/chancelaria-chinesa-apela-por-fim-de-embargo-e-sancoes-dos-eua-contra-cuba\\\/#respond\"]}]},{\"@type\":\"WebPage\",\"@id\":\"https:\\\/\\\/diariodepe.com.br\\\/cri\\\/2025\\\/07\\\/02\\\/chancelaria-chinesa-apela-por-fim-de-embargo-e-sancoes-dos-eua-contra-cuba\\\/\",\"url\":\"https:\\\/\\\/diariodepe.com.br\\\/cri\\\/2025\\\/07\\\/02\\\/chancelaria-chinesa-apela-por-fim-de-embargo-e-sancoes-dos-eua-contra-cuba\\\/\",\"name\":\"Chancelaria chinesa apela por fim de embargo e san\u00e7\u00f5es dos EUA contra Cuba - CRI e Diario de Pernambuco\",\"isPartOf\":{\"@id\":\"https:\\\/\\\/diariodepe.com.br\\\/cri\\\/#website\"},\"primaryImageOfPage\":{\"@id\":\"https:\\\/\\\/diariodepe.com.br\\\/cri\\\/2025\\\/07\\\/02\\\/chancelaria-chinesa-apela-por-fim-de-embargo-e-sancoes-dos-eua-contra-cuba\\\/#primaryimage\"},\"image\":{\"@id\":\"https:\\\/\\\/diariodepe.com.br\\\/cri\\\/2025\\\/07\\\/02\\\/chancelaria-chinesa-apela-por-fim-de-embargo-e-sancoes-dos-eua-contra-cuba\\\/#primaryimage\"},\"thumbnailUrl\":\"https:\\\/\\\/38picres.cgtn.com\\\/photoAlbum\\\/page\\\/performance\\\/img\\\/2025\\\/7\\\/2\\\/1751456389492_941.png\",\"datePublished\":\"2025-07-02T06:59:03+00:00\",\"dateModified\":\"2025-09-28T06:59:34+00:00\",\"breadcrumb\":{\"@id\":\"https:\\\/\\\/diariodepe.com.br\\\/cri\\\/2025\\\/07\\\/02\\\/chancelaria-chinesa-apela-por-fim-de-embargo-e-sancoes-dos-eua-contra-cuba\\\/#breadcrumb\"},\"inLanguage\":\"pt-BR\",\"potentialAction\":[{\"@type\":\"ReadAction\",\"target\":[\"https:\\\/\\\/diariodepe.com.br\\\/cri\\\/2025\\\/07\\\/02\\\/chancelaria-chinesa-apela-por-fim-de-embargo-e-sancoes-dos-eua-contra-cuba\\\/\"]}]},{\"@type\":\"ImageObject\",\"inLanguage\":\"pt-BR\",\"@id\":\"https:\\\/\\\/diariodepe.com.br\\\/cri\\\/2025\\\/07\\\/02\\\/chancelaria-chinesa-apela-por-fim-de-embargo-e-sancoes-dos-eua-contra-cuba\\\/#primaryimage\",\"url\":\"https:\\\/\\\/38picres.cgtn.com\\\/photoAlbum\\\/page\\\/performance\\\/img\\\/2025\\\/7\\\/2\\\/1751456389492_941.png\",\"contentUrl\":\"https:\\\/\\\/38picres.cgtn.com\\\/photoAlbum\\\/page\\\/performance\\\/img\\\/2025\\\/7\\\/2\\\/1751456389492_941.png\"},{\"@type\":\"BreadcrumbList\",\"@id\":\"https:\\\/\\\/diariodepe.com.br\\\/cri\\\/2025\\\/07\\\/02\\\/chancelaria-chinesa-apela-por-fim-de-embargo-e-sancoes-dos-eua-contra-cuba\\\/#breadcrumb\",\"itemListElement\":[{\"@type\":\"ListItem\",\"position\":1,\"name\":\"In\u00edcio\",\"item\":\"https:\\\/\\\/diariodepe.com.br\\\/cri\\\/\"},{\"@type\":\"ListItem\",\"position\":2,\"name\":\"Chancelaria chinesa apela por fim de embargo e san\u00e7\u00f5es dos EUA contra Cuba\"}]},{\"@type\":\"WebSite\",\"@id\":\"https:\\\/\\\/diariodepe.com.br\\\/cri\\\/#website\",\"url\":\"https:\\\/\\\/diariodepe.com.br\\\/cri\\\/\",\"name\":\"CRI e Diario de Pernambuco\",\"description\":\"R\u00e1dio Internacional da China\",\"publisher\":{\"@id\":\"https:\\\/\\\/diariodepe.com.br\\\/cri\\\/#organization\"},\"potentialAction\":[{\"@type\":\"SearchAction\",\"target\":{\"@type\":\"EntryPoint\",\"urlTemplate\":\"https:\\\/\\\/diariodepe.com.br\\\/cri\\\/?s={search_term_string}\"},\"query-input\":{\"@type\":\"PropertyValueSpecification\",\"valueRequired\":true,\"valueName\":\"search_term_string\"}}],\"inLanguage\":\"pt-BR\"},{\"@type\":\"Organization\",\"@id\":\"https:\\\/\\\/diariodepe.com.br\\\/cri\\\/#organization\",\"name\":\"CRI e Diario de Pernambuco\",\"url\":\"https:\\\/\\\/diariodepe.com.br\\\/cri\\\/\",\"logo\":{\"@type\":\"ImageObject\",\"inLanguage\":\"pt-BR\",\"@id\":\"https:\\\/\\\/diariodepe.com.br\\\/cri\\\/#\\\/schema\\\/logo\\\/image\\\/\",\"url\":\"https:\\\/\\\/diariodepe.com.br\\\/cri\\\/wp-content\\\/uploads\\\/sites\\\/2\\\/2022\\\/12\\\/cropped-Logo.jpg\",\"contentUrl\":\"https:\\\/\\\/diariodepe.com.br\\\/cri\\\/wp-content\\\/uploads\\\/sites\\\/2\\\/2022\\\/12\\\/cropped-Logo.jpg\",\"width\":700,\"height\":59,\"caption\":\"CRI e Diario de Pernambuco\"},\"image\":{\"@id\":\"https:\\\/\\\/diariodepe.com.br\\\/cri\\\/#\\\/schema\\\/logo\\\/image\\\/\"}},{\"@type\":\"Person\",\"@id\":\"https:\\\/\\\/diariodepe.com.br\\\/cri\\\/#\\\/schema\\\/person\\\/e474aead631cd4098632e11d3fbce118\",\"name\":\"CRI Portugu\u00eas\",\"image\":{\"@type\":\"ImageObject\",\"inLanguage\":\"pt-BR\",\"@id\":\"https:\\\/\\\/secure.gravatar.com\\\/avatar\\\/e2ac889ef882d4dc53091b610766dce49106cf9fe98c76e06745abb0993b2763?s=96&d=mm&r=g\",\"url\":\"https:\\\/\\\/secure.gravatar.com\\\/avatar\\\/e2ac889ef882d4dc53091b610766dce49106cf9fe98c76e06745abb0993b2763?s=96&d=mm&r=g\",\"contentUrl\":\"https:\\\/\\\/secure.gravatar.com\\\/avatar\\\/e2ac889ef882d4dc53091b610766dce49106cf9fe98c76e06745abb0993b2763?s=96&d=mm&r=g\",\"caption\":\"CRI Portugu\u00eas\"},\"sameAs\":[\"https:\\\/\\\/www.diariodepernambuco.com.br\\\/\"],\"url\":\"https:\\\/\\\/diariodepe.com.br\\\/cri\\\/author\\\/agencia-cri\\\/\"}]}<\/script>\n<!-- \/ Yoast SEO plugin. -->","yoast_head_json":{"title":"Chancelaria chinesa apela por fim de embargo e san\u00e7\u00f5es dos EUA contra Cuba - CRI e Diario de Pernambuco","robots":{"index":"index","follow":"follow","max-snippet":"max-snippet:-1","max-image-preview":"max-image-preview:large","max-video-preview":"max-video-preview:-1"},"canonical":"https:\/\/diariodepe.com.br\/cri\/2025\/07\/02\/chancelaria-chinesa-apela-por-fim-de-embargo-e-sancoes-dos-eua-contra-cuba\/","og_locale":"pt_BR","og_type":"article","og_title":"Chancelaria chinesa apela por fim de embargo e san\u00e7\u00f5es dos EUA contra Cuba - CRI e Diario de Pernambuco","og_description":"A China urge aos Estados Unidos que levantem de imediato o embargo e as san\u00e7\u00f5es contra Cuba e retirem a na\u00e7\u00e3o da lista de pa\u00edses que patrocinam o terrorismo, afirmou a porta-voz do Minist\u00e9rio das Rela\u00e7\u00f5es Exteriores da China, Mao...","og_url":"https:\/\/diariodepe.com.br\/cri\/2025\/07\/02\/chancelaria-chinesa-apela-por-fim-de-embargo-e-sancoes-dos-eua-contra-cuba\/","og_site_name":"CRI e Diario de Pernambuco","article_published_time":"2025-07-02T06:59:03+00:00","article_modified_time":"2025-09-28T06:59:34+00:00","og_image":[{"url":"https:\/\/38picres.cgtn.com\/photoAlbum\/page\/performance\/img\/2025\/7\/2\/1751456389492_941.png","type":"","width":"","height":""}],"author":"CRI Portugu\u00eas","twitter_card":"summary_large_image","twitter_misc":{"Escrito por":"CRI Portugu\u00eas","Est. tempo de leitura":"2 minutos"},"schema":{"@context":"https:\/\/schema.org","@graph":[{"@type":"Article","@id":"https:\/\/diariodepe.com.br\/cri\/2025\/07\/02\/chancelaria-chinesa-apela-por-fim-de-embargo-e-sancoes-dos-eua-contra-cuba\/#article","isPartOf":{"@id":"https:\/\/diariodepe.com.br\/cri\/2025\/07\/02\/chancelaria-chinesa-apela-por-fim-de-embargo-e-sancoes-dos-eua-contra-cuba\/"},"author":{"name":"CRI Portugu\u00eas","@id":"https:\/\/diariodepe.com.br\/cri\/#\/schema\/person\/e474aead631cd4098632e11d3fbce118"},"headline":"Chancelaria chinesa apela por fim de embargo e san\u00e7\u00f5es dos EUA contra Cuba","datePublished":"2025-07-02T06:59:03+00:00","dateModified":"2025-09-28T06:59:34+00:00","mainEntityOfPage":{"@id":"https:\/\/diariodepe.com.br\/cri\/2025\/07\/02\/chancelaria-chinesa-apela-por-fim-de-embargo-e-sancoes-dos-eua-contra-cuba\/"},"wordCount":179,"commentCount":0,"publisher":{"@id":"https:\/\/diariodepe.com.br\/cri\/#organization"},"image":{"@id":"https:\/\/diariodepe.com.br\/cri\/2025\/07\/02\/chancelaria-chinesa-apela-por-fim-de-embargo-e-sancoes-dos-eua-contra-cuba\/#primaryimage"},"thumbnailUrl":"https:\/\/38picres.cgtn.com\/photoAlbum\/page\/performance\/img\/2025\/7\/2\/1751456389492_941.png","articleSection":["China"],"inLanguage":"pt-BR","potentialAction":[{"@type":"CommentAction","name":"Comment","target":["https:\/\/diariodepe.com.br\/cri\/2025\/07\/02\/chancelaria-chinesa-apela-por-fim-de-embargo-e-sancoes-dos-eua-contra-cuba\/#respond"]}]},{"@type":"WebPage","@id":"https:\/\/diariodepe.com.br\/cri\/2025\/07\/02\/chancelaria-chinesa-apela-por-fim-de-embargo-e-sancoes-dos-eua-contra-cuba\/","url":"https:\/\/diariodepe.com.br\/cri\/2025\/07\/02\/chancelaria-chinesa-apela-por-fim-de-embargo-e-sancoes-dos-eua-contra-cuba\/","name":"Chancelaria chinesa apela por fim de embargo e san\u00e7\u00f5es dos EUA contra Cuba - CRI e Diario de Pernambuco","isPartOf":{"@id":"https:\/\/diariodepe.com.br\/cri\/#website"},"primaryImageOfPage":{"@id":"https:\/\/diariodepe.com.br\/cri\/2025\/07\/02\/chancelaria-chinesa-apela-por-fim-de-embargo-e-sancoes-dos-eua-contra-cuba\/#primaryimage"},"image":{"@id":"https:\/\/diariodepe.com.br\/cri\/2025\/07\/02\/chancelaria-chinesa-apela-por-fim-de-embargo-e-sancoes-dos-eua-contra-cuba\/#primaryimage"},"thumbnailUrl":"https:\/\/38picres.cgtn.com\/photoAlbum\/page\/performance\/img\/2025\/7\/2\/1751456389492_941.png","datePublished":"2025-07-02T06:59:03+00:00","dateModified":"2025-09-28T06:59:34+00:00","breadcrumb":{"@id":"https:\/\/diariodepe.com.br\/cri\/2025\/07\/02\/chancelaria-chinesa-apela-por-fim-de-embargo-e-sancoes-dos-eua-contra-cuba\/#breadcrumb"},"inLanguage":"pt-BR","potentialAction":[{"@type":"ReadAction","target":["https:\/\/diariodepe.com.br\/cri\/2025\/07\/02\/chancelaria-chinesa-apela-por-fim-de-embargo-e-sancoes-dos-eua-contra-cuba\/"]}]},{"@type":"ImageObject","inLanguage":"pt-BR","@id":"https:\/\/diariodepe.com.br\/cri\/2025\/07\/02\/chancelaria-chinesa-apela-por-fim-de-embargo-e-sancoes-dos-eua-contra-cuba\/#primaryimage","url":"https:\/\/38picres.cgtn.com\/photoAlbum\/page\/performance\/img\/2025\/7\/2\/1751456389492_941.png","contentUrl":"https:\/\/38picres.cgtn.com\/photoAlbum\/page\/performance\/img\/2025\/7\/2\/1751456389492_941.png"},{"@type":"BreadcrumbList","@id":"https:\/\/diariodepe.com.br\/cri\/2025\/07\/02\/chancelaria-chinesa-apela-por-fim-de-embargo-e-sancoes-dos-eua-contra-cuba\/#breadcrumb","itemListElement":[{"@type":"ListItem","position":1,"name":"In\u00edcio","item":"https:\/\/diariodepe.com.br\/cri\/"},{"@type":"ListItem","position":2,"name":"Chancelaria chinesa apela por fim de embargo e san\u00e7\u00f5es dos EUA contra Cuba"}]},{"@type":"WebSite","@id":"https:\/\/diariodepe.com.br\/cri\/#website","url":"https:\/\/diariodepe.com.br\/cri\/","name":"CRI e Diario de Pernambuco","description":"R\u00e1dio Internacional da China","publisher":{"@id":"https:\/\/diariodepe.com.br\/cri\/#organization"},"potentialAction":[{"@type":"SearchAction","target":{"@type":"EntryPoint","urlTemplate":"https:\/\/diariodepe.com.br\/cri\/?s={search_term_string}"},"query-input":{"@type":"PropertyValueSpecification","valueRequired":true,"valueName":"search_term_string"}}],"inLanguage":"pt-BR"},{"@type":"Organization","@id":"https:\/\/diariodepe.com.br\/cri\/#organization","name":"CRI e Diario de Pernambuco","url":"https:\/\/diariodepe.com.br\/cri\/","logo":{"@type":"ImageObject","inLanguage":"pt-BR","@id":"https:\/\/diariodepe.com.br\/cri\/#\/schema\/logo\/image\/","url":"https:\/\/diariodepe.com.br\/cri\/wp-content\/uploads\/sites\/2\/2022\/12\/cropped-Logo.jpg","contentUrl":"https:\/\/diariodepe.com.br\/cri\/wp-content\/uploads\/sites\/2\/2022\/12\/cropped-Logo.jpg","width":700,"height":59,"caption":"CRI e Diario de Pernambuco"},"image":{"@id":"https:\/\/diariodepe.com.br\/cri\/#\/schema\/logo\/image\/"}},{"@type":"Person","@id":"https:\/\/diariodepe.com.br\/cri\/#\/schema\/person\/e474aead631cd4098632e11d3fbce118","name":"CRI Portugu\u00eas","image":{"@type":"ImageObject","inLanguage":"pt-BR","@id":"https:\/\/secure.gravatar.com\/avatar\/e2ac889ef882d4dc53091b610766dce49106cf9fe98c76e06745abb0993b2763?s=96&d=mm&r=g","url":"https:\/\/secure.gravatar.com\/avatar\/e2ac889ef882d4dc53091b610766dce49106cf9fe98c76e06745abb0993b2763?s=96&d=mm&r=g","contentUrl":"https:\/\/secure.gravatar.com\/avatar\/e2ac889ef882d4dc53091b610766dce49106cf9fe98c76e06745abb0993b2763?s=96&d=mm&r=g","caption":"CRI Portugu\u00eas"},"sameAs":["https:\/\/www.diariodepernambuco.com.br\/"],"url":"https:\/\/diariodepe.com.br\/cri\/author\/agencia-cri\/"}]}},"cc_featured_image_caption":{"caption_text":"","source_text":"","source_url":""},"amp_enabled":true,"_links":{"self":[{"href":"https:\/\/diariodepe.com.br\/cri\/wp-json\/wp\/v2\/posts\/9619","targetHints":{"allow":["GET"]}}],"collection":[{"href":"https:\/\/diariodepe.com.br\/cri\/wp-json\/wp\/v2\/posts"}],"about":[{"href":"https:\/\/diariodepe.com.br\/cri\/wp-json\/wp\/v2\/types\/post"}],"author":[{"embeddable":true,"href":"https:\/\/diariodepe.com.br\/cri\/wp-json\/wp\/v2\/users\/5"}],"replies":[{"embeddable":true,"href":"https:\/\/diariodepe.com.br\/cri\/wp-json\/wp\/v2\/comments?post=9619"}],"version-history":[{"count":1,"href":"https:\/\/diariodepe.com.br\/cri\/wp-json\/wp\/v2\/posts\/9619\/revisions"}],"predecessor-version":[{"id":9620,"href":"https:\/\/diariodepe.com.br\/cri\/wp-json\/wp\/v2\/posts\/9619\/revisions\/9620"}],"wp:attachment":[{"href":"https:\/\/diariodepe.com.br\/cri\/wp-json\/wp\/v2\/media?parent=9619"}],"wp:term":[{"taxonomy":"category","embeddable":true,"href":"https:\/\/diariodepe.com.br\/cri\/wp-json\/wp\/v2\/categories?post=9619"},{"taxonomy":"post_tag","embeddable":true,"href":"https:\/\/diariodepe.com.br\/cri\/wp-json\/wp\/v2\/tags?post=9619"}],"curies":[{"name":"wp","href":"https:\/\/api.w.org\/{rel}","templated":true}]}}