{"id":9613,"date":"2025-07-02T03:57:01","date_gmt":"2025-07-02T06:57:01","guid":{"rendered":"https:\/\/diariodepe.com.br\/cri\/?p=9613"},"modified":"2025-09-28T03:57:24","modified_gmt":"2025-09-28T06:57:24","slug":"primeiro-ministro-da-belgica-recebe-wang-yi","status":"publish","type":"post","link":"https:\/\/diariodepe.com.br\/cri\/2025\/07\/02\/primeiro-ministro-da-belgica-recebe-wang-yi\/","title":{"rendered":"Primeiro-Ministro da B\u00e9lgica recebe Wang Yi"},"content":{"rendered":"<p>O primeiro-ministro da B\u00e9lgica, Bart De Wever,\u00a0reuniu-se com o ministro das Rela\u00e7\u00f5es Exteriores da China, Wang Yi, nesta ter\u00e7a-feira (1\u00ba), em Bruxelas.<\/p>\n<p>De Wever afirmou\u00a0que diante da complexa geopol\u00edtica atual, os dois\u00a0pa\u00edses\u00a0devem fortalecer o interc\u00e2mbio e aumentar a confian\u00e7a m\u00fatua.<\/p>\n<p>Segundo ele, a\u00a0B\u00e9lgica acredita firmemente no multilateralismo\u00a0e\u00a0apoia o fortalecimento da autodetermina\u00e7\u00e3o\u00a0europeia, esperando que\u00a0a reuni\u00e3o\u00a0de l\u00edderes entre a Europa e a China obtenha resultados positivos.<\/p>\n<p>\u201cO governo belga est\u00e1 firmemente comprometido com a pol\u00edtica de Uma S\u00f3 China\u00a0e n\u00e3o haver\u00e1 mudan\u00e7as\u201d, disse o l\u00edder da B\u00e9lgica.<\/p>\n<p>Wang Yi disse que a\u00a0China aprecia a\u00a0pol\u00edtica racional e pragm\u00e1tica adotada pela B\u00e9lgica em rela\u00e7\u00e3o \u00e0 China e quer trabalhar junto com o lado belgo para\u00a0levar\u00a0adiante a amizade tradicional e promova o avan\u00e7o da parceria amistosa.<\/p>\n<p>Segundo o chaceler chin\u00eas, como as duas importantes for\u00e7as, mercados e civiliza\u00e7\u00f5es do mundo, a China e a Europa devem aderir \u00e0 posi\u00e7\u00e3o de parceria, coopera\u00e7\u00e3o e benef\u00edcio rec\u00edproco, refor\u00e7ar a comunica\u00e7\u00e3o, aumentar o entendimento e consolidar a confian\u00e7a, bem como salvaguardar juntos o multilateralismo e o sistema de com\u00e9rcio livre.<\/p>\n","protected":false},"excerpt":{"rendered":"<p>O primeiro-ministro da B\u00e9lgica, Bart De Wever,\u00a0reuniu-se com o ministro das Rela\u00e7\u00f5es Exteriores da China, Wang Yi, nesta ter\u00e7a-feira (1\u00ba), em Bruxelas. De Wever afirmou\u00a0que diante da complexa geopol\u00edtica atual, os dois\u00a0pa\u00edses\u00a0devem fortalecer o interc\u00e2mbio e aumentar a confian\u00e7a m\u00fatua&#8230;.<\/p>\n","protected":false},"author":5,"featured_media":0,"comment_status":"open","ping_status":"open","sticky":false,"template":"","format":"standard","meta":{"footnotes":""},"categories":[8],"tags":[],"class_list":["post-9613","post","type-post","status-publish","format-standard","hentry","category-internacional"],"yoast_head":"<!-- This site is optimized with the Yoast SEO plugin v27.4 - https:\/\/yoast.com\/product\/yoast-seo-wordpress\/ -->\n<title>Primeiro-Ministro da B\u00e9lgica recebe Wang Yi - CRI e Diario de Pernambuco<\/title>\n<meta name=\"robots\" content=\"index, follow, max-snippet:-1, max-image-preview:large, max-video-preview:-1\" \/>\n<link rel=\"canonical\" href=\"https:\/\/diariodepe.com.br\/cri\/2025\/07\/02\/primeiro-ministro-da-belgica-recebe-wang-yi\/\" \/>\n<meta property=\"og:locale\" content=\"pt_BR\" \/>\n<meta property=\"og:type\" content=\"article\" \/>\n<meta property=\"og:title\" content=\"Primeiro-Ministro da B\u00e9lgica recebe Wang Yi - CRI e Diario de Pernambuco\" \/>\n<meta property=\"og:description\" content=\"O primeiro-ministro da B\u00e9lgica, Bart De Wever,\u00a0reuniu-se com o ministro das Rela\u00e7\u00f5es Exteriores da China, Wang Yi, nesta ter\u00e7a-feira (1\u00ba), em Bruxelas. De Wever afirmou\u00a0que diante da complexa geopol\u00edtica atual, os dois\u00a0pa\u00edses\u00a0devem fortalecer o interc\u00e2mbio e aumentar a confian\u00e7a m\u00fatua....\" \/>\n<meta property=\"og:url\" content=\"https:\/\/diariodepe.com.br\/cri\/2025\/07\/02\/primeiro-ministro-da-belgica-recebe-wang-yi\/\" \/>\n<meta property=\"og:site_name\" content=\"CRI e Diario de Pernambuco\" \/>\n<meta property=\"article:published_time\" content=\"2025-07-02T06:57:01+00:00\" \/>\n<meta property=\"article:modified_time\" content=\"2025-09-28T06:57:24+00:00\" \/>\n<meta name=\"author\" content=\"CRI Portugu\u00eas\" \/>\n<meta name=\"twitter:card\" content=\"summary_large_image\" \/>\n<meta name=\"twitter:label1\" content=\"Escrito por\" \/>\n\t<meta name=\"twitter:data1\" content=\"CRI Portugu\u00eas\" \/>\n\t<meta name=\"twitter:label2\" content=\"Est. tempo de leitura\" \/>\n\t<meta name=\"twitter:data2\" content=\"2 minutos\" \/>\n<script type=\"application\/ld+json\" class=\"yoast-schema-graph\">{\"@context\":\"https:\\\/\\\/schema.org\",\"@graph\":[{\"@type\":\"Article\",\"@id\":\"https:\\\/\\\/diariodepe.com.br\\\/cri\\\/2025\\\/07\\\/02\\\/primeiro-ministro-da-belgica-recebe-wang-yi\\\/#article\",\"isPartOf\":{\"@id\":\"https:\\\/\\\/diariodepe.com.br\\\/cri\\\/2025\\\/07\\\/02\\\/primeiro-ministro-da-belgica-recebe-wang-yi\\\/\"},\"author\":{\"name\":\"CRI Portugu\u00eas\",\"@id\":\"https:\\\/\\\/diariodepe.com.br\\\/cri\\\/#\\\/schema\\\/person\\\/e474aead631cd4098632e11d3fbce118\"},\"headline\":\"Primeiro-Ministro da B\u00e9lgica recebe Wang Yi\",\"datePublished\":\"2025-07-02T06:57:01+00:00\",\"dateModified\":\"2025-09-28T06:57:24+00:00\",\"mainEntityOfPage\":{\"@id\":\"https:\\\/\\\/diariodepe.com.br\\\/cri\\\/2025\\\/07\\\/02\\\/primeiro-ministro-da-belgica-recebe-wang-yi\\\/\"},\"wordCount\":224,\"commentCount\":0,\"publisher\":{\"@id\":\"https:\\\/\\\/diariodepe.com.br\\\/cri\\\/#organization\"},\"articleSection\":[\"Internacional\"],\"inLanguage\":\"pt-BR\",\"potentialAction\":[{\"@type\":\"CommentAction\",\"name\":\"Comment\",\"target\":[\"https:\\\/\\\/diariodepe.com.br\\\/cri\\\/2025\\\/07\\\/02\\\/primeiro-ministro-da-belgica-recebe-wang-yi\\\/#respond\"]}]},{\"@type\":\"WebPage\",\"@id\":\"https:\\\/\\\/diariodepe.com.br\\\/cri\\\/2025\\\/07\\\/02\\\/primeiro-ministro-da-belgica-recebe-wang-yi\\\/\",\"url\":\"https:\\\/\\\/diariodepe.com.br\\\/cri\\\/2025\\\/07\\\/02\\\/primeiro-ministro-da-belgica-recebe-wang-yi\\\/\",\"name\":\"Primeiro-Ministro da B\u00e9lgica recebe Wang Yi - CRI e Diario de Pernambuco\",\"isPartOf\":{\"@id\":\"https:\\\/\\\/diariodepe.com.br\\\/cri\\\/#website\"},\"datePublished\":\"2025-07-02T06:57:01+00:00\",\"dateModified\":\"2025-09-28T06:57:24+00:00\",\"breadcrumb\":{\"@id\":\"https:\\\/\\\/diariodepe.com.br\\\/cri\\\/2025\\\/07\\\/02\\\/primeiro-ministro-da-belgica-recebe-wang-yi\\\/#breadcrumb\"},\"inLanguage\":\"pt-BR\",\"potentialAction\":[{\"@type\":\"ReadAction\",\"target\":[\"https:\\\/\\\/diariodepe.com.br\\\/cri\\\/2025\\\/07\\\/02\\\/primeiro-ministro-da-belgica-recebe-wang-yi\\\/\"]}]},{\"@type\":\"BreadcrumbList\",\"@id\":\"https:\\\/\\\/diariodepe.com.br\\\/cri\\\/2025\\\/07\\\/02\\\/primeiro-ministro-da-belgica-recebe-wang-yi\\\/#breadcrumb\",\"itemListElement\":[{\"@type\":\"ListItem\",\"position\":1,\"name\":\"In\u00edcio\",\"item\":\"https:\\\/\\\/diariodepe.com.br\\\/cri\\\/\"},{\"@type\":\"ListItem\",\"position\":2,\"name\":\"Primeiro-Ministro da B\u00e9lgica recebe Wang Yi\"}]},{\"@type\":\"WebSite\",\"@id\":\"https:\\\/\\\/diariodepe.com.br\\\/cri\\\/#website\",\"url\":\"https:\\\/\\\/diariodepe.com.br\\\/cri\\\/\",\"name\":\"CRI e Diario de Pernambuco\",\"description\":\"R\u00e1dio Internacional da China\",\"publisher\":{\"@id\":\"https:\\\/\\\/diariodepe.com.br\\\/cri\\\/#organization\"},\"potentialAction\":[{\"@type\":\"SearchAction\",\"target\":{\"@type\":\"EntryPoint\",\"urlTemplate\":\"https:\\\/\\\/diariodepe.com.br\\\/cri\\\/?s={search_term_string}\"},\"query-input\":{\"@type\":\"PropertyValueSpecification\",\"valueRequired\":true,\"valueName\":\"search_term_string\"}}],\"inLanguage\":\"pt-BR\"},{\"@type\":\"Organization\",\"@id\":\"https:\\\/\\\/diariodepe.com.br\\\/cri\\\/#organization\",\"name\":\"CRI e Diario de Pernambuco\",\"url\":\"https:\\\/\\\/diariodepe.com.br\\\/cri\\\/\",\"logo\":{\"@type\":\"ImageObject\",\"inLanguage\":\"pt-BR\",\"@id\":\"https:\\\/\\\/diariodepe.com.br\\\/cri\\\/#\\\/schema\\\/logo\\\/image\\\/\",\"url\":\"https:\\\/\\\/diariodepe.com.br\\\/cri\\\/wp-content\\\/uploads\\\/sites\\\/2\\\/2022\\\/12\\\/cropped-Logo.jpg\",\"contentUrl\":\"https:\\\/\\\/diariodepe.com.br\\\/cri\\\/wp-content\\\/uploads\\\/sites\\\/2\\\/2022\\\/12\\\/cropped-Logo.jpg\",\"width\":700,\"height\":59,\"caption\":\"CRI e Diario de Pernambuco\"},\"image\":{\"@id\":\"https:\\\/\\\/diariodepe.com.br\\\/cri\\\/#\\\/schema\\\/logo\\\/image\\\/\"}},{\"@type\":\"Person\",\"@id\":\"https:\\\/\\\/diariodepe.com.br\\\/cri\\\/#\\\/schema\\\/person\\\/e474aead631cd4098632e11d3fbce118\",\"name\":\"CRI Portugu\u00eas\",\"image\":{\"@type\":\"ImageObject\",\"inLanguage\":\"pt-BR\",\"@id\":\"https:\\\/\\\/secure.gravatar.com\\\/avatar\\\/e2ac889ef882d4dc53091b610766dce49106cf9fe98c76e06745abb0993b2763?s=96&d=mm&r=g\",\"url\":\"https:\\\/\\\/secure.gravatar.com\\\/avatar\\\/e2ac889ef882d4dc53091b610766dce49106cf9fe98c76e06745abb0993b2763?s=96&d=mm&r=g\",\"contentUrl\":\"https:\\\/\\\/secure.gravatar.com\\\/avatar\\\/e2ac889ef882d4dc53091b610766dce49106cf9fe98c76e06745abb0993b2763?s=96&d=mm&r=g\",\"caption\":\"CRI Portugu\u00eas\"},\"sameAs\":[\"https:\\\/\\\/www.diariodepernambuco.com.br\\\/\"],\"url\":\"https:\\\/\\\/diariodepe.com.br\\\/cri\\\/author\\\/agencia-cri\\\/\"}]}<\/script>\n<!-- \/ Yoast SEO plugin. -->","yoast_head_json":{"title":"Primeiro-Ministro da B\u00e9lgica recebe Wang Yi - CRI e Diario de Pernambuco","robots":{"index":"index","follow":"follow","max-snippet":"max-snippet:-1","max-image-preview":"max-image-preview:large","max-video-preview":"max-video-preview:-1"},"canonical":"https:\/\/diariodepe.com.br\/cri\/2025\/07\/02\/primeiro-ministro-da-belgica-recebe-wang-yi\/","og_locale":"pt_BR","og_type":"article","og_title":"Primeiro-Ministro da B\u00e9lgica recebe Wang Yi - CRI e Diario de Pernambuco","og_description":"O primeiro-ministro da B\u00e9lgica, Bart De Wever,\u00a0reuniu-se com o ministro das Rela\u00e7\u00f5es Exteriores da China, Wang Yi, nesta ter\u00e7a-feira (1\u00ba), em Bruxelas. De Wever afirmou\u00a0que diante da complexa geopol\u00edtica atual, os dois\u00a0pa\u00edses\u00a0devem fortalecer o interc\u00e2mbio e aumentar a confian\u00e7a m\u00fatua....","og_url":"https:\/\/diariodepe.com.br\/cri\/2025\/07\/02\/primeiro-ministro-da-belgica-recebe-wang-yi\/","og_site_name":"CRI e Diario de Pernambuco","article_published_time":"2025-07-02T06:57:01+00:00","article_modified_time":"2025-09-28T06:57:24+00:00","author":"CRI Portugu\u00eas","twitter_card":"summary_large_image","twitter_misc":{"Escrito por":"CRI Portugu\u00eas","Est. tempo de leitura":"2 minutos"},"schema":{"@context":"https:\/\/schema.org","@graph":[{"@type":"Article","@id":"https:\/\/diariodepe.com.br\/cri\/2025\/07\/02\/primeiro-ministro-da-belgica-recebe-wang-yi\/#article","isPartOf":{"@id":"https:\/\/diariodepe.com.br\/cri\/2025\/07\/02\/primeiro-ministro-da-belgica-recebe-wang-yi\/"},"author":{"name":"CRI Portugu\u00eas","@id":"https:\/\/diariodepe.com.br\/cri\/#\/schema\/person\/e474aead631cd4098632e11d3fbce118"},"headline":"Primeiro-Ministro da B\u00e9lgica recebe Wang Yi","datePublished":"2025-07-02T06:57:01+00:00","dateModified":"2025-09-28T06:57:24+00:00","mainEntityOfPage":{"@id":"https:\/\/diariodepe.com.br\/cri\/2025\/07\/02\/primeiro-ministro-da-belgica-recebe-wang-yi\/"},"wordCount":224,"commentCount":0,"publisher":{"@id":"https:\/\/diariodepe.com.br\/cri\/#organization"},"articleSection":["Internacional"],"inLanguage":"pt-BR","potentialAction":[{"@type":"CommentAction","name":"Comment","target":["https:\/\/diariodepe.com.br\/cri\/2025\/07\/02\/primeiro-ministro-da-belgica-recebe-wang-yi\/#respond"]}]},{"@type":"WebPage","@id":"https:\/\/diariodepe.com.br\/cri\/2025\/07\/02\/primeiro-ministro-da-belgica-recebe-wang-yi\/","url":"https:\/\/diariodepe.com.br\/cri\/2025\/07\/02\/primeiro-ministro-da-belgica-recebe-wang-yi\/","name":"Primeiro-Ministro da B\u00e9lgica recebe Wang Yi - CRI e Diario de Pernambuco","isPartOf":{"@id":"https:\/\/diariodepe.com.br\/cri\/#website"},"datePublished":"2025-07-02T06:57:01+00:00","dateModified":"2025-09-28T06:57:24+00:00","breadcrumb":{"@id":"https:\/\/diariodepe.com.br\/cri\/2025\/07\/02\/primeiro-ministro-da-belgica-recebe-wang-yi\/#breadcrumb"},"inLanguage":"pt-BR","potentialAction":[{"@type":"ReadAction","target":["https:\/\/diariodepe.com.br\/cri\/2025\/07\/02\/primeiro-ministro-da-belgica-recebe-wang-yi\/"]}]},{"@type":"BreadcrumbList","@id":"https:\/\/diariodepe.com.br\/cri\/2025\/07\/02\/primeiro-ministro-da-belgica-recebe-wang-yi\/#breadcrumb","itemListElement":[{"@type":"ListItem","position":1,"name":"In\u00edcio","item":"https:\/\/diariodepe.com.br\/cri\/"},{"@type":"ListItem","position":2,"name":"Primeiro-Ministro da B\u00e9lgica recebe Wang Yi"}]},{"@type":"WebSite","@id":"https:\/\/diariodepe.com.br\/cri\/#website","url":"https:\/\/diariodepe.com.br\/cri\/","name":"CRI e Diario de Pernambuco","description":"R\u00e1dio Internacional da China","publisher":{"@id":"https:\/\/diariodepe.com.br\/cri\/#organization"},"potentialAction":[{"@type":"SearchAction","target":{"@type":"EntryPoint","urlTemplate":"https:\/\/diariodepe.com.br\/cri\/?s={search_term_string}"},"query-input":{"@type":"PropertyValueSpecification","valueRequired":true,"valueName":"search_term_string"}}],"inLanguage":"pt-BR"},{"@type":"Organization","@id":"https:\/\/diariodepe.com.br\/cri\/#organization","name":"CRI e Diario de Pernambuco","url":"https:\/\/diariodepe.com.br\/cri\/","logo":{"@type":"ImageObject","inLanguage":"pt-BR","@id":"https:\/\/diariodepe.com.br\/cri\/#\/schema\/logo\/image\/","url":"https:\/\/diariodepe.com.br\/cri\/wp-content\/uploads\/sites\/2\/2022\/12\/cropped-Logo.jpg","contentUrl":"https:\/\/diariodepe.com.br\/cri\/wp-content\/uploads\/sites\/2\/2022\/12\/cropped-Logo.jpg","width":700,"height":59,"caption":"CRI e Diario de Pernambuco"},"image":{"@id":"https:\/\/diariodepe.com.br\/cri\/#\/schema\/logo\/image\/"}},{"@type":"Person","@id":"https:\/\/diariodepe.com.br\/cri\/#\/schema\/person\/e474aead631cd4098632e11d3fbce118","name":"CRI Portugu\u00eas","image":{"@type":"ImageObject","inLanguage":"pt-BR","@id":"https:\/\/secure.gravatar.com\/avatar\/e2ac889ef882d4dc53091b610766dce49106cf9fe98c76e06745abb0993b2763?s=96&d=mm&r=g","url":"https:\/\/secure.gravatar.com\/avatar\/e2ac889ef882d4dc53091b610766dce49106cf9fe98c76e06745abb0993b2763?s=96&d=mm&r=g","contentUrl":"https:\/\/secure.gravatar.com\/avatar\/e2ac889ef882d4dc53091b610766dce49106cf9fe98c76e06745abb0993b2763?s=96&d=mm&r=g","caption":"CRI Portugu\u00eas"},"sameAs":["https:\/\/www.diariodepernambuco.com.br\/"],"url":"https:\/\/diariodepe.com.br\/cri\/author\/agencia-cri\/"}]}},"cc_featured_image_caption":{"caption_text":"","source_text":"","source_url":""},"amp_enabled":true,"_links":{"self":[{"href":"https:\/\/diariodepe.com.br\/cri\/wp-json\/wp\/v2\/posts\/9613","targetHints":{"allow":["GET"]}}],"collection":[{"href":"https:\/\/diariodepe.com.br\/cri\/wp-json\/wp\/v2\/posts"}],"about":[{"href":"https:\/\/diariodepe.com.br\/cri\/wp-json\/wp\/v2\/types\/post"}],"author":[{"embeddable":true,"href":"https:\/\/diariodepe.com.br\/cri\/wp-json\/wp\/v2\/users\/5"}],"replies":[{"embeddable":true,"href":"https:\/\/diariodepe.com.br\/cri\/wp-json\/wp\/v2\/comments?post=9613"}],"version-history":[{"count":1,"href":"https:\/\/diariodepe.com.br\/cri\/wp-json\/wp\/v2\/posts\/9613\/revisions"}],"predecessor-version":[{"id":9614,"href":"https:\/\/diariodepe.com.br\/cri\/wp-json\/wp\/v2\/posts\/9613\/revisions\/9614"}],"wp:attachment":[{"href":"https:\/\/diariodepe.com.br\/cri\/wp-json\/wp\/v2\/media?parent=9613"}],"wp:term":[{"taxonomy":"category","embeddable":true,"href":"https:\/\/diariodepe.com.br\/cri\/wp-json\/wp\/v2\/categories?post=9613"},{"taxonomy":"post_tag","embeddable":true,"href":"https:\/\/diariodepe.com.br\/cri\/wp-json\/wp\/v2\/tags?post=9613"}],"curies":[{"name":"wp","href":"https:\/\/api.w.org\/{rel}","templated":true}]}}