{"id":9605,"date":"2025-09-28T03:54:42","date_gmt":"2025-09-28T06:54:42","guid":{"rendered":"https:\/\/diariodepe.com.br\/cri\/?p=9605"},"modified":"2025-09-28T03:54:42","modified_gmt":"2025-09-28T06:54:42","slug":"projeto-fotovoltaico-greenfield-da-cgn-inicia-operacao-no-brasil-abastecendo-240-mil-residencias-com-eletricidade-limpa-e-renovavel","status":"publish","type":"post","link":"https:\/\/diariodepe.com.br\/cri\/2025\/09\/28\/projeto-fotovoltaico-greenfield-da-cgn-inicia-operacao-no-brasil-abastecendo-240-mil-residencias-com-eletricidade-limpa-e-renovavel\/","title":{"rendered":"Projeto fotovoltaico greenfield da CGN inicia opera\u00e7\u00e3o no Brasil, abastecendo 240 mil resid\u00eancias com eletricidade limpa e renov\u00e1vel"},"content":{"rendered":"<p>O primeiro projeto fotovoltaico greenfield da CGN no Brasil, o Complexo Solar Lagoinha, iniciou a opera\u00e7\u00e3o com capacidade m\u00e1xima em 26 de junho, conforme informado pela China General Nuclear Power Corporation (CGN, em ingl\u00eas), sediada em Shenzhen. A expectativa \u00e9 que o projeto gere aproximadamente 400 milh\u00f5es de kWh de eletricidade anualmente, atendendo \u00e0 demanda de energia de cerca de 240 mil resid\u00eancias locais.<\/p>\n<p>O Complexo Solar Lagoinha localiza-se em Russas, no interior do Estado do Cear\u00e1, no nordeste do Brasil, e tem capacidade instalada total de 165 MW. O projeto utiliza m\u00f3dulos e inversores fotovoltaicos fabricados na China, impulsionando vigorosamente a &#8220;globaliza\u00e7\u00e3o&#8221; da cadeia da ind\u00fastria fotovoltaica chinesa e promovendo a atualiza\u00e7\u00e3o tecnol\u00f3gica da ind\u00fastria fotovoltaica brasileira. Ap\u00f3s a conclus\u00e3o, o projeto poder\u00e1 reduzir as emiss\u00f5es de di\u00f3xido de carbono em cerca de 300 mil toneladas por ano, ajudando o Brasil a alcan\u00e7ar a transforma\u00e7\u00e3o de baixo carbono da sua estrutura energ\u00e9tica.<\/p>\n<p>Lan Heping, c\u00f4nsul-geral da China em Recife, disse na cerim\u00f4nia de inaugura\u00e7\u00e3o que o projeto \u00e9 uma conquista importante da constru\u00e7\u00e3o conjunta de alta qualidade do Cintur\u00e3o e Rota entre a China e o Brasil, demonstrando plenamente uma boa imagem das empresas chinesas de promoverem projetos internacionais com altos padr\u00f5es e de cumprirem a responsabilidade social.<\/p>\n<p>Para o governador do Cear\u00e1, Elmano de Freitas, o investimento da CGN n\u00e3o apenas transformou o sol escaldante em energia, mas tamb\u00e9m trouxe esperan\u00e7a e oportunidades para a regi\u00e3o. O projeto \u00e9 um modelo de coopera\u00e7\u00e3o sino-brasileira e de desenvolvimento verde, demonstrando plenamente a profunda integra\u00e7\u00e3o entre a coopera\u00e7\u00e3o pragm\u00e1tica e a\u00e7\u00f5es para combater as mudan\u00e7as clim\u00e1ticas, e estabelecendo um marco para a coopera\u00e7\u00e3o dos pa\u00edses do BRICS no setor de nova energia.<\/p>\n<p>O prefeito de Russas, S\u00e1vio Gurgel, enfatizou os benef\u00edcios do projeto para o desenvolvimento local, ressaltando que desde o lan\u00e7amento, o Projeto Lagoinha criou mais de mil empregos locais diretos e indiretos, impulsionando significativamente o desenvolvimento econ\u00f4mico regional.<\/p>\n<p>O presidente e gerente geral da CGN Brasil, Yao Zhigang, afirmou que, \u00e0 medida que a coopera\u00e7\u00e3o sino-latino-americana se aprofunda e se consolida, a CGN continua intensificando seus investimentos em energia limpa no Brasil.<\/p>\n<p>Atualmente, a CGN Brasil possui 8 parques e\u00f3licos e 3 usinas solares no Brasil. Com capacidade instalada total superior a 1,6 milh\u00e3o de kW, a CGN posiciona-se entre as dez maiores fornecedoras de energia limpa no pa\u00eds, contribuindo positivamente para a promo\u00e7\u00e3o do desenvolvimento socioecon\u00f4mico e da transi\u00e7\u00e3o energ\u00e9tica do Brasil rumo \u00e0 sustentabilidade.<\/p>\n","protected":false},"excerpt":{"rendered":"<p>O primeiro projeto fotovoltaico greenfield da CGN no Brasil, o Complexo Solar Lagoinha, iniciou a opera\u00e7\u00e3o com capacidade m\u00e1xima em 26 de junho, conforme informado pela China General Nuclear Power Corporation (CGN, em ingl\u00eas), sediada em Shenzhen. A expectativa \u00e9&#8230;<\/p>\n","protected":false},"author":5,"featured_media":0,"comment_status":"open","ping_status":"open","sticky":false,"template":"","format":"standard","meta":{"footnotes":""},"categories":[3],"tags":[],"class_list":["post-9605","post","type-post","status-publish","format-standard","hentry","category-china"],"yoast_head":"<!-- This site is optimized with the Yoast SEO plugin v27.4 - https:\/\/yoast.com\/product\/yoast-seo-wordpress\/ -->\n<title>Projeto fotovoltaico greenfield da CGN inicia opera\u00e7\u00e3o no Brasil, abastecendo 240 mil resid\u00eancias com eletricidade limpa e renov\u00e1vel - CRI e Diario de Pernambuco<\/title>\n<meta name=\"robots\" content=\"index, follow, max-snippet:-1, max-image-preview:large, max-video-preview:-1\" \/>\n<link rel=\"canonical\" href=\"https:\/\/diariodepe.com.br\/cri\/2025\/09\/28\/projeto-fotovoltaico-greenfield-da-cgn-inicia-operacao-no-brasil-abastecendo-240-mil-residencias-com-eletricidade-limpa-e-renovavel\/\" \/>\n<meta property=\"og:locale\" content=\"pt_BR\" \/>\n<meta property=\"og:type\" content=\"article\" \/>\n<meta property=\"og:title\" content=\"Projeto fotovoltaico greenfield da CGN inicia opera\u00e7\u00e3o no Brasil, abastecendo 240 mil resid\u00eancias com eletricidade limpa e renov\u00e1vel - CRI e Diario de Pernambuco\" \/>\n<meta property=\"og:description\" content=\"O primeiro projeto fotovoltaico greenfield da CGN no Brasil, o Complexo Solar Lagoinha, iniciou a opera\u00e7\u00e3o com capacidade m\u00e1xima em 26 de junho, conforme informado pela China General Nuclear Power Corporation (CGN, em ingl\u00eas), sediada em Shenzhen. A expectativa \u00e9...\" \/>\n<meta property=\"og:url\" content=\"https:\/\/diariodepe.com.br\/cri\/2025\/09\/28\/projeto-fotovoltaico-greenfield-da-cgn-inicia-operacao-no-brasil-abastecendo-240-mil-residencias-com-eletricidade-limpa-e-renovavel\/\" \/>\n<meta property=\"og:site_name\" content=\"CRI e Diario de Pernambuco\" \/>\n<meta property=\"article:published_time\" content=\"2025-09-28T06:54:42+00:00\" \/>\n<meta name=\"author\" content=\"CRI Portugu\u00eas\" \/>\n<meta name=\"twitter:card\" content=\"summary_large_image\" \/>\n<meta name=\"twitter:label1\" content=\"Escrito por\" \/>\n\t<meta name=\"twitter:data1\" content=\"CRI Portugu\u00eas\" \/>\n\t<meta name=\"twitter:label2\" content=\"Est. tempo de leitura\" \/>\n\t<meta name=\"twitter:data2\" content=\"3 minutos\" \/>\n<script type=\"application\/ld+json\" class=\"yoast-schema-graph\">{\"@context\":\"https:\\\/\\\/schema.org\",\"@graph\":[{\"@type\":\"Article\",\"@id\":\"https:\\\/\\\/diariodepe.com.br\\\/cri\\\/2025\\\/09\\\/28\\\/projeto-fotovoltaico-greenfield-da-cgn-inicia-operacao-no-brasil-abastecendo-240-mil-residencias-com-eletricidade-limpa-e-renovavel\\\/#article\",\"isPartOf\":{\"@id\":\"https:\\\/\\\/diariodepe.com.br\\\/cri\\\/2025\\\/09\\\/28\\\/projeto-fotovoltaico-greenfield-da-cgn-inicia-operacao-no-brasil-abastecendo-240-mil-residencias-com-eletricidade-limpa-e-renovavel\\\/\"},\"author\":{\"name\":\"CRI Portugu\u00eas\",\"@id\":\"https:\\\/\\\/diariodepe.com.br\\\/cri\\\/#\\\/schema\\\/person\\\/e474aead631cd4098632e11d3fbce118\"},\"headline\":\"Projeto fotovoltaico greenfield da CGN inicia opera\u00e7\u00e3o no Brasil, abastecendo 240 mil resid\u00eancias com eletricidade limpa e renov\u00e1vel\",\"datePublished\":\"2025-09-28T06:54:42+00:00\",\"mainEntityOfPage\":{\"@id\":\"https:\\\/\\\/diariodepe.com.br\\\/cri\\\/2025\\\/09\\\/28\\\/projeto-fotovoltaico-greenfield-da-cgn-inicia-operacao-no-brasil-abastecendo-240-mil-residencias-com-eletricidade-limpa-e-renovavel\\\/\"},\"wordCount\":463,\"commentCount\":0,\"publisher\":{\"@id\":\"https:\\\/\\\/diariodepe.com.br\\\/cri\\\/#organization\"},\"articleSection\":[\"China\"],\"inLanguage\":\"pt-BR\",\"potentialAction\":[{\"@type\":\"CommentAction\",\"name\":\"Comment\",\"target\":[\"https:\\\/\\\/diariodepe.com.br\\\/cri\\\/2025\\\/09\\\/28\\\/projeto-fotovoltaico-greenfield-da-cgn-inicia-operacao-no-brasil-abastecendo-240-mil-residencias-com-eletricidade-limpa-e-renovavel\\\/#respond\"]}]},{\"@type\":\"WebPage\",\"@id\":\"https:\\\/\\\/diariodepe.com.br\\\/cri\\\/2025\\\/09\\\/28\\\/projeto-fotovoltaico-greenfield-da-cgn-inicia-operacao-no-brasil-abastecendo-240-mil-residencias-com-eletricidade-limpa-e-renovavel\\\/\",\"url\":\"https:\\\/\\\/diariodepe.com.br\\\/cri\\\/2025\\\/09\\\/28\\\/projeto-fotovoltaico-greenfield-da-cgn-inicia-operacao-no-brasil-abastecendo-240-mil-residencias-com-eletricidade-limpa-e-renovavel\\\/\",\"name\":\"Projeto fotovoltaico greenfield da CGN inicia opera\u00e7\u00e3o no Brasil, abastecendo 240 mil resid\u00eancias com eletricidade limpa e renov\u00e1vel - CRI e Diario de Pernambuco\",\"isPartOf\":{\"@id\":\"https:\\\/\\\/diariodepe.com.br\\\/cri\\\/#website\"},\"datePublished\":\"2025-09-28T06:54:42+00:00\",\"breadcrumb\":{\"@id\":\"https:\\\/\\\/diariodepe.com.br\\\/cri\\\/2025\\\/09\\\/28\\\/projeto-fotovoltaico-greenfield-da-cgn-inicia-operacao-no-brasil-abastecendo-240-mil-residencias-com-eletricidade-limpa-e-renovavel\\\/#breadcrumb\"},\"inLanguage\":\"pt-BR\",\"potentialAction\":[{\"@type\":\"ReadAction\",\"target\":[\"https:\\\/\\\/diariodepe.com.br\\\/cri\\\/2025\\\/09\\\/28\\\/projeto-fotovoltaico-greenfield-da-cgn-inicia-operacao-no-brasil-abastecendo-240-mil-residencias-com-eletricidade-limpa-e-renovavel\\\/\"]}]},{\"@type\":\"BreadcrumbList\",\"@id\":\"https:\\\/\\\/diariodepe.com.br\\\/cri\\\/2025\\\/09\\\/28\\\/projeto-fotovoltaico-greenfield-da-cgn-inicia-operacao-no-brasil-abastecendo-240-mil-residencias-com-eletricidade-limpa-e-renovavel\\\/#breadcrumb\",\"itemListElement\":[{\"@type\":\"ListItem\",\"position\":1,\"name\":\"In\u00edcio\",\"item\":\"https:\\\/\\\/diariodepe.com.br\\\/cri\\\/\"},{\"@type\":\"ListItem\",\"position\":2,\"name\":\"Projeto fotovoltaico greenfield da CGN inicia opera\u00e7\u00e3o no Brasil, abastecendo 240 mil resid\u00eancias com eletricidade limpa e renov\u00e1vel\"}]},{\"@type\":\"WebSite\",\"@id\":\"https:\\\/\\\/diariodepe.com.br\\\/cri\\\/#website\",\"url\":\"https:\\\/\\\/diariodepe.com.br\\\/cri\\\/\",\"name\":\"CRI e Diario de Pernambuco\",\"description\":\"R\u00e1dio Internacional da China\",\"publisher\":{\"@id\":\"https:\\\/\\\/diariodepe.com.br\\\/cri\\\/#organization\"},\"potentialAction\":[{\"@type\":\"SearchAction\",\"target\":{\"@type\":\"EntryPoint\",\"urlTemplate\":\"https:\\\/\\\/diariodepe.com.br\\\/cri\\\/?s={search_term_string}\"},\"query-input\":{\"@type\":\"PropertyValueSpecification\",\"valueRequired\":true,\"valueName\":\"search_term_string\"}}],\"inLanguage\":\"pt-BR\"},{\"@type\":\"Organization\",\"@id\":\"https:\\\/\\\/diariodepe.com.br\\\/cri\\\/#organization\",\"name\":\"CRI e Diario de Pernambuco\",\"url\":\"https:\\\/\\\/diariodepe.com.br\\\/cri\\\/\",\"logo\":{\"@type\":\"ImageObject\",\"inLanguage\":\"pt-BR\",\"@id\":\"https:\\\/\\\/diariodepe.com.br\\\/cri\\\/#\\\/schema\\\/logo\\\/image\\\/\",\"url\":\"https:\\\/\\\/diariodepe.com.br\\\/cri\\\/wp-content\\\/uploads\\\/sites\\\/2\\\/2022\\\/12\\\/cropped-Logo.jpg\",\"contentUrl\":\"https:\\\/\\\/diariodepe.com.br\\\/cri\\\/wp-content\\\/uploads\\\/sites\\\/2\\\/2022\\\/12\\\/cropped-Logo.jpg\",\"width\":700,\"height\":59,\"caption\":\"CRI e Diario de Pernambuco\"},\"image\":{\"@id\":\"https:\\\/\\\/diariodepe.com.br\\\/cri\\\/#\\\/schema\\\/logo\\\/image\\\/\"}},{\"@type\":\"Person\",\"@id\":\"https:\\\/\\\/diariodepe.com.br\\\/cri\\\/#\\\/schema\\\/person\\\/e474aead631cd4098632e11d3fbce118\",\"name\":\"CRI Portugu\u00eas\",\"image\":{\"@type\":\"ImageObject\",\"inLanguage\":\"pt-BR\",\"@id\":\"https:\\\/\\\/secure.gravatar.com\\\/avatar\\\/e2ac889ef882d4dc53091b610766dce49106cf9fe98c76e06745abb0993b2763?s=96&d=mm&r=g\",\"url\":\"https:\\\/\\\/secure.gravatar.com\\\/avatar\\\/e2ac889ef882d4dc53091b610766dce49106cf9fe98c76e06745abb0993b2763?s=96&d=mm&r=g\",\"contentUrl\":\"https:\\\/\\\/secure.gravatar.com\\\/avatar\\\/e2ac889ef882d4dc53091b610766dce49106cf9fe98c76e06745abb0993b2763?s=96&d=mm&r=g\",\"caption\":\"CRI Portugu\u00eas\"},\"sameAs\":[\"https:\\\/\\\/www.diariodepernambuco.com.br\\\/\"],\"url\":\"https:\\\/\\\/diariodepe.com.br\\\/cri\\\/author\\\/agencia-cri\\\/\"}]}<\/script>\n<!-- \/ Yoast SEO plugin. -->","yoast_head_json":{"title":"Projeto fotovoltaico greenfield da CGN inicia opera\u00e7\u00e3o no Brasil, abastecendo 240 mil resid\u00eancias com eletricidade limpa e renov\u00e1vel - CRI e Diario de Pernambuco","robots":{"index":"index","follow":"follow","max-snippet":"max-snippet:-1","max-image-preview":"max-image-preview:large","max-video-preview":"max-video-preview:-1"},"canonical":"https:\/\/diariodepe.com.br\/cri\/2025\/09\/28\/projeto-fotovoltaico-greenfield-da-cgn-inicia-operacao-no-brasil-abastecendo-240-mil-residencias-com-eletricidade-limpa-e-renovavel\/","og_locale":"pt_BR","og_type":"article","og_title":"Projeto fotovoltaico greenfield da CGN inicia opera\u00e7\u00e3o no Brasil, abastecendo 240 mil resid\u00eancias com eletricidade limpa e renov\u00e1vel - CRI e Diario de Pernambuco","og_description":"O primeiro projeto fotovoltaico greenfield da CGN no Brasil, o Complexo Solar Lagoinha, iniciou a opera\u00e7\u00e3o com capacidade m\u00e1xima em 26 de junho, conforme informado pela China General Nuclear Power Corporation (CGN, em ingl\u00eas), sediada em Shenzhen. A expectativa \u00e9...","og_url":"https:\/\/diariodepe.com.br\/cri\/2025\/09\/28\/projeto-fotovoltaico-greenfield-da-cgn-inicia-operacao-no-brasil-abastecendo-240-mil-residencias-com-eletricidade-limpa-e-renovavel\/","og_site_name":"CRI e Diario de Pernambuco","article_published_time":"2025-09-28T06:54:42+00:00","author":"CRI Portugu\u00eas","twitter_card":"summary_large_image","twitter_misc":{"Escrito por":"CRI Portugu\u00eas","Est. tempo de leitura":"3 minutos"},"schema":{"@context":"https:\/\/schema.org","@graph":[{"@type":"Article","@id":"https:\/\/diariodepe.com.br\/cri\/2025\/09\/28\/projeto-fotovoltaico-greenfield-da-cgn-inicia-operacao-no-brasil-abastecendo-240-mil-residencias-com-eletricidade-limpa-e-renovavel\/#article","isPartOf":{"@id":"https:\/\/diariodepe.com.br\/cri\/2025\/09\/28\/projeto-fotovoltaico-greenfield-da-cgn-inicia-operacao-no-brasil-abastecendo-240-mil-residencias-com-eletricidade-limpa-e-renovavel\/"},"author":{"name":"CRI Portugu\u00eas","@id":"https:\/\/diariodepe.com.br\/cri\/#\/schema\/person\/e474aead631cd4098632e11d3fbce118"},"headline":"Projeto fotovoltaico greenfield da CGN inicia opera\u00e7\u00e3o no Brasil, abastecendo 240 mil resid\u00eancias com eletricidade limpa e renov\u00e1vel","datePublished":"2025-09-28T06:54:42+00:00","mainEntityOfPage":{"@id":"https:\/\/diariodepe.com.br\/cri\/2025\/09\/28\/projeto-fotovoltaico-greenfield-da-cgn-inicia-operacao-no-brasil-abastecendo-240-mil-residencias-com-eletricidade-limpa-e-renovavel\/"},"wordCount":463,"commentCount":0,"publisher":{"@id":"https:\/\/diariodepe.com.br\/cri\/#organization"},"articleSection":["China"],"inLanguage":"pt-BR","potentialAction":[{"@type":"CommentAction","name":"Comment","target":["https:\/\/diariodepe.com.br\/cri\/2025\/09\/28\/projeto-fotovoltaico-greenfield-da-cgn-inicia-operacao-no-brasil-abastecendo-240-mil-residencias-com-eletricidade-limpa-e-renovavel\/#respond"]}]},{"@type":"WebPage","@id":"https:\/\/diariodepe.com.br\/cri\/2025\/09\/28\/projeto-fotovoltaico-greenfield-da-cgn-inicia-operacao-no-brasil-abastecendo-240-mil-residencias-com-eletricidade-limpa-e-renovavel\/","url":"https:\/\/diariodepe.com.br\/cri\/2025\/09\/28\/projeto-fotovoltaico-greenfield-da-cgn-inicia-operacao-no-brasil-abastecendo-240-mil-residencias-com-eletricidade-limpa-e-renovavel\/","name":"Projeto fotovoltaico greenfield da CGN inicia opera\u00e7\u00e3o no Brasil, abastecendo 240 mil resid\u00eancias com eletricidade limpa e renov\u00e1vel - CRI e Diario de Pernambuco","isPartOf":{"@id":"https:\/\/diariodepe.com.br\/cri\/#website"},"datePublished":"2025-09-28T06:54:42+00:00","breadcrumb":{"@id":"https:\/\/diariodepe.com.br\/cri\/2025\/09\/28\/projeto-fotovoltaico-greenfield-da-cgn-inicia-operacao-no-brasil-abastecendo-240-mil-residencias-com-eletricidade-limpa-e-renovavel\/#breadcrumb"},"inLanguage":"pt-BR","potentialAction":[{"@type":"ReadAction","target":["https:\/\/diariodepe.com.br\/cri\/2025\/09\/28\/projeto-fotovoltaico-greenfield-da-cgn-inicia-operacao-no-brasil-abastecendo-240-mil-residencias-com-eletricidade-limpa-e-renovavel\/"]}]},{"@type":"BreadcrumbList","@id":"https:\/\/diariodepe.com.br\/cri\/2025\/09\/28\/projeto-fotovoltaico-greenfield-da-cgn-inicia-operacao-no-brasil-abastecendo-240-mil-residencias-com-eletricidade-limpa-e-renovavel\/#breadcrumb","itemListElement":[{"@type":"ListItem","position":1,"name":"In\u00edcio","item":"https:\/\/diariodepe.com.br\/cri\/"},{"@type":"ListItem","position":2,"name":"Projeto fotovoltaico greenfield da CGN inicia opera\u00e7\u00e3o no Brasil, abastecendo 240 mil resid\u00eancias com eletricidade limpa e renov\u00e1vel"}]},{"@type":"WebSite","@id":"https:\/\/diariodepe.com.br\/cri\/#website","url":"https:\/\/diariodepe.com.br\/cri\/","name":"CRI e Diario de Pernambuco","description":"R\u00e1dio Internacional da China","publisher":{"@id":"https:\/\/diariodepe.com.br\/cri\/#organization"},"potentialAction":[{"@type":"SearchAction","target":{"@type":"EntryPoint","urlTemplate":"https:\/\/diariodepe.com.br\/cri\/?s={search_term_string}"},"query-input":{"@type":"PropertyValueSpecification","valueRequired":true,"valueName":"search_term_string"}}],"inLanguage":"pt-BR"},{"@type":"Organization","@id":"https:\/\/diariodepe.com.br\/cri\/#organization","name":"CRI e Diario de Pernambuco","url":"https:\/\/diariodepe.com.br\/cri\/","logo":{"@type":"ImageObject","inLanguage":"pt-BR","@id":"https:\/\/diariodepe.com.br\/cri\/#\/schema\/logo\/image\/","url":"https:\/\/diariodepe.com.br\/cri\/wp-content\/uploads\/sites\/2\/2022\/12\/cropped-Logo.jpg","contentUrl":"https:\/\/diariodepe.com.br\/cri\/wp-content\/uploads\/sites\/2\/2022\/12\/cropped-Logo.jpg","width":700,"height":59,"caption":"CRI e Diario de Pernambuco"},"image":{"@id":"https:\/\/diariodepe.com.br\/cri\/#\/schema\/logo\/image\/"}},{"@type":"Person","@id":"https:\/\/diariodepe.com.br\/cri\/#\/schema\/person\/e474aead631cd4098632e11d3fbce118","name":"CRI Portugu\u00eas","image":{"@type":"ImageObject","inLanguage":"pt-BR","@id":"https:\/\/secure.gravatar.com\/avatar\/e2ac889ef882d4dc53091b610766dce49106cf9fe98c76e06745abb0993b2763?s=96&d=mm&r=g","url":"https:\/\/secure.gravatar.com\/avatar\/e2ac889ef882d4dc53091b610766dce49106cf9fe98c76e06745abb0993b2763?s=96&d=mm&r=g","contentUrl":"https:\/\/secure.gravatar.com\/avatar\/e2ac889ef882d4dc53091b610766dce49106cf9fe98c76e06745abb0993b2763?s=96&d=mm&r=g","caption":"CRI Portugu\u00eas"},"sameAs":["https:\/\/www.diariodepernambuco.com.br\/"],"url":"https:\/\/diariodepe.com.br\/cri\/author\/agencia-cri\/"}]}},"cc_featured_image_caption":{"caption_text":"","source_text":"","source_url":""},"amp_enabled":true,"_links":{"self":[{"href":"https:\/\/diariodepe.com.br\/cri\/wp-json\/wp\/v2\/posts\/9605","targetHints":{"allow":["GET"]}}],"collection":[{"href":"https:\/\/diariodepe.com.br\/cri\/wp-json\/wp\/v2\/posts"}],"about":[{"href":"https:\/\/diariodepe.com.br\/cri\/wp-json\/wp\/v2\/types\/post"}],"author":[{"embeddable":true,"href":"https:\/\/diariodepe.com.br\/cri\/wp-json\/wp\/v2\/users\/5"}],"replies":[{"embeddable":true,"href":"https:\/\/diariodepe.com.br\/cri\/wp-json\/wp\/v2\/comments?post=9605"}],"version-history":[{"count":1,"href":"https:\/\/diariodepe.com.br\/cri\/wp-json\/wp\/v2\/posts\/9605\/revisions"}],"predecessor-version":[{"id":9606,"href":"https:\/\/diariodepe.com.br\/cri\/wp-json\/wp\/v2\/posts\/9605\/revisions\/9606"}],"wp:attachment":[{"href":"https:\/\/diariodepe.com.br\/cri\/wp-json\/wp\/v2\/media?parent=9605"}],"wp:term":[{"taxonomy":"category","embeddable":true,"href":"https:\/\/diariodepe.com.br\/cri\/wp-json\/wp\/v2\/categories?post=9605"},{"taxonomy":"post_tag","embeddable":true,"href":"https:\/\/diariodepe.com.br\/cri\/wp-json\/wp\/v2\/tags?post=9605"}],"curies":[{"name":"wp","href":"https:\/\/api.w.org\/{rel}","templated":true}]}}