{"id":9597,"date":"2025-08-07T23:22:27","date_gmt":"2025-08-08T02:22:27","guid":{"rendered":"https:\/\/diariodepe.com.br\/cri\/?p=9597"},"modified":"2025-09-27T23:23:09","modified_gmt":"2025-09-28T02:23:09","slug":"chefe-do-maximo-orgao-legislativo-chines-visita-suica","status":"publish","type":"post","link":"https:\/\/diariodepe.com.br\/cri\/2025\/08\/07\/chefe-do-maximo-orgao-legislativo-chines-visita-suica\/","title":{"rendered":"Chefe do m\u00e1ximo \u00f3rg\u00e3o legislativo chin\u00eas visita Su\u00ed\u00e7a"},"content":{"rendered":"<p>O presidente do Comit\u00ea Permanente da Assembleia Popular Nacional (APN), Zhao Leji, pediu o avan\u00e7o conjunto no desenvolvimento de alto n\u00edvel da parceria estrat\u00e9gica inovadora entre a China e a Su\u00ed\u00e7a durante uma visita oficial ao pa\u00eds, realizada de segunda a quinta-feira, a convite da presidente do Conselho Nacional da Su\u00ed\u00e7a, Maja Riniker, e do presidente do Conselho dos Estados da Su\u00ed\u00e7a, Andrea Caroni.<\/p>\n<p>\u201cAo longo dos 75 anos desde o estabelecimento das rela\u00e7\u00f5es diplom\u00e1ticas, os dois pa\u00edses cultivaram conjuntamente um esp\u00edrito de coopera\u00e7\u00e3o que prima pela \u2018igualdade, inova\u00e7\u00e3o e ganhos m\u00fatuos\u2019, estabelecendo um modelo de coopera\u00e7\u00e3o entre pa\u00edses com diferentes sistemas sociais, em diferentes est\u00e1gios de desenvolvimento e de diferentes tamanhos\u201d, afirmou.<\/p>\n<p>\u201cA China est\u00e1 pronta para trabalhar com a Su\u00ed\u00e7a a fim de implementar o importante consenso alcan\u00e7ado pelos l\u00edderes dos dois pa\u00edses e promover o desenvolvimento de alto n\u00edvel da parceria estrat\u00e9gica inovadora\u201d, afirmou Zhao.<\/p>\n<p>\u201cA Su\u00ed\u00e7a \u00e9 o primeiro pa\u00eds da Europa continental a assinar um acordo de livre com\u00e9rcio com a China, e a coopera\u00e7\u00e3o econ\u00f4mica e comercial bilateral cresceu rapidamente desde a entrada em vigor do acordo\u201d, nas palavras de Zhao, que tamb\u00e9m espera impulsionar conjuntamente as negocia\u00e7\u00f5es para a atualiza\u00e7\u00e3o do acordo de livre com\u00e9rcio e a coopera\u00e7\u00e3o financeira de alta qualidade, al\u00e9m de saudar a expans\u00e3o dos investimentos na China por capitais su\u00ed\u00e7os.<\/p>\n<p>\u201cA APN da China e o Parlamento Federal Su\u00ed\u00e7o mant\u00eam rela\u00e7\u00f5es amig\u00e1veis de longa data e fizeram contribui\u00e7\u00f5es positivas para o desenvolvimento dos la\u00e7os bilaterais e da coopera\u00e7\u00e3o pr\u00e1tica\u201d, disse.<\/p>\n<p>\u201cAs duas partes devem intensificar ainda mais o interc\u00e2mbio amig\u00e1vel entre os legislativos, compartilhar e aprender com a experi\u00eancia m\u00fatua em legisla\u00e7\u00e3o, supervis\u00e3o e outras \u00e1reas, formular, revisar e aprovar oportunamente documentos legais conducentes \u00e0 coopera\u00e7\u00e3o bilateral e fortalecer a comunica\u00e7\u00e3o e a colabora\u00e7\u00e3o no \u00e2mbito de mecanismos multilaterais como a Uni\u00e3o Interparlamentar\u201d, observou.<\/p>\n<p>Por sua vez, Riniker afirmou que o Conselho Nacional da Su\u00ed\u00e7a est\u00e1 pronto para fortalecer a coopera\u00e7\u00e3o com a APN da China, a fim de desempenhar um papel ativo na atualiza\u00e7\u00e3o do acordo de livre com\u00e9rcio entre os dois pa\u00edses, bem como na promo\u00e7\u00e3o do desenvolvimento sustent\u00e1vel.<\/p>\n<p>Caroni, por sua vez, afirmou que o refor\u00e7o da coopera\u00e7\u00e3o com a China \u00e9 de import\u00e2ncia estrat\u00e9gica para a Su\u00ed\u00e7a.<\/p>\n","protected":false},"excerpt":{"rendered":"<p>O presidente do Comit\u00ea Permanente da Assembleia Popular Nacional (APN), Zhao Leji, pediu o avan\u00e7o conjunto no desenvolvimento de alto n\u00edvel da parceria estrat\u00e9gica inovadora entre a China e a Su\u00ed\u00e7a durante uma visita oficial ao pa\u00eds, realizada de segunda&#8230;<\/p>\n","protected":false},"author":5,"featured_media":0,"comment_status":"open","ping_status":"open","sticky":false,"template":"","format":"standard","meta":{"footnotes":""},"categories":[8],"tags":[],"class_list":["post-9597","post","type-post","status-publish","format-standard","hentry","category-internacional"],"yoast_head":"<!-- This site is optimized with the Yoast SEO plugin v27.4 - https:\/\/yoast.com\/product\/yoast-seo-wordpress\/ -->\n<title>Chefe do m\u00e1ximo \u00f3rg\u00e3o legislativo chin\u00eas visita Su\u00ed\u00e7a - CRI e Diario de Pernambuco<\/title>\n<meta name=\"robots\" content=\"index, follow, max-snippet:-1, max-image-preview:large, max-video-preview:-1\" \/>\n<link rel=\"canonical\" href=\"https:\/\/diariodepe.com.br\/cri\/2025\/08\/07\/chefe-do-maximo-orgao-legislativo-chines-visita-suica\/\" \/>\n<meta property=\"og:locale\" content=\"pt_BR\" \/>\n<meta property=\"og:type\" content=\"article\" \/>\n<meta property=\"og:title\" content=\"Chefe do m\u00e1ximo \u00f3rg\u00e3o legislativo chin\u00eas visita Su\u00ed\u00e7a - CRI e Diario de Pernambuco\" \/>\n<meta property=\"og:description\" content=\"O presidente do Comit\u00ea Permanente da Assembleia Popular Nacional (APN), Zhao Leji, pediu o avan\u00e7o conjunto no desenvolvimento de alto n\u00edvel da parceria estrat\u00e9gica inovadora entre a China e a Su\u00ed\u00e7a durante uma visita oficial ao pa\u00eds, realizada de segunda...\" \/>\n<meta property=\"og:url\" content=\"https:\/\/diariodepe.com.br\/cri\/2025\/08\/07\/chefe-do-maximo-orgao-legislativo-chines-visita-suica\/\" \/>\n<meta property=\"og:site_name\" content=\"CRI e Diario de Pernambuco\" \/>\n<meta property=\"article:published_time\" content=\"2025-08-08T02:22:27+00:00\" \/>\n<meta property=\"article:modified_time\" content=\"2025-09-28T02:23:09+00:00\" \/>\n<meta name=\"author\" content=\"CRI Portugu\u00eas\" \/>\n<meta name=\"twitter:card\" content=\"summary_large_image\" \/>\n<meta name=\"twitter:label1\" content=\"Escrito por\" \/>\n\t<meta name=\"twitter:data1\" content=\"CRI Portugu\u00eas\" \/>\n\t<meta name=\"twitter:label2\" content=\"Est. tempo de leitura\" \/>\n\t<meta name=\"twitter:data2\" content=\"3 minutos\" \/>\n<script type=\"application\/ld+json\" class=\"yoast-schema-graph\">{\"@context\":\"https:\\\/\\\/schema.org\",\"@graph\":[{\"@type\":\"Article\",\"@id\":\"https:\\\/\\\/diariodepe.com.br\\\/cri\\\/2025\\\/08\\\/07\\\/chefe-do-maximo-orgao-legislativo-chines-visita-suica\\\/#article\",\"isPartOf\":{\"@id\":\"https:\\\/\\\/diariodepe.com.br\\\/cri\\\/2025\\\/08\\\/07\\\/chefe-do-maximo-orgao-legislativo-chines-visita-suica\\\/\"},\"author\":{\"name\":\"CRI Portugu\u00eas\",\"@id\":\"https:\\\/\\\/diariodepe.com.br\\\/cri\\\/#\\\/schema\\\/person\\\/e474aead631cd4098632e11d3fbce118\"},\"headline\":\"Chefe do m\u00e1ximo \u00f3rg\u00e3o legislativo chin\u00eas visita Su\u00ed\u00e7a\",\"datePublished\":\"2025-08-08T02:22:27+00:00\",\"dateModified\":\"2025-09-28T02:23:09+00:00\",\"mainEntityOfPage\":{\"@id\":\"https:\\\/\\\/diariodepe.com.br\\\/cri\\\/2025\\\/08\\\/07\\\/chefe-do-maximo-orgao-legislativo-chines-visita-suica\\\/\"},\"wordCount\":446,\"commentCount\":0,\"publisher\":{\"@id\":\"https:\\\/\\\/diariodepe.com.br\\\/cri\\\/#organization\"},\"articleSection\":[\"Internacional\"],\"inLanguage\":\"pt-BR\",\"potentialAction\":[{\"@type\":\"CommentAction\",\"name\":\"Comment\",\"target\":[\"https:\\\/\\\/diariodepe.com.br\\\/cri\\\/2025\\\/08\\\/07\\\/chefe-do-maximo-orgao-legislativo-chines-visita-suica\\\/#respond\"]}]},{\"@type\":\"WebPage\",\"@id\":\"https:\\\/\\\/diariodepe.com.br\\\/cri\\\/2025\\\/08\\\/07\\\/chefe-do-maximo-orgao-legislativo-chines-visita-suica\\\/\",\"url\":\"https:\\\/\\\/diariodepe.com.br\\\/cri\\\/2025\\\/08\\\/07\\\/chefe-do-maximo-orgao-legislativo-chines-visita-suica\\\/\",\"name\":\"Chefe do m\u00e1ximo \u00f3rg\u00e3o legislativo chin\u00eas visita Su\u00ed\u00e7a - CRI e Diario de Pernambuco\",\"isPartOf\":{\"@id\":\"https:\\\/\\\/diariodepe.com.br\\\/cri\\\/#website\"},\"datePublished\":\"2025-08-08T02:22:27+00:00\",\"dateModified\":\"2025-09-28T02:23:09+00:00\",\"breadcrumb\":{\"@id\":\"https:\\\/\\\/diariodepe.com.br\\\/cri\\\/2025\\\/08\\\/07\\\/chefe-do-maximo-orgao-legislativo-chines-visita-suica\\\/#breadcrumb\"},\"inLanguage\":\"pt-BR\",\"potentialAction\":[{\"@type\":\"ReadAction\",\"target\":[\"https:\\\/\\\/diariodepe.com.br\\\/cri\\\/2025\\\/08\\\/07\\\/chefe-do-maximo-orgao-legislativo-chines-visita-suica\\\/\"]}]},{\"@type\":\"BreadcrumbList\",\"@id\":\"https:\\\/\\\/diariodepe.com.br\\\/cri\\\/2025\\\/08\\\/07\\\/chefe-do-maximo-orgao-legislativo-chines-visita-suica\\\/#breadcrumb\",\"itemListElement\":[{\"@type\":\"ListItem\",\"position\":1,\"name\":\"In\u00edcio\",\"item\":\"https:\\\/\\\/diariodepe.com.br\\\/cri\\\/\"},{\"@type\":\"ListItem\",\"position\":2,\"name\":\"Chefe do m\u00e1ximo \u00f3rg\u00e3o legislativo chin\u00eas visita Su\u00ed\u00e7a\"}]},{\"@type\":\"WebSite\",\"@id\":\"https:\\\/\\\/diariodepe.com.br\\\/cri\\\/#website\",\"url\":\"https:\\\/\\\/diariodepe.com.br\\\/cri\\\/\",\"name\":\"CRI e Diario de Pernambuco\",\"description\":\"R\u00e1dio Internacional da China\",\"publisher\":{\"@id\":\"https:\\\/\\\/diariodepe.com.br\\\/cri\\\/#organization\"},\"potentialAction\":[{\"@type\":\"SearchAction\",\"target\":{\"@type\":\"EntryPoint\",\"urlTemplate\":\"https:\\\/\\\/diariodepe.com.br\\\/cri\\\/?s={search_term_string}\"},\"query-input\":{\"@type\":\"PropertyValueSpecification\",\"valueRequired\":true,\"valueName\":\"search_term_string\"}}],\"inLanguage\":\"pt-BR\"},{\"@type\":\"Organization\",\"@id\":\"https:\\\/\\\/diariodepe.com.br\\\/cri\\\/#organization\",\"name\":\"CRI e Diario de Pernambuco\",\"url\":\"https:\\\/\\\/diariodepe.com.br\\\/cri\\\/\",\"logo\":{\"@type\":\"ImageObject\",\"inLanguage\":\"pt-BR\",\"@id\":\"https:\\\/\\\/diariodepe.com.br\\\/cri\\\/#\\\/schema\\\/logo\\\/image\\\/\",\"url\":\"https:\\\/\\\/diariodepe.com.br\\\/cri\\\/wp-content\\\/uploads\\\/sites\\\/2\\\/2022\\\/12\\\/cropped-Logo.jpg\",\"contentUrl\":\"https:\\\/\\\/diariodepe.com.br\\\/cri\\\/wp-content\\\/uploads\\\/sites\\\/2\\\/2022\\\/12\\\/cropped-Logo.jpg\",\"width\":700,\"height\":59,\"caption\":\"CRI e Diario de Pernambuco\"},\"image\":{\"@id\":\"https:\\\/\\\/diariodepe.com.br\\\/cri\\\/#\\\/schema\\\/logo\\\/image\\\/\"}},{\"@type\":\"Person\",\"@id\":\"https:\\\/\\\/diariodepe.com.br\\\/cri\\\/#\\\/schema\\\/person\\\/e474aead631cd4098632e11d3fbce118\",\"name\":\"CRI Portugu\u00eas\",\"image\":{\"@type\":\"ImageObject\",\"inLanguage\":\"pt-BR\",\"@id\":\"https:\\\/\\\/secure.gravatar.com\\\/avatar\\\/e2ac889ef882d4dc53091b610766dce49106cf9fe98c76e06745abb0993b2763?s=96&d=mm&r=g\",\"url\":\"https:\\\/\\\/secure.gravatar.com\\\/avatar\\\/e2ac889ef882d4dc53091b610766dce49106cf9fe98c76e06745abb0993b2763?s=96&d=mm&r=g\",\"contentUrl\":\"https:\\\/\\\/secure.gravatar.com\\\/avatar\\\/e2ac889ef882d4dc53091b610766dce49106cf9fe98c76e06745abb0993b2763?s=96&d=mm&r=g\",\"caption\":\"CRI Portugu\u00eas\"},\"sameAs\":[\"https:\\\/\\\/www.diariodepernambuco.com.br\\\/\"],\"url\":\"https:\\\/\\\/diariodepe.com.br\\\/cri\\\/author\\\/agencia-cri\\\/\"}]}<\/script>\n<!-- \/ Yoast SEO plugin. -->","yoast_head_json":{"title":"Chefe do m\u00e1ximo \u00f3rg\u00e3o legislativo chin\u00eas visita Su\u00ed\u00e7a - CRI e Diario de Pernambuco","robots":{"index":"index","follow":"follow","max-snippet":"max-snippet:-1","max-image-preview":"max-image-preview:large","max-video-preview":"max-video-preview:-1"},"canonical":"https:\/\/diariodepe.com.br\/cri\/2025\/08\/07\/chefe-do-maximo-orgao-legislativo-chines-visita-suica\/","og_locale":"pt_BR","og_type":"article","og_title":"Chefe do m\u00e1ximo \u00f3rg\u00e3o legislativo chin\u00eas visita Su\u00ed\u00e7a - CRI e Diario de Pernambuco","og_description":"O presidente do Comit\u00ea Permanente da Assembleia Popular Nacional (APN), Zhao Leji, pediu o avan\u00e7o conjunto no desenvolvimento de alto n\u00edvel da parceria estrat\u00e9gica inovadora entre a China e a Su\u00ed\u00e7a durante uma visita oficial ao pa\u00eds, realizada de segunda...","og_url":"https:\/\/diariodepe.com.br\/cri\/2025\/08\/07\/chefe-do-maximo-orgao-legislativo-chines-visita-suica\/","og_site_name":"CRI e Diario de Pernambuco","article_published_time":"2025-08-08T02:22:27+00:00","article_modified_time":"2025-09-28T02:23:09+00:00","author":"CRI Portugu\u00eas","twitter_card":"summary_large_image","twitter_misc":{"Escrito por":"CRI Portugu\u00eas","Est. tempo de leitura":"3 minutos"},"schema":{"@context":"https:\/\/schema.org","@graph":[{"@type":"Article","@id":"https:\/\/diariodepe.com.br\/cri\/2025\/08\/07\/chefe-do-maximo-orgao-legislativo-chines-visita-suica\/#article","isPartOf":{"@id":"https:\/\/diariodepe.com.br\/cri\/2025\/08\/07\/chefe-do-maximo-orgao-legislativo-chines-visita-suica\/"},"author":{"name":"CRI Portugu\u00eas","@id":"https:\/\/diariodepe.com.br\/cri\/#\/schema\/person\/e474aead631cd4098632e11d3fbce118"},"headline":"Chefe do m\u00e1ximo \u00f3rg\u00e3o legislativo chin\u00eas visita Su\u00ed\u00e7a","datePublished":"2025-08-08T02:22:27+00:00","dateModified":"2025-09-28T02:23:09+00:00","mainEntityOfPage":{"@id":"https:\/\/diariodepe.com.br\/cri\/2025\/08\/07\/chefe-do-maximo-orgao-legislativo-chines-visita-suica\/"},"wordCount":446,"commentCount":0,"publisher":{"@id":"https:\/\/diariodepe.com.br\/cri\/#organization"},"articleSection":["Internacional"],"inLanguage":"pt-BR","potentialAction":[{"@type":"CommentAction","name":"Comment","target":["https:\/\/diariodepe.com.br\/cri\/2025\/08\/07\/chefe-do-maximo-orgao-legislativo-chines-visita-suica\/#respond"]}]},{"@type":"WebPage","@id":"https:\/\/diariodepe.com.br\/cri\/2025\/08\/07\/chefe-do-maximo-orgao-legislativo-chines-visita-suica\/","url":"https:\/\/diariodepe.com.br\/cri\/2025\/08\/07\/chefe-do-maximo-orgao-legislativo-chines-visita-suica\/","name":"Chefe do m\u00e1ximo \u00f3rg\u00e3o legislativo chin\u00eas visita Su\u00ed\u00e7a - CRI e Diario de Pernambuco","isPartOf":{"@id":"https:\/\/diariodepe.com.br\/cri\/#website"},"datePublished":"2025-08-08T02:22:27+00:00","dateModified":"2025-09-28T02:23:09+00:00","breadcrumb":{"@id":"https:\/\/diariodepe.com.br\/cri\/2025\/08\/07\/chefe-do-maximo-orgao-legislativo-chines-visita-suica\/#breadcrumb"},"inLanguage":"pt-BR","potentialAction":[{"@type":"ReadAction","target":["https:\/\/diariodepe.com.br\/cri\/2025\/08\/07\/chefe-do-maximo-orgao-legislativo-chines-visita-suica\/"]}]},{"@type":"BreadcrumbList","@id":"https:\/\/diariodepe.com.br\/cri\/2025\/08\/07\/chefe-do-maximo-orgao-legislativo-chines-visita-suica\/#breadcrumb","itemListElement":[{"@type":"ListItem","position":1,"name":"In\u00edcio","item":"https:\/\/diariodepe.com.br\/cri\/"},{"@type":"ListItem","position":2,"name":"Chefe do m\u00e1ximo \u00f3rg\u00e3o legislativo chin\u00eas visita Su\u00ed\u00e7a"}]},{"@type":"WebSite","@id":"https:\/\/diariodepe.com.br\/cri\/#website","url":"https:\/\/diariodepe.com.br\/cri\/","name":"CRI e Diario de Pernambuco","description":"R\u00e1dio Internacional da China","publisher":{"@id":"https:\/\/diariodepe.com.br\/cri\/#organization"},"potentialAction":[{"@type":"SearchAction","target":{"@type":"EntryPoint","urlTemplate":"https:\/\/diariodepe.com.br\/cri\/?s={search_term_string}"},"query-input":{"@type":"PropertyValueSpecification","valueRequired":true,"valueName":"search_term_string"}}],"inLanguage":"pt-BR"},{"@type":"Organization","@id":"https:\/\/diariodepe.com.br\/cri\/#organization","name":"CRI e Diario de Pernambuco","url":"https:\/\/diariodepe.com.br\/cri\/","logo":{"@type":"ImageObject","inLanguage":"pt-BR","@id":"https:\/\/diariodepe.com.br\/cri\/#\/schema\/logo\/image\/","url":"https:\/\/diariodepe.com.br\/cri\/wp-content\/uploads\/sites\/2\/2022\/12\/cropped-Logo.jpg","contentUrl":"https:\/\/diariodepe.com.br\/cri\/wp-content\/uploads\/sites\/2\/2022\/12\/cropped-Logo.jpg","width":700,"height":59,"caption":"CRI e Diario de Pernambuco"},"image":{"@id":"https:\/\/diariodepe.com.br\/cri\/#\/schema\/logo\/image\/"}},{"@type":"Person","@id":"https:\/\/diariodepe.com.br\/cri\/#\/schema\/person\/e474aead631cd4098632e11d3fbce118","name":"CRI Portugu\u00eas","image":{"@type":"ImageObject","inLanguage":"pt-BR","@id":"https:\/\/secure.gravatar.com\/avatar\/e2ac889ef882d4dc53091b610766dce49106cf9fe98c76e06745abb0993b2763?s=96&d=mm&r=g","url":"https:\/\/secure.gravatar.com\/avatar\/e2ac889ef882d4dc53091b610766dce49106cf9fe98c76e06745abb0993b2763?s=96&d=mm&r=g","contentUrl":"https:\/\/secure.gravatar.com\/avatar\/e2ac889ef882d4dc53091b610766dce49106cf9fe98c76e06745abb0993b2763?s=96&d=mm&r=g","caption":"CRI Portugu\u00eas"},"sameAs":["https:\/\/www.diariodepernambuco.com.br\/"],"url":"https:\/\/diariodepe.com.br\/cri\/author\/agencia-cri\/"}]}},"cc_featured_image_caption":{"caption_text":"","source_text":"","source_url":""},"amp_enabled":true,"_links":{"self":[{"href":"https:\/\/diariodepe.com.br\/cri\/wp-json\/wp\/v2\/posts\/9597","targetHints":{"allow":["GET"]}}],"collection":[{"href":"https:\/\/diariodepe.com.br\/cri\/wp-json\/wp\/v2\/posts"}],"about":[{"href":"https:\/\/diariodepe.com.br\/cri\/wp-json\/wp\/v2\/types\/post"}],"author":[{"embeddable":true,"href":"https:\/\/diariodepe.com.br\/cri\/wp-json\/wp\/v2\/users\/5"}],"replies":[{"embeddable":true,"href":"https:\/\/diariodepe.com.br\/cri\/wp-json\/wp\/v2\/comments?post=9597"}],"version-history":[{"count":1,"href":"https:\/\/diariodepe.com.br\/cri\/wp-json\/wp\/v2\/posts\/9597\/revisions"}],"predecessor-version":[{"id":9598,"href":"https:\/\/diariodepe.com.br\/cri\/wp-json\/wp\/v2\/posts\/9597\/revisions\/9598"}],"wp:attachment":[{"href":"https:\/\/diariodepe.com.br\/cri\/wp-json\/wp\/v2\/media?parent=9597"}],"wp:term":[{"taxonomy":"category","embeddable":true,"href":"https:\/\/diariodepe.com.br\/cri\/wp-json\/wp\/v2\/categories?post=9597"},{"taxonomy":"post_tag","embeddable":true,"href":"https:\/\/diariodepe.com.br\/cri\/wp-json\/wp\/v2\/tags?post=9597"}],"curies":[{"name":"wp","href":"https:\/\/api.w.org\/{rel}","templated":true}]}}