{"id":9586,"date":"2025-09-27T22:59:02","date_gmt":"2025-09-28T01:59:02","guid":{"rendered":"https:\/\/diariodepe.com.br\/cri\/?p=9586"},"modified":"2025-09-27T22:59:02","modified_gmt":"2025-09-28T01:59:02","slug":"a-china-esta-fortemente-comprometida-com-a-governanca-climatica-global","status":"publish","type":"post","link":"https:\/\/diariodepe.com.br\/cri\/2025\/09\/27\/a-china-esta-fortemente-comprometida-com-a-governanca-climatica-global\/","title":{"rendered":"A China est\u00e1 fortemente comprometida com a governan\u00e7a clim\u00e1tica global"},"content":{"rendered":"<p>Na \u00faltima quarta-feira (24), o presidente da China,\u00a0Xi Jinping,\u00a0participou por v\u00eddeo\u00a0da\u00a0C\u00fapula das Na\u00e7\u00f5es Unidas sobre Mudan\u00e7as Clim\u00e1ticas. No discurso,\u00a0apresentou\u00a0tr\u00eas iniciativas para melhorar pol\u00edticas globais e anunciou um novo pacote de metas\u00a0de Contribui\u00e7\u00e3o Nacionalmente Determinada do pa\u00eds\u00a0\u2014\u00a0medida amplamente elogiada pela comunidade internacional.<\/p>\n<p>Entre as iniciativas, destacou-se\u00a0o\u00a0objetivo de redu\u00e7\u00e3o de emiss\u00f5es absolutas, cobrindo toda a economia e incluindo todos os gases de efeito estufa.<\/p>\n<p>Isso significa que as a\u00e7\u00f5es de pol\u00edtica clim\u00e1tica abrangem todos os setores da economia nacional.\u00a0A proposta de construir uma\u00a0&#8220;sociedade adaptada ao clima&#8221; demonstra que a China est\u00e1 promovendo ativamente a transforma\u00e7\u00e3o verde dos modos de produ\u00e7\u00e3o e de vida.<\/p>\n<p>Como a maior na\u00e7\u00e3o em desenvolvimento do mundo, com mais de 1,4 bilh\u00e3o de pessoas, a China, apoiada no avan\u00e7o consistente\u00a0para atingir suas metas de pico\u00a0e neutralidade de carbono, estabeleceu\u00a0mais um objetivo de redu\u00e7\u00e3o absoluta de emiss\u00f5es, indicando um impulso cont\u00ednuo para a\u00a0mitiga\u00e7\u00e3o\u00a0de emiss\u00f5es. Esse esfor\u00e7o\u00a0de governan\u00e7a estabelece um exemplo para o mundo e inspira enormemente a confian\u00e7a da comunidade internacional para\u00a0enfrentar os desafios das mudan\u00e7as clim\u00e1ticas.<\/p>\n<p>A transi\u00e7\u00e3o verde e de baixo carbono \u00e9 uma tend\u00eancia dos tempos. A resolu\u00e7\u00e3o do problema das mudan\u00e7as clim\u00e1ticas, em \u00faltima an\u00e1lise, depende de uma transforma\u00e7\u00e3o completa nos modos de desenvolvimento. Desde que as metas de pico\u00a0e neutralidade de carbono foram anunciadas h\u00e1 cinco anos, a China construiu o maior e mais r\u00e1pido sistema de energia renov\u00e1vel do mundo e estabeleceu a maior e mais completa cadeia industrial de energia limpa do\u00a0mundo.<\/p>\n<p>Ao mesmo tempo, a China tem apoiado ativamente a transi\u00e7\u00e3o verde da comunidade internacional. De acordo com estat\u00edsticas, desde 2016, Beijing\u00a0forneceu e mobilizou mais de 177 bilh\u00f5es de yuans\u00a0em financiamento de projetos, apoiando efetivamente outros pa\u00edses em desenvolvimento a responder \u00e0s mudan\u00e7as clim\u00e1ticas.<\/p>\n<p>A resposta \u00e0s mudan\u00e7as clim\u00e1ticas n\u00e3o \u00e9 um assunto de um \u00fanico pa\u00eds, mas requer a\u00e7\u00e3o conjunta de todas as na\u00e7\u00f5es.\u00a0O\u00a0princ\u00edpio da responsabilidade comum, por\u00e9m diferenciadas, \u00e9 a pedra angular do fortalecimento da governan\u00e7a clim\u00e1tica global.<\/p>\n<p>Independentemente das mudan\u00e7as na situa\u00e7\u00e3o internacional, as a\u00e7\u00f5es ativas da China para lidar com as mudan\u00e7as clim\u00e1ticas n\u00e3o diminuir\u00e3o. Os\u00a0esfor\u00e7os para promover a coopera\u00e7\u00e3o internacional n\u00e3o enfraquecer\u00e3o. O pa\u00eds\u00a0continuar\u00e1 a cumprir suas responsabilidades comuns, por\u00e9m diferenciadas, juntamente com todas as partes, para promover a constru\u00e7\u00e3o conjunta de um mundo limpo, belo e sustent\u00e1vel.<\/p>\n","protected":false},"excerpt":{"rendered":"<p>Na \u00faltima quarta-feira (24), o presidente da China,\u00a0Xi Jinping,\u00a0participou por v\u00eddeo\u00a0da\u00a0C\u00fapula das Na\u00e7\u00f5es Unidas sobre Mudan\u00e7as Clim\u00e1ticas. No discurso,\u00a0apresentou\u00a0tr\u00eas iniciativas para melhorar pol\u00edticas globais e anunciou um novo pacote de metas\u00a0de Contribui\u00e7\u00e3o Nacionalmente Determinada do pa\u00eds\u00a0\u2014\u00a0medida amplamente elogiada pela comunidade&#8230;<\/p>\n","protected":false},"author":5,"featured_media":9587,"comment_status":"open","ping_status":"open","sticky":false,"template":"","format":"standard","meta":{"footnotes":""},"categories":[3],"tags":[],"class_list":["post-9586","post","type-post","status-publish","format-standard","has-post-thumbnail","hentry","category-china"],"yoast_head":"<!-- This site is optimized with the Yoast SEO plugin v27.4 - https:\/\/yoast.com\/product\/yoast-seo-wordpress\/ -->\n<title>A China est\u00e1 fortemente comprometida com a governan\u00e7a clim\u00e1tica global - CRI e Diario de Pernambuco<\/title>\n<meta name=\"robots\" content=\"index, follow, max-snippet:-1, max-image-preview:large, max-video-preview:-1\" \/>\n<link rel=\"canonical\" href=\"https:\/\/diariodepe.com.br\/cri\/2025\/09\/27\/a-china-esta-fortemente-comprometida-com-a-governanca-climatica-global\/\" \/>\n<meta property=\"og:locale\" content=\"pt_BR\" \/>\n<meta property=\"og:type\" content=\"article\" \/>\n<meta property=\"og:title\" content=\"A China est\u00e1 fortemente comprometida com a governan\u00e7a clim\u00e1tica global - CRI e Diario de Pernambuco\" \/>\n<meta property=\"og:description\" content=\"Na \u00faltima quarta-feira (24), o presidente da China,\u00a0Xi Jinping,\u00a0participou por v\u00eddeo\u00a0da\u00a0C\u00fapula das Na\u00e7\u00f5es Unidas sobre Mudan\u00e7as Clim\u00e1ticas. No discurso,\u00a0apresentou\u00a0tr\u00eas iniciativas para melhorar pol\u00edticas globais e anunciou um novo pacote de metas\u00a0de Contribui\u00e7\u00e3o Nacionalmente Determinada do pa\u00eds\u00a0\u2014\u00a0medida amplamente elogiada pela comunidade...\" \/>\n<meta property=\"og:url\" content=\"https:\/\/diariodepe.com.br\/cri\/2025\/09\/27\/a-china-esta-fortemente-comprometida-com-a-governanca-climatica-global\/\" \/>\n<meta property=\"og:site_name\" content=\"CRI e Diario de Pernambuco\" \/>\n<meta property=\"article:published_time\" content=\"2025-09-28T01:59:02+00:00\" \/>\n<meta property=\"og:image\" content=\"https:\/\/diariodepe.com.br\/cri\/wp-content\/uploads\/sites\/2\/2025\/09\/IMG_9609.png\" \/>\n\t<meta property=\"og:image:width\" content=\"698\" \/>\n\t<meta property=\"og:image:height\" content=\"443\" \/>\n\t<meta property=\"og:image:type\" content=\"image\/png\" \/>\n<meta name=\"author\" content=\"CRI Portugu\u00eas\" \/>\n<meta name=\"twitter:card\" content=\"summary_large_image\" \/>\n<meta name=\"twitter:label1\" content=\"Escrito por\" \/>\n\t<meta name=\"twitter:data1\" content=\"CRI Portugu\u00eas\" \/>\n\t<meta name=\"twitter:label2\" content=\"Est. tempo de leitura\" \/>\n\t<meta name=\"twitter:data2\" content=\"3 minutos\" \/>\n<script type=\"application\/ld+json\" class=\"yoast-schema-graph\">{\"@context\":\"https:\\\/\\\/schema.org\",\"@graph\":[{\"@type\":\"Article\",\"@id\":\"https:\\\/\\\/diariodepe.com.br\\\/cri\\\/2025\\\/09\\\/27\\\/a-china-esta-fortemente-comprometida-com-a-governanca-climatica-global\\\/#article\",\"isPartOf\":{\"@id\":\"https:\\\/\\\/diariodepe.com.br\\\/cri\\\/2025\\\/09\\\/27\\\/a-china-esta-fortemente-comprometida-com-a-governanca-climatica-global\\\/\"},\"author\":{\"name\":\"CRI Portugu\u00eas\",\"@id\":\"https:\\\/\\\/diariodepe.com.br\\\/cri\\\/#\\\/schema\\\/person\\\/e474aead631cd4098632e11d3fbce118\"},\"headline\":\"A China est\u00e1 fortemente comprometida com a governan\u00e7a clim\u00e1tica global\",\"datePublished\":\"2025-09-28T01:59:02+00:00\",\"mainEntityOfPage\":{\"@id\":\"https:\\\/\\\/diariodepe.com.br\\\/cri\\\/2025\\\/09\\\/27\\\/a-china-esta-fortemente-comprometida-com-a-governanca-climatica-global\\\/\"},\"wordCount\":473,\"commentCount\":0,\"publisher\":{\"@id\":\"https:\\\/\\\/diariodepe.com.br\\\/cri\\\/#organization\"},\"image\":{\"@id\":\"https:\\\/\\\/diariodepe.com.br\\\/cri\\\/2025\\\/09\\\/27\\\/a-china-esta-fortemente-comprometida-com-a-governanca-climatica-global\\\/#primaryimage\"},\"thumbnailUrl\":\"https:\\\/\\\/diariodepe.com.br\\\/cri\\\/wp-content\\\/uploads\\\/sites\\\/2\\\/2025\\\/09\\\/IMG_9609.png\",\"articleSection\":[\"China\"],\"inLanguage\":\"pt-BR\",\"potentialAction\":[{\"@type\":\"CommentAction\",\"name\":\"Comment\",\"target\":[\"https:\\\/\\\/diariodepe.com.br\\\/cri\\\/2025\\\/09\\\/27\\\/a-china-esta-fortemente-comprometida-com-a-governanca-climatica-global\\\/#respond\"]}]},{\"@type\":\"WebPage\",\"@id\":\"https:\\\/\\\/diariodepe.com.br\\\/cri\\\/2025\\\/09\\\/27\\\/a-china-esta-fortemente-comprometida-com-a-governanca-climatica-global\\\/\",\"url\":\"https:\\\/\\\/diariodepe.com.br\\\/cri\\\/2025\\\/09\\\/27\\\/a-china-esta-fortemente-comprometida-com-a-governanca-climatica-global\\\/\",\"name\":\"A China est\u00e1 fortemente comprometida com a governan\u00e7a clim\u00e1tica global - CRI e Diario de Pernambuco\",\"isPartOf\":{\"@id\":\"https:\\\/\\\/diariodepe.com.br\\\/cri\\\/#website\"},\"primaryImageOfPage\":{\"@id\":\"https:\\\/\\\/diariodepe.com.br\\\/cri\\\/2025\\\/09\\\/27\\\/a-china-esta-fortemente-comprometida-com-a-governanca-climatica-global\\\/#primaryimage\"},\"image\":{\"@id\":\"https:\\\/\\\/diariodepe.com.br\\\/cri\\\/2025\\\/09\\\/27\\\/a-china-esta-fortemente-comprometida-com-a-governanca-climatica-global\\\/#primaryimage\"},\"thumbnailUrl\":\"https:\\\/\\\/diariodepe.com.br\\\/cri\\\/wp-content\\\/uploads\\\/sites\\\/2\\\/2025\\\/09\\\/IMG_9609.png\",\"datePublished\":\"2025-09-28T01:59:02+00:00\",\"breadcrumb\":{\"@id\":\"https:\\\/\\\/diariodepe.com.br\\\/cri\\\/2025\\\/09\\\/27\\\/a-china-esta-fortemente-comprometida-com-a-governanca-climatica-global\\\/#breadcrumb\"},\"inLanguage\":\"pt-BR\",\"potentialAction\":[{\"@type\":\"ReadAction\",\"target\":[\"https:\\\/\\\/diariodepe.com.br\\\/cri\\\/2025\\\/09\\\/27\\\/a-china-esta-fortemente-comprometida-com-a-governanca-climatica-global\\\/\"]}]},{\"@type\":\"ImageObject\",\"inLanguage\":\"pt-BR\",\"@id\":\"https:\\\/\\\/diariodepe.com.br\\\/cri\\\/2025\\\/09\\\/27\\\/a-china-esta-fortemente-comprometida-com-a-governanca-climatica-global\\\/#primaryimage\",\"url\":\"https:\\\/\\\/diariodepe.com.br\\\/cri\\\/wp-content\\\/uploads\\\/sites\\\/2\\\/2025\\\/09\\\/IMG_9609.png\",\"contentUrl\":\"https:\\\/\\\/diariodepe.com.br\\\/cri\\\/wp-content\\\/uploads\\\/sites\\\/2\\\/2025\\\/09\\\/IMG_9609.png\",\"width\":698,\"height\":443},{\"@type\":\"BreadcrumbList\",\"@id\":\"https:\\\/\\\/diariodepe.com.br\\\/cri\\\/2025\\\/09\\\/27\\\/a-china-esta-fortemente-comprometida-com-a-governanca-climatica-global\\\/#breadcrumb\",\"itemListElement\":[{\"@type\":\"ListItem\",\"position\":1,\"name\":\"In\u00edcio\",\"item\":\"https:\\\/\\\/diariodepe.com.br\\\/cri\\\/\"},{\"@type\":\"ListItem\",\"position\":2,\"name\":\"A China est\u00e1 fortemente comprometida com a governan\u00e7a clim\u00e1tica global\"}]},{\"@type\":\"WebSite\",\"@id\":\"https:\\\/\\\/diariodepe.com.br\\\/cri\\\/#website\",\"url\":\"https:\\\/\\\/diariodepe.com.br\\\/cri\\\/\",\"name\":\"CRI e Diario de Pernambuco\",\"description\":\"R\u00e1dio Internacional da China\",\"publisher\":{\"@id\":\"https:\\\/\\\/diariodepe.com.br\\\/cri\\\/#organization\"},\"potentialAction\":[{\"@type\":\"SearchAction\",\"target\":{\"@type\":\"EntryPoint\",\"urlTemplate\":\"https:\\\/\\\/diariodepe.com.br\\\/cri\\\/?s={search_term_string}\"},\"query-input\":{\"@type\":\"PropertyValueSpecification\",\"valueRequired\":true,\"valueName\":\"search_term_string\"}}],\"inLanguage\":\"pt-BR\"},{\"@type\":\"Organization\",\"@id\":\"https:\\\/\\\/diariodepe.com.br\\\/cri\\\/#organization\",\"name\":\"CRI e Diario de Pernambuco\",\"url\":\"https:\\\/\\\/diariodepe.com.br\\\/cri\\\/\",\"logo\":{\"@type\":\"ImageObject\",\"inLanguage\":\"pt-BR\",\"@id\":\"https:\\\/\\\/diariodepe.com.br\\\/cri\\\/#\\\/schema\\\/logo\\\/image\\\/\",\"url\":\"https:\\\/\\\/diariodepe.com.br\\\/cri\\\/wp-content\\\/uploads\\\/sites\\\/2\\\/2022\\\/12\\\/cropped-Logo.jpg\",\"contentUrl\":\"https:\\\/\\\/diariodepe.com.br\\\/cri\\\/wp-content\\\/uploads\\\/sites\\\/2\\\/2022\\\/12\\\/cropped-Logo.jpg\",\"width\":700,\"height\":59,\"caption\":\"CRI e Diario de Pernambuco\"},\"image\":{\"@id\":\"https:\\\/\\\/diariodepe.com.br\\\/cri\\\/#\\\/schema\\\/logo\\\/image\\\/\"}},{\"@type\":\"Person\",\"@id\":\"https:\\\/\\\/diariodepe.com.br\\\/cri\\\/#\\\/schema\\\/person\\\/e474aead631cd4098632e11d3fbce118\",\"name\":\"CRI Portugu\u00eas\",\"image\":{\"@type\":\"ImageObject\",\"inLanguage\":\"pt-BR\",\"@id\":\"https:\\\/\\\/secure.gravatar.com\\\/avatar\\\/e2ac889ef882d4dc53091b610766dce49106cf9fe98c76e06745abb0993b2763?s=96&d=mm&r=g\",\"url\":\"https:\\\/\\\/secure.gravatar.com\\\/avatar\\\/e2ac889ef882d4dc53091b610766dce49106cf9fe98c76e06745abb0993b2763?s=96&d=mm&r=g\",\"contentUrl\":\"https:\\\/\\\/secure.gravatar.com\\\/avatar\\\/e2ac889ef882d4dc53091b610766dce49106cf9fe98c76e06745abb0993b2763?s=96&d=mm&r=g\",\"caption\":\"CRI Portugu\u00eas\"},\"sameAs\":[\"https:\\\/\\\/www.diariodepernambuco.com.br\\\/\"],\"url\":\"https:\\\/\\\/diariodepe.com.br\\\/cri\\\/author\\\/agencia-cri\\\/\"}]}<\/script>\n<!-- \/ Yoast SEO plugin. -->","yoast_head_json":{"title":"A China est\u00e1 fortemente comprometida com a governan\u00e7a clim\u00e1tica global - CRI e Diario de Pernambuco","robots":{"index":"index","follow":"follow","max-snippet":"max-snippet:-1","max-image-preview":"max-image-preview:large","max-video-preview":"max-video-preview:-1"},"canonical":"https:\/\/diariodepe.com.br\/cri\/2025\/09\/27\/a-china-esta-fortemente-comprometida-com-a-governanca-climatica-global\/","og_locale":"pt_BR","og_type":"article","og_title":"A China est\u00e1 fortemente comprometida com a governan\u00e7a clim\u00e1tica global - CRI e Diario de Pernambuco","og_description":"Na \u00faltima quarta-feira (24), o presidente da China,\u00a0Xi Jinping,\u00a0participou por v\u00eddeo\u00a0da\u00a0C\u00fapula das Na\u00e7\u00f5es Unidas sobre Mudan\u00e7as Clim\u00e1ticas. No discurso,\u00a0apresentou\u00a0tr\u00eas iniciativas para melhorar pol\u00edticas globais e anunciou um novo pacote de metas\u00a0de Contribui\u00e7\u00e3o Nacionalmente Determinada do pa\u00eds\u00a0\u2014\u00a0medida amplamente elogiada pela comunidade...","og_url":"https:\/\/diariodepe.com.br\/cri\/2025\/09\/27\/a-china-esta-fortemente-comprometida-com-a-governanca-climatica-global\/","og_site_name":"CRI e Diario de Pernambuco","article_published_time":"2025-09-28T01:59:02+00:00","og_image":[{"width":698,"height":443,"url":"https:\/\/diariodepe.com.br\/cri\/wp-content\/uploads\/sites\/2\/2025\/09\/IMG_9609.png","type":"image\/png"}],"author":"CRI Portugu\u00eas","twitter_card":"summary_large_image","twitter_misc":{"Escrito por":"CRI Portugu\u00eas","Est. tempo de leitura":"3 minutos"},"schema":{"@context":"https:\/\/schema.org","@graph":[{"@type":"Article","@id":"https:\/\/diariodepe.com.br\/cri\/2025\/09\/27\/a-china-esta-fortemente-comprometida-com-a-governanca-climatica-global\/#article","isPartOf":{"@id":"https:\/\/diariodepe.com.br\/cri\/2025\/09\/27\/a-china-esta-fortemente-comprometida-com-a-governanca-climatica-global\/"},"author":{"name":"CRI Portugu\u00eas","@id":"https:\/\/diariodepe.com.br\/cri\/#\/schema\/person\/e474aead631cd4098632e11d3fbce118"},"headline":"A China est\u00e1 fortemente comprometida com a governan\u00e7a clim\u00e1tica global","datePublished":"2025-09-28T01:59:02+00:00","mainEntityOfPage":{"@id":"https:\/\/diariodepe.com.br\/cri\/2025\/09\/27\/a-china-esta-fortemente-comprometida-com-a-governanca-climatica-global\/"},"wordCount":473,"commentCount":0,"publisher":{"@id":"https:\/\/diariodepe.com.br\/cri\/#organization"},"image":{"@id":"https:\/\/diariodepe.com.br\/cri\/2025\/09\/27\/a-china-esta-fortemente-comprometida-com-a-governanca-climatica-global\/#primaryimage"},"thumbnailUrl":"https:\/\/diariodepe.com.br\/cri\/wp-content\/uploads\/sites\/2\/2025\/09\/IMG_9609.png","articleSection":["China"],"inLanguage":"pt-BR","potentialAction":[{"@type":"CommentAction","name":"Comment","target":["https:\/\/diariodepe.com.br\/cri\/2025\/09\/27\/a-china-esta-fortemente-comprometida-com-a-governanca-climatica-global\/#respond"]}]},{"@type":"WebPage","@id":"https:\/\/diariodepe.com.br\/cri\/2025\/09\/27\/a-china-esta-fortemente-comprometida-com-a-governanca-climatica-global\/","url":"https:\/\/diariodepe.com.br\/cri\/2025\/09\/27\/a-china-esta-fortemente-comprometida-com-a-governanca-climatica-global\/","name":"A China est\u00e1 fortemente comprometida com a governan\u00e7a clim\u00e1tica global - CRI e Diario de Pernambuco","isPartOf":{"@id":"https:\/\/diariodepe.com.br\/cri\/#website"},"primaryImageOfPage":{"@id":"https:\/\/diariodepe.com.br\/cri\/2025\/09\/27\/a-china-esta-fortemente-comprometida-com-a-governanca-climatica-global\/#primaryimage"},"image":{"@id":"https:\/\/diariodepe.com.br\/cri\/2025\/09\/27\/a-china-esta-fortemente-comprometida-com-a-governanca-climatica-global\/#primaryimage"},"thumbnailUrl":"https:\/\/diariodepe.com.br\/cri\/wp-content\/uploads\/sites\/2\/2025\/09\/IMG_9609.png","datePublished":"2025-09-28T01:59:02+00:00","breadcrumb":{"@id":"https:\/\/diariodepe.com.br\/cri\/2025\/09\/27\/a-china-esta-fortemente-comprometida-com-a-governanca-climatica-global\/#breadcrumb"},"inLanguage":"pt-BR","potentialAction":[{"@type":"ReadAction","target":["https:\/\/diariodepe.com.br\/cri\/2025\/09\/27\/a-china-esta-fortemente-comprometida-com-a-governanca-climatica-global\/"]}]},{"@type":"ImageObject","inLanguage":"pt-BR","@id":"https:\/\/diariodepe.com.br\/cri\/2025\/09\/27\/a-china-esta-fortemente-comprometida-com-a-governanca-climatica-global\/#primaryimage","url":"https:\/\/diariodepe.com.br\/cri\/wp-content\/uploads\/sites\/2\/2025\/09\/IMG_9609.png","contentUrl":"https:\/\/diariodepe.com.br\/cri\/wp-content\/uploads\/sites\/2\/2025\/09\/IMG_9609.png","width":698,"height":443},{"@type":"BreadcrumbList","@id":"https:\/\/diariodepe.com.br\/cri\/2025\/09\/27\/a-china-esta-fortemente-comprometida-com-a-governanca-climatica-global\/#breadcrumb","itemListElement":[{"@type":"ListItem","position":1,"name":"In\u00edcio","item":"https:\/\/diariodepe.com.br\/cri\/"},{"@type":"ListItem","position":2,"name":"A China est\u00e1 fortemente comprometida com a governan\u00e7a clim\u00e1tica global"}]},{"@type":"WebSite","@id":"https:\/\/diariodepe.com.br\/cri\/#website","url":"https:\/\/diariodepe.com.br\/cri\/","name":"CRI e Diario de Pernambuco","description":"R\u00e1dio Internacional da China","publisher":{"@id":"https:\/\/diariodepe.com.br\/cri\/#organization"},"potentialAction":[{"@type":"SearchAction","target":{"@type":"EntryPoint","urlTemplate":"https:\/\/diariodepe.com.br\/cri\/?s={search_term_string}"},"query-input":{"@type":"PropertyValueSpecification","valueRequired":true,"valueName":"search_term_string"}}],"inLanguage":"pt-BR"},{"@type":"Organization","@id":"https:\/\/diariodepe.com.br\/cri\/#organization","name":"CRI e Diario de Pernambuco","url":"https:\/\/diariodepe.com.br\/cri\/","logo":{"@type":"ImageObject","inLanguage":"pt-BR","@id":"https:\/\/diariodepe.com.br\/cri\/#\/schema\/logo\/image\/","url":"https:\/\/diariodepe.com.br\/cri\/wp-content\/uploads\/sites\/2\/2022\/12\/cropped-Logo.jpg","contentUrl":"https:\/\/diariodepe.com.br\/cri\/wp-content\/uploads\/sites\/2\/2022\/12\/cropped-Logo.jpg","width":700,"height":59,"caption":"CRI e Diario de Pernambuco"},"image":{"@id":"https:\/\/diariodepe.com.br\/cri\/#\/schema\/logo\/image\/"}},{"@type":"Person","@id":"https:\/\/diariodepe.com.br\/cri\/#\/schema\/person\/e474aead631cd4098632e11d3fbce118","name":"CRI Portugu\u00eas","image":{"@type":"ImageObject","inLanguage":"pt-BR","@id":"https:\/\/secure.gravatar.com\/avatar\/e2ac889ef882d4dc53091b610766dce49106cf9fe98c76e06745abb0993b2763?s=96&d=mm&r=g","url":"https:\/\/secure.gravatar.com\/avatar\/e2ac889ef882d4dc53091b610766dce49106cf9fe98c76e06745abb0993b2763?s=96&d=mm&r=g","contentUrl":"https:\/\/secure.gravatar.com\/avatar\/e2ac889ef882d4dc53091b610766dce49106cf9fe98c76e06745abb0993b2763?s=96&d=mm&r=g","caption":"CRI Portugu\u00eas"},"sameAs":["https:\/\/www.diariodepernambuco.com.br\/"],"url":"https:\/\/diariodepe.com.br\/cri\/author\/agencia-cri\/"}]}},"cc_featured_image_caption":{"caption_text":"","source_text":"","source_url":""},"amp_enabled":true,"_links":{"self":[{"href":"https:\/\/diariodepe.com.br\/cri\/wp-json\/wp\/v2\/posts\/9586","targetHints":{"allow":["GET"]}}],"collection":[{"href":"https:\/\/diariodepe.com.br\/cri\/wp-json\/wp\/v2\/posts"}],"about":[{"href":"https:\/\/diariodepe.com.br\/cri\/wp-json\/wp\/v2\/types\/post"}],"author":[{"embeddable":true,"href":"https:\/\/diariodepe.com.br\/cri\/wp-json\/wp\/v2\/users\/5"}],"replies":[{"embeddable":true,"href":"https:\/\/diariodepe.com.br\/cri\/wp-json\/wp\/v2\/comments?post=9586"}],"version-history":[{"count":1,"href":"https:\/\/diariodepe.com.br\/cri\/wp-json\/wp\/v2\/posts\/9586\/revisions"}],"predecessor-version":[{"id":9588,"href":"https:\/\/diariodepe.com.br\/cri\/wp-json\/wp\/v2\/posts\/9586\/revisions\/9588"}],"wp:featuredmedia":[{"embeddable":true,"href":"https:\/\/diariodepe.com.br\/cri\/wp-json\/wp\/v2\/media\/9587"}],"wp:attachment":[{"href":"https:\/\/diariodepe.com.br\/cri\/wp-json\/wp\/v2\/media?parent=9586"}],"wp:term":[{"taxonomy":"category","embeddable":true,"href":"https:\/\/diariodepe.com.br\/cri\/wp-json\/wp\/v2\/categories?post=9586"},{"taxonomy":"post_tag","embeddable":true,"href":"https:\/\/diariodepe.com.br\/cri\/wp-json\/wp\/v2\/tags?post=9586"}],"curies":[{"name":"wp","href":"https:\/\/api.w.org\/{rel}","templated":true}]}}