{"id":9554,"date":"2025-09-25T06:34:57","date_gmt":"2025-09-25T09:34:57","guid":{"rendered":"https:\/\/diariodepe.com.br\/cri\/?p=9554"},"modified":"2025-09-25T15:43:06","modified_gmt":"2025-09-25T18:43:06","slug":"xi-jinping-participa-da-reuniao-comemorativa-do-70o-aniversario-da-regiao-autonoma-uigur-de-xinjiang-atualizado","status":"publish","type":"post","link":"https:\/\/diariodepe.com.br\/cri\/2025\/09\/25\/xi-jinping-participa-da-reuniao-comemorativa-do-70o-aniversario-da-regiao-autonoma-uigur-de-xinjiang-atualizado\/","title":{"rendered":"Xi Jinping participa da Reuni\u00e3o Comemorativa do 70\u00ba anivers\u00e1rio da Regi\u00e3o Aut\u00f4noma Uigur de Xinjiang (atualizado)"},"content":{"rendered":"<div class=\"detailContent\" data-v-6a32acc9=\"\">\n<div class=\"pc\" data-v-9cf1b08a=\"\" data-v-6a32acc9=\"\">\n<div id=\"detailContent\" class=\"pc\" data-v-9cf1b08a=\"\">\n<p>O presidente chin\u00eas, Xi Jinping, participou na manh\u00e3 desta quinta-feira (25), em Urumqi, da Grande Reuni\u00e3o Comemorativa do 70\u00ba Anivers\u00e1rio da Funda\u00e7\u00e3o da Regi\u00e3o Aut\u00f4noma Uigur de Xinjiang, ao lado de representantes de todas as etnias e de diversos setores da sociedade local.<\/p>\n<p>O membro do Bir\u00f4 Pol\u00edtico do Comit\u00ea Central do Partido Comunista da China (PCCh), chefe do Departamento da Frente Unida do Comit\u00ea Central do PCCh e vice-chefe da Delega\u00e7\u00e3o Central, Li Ganjie, leu a carta de congratula\u00e7\u00f5es enviada pelo Comit\u00ea Central do PCCh, Comit\u00ea Permanente da Assembleia Popular Nacional, Conselho de Estado, Comit\u00ea Nacional da Confer\u00eancia Consultiva Pol\u00edtica do Povo Chin\u00eas (CCPPCh) e pela Comiss\u00e3o Militar Central.<\/p>\n<p>Em seu discurso proferido na ocasi\u00e3o, o membro do Comit\u00ea Permanente do Bir\u00f4 Pol\u00edtico do Comit\u00ea Central do PCCh, presidente do Comit\u00ea Nacional da CCPPCh e chefe da Delega\u00e7\u00e3o Central, Wang Huning, lembrou que,\u00a070 anos atr\u00e1s, sob\u00a0o apoio\u00a0do Comit\u00ea Central do PCCh e\u00a0\u00e0 luz\u00a0da pol\u00edtica \u00e9tnica do Partido, a Regi\u00e3o Aut\u00f4noma Uigur de Xinjiang foi fundada. Segundo ele, nas \u00faltimas sete d\u00e9cadas, os povos de todas as etnias de Xinjiang alcan\u00e7aram grandes vit\u00f3rias na revolu\u00e7\u00e3o e\u00a0na\u00a0constru\u00e7\u00e3o socialistas, bem como na reforma e abertura, sob a lideran\u00e7a do PCCh.<\/p>\n<p>Wang Huning\u00a0destacou que os \u00eaxitos de Xinjiang\u00a0demonstram\u00a0plenamente as vantagens da lideran\u00e7a do Partido e do sistema socialista,\u00a0reafirmando\u00a0que as estrat\u00e9gias do Partido\u00a0para a\u00a0administra\u00e7\u00e3o de Xinjiang na nova era s\u00e3o\u00a0absolutamente\u00a0corretas.<\/p>\n<p>Wang Huning enfatizou que, neste novo ponto de partida hist\u00f3rico, todos devem\u00a0persistir\u00a0no\u00a0Pensamento de Xi Jinping sobre o Socialismo com Caracter\u00edsticas Chinesas para a Nova Era e aplicar integralmente as diretrizes do Partido para construir uma\u00a0Xinjiang\u00a0socialista moderna,\u00a0unida\u00a0e harmoniosa, pr\u00f3spera\u00a0e rica, civilizada\u00a0e avan\u00e7ada, com boa qualidade de vida\u00a0e um meio ambiente saud\u00e1vel.<\/p>\n<\/div>\n<\/div>\n<\/div>\n","protected":false},"excerpt":{"rendered":"<p>O presidente chin\u00eas, Xi Jinping, participou na manh\u00e3 desta quinta-feira (25), em Urumqi, da Grande Reuni\u00e3o Comemorativa do 70\u00ba Anivers\u00e1rio da Funda\u00e7\u00e3o da Regi\u00e3o Aut\u00f4noma Uigur de Xinjiang, ao lado de representantes de todas as etnias e de diversos setores&#8230;<\/p>\n","protected":false},"author":5,"featured_media":0,"comment_status":"open","ping_status":"open","sticky":false,"template":"","format":"standard","meta":{"footnotes":""},"categories":[3],"tags":[],"class_list":["post-9554","post","type-post","status-publish","format-standard","hentry","category-china"],"yoast_head":"<!-- This site is optimized with the Yoast SEO plugin v27.4 - https:\/\/yoast.com\/product\/yoast-seo-wordpress\/ -->\n<title>Xi Jinping participa da Reuni\u00e3o Comemorativa do 70\u00ba anivers\u00e1rio da Regi\u00e3o Aut\u00f4noma Uigur de Xinjiang (atualizado) - CRI e Diario de Pernambuco<\/title>\n<meta name=\"robots\" content=\"index, follow, max-snippet:-1, max-image-preview:large, max-video-preview:-1\" \/>\n<link rel=\"canonical\" href=\"https:\/\/diariodepe.com.br\/cri\/2025\/09\/25\/xi-jinping-participa-da-reuniao-comemorativa-do-70o-aniversario-da-regiao-autonoma-uigur-de-xinjiang-atualizado\/\" \/>\n<meta property=\"og:locale\" content=\"pt_BR\" \/>\n<meta property=\"og:type\" content=\"article\" \/>\n<meta property=\"og:title\" content=\"Xi Jinping participa da Reuni\u00e3o Comemorativa do 70\u00ba anivers\u00e1rio da Regi\u00e3o Aut\u00f4noma Uigur de Xinjiang (atualizado) - CRI e Diario de Pernambuco\" \/>\n<meta property=\"og:description\" content=\"O presidente chin\u00eas, Xi Jinping, participou na manh\u00e3 desta quinta-feira (25), em Urumqi, da Grande Reuni\u00e3o Comemorativa do 70\u00ba Anivers\u00e1rio da Funda\u00e7\u00e3o da Regi\u00e3o Aut\u00f4noma Uigur de Xinjiang, ao lado de representantes de todas as etnias e de diversos setores...\" \/>\n<meta property=\"og:url\" content=\"https:\/\/diariodepe.com.br\/cri\/2025\/09\/25\/xi-jinping-participa-da-reuniao-comemorativa-do-70o-aniversario-da-regiao-autonoma-uigur-de-xinjiang-atualizado\/\" \/>\n<meta property=\"og:site_name\" content=\"CRI e Diario de Pernambuco\" \/>\n<meta property=\"article:published_time\" content=\"2025-09-25T09:34:57+00:00\" \/>\n<meta property=\"article:modified_time\" content=\"2025-09-25T18:43:06+00:00\" \/>\n<meta name=\"author\" content=\"CRI Portugu\u00eas\" \/>\n<meta name=\"twitter:card\" content=\"summary_large_image\" \/>\n<meta name=\"twitter:label1\" content=\"Escrito por\" \/>\n\t<meta name=\"twitter:data1\" content=\"CRI Portugu\u00eas\" \/>\n\t<meta name=\"twitter:label2\" content=\"Est. tempo de leitura\" \/>\n\t<meta name=\"twitter:data2\" content=\"2 minutos\" \/>\n<script type=\"application\/ld+json\" class=\"yoast-schema-graph\">{\"@context\":\"https:\\\/\\\/schema.org\",\"@graph\":[{\"@type\":\"Article\",\"@id\":\"https:\\\/\\\/diariodepe.com.br\\\/cri\\\/2025\\\/09\\\/25\\\/xi-jinping-participa-da-reuniao-comemorativa-do-70o-aniversario-da-regiao-autonoma-uigur-de-xinjiang-atualizado\\\/#article\",\"isPartOf\":{\"@id\":\"https:\\\/\\\/diariodepe.com.br\\\/cri\\\/2025\\\/09\\\/25\\\/xi-jinping-participa-da-reuniao-comemorativa-do-70o-aniversario-da-regiao-autonoma-uigur-de-xinjiang-atualizado\\\/\"},\"author\":{\"name\":\"CRI Portugu\u00eas\",\"@id\":\"https:\\\/\\\/diariodepe.com.br\\\/cri\\\/#\\\/schema\\\/person\\\/e474aead631cd4098632e11d3fbce118\"},\"headline\":\"Xi Jinping participa da Reuni\u00e3o Comemorativa do 70\u00ba anivers\u00e1rio da Regi\u00e3o Aut\u00f4noma Uigur de Xinjiang (atualizado)\",\"datePublished\":\"2025-09-25T09:34:57+00:00\",\"dateModified\":\"2025-09-25T18:43:06+00:00\",\"mainEntityOfPage\":{\"@id\":\"https:\\\/\\\/diariodepe.com.br\\\/cri\\\/2025\\\/09\\\/25\\\/xi-jinping-participa-da-reuniao-comemorativa-do-70o-aniversario-da-regiao-autonoma-uigur-de-xinjiang-atualizado\\\/\"},\"wordCount\":352,\"commentCount\":0,\"publisher\":{\"@id\":\"https:\\\/\\\/diariodepe.com.br\\\/cri\\\/#organization\"},\"articleSection\":[\"China\"],\"inLanguage\":\"pt-BR\",\"potentialAction\":[{\"@type\":\"CommentAction\",\"name\":\"Comment\",\"target\":[\"https:\\\/\\\/diariodepe.com.br\\\/cri\\\/2025\\\/09\\\/25\\\/xi-jinping-participa-da-reuniao-comemorativa-do-70o-aniversario-da-regiao-autonoma-uigur-de-xinjiang-atualizado\\\/#respond\"]}]},{\"@type\":\"WebPage\",\"@id\":\"https:\\\/\\\/diariodepe.com.br\\\/cri\\\/2025\\\/09\\\/25\\\/xi-jinping-participa-da-reuniao-comemorativa-do-70o-aniversario-da-regiao-autonoma-uigur-de-xinjiang-atualizado\\\/\",\"url\":\"https:\\\/\\\/diariodepe.com.br\\\/cri\\\/2025\\\/09\\\/25\\\/xi-jinping-participa-da-reuniao-comemorativa-do-70o-aniversario-da-regiao-autonoma-uigur-de-xinjiang-atualizado\\\/\",\"name\":\"Xi Jinping participa da Reuni\u00e3o Comemorativa do 70\u00ba anivers\u00e1rio da Regi\u00e3o Aut\u00f4noma Uigur de Xinjiang (atualizado) - CRI e Diario de Pernambuco\",\"isPartOf\":{\"@id\":\"https:\\\/\\\/diariodepe.com.br\\\/cri\\\/#website\"},\"datePublished\":\"2025-09-25T09:34:57+00:00\",\"dateModified\":\"2025-09-25T18:43:06+00:00\",\"breadcrumb\":{\"@id\":\"https:\\\/\\\/diariodepe.com.br\\\/cri\\\/2025\\\/09\\\/25\\\/xi-jinping-participa-da-reuniao-comemorativa-do-70o-aniversario-da-regiao-autonoma-uigur-de-xinjiang-atualizado\\\/#breadcrumb\"},\"inLanguage\":\"pt-BR\",\"potentialAction\":[{\"@type\":\"ReadAction\",\"target\":[\"https:\\\/\\\/diariodepe.com.br\\\/cri\\\/2025\\\/09\\\/25\\\/xi-jinping-participa-da-reuniao-comemorativa-do-70o-aniversario-da-regiao-autonoma-uigur-de-xinjiang-atualizado\\\/\"]}]},{\"@type\":\"BreadcrumbList\",\"@id\":\"https:\\\/\\\/diariodepe.com.br\\\/cri\\\/2025\\\/09\\\/25\\\/xi-jinping-participa-da-reuniao-comemorativa-do-70o-aniversario-da-regiao-autonoma-uigur-de-xinjiang-atualizado\\\/#breadcrumb\",\"itemListElement\":[{\"@type\":\"ListItem\",\"position\":1,\"name\":\"In\u00edcio\",\"item\":\"https:\\\/\\\/diariodepe.com.br\\\/cri\\\/\"},{\"@type\":\"ListItem\",\"position\":2,\"name\":\"Xi Jinping participa da Reuni\u00e3o Comemorativa do 70\u00ba anivers\u00e1rio da Regi\u00e3o Aut\u00f4noma Uigur de Xinjiang (atualizado)\"}]},{\"@type\":\"WebSite\",\"@id\":\"https:\\\/\\\/diariodepe.com.br\\\/cri\\\/#website\",\"url\":\"https:\\\/\\\/diariodepe.com.br\\\/cri\\\/\",\"name\":\"CRI e Diario de Pernambuco\",\"description\":\"R\u00e1dio Internacional da China\",\"publisher\":{\"@id\":\"https:\\\/\\\/diariodepe.com.br\\\/cri\\\/#organization\"},\"potentialAction\":[{\"@type\":\"SearchAction\",\"target\":{\"@type\":\"EntryPoint\",\"urlTemplate\":\"https:\\\/\\\/diariodepe.com.br\\\/cri\\\/?s={search_term_string}\"},\"query-input\":{\"@type\":\"PropertyValueSpecification\",\"valueRequired\":true,\"valueName\":\"search_term_string\"}}],\"inLanguage\":\"pt-BR\"},{\"@type\":\"Organization\",\"@id\":\"https:\\\/\\\/diariodepe.com.br\\\/cri\\\/#organization\",\"name\":\"CRI e Diario de Pernambuco\",\"url\":\"https:\\\/\\\/diariodepe.com.br\\\/cri\\\/\",\"logo\":{\"@type\":\"ImageObject\",\"inLanguage\":\"pt-BR\",\"@id\":\"https:\\\/\\\/diariodepe.com.br\\\/cri\\\/#\\\/schema\\\/logo\\\/image\\\/\",\"url\":\"https:\\\/\\\/diariodepe.com.br\\\/cri\\\/wp-content\\\/uploads\\\/sites\\\/2\\\/2022\\\/12\\\/cropped-Logo.jpg\",\"contentUrl\":\"https:\\\/\\\/diariodepe.com.br\\\/cri\\\/wp-content\\\/uploads\\\/sites\\\/2\\\/2022\\\/12\\\/cropped-Logo.jpg\",\"width\":700,\"height\":59,\"caption\":\"CRI e Diario de Pernambuco\"},\"image\":{\"@id\":\"https:\\\/\\\/diariodepe.com.br\\\/cri\\\/#\\\/schema\\\/logo\\\/image\\\/\"}},{\"@type\":\"Person\",\"@id\":\"https:\\\/\\\/diariodepe.com.br\\\/cri\\\/#\\\/schema\\\/person\\\/e474aead631cd4098632e11d3fbce118\",\"name\":\"CRI Portugu\u00eas\",\"image\":{\"@type\":\"ImageObject\",\"inLanguage\":\"pt-BR\",\"@id\":\"https:\\\/\\\/secure.gravatar.com\\\/avatar\\\/e2ac889ef882d4dc53091b610766dce49106cf9fe98c76e06745abb0993b2763?s=96&d=mm&r=g\",\"url\":\"https:\\\/\\\/secure.gravatar.com\\\/avatar\\\/e2ac889ef882d4dc53091b610766dce49106cf9fe98c76e06745abb0993b2763?s=96&d=mm&r=g\",\"contentUrl\":\"https:\\\/\\\/secure.gravatar.com\\\/avatar\\\/e2ac889ef882d4dc53091b610766dce49106cf9fe98c76e06745abb0993b2763?s=96&d=mm&r=g\",\"caption\":\"CRI Portugu\u00eas\"},\"sameAs\":[\"https:\\\/\\\/www.diariodepernambuco.com.br\\\/\"],\"url\":\"https:\\\/\\\/diariodepe.com.br\\\/cri\\\/author\\\/agencia-cri\\\/\"}]}<\/script>\n<!-- \/ Yoast SEO plugin. -->","yoast_head_json":{"title":"Xi Jinping participa da Reuni\u00e3o Comemorativa do 70\u00ba anivers\u00e1rio da Regi\u00e3o Aut\u00f4noma Uigur de Xinjiang (atualizado) - CRI e Diario de Pernambuco","robots":{"index":"index","follow":"follow","max-snippet":"max-snippet:-1","max-image-preview":"max-image-preview:large","max-video-preview":"max-video-preview:-1"},"canonical":"https:\/\/diariodepe.com.br\/cri\/2025\/09\/25\/xi-jinping-participa-da-reuniao-comemorativa-do-70o-aniversario-da-regiao-autonoma-uigur-de-xinjiang-atualizado\/","og_locale":"pt_BR","og_type":"article","og_title":"Xi Jinping participa da Reuni\u00e3o Comemorativa do 70\u00ba anivers\u00e1rio da Regi\u00e3o Aut\u00f4noma Uigur de Xinjiang (atualizado) - CRI e Diario de Pernambuco","og_description":"O presidente chin\u00eas, Xi Jinping, participou na manh\u00e3 desta quinta-feira (25), em Urumqi, da Grande Reuni\u00e3o Comemorativa do 70\u00ba Anivers\u00e1rio da Funda\u00e7\u00e3o da Regi\u00e3o Aut\u00f4noma Uigur de Xinjiang, ao lado de representantes de todas as etnias e de diversos setores...","og_url":"https:\/\/diariodepe.com.br\/cri\/2025\/09\/25\/xi-jinping-participa-da-reuniao-comemorativa-do-70o-aniversario-da-regiao-autonoma-uigur-de-xinjiang-atualizado\/","og_site_name":"CRI e Diario de Pernambuco","article_published_time":"2025-09-25T09:34:57+00:00","article_modified_time":"2025-09-25T18:43:06+00:00","author":"CRI Portugu\u00eas","twitter_card":"summary_large_image","twitter_misc":{"Escrito por":"CRI Portugu\u00eas","Est. tempo de leitura":"2 minutos"},"schema":{"@context":"https:\/\/schema.org","@graph":[{"@type":"Article","@id":"https:\/\/diariodepe.com.br\/cri\/2025\/09\/25\/xi-jinping-participa-da-reuniao-comemorativa-do-70o-aniversario-da-regiao-autonoma-uigur-de-xinjiang-atualizado\/#article","isPartOf":{"@id":"https:\/\/diariodepe.com.br\/cri\/2025\/09\/25\/xi-jinping-participa-da-reuniao-comemorativa-do-70o-aniversario-da-regiao-autonoma-uigur-de-xinjiang-atualizado\/"},"author":{"name":"CRI Portugu\u00eas","@id":"https:\/\/diariodepe.com.br\/cri\/#\/schema\/person\/e474aead631cd4098632e11d3fbce118"},"headline":"Xi Jinping participa da Reuni\u00e3o Comemorativa do 70\u00ba anivers\u00e1rio da Regi\u00e3o Aut\u00f4noma Uigur de Xinjiang (atualizado)","datePublished":"2025-09-25T09:34:57+00:00","dateModified":"2025-09-25T18:43:06+00:00","mainEntityOfPage":{"@id":"https:\/\/diariodepe.com.br\/cri\/2025\/09\/25\/xi-jinping-participa-da-reuniao-comemorativa-do-70o-aniversario-da-regiao-autonoma-uigur-de-xinjiang-atualizado\/"},"wordCount":352,"commentCount":0,"publisher":{"@id":"https:\/\/diariodepe.com.br\/cri\/#organization"},"articleSection":["China"],"inLanguage":"pt-BR","potentialAction":[{"@type":"CommentAction","name":"Comment","target":["https:\/\/diariodepe.com.br\/cri\/2025\/09\/25\/xi-jinping-participa-da-reuniao-comemorativa-do-70o-aniversario-da-regiao-autonoma-uigur-de-xinjiang-atualizado\/#respond"]}]},{"@type":"WebPage","@id":"https:\/\/diariodepe.com.br\/cri\/2025\/09\/25\/xi-jinping-participa-da-reuniao-comemorativa-do-70o-aniversario-da-regiao-autonoma-uigur-de-xinjiang-atualizado\/","url":"https:\/\/diariodepe.com.br\/cri\/2025\/09\/25\/xi-jinping-participa-da-reuniao-comemorativa-do-70o-aniversario-da-regiao-autonoma-uigur-de-xinjiang-atualizado\/","name":"Xi Jinping participa da Reuni\u00e3o Comemorativa do 70\u00ba anivers\u00e1rio da Regi\u00e3o Aut\u00f4noma Uigur de Xinjiang (atualizado) - CRI e Diario de Pernambuco","isPartOf":{"@id":"https:\/\/diariodepe.com.br\/cri\/#website"},"datePublished":"2025-09-25T09:34:57+00:00","dateModified":"2025-09-25T18:43:06+00:00","breadcrumb":{"@id":"https:\/\/diariodepe.com.br\/cri\/2025\/09\/25\/xi-jinping-participa-da-reuniao-comemorativa-do-70o-aniversario-da-regiao-autonoma-uigur-de-xinjiang-atualizado\/#breadcrumb"},"inLanguage":"pt-BR","potentialAction":[{"@type":"ReadAction","target":["https:\/\/diariodepe.com.br\/cri\/2025\/09\/25\/xi-jinping-participa-da-reuniao-comemorativa-do-70o-aniversario-da-regiao-autonoma-uigur-de-xinjiang-atualizado\/"]}]},{"@type":"BreadcrumbList","@id":"https:\/\/diariodepe.com.br\/cri\/2025\/09\/25\/xi-jinping-participa-da-reuniao-comemorativa-do-70o-aniversario-da-regiao-autonoma-uigur-de-xinjiang-atualizado\/#breadcrumb","itemListElement":[{"@type":"ListItem","position":1,"name":"In\u00edcio","item":"https:\/\/diariodepe.com.br\/cri\/"},{"@type":"ListItem","position":2,"name":"Xi Jinping participa da Reuni\u00e3o Comemorativa do 70\u00ba anivers\u00e1rio da Regi\u00e3o Aut\u00f4noma Uigur de Xinjiang (atualizado)"}]},{"@type":"WebSite","@id":"https:\/\/diariodepe.com.br\/cri\/#website","url":"https:\/\/diariodepe.com.br\/cri\/","name":"CRI e Diario de Pernambuco","description":"R\u00e1dio Internacional da China","publisher":{"@id":"https:\/\/diariodepe.com.br\/cri\/#organization"},"potentialAction":[{"@type":"SearchAction","target":{"@type":"EntryPoint","urlTemplate":"https:\/\/diariodepe.com.br\/cri\/?s={search_term_string}"},"query-input":{"@type":"PropertyValueSpecification","valueRequired":true,"valueName":"search_term_string"}}],"inLanguage":"pt-BR"},{"@type":"Organization","@id":"https:\/\/diariodepe.com.br\/cri\/#organization","name":"CRI e Diario de Pernambuco","url":"https:\/\/diariodepe.com.br\/cri\/","logo":{"@type":"ImageObject","inLanguage":"pt-BR","@id":"https:\/\/diariodepe.com.br\/cri\/#\/schema\/logo\/image\/","url":"https:\/\/diariodepe.com.br\/cri\/wp-content\/uploads\/sites\/2\/2022\/12\/cropped-Logo.jpg","contentUrl":"https:\/\/diariodepe.com.br\/cri\/wp-content\/uploads\/sites\/2\/2022\/12\/cropped-Logo.jpg","width":700,"height":59,"caption":"CRI e Diario de Pernambuco"},"image":{"@id":"https:\/\/diariodepe.com.br\/cri\/#\/schema\/logo\/image\/"}},{"@type":"Person","@id":"https:\/\/diariodepe.com.br\/cri\/#\/schema\/person\/e474aead631cd4098632e11d3fbce118","name":"CRI Portugu\u00eas","image":{"@type":"ImageObject","inLanguage":"pt-BR","@id":"https:\/\/secure.gravatar.com\/avatar\/e2ac889ef882d4dc53091b610766dce49106cf9fe98c76e06745abb0993b2763?s=96&d=mm&r=g","url":"https:\/\/secure.gravatar.com\/avatar\/e2ac889ef882d4dc53091b610766dce49106cf9fe98c76e06745abb0993b2763?s=96&d=mm&r=g","contentUrl":"https:\/\/secure.gravatar.com\/avatar\/e2ac889ef882d4dc53091b610766dce49106cf9fe98c76e06745abb0993b2763?s=96&d=mm&r=g","caption":"CRI Portugu\u00eas"},"sameAs":["https:\/\/www.diariodepernambuco.com.br\/"],"url":"https:\/\/diariodepe.com.br\/cri\/author\/agencia-cri\/"}]}},"cc_featured_image_caption":{"caption_text":false,"source_text":false,"source_url":false},"amp_enabled":true,"_links":{"self":[{"href":"https:\/\/diariodepe.com.br\/cri\/wp-json\/wp\/v2\/posts\/9554","targetHints":{"allow":["GET"]}}],"collection":[{"href":"https:\/\/diariodepe.com.br\/cri\/wp-json\/wp\/v2\/posts"}],"about":[{"href":"https:\/\/diariodepe.com.br\/cri\/wp-json\/wp\/v2\/types\/post"}],"author":[{"embeddable":true,"href":"https:\/\/diariodepe.com.br\/cri\/wp-json\/wp\/v2\/users\/5"}],"replies":[{"embeddable":true,"href":"https:\/\/diariodepe.com.br\/cri\/wp-json\/wp\/v2\/comments?post=9554"}],"version-history":[{"count":1,"href":"https:\/\/diariodepe.com.br\/cri\/wp-json\/wp\/v2\/posts\/9554\/revisions"}],"predecessor-version":[{"id":9555,"href":"https:\/\/diariodepe.com.br\/cri\/wp-json\/wp\/v2\/posts\/9554\/revisions\/9555"}],"wp:attachment":[{"href":"https:\/\/diariodepe.com.br\/cri\/wp-json\/wp\/v2\/media?parent=9554"}],"wp:term":[{"taxonomy":"category","embeddable":true,"href":"https:\/\/diariodepe.com.br\/cri\/wp-json\/wp\/v2\/categories?post=9554"},{"taxonomy":"post_tag","embeddable":true,"href":"https:\/\/diariodepe.com.br\/cri\/wp-json\/wp\/v2\/tags?post=9554"}],"curies":[{"name":"wp","href":"https:\/\/api.w.org\/{rel}","templated":true}]}}