{"id":9536,"date":"2025-09-24T06:53:32","date_gmt":"2025-09-24T09:53:32","guid":{"rendered":"https:\/\/diariodepe.com.br\/cri\/?p=9536"},"modified":"2025-09-25T15:43:12","modified_gmt":"2025-09-25T18:43:12","slug":"alto-funcionario-do-pcch-faz-visita-oficial-de-boa-vontade-a-belarus","status":"publish","type":"post","link":"https:\/\/diariodepe.com.br\/cri\/2025\/09\/24\/alto-funcionario-do-pcch-faz-visita-oficial-de-boa-vontade-a-belarus\/","title":{"rendered":"Alto funcion\u00e1rio do PCCh faz visita oficial de boa vontade a Belarus"},"content":{"rendered":"<p>Li Xi, alto funcion\u00e1rio do Partido Comunista da China (PCCh), concluiu nesta ter\u00e7a-feira uma visita oficial de boa vontade a Belarus, durante a qual ambos os lados reafirmaram seu compromisso com uma coopera\u00e7\u00e3o pr\u00e1tica mais estreita.<\/p>\n<p>Durante sua visita de 20 a 23 de setembro, Li, membro do Comit\u00ea Permanente do Bir\u00f4 Pol\u00edtico do Comit\u00ea Central do PCCh e secret\u00e1rio da Comiss\u00e3o Central de Inspe\u00e7\u00e3o Disciplinar do PCCh, se reuniu separadamente com o presidente de Belarus, Alexander Lukashenko, o chefe da Administra\u00e7\u00e3o Presidencial, Dmitry Krutoi, e o presidente da C\u00e2mara dos Representantes, Igor Sergeyenko.<\/p>\n<p>Durante sua reuni\u00e3o com o presidente bielorrusso, Li disse que a China est\u00e1 disposta a trabalhar com Belarus para implementar plenamente os planos estrat\u00e9gicos acordados entre os dois chefes de Estado para um maior desenvolvimento das rela\u00e7\u00f5es bilaterais, aumentar o apoio m\u00fatuo, defender firmemente os interesses comuns, fortalecer a coopera\u00e7\u00e3o pr\u00e1tica em v\u00e1rias \u00e1reas, incluindo a Iniciativa Cintur\u00e3o e Rota (ICR), defender a vis\u00e3o correta da hist\u00f3ria da Segunda Guerra Mundial e salvaguardar a ordem internacional do p\u00f3s-guerra.<\/p>\n<p>Em meio \u00e0s mudan\u00e7as aceleradas no cen\u00e1rio global, a China est\u00e1 pronta para trabalhar com Belarus para implementar a Iniciativa de Governan\u00e7a Global, fortalecendo a coordena\u00e7\u00e3o e a coopera\u00e7\u00e3o dentro de estruturas como as Na\u00e7\u00f5es Unidas e a Organiza\u00e7\u00e3o de Coopera\u00e7\u00e3o de Shanghai, acrescentou.<\/p>\n<p>Durante a reuni\u00e3o, Lukashenko afirmou que Belarus elogia as conquistas alcan\u00e7adas na coopera\u00e7\u00e3o bilateral e continuar\u00e1 sendo um amigo confi\u00e1vel, fidedigno e sincero da China.<\/p>\n<p>Belarus apoia plenamente e est\u00e1 disposto a participar ativamente da implementa\u00e7\u00e3o das quatro iniciativas globais propostas pela China &#8212; a Iniciativa de Desenvolvimento Global, a Iniciativa de Seguran\u00e7a Global, a Iniciativa de Civiliza\u00e7\u00e3o Global e a Iniciativa de Governan\u00e7a Global &#8211;, que Belarus acredita que far\u00e3o enormes contribui\u00e7\u00f5es para um mundo de desenvolvimento mais equilibrado, de acordo com o presidente bielorrusso.<\/p>\n<p>Na reuni\u00e3o de Li com Krutoi, os dois lados prometeram interc\u00e2mbios e coopera\u00e7\u00e3o mais estreitos na constru\u00e7\u00e3o do partido e no combate \u00e0 corrup\u00e7\u00e3o.<\/p>\n<p>Durante sua reuni\u00e3o com Sergeyenko, Li expressou a disposi\u00e7\u00e3o do PCCh de intensificar o interc\u00e2mbio e o di\u00e1logo com os principais partidos pol\u00edticos de Belarus sobre a governan\u00e7a partid\u00e1ria e a melhoria da governan\u00e7a global.<\/p>\n<p>A China est\u00e1 disposta a compartilhar experi\u00eancias e oportunidades e a envidar esfor\u00e7os conjuntos com Belarus no caminho rumo \u00e0 moderniza\u00e7\u00e3o, disse Li.<\/p>\n<p>Observando que o desenvolvimento da parceria estrat\u00e9gica abrangente sob todas as condi\u00e7\u00f5es entre Belarus e a China \u00e9 uma prioridade nas pol\u00edticas diplom\u00e1ticas de Belarus, Sergeyenko disse que as pr\u00e1ticas de moderniza\u00e7\u00e3o chinesa inspiraram muito Belarus, e que o lado bielorrusso est\u00e1 disposto a unir for\u00e7as com a China no caminho para a moderniza\u00e7\u00e3o.<\/p>\n","protected":false},"excerpt":{"rendered":"<p>Li Xi, alto funcion\u00e1rio do Partido Comunista da China (PCCh), concluiu nesta ter\u00e7a-feira uma visita oficial de boa vontade a Belarus, durante a qual ambos os lados reafirmaram seu compromisso com uma coopera\u00e7\u00e3o pr\u00e1tica mais estreita. Durante sua visita de&#8230;<\/p>\n","protected":false},"author":5,"featured_media":0,"comment_status":"open","ping_status":"open","sticky":false,"template":"","format":"standard","meta":{"footnotes":""},"categories":[3],"tags":[],"class_list":["post-9536","post","type-post","status-publish","format-standard","hentry","category-china"],"yoast_head":"<!-- This site is optimized with the Yoast SEO plugin v27.4 - https:\/\/yoast.com\/product\/yoast-seo-wordpress\/ -->\n<title>Alto funcion\u00e1rio do PCCh faz visita oficial de boa vontade a Belarus - CRI e Diario de Pernambuco<\/title>\n<meta name=\"robots\" content=\"index, follow, max-snippet:-1, max-image-preview:large, max-video-preview:-1\" \/>\n<link rel=\"canonical\" href=\"https:\/\/diariodepe.com.br\/cri\/2025\/09\/24\/alto-funcionario-do-pcch-faz-visita-oficial-de-boa-vontade-a-belarus\/\" \/>\n<meta property=\"og:locale\" content=\"pt_BR\" \/>\n<meta property=\"og:type\" content=\"article\" \/>\n<meta property=\"og:title\" content=\"Alto funcion\u00e1rio do PCCh faz visita oficial de boa vontade a Belarus - CRI e Diario de Pernambuco\" \/>\n<meta property=\"og:description\" content=\"Li Xi, alto funcion\u00e1rio do Partido Comunista da China (PCCh), concluiu nesta ter\u00e7a-feira uma visita oficial de boa vontade a Belarus, durante a qual ambos os lados reafirmaram seu compromisso com uma coopera\u00e7\u00e3o pr\u00e1tica mais estreita. Durante sua visita de...\" \/>\n<meta property=\"og:url\" content=\"https:\/\/diariodepe.com.br\/cri\/2025\/09\/24\/alto-funcionario-do-pcch-faz-visita-oficial-de-boa-vontade-a-belarus\/\" \/>\n<meta property=\"og:site_name\" content=\"CRI e Diario de Pernambuco\" \/>\n<meta property=\"article:published_time\" content=\"2025-09-24T09:53:32+00:00\" \/>\n<meta property=\"article:modified_time\" content=\"2025-09-25T18:43:12+00:00\" \/>\n<meta name=\"author\" content=\"CRI Portugu\u00eas\" \/>\n<meta name=\"twitter:card\" content=\"summary_large_image\" \/>\n<meta name=\"twitter:label1\" content=\"Escrito por\" \/>\n\t<meta name=\"twitter:data1\" content=\"CRI Portugu\u00eas\" \/>\n\t<meta name=\"twitter:label2\" content=\"Est. tempo de leitura\" \/>\n\t<meta name=\"twitter:data2\" content=\"3 minutos\" \/>\n<script type=\"application\/ld+json\" class=\"yoast-schema-graph\">{\"@context\":\"https:\\\/\\\/schema.org\",\"@graph\":[{\"@type\":\"Article\",\"@id\":\"https:\\\/\\\/diariodepe.com.br\\\/cri\\\/2025\\\/09\\\/24\\\/alto-funcionario-do-pcch-faz-visita-oficial-de-boa-vontade-a-belarus\\\/#article\",\"isPartOf\":{\"@id\":\"https:\\\/\\\/diariodepe.com.br\\\/cri\\\/2025\\\/09\\\/24\\\/alto-funcionario-do-pcch-faz-visita-oficial-de-boa-vontade-a-belarus\\\/\"},\"author\":{\"name\":\"CRI Portugu\u00eas\",\"@id\":\"https:\\\/\\\/diariodepe.com.br\\\/cri\\\/#\\\/schema\\\/person\\\/e474aead631cd4098632e11d3fbce118\"},\"headline\":\"Alto funcion\u00e1rio do PCCh faz visita oficial de boa vontade a Belarus\",\"datePublished\":\"2025-09-24T09:53:32+00:00\",\"dateModified\":\"2025-09-25T18:43:12+00:00\",\"mainEntityOfPage\":{\"@id\":\"https:\\\/\\\/diariodepe.com.br\\\/cri\\\/2025\\\/09\\\/24\\\/alto-funcionario-do-pcch-faz-visita-oficial-de-boa-vontade-a-belarus\\\/\"},\"wordCount\":509,\"commentCount\":0,\"publisher\":{\"@id\":\"https:\\\/\\\/diariodepe.com.br\\\/cri\\\/#organization\"},\"articleSection\":[\"China\"],\"inLanguage\":\"pt-BR\",\"potentialAction\":[{\"@type\":\"CommentAction\",\"name\":\"Comment\",\"target\":[\"https:\\\/\\\/diariodepe.com.br\\\/cri\\\/2025\\\/09\\\/24\\\/alto-funcionario-do-pcch-faz-visita-oficial-de-boa-vontade-a-belarus\\\/#respond\"]}]},{\"@type\":\"WebPage\",\"@id\":\"https:\\\/\\\/diariodepe.com.br\\\/cri\\\/2025\\\/09\\\/24\\\/alto-funcionario-do-pcch-faz-visita-oficial-de-boa-vontade-a-belarus\\\/\",\"url\":\"https:\\\/\\\/diariodepe.com.br\\\/cri\\\/2025\\\/09\\\/24\\\/alto-funcionario-do-pcch-faz-visita-oficial-de-boa-vontade-a-belarus\\\/\",\"name\":\"Alto funcion\u00e1rio do PCCh faz visita oficial de boa vontade a Belarus - CRI e Diario de Pernambuco\",\"isPartOf\":{\"@id\":\"https:\\\/\\\/diariodepe.com.br\\\/cri\\\/#website\"},\"datePublished\":\"2025-09-24T09:53:32+00:00\",\"dateModified\":\"2025-09-25T18:43:12+00:00\",\"breadcrumb\":{\"@id\":\"https:\\\/\\\/diariodepe.com.br\\\/cri\\\/2025\\\/09\\\/24\\\/alto-funcionario-do-pcch-faz-visita-oficial-de-boa-vontade-a-belarus\\\/#breadcrumb\"},\"inLanguage\":\"pt-BR\",\"potentialAction\":[{\"@type\":\"ReadAction\",\"target\":[\"https:\\\/\\\/diariodepe.com.br\\\/cri\\\/2025\\\/09\\\/24\\\/alto-funcionario-do-pcch-faz-visita-oficial-de-boa-vontade-a-belarus\\\/\"]}]},{\"@type\":\"BreadcrumbList\",\"@id\":\"https:\\\/\\\/diariodepe.com.br\\\/cri\\\/2025\\\/09\\\/24\\\/alto-funcionario-do-pcch-faz-visita-oficial-de-boa-vontade-a-belarus\\\/#breadcrumb\",\"itemListElement\":[{\"@type\":\"ListItem\",\"position\":1,\"name\":\"In\u00edcio\",\"item\":\"https:\\\/\\\/diariodepe.com.br\\\/cri\\\/\"},{\"@type\":\"ListItem\",\"position\":2,\"name\":\"Alto funcion\u00e1rio do PCCh faz visita oficial de boa vontade a Belarus\"}]},{\"@type\":\"WebSite\",\"@id\":\"https:\\\/\\\/diariodepe.com.br\\\/cri\\\/#website\",\"url\":\"https:\\\/\\\/diariodepe.com.br\\\/cri\\\/\",\"name\":\"CRI e Diario de Pernambuco\",\"description\":\"R\u00e1dio Internacional da China\",\"publisher\":{\"@id\":\"https:\\\/\\\/diariodepe.com.br\\\/cri\\\/#organization\"},\"potentialAction\":[{\"@type\":\"SearchAction\",\"target\":{\"@type\":\"EntryPoint\",\"urlTemplate\":\"https:\\\/\\\/diariodepe.com.br\\\/cri\\\/?s={search_term_string}\"},\"query-input\":{\"@type\":\"PropertyValueSpecification\",\"valueRequired\":true,\"valueName\":\"search_term_string\"}}],\"inLanguage\":\"pt-BR\"},{\"@type\":\"Organization\",\"@id\":\"https:\\\/\\\/diariodepe.com.br\\\/cri\\\/#organization\",\"name\":\"CRI e Diario de Pernambuco\",\"url\":\"https:\\\/\\\/diariodepe.com.br\\\/cri\\\/\",\"logo\":{\"@type\":\"ImageObject\",\"inLanguage\":\"pt-BR\",\"@id\":\"https:\\\/\\\/diariodepe.com.br\\\/cri\\\/#\\\/schema\\\/logo\\\/image\\\/\",\"url\":\"https:\\\/\\\/diariodepe.com.br\\\/cri\\\/wp-content\\\/uploads\\\/sites\\\/2\\\/2022\\\/12\\\/cropped-Logo.jpg\",\"contentUrl\":\"https:\\\/\\\/diariodepe.com.br\\\/cri\\\/wp-content\\\/uploads\\\/sites\\\/2\\\/2022\\\/12\\\/cropped-Logo.jpg\",\"width\":700,\"height\":59,\"caption\":\"CRI e Diario de Pernambuco\"},\"image\":{\"@id\":\"https:\\\/\\\/diariodepe.com.br\\\/cri\\\/#\\\/schema\\\/logo\\\/image\\\/\"}},{\"@type\":\"Person\",\"@id\":\"https:\\\/\\\/diariodepe.com.br\\\/cri\\\/#\\\/schema\\\/person\\\/e474aead631cd4098632e11d3fbce118\",\"name\":\"CRI Portugu\u00eas\",\"image\":{\"@type\":\"ImageObject\",\"inLanguage\":\"pt-BR\",\"@id\":\"https:\\\/\\\/secure.gravatar.com\\\/avatar\\\/e2ac889ef882d4dc53091b610766dce49106cf9fe98c76e06745abb0993b2763?s=96&d=mm&r=g\",\"url\":\"https:\\\/\\\/secure.gravatar.com\\\/avatar\\\/e2ac889ef882d4dc53091b610766dce49106cf9fe98c76e06745abb0993b2763?s=96&d=mm&r=g\",\"contentUrl\":\"https:\\\/\\\/secure.gravatar.com\\\/avatar\\\/e2ac889ef882d4dc53091b610766dce49106cf9fe98c76e06745abb0993b2763?s=96&d=mm&r=g\",\"caption\":\"CRI Portugu\u00eas\"},\"sameAs\":[\"https:\\\/\\\/www.diariodepernambuco.com.br\\\/\"],\"url\":\"https:\\\/\\\/diariodepe.com.br\\\/cri\\\/author\\\/agencia-cri\\\/\"}]}<\/script>\n<!-- \/ Yoast SEO plugin. -->","yoast_head_json":{"title":"Alto funcion\u00e1rio do PCCh faz visita oficial de boa vontade a Belarus - CRI e Diario de Pernambuco","robots":{"index":"index","follow":"follow","max-snippet":"max-snippet:-1","max-image-preview":"max-image-preview:large","max-video-preview":"max-video-preview:-1"},"canonical":"https:\/\/diariodepe.com.br\/cri\/2025\/09\/24\/alto-funcionario-do-pcch-faz-visita-oficial-de-boa-vontade-a-belarus\/","og_locale":"pt_BR","og_type":"article","og_title":"Alto funcion\u00e1rio do PCCh faz visita oficial de boa vontade a Belarus - CRI e Diario de Pernambuco","og_description":"Li Xi, alto funcion\u00e1rio do Partido Comunista da China (PCCh), concluiu nesta ter\u00e7a-feira uma visita oficial de boa vontade a Belarus, durante a qual ambos os lados reafirmaram seu compromisso com uma coopera\u00e7\u00e3o pr\u00e1tica mais estreita. Durante sua visita de...","og_url":"https:\/\/diariodepe.com.br\/cri\/2025\/09\/24\/alto-funcionario-do-pcch-faz-visita-oficial-de-boa-vontade-a-belarus\/","og_site_name":"CRI e Diario de Pernambuco","article_published_time":"2025-09-24T09:53:32+00:00","article_modified_time":"2025-09-25T18:43:12+00:00","author":"CRI Portugu\u00eas","twitter_card":"summary_large_image","twitter_misc":{"Escrito por":"CRI Portugu\u00eas","Est. tempo de leitura":"3 minutos"},"schema":{"@context":"https:\/\/schema.org","@graph":[{"@type":"Article","@id":"https:\/\/diariodepe.com.br\/cri\/2025\/09\/24\/alto-funcionario-do-pcch-faz-visita-oficial-de-boa-vontade-a-belarus\/#article","isPartOf":{"@id":"https:\/\/diariodepe.com.br\/cri\/2025\/09\/24\/alto-funcionario-do-pcch-faz-visita-oficial-de-boa-vontade-a-belarus\/"},"author":{"name":"CRI Portugu\u00eas","@id":"https:\/\/diariodepe.com.br\/cri\/#\/schema\/person\/e474aead631cd4098632e11d3fbce118"},"headline":"Alto funcion\u00e1rio do PCCh faz visita oficial de boa vontade a Belarus","datePublished":"2025-09-24T09:53:32+00:00","dateModified":"2025-09-25T18:43:12+00:00","mainEntityOfPage":{"@id":"https:\/\/diariodepe.com.br\/cri\/2025\/09\/24\/alto-funcionario-do-pcch-faz-visita-oficial-de-boa-vontade-a-belarus\/"},"wordCount":509,"commentCount":0,"publisher":{"@id":"https:\/\/diariodepe.com.br\/cri\/#organization"},"articleSection":["China"],"inLanguage":"pt-BR","potentialAction":[{"@type":"CommentAction","name":"Comment","target":["https:\/\/diariodepe.com.br\/cri\/2025\/09\/24\/alto-funcionario-do-pcch-faz-visita-oficial-de-boa-vontade-a-belarus\/#respond"]}]},{"@type":"WebPage","@id":"https:\/\/diariodepe.com.br\/cri\/2025\/09\/24\/alto-funcionario-do-pcch-faz-visita-oficial-de-boa-vontade-a-belarus\/","url":"https:\/\/diariodepe.com.br\/cri\/2025\/09\/24\/alto-funcionario-do-pcch-faz-visita-oficial-de-boa-vontade-a-belarus\/","name":"Alto funcion\u00e1rio do PCCh faz visita oficial de boa vontade a Belarus - CRI e Diario de Pernambuco","isPartOf":{"@id":"https:\/\/diariodepe.com.br\/cri\/#website"},"datePublished":"2025-09-24T09:53:32+00:00","dateModified":"2025-09-25T18:43:12+00:00","breadcrumb":{"@id":"https:\/\/diariodepe.com.br\/cri\/2025\/09\/24\/alto-funcionario-do-pcch-faz-visita-oficial-de-boa-vontade-a-belarus\/#breadcrumb"},"inLanguage":"pt-BR","potentialAction":[{"@type":"ReadAction","target":["https:\/\/diariodepe.com.br\/cri\/2025\/09\/24\/alto-funcionario-do-pcch-faz-visita-oficial-de-boa-vontade-a-belarus\/"]}]},{"@type":"BreadcrumbList","@id":"https:\/\/diariodepe.com.br\/cri\/2025\/09\/24\/alto-funcionario-do-pcch-faz-visita-oficial-de-boa-vontade-a-belarus\/#breadcrumb","itemListElement":[{"@type":"ListItem","position":1,"name":"In\u00edcio","item":"https:\/\/diariodepe.com.br\/cri\/"},{"@type":"ListItem","position":2,"name":"Alto funcion\u00e1rio do PCCh faz visita oficial de boa vontade a Belarus"}]},{"@type":"WebSite","@id":"https:\/\/diariodepe.com.br\/cri\/#website","url":"https:\/\/diariodepe.com.br\/cri\/","name":"CRI e Diario de Pernambuco","description":"R\u00e1dio Internacional da China","publisher":{"@id":"https:\/\/diariodepe.com.br\/cri\/#organization"},"potentialAction":[{"@type":"SearchAction","target":{"@type":"EntryPoint","urlTemplate":"https:\/\/diariodepe.com.br\/cri\/?s={search_term_string}"},"query-input":{"@type":"PropertyValueSpecification","valueRequired":true,"valueName":"search_term_string"}}],"inLanguage":"pt-BR"},{"@type":"Organization","@id":"https:\/\/diariodepe.com.br\/cri\/#organization","name":"CRI e Diario de Pernambuco","url":"https:\/\/diariodepe.com.br\/cri\/","logo":{"@type":"ImageObject","inLanguage":"pt-BR","@id":"https:\/\/diariodepe.com.br\/cri\/#\/schema\/logo\/image\/","url":"https:\/\/diariodepe.com.br\/cri\/wp-content\/uploads\/sites\/2\/2022\/12\/cropped-Logo.jpg","contentUrl":"https:\/\/diariodepe.com.br\/cri\/wp-content\/uploads\/sites\/2\/2022\/12\/cropped-Logo.jpg","width":700,"height":59,"caption":"CRI e Diario de Pernambuco"},"image":{"@id":"https:\/\/diariodepe.com.br\/cri\/#\/schema\/logo\/image\/"}},{"@type":"Person","@id":"https:\/\/diariodepe.com.br\/cri\/#\/schema\/person\/e474aead631cd4098632e11d3fbce118","name":"CRI Portugu\u00eas","image":{"@type":"ImageObject","inLanguage":"pt-BR","@id":"https:\/\/secure.gravatar.com\/avatar\/e2ac889ef882d4dc53091b610766dce49106cf9fe98c76e06745abb0993b2763?s=96&d=mm&r=g","url":"https:\/\/secure.gravatar.com\/avatar\/e2ac889ef882d4dc53091b610766dce49106cf9fe98c76e06745abb0993b2763?s=96&d=mm&r=g","contentUrl":"https:\/\/secure.gravatar.com\/avatar\/e2ac889ef882d4dc53091b610766dce49106cf9fe98c76e06745abb0993b2763?s=96&d=mm&r=g","caption":"CRI Portugu\u00eas"},"sameAs":["https:\/\/www.diariodepernambuco.com.br\/"],"url":"https:\/\/diariodepe.com.br\/cri\/author\/agencia-cri\/"}]}},"cc_featured_image_caption":{"caption_text":false,"source_text":false,"source_url":false},"amp_enabled":true,"_links":{"self":[{"href":"https:\/\/diariodepe.com.br\/cri\/wp-json\/wp\/v2\/posts\/9536","targetHints":{"allow":["GET"]}}],"collection":[{"href":"https:\/\/diariodepe.com.br\/cri\/wp-json\/wp\/v2\/posts"}],"about":[{"href":"https:\/\/diariodepe.com.br\/cri\/wp-json\/wp\/v2\/types\/post"}],"author":[{"embeddable":true,"href":"https:\/\/diariodepe.com.br\/cri\/wp-json\/wp\/v2\/users\/5"}],"replies":[{"embeddable":true,"href":"https:\/\/diariodepe.com.br\/cri\/wp-json\/wp\/v2\/comments?post=9536"}],"version-history":[{"count":1,"href":"https:\/\/diariodepe.com.br\/cri\/wp-json\/wp\/v2\/posts\/9536\/revisions"}],"predecessor-version":[{"id":9537,"href":"https:\/\/diariodepe.com.br\/cri\/wp-json\/wp\/v2\/posts\/9536\/revisions\/9537"}],"wp:attachment":[{"href":"https:\/\/diariodepe.com.br\/cri\/wp-json\/wp\/v2\/media?parent=9536"}],"wp:term":[{"taxonomy":"category","embeddable":true,"href":"https:\/\/diariodepe.com.br\/cri\/wp-json\/wp\/v2\/categories?post=9536"},{"taxonomy":"post_tag","embeddable":true,"href":"https:\/\/diariodepe.com.br\/cri\/wp-json\/wp\/v2\/tags?post=9536"}],"curies":[{"name":"wp","href":"https:\/\/api.w.org\/{rel}","templated":true}]}}