{"id":9532,"date":"2025-09-23T23:33:33","date_gmt":"2025-09-24T02:33:33","guid":{"rendered":"https:\/\/diariodepe.com.br\/cri\/?p=9532"},"modified":"2025-09-25T15:43:13","modified_gmt":"2025-09-25T18:43:13","slug":"xi-jinping-chega-a-urumqi-para-as-celebracoes-do-70o-aniversario-da-fundacao-da-regiao-autonoma-uigur-de-xinjiang","status":"publish","type":"post","link":"https:\/\/diariodepe.com.br\/cri\/2025\/09\/23\/xi-jinping-chega-a-urumqi-para-as-celebracoes-do-70o-aniversario-da-fundacao-da-regiao-autonoma-uigur-de-xinjiang\/","title":{"rendered":"Xi Jinping chega a Urumqi para as celebra\u00e7\u00f5es do 70\u00ba anivers\u00e1rio da funda\u00e7\u00e3o da Regi\u00e3o Aut\u00f4noma Uigur de Xinjiang"},"content":{"rendered":"<p style=\"background-repeat: no-repeat; box-sizing: border-box; padding: 0px; border: 0px; min-height: 27px; color: #4c4c4c; font-family: 'Helvetica Neue LT Pro'; font-size: 18px; text-align: center !important; margin: 15px !important 0px 15px !important 0px;\"><img decoding=\"async\" style=\"background-repeat: no-repeat; box-sizing: border-box; margin: 0px; padding: 0px; border: 0px; height: 507.359px; width: 799px; display: block;\" src=\"https:\/\/38picres.cgtn.com\/photoAlbum\/page\/performance\/img\/2025\/9\/23\/1758627657270_949.jpeg\" \/><\/p>\n<p style=\"background-repeat: no-repeat; box-sizing: border-box; padding: 0px; border: 0px; min-height: 27px; color: #4c4c4c; font-family: 'Helvetica Neue LT Pro'; font-size: 18px; margin: 15px !important 0px 15px !important 0px;\">O presidente chin\u00eas, Xi Jinping,\u00a0chegou a Urumqi, capital da Regi\u00e3o Aut\u00f4noma Uigur de Xinjiang, nesta ter\u00e7a-feira\u00a0(23), para participar das celebra\u00e7\u00f5es do 70\u00ba anivers\u00e1rio da funda\u00e7\u00e3o da regi\u00e3o.<\/p>\n<p style=\"background-repeat: no-repeat; box-sizing: border-box; padding: 0px; border: 0px; min-height: 27px; color: #4c4c4c; font-family: 'Helvetica Neue LT Pro'; font-size: 18px; text-align: center !important; margin: 15px !important 0px 15px !important 0px;\"><img decoding=\"async\" style=\"background-repeat: no-repeat; box-sizing: border-box; margin: 0px; padding: 0px; border: 0px; height: 449.266px; width: 799px; display: block;\" src=\"https:\/\/38picres.cgtn.com\/photoAlbum\/page\/performance\/img\/2025\/9\/23\/1758627647272_24.jpg\" \/><\/p>\n<p style=\"background-repeat: no-repeat; box-sizing: border-box; padding: 0px; border: 0px; min-height: 27px; color: #4c4c4c; font-family: 'Helvetica Neue LT Pro'; font-size: 18px; margin: 15px !important 0px 15px !important 0px;\">O l\u00edder chin\u00eas\u00a0e sua\u00a0delega\u00e7\u00e3o receberam uma calorosa recep\u00e7\u00e3o de pessoas de diversos grupos \u00e9tnicos em Xinjiang, tanto no aeroporto quanto na cidade de Urumqi.<\/p>\n<p style=\"background-repeat: no-repeat; box-sizing: border-box; padding: 0px; border: 0px; min-height: 27px; color: #4c4c4c; font-family: 'Helvetica Neue LT Pro'; font-size: 18px; text-align: center !important; margin: 15px !important 0px 15px !important 0px;\"><img decoding=\"async\" style=\"background-repeat: no-repeat; box-sizing: border-box; margin: 0px; padding: 0px; border: 0px; height: 532.922px; width: 799px; display: block;\" src=\"https:\/\/38picres.cgtn.com\/photoAlbum\/page\/performance\/img\/2025\/9\/23\/1758627671267_562.jpeg\" \/><\/p>\n<p style=\"background-repeat: no-repeat; box-sizing: border-box; padding: 0px; border: 0px; min-height: 27px; color: #4c4c4c; font-family: 'Helvetica Neue LT Pro'; font-size: 18px; margin: 15px !important 0px 15px !important 0px;\">Xi Jinping\u00a0est\u00e1 acompanhado por Wang Huning, presidente do Comit\u00ea Nacional da Confer\u00eancia Consultiva Pol\u00edtica do Povo Chin\u00eas e chefe da delega\u00e7\u00e3o central, bem como por Cai Qi, diretor do Gabinete Geral do Comit\u00ea Central do PCCh. Ambos\u00a0s\u00e3o membros do Comit\u00ea Permanente do Bir\u00f4 Pol\u00edtico do Comit\u00ea Central do PCCh.<\/p>\n","protected":false},"excerpt":{"rendered":"<p>O presidente chin\u00eas, Xi Jinping,\u00a0chegou a Urumqi, capital da Regi\u00e3o Aut\u00f4noma Uigur de Xinjiang, nesta ter\u00e7a-feira\u00a0(23), para participar das celebra\u00e7\u00f5es do 70\u00ba anivers\u00e1rio da funda\u00e7\u00e3o da regi\u00e3o. O l\u00edder chin\u00eas\u00a0e sua\u00a0delega\u00e7\u00e3o receberam uma calorosa recep\u00e7\u00e3o de pessoas de diversos grupos&#8230;<\/p>\n","protected":false},"author":5,"featured_media":0,"comment_status":"open","ping_status":"open","sticky":false,"template":"","format":"standard","meta":{"footnotes":""},"categories":[3],"tags":[],"class_list":["post-9532","post","type-post","status-publish","format-standard","hentry","category-china"],"yoast_head":"<!-- This site is optimized with the Yoast SEO plugin v27.4 - https:\/\/yoast.com\/product\/yoast-seo-wordpress\/ -->\n<title>Xi Jinping chega a Urumqi para as celebra\u00e7\u00f5es do 70\u00ba anivers\u00e1rio da funda\u00e7\u00e3o da Regi\u00e3o Aut\u00f4noma Uigur de Xinjiang - CRI e Diario de Pernambuco<\/title>\n<meta name=\"robots\" content=\"index, follow, max-snippet:-1, max-image-preview:large, max-video-preview:-1\" \/>\n<link rel=\"canonical\" href=\"https:\/\/diariodepe.com.br\/cri\/2025\/09\/23\/xi-jinping-chega-a-urumqi-para-as-celebracoes-do-70o-aniversario-da-fundacao-da-regiao-autonoma-uigur-de-xinjiang\/\" \/>\n<meta property=\"og:locale\" content=\"pt_BR\" \/>\n<meta property=\"og:type\" content=\"article\" \/>\n<meta property=\"og:title\" content=\"Xi Jinping chega a Urumqi para as celebra\u00e7\u00f5es do 70\u00ba anivers\u00e1rio da funda\u00e7\u00e3o da Regi\u00e3o Aut\u00f4noma Uigur de Xinjiang - CRI e Diario de Pernambuco\" \/>\n<meta property=\"og:description\" content=\"O presidente chin\u00eas, Xi Jinping,\u00a0chegou a Urumqi, capital da Regi\u00e3o Aut\u00f4noma Uigur de Xinjiang, nesta ter\u00e7a-feira\u00a0(23), para participar das celebra\u00e7\u00f5es do 70\u00ba anivers\u00e1rio da funda\u00e7\u00e3o da regi\u00e3o. O l\u00edder chin\u00eas\u00a0e sua\u00a0delega\u00e7\u00e3o receberam uma calorosa recep\u00e7\u00e3o de pessoas de diversos grupos...\" \/>\n<meta property=\"og:url\" content=\"https:\/\/diariodepe.com.br\/cri\/2025\/09\/23\/xi-jinping-chega-a-urumqi-para-as-celebracoes-do-70o-aniversario-da-fundacao-da-regiao-autonoma-uigur-de-xinjiang\/\" \/>\n<meta property=\"og:site_name\" content=\"CRI e Diario de Pernambuco\" \/>\n<meta property=\"article:published_time\" content=\"2025-09-24T02:33:33+00:00\" \/>\n<meta property=\"article:modified_time\" content=\"2025-09-25T18:43:13+00:00\" \/>\n<meta property=\"og:image\" content=\"https:\/\/38picres.cgtn.com\/photoAlbum\/page\/performance\/img\/2025\/9\/23\/1758627657270_949.jpeg\" \/>\n<meta name=\"author\" content=\"CRI Portugu\u00eas\" \/>\n<meta name=\"twitter:card\" content=\"summary_large_image\" \/>\n<meta name=\"twitter:label1\" content=\"Escrito por\" \/>\n\t<meta name=\"twitter:data1\" content=\"CRI Portugu\u00eas\" \/>\n\t<meta name=\"twitter:label2\" content=\"Est. tempo de leitura\" \/>\n\t<meta name=\"twitter:data2\" content=\"2 minutos\" \/>\n<script type=\"application\/ld+json\" class=\"yoast-schema-graph\">{\"@context\":\"https:\\\/\\\/schema.org\",\"@graph\":[{\"@type\":\"Article\",\"@id\":\"https:\\\/\\\/diariodepe.com.br\\\/cri\\\/2025\\\/09\\\/23\\\/xi-jinping-chega-a-urumqi-para-as-celebracoes-do-70o-aniversario-da-fundacao-da-regiao-autonoma-uigur-de-xinjiang\\\/#article\",\"isPartOf\":{\"@id\":\"https:\\\/\\\/diariodepe.com.br\\\/cri\\\/2025\\\/09\\\/23\\\/xi-jinping-chega-a-urumqi-para-as-celebracoes-do-70o-aniversario-da-fundacao-da-regiao-autonoma-uigur-de-xinjiang\\\/\"},\"author\":{\"name\":\"CRI Portugu\u00eas\",\"@id\":\"https:\\\/\\\/diariodepe.com.br\\\/cri\\\/#\\\/schema\\\/person\\\/e474aead631cd4098632e11d3fbce118\"},\"headline\":\"Xi Jinping chega a Urumqi para as celebra\u00e7\u00f5es do 70\u00ba anivers\u00e1rio da funda\u00e7\u00e3o da Regi\u00e3o Aut\u00f4noma Uigur de Xinjiang\",\"datePublished\":\"2025-09-24T02:33:33+00:00\",\"dateModified\":\"2025-09-25T18:43:13+00:00\",\"mainEntityOfPage\":{\"@id\":\"https:\\\/\\\/diariodepe.com.br\\\/cri\\\/2025\\\/09\\\/23\\\/xi-jinping-chega-a-urumqi-para-as-celebracoes-do-70o-aniversario-da-fundacao-da-regiao-autonoma-uigur-de-xinjiang\\\/\"},\"wordCount\":145,\"commentCount\":0,\"publisher\":{\"@id\":\"https:\\\/\\\/diariodepe.com.br\\\/cri\\\/#organization\"},\"image\":{\"@id\":\"https:\\\/\\\/diariodepe.com.br\\\/cri\\\/2025\\\/09\\\/23\\\/xi-jinping-chega-a-urumqi-para-as-celebracoes-do-70o-aniversario-da-fundacao-da-regiao-autonoma-uigur-de-xinjiang\\\/#primaryimage\"},\"thumbnailUrl\":\"https:\\\/\\\/38picres.cgtn.com\\\/photoAlbum\\\/page\\\/performance\\\/img\\\/2025\\\/9\\\/23\\\/1758627657270_949.jpeg\",\"articleSection\":[\"China\"],\"inLanguage\":\"pt-BR\",\"potentialAction\":[{\"@type\":\"CommentAction\",\"name\":\"Comment\",\"target\":[\"https:\\\/\\\/diariodepe.com.br\\\/cri\\\/2025\\\/09\\\/23\\\/xi-jinping-chega-a-urumqi-para-as-celebracoes-do-70o-aniversario-da-fundacao-da-regiao-autonoma-uigur-de-xinjiang\\\/#respond\"]}]},{\"@type\":\"WebPage\",\"@id\":\"https:\\\/\\\/diariodepe.com.br\\\/cri\\\/2025\\\/09\\\/23\\\/xi-jinping-chega-a-urumqi-para-as-celebracoes-do-70o-aniversario-da-fundacao-da-regiao-autonoma-uigur-de-xinjiang\\\/\",\"url\":\"https:\\\/\\\/diariodepe.com.br\\\/cri\\\/2025\\\/09\\\/23\\\/xi-jinping-chega-a-urumqi-para-as-celebracoes-do-70o-aniversario-da-fundacao-da-regiao-autonoma-uigur-de-xinjiang\\\/\",\"name\":\"Xi Jinping chega a Urumqi para as celebra\u00e7\u00f5es do 70\u00ba anivers\u00e1rio da funda\u00e7\u00e3o da Regi\u00e3o Aut\u00f4noma Uigur de Xinjiang - CRI e Diario de Pernambuco\",\"isPartOf\":{\"@id\":\"https:\\\/\\\/diariodepe.com.br\\\/cri\\\/#website\"},\"primaryImageOfPage\":{\"@id\":\"https:\\\/\\\/diariodepe.com.br\\\/cri\\\/2025\\\/09\\\/23\\\/xi-jinping-chega-a-urumqi-para-as-celebracoes-do-70o-aniversario-da-fundacao-da-regiao-autonoma-uigur-de-xinjiang\\\/#primaryimage\"},\"image\":{\"@id\":\"https:\\\/\\\/diariodepe.com.br\\\/cri\\\/2025\\\/09\\\/23\\\/xi-jinping-chega-a-urumqi-para-as-celebracoes-do-70o-aniversario-da-fundacao-da-regiao-autonoma-uigur-de-xinjiang\\\/#primaryimage\"},\"thumbnailUrl\":\"https:\\\/\\\/38picres.cgtn.com\\\/photoAlbum\\\/page\\\/performance\\\/img\\\/2025\\\/9\\\/23\\\/1758627657270_949.jpeg\",\"datePublished\":\"2025-09-24T02:33:33+00:00\",\"dateModified\":\"2025-09-25T18:43:13+00:00\",\"breadcrumb\":{\"@id\":\"https:\\\/\\\/diariodepe.com.br\\\/cri\\\/2025\\\/09\\\/23\\\/xi-jinping-chega-a-urumqi-para-as-celebracoes-do-70o-aniversario-da-fundacao-da-regiao-autonoma-uigur-de-xinjiang\\\/#breadcrumb\"},\"inLanguage\":\"pt-BR\",\"potentialAction\":[{\"@type\":\"ReadAction\",\"target\":[\"https:\\\/\\\/diariodepe.com.br\\\/cri\\\/2025\\\/09\\\/23\\\/xi-jinping-chega-a-urumqi-para-as-celebracoes-do-70o-aniversario-da-fundacao-da-regiao-autonoma-uigur-de-xinjiang\\\/\"]}]},{\"@type\":\"ImageObject\",\"inLanguage\":\"pt-BR\",\"@id\":\"https:\\\/\\\/diariodepe.com.br\\\/cri\\\/2025\\\/09\\\/23\\\/xi-jinping-chega-a-urumqi-para-as-celebracoes-do-70o-aniversario-da-fundacao-da-regiao-autonoma-uigur-de-xinjiang\\\/#primaryimage\",\"url\":\"https:\\\/\\\/38picres.cgtn.com\\\/photoAlbum\\\/page\\\/performance\\\/img\\\/2025\\\/9\\\/23\\\/1758627657270_949.jpeg\",\"contentUrl\":\"https:\\\/\\\/38picres.cgtn.com\\\/photoAlbum\\\/page\\\/performance\\\/img\\\/2025\\\/9\\\/23\\\/1758627657270_949.jpeg\"},{\"@type\":\"BreadcrumbList\",\"@id\":\"https:\\\/\\\/diariodepe.com.br\\\/cri\\\/2025\\\/09\\\/23\\\/xi-jinping-chega-a-urumqi-para-as-celebracoes-do-70o-aniversario-da-fundacao-da-regiao-autonoma-uigur-de-xinjiang\\\/#breadcrumb\",\"itemListElement\":[{\"@type\":\"ListItem\",\"position\":1,\"name\":\"In\u00edcio\",\"item\":\"https:\\\/\\\/diariodepe.com.br\\\/cri\\\/\"},{\"@type\":\"ListItem\",\"position\":2,\"name\":\"Xi Jinping chega a Urumqi para as celebra\u00e7\u00f5es do 70\u00ba anivers\u00e1rio da funda\u00e7\u00e3o da Regi\u00e3o Aut\u00f4noma Uigur de Xinjiang\"}]},{\"@type\":\"WebSite\",\"@id\":\"https:\\\/\\\/diariodepe.com.br\\\/cri\\\/#website\",\"url\":\"https:\\\/\\\/diariodepe.com.br\\\/cri\\\/\",\"name\":\"CRI e Diario de Pernambuco\",\"description\":\"R\u00e1dio Internacional da China\",\"publisher\":{\"@id\":\"https:\\\/\\\/diariodepe.com.br\\\/cri\\\/#organization\"},\"potentialAction\":[{\"@type\":\"SearchAction\",\"target\":{\"@type\":\"EntryPoint\",\"urlTemplate\":\"https:\\\/\\\/diariodepe.com.br\\\/cri\\\/?s={search_term_string}\"},\"query-input\":{\"@type\":\"PropertyValueSpecification\",\"valueRequired\":true,\"valueName\":\"search_term_string\"}}],\"inLanguage\":\"pt-BR\"},{\"@type\":\"Organization\",\"@id\":\"https:\\\/\\\/diariodepe.com.br\\\/cri\\\/#organization\",\"name\":\"CRI e Diario de Pernambuco\",\"url\":\"https:\\\/\\\/diariodepe.com.br\\\/cri\\\/\",\"logo\":{\"@type\":\"ImageObject\",\"inLanguage\":\"pt-BR\",\"@id\":\"https:\\\/\\\/diariodepe.com.br\\\/cri\\\/#\\\/schema\\\/logo\\\/image\\\/\",\"url\":\"https:\\\/\\\/diariodepe.com.br\\\/cri\\\/wp-content\\\/uploads\\\/sites\\\/2\\\/2022\\\/12\\\/cropped-Logo.jpg\",\"contentUrl\":\"https:\\\/\\\/diariodepe.com.br\\\/cri\\\/wp-content\\\/uploads\\\/sites\\\/2\\\/2022\\\/12\\\/cropped-Logo.jpg\",\"width\":700,\"height\":59,\"caption\":\"CRI e Diario de Pernambuco\"},\"image\":{\"@id\":\"https:\\\/\\\/diariodepe.com.br\\\/cri\\\/#\\\/schema\\\/logo\\\/image\\\/\"}},{\"@type\":\"Person\",\"@id\":\"https:\\\/\\\/diariodepe.com.br\\\/cri\\\/#\\\/schema\\\/person\\\/e474aead631cd4098632e11d3fbce118\",\"name\":\"CRI Portugu\u00eas\",\"image\":{\"@type\":\"ImageObject\",\"inLanguage\":\"pt-BR\",\"@id\":\"https:\\\/\\\/secure.gravatar.com\\\/avatar\\\/e2ac889ef882d4dc53091b610766dce49106cf9fe98c76e06745abb0993b2763?s=96&d=mm&r=g\",\"url\":\"https:\\\/\\\/secure.gravatar.com\\\/avatar\\\/e2ac889ef882d4dc53091b610766dce49106cf9fe98c76e06745abb0993b2763?s=96&d=mm&r=g\",\"contentUrl\":\"https:\\\/\\\/secure.gravatar.com\\\/avatar\\\/e2ac889ef882d4dc53091b610766dce49106cf9fe98c76e06745abb0993b2763?s=96&d=mm&r=g\",\"caption\":\"CRI Portugu\u00eas\"},\"sameAs\":[\"https:\\\/\\\/www.diariodepernambuco.com.br\\\/\"],\"url\":\"https:\\\/\\\/diariodepe.com.br\\\/cri\\\/author\\\/agencia-cri\\\/\"}]}<\/script>\n<!-- \/ Yoast SEO plugin. -->","yoast_head_json":{"title":"Xi Jinping chega a Urumqi para as celebra\u00e7\u00f5es do 70\u00ba anivers\u00e1rio da funda\u00e7\u00e3o da Regi\u00e3o Aut\u00f4noma Uigur de Xinjiang - CRI e Diario de Pernambuco","robots":{"index":"index","follow":"follow","max-snippet":"max-snippet:-1","max-image-preview":"max-image-preview:large","max-video-preview":"max-video-preview:-1"},"canonical":"https:\/\/diariodepe.com.br\/cri\/2025\/09\/23\/xi-jinping-chega-a-urumqi-para-as-celebracoes-do-70o-aniversario-da-fundacao-da-regiao-autonoma-uigur-de-xinjiang\/","og_locale":"pt_BR","og_type":"article","og_title":"Xi Jinping chega a Urumqi para as celebra\u00e7\u00f5es do 70\u00ba anivers\u00e1rio da funda\u00e7\u00e3o da Regi\u00e3o Aut\u00f4noma Uigur de Xinjiang - CRI e Diario de Pernambuco","og_description":"O presidente chin\u00eas, Xi Jinping,\u00a0chegou a Urumqi, capital da Regi\u00e3o Aut\u00f4noma Uigur de Xinjiang, nesta ter\u00e7a-feira\u00a0(23), para participar das celebra\u00e7\u00f5es do 70\u00ba anivers\u00e1rio da funda\u00e7\u00e3o da regi\u00e3o. O l\u00edder chin\u00eas\u00a0e sua\u00a0delega\u00e7\u00e3o receberam uma calorosa recep\u00e7\u00e3o de pessoas de diversos grupos...","og_url":"https:\/\/diariodepe.com.br\/cri\/2025\/09\/23\/xi-jinping-chega-a-urumqi-para-as-celebracoes-do-70o-aniversario-da-fundacao-da-regiao-autonoma-uigur-de-xinjiang\/","og_site_name":"CRI e Diario de Pernambuco","article_published_time":"2025-09-24T02:33:33+00:00","article_modified_time":"2025-09-25T18:43:13+00:00","og_image":[{"url":"https:\/\/38picres.cgtn.com\/photoAlbum\/page\/performance\/img\/2025\/9\/23\/1758627657270_949.jpeg","type":"","width":"","height":""}],"author":"CRI Portugu\u00eas","twitter_card":"summary_large_image","twitter_misc":{"Escrito por":"CRI Portugu\u00eas","Est. tempo de leitura":"2 minutos"},"schema":{"@context":"https:\/\/schema.org","@graph":[{"@type":"Article","@id":"https:\/\/diariodepe.com.br\/cri\/2025\/09\/23\/xi-jinping-chega-a-urumqi-para-as-celebracoes-do-70o-aniversario-da-fundacao-da-regiao-autonoma-uigur-de-xinjiang\/#article","isPartOf":{"@id":"https:\/\/diariodepe.com.br\/cri\/2025\/09\/23\/xi-jinping-chega-a-urumqi-para-as-celebracoes-do-70o-aniversario-da-fundacao-da-regiao-autonoma-uigur-de-xinjiang\/"},"author":{"name":"CRI Portugu\u00eas","@id":"https:\/\/diariodepe.com.br\/cri\/#\/schema\/person\/e474aead631cd4098632e11d3fbce118"},"headline":"Xi Jinping chega a Urumqi para as celebra\u00e7\u00f5es do 70\u00ba anivers\u00e1rio da funda\u00e7\u00e3o da Regi\u00e3o Aut\u00f4noma Uigur de Xinjiang","datePublished":"2025-09-24T02:33:33+00:00","dateModified":"2025-09-25T18:43:13+00:00","mainEntityOfPage":{"@id":"https:\/\/diariodepe.com.br\/cri\/2025\/09\/23\/xi-jinping-chega-a-urumqi-para-as-celebracoes-do-70o-aniversario-da-fundacao-da-regiao-autonoma-uigur-de-xinjiang\/"},"wordCount":145,"commentCount":0,"publisher":{"@id":"https:\/\/diariodepe.com.br\/cri\/#organization"},"image":{"@id":"https:\/\/diariodepe.com.br\/cri\/2025\/09\/23\/xi-jinping-chega-a-urumqi-para-as-celebracoes-do-70o-aniversario-da-fundacao-da-regiao-autonoma-uigur-de-xinjiang\/#primaryimage"},"thumbnailUrl":"https:\/\/38picres.cgtn.com\/photoAlbum\/page\/performance\/img\/2025\/9\/23\/1758627657270_949.jpeg","articleSection":["China"],"inLanguage":"pt-BR","potentialAction":[{"@type":"CommentAction","name":"Comment","target":["https:\/\/diariodepe.com.br\/cri\/2025\/09\/23\/xi-jinping-chega-a-urumqi-para-as-celebracoes-do-70o-aniversario-da-fundacao-da-regiao-autonoma-uigur-de-xinjiang\/#respond"]}]},{"@type":"WebPage","@id":"https:\/\/diariodepe.com.br\/cri\/2025\/09\/23\/xi-jinping-chega-a-urumqi-para-as-celebracoes-do-70o-aniversario-da-fundacao-da-regiao-autonoma-uigur-de-xinjiang\/","url":"https:\/\/diariodepe.com.br\/cri\/2025\/09\/23\/xi-jinping-chega-a-urumqi-para-as-celebracoes-do-70o-aniversario-da-fundacao-da-regiao-autonoma-uigur-de-xinjiang\/","name":"Xi Jinping chega a Urumqi para as celebra\u00e7\u00f5es do 70\u00ba anivers\u00e1rio da funda\u00e7\u00e3o da Regi\u00e3o Aut\u00f4noma Uigur de Xinjiang - CRI e Diario de Pernambuco","isPartOf":{"@id":"https:\/\/diariodepe.com.br\/cri\/#website"},"primaryImageOfPage":{"@id":"https:\/\/diariodepe.com.br\/cri\/2025\/09\/23\/xi-jinping-chega-a-urumqi-para-as-celebracoes-do-70o-aniversario-da-fundacao-da-regiao-autonoma-uigur-de-xinjiang\/#primaryimage"},"image":{"@id":"https:\/\/diariodepe.com.br\/cri\/2025\/09\/23\/xi-jinping-chega-a-urumqi-para-as-celebracoes-do-70o-aniversario-da-fundacao-da-regiao-autonoma-uigur-de-xinjiang\/#primaryimage"},"thumbnailUrl":"https:\/\/38picres.cgtn.com\/photoAlbum\/page\/performance\/img\/2025\/9\/23\/1758627657270_949.jpeg","datePublished":"2025-09-24T02:33:33+00:00","dateModified":"2025-09-25T18:43:13+00:00","breadcrumb":{"@id":"https:\/\/diariodepe.com.br\/cri\/2025\/09\/23\/xi-jinping-chega-a-urumqi-para-as-celebracoes-do-70o-aniversario-da-fundacao-da-regiao-autonoma-uigur-de-xinjiang\/#breadcrumb"},"inLanguage":"pt-BR","potentialAction":[{"@type":"ReadAction","target":["https:\/\/diariodepe.com.br\/cri\/2025\/09\/23\/xi-jinping-chega-a-urumqi-para-as-celebracoes-do-70o-aniversario-da-fundacao-da-regiao-autonoma-uigur-de-xinjiang\/"]}]},{"@type":"ImageObject","inLanguage":"pt-BR","@id":"https:\/\/diariodepe.com.br\/cri\/2025\/09\/23\/xi-jinping-chega-a-urumqi-para-as-celebracoes-do-70o-aniversario-da-fundacao-da-regiao-autonoma-uigur-de-xinjiang\/#primaryimage","url":"https:\/\/38picres.cgtn.com\/photoAlbum\/page\/performance\/img\/2025\/9\/23\/1758627657270_949.jpeg","contentUrl":"https:\/\/38picres.cgtn.com\/photoAlbum\/page\/performance\/img\/2025\/9\/23\/1758627657270_949.jpeg"},{"@type":"BreadcrumbList","@id":"https:\/\/diariodepe.com.br\/cri\/2025\/09\/23\/xi-jinping-chega-a-urumqi-para-as-celebracoes-do-70o-aniversario-da-fundacao-da-regiao-autonoma-uigur-de-xinjiang\/#breadcrumb","itemListElement":[{"@type":"ListItem","position":1,"name":"In\u00edcio","item":"https:\/\/diariodepe.com.br\/cri\/"},{"@type":"ListItem","position":2,"name":"Xi Jinping chega a Urumqi para as celebra\u00e7\u00f5es do 70\u00ba anivers\u00e1rio da funda\u00e7\u00e3o da Regi\u00e3o Aut\u00f4noma Uigur de Xinjiang"}]},{"@type":"WebSite","@id":"https:\/\/diariodepe.com.br\/cri\/#website","url":"https:\/\/diariodepe.com.br\/cri\/","name":"CRI e Diario de Pernambuco","description":"R\u00e1dio Internacional da China","publisher":{"@id":"https:\/\/diariodepe.com.br\/cri\/#organization"},"potentialAction":[{"@type":"SearchAction","target":{"@type":"EntryPoint","urlTemplate":"https:\/\/diariodepe.com.br\/cri\/?s={search_term_string}"},"query-input":{"@type":"PropertyValueSpecification","valueRequired":true,"valueName":"search_term_string"}}],"inLanguage":"pt-BR"},{"@type":"Organization","@id":"https:\/\/diariodepe.com.br\/cri\/#organization","name":"CRI e Diario de Pernambuco","url":"https:\/\/diariodepe.com.br\/cri\/","logo":{"@type":"ImageObject","inLanguage":"pt-BR","@id":"https:\/\/diariodepe.com.br\/cri\/#\/schema\/logo\/image\/","url":"https:\/\/diariodepe.com.br\/cri\/wp-content\/uploads\/sites\/2\/2022\/12\/cropped-Logo.jpg","contentUrl":"https:\/\/diariodepe.com.br\/cri\/wp-content\/uploads\/sites\/2\/2022\/12\/cropped-Logo.jpg","width":700,"height":59,"caption":"CRI e Diario de Pernambuco"},"image":{"@id":"https:\/\/diariodepe.com.br\/cri\/#\/schema\/logo\/image\/"}},{"@type":"Person","@id":"https:\/\/diariodepe.com.br\/cri\/#\/schema\/person\/e474aead631cd4098632e11d3fbce118","name":"CRI Portugu\u00eas","image":{"@type":"ImageObject","inLanguage":"pt-BR","@id":"https:\/\/secure.gravatar.com\/avatar\/e2ac889ef882d4dc53091b610766dce49106cf9fe98c76e06745abb0993b2763?s=96&d=mm&r=g","url":"https:\/\/secure.gravatar.com\/avatar\/e2ac889ef882d4dc53091b610766dce49106cf9fe98c76e06745abb0993b2763?s=96&d=mm&r=g","contentUrl":"https:\/\/secure.gravatar.com\/avatar\/e2ac889ef882d4dc53091b610766dce49106cf9fe98c76e06745abb0993b2763?s=96&d=mm&r=g","caption":"CRI Portugu\u00eas"},"sameAs":["https:\/\/www.diariodepernambuco.com.br\/"],"url":"https:\/\/diariodepe.com.br\/cri\/author\/agencia-cri\/"}]}},"cc_featured_image_caption":{"caption_text":false,"source_text":false,"source_url":false},"amp_enabled":true,"_links":{"self":[{"href":"https:\/\/diariodepe.com.br\/cri\/wp-json\/wp\/v2\/posts\/9532","targetHints":{"allow":["GET"]}}],"collection":[{"href":"https:\/\/diariodepe.com.br\/cri\/wp-json\/wp\/v2\/posts"}],"about":[{"href":"https:\/\/diariodepe.com.br\/cri\/wp-json\/wp\/v2\/types\/post"}],"author":[{"embeddable":true,"href":"https:\/\/diariodepe.com.br\/cri\/wp-json\/wp\/v2\/users\/5"}],"replies":[{"embeddable":true,"href":"https:\/\/diariodepe.com.br\/cri\/wp-json\/wp\/v2\/comments?post=9532"}],"version-history":[{"count":1,"href":"https:\/\/diariodepe.com.br\/cri\/wp-json\/wp\/v2\/posts\/9532\/revisions"}],"predecessor-version":[{"id":9533,"href":"https:\/\/diariodepe.com.br\/cri\/wp-json\/wp\/v2\/posts\/9532\/revisions\/9533"}],"wp:attachment":[{"href":"https:\/\/diariodepe.com.br\/cri\/wp-json\/wp\/v2\/media?parent=9532"}],"wp:term":[{"taxonomy":"category","embeddable":true,"href":"https:\/\/diariodepe.com.br\/cri\/wp-json\/wp\/v2\/categories?post=9532"},{"taxonomy":"post_tag","embeddable":true,"href":"https:\/\/diariodepe.com.br\/cri\/wp-json\/wp\/v2\/tags?post=9532"}],"curies":[{"name":"wp","href":"https:\/\/api.w.org\/{rel}","templated":true}]}}