{"id":9507,"date":"2025-09-22T00:17:36","date_gmt":"2025-09-22T03:17:36","guid":{"rendered":"https:\/\/diariodepe.com.br\/cri\/?p=9507"},"modified":"2025-09-25T15:43:15","modified_gmt":"2025-09-25T18:43:15","slug":"presidente-do-ira-concede-entrevista-exclusiva-ao-cmg","status":"publish","type":"post","link":"https:\/\/diariodepe.com.br\/cri\/2025\/09\/22\/presidente-do-ira-concede-entrevista-exclusiva-ao-cmg\/","title":{"rendered":"Presidente do Ir\u00e3 concede entrevista exclusiva ao CMG"},"content":{"rendered":"<p><img decoding=\"async\" src=\"https:\/\/38picres.cgtn.com\/photoAlbum\/page\/performance\/img\/2025\/9\/20\/1758363925113_608.jpeg\" \/><\/p>\n<p>O presidente do Ir\u00e3, Masoud Pezeshkian, concedeu uma entrevista exclusiva ao Grupo de M\u00eddia da China (CMG, na sigla em ingl\u00eas), durante sua visita \u00e0 China para participar da c\u00fapula da Organiza\u00e7\u00e3o de Coopera\u00e7\u00e3o de Shanghai (OCS).<\/p>\n<p>Esta visita marca a primeira viagem oficial do presidente Pezeshkian \u00e0 China desde sua elei\u00e7\u00e3o em julho do ano passado. Ele destacou que a visita \u00e9 uma excelente oportunidade e valorizou a Iniciativa de Governan\u00e7a Global, proposta pela China, que enfatiza o fortalecimento dos interc\u00e2mbios intergovernamentais, defende o respeito m\u00fatuo \u00e0 soberania e \u00e0 integridade territorial, e insiste que todos os pa\u00edses sejam tratados com igualdade.<\/p>\n<p>O presidente iraniano ressaltou que espera ver essas vis\u00f5es transformadas em a\u00e7\u00e3o para construir um mundo pac\u00edfico, seguro, est\u00e1vel, justo e equitativo, e afirmou que o Ir\u00e3 trabalhar\u00e1 com a China para combater o unilateralismo e a pol\u00edtica de poder.<\/p>\n<p><img decoding=\"async\" src=\"https:\/\/38picres.cgtn.com\/photoAlbum\/page\/performance\/img\/2025\/9\/20\/1758363960668_531.jpeg\" \/><\/p>\n<p>Em rela\u00e7\u00e3o \u00e0 proposta dos Estados Unidos, que exigiu que o Ir\u00e3 abandonasse completamente o enriquecimento de ur\u00e2nio, Pezeshkian salientou que se trata da l\u00f3gica hegem\u00f4nica. \u201cOs Estados Unidos querem impor isso atrav\u00e9s de intimida\u00e7\u00e3o. Eles bombardearam nossas instala\u00e7\u00f5es nucleares e t\u00eam poder militar. Mas n\u00f3s, iranianos, temos ideias, capacidades e habilidades. Construiremos nosso pa\u00eds com determina\u00e7\u00e3o. Eles n\u00e3o podem negar os direitos conferidos pelo direito internacional aos pa\u00edses, nem privar as na\u00e7\u00f5es de desenvolver tecnologia de forma pac\u00edfica\u201d, completou o presidente iraniano.<\/p>\n<p><img decoding=\"async\" src=\"https:\/\/38picres.cgtn.com\/photoAlbum\/page\/performance\/img\/2025\/9\/20\/1758363971750_254.jpeg\" \/><\/p>\n<p>Destacou, ainda, que os pa\u00edses da regi\u00e3o e todos que buscam justi\u00e7a n\u00e3o devem se curvar ao hegemonismo e que nenhum povo que preze a liberdade se submeter\u00e1 \u00e0 for\u00e7a bruta.<\/p>\n<p>Na entrevista, Pezeshkian tamb\u00e9m apontou que os fatores cruciais para alcan\u00e7ar a paz e a estabilidade no Oriente M\u00e9dio s\u00e3o a coopera\u00e7\u00e3o solid\u00e1ria entre os pa\u00edses, o respeito \u00e0 integridade territorial e a promo\u00e7\u00e3o de colabora\u00e7\u00e3o m\u00fatua. Ele afirmou que devemos reconhecer que qualquer na\u00e7\u00e3o, independentemente de status, poder ou riqueza, tem direito \u00e0 sua cultura e costumes, e pode cooperar com outras no com\u00e9rcio, na ind\u00fastria, na intelig\u00eancia artificial e nas \u00e1reas digitais.<\/p>\n<p>Segundo o presidente, a Iniciativa de Governan\u00e7a Global contribui para a solu\u00e7\u00e3o, assim como o cumprimento do direito internacional. \u201cPrecisamos nos sentar juntos e criar um sistema que n\u00e3o viole os direitos e que permita o apoio m\u00fatuo e a solu\u00e7\u00e3o de problemas. Podemos gerar oportunidades e ampliar interc\u00e2mbios. Essa, em vez da pol\u00edtica de poder, do hegemonismo ou do bullying, \u00e9 a l\u00f3gica clara para o desenvolvimento global&#8221;, completou o presidente Pezeshkian.<\/p>\n","protected":false},"excerpt":{"rendered":"<p>O presidente do Ir\u00e3, Masoud Pezeshkian, concedeu uma entrevista exclusiva ao Grupo de M\u00eddia da China (CMG, na sigla em ingl\u00eas), durante sua visita \u00e0 China para participar da c\u00fapula da Organiza\u00e7\u00e3o de Coopera\u00e7\u00e3o de Shanghai (OCS). Esta visita marca&#8230;<\/p>\n","protected":false},"author":5,"featured_media":0,"comment_status":"open","ping_status":"open","sticky":false,"template":"","format":"standard","meta":{"footnotes":""},"categories":[3],"tags":[],"class_list":["post-9507","post","type-post","status-publish","format-standard","hentry","category-china"],"yoast_head":"<!-- This site is optimized with the Yoast SEO plugin v27.4 - https:\/\/yoast.com\/product\/yoast-seo-wordpress\/ -->\n<title>Presidente do Ir\u00e3 concede entrevista exclusiva ao CMG - CRI e Diario de Pernambuco<\/title>\n<meta name=\"robots\" content=\"index, follow, max-snippet:-1, max-image-preview:large, max-video-preview:-1\" \/>\n<link rel=\"canonical\" href=\"https:\/\/diariodepe.com.br\/cri\/2025\/09\/22\/presidente-do-ira-concede-entrevista-exclusiva-ao-cmg\/\" \/>\n<meta property=\"og:locale\" content=\"pt_BR\" \/>\n<meta property=\"og:type\" content=\"article\" \/>\n<meta property=\"og:title\" content=\"Presidente do Ir\u00e3 concede entrevista exclusiva ao CMG - CRI e Diario de Pernambuco\" \/>\n<meta property=\"og:description\" content=\"O presidente do Ir\u00e3, Masoud Pezeshkian, concedeu uma entrevista exclusiva ao Grupo de M\u00eddia da China (CMG, na sigla em ingl\u00eas), durante sua visita \u00e0 China para participar da c\u00fapula da Organiza\u00e7\u00e3o de Coopera\u00e7\u00e3o de Shanghai (OCS). Esta visita marca...\" \/>\n<meta property=\"og:url\" content=\"https:\/\/diariodepe.com.br\/cri\/2025\/09\/22\/presidente-do-ira-concede-entrevista-exclusiva-ao-cmg\/\" \/>\n<meta property=\"og:site_name\" content=\"CRI e Diario de Pernambuco\" \/>\n<meta property=\"article:published_time\" content=\"2025-09-22T03:17:36+00:00\" \/>\n<meta property=\"article:modified_time\" content=\"2025-09-25T18:43:15+00:00\" \/>\n<meta property=\"og:image\" content=\"https:\/\/38picres.cgtn.com\/photoAlbum\/page\/performance\/img\/2025\/9\/20\/1758363925113_608.jpeg\" \/>\n<meta name=\"author\" content=\"CRI Portugu\u00eas\" \/>\n<meta name=\"twitter:card\" content=\"summary_large_image\" \/>\n<meta name=\"twitter:label1\" content=\"Escrito por\" \/>\n\t<meta name=\"twitter:data1\" content=\"CRI Portugu\u00eas\" \/>\n<script type=\"application\/ld+json\" class=\"yoast-schema-graph\">{\"@context\":\"https:\\\/\\\/schema.org\",\"@graph\":[{\"@type\":\"Article\",\"@id\":\"https:\\\/\\\/diariodepe.com.br\\\/cri\\\/2025\\\/09\\\/22\\\/presidente-do-ira-concede-entrevista-exclusiva-ao-cmg\\\/#article\",\"isPartOf\":{\"@id\":\"https:\\\/\\\/diariodepe.com.br\\\/cri\\\/2025\\\/09\\\/22\\\/presidente-do-ira-concede-entrevista-exclusiva-ao-cmg\\\/\"},\"author\":{\"name\":\"CRI Portugu\u00eas\",\"@id\":\"https:\\\/\\\/diariodepe.com.br\\\/cri\\\/#\\\/schema\\\/person\\\/e474aead631cd4098632e11d3fbce118\"},\"headline\":\"Presidente do Ir\u00e3 concede entrevista exclusiva ao CMG\",\"datePublished\":\"2025-09-22T03:17:36+00:00\",\"dateModified\":\"2025-09-25T18:43:15+00:00\",\"mainEntityOfPage\":{\"@id\":\"https:\\\/\\\/diariodepe.com.br\\\/cri\\\/2025\\\/09\\\/22\\\/presidente-do-ira-concede-entrevista-exclusiva-ao-cmg\\\/\"},\"wordCount\":459,\"commentCount\":0,\"publisher\":{\"@id\":\"https:\\\/\\\/diariodepe.com.br\\\/cri\\\/#organization\"},\"image\":{\"@id\":\"https:\\\/\\\/diariodepe.com.br\\\/cri\\\/2025\\\/09\\\/22\\\/presidente-do-ira-concede-entrevista-exclusiva-ao-cmg\\\/#primaryimage\"},\"thumbnailUrl\":\"https:\\\/\\\/38picres.cgtn.com\\\/photoAlbum\\\/page\\\/performance\\\/img\\\/2025\\\/9\\\/20\\\/1758363925113_608.jpeg\",\"articleSection\":[\"China\"],\"inLanguage\":\"pt-BR\",\"potentialAction\":[{\"@type\":\"CommentAction\",\"name\":\"Comment\",\"target\":[\"https:\\\/\\\/diariodepe.com.br\\\/cri\\\/2025\\\/09\\\/22\\\/presidente-do-ira-concede-entrevista-exclusiva-ao-cmg\\\/#respond\"]}]},{\"@type\":\"WebPage\",\"@id\":\"https:\\\/\\\/diariodepe.com.br\\\/cri\\\/2025\\\/09\\\/22\\\/presidente-do-ira-concede-entrevista-exclusiva-ao-cmg\\\/\",\"url\":\"https:\\\/\\\/diariodepe.com.br\\\/cri\\\/2025\\\/09\\\/22\\\/presidente-do-ira-concede-entrevista-exclusiva-ao-cmg\\\/\",\"name\":\"Presidente do Ir\u00e3 concede entrevista exclusiva ao CMG - CRI e Diario de Pernambuco\",\"isPartOf\":{\"@id\":\"https:\\\/\\\/diariodepe.com.br\\\/cri\\\/#website\"},\"primaryImageOfPage\":{\"@id\":\"https:\\\/\\\/diariodepe.com.br\\\/cri\\\/2025\\\/09\\\/22\\\/presidente-do-ira-concede-entrevista-exclusiva-ao-cmg\\\/#primaryimage\"},\"image\":{\"@id\":\"https:\\\/\\\/diariodepe.com.br\\\/cri\\\/2025\\\/09\\\/22\\\/presidente-do-ira-concede-entrevista-exclusiva-ao-cmg\\\/#primaryimage\"},\"thumbnailUrl\":\"https:\\\/\\\/38picres.cgtn.com\\\/photoAlbum\\\/page\\\/performance\\\/img\\\/2025\\\/9\\\/20\\\/1758363925113_608.jpeg\",\"datePublished\":\"2025-09-22T03:17:36+00:00\",\"dateModified\":\"2025-09-25T18:43:15+00:00\",\"breadcrumb\":{\"@id\":\"https:\\\/\\\/diariodepe.com.br\\\/cri\\\/2025\\\/09\\\/22\\\/presidente-do-ira-concede-entrevista-exclusiva-ao-cmg\\\/#breadcrumb\"},\"inLanguage\":\"pt-BR\",\"potentialAction\":[{\"@type\":\"ReadAction\",\"target\":[\"https:\\\/\\\/diariodepe.com.br\\\/cri\\\/2025\\\/09\\\/22\\\/presidente-do-ira-concede-entrevista-exclusiva-ao-cmg\\\/\"]}]},{\"@type\":\"ImageObject\",\"inLanguage\":\"pt-BR\",\"@id\":\"https:\\\/\\\/diariodepe.com.br\\\/cri\\\/2025\\\/09\\\/22\\\/presidente-do-ira-concede-entrevista-exclusiva-ao-cmg\\\/#primaryimage\",\"url\":\"https:\\\/\\\/38picres.cgtn.com\\\/photoAlbum\\\/page\\\/performance\\\/img\\\/2025\\\/9\\\/20\\\/1758363925113_608.jpeg\",\"contentUrl\":\"https:\\\/\\\/38picres.cgtn.com\\\/photoAlbum\\\/page\\\/performance\\\/img\\\/2025\\\/9\\\/20\\\/1758363925113_608.jpeg\"},{\"@type\":\"BreadcrumbList\",\"@id\":\"https:\\\/\\\/diariodepe.com.br\\\/cri\\\/2025\\\/09\\\/22\\\/presidente-do-ira-concede-entrevista-exclusiva-ao-cmg\\\/#breadcrumb\",\"itemListElement\":[{\"@type\":\"ListItem\",\"position\":1,\"name\":\"In\u00edcio\",\"item\":\"https:\\\/\\\/diariodepe.com.br\\\/cri\\\/\"},{\"@type\":\"ListItem\",\"position\":2,\"name\":\"Presidente do Ir\u00e3 concede entrevista exclusiva ao CMG\"}]},{\"@type\":\"WebSite\",\"@id\":\"https:\\\/\\\/diariodepe.com.br\\\/cri\\\/#website\",\"url\":\"https:\\\/\\\/diariodepe.com.br\\\/cri\\\/\",\"name\":\"CRI e Diario de Pernambuco\",\"description\":\"R\u00e1dio Internacional da China\",\"publisher\":{\"@id\":\"https:\\\/\\\/diariodepe.com.br\\\/cri\\\/#organization\"},\"potentialAction\":[{\"@type\":\"SearchAction\",\"target\":{\"@type\":\"EntryPoint\",\"urlTemplate\":\"https:\\\/\\\/diariodepe.com.br\\\/cri\\\/?s={search_term_string}\"},\"query-input\":{\"@type\":\"PropertyValueSpecification\",\"valueRequired\":true,\"valueName\":\"search_term_string\"}}],\"inLanguage\":\"pt-BR\"},{\"@type\":\"Organization\",\"@id\":\"https:\\\/\\\/diariodepe.com.br\\\/cri\\\/#organization\",\"name\":\"CRI e Diario de Pernambuco\",\"url\":\"https:\\\/\\\/diariodepe.com.br\\\/cri\\\/\",\"logo\":{\"@type\":\"ImageObject\",\"inLanguage\":\"pt-BR\",\"@id\":\"https:\\\/\\\/diariodepe.com.br\\\/cri\\\/#\\\/schema\\\/logo\\\/image\\\/\",\"url\":\"https:\\\/\\\/diariodepe.com.br\\\/cri\\\/wp-content\\\/uploads\\\/sites\\\/2\\\/2022\\\/12\\\/cropped-Logo.jpg\",\"contentUrl\":\"https:\\\/\\\/diariodepe.com.br\\\/cri\\\/wp-content\\\/uploads\\\/sites\\\/2\\\/2022\\\/12\\\/cropped-Logo.jpg\",\"width\":700,\"height\":59,\"caption\":\"CRI e Diario de Pernambuco\"},\"image\":{\"@id\":\"https:\\\/\\\/diariodepe.com.br\\\/cri\\\/#\\\/schema\\\/logo\\\/image\\\/\"}},{\"@type\":\"Person\",\"@id\":\"https:\\\/\\\/diariodepe.com.br\\\/cri\\\/#\\\/schema\\\/person\\\/e474aead631cd4098632e11d3fbce118\",\"name\":\"CRI Portugu\u00eas\",\"image\":{\"@type\":\"ImageObject\",\"inLanguage\":\"pt-BR\",\"@id\":\"https:\\\/\\\/secure.gravatar.com\\\/avatar\\\/e2ac889ef882d4dc53091b610766dce49106cf9fe98c76e06745abb0993b2763?s=96&d=mm&r=g\",\"url\":\"https:\\\/\\\/secure.gravatar.com\\\/avatar\\\/e2ac889ef882d4dc53091b610766dce49106cf9fe98c76e06745abb0993b2763?s=96&d=mm&r=g\",\"contentUrl\":\"https:\\\/\\\/secure.gravatar.com\\\/avatar\\\/e2ac889ef882d4dc53091b610766dce49106cf9fe98c76e06745abb0993b2763?s=96&d=mm&r=g\",\"caption\":\"CRI Portugu\u00eas\"},\"sameAs\":[\"https:\\\/\\\/www.diariodepernambuco.com.br\\\/\"],\"url\":\"https:\\\/\\\/diariodepe.com.br\\\/cri\\\/author\\\/agencia-cri\\\/\"}]}<\/script>\n<!-- \/ Yoast SEO plugin. -->","yoast_head_json":{"title":"Presidente do Ir\u00e3 concede entrevista exclusiva ao CMG - CRI e Diario de Pernambuco","robots":{"index":"index","follow":"follow","max-snippet":"max-snippet:-1","max-image-preview":"max-image-preview:large","max-video-preview":"max-video-preview:-1"},"canonical":"https:\/\/diariodepe.com.br\/cri\/2025\/09\/22\/presidente-do-ira-concede-entrevista-exclusiva-ao-cmg\/","og_locale":"pt_BR","og_type":"article","og_title":"Presidente do Ir\u00e3 concede entrevista exclusiva ao CMG - CRI e Diario de Pernambuco","og_description":"O presidente do Ir\u00e3, Masoud Pezeshkian, concedeu uma entrevista exclusiva ao Grupo de M\u00eddia da China (CMG, na sigla em ingl\u00eas), durante sua visita \u00e0 China para participar da c\u00fapula da Organiza\u00e7\u00e3o de Coopera\u00e7\u00e3o de Shanghai (OCS). Esta visita marca...","og_url":"https:\/\/diariodepe.com.br\/cri\/2025\/09\/22\/presidente-do-ira-concede-entrevista-exclusiva-ao-cmg\/","og_site_name":"CRI e Diario de Pernambuco","article_published_time":"2025-09-22T03:17:36+00:00","article_modified_time":"2025-09-25T18:43:15+00:00","og_image":[{"url":"https:\/\/38picres.cgtn.com\/photoAlbum\/page\/performance\/img\/2025\/9\/20\/1758363925113_608.jpeg","type":"","width":"","height":""}],"author":"CRI Portugu\u00eas","twitter_card":"summary_large_image","twitter_misc":{"Escrito por":"CRI Portugu\u00eas"},"schema":{"@context":"https:\/\/schema.org","@graph":[{"@type":"Article","@id":"https:\/\/diariodepe.com.br\/cri\/2025\/09\/22\/presidente-do-ira-concede-entrevista-exclusiva-ao-cmg\/#article","isPartOf":{"@id":"https:\/\/diariodepe.com.br\/cri\/2025\/09\/22\/presidente-do-ira-concede-entrevista-exclusiva-ao-cmg\/"},"author":{"name":"CRI Portugu\u00eas","@id":"https:\/\/diariodepe.com.br\/cri\/#\/schema\/person\/e474aead631cd4098632e11d3fbce118"},"headline":"Presidente do Ir\u00e3 concede entrevista exclusiva ao CMG","datePublished":"2025-09-22T03:17:36+00:00","dateModified":"2025-09-25T18:43:15+00:00","mainEntityOfPage":{"@id":"https:\/\/diariodepe.com.br\/cri\/2025\/09\/22\/presidente-do-ira-concede-entrevista-exclusiva-ao-cmg\/"},"wordCount":459,"commentCount":0,"publisher":{"@id":"https:\/\/diariodepe.com.br\/cri\/#organization"},"image":{"@id":"https:\/\/diariodepe.com.br\/cri\/2025\/09\/22\/presidente-do-ira-concede-entrevista-exclusiva-ao-cmg\/#primaryimage"},"thumbnailUrl":"https:\/\/38picres.cgtn.com\/photoAlbum\/page\/performance\/img\/2025\/9\/20\/1758363925113_608.jpeg","articleSection":["China"],"inLanguage":"pt-BR","potentialAction":[{"@type":"CommentAction","name":"Comment","target":["https:\/\/diariodepe.com.br\/cri\/2025\/09\/22\/presidente-do-ira-concede-entrevista-exclusiva-ao-cmg\/#respond"]}]},{"@type":"WebPage","@id":"https:\/\/diariodepe.com.br\/cri\/2025\/09\/22\/presidente-do-ira-concede-entrevista-exclusiva-ao-cmg\/","url":"https:\/\/diariodepe.com.br\/cri\/2025\/09\/22\/presidente-do-ira-concede-entrevista-exclusiva-ao-cmg\/","name":"Presidente do Ir\u00e3 concede entrevista exclusiva ao CMG - CRI e Diario de Pernambuco","isPartOf":{"@id":"https:\/\/diariodepe.com.br\/cri\/#website"},"primaryImageOfPage":{"@id":"https:\/\/diariodepe.com.br\/cri\/2025\/09\/22\/presidente-do-ira-concede-entrevista-exclusiva-ao-cmg\/#primaryimage"},"image":{"@id":"https:\/\/diariodepe.com.br\/cri\/2025\/09\/22\/presidente-do-ira-concede-entrevista-exclusiva-ao-cmg\/#primaryimage"},"thumbnailUrl":"https:\/\/38picres.cgtn.com\/photoAlbum\/page\/performance\/img\/2025\/9\/20\/1758363925113_608.jpeg","datePublished":"2025-09-22T03:17:36+00:00","dateModified":"2025-09-25T18:43:15+00:00","breadcrumb":{"@id":"https:\/\/diariodepe.com.br\/cri\/2025\/09\/22\/presidente-do-ira-concede-entrevista-exclusiva-ao-cmg\/#breadcrumb"},"inLanguage":"pt-BR","potentialAction":[{"@type":"ReadAction","target":["https:\/\/diariodepe.com.br\/cri\/2025\/09\/22\/presidente-do-ira-concede-entrevista-exclusiva-ao-cmg\/"]}]},{"@type":"ImageObject","inLanguage":"pt-BR","@id":"https:\/\/diariodepe.com.br\/cri\/2025\/09\/22\/presidente-do-ira-concede-entrevista-exclusiva-ao-cmg\/#primaryimage","url":"https:\/\/38picres.cgtn.com\/photoAlbum\/page\/performance\/img\/2025\/9\/20\/1758363925113_608.jpeg","contentUrl":"https:\/\/38picres.cgtn.com\/photoAlbum\/page\/performance\/img\/2025\/9\/20\/1758363925113_608.jpeg"},{"@type":"BreadcrumbList","@id":"https:\/\/diariodepe.com.br\/cri\/2025\/09\/22\/presidente-do-ira-concede-entrevista-exclusiva-ao-cmg\/#breadcrumb","itemListElement":[{"@type":"ListItem","position":1,"name":"In\u00edcio","item":"https:\/\/diariodepe.com.br\/cri\/"},{"@type":"ListItem","position":2,"name":"Presidente do Ir\u00e3 concede entrevista exclusiva ao CMG"}]},{"@type":"WebSite","@id":"https:\/\/diariodepe.com.br\/cri\/#website","url":"https:\/\/diariodepe.com.br\/cri\/","name":"CRI e Diario de Pernambuco","description":"R\u00e1dio Internacional da China","publisher":{"@id":"https:\/\/diariodepe.com.br\/cri\/#organization"},"potentialAction":[{"@type":"SearchAction","target":{"@type":"EntryPoint","urlTemplate":"https:\/\/diariodepe.com.br\/cri\/?s={search_term_string}"},"query-input":{"@type":"PropertyValueSpecification","valueRequired":true,"valueName":"search_term_string"}}],"inLanguage":"pt-BR"},{"@type":"Organization","@id":"https:\/\/diariodepe.com.br\/cri\/#organization","name":"CRI e Diario de Pernambuco","url":"https:\/\/diariodepe.com.br\/cri\/","logo":{"@type":"ImageObject","inLanguage":"pt-BR","@id":"https:\/\/diariodepe.com.br\/cri\/#\/schema\/logo\/image\/","url":"https:\/\/diariodepe.com.br\/cri\/wp-content\/uploads\/sites\/2\/2022\/12\/cropped-Logo.jpg","contentUrl":"https:\/\/diariodepe.com.br\/cri\/wp-content\/uploads\/sites\/2\/2022\/12\/cropped-Logo.jpg","width":700,"height":59,"caption":"CRI e Diario de Pernambuco"},"image":{"@id":"https:\/\/diariodepe.com.br\/cri\/#\/schema\/logo\/image\/"}},{"@type":"Person","@id":"https:\/\/diariodepe.com.br\/cri\/#\/schema\/person\/e474aead631cd4098632e11d3fbce118","name":"CRI Portugu\u00eas","image":{"@type":"ImageObject","inLanguage":"pt-BR","@id":"https:\/\/secure.gravatar.com\/avatar\/e2ac889ef882d4dc53091b610766dce49106cf9fe98c76e06745abb0993b2763?s=96&d=mm&r=g","url":"https:\/\/secure.gravatar.com\/avatar\/e2ac889ef882d4dc53091b610766dce49106cf9fe98c76e06745abb0993b2763?s=96&d=mm&r=g","contentUrl":"https:\/\/secure.gravatar.com\/avatar\/e2ac889ef882d4dc53091b610766dce49106cf9fe98c76e06745abb0993b2763?s=96&d=mm&r=g","caption":"CRI Portugu\u00eas"},"sameAs":["https:\/\/www.diariodepernambuco.com.br\/"],"url":"https:\/\/diariodepe.com.br\/cri\/author\/agencia-cri\/"}]}},"cc_featured_image_caption":{"caption_text":false,"source_text":false,"source_url":false},"amp_enabled":true,"_links":{"self":[{"href":"https:\/\/diariodepe.com.br\/cri\/wp-json\/wp\/v2\/posts\/9507","targetHints":{"allow":["GET"]}}],"collection":[{"href":"https:\/\/diariodepe.com.br\/cri\/wp-json\/wp\/v2\/posts"}],"about":[{"href":"https:\/\/diariodepe.com.br\/cri\/wp-json\/wp\/v2\/types\/post"}],"author":[{"embeddable":true,"href":"https:\/\/diariodepe.com.br\/cri\/wp-json\/wp\/v2\/users\/5"}],"replies":[{"embeddable":true,"href":"https:\/\/diariodepe.com.br\/cri\/wp-json\/wp\/v2\/comments?post=9507"}],"version-history":[{"count":1,"href":"https:\/\/diariodepe.com.br\/cri\/wp-json\/wp\/v2\/posts\/9507\/revisions"}],"predecessor-version":[{"id":9508,"href":"https:\/\/diariodepe.com.br\/cri\/wp-json\/wp\/v2\/posts\/9507\/revisions\/9508"}],"wp:attachment":[{"href":"https:\/\/diariodepe.com.br\/cri\/wp-json\/wp\/v2\/media?parent=9507"}],"wp:term":[{"taxonomy":"category","embeddable":true,"href":"https:\/\/diariodepe.com.br\/cri\/wp-json\/wp\/v2\/categories?post=9507"},{"taxonomy":"post_tag","embeddable":true,"href":"https:\/\/diariodepe.com.br\/cri\/wp-json\/wp\/v2\/tags?post=9507"}],"curies":[{"name":"wp","href":"https:\/\/api.w.org\/{rel}","templated":true}]}}