{"id":9479,"date":"2025-09-20T00:11:29","date_gmt":"2025-09-20T03:11:29","guid":{"rendered":"https:\/\/diariodepe.com.br\/cri\/?p=9479"},"modified":"2025-09-25T15:43:47","modified_gmt":"2025-09-25T18:43:47","slug":"peng-liyuan-participa-da-cerimonia-de-premiacao-da-unesco-para-educacao-de-meninas-e-mulheres","status":"publish","type":"post","link":"https:\/\/diariodepe.com.br\/cri\/2025\/09\/20\/peng-liyuan-participa-da-cerimonia-de-premiacao-da-unesco-para-educacao-de-meninas-e-mulheres\/","title":{"rendered":"Peng Liyuan participa da cerim\u00f4nia de premia\u00e7\u00e3o da UNESCO para educa\u00e7\u00e3o de meninas e mulheres"},"content":{"rendered":"<p><img decoding=\"async\" src=\"https:\/\/38picres.cgtn.com\/photoAlbum\/page\/performance\/img\/2025\/9\/20\/1758328757951_744.jpeg\" \/><\/p>\n<p>Peng Liyuan, esposa do presidente chin\u00eas Xi Jinping, e Audrey Azoulay, diretora-geral da Organiza\u00e7\u00e3o das Na\u00e7\u00f5es Unidas para a Educa\u00e7\u00e3o, a Ci\u00eancia e a Cultura (UNESCO), participaram da cerim\u00f4nia de premia\u00e7\u00e3o do Pr\u00eamio da UNESCO para a Educa\u00e7\u00e3o de Meninas e Mulheres de 2025 e da comemora\u00e7\u00e3o do 10\u00ba anivers\u00e1rio do pr\u00eamio em Beijing, nesta sexta-feira.<\/p>\n<p>Peng, enviada especial da UNESCO para o avan\u00e7o da educa\u00e7\u00e3o de meninas e mulheres, e Azoulay entregaram os pr\u00eamios a representantes dos projetos premiados do Qu\u00eania e do L\u00edbano.<\/p>\n<p>Ao discursar no evento, Peng disse que, na \u00faltima d\u00e9cada, os vencedores do pr\u00eamio de todo o mundo e indiv\u00edduos vision\u00e1rios de v\u00e1rias \u00e1reas ajudaram as meninas e mulheres a se adaptar ao desenvolvimento social e a alcan\u00e7ar o crescimento pessoal por meio da educa\u00e7\u00e3o.<\/p>\n<p>O conceito de empoderamento das mulheres por meio da educa\u00e7\u00e3o ganhou amplo reconhecimento, permitindo que milh\u00f5es de meninas e mulheres ganhem confian\u00e7a e capacidade para escolher seus caminhos de vida e perseguir seus sonhos, disse Peng, acrescentando que esse \u00e9 o verdadeiro significado do pr\u00eamio.<\/p>\n<p>Observando que a sociedade humana est\u00e1 agora entrando na era de intelig\u00eancia, Peng disse que \u00e9 essencial dar maior \u00eanfase \u00e0 educa\u00e7\u00e3o cient\u00edfica das mulheres, ajudando mais mulheres a adquirir conhecimento cient\u00edfico, aprender a aplicar novas tecnologias e aprimorar suas capacidades inovadoras.<\/p>\n<p>&#8220;Devemos nos esfor\u00e7ar para garantir que as mulheres possam abra\u00e7ar a revolu\u00e7\u00e3o tecnol\u00f3gica e criar vidas satisfat\u00f3rias&#8221;, disse Peng.<\/p>\n<p><img decoding=\"async\" src=\"https:\/\/38picres.cgtn.com\/photoAlbum\/page\/performance\/img\/2025\/9\/20\/1758328765715_342.jpeg\" \/><\/p>\n<p>Peng observou que a China sempre atribui grande import\u00e2ncia ao avan\u00e7o da educa\u00e7\u00e3o cient\u00edfica das mulheres e espera aprofundar a coopera\u00e7\u00e3o com a UNESCO e as partes relevantes para fortalecer de forma abrangente a constru\u00e7\u00e3o da capacidade na educa\u00e7\u00e3o cient\u00edfica das mulheres e elevar conjuntamente o n\u00edvel da educa\u00e7\u00e3o cient\u00edfica das mulheres.<\/p>\n<p>Em seu discurso, Azoulay agradeceu ao governo chin\u00eas por seu apoio inestim\u00e1vel \u00e0 UNESCO, elogiou Peng por fazer contribui\u00e7\u00f5es excelentes para o desenvolvimento da educa\u00e7\u00e3o de meninas e mulheres em todo o mundo.<\/p>\n<p>Azoulay disse que a UNESCO est\u00e1 disposta a continuar aprofundando os interc\u00e2mbios e a coopera\u00e7\u00e3o com a China para promover mais resultados frut\u00edferos na educa\u00e7\u00e3o de meninas e mulheres no mundo.<\/p>\n<p>Antes da cerim\u00f4nia, Peng se reuniu com Azoulay para trocar ideias sobre a promo\u00e7\u00e3o do desenvolvimento da educa\u00e7\u00e3o de meninas e mulheres em todo o mundo. Ap\u00f3s a reuni\u00e3o, elas tiraram uma foto em grupo com representantes dos projetos premiados na d\u00e9cada e visitaram uma exposi\u00e7\u00e3o fotogr\u00e1fica concentrada nos projetos premiados.<\/p>\n<p>A cerim\u00f4nia de premia\u00e7\u00e3o contou com a presen\u00e7a de cerca de 300 pessoas, incluindo representantes de ag\u00eancias da ONU em Beijing, enviados diplom\u00e1ticos de pa\u00edses relevantes na China, representantes de professores e estudantes chineses e estrangeiros e representantes do setor educacional.<\/p>\n<p>Desde que a China e a UNESCO estabeleceram conjuntamente o Pr\u00eamio para a Educa\u00e7\u00e3o de Meninas e Mulheres em 2015, ao todo 20 projetos, de 19 pa\u00edses, ganharam o pr\u00eamio.<\/p>\n","protected":false},"excerpt":{"rendered":"<p>Peng Liyuan, esposa do presidente chin\u00eas Xi Jinping, e Audrey Azoulay, diretora-geral da Organiza\u00e7\u00e3o das Na\u00e7\u00f5es Unidas para a Educa\u00e7\u00e3o, a Ci\u00eancia e a Cultura (UNESCO), participaram da cerim\u00f4nia de premia\u00e7\u00e3o do Pr\u00eamio da UNESCO para a Educa\u00e7\u00e3o de Meninas&#8230;<\/p>\n","protected":false},"author":5,"featured_media":0,"comment_status":"open","ping_status":"open","sticky":false,"template":"","format":"standard","meta":{"footnotes":""},"categories":[3,5],"tags":[],"class_list":["post-9479","post","type-post","status-publish","format-standard","hentry","category-china","category-destaques-capa"],"yoast_head":"<!-- This site is optimized with the Yoast SEO plugin v27.4 - https:\/\/yoast.com\/product\/yoast-seo-wordpress\/ -->\n<title>Peng Liyuan participa da cerim\u00f4nia de premia\u00e7\u00e3o da UNESCO para educa\u00e7\u00e3o de meninas e mulheres - CRI e Diario de Pernambuco<\/title>\n<meta name=\"robots\" content=\"index, follow, max-snippet:-1, max-image-preview:large, max-video-preview:-1\" \/>\n<link rel=\"canonical\" href=\"https:\/\/diariodepe.com.br\/cri\/2025\/09\/20\/peng-liyuan-participa-da-cerimonia-de-premiacao-da-unesco-para-educacao-de-meninas-e-mulheres\/\" \/>\n<meta property=\"og:locale\" content=\"pt_BR\" \/>\n<meta property=\"og:type\" content=\"article\" \/>\n<meta property=\"og:title\" content=\"Peng Liyuan participa da cerim\u00f4nia de premia\u00e7\u00e3o da UNESCO para educa\u00e7\u00e3o de meninas e mulheres - CRI e Diario de Pernambuco\" \/>\n<meta property=\"og:description\" content=\"Peng Liyuan, esposa do presidente chin\u00eas Xi Jinping, e Audrey Azoulay, diretora-geral da Organiza\u00e7\u00e3o das Na\u00e7\u00f5es Unidas para a Educa\u00e7\u00e3o, a Ci\u00eancia e a Cultura (UNESCO), participaram da cerim\u00f4nia de premia\u00e7\u00e3o do Pr\u00eamio da UNESCO para a Educa\u00e7\u00e3o de Meninas...\" \/>\n<meta property=\"og:url\" content=\"https:\/\/diariodepe.com.br\/cri\/2025\/09\/20\/peng-liyuan-participa-da-cerimonia-de-premiacao-da-unesco-para-educacao-de-meninas-e-mulheres\/\" \/>\n<meta property=\"og:site_name\" content=\"CRI e Diario de Pernambuco\" \/>\n<meta property=\"article:published_time\" content=\"2025-09-20T03:11:29+00:00\" \/>\n<meta property=\"article:modified_time\" content=\"2025-09-25T18:43:47+00:00\" \/>\n<meta property=\"og:image\" content=\"https:\/\/38picres.cgtn.com\/photoAlbum\/page\/performance\/img\/2025\/9\/20\/1758328757951_744.jpeg\" \/>\n<meta name=\"author\" content=\"CRI Portugu\u00eas\" \/>\n<meta name=\"twitter:card\" content=\"summary_large_image\" \/>\n<meta name=\"twitter:label1\" content=\"Escrito por\" \/>\n\t<meta name=\"twitter:data1\" content=\"CRI Portugu\u00eas\" \/>\n\t<meta name=\"twitter:label2\" content=\"Est. tempo de leitura\" \/>\n\t<meta name=\"twitter:data2\" content=\"4 minutos\" \/>\n<script type=\"application\/ld+json\" class=\"yoast-schema-graph\">{\"@context\":\"https:\\\/\\\/schema.org\",\"@graph\":[{\"@type\":\"Article\",\"@id\":\"https:\\\/\\\/diariodepe.com.br\\\/cri\\\/2025\\\/09\\\/20\\\/peng-liyuan-participa-da-cerimonia-de-premiacao-da-unesco-para-educacao-de-meninas-e-mulheres\\\/#article\",\"isPartOf\":{\"@id\":\"https:\\\/\\\/diariodepe.com.br\\\/cri\\\/2025\\\/09\\\/20\\\/peng-liyuan-participa-da-cerimonia-de-premiacao-da-unesco-para-educacao-de-meninas-e-mulheres\\\/\"},\"author\":{\"name\":\"CRI Portugu\u00eas\",\"@id\":\"https:\\\/\\\/diariodepe.com.br\\\/cri\\\/#\\\/schema\\\/person\\\/e474aead631cd4098632e11d3fbce118\"},\"headline\":\"Peng Liyuan participa da cerim\u00f4nia de premia\u00e7\u00e3o da UNESCO para educa\u00e7\u00e3o de meninas e mulheres\",\"datePublished\":\"2025-09-20T03:11:29+00:00\",\"dateModified\":\"2025-09-25T18:43:47+00:00\",\"mainEntityOfPage\":{\"@id\":\"https:\\\/\\\/diariodepe.com.br\\\/cri\\\/2025\\\/09\\\/20\\\/peng-liyuan-participa-da-cerimonia-de-premiacao-da-unesco-para-educacao-de-meninas-e-mulheres\\\/\"},\"wordCount\":556,\"commentCount\":0,\"publisher\":{\"@id\":\"https:\\\/\\\/diariodepe.com.br\\\/cri\\\/#organization\"},\"image\":{\"@id\":\"https:\\\/\\\/diariodepe.com.br\\\/cri\\\/2025\\\/09\\\/20\\\/peng-liyuan-participa-da-cerimonia-de-premiacao-da-unesco-para-educacao-de-meninas-e-mulheres\\\/#primaryimage\"},\"thumbnailUrl\":\"https:\\\/\\\/38picres.cgtn.com\\\/photoAlbum\\\/page\\\/performance\\\/img\\\/2025\\\/9\\\/20\\\/1758328757951_744.jpeg\",\"articleSection\":[\"China\",\"Destaques Capa\"],\"inLanguage\":\"pt-BR\",\"potentialAction\":[{\"@type\":\"CommentAction\",\"name\":\"Comment\",\"target\":[\"https:\\\/\\\/diariodepe.com.br\\\/cri\\\/2025\\\/09\\\/20\\\/peng-liyuan-participa-da-cerimonia-de-premiacao-da-unesco-para-educacao-de-meninas-e-mulheres\\\/#respond\"]}]},{\"@type\":\"WebPage\",\"@id\":\"https:\\\/\\\/diariodepe.com.br\\\/cri\\\/2025\\\/09\\\/20\\\/peng-liyuan-participa-da-cerimonia-de-premiacao-da-unesco-para-educacao-de-meninas-e-mulheres\\\/\",\"url\":\"https:\\\/\\\/diariodepe.com.br\\\/cri\\\/2025\\\/09\\\/20\\\/peng-liyuan-participa-da-cerimonia-de-premiacao-da-unesco-para-educacao-de-meninas-e-mulheres\\\/\",\"name\":\"Peng Liyuan participa da cerim\u00f4nia de premia\u00e7\u00e3o da UNESCO para educa\u00e7\u00e3o de meninas e mulheres - CRI e Diario de Pernambuco\",\"isPartOf\":{\"@id\":\"https:\\\/\\\/diariodepe.com.br\\\/cri\\\/#website\"},\"primaryImageOfPage\":{\"@id\":\"https:\\\/\\\/diariodepe.com.br\\\/cri\\\/2025\\\/09\\\/20\\\/peng-liyuan-participa-da-cerimonia-de-premiacao-da-unesco-para-educacao-de-meninas-e-mulheres\\\/#primaryimage\"},\"image\":{\"@id\":\"https:\\\/\\\/diariodepe.com.br\\\/cri\\\/2025\\\/09\\\/20\\\/peng-liyuan-participa-da-cerimonia-de-premiacao-da-unesco-para-educacao-de-meninas-e-mulheres\\\/#primaryimage\"},\"thumbnailUrl\":\"https:\\\/\\\/38picres.cgtn.com\\\/photoAlbum\\\/page\\\/performance\\\/img\\\/2025\\\/9\\\/20\\\/1758328757951_744.jpeg\",\"datePublished\":\"2025-09-20T03:11:29+00:00\",\"dateModified\":\"2025-09-25T18:43:47+00:00\",\"breadcrumb\":{\"@id\":\"https:\\\/\\\/diariodepe.com.br\\\/cri\\\/2025\\\/09\\\/20\\\/peng-liyuan-participa-da-cerimonia-de-premiacao-da-unesco-para-educacao-de-meninas-e-mulheres\\\/#breadcrumb\"},\"inLanguage\":\"pt-BR\",\"potentialAction\":[{\"@type\":\"ReadAction\",\"target\":[\"https:\\\/\\\/diariodepe.com.br\\\/cri\\\/2025\\\/09\\\/20\\\/peng-liyuan-participa-da-cerimonia-de-premiacao-da-unesco-para-educacao-de-meninas-e-mulheres\\\/\"]}]},{\"@type\":\"ImageObject\",\"inLanguage\":\"pt-BR\",\"@id\":\"https:\\\/\\\/diariodepe.com.br\\\/cri\\\/2025\\\/09\\\/20\\\/peng-liyuan-participa-da-cerimonia-de-premiacao-da-unesco-para-educacao-de-meninas-e-mulheres\\\/#primaryimage\",\"url\":\"https:\\\/\\\/38picres.cgtn.com\\\/photoAlbum\\\/page\\\/performance\\\/img\\\/2025\\\/9\\\/20\\\/1758328757951_744.jpeg\",\"contentUrl\":\"https:\\\/\\\/38picres.cgtn.com\\\/photoAlbum\\\/page\\\/performance\\\/img\\\/2025\\\/9\\\/20\\\/1758328757951_744.jpeg\"},{\"@type\":\"BreadcrumbList\",\"@id\":\"https:\\\/\\\/diariodepe.com.br\\\/cri\\\/2025\\\/09\\\/20\\\/peng-liyuan-participa-da-cerimonia-de-premiacao-da-unesco-para-educacao-de-meninas-e-mulheres\\\/#breadcrumb\",\"itemListElement\":[{\"@type\":\"ListItem\",\"position\":1,\"name\":\"In\u00edcio\",\"item\":\"https:\\\/\\\/diariodepe.com.br\\\/cri\\\/\"},{\"@type\":\"ListItem\",\"position\":2,\"name\":\"Peng Liyuan participa da cerim\u00f4nia de premia\u00e7\u00e3o da UNESCO para educa\u00e7\u00e3o de meninas e mulheres\"}]},{\"@type\":\"WebSite\",\"@id\":\"https:\\\/\\\/diariodepe.com.br\\\/cri\\\/#website\",\"url\":\"https:\\\/\\\/diariodepe.com.br\\\/cri\\\/\",\"name\":\"CRI e Diario de Pernambuco\",\"description\":\"R\u00e1dio Internacional da China\",\"publisher\":{\"@id\":\"https:\\\/\\\/diariodepe.com.br\\\/cri\\\/#organization\"},\"potentialAction\":[{\"@type\":\"SearchAction\",\"target\":{\"@type\":\"EntryPoint\",\"urlTemplate\":\"https:\\\/\\\/diariodepe.com.br\\\/cri\\\/?s={search_term_string}\"},\"query-input\":{\"@type\":\"PropertyValueSpecification\",\"valueRequired\":true,\"valueName\":\"search_term_string\"}}],\"inLanguage\":\"pt-BR\"},{\"@type\":\"Organization\",\"@id\":\"https:\\\/\\\/diariodepe.com.br\\\/cri\\\/#organization\",\"name\":\"CRI e Diario de Pernambuco\",\"url\":\"https:\\\/\\\/diariodepe.com.br\\\/cri\\\/\",\"logo\":{\"@type\":\"ImageObject\",\"inLanguage\":\"pt-BR\",\"@id\":\"https:\\\/\\\/diariodepe.com.br\\\/cri\\\/#\\\/schema\\\/logo\\\/image\\\/\",\"url\":\"https:\\\/\\\/diariodepe.com.br\\\/cri\\\/wp-content\\\/uploads\\\/sites\\\/2\\\/2022\\\/12\\\/cropped-Logo.jpg\",\"contentUrl\":\"https:\\\/\\\/diariodepe.com.br\\\/cri\\\/wp-content\\\/uploads\\\/sites\\\/2\\\/2022\\\/12\\\/cropped-Logo.jpg\",\"width\":700,\"height\":59,\"caption\":\"CRI e Diario de Pernambuco\"},\"image\":{\"@id\":\"https:\\\/\\\/diariodepe.com.br\\\/cri\\\/#\\\/schema\\\/logo\\\/image\\\/\"}},{\"@type\":\"Person\",\"@id\":\"https:\\\/\\\/diariodepe.com.br\\\/cri\\\/#\\\/schema\\\/person\\\/e474aead631cd4098632e11d3fbce118\",\"name\":\"CRI Portugu\u00eas\",\"image\":{\"@type\":\"ImageObject\",\"inLanguage\":\"pt-BR\",\"@id\":\"https:\\\/\\\/secure.gravatar.com\\\/avatar\\\/e2ac889ef882d4dc53091b610766dce49106cf9fe98c76e06745abb0993b2763?s=96&d=mm&r=g\",\"url\":\"https:\\\/\\\/secure.gravatar.com\\\/avatar\\\/e2ac889ef882d4dc53091b610766dce49106cf9fe98c76e06745abb0993b2763?s=96&d=mm&r=g\",\"contentUrl\":\"https:\\\/\\\/secure.gravatar.com\\\/avatar\\\/e2ac889ef882d4dc53091b610766dce49106cf9fe98c76e06745abb0993b2763?s=96&d=mm&r=g\",\"caption\":\"CRI Portugu\u00eas\"},\"sameAs\":[\"https:\\\/\\\/www.diariodepernambuco.com.br\\\/\"],\"url\":\"https:\\\/\\\/diariodepe.com.br\\\/cri\\\/author\\\/agencia-cri\\\/\"}]}<\/script>\n<!-- \/ Yoast SEO plugin. -->","yoast_head_json":{"title":"Peng Liyuan participa da cerim\u00f4nia de premia\u00e7\u00e3o da UNESCO para educa\u00e7\u00e3o de meninas e mulheres - CRI e Diario de Pernambuco","robots":{"index":"index","follow":"follow","max-snippet":"max-snippet:-1","max-image-preview":"max-image-preview:large","max-video-preview":"max-video-preview:-1"},"canonical":"https:\/\/diariodepe.com.br\/cri\/2025\/09\/20\/peng-liyuan-participa-da-cerimonia-de-premiacao-da-unesco-para-educacao-de-meninas-e-mulheres\/","og_locale":"pt_BR","og_type":"article","og_title":"Peng Liyuan participa da cerim\u00f4nia de premia\u00e7\u00e3o da UNESCO para educa\u00e7\u00e3o de meninas e mulheres - CRI e Diario de Pernambuco","og_description":"Peng Liyuan, esposa do presidente chin\u00eas Xi Jinping, e Audrey Azoulay, diretora-geral da Organiza\u00e7\u00e3o das Na\u00e7\u00f5es Unidas para a Educa\u00e7\u00e3o, a Ci\u00eancia e a Cultura (UNESCO), participaram da cerim\u00f4nia de premia\u00e7\u00e3o do Pr\u00eamio da UNESCO para a Educa\u00e7\u00e3o de Meninas...","og_url":"https:\/\/diariodepe.com.br\/cri\/2025\/09\/20\/peng-liyuan-participa-da-cerimonia-de-premiacao-da-unesco-para-educacao-de-meninas-e-mulheres\/","og_site_name":"CRI e Diario de Pernambuco","article_published_time":"2025-09-20T03:11:29+00:00","article_modified_time":"2025-09-25T18:43:47+00:00","og_image":[{"url":"https:\/\/38picres.cgtn.com\/photoAlbum\/page\/performance\/img\/2025\/9\/20\/1758328757951_744.jpeg","type":"","width":"","height":""}],"author":"CRI Portugu\u00eas","twitter_card":"summary_large_image","twitter_misc":{"Escrito por":"CRI Portugu\u00eas","Est. tempo de leitura":"4 minutos"},"schema":{"@context":"https:\/\/schema.org","@graph":[{"@type":"Article","@id":"https:\/\/diariodepe.com.br\/cri\/2025\/09\/20\/peng-liyuan-participa-da-cerimonia-de-premiacao-da-unesco-para-educacao-de-meninas-e-mulheres\/#article","isPartOf":{"@id":"https:\/\/diariodepe.com.br\/cri\/2025\/09\/20\/peng-liyuan-participa-da-cerimonia-de-premiacao-da-unesco-para-educacao-de-meninas-e-mulheres\/"},"author":{"name":"CRI Portugu\u00eas","@id":"https:\/\/diariodepe.com.br\/cri\/#\/schema\/person\/e474aead631cd4098632e11d3fbce118"},"headline":"Peng Liyuan participa da cerim\u00f4nia de premia\u00e7\u00e3o da UNESCO para educa\u00e7\u00e3o de meninas e mulheres","datePublished":"2025-09-20T03:11:29+00:00","dateModified":"2025-09-25T18:43:47+00:00","mainEntityOfPage":{"@id":"https:\/\/diariodepe.com.br\/cri\/2025\/09\/20\/peng-liyuan-participa-da-cerimonia-de-premiacao-da-unesco-para-educacao-de-meninas-e-mulheres\/"},"wordCount":556,"commentCount":0,"publisher":{"@id":"https:\/\/diariodepe.com.br\/cri\/#organization"},"image":{"@id":"https:\/\/diariodepe.com.br\/cri\/2025\/09\/20\/peng-liyuan-participa-da-cerimonia-de-premiacao-da-unesco-para-educacao-de-meninas-e-mulheres\/#primaryimage"},"thumbnailUrl":"https:\/\/38picres.cgtn.com\/photoAlbum\/page\/performance\/img\/2025\/9\/20\/1758328757951_744.jpeg","articleSection":["China","Destaques Capa"],"inLanguage":"pt-BR","potentialAction":[{"@type":"CommentAction","name":"Comment","target":["https:\/\/diariodepe.com.br\/cri\/2025\/09\/20\/peng-liyuan-participa-da-cerimonia-de-premiacao-da-unesco-para-educacao-de-meninas-e-mulheres\/#respond"]}]},{"@type":"WebPage","@id":"https:\/\/diariodepe.com.br\/cri\/2025\/09\/20\/peng-liyuan-participa-da-cerimonia-de-premiacao-da-unesco-para-educacao-de-meninas-e-mulheres\/","url":"https:\/\/diariodepe.com.br\/cri\/2025\/09\/20\/peng-liyuan-participa-da-cerimonia-de-premiacao-da-unesco-para-educacao-de-meninas-e-mulheres\/","name":"Peng Liyuan participa da cerim\u00f4nia de premia\u00e7\u00e3o da UNESCO para educa\u00e7\u00e3o de meninas e mulheres - CRI e Diario de Pernambuco","isPartOf":{"@id":"https:\/\/diariodepe.com.br\/cri\/#website"},"primaryImageOfPage":{"@id":"https:\/\/diariodepe.com.br\/cri\/2025\/09\/20\/peng-liyuan-participa-da-cerimonia-de-premiacao-da-unesco-para-educacao-de-meninas-e-mulheres\/#primaryimage"},"image":{"@id":"https:\/\/diariodepe.com.br\/cri\/2025\/09\/20\/peng-liyuan-participa-da-cerimonia-de-premiacao-da-unesco-para-educacao-de-meninas-e-mulheres\/#primaryimage"},"thumbnailUrl":"https:\/\/38picres.cgtn.com\/photoAlbum\/page\/performance\/img\/2025\/9\/20\/1758328757951_744.jpeg","datePublished":"2025-09-20T03:11:29+00:00","dateModified":"2025-09-25T18:43:47+00:00","breadcrumb":{"@id":"https:\/\/diariodepe.com.br\/cri\/2025\/09\/20\/peng-liyuan-participa-da-cerimonia-de-premiacao-da-unesco-para-educacao-de-meninas-e-mulheres\/#breadcrumb"},"inLanguage":"pt-BR","potentialAction":[{"@type":"ReadAction","target":["https:\/\/diariodepe.com.br\/cri\/2025\/09\/20\/peng-liyuan-participa-da-cerimonia-de-premiacao-da-unesco-para-educacao-de-meninas-e-mulheres\/"]}]},{"@type":"ImageObject","inLanguage":"pt-BR","@id":"https:\/\/diariodepe.com.br\/cri\/2025\/09\/20\/peng-liyuan-participa-da-cerimonia-de-premiacao-da-unesco-para-educacao-de-meninas-e-mulheres\/#primaryimage","url":"https:\/\/38picres.cgtn.com\/photoAlbum\/page\/performance\/img\/2025\/9\/20\/1758328757951_744.jpeg","contentUrl":"https:\/\/38picres.cgtn.com\/photoAlbum\/page\/performance\/img\/2025\/9\/20\/1758328757951_744.jpeg"},{"@type":"BreadcrumbList","@id":"https:\/\/diariodepe.com.br\/cri\/2025\/09\/20\/peng-liyuan-participa-da-cerimonia-de-premiacao-da-unesco-para-educacao-de-meninas-e-mulheres\/#breadcrumb","itemListElement":[{"@type":"ListItem","position":1,"name":"In\u00edcio","item":"https:\/\/diariodepe.com.br\/cri\/"},{"@type":"ListItem","position":2,"name":"Peng Liyuan participa da cerim\u00f4nia de premia\u00e7\u00e3o da UNESCO para educa\u00e7\u00e3o de meninas e mulheres"}]},{"@type":"WebSite","@id":"https:\/\/diariodepe.com.br\/cri\/#website","url":"https:\/\/diariodepe.com.br\/cri\/","name":"CRI e Diario de Pernambuco","description":"R\u00e1dio Internacional da China","publisher":{"@id":"https:\/\/diariodepe.com.br\/cri\/#organization"},"potentialAction":[{"@type":"SearchAction","target":{"@type":"EntryPoint","urlTemplate":"https:\/\/diariodepe.com.br\/cri\/?s={search_term_string}"},"query-input":{"@type":"PropertyValueSpecification","valueRequired":true,"valueName":"search_term_string"}}],"inLanguage":"pt-BR"},{"@type":"Organization","@id":"https:\/\/diariodepe.com.br\/cri\/#organization","name":"CRI e Diario de Pernambuco","url":"https:\/\/diariodepe.com.br\/cri\/","logo":{"@type":"ImageObject","inLanguage":"pt-BR","@id":"https:\/\/diariodepe.com.br\/cri\/#\/schema\/logo\/image\/","url":"https:\/\/diariodepe.com.br\/cri\/wp-content\/uploads\/sites\/2\/2022\/12\/cropped-Logo.jpg","contentUrl":"https:\/\/diariodepe.com.br\/cri\/wp-content\/uploads\/sites\/2\/2022\/12\/cropped-Logo.jpg","width":700,"height":59,"caption":"CRI e Diario de Pernambuco"},"image":{"@id":"https:\/\/diariodepe.com.br\/cri\/#\/schema\/logo\/image\/"}},{"@type":"Person","@id":"https:\/\/diariodepe.com.br\/cri\/#\/schema\/person\/e474aead631cd4098632e11d3fbce118","name":"CRI Portugu\u00eas","image":{"@type":"ImageObject","inLanguage":"pt-BR","@id":"https:\/\/secure.gravatar.com\/avatar\/e2ac889ef882d4dc53091b610766dce49106cf9fe98c76e06745abb0993b2763?s=96&d=mm&r=g","url":"https:\/\/secure.gravatar.com\/avatar\/e2ac889ef882d4dc53091b610766dce49106cf9fe98c76e06745abb0993b2763?s=96&d=mm&r=g","contentUrl":"https:\/\/secure.gravatar.com\/avatar\/e2ac889ef882d4dc53091b610766dce49106cf9fe98c76e06745abb0993b2763?s=96&d=mm&r=g","caption":"CRI Portugu\u00eas"},"sameAs":["https:\/\/www.diariodepernambuco.com.br\/"],"url":"https:\/\/diariodepe.com.br\/cri\/author\/agencia-cri\/"}]}},"cc_featured_image_caption":{"caption_text":false,"source_text":false,"source_url":false},"amp_enabled":true,"_links":{"self":[{"href":"https:\/\/diariodepe.com.br\/cri\/wp-json\/wp\/v2\/posts\/9479","targetHints":{"allow":["GET"]}}],"collection":[{"href":"https:\/\/diariodepe.com.br\/cri\/wp-json\/wp\/v2\/posts"}],"about":[{"href":"https:\/\/diariodepe.com.br\/cri\/wp-json\/wp\/v2\/types\/post"}],"author":[{"embeddable":true,"href":"https:\/\/diariodepe.com.br\/cri\/wp-json\/wp\/v2\/users\/5"}],"replies":[{"embeddable":true,"href":"https:\/\/diariodepe.com.br\/cri\/wp-json\/wp\/v2\/comments?post=9479"}],"version-history":[{"count":4,"href":"https:\/\/diariodepe.com.br\/cri\/wp-json\/wp\/v2\/posts\/9479\/revisions"}],"predecessor-version":[{"id":9483,"href":"https:\/\/diariodepe.com.br\/cri\/wp-json\/wp\/v2\/posts\/9479\/revisions\/9483"}],"wp:attachment":[{"href":"https:\/\/diariodepe.com.br\/cri\/wp-json\/wp\/v2\/media?parent=9479"}],"wp:term":[{"taxonomy":"category","embeddable":true,"href":"https:\/\/diariodepe.com.br\/cri\/wp-json\/wp\/v2\/categories?post=9479"},{"taxonomy":"post_tag","embeddable":true,"href":"https:\/\/diariodepe.com.br\/cri\/wp-json\/wp\/v2\/tags?post=9479"}],"curies":[{"name":"wp","href":"https:\/\/api.w.org\/{rel}","templated":true}]}}