{"id":9474,"date":"2025-09-19T04:33:25","date_gmt":"2025-09-19T07:33:25","guid":{"rendered":"https:\/\/diariodepe.com.br\/cri\/?p=9474"},"modified":"2025-09-25T15:43:47","modified_gmt":"2025-09-25T18:43:47","slug":"documentario-mostra-esforcos-da-china-na-manutencao-da-paz","status":"publish","type":"post","link":"https:\/\/diariodepe.com.br\/cri\/2025\/09\/19\/documentario-mostra-esforcos-da-china-na-manutencao-da-paz\/","title":{"rendered":"Document\u00e1rio mostra esfor\u00e7os da China na manuten\u00e7\u00e3o da paz"},"content":{"rendered":"<div class=\"detailContent\" data-v-6a32acc9=\"\">\n<div class=\"pc\" data-v-9cf1b08a=\"\" data-v-6a32acc9=\"\">\n<div id=\"detailContent\" class=\"pc\" data-v-9cf1b08a=\"\">\n<p>Em 16 de setembro, estreou \u201cCapacetes azuis, sem fronteiras\u201d, document\u00e1rio em quatro epis\u00f3dios produzido ao longo de um ano pela CGTN. A estreia ocorreu no canal em ingl\u00eas da emissora e foi transmitida simultaneamente pelos canais de document\u00e1rios da CGTN e da CCTV. A equipe de filmagem viajou por sete pa\u00edses.<\/p>\n<p>No 80\u00ba anivers\u00e1rio da cria\u00e7\u00e3o da ordem internacional ap\u00f3s a Segunda Guerra Mundial, o document\u00e1rio apresenta a atua\u00e7\u00e3o das tropas de paz da China em miss\u00f5es da ONU. A produ\u00e7\u00e3o mostra hist\u00f3rias de soldados e explica o conceito de comunidade com futuro compartilhado para a humanidade. A equipe acompanhou as tropas 24 horas por dia em locais como L\u00edbano e Sud\u00e3o do Sul, registrando imagens de desminagem e atendimentos m\u00e9dicos volunt\u00e1rios, evidenciando a contribui\u00e7\u00e3o da China para a manuten\u00e7\u00e3o da paz.<\/p>\n<p><img decoding=\"async\" src=\"https:\/\/38picres.cgtn.com\/photoAlbum\/page\/performance\/img\/2025\/9\/19\/1758261892359_359.jpg\" \/><\/p>\n<\/div>\n<\/div>\n<\/div>\n<div class=\"sourcebottom\" data-v-6a32acc9=\"\"><\/div>\n","protected":false},"excerpt":{"rendered":"<p>Em 16 de setembro, estreou \u201cCapacetes azuis, sem fronteiras\u201d, document\u00e1rio em quatro epis\u00f3dios produzido ao longo de um ano pela CGTN. A estreia ocorreu no canal em ingl\u00eas da emissora e foi transmitida simultaneamente pelos canais de document\u00e1rios da CGTN&#8230;<\/p>\n","protected":false},"author":5,"featured_media":0,"comment_status":"open","ping_status":"open","sticky":false,"template":"","format":"standard","meta":{"footnotes":""},"categories":[3,5],"tags":[],"class_list":["post-9474","post","type-post","status-publish","format-standard","hentry","category-china","category-destaques-capa"],"yoast_head":"<!-- This site is optimized with the Yoast SEO plugin v27.4 - https:\/\/yoast.com\/product\/yoast-seo-wordpress\/ -->\n<title>Document\u00e1rio mostra esfor\u00e7os da China na manuten\u00e7\u00e3o da paz - CRI e Diario de Pernambuco<\/title>\n<meta name=\"robots\" content=\"index, follow, max-snippet:-1, max-image-preview:large, max-video-preview:-1\" \/>\n<link rel=\"canonical\" href=\"https:\/\/diariodepe.com.br\/cri\/2025\/09\/19\/documentario-mostra-esforcos-da-china-na-manutencao-da-paz\/\" \/>\n<meta property=\"og:locale\" content=\"pt_BR\" \/>\n<meta property=\"og:type\" content=\"article\" \/>\n<meta property=\"og:title\" content=\"Document\u00e1rio mostra esfor\u00e7os da China na manuten\u00e7\u00e3o da paz - CRI e Diario de Pernambuco\" \/>\n<meta property=\"og:description\" content=\"Em 16 de setembro, estreou \u201cCapacetes azuis, sem fronteiras\u201d, document\u00e1rio em quatro epis\u00f3dios produzido ao longo de um ano pela CGTN. A estreia ocorreu no canal em ingl\u00eas da emissora e foi transmitida simultaneamente pelos canais de document\u00e1rios da CGTN...\" \/>\n<meta property=\"og:url\" content=\"https:\/\/diariodepe.com.br\/cri\/2025\/09\/19\/documentario-mostra-esforcos-da-china-na-manutencao-da-paz\/\" \/>\n<meta property=\"og:site_name\" content=\"CRI e Diario de Pernambuco\" \/>\n<meta property=\"article:published_time\" content=\"2025-09-19T07:33:25+00:00\" \/>\n<meta property=\"article:modified_time\" content=\"2025-09-25T18:43:47+00:00\" \/>\n<meta property=\"og:image\" content=\"https:\/\/38picres.cgtn.com\/photoAlbum\/page\/performance\/img\/2025\/9\/19\/1758261892359_359.jpg\" \/>\n<meta name=\"author\" content=\"CRI Portugu\u00eas\" \/>\n<meta name=\"twitter:card\" content=\"summary_large_image\" \/>\n<meta name=\"twitter:label1\" content=\"Escrito por\" \/>\n\t<meta name=\"twitter:data1\" content=\"CRI Portugu\u00eas\" \/>\n\t<meta name=\"twitter:label2\" content=\"Est. tempo de leitura\" \/>\n\t<meta name=\"twitter:data2\" content=\"1 minuto\" \/>\n<script type=\"application\/ld+json\" class=\"yoast-schema-graph\">{\"@context\":\"https:\\\/\\\/schema.org\",\"@graph\":[{\"@type\":\"Article\",\"@id\":\"https:\\\/\\\/diariodepe.com.br\\\/cri\\\/2025\\\/09\\\/19\\\/documentario-mostra-esforcos-da-china-na-manutencao-da-paz\\\/#article\",\"isPartOf\":{\"@id\":\"https:\\\/\\\/diariodepe.com.br\\\/cri\\\/2025\\\/09\\\/19\\\/documentario-mostra-esforcos-da-china-na-manutencao-da-paz\\\/\"},\"author\":{\"name\":\"CRI Portugu\u00eas\",\"@id\":\"https:\\\/\\\/diariodepe.com.br\\\/cri\\\/#\\\/schema\\\/person\\\/e474aead631cd4098632e11d3fbce118\"},\"headline\":\"Document\u00e1rio mostra esfor\u00e7os da China na manuten\u00e7\u00e3o da paz\",\"datePublished\":\"2025-09-19T07:33:25+00:00\",\"dateModified\":\"2025-09-25T18:43:47+00:00\",\"mainEntityOfPage\":{\"@id\":\"https:\\\/\\\/diariodepe.com.br\\\/cri\\\/2025\\\/09\\\/19\\\/documentario-mostra-esforcos-da-china-na-manutencao-da-paz\\\/\"},\"wordCount\":160,\"commentCount\":0,\"publisher\":{\"@id\":\"https:\\\/\\\/diariodepe.com.br\\\/cri\\\/#organization\"},\"image\":{\"@id\":\"https:\\\/\\\/diariodepe.com.br\\\/cri\\\/2025\\\/09\\\/19\\\/documentario-mostra-esforcos-da-china-na-manutencao-da-paz\\\/#primaryimage\"},\"thumbnailUrl\":\"https:\\\/\\\/38picres.cgtn.com\\\/photoAlbum\\\/page\\\/performance\\\/img\\\/2025\\\/9\\\/19\\\/1758261892359_359.jpg\",\"articleSection\":[\"China\",\"Destaques Capa\"],\"inLanguage\":\"pt-BR\",\"potentialAction\":[{\"@type\":\"CommentAction\",\"name\":\"Comment\",\"target\":[\"https:\\\/\\\/diariodepe.com.br\\\/cri\\\/2025\\\/09\\\/19\\\/documentario-mostra-esforcos-da-china-na-manutencao-da-paz\\\/#respond\"]}]},{\"@type\":\"WebPage\",\"@id\":\"https:\\\/\\\/diariodepe.com.br\\\/cri\\\/2025\\\/09\\\/19\\\/documentario-mostra-esforcos-da-china-na-manutencao-da-paz\\\/\",\"url\":\"https:\\\/\\\/diariodepe.com.br\\\/cri\\\/2025\\\/09\\\/19\\\/documentario-mostra-esforcos-da-china-na-manutencao-da-paz\\\/\",\"name\":\"Document\u00e1rio mostra esfor\u00e7os da China na manuten\u00e7\u00e3o da paz - CRI e Diario de Pernambuco\",\"isPartOf\":{\"@id\":\"https:\\\/\\\/diariodepe.com.br\\\/cri\\\/#website\"},\"primaryImageOfPage\":{\"@id\":\"https:\\\/\\\/diariodepe.com.br\\\/cri\\\/2025\\\/09\\\/19\\\/documentario-mostra-esforcos-da-china-na-manutencao-da-paz\\\/#primaryimage\"},\"image\":{\"@id\":\"https:\\\/\\\/diariodepe.com.br\\\/cri\\\/2025\\\/09\\\/19\\\/documentario-mostra-esforcos-da-china-na-manutencao-da-paz\\\/#primaryimage\"},\"thumbnailUrl\":\"https:\\\/\\\/38picres.cgtn.com\\\/photoAlbum\\\/page\\\/performance\\\/img\\\/2025\\\/9\\\/19\\\/1758261892359_359.jpg\",\"datePublished\":\"2025-09-19T07:33:25+00:00\",\"dateModified\":\"2025-09-25T18:43:47+00:00\",\"breadcrumb\":{\"@id\":\"https:\\\/\\\/diariodepe.com.br\\\/cri\\\/2025\\\/09\\\/19\\\/documentario-mostra-esforcos-da-china-na-manutencao-da-paz\\\/#breadcrumb\"},\"inLanguage\":\"pt-BR\",\"potentialAction\":[{\"@type\":\"ReadAction\",\"target\":[\"https:\\\/\\\/diariodepe.com.br\\\/cri\\\/2025\\\/09\\\/19\\\/documentario-mostra-esforcos-da-china-na-manutencao-da-paz\\\/\"]}]},{\"@type\":\"ImageObject\",\"inLanguage\":\"pt-BR\",\"@id\":\"https:\\\/\\\/diariodepe.com.br\\\/cri\\\/2025\\\/09\\\/19\\\/documentario-mostra-esforcos-da-china-na-manutencao-da-paz\\\/#primaryimage\",\"url\":\"https:\\\/\\\/38picres.cgtn.com\\\/photoAlbum\\\/page\\\/performance\\\/img\\\/2025\\\/9\\\/19\\\/1758261892359_359.jpg\",\"contentUrl\":\"https:\\\/\\\/38picres.cgtn.com\\\/photoAlbum\\\/page\\\/performance\\\/img\\\/2025\\\/9\\\/19\\\/1758261892359_359.jpg\"},{\"@type\":\"BreadcrumbList\",\"@id\":\"https:\\\/\\\/diariodepe.com.br\\\/cri\\\/2025\\\/09\\\/19\\\/documentario-mostra-esforcos-da-china-na-manutencao-da-paz\\\/#breadcrumb\",\"itemListElement\":[{\"@type\":\"ListItem\",\"position\":1,\"name\":\"In\u00edcio\",\"item\":\"https:\\\/\\\/diariodepe.com.br\\\/cri\\\/\"},{\"@type\":\"ListItem\",\"position\":2,\"name\":\"Document\u00e1rio mostra esfor\u00e7os da China na manuten\u00e7\u00e3o da paz\"}]},{\"@type\":\"WebSite\",\"@id\":\"https:\\\/\\\/diariodepe.com.br\\\/cri\\\/#website\",\"url\":\"https:\\\/\\\/diariodepe.com.br\\\/cri\\\/\",\"name\":\"CRI e Diario de Pernambuco\",\"description\":\"R\u00e1dio Internacional da China\",\"publisher\":{\"@id\":\"https:\\\/\\\/diariodepe.com.br\\\/cri\\\/#organization\"},\"potentialAction\":[{\"@type\":\"SearchAction\",\"target\":{\"@type\":\"EntryPoint\",\"urlTemplate\":\"https:\\\/\\\/diariodepe.com.br\\\/cri\\\/?s={search_term_string}\"},\"query-input\":{\"@type\":\"PropertyValueSpecification\",\"valueRequired\":true,\"valueName\":\"search_term_string\"}}],\"inLanguage\":\"pt-BR\"},{\"@type\":\"Organization\",\"@id\":\"https:\\\/\\\/diariodepe.com.br\\\/cri\\\/#organization\",\"name\":\"CRI e Diario de Pernambuco\",\"url\":\"https:\\\/\\\/diariodepe.com.br\\\/cri\\\/\",\"logo\":{\"@type\":\"ImageObject\",\"inLanguage\":\"pt-BR\",\"@id\":\"https:\\\/\\\/diariodepe.com.br\\\/cri\\\/#\\\/schema\\\/logo\\\/image\\\/\",\"url\":\"https:\\\/\\\/diariodepe.com.br\\\/cri\\\/wp-content\\\/uploads\\\/sites\\\/2\\\/2022\\\/12\\\/cropped-Logo.jpg\",\"contentUrl\":\"https:\\\/\\\/diariodepe.com.br\\\/cri\\\/wp-content\\\/uploads\\\/sites\\\/2\\\/2022\\\/12\\\/cropped-Logo.jpg\",\"width\":700,\"height\":59,\"caption\":\"CRI e Diario de Pernambuco\"},\"image\":{\"@id\":\"https:\\\/\\\/diariodepe.com.br\\\/cri\\\/#\\\/schema\\\/logo\\\/image\\\/\"}},{\"@type\":\"Person\",\"@id\":\"https:\\\/\\\/diariodepe.com.br\\\/cri\\\/#\\\/schema\\\/person\\\/e474aead631cd4098632e11d3fbce118\",\"name\":\"CRI Portugu\u00eas\",\"image\":{\"@type\":\"ImageObject\",\"inLanguage\":\"pt-BR\",\"@id\":\"https:\\\/\\\/secure.gravatar.com\\\/avatar\\\/e2ac889ef882d4dc53091b610766dce49106cf9fe98c76e06745abb0993b2763?s=96&d=mm&r=g\",\"url\":\"https:\\\/\\\/secure.gravatar.com\\\/avatar\\\/e2ac889ef882d4dc53091b610766dce49106cf9fe98c76e06745abb0993b2763?s=96&d=mm&r=g\",\"contentUrl\":\"https:\\\/\\\/secure.gravatar.com\\\/avatar\\\/e2ac889ef882d4dc53091b610766dce49106cf9fe98c76e06745abb0993b2763?s=96&d=mm&r=g\",\"caption\":\"CRI Portugu\u00eas\"},\"sameAs\":[\"https:\\\/\\\/www.diariodepernambuco.com.br\\\/\"],\"url\":\"https:\\\/\\\/diariodepe.com.br\\\/cri\\\/author\\\/agencia-cri\\\/\"}]}<\/script>\n<!-- \/ Yoast SEO plugin. -->","yoast_head_json":{"title":"Document\u00e1rio mostra esfor\u00e7os da China na manuten\u00e7\u00e3o da paz - CRI e Diario de Pernambuco","robots":{"index":"index","follow":"follow","max-snippet":"max-snippet:-1","max-image-preview":"max-image-preview:large","max-video-preview":"max-video-preview:-1"},"canonical":"https:\/\/diariodepe.com.br\/cri\/2025\/09\/19\/documentario-mostra-esforcos-da-china-na-manutencao-da-paz\/","og_locale":"pt_BR","og_type":"article","og_title":"Document\u00e1rio mostra esfor\u00e7os da China na manuten\u00e7\u00e3o da paz - CRI e Diario de Pernambuco","og_description":"Em 16 de setembro, estreou \u201cCapacetes azuis, sem fronteiras\u201d, document\u00e1rio em quatro epis\u00f3dios produzido ao longo de um ano pela CGTN. A estreia ocorreu no canal em ingl\u00eas da emissora e foi transmitida simultaneamente pelos canais de document\u00e1rios da CGTN...","og_url":"https:\/\/diariodepe.com.br\/cri\/2025\/09\/19\/documentario-mostra-esforcos-da-china-na-manutencao-da-paz\/","og_site_name":"CRI e Diario de Pernambuco","article_published_time":"2025-09-19T07:33:25+00:00","article_modified_time":"2025-09-25T18:43:47+00:00","og_image":[{"url":"https:\/\/38picres.cgtn.com\/photoAlbum\/page\/performance\/img\/2025\/9\/19\/1758261892359_359.jpg","type":"","width":"","height":""}],"author":"CRI Portugu\u00eas","twitter_card":"summary_large_image","twitter_misc":{"Escrito por":"CRI Portugu\u00eas","Est. tempo de leitura":"1 minuto"},"schema":{"@context":"https:\/\/schema.org","@graph":[{"@type":"Article","@id":"https:\/\/diariodepe.com.br\/cri\/2025\/09\/19\/documentario-mostra-esforcos-da-china-na-manutencao-da-paz\/#article","isPartOf":{"@id":"https:\/\/diariodepe.com.br\/cri\/2025\/09\/19\/documentario-mostra-esforcos-da-china-na-manutencao-da-paz\/"},"author":{"name":"CRI Portugu\u00eas","@id":"https:\/\/diariodepe.com.br\/cri\/#\/schema\/person\/e474aead631cd4098632e11d3fbce118"},"headline":"Document\u00e1rio mostra esfor\u00e7os da China na manuten\u00e7\u00e3o da paz","datePublished":"2025-09-19T07:33:25+00:00","dateModified":"2025-09-25T18:43:47+00:00","mainEntityOfPage":{"@id":"https:\/\/diariodepe.com.br\/cri\/2025\/09\/19\/documentario-mostra-esforcos-da-china-na-manutencao-da-paz\/"},"wordCount":160,"commentCount":0,"publisher":{"@id":"https:\/\/diariodepe.com.br\/cri\/#organization"},"image":{"@id":"https:\/\/diariodepe.com.br\/cri\/2025\/09\/19\/documentario-mostra-esforcos-da-china-na-manutencao-da-paz\/#primaryimage"},"thumbnailUrl":"https:\/\/38picres.cgtn.com\/photoAlbum\/page\/performance\/img\/2025\/9\/19\/1758261892359_359.jpg","articleSection":["China","Destaques Capa"],"inLanguage":"pt-BR","potentialAction":[{"@type":"CommentAction","name":"Comment","target":["https:\/\/diariodepe.com.br\/cri\/2025\/09\/19\/documentario-mostra-esforcos-da-china-na-manutencao-da-paz\/#respond"]}]},{"@type":"WebPage","@id":"https:\/\/diariodepe.com.br\/cri\/2025\/09\/19\/documentario-mostra-esforcos-da-china-na-manutencao-da-paz\/","url":"https:\/\/diariodepe.com.br\/cri\/2025\/09\/19\/documentario-mostra-esforcos-da-china-na-manutencao-da-paz\/","name":"Document\u00e1rio mostra esfor\u00e7os da China na manuten\u00e7\u00e3o da paz - CRI e Diario de Pernambuco","isPartOf":{"@id":"https:\/\/diariodepe.com.br\/cri\/#website"},"primaryImageOfPage":{"@id":"https:\/\/diariodepe.com.br\/cri\/2025\/09\/19\/documentario-mostra-esforcos-da-china-na-manutencao-da-paz\/#primaryimage"},"image":{"@id":"https:\/\/diariodepe.com.br\/cri\/2025\/09\/19\/documentario-mostra-esforcos-da-china-na-manutencao-da-paz\/#primaryimage"},"thumbnailUrl":"https:\/\/38picres.cgtn.com\/photoAlbum\/page\/performance\/img\/2025\/9\/19\/1758261892359_359.jpg","datePublished":"2025-09-19T07:33:25+00:00","dateModified":"2025-09-25T18:43:47+00:00","breadcrumb":{"@id":"https:\/\/diariodepe.com.br\/cri\/2025\/09\/19\/documentario-mostra-esforcos-da-china-na-manutencao-da-paz\/#breadcrumb"},"inLanguage":"pt-BR","potentialAction":[{"@type":"ReadAction","target":["https:\/\/diariodepe.com.br\/cri\/2025\/09\/19\/documentario-mostra-esforcos-da-china-na-manutencao-da-paz\/"]}]},{"@type":"ImageObject","inLanguage":"pt-BR","@id":"https:\/\/diariodepe.com.br\/cri\/2025\/09\/19\/documentario-mostra-esforcos-da-china-na-manutencao-da-paz\/#primaryimage","url":"https:\/\/38picres.cgtn.com\/photoAlbum\/page\/performance\/img\/2025\/9\/19\/1758261892359_359.jpg","contentUrl":"https:\/\/38picres.cgtn.com\/photoAlbum\/page\/performance\/img\/2025\/9\/19\/1758261892359_359.jpg"},{"@type":"BreadcrumbList","@id":"https:\/\/diariodepe.com.br\/cri\/2025\/09\/19\/documentario-mostra-esforcos-da-china-na-manutencao-da-paz\/#breadcrumb","itemListElement":[{"@type":"ListItem","position":1,"name":"In\u00edcio","item":"https:\/\/diariodepe.com.br\/cri\/"},{"@type":"ListItem","position":2,"name":"Document\u00e1rio mostra esfor\u00e7os da China na manuten\u00e7\u00e3o da paz"}]},{"@type":"WebSite","@id":"https:\/\/diariodepe.com.br\/cri\/#website","url":"https:\/\/diariodepe.com.br\/cri\/","name":"CRI e Diario de Pernambuco","description":"R\u00e1dio Internacional da China","publisher":{"@id":"https:\/\/diariodepe.com.br\/cri\/#organization"},"potentialAction":[{"@type":"SearchAction","target":{"@type":"EntryPoint","urlTemplate":"https:\/\/diariodepe.com.br\/cri\/?s={search_term_string}"},"query-input":{"@type":"PropertyValueSpecification","valueRequired":true,"valueName":"search_term_string"}}],"inLanguage":"pt-BR"},{"@type":"Organization","@id":"https:\/\/diariodepe.com.br\/cri\/#organization","name":"CRI e Diario de Pernambuco","url":"https:\/\/diariodepe.com.br\/cri\/","logo":{"@type":"ImageObject","inLanguage":"pt-BR","@id":"https:\/\/diariodepe.com.br\/cri\/#\/schema\/logo\/image\/","url":"https:\/\/diariodepe.com.br\/cri\/wp-content\/uploads\/sites\/2\/2022\/12\/cropped-Logo.jpg","contentUrl":"https:\/\/diariodepe.com.br\/cri\/wp-content\/uploads\/sites\/2\/2022\/12\/cropped-Logo.jpg","width":700,"height":59,"caption":"CRI e Diario de Pernambuco"},"image":{"@id":"https:\/\/diariodepe.com.br\/cri\/#\/schema\/logo\/image\/"}},{"@type":"Person","@id":"https:\/\/diariodepe.com.br\/cri\/#\/schema\/person\/e474aead631cd4098632e11d3fbce118","name":"CRI Portugu\u00eas","image":{"@type":"ImageObject","inLanguage":"pt-BR","@id":"https:\/\/secure.gravatar.com\/avatar\/e2ac889ef882d4dc53091b610766dce49106cf9fe98c76e06745abb0993b2763?s=96&d=mm&r=g","url":"https:\/\/secure.gravatar.com\/avatar\/e2ac889ef882d4dc53091b610766dce49106cf9fe98c76e06745abb0993b2763?s=96&d=mm&r=g","contentUrl":"https:\/\/secure.gravatar.com\/avatar\/e2ac889ef882d4dc53091b610766dce49106cf9fe98c76e06745abb0993b2763?s=96&d=mm&r=g","caption":"CRI Portugu\u00eas"},"sameAs":["https:\/\/www.diariodepernambuco.com.br\/"],"url":"https:\/\/diariodepe.com.br\/cri\/author\/agencia-cri\/"}]}},"cc_featured_image_caption":{"caption_text":false,"source_text":false,"source_url":false},"amp_enabled":true,"_links":{"self":[{"href":"https:\/\/diariodepe.com.br\/cri\/wp-json\/wp\/v2\/posts\/9474","targetHints":{"allow":["GET"]}}],"collection":[{"href":"https:\/\/diariodepe.com.br\/cri\/wp-json\/wp\/v2\/posts"}],"about":[{"href":"https:\/\/diariodepe.com.br\/cri\/wp-json\/wp\/v2\/types\/post"}],"author":[{"embeddable":true,"href":"https:\/\/diariodepe.com.br\/cri\/wp-json\/wp\/v2\/users\/5"}],"replies":[{"embeddable":true,"href":"https:\/\/diariodepe.com.br\/cri\/wp-json\/wp\/v2\/comments?post=9474"}],"version-history":[{"count":1,"href":"https:\/\/diariodepe.com.br\/cri\/wp-json\/wp\/v2\/posts\/9474\/revisions"}],"predecessor-version":[{"id":9475,"href":"https:\/\/diariodepe.com.br\/cri\/wp-json\/wp\/v2\/posts\/9474\/revisions\/9475"}],"wp:attachment":[{"href":"https:\/\/diariodepe.com.br\/cri\/wp-json\/wp\/v2\/media?parent=9474"}],"wp:term":[{"taxonomy":"category","embeddable":true,"href":"https:\/\/diariodepe.com.br\/cri\/wp-json\/wp\/v2\/categories?post=9474"},{"taxonomy":"post_tag","embeddable":true,"href":"https:\/\/diariodepe.com.br\/cri\/wp-json\/wp\/v2\/tags?post=9474"}],"curies":[{"name":"wp","href":"https:\/\/api.w.org\/{rel}","templated":true}]}}