{"id":9461,"date":"2025-09-16T04:02:34","date_gmt":"2025-09-16T07:02:34","guid":{"rendered":"https:\/\/diariodepe.com.br\/cri\/?p=9461"},"modified":"2025-09-25T15:43:49","modified_gmt":"2025-09-25T18:43:49","slug":"presidente-servio-destaca-tres-motivos-para-apoiar-iniciativa-de-governanca-global","status":"publish","type":"post","link":"https:\/\/diariodepe.com.br\/cri\/2025\/09\/16\/presidente-servio-destaca-tres-motivos-para-apoiar-iniciativa-de-governanca-global\/","title":{"rendered":"Presidente s\u00e9rvio destaca tr\u00eas motivos para apoiar Iniciativa de Governan\u00e7a Global"},"content":{"rendered":"<p><img decoding=\"async\" src=\"https:\/\/38picres.cgtn.com\/photoAlbum\/page\/performance\/img\/2025\/9\/13\/1757764472962_229.jpeg\" \/><\/p>\n<p>O presidente da S\u00e9rvia, Aleksandar Vucic, visitou a China no in\u00edcio de setembro para participar das comemora\u00e7\u00f5es do 80\u00ba anivers\u00e1rio da vit\u00f3ria na Guerra de Resist\u00eancia do Povo Chin\u00eas contra a Agress\u00e3o Japonesa e na Guerra Antifascista Mundial, realizadas em Beijing. Ao conceder uma entrevista exclusiva ao Grupo de M\u00eddia da China (CMG, na sigla em ingl\u00eas), o l\u00edder comentou sobre o desfile militar chin\u00eas, a defesa da hist\u00f3ria da Segunda Guerra Mundial e a Iniciativa de Governan\u00e7a Global, proposta recentemente pelo presidente chin\u00eas, Xi Jinping.<\/p>\n<p>Vucic sublinhou as mensagens pol\u00edticas deixadas por seu hom\u00f3logo chin\u00eas nos eventos comemorativos, centradas na defesa da paz, justi\u00e7a e estabilidade mundial. Identificando-se como um cidad\u00e3o do mundo, o presidente s\u00e9rvio afirmou se sentir mais seguro ap\u00f3s assistir ao desfile chin\u00eas. Segundo ele, todos os presentes ficaram profundamente comovidos ao ver os novos equipamentos, tecnologias e armas, raramente vistos em outros lugares do mundo.<\/p>\n<p><img decoding=\"async\" src=\"https:\/\/38picres.cgtn.com\/photoAlbum\/page\/performance\/img\/2025\/9\/13\/1757764491360_376.jpeg\" \/><\/p>\n<p>Na entrevista, Vucic criticou as v\u00e1rias tentativas de distorcer a hist\u00f3ria durante e ap\u00f3s a Segunda Guerra Mundial, aproveitando-se de grandes quantias de dinheiro e hegemonia midi\u00e1tica, entre outros meios. De acordo com o chefe de Estado, \u00e9 de conhecimento geral que milhares de s\u00e9rvios, poloneses e judeus morreram na Segunda Guerra Mundial, mas poucos sabem sobre o sacrif\u00edcio e os sofrimentos do povo chin\u00eas na mesma \u00e9poca. \u201cTemos que adotar a\u00e7\u00f5es conjuntas para preservar e transmitir as verdades hist\u00f3ricas\u201d, frisou.<\/p>\n<p>Vucic lembrou que S\u00e9rvia e China s\u00e3o amigos de ferro. Segundo o presidente s\u00e9rvio, seu pa\u00eds j\u00e1 participou das tr\u00eas iniciativas propostas por seu hom\u00f3logo chin\u00eas e, agora, apoia firmemente a quarta, isto \u00e9, a Iniciativa de Governan\u00e7a Global. O chefe de Estado acredita que Xi Jinping conhece bem a import\u00e2ncia da paz global, pelo fato de que 35 milh\u00f5es de chineses morreram ou ficaram feridos na Segunda Guerra Mundial. \u201cEssas iniciativas t\u00eam uma signific\u00e2ncia crucial neste momento especial em que turbul\u00eancias e a escalada de conflitos regionais marcam a conjuntura internacional\u201d, pontuou.<\/p>\n<p><img decoding=\"async\" src=\"https:\/\/38picres.cgtn.com\/photoAlbum\/page\/performance\/img\/2025\/9\/13\/1757764503646_908.jpeg\" \/><\/p>\n<p>O presidente s\u00e9rvio tamb\u00e9m descatou tr\u00eas motivos que fazem da Iniciativa de Governan\u00e7a Global imprescind\u00edvel no mundo atual. Primeiro, os pa\u00edses do Sul Global precisam de maior e melhor representatividade no palco internacional. Segundo, todos os resultados obtidos no direito internacional p\u00fablico est\u00e3o sendo erodidos. Terceiro, h\u00e1 uma falta de efici\u00eancia no processo de constru\u00e7\u00e3o de um mundo sustent\u00e1vel, nas respostas \u00e0s mudan\u00e7as clim\u00e1ticas e na pr\u00e1tica dos compromissos com a humanidade. O objetivo que Xi Jinping quer alcan\u00e7ar com essas iniciativas, segundo o presidente s\u00e9rvio, \u00e9 levar a igualdade a todos os pa\u00edses e nacionalidades.<\/p>\n","protected":false},"excerpt":{"rendered":"<p>O presidente da S\u00e9rvia, Aleksandar Vucic, visitou a China no in\u00edcio de setembro para participar das comemora\u00e7\u00f5es do 80\u00ba anivers\u00e1rio da vit\u00f3ria na Guerra de Resist\u00eancia do Povo Chin\u00eas contra a Agress\u00e3o Japonesa e na Guerra Antifascista Mundial, realizadas em&#8230;<\/p>\n","protected":false},"author":5,"featured_media":0,"comment_status":"open","ping_status":"open","sticky":false,"template":"","format":"standard","meta":{"footnotes":""},"categories":[3],"tags":[],"class_list":["post-9461","post","type-post","status-publish","format-standard","hentry","category-china"],"yoast_head":"<!-- This site is optimized with the Yoast SEO plugin v27.4 - https:\/\/yoast.com\/product\/yoast-seo-wordpress\/ -->\n<title>Presidente s\u00e9rvio destaca tr\u00eas motivos para apoiar Iniciativa de Governan\u00e7a Global - CRI e Diario de Pernambuco<\/title>\n<meta name=\"robots\" content=\"index, follow, max-snippet:-1, max-image-preview:large, max-video-preview:-1\" \/>\n<link rel=\"canonical\" href=\"https:\/\/diariodepe.com.br\/cri\/2025\/09\/16\/presidente-servio-destaca-tres-motivos-para-apoiar-iniciativa-de-governanca-global\/\" \/>\n<meta property=\"og:locale\" content=\"pt_BR\" \/>\n<meta property=\"og:type\" content=\"article\" \/>\n<meta property=\"og:title\" content=\"Presidente s\u00e9rvio destaca tr\u00eas motivos para apoiar Iniciativa de Governan\u00e7a Global - CRI e Diario de Pernambuco\" \/>\n<meta property=\"og:description\" content=\"O presidente da S\u00e9rvia, Aleksandar Vucic, visitou a China no in\u00edcio de setembro para participar das comemora\u00e7\u00f5es do 80\u00ba anivers\u00e1rio da vit\u00f3ria na Guerra de Resist\u00eancia do Povo Chin\u00eas contra a Agress\u00e3o Japonesa e na Guerra Antifascista Mundial, realizadas em...\" \/>\n<meta property=\"og:url\" content=\"https:\/\/diariodepe.com.br\/cri\/2025\/09\/16\/presidente-servio-destaca-tres-motivos-para-apoiar-iniciativa-de-governanca-global\/\" \/>\n<meta property=\"og:site_name\" content=\"CRI e Diario de Pernambuco\" \/>\n<meta property=\"article:published_time\" content=\"2025-09-16T07:02:34+00:00\" \/>\n<meta property=\"article:modified_time\" content=\"2025-09-25T18:43:49+00:00\" \/>\n<meta property=\"og:image\" content=\"https:\/\/38picres.cgtn.com\/photoAlbum\/page\/performance\/img\/2025\/9\/13\/1757764472962_229.jpeg\" \/>\n<meta name=\"author\" content=\"CRI Portugu\u00eas\" \/>\n<meta name=\"twitter:card\" content=\"summary_large_image\" \/>\n<meta name=\"twitter:label1\" content=\"Escrito por\" \/>\n\t<meta name=\"twitter:data1\" content=\"CRI Portugu\u00eas\" \/>\n\t<meta name=\"twitter:label2\" content=\"Est. tempo de leitura\" \/>\n\t<meta name=\"twitter:data2\" content=\"3 minutos\" \/>\n<script type=\"application\/ld+json\" class=\"yoast-schema-graph\">{\"@context\":\"https:\\\/\\\/schema.org\",\"@graph\":[{\"@type\":\"Article\",\"@id\":\"https:\\\/\\\/diariodepe.com.br\\\/cri\\\/2025\\\/09\\\/16\\\/presidente-servio-destaca-tres-motivos-para-apoiar-iniciativa-de-governanca-global\\\/#article\",\"isPartOf\":{\"@id\":\"https:\\\/\\\/diariodepe.com.br\\\/cri\\\/2025\\\/09\\\/16\\\/presidente-servio-destaca-tres-motivos-para-apoiar-iniciativa-de-governanca-global\\\/\"},\"author\":{\"name\":\"CRI Portugu\u00eas\",\"@id\":\"https:\\\/\\\/diariodepe.com.br\\\/cri\\\/#\\\/schema\\\/person\\\/e474aead631cd4098632e11d3fbce118\"},\"headline\":\"Presidente s\u00e9rvio destaca tr\u00eas motivos para apoiar Iniciativa de Governan\u00e7a Global\",\"datePublished\":\"2025-09-16T07:02:34+00:00\",\"dateModified\":\"2025-09-25T18:43:49+00:00\",\"mainEntityOfPage\":{\"@id\":\"https:\\\/\\\/diariodepe.com.br\\\/cri\\\/2025\\\/09\\\/16\\\/presidente-servio-destaca-tres-motivos-para-apoiar-iniciativa-de-governanca-global\\\/\"},\"wordCount\":491,\"commentCount\":0,\"publisher\":{\"@id\":\"https:\\\/\\\/diariodepe.com.br\\\/cri\\\/#organization\"},\"image\":{\"@id\":\"https:\\\/\\\/diariodepe.com.br\\\/cri\\\/2025\\\/09\\\/16\\\/presidente-servio-destaca-tres-motivos-para-apoiar-iniciativa-de-governanca-global\\\/#primaryimage\"},\"thumbnailUrl\":\"https:\\\/\\\/38picres.cgtn.com\\\/photoAlbum\\\/page\\\/performance\\\/img\\\/2025\\\/9\\\/13\\\/1757764472962_229.jpeg\",\"articleSection\":[\"China\"],\"inLanguage\":\"pt-BR\",\"potentialAction\":[{\"@type\":\"CommentAction\",\"name\":\"Comment\",\"target\":[\"https:\\\/\\\/diariodepe.com.br\\\/cri\\\/2025\\\/09\\\/16\\\/presidente-servio-destaca-tres-motivos-para-apoiar-iniciativa-de-governanca-global\\\/#respond\"]}]},{\"@type\":\"WebPage\",\"@id\":\"https:\\\/\\\/diariodepe.com.br\\\/cri\\\/2025\\\/09\\\/16\\\/presidente-servio-destaca-tres-motivos-para-apoiar-iniciativa-de-governanca-global\\\/\",\"url\":\"https:\\\/\\\/diariodepe.com.br\\\/cri\\\/2025\\\/09\\\/16\\\/presidente-servio-destaca-tres-motivos-para-apoiar-iniciativa-de-governanca-global\\\/\",\"name\":\"Presidente s\u00e9rvio destaca tr\u00eas motivos para apoiar Iniciativa de Governan\u00e7a Global - CRI e Diario de Pernambuco\",\"isPartOf\":{\"@id\":\"https:\\\/\\\/diariodepe.com.br\\\/cri\\\/#website\"},\"primaryImageOfPage\":{\"@id\":\"https:\\\/\\\/diariodepe.com.br\\\/cri\\\/2025\\\/09\\\/16\\\/presidente-servio-destaca-tres-motivos-para-apoiar-iniciativa-de-governanca-global\\\/#primaryimage\"},\"image\":{\"@id\":\"https:\\\/\\\/diariodepe.com.br\\\/cri\\\/2025\\\/09\\\/16\\\/presidente-servio-destaca-tres-motivos-para-apoiar-iniciativa-de-governanca-global\\\/#primaryimage\"},\"thumbnailUrl\":\"https:\\\/\\\/38picres.cgtn.com\\\/photoAlbum\\\/page\\\/performance\\\/img\\\/2025\\\/9\\\/13\\\/1757764472962_229.jpeg\",\"datePublished\":\"2025-09-16T07:02:34+00:00\",\"dateModified\":\"2025-09-25T18:43:49+00:00\",\"breadcrumb\":{\"@id\":\"https:\\\/\\\/diariodepe.com.br\\\/cri\\\/2025\\\/09\\\/16\\\/presidente-servio-destaca-tres-motivos-para-apoiar-iniciativa-de-governanca-global\\\/#breadcrumb\"},\"inLanguage\":\"pt-BR\",\"potentialAction\":[{\"@type\":\"ReadAction\",\"target\":[\"https:\\\/\\\/diariodepe.com.br\\\/cri\\\/2025\\\/09\\\/16\\\/presidente-servio-destaca-tres-motivos-para-apoiar-iniciativa-de-governanca-global\\\/\"]}]},{\"@type\":\"ImageObject\",\"inLanguage\":\"pt-BR\",\"@id\":\"https:\\\/\\\/diariodepe.com.br\\\/cri\\\/2025\\\/09\\\/16\\\/presidente-servio-destaca-tres-motivos-para-apoiar-iniciativa-de-governanca-global\\\/#primaryimage\",\"url\":\"https:\\\/\\\/38picres.cgtn.com\\\/photoAlbum\\\/page\\\/performance\\\/img\\\/2025\\\/9\\\/13\\\/1757764472962_229.jpeg\",\"contentUrl\":\"https:\\\/\\\/38picres.cgtn.com\\\/photoAlbum\\\/page\\\/performance\\\/img\\\/2025\\\/9\\\/13\\\/1757764472962_229.jpeg\"},{\"@type\":\"BreadcrumbList\",\"@id\":\"https:\\\/\\\/diariodepe.com.br\\\/cri\\\/2025\\\/09\\\/16\\\/presidente-servio-destaca-tres-motivos-para-apoiar-iniciativa-de-governanca-global\\\/#breadcrumb\",\"itemListElement\":[{\"@type\":\"ListItem\",\"position\":1,\"name\":\"In\u00edcio\",\"item\":\"https:\\\/\\\/diariodepe.com.br\\\/cri\\\/\"},{\"@type\":\"ListItem\",\"position\":2,\"name\":\"Presidente s\u00e9rvio destaca tr\u00eas motivos para apoiar Iniciativa de Governan\u00e7a Global\"}]},{\"@type\":\"WebSite\",\"@id\":\"https:\\\/\\\/diariodepe.com.br\\\/cri\\\/#website\",\"url\":\"https:\\\/\\\/diariodepe.com.br\\\/cri\\\/\",\"name\":\"CRI e Diario de Pernambuco\",\"description\":\"R\u00e1dio Internacional da China\",\"publisher\":{\"@id\":\"https:\\\/\\\/diariodepe.com.br\\\/cri\\\/#organization\"},\"potentialAction\":[{\"@type\":\"SearchAction\",\"target\":{\"@type\":\"EntryPoint\",\"urlTemplate\":\"https:\\\/\\\/diariodepe.com.br\\\/cri\\\/?s={search_term_string}\"},\"query-input\":{\"@type\":\"PropertyValueSpecification\",\"valueRequired\":true,\"valueName\":\"search_term_string\"}}],\"inLanguage\":\"pt-BR\"},{\"@type\":\"Organization\",\"@id\":\"https:\\\/\\\/diariodepe.com.br\\\/cri\\\/#organization\",\"name\":\"CRI e Diario de Pernambuco\",\"url\":\"https:\\\/\\\/diariodepe.com.br\\\/cri\\\/\",\"logo\":{\"@type\":\"ImageObject\",\"inLanguage\":\"pt-BR\",\"@id\":\"https:\\\/\\\/diariodepe.com.br\\\/cri\\\/#\\\/schema\\\/logo\\\/image\\\/\",\"url\":\"https:\\\/\\\/diariodepe.com.br\\\/cri\\\/wp-content\\\/uploads\\\/sites\\\/2\\\/2022\\\/12\\\/cropped-Logo.jpg\",\"contentUrl\":\"https:\\\/\\\/diariodepe.com.br\\\/cri\\\/wp-content\\\/uploads\\\/sites\\\/2\\\/2022\\\/12\\\/cropped-Logo.jpg\",\"width\":700,\"height\":59,\"caption\":\"CRI e Diario de Pernambuco\"},\"image\":{\"@id\":\"https:\\\/\\\/diariodepe.com.br\\\/cri\\\/#\\\/schema\\\/logo\\\/image\\\/\"}},{\"@type\":\"Person\",\"@id\":\"https:\\\/\\\/diariodepe.com.br\\\/cri\\\/#\\\/schema\\\/person\\\/e474aead631cd4098632e11d3fbce118\",\"name\":\"CRI Portugu\u00eas\",\"image\":{\"@type\":\"ImageObject\",\"inLanguage\":\"pt-BR\",\"@id\":\"https:\\\/\\\/secure.gravatar.com\\\/avatar\\\/e2ac889ef882d4dc53091b610766dce49106cf9fe98c76e06745abb0993b2763?s=96&d=mm&r=g\",\"url\":\"https:\\\/\\\/secure.gravatar.com\\\/avatar\\\/e2ac889ef882d4dc53091b610766dce49106cf9fe98c76e06745abb0993b2763?s=96&d=mm&r=g\",\"contentUrl\":\"https:\\\/\\\/secure.gravatar.com\\\/avatar\\\/e2ac889ef882d4dc53091b610766dce49106cf9fe98c76e06745abb0993b2763?s=96&d=mm&r=g\",\"caption\":\"CRI Portugu\u00eas\"},\"sameAs\":[\"https:\\\/\\\/www.diariodepernambuco.com.br\\\/\"],\"url\":\"https:\\\/\\\/diariodepe.com.br\\\/cri\\\/author\\\/agencia-cri\\\/\"}]}<\/script>\n<!-- \/ Yoast SEO plugin. -->","yoast_head_json":{"title":"Presidente s\u00e9rvio destaca tr\u00eas motivos para apoiar Iniciativa de Governan\u00e7a Global - CRI e Diario de Pernambuco","robots":{"index":"index","follow":"follow","max-snippet":"max-snippet:-1","max-image-preview":"max-image-preview:large","max-video-preview":"max-video-preview:-1"},"canonical":"https:\/\/diariodepe.com.br\/cri\/2025\/09\/16\/presidente-servio-destaca-tres-motivos-para-apoiar-iniciativa-de-governanca-global\/","og_locale":"pt_BR","og_type":"article","og_title":"Presidente s\u00e9rvio destaca tr\u00eas motivos para apoiar Iniciativa de Governan\u00e7a Global - CRI e Diario de Pernambuco","og_description":"O presidente da S\u00e9rvia, Aleksandar Vucic, visitou a China no in\u00edcio de setembro para participar das comemora\u00e7\u00f5es do 80\u00ba anivers\u00e1rio da vit\u00f3ria na Guerra de Resist\u00eancia do Povo Chin\u00eas contra a Agress\u00e3o Japonesa e na Guerra Antifascista Mundial, realizadas em...","og_url":"https:\/\/diariodepe.com.br\/cri\/2025\/09\/16\/presidente-servio-destaca-tres-motivos-para-apoiar-iniciativa-de-governanca-global\/","og_site_name":"CRI e Diario de Pernambuco","article_published_time":"2025-09-16T07:02:34+00:00","article_modified_time":"2025-09-25T18:43:49+00:00","og_image":[{"url":"https:\/\/38picres.cgtn.com\/photoAlbum\/page\/performance\/img\/2025\/9\/13\/1757764472962_229.jpeg","type":"","width":"","height":""}],"author":"CRI Portugu\u00eas","twitter_card":"summary_large_image","twitter_misc":{"Escrito por":"CRI Portugu\u00eas","Est. tempo de leitura":"3 minutos"},"schema":{"@context":"https:\/\/schema.org","@graph":[{"@type":"Article","@id":"https:\/\/diariodepe.com.br\/cri\/2025\/09\/16\/presidente-servio-destaca-tres-motivos-para-apoiar-iniciativa-de-governanca-global\/#article","isPartOf":{"@id":"https:\/\/diariodepe.com.br\/cri\/2025\/09\/16\/presidente-servio-destaca-tres-motivos-para-apoiar-iniciativa-de-governanca-global\/"},"author":{"name":"CRI Portugu\u00eas","@id":"https:\/\/diariodepe.com.br\/cri\/#\/schema\/person\/e474aead631cd4098632e11d3fbce118"},"headline":"Presidente s\u00e9rvio destaca tr\u00eas motivos para apoiar Iniciativa de Governan\u00e7a Global","datePublished":"2025-09-16T07:02:34+00:00","dateModified":"2025-09-25T18:43:49+00:00","mainEntityOfPage":{"@id":"https:\/\/diariodepe.com.br\/cri\/2025\/09\/16\/presidente-servio-destaca-tres-motivos-para-apoiar-iniciativa-de-governanca-global\/"},"wordCount":491,"commentCount":0,"publisher":{"@id":"https:\/\/diariodepe.com.br\/cri\/#organization"},"image":{"@id":"https:\/\/diariodepe.com.br\/cri\/2025\/09\/16\/presidente-servio-destaca-tres-motivos-para-apoiar-iniciativa-de-governanca-global\/#primaryimage"},"thumbnailUrl":"https:\/\/38picres.cgtn.com\/photoAlbum\/page\/performance\/img\/2025\/9\/13\/1757764472962_229.jpeg","articleSection":["China"],"inLanguage":"pt-BR","potentialAction":[{"@type":"CommentAction","name":"Comment","target":["https:\/\/diariodepe.com.br\/cri\/2025\/09\/16\/presidente-servio-destaca-tres-motivos-para-apoiar-iniciativa-de-governanca-global\/#respond"]}]},{"@type":"WebPage","@id":"https:\/\/diariodepe.com.br\/cri\/2025\/09\/16\/presidente-servio-destaca-tres-motivos-para-apoiar-iniciativa-de-governanca-global\/","url":"https:\/\/diariodepe.com.br\/cri\/2025\/09\/16\/presidente-servio-destaca-tres-motivos-para-apoiar-iniciativa-de-governanca-global\/","name":"Presidente s\u00e9rvio destaca tr\u00eas motivos para apoiar Iniciativa de Governan\u00e7a Global - CRI e Diario de Pernambuco","isPartOf":{"@id":"https:\/\/diariodepe.com.br\/cri\/#website"},"primaryImageOfPage":{"@id":"https:\/\/diariodepe.com.br\/cri\/2025\/09\/16\/presidente-servio-destaca-tres-motivos-para-apoiar-iniciativa-de-governanca-global\/#primaryimage"},"image":{"@id":"https:\/\/diariodepe.com.br\/cri\/2025\/09\/16\/presidente-servio-destaca-tres-motivos-para-apoiar-iniciativa-de-governanca-global\/#primaryimage"},"thumbnailUrl":"https:\/\/38picres.cgtn.com\/photoAlbum\/page\/performance\/img\/2025\/9\/13\/1757764472962_229.jpeg","datePublished":"2025-09-16T07:02:34+00:00","dateModified":"2025-09-25T18:43:49+00:00","breadcrumb":{"@id":"https:\/\/diariodepe.com.br\/cri\/2025\/09\/16\/presidente-servio-destaca-tres-motivos-para-apoiar-iniciativa-de-governanca-global\/#breadcrumb"},"inLanguage":"pt-BR","potentialAction":[{"@type":"ReadAction","target":["https:\/\/diariodepe.com.br\/cri\/2025\/09\/16\/presidente-servio-destaca-tres-motivos-para-apoiar-iniciativa-de-governanca-global\/"]}]},{"@type":"ImageObject","inLanguage":"pt-BR","@id":"https:\/\/diariodepe.com.br\/cri\/2025\/09\/16\/presidente-servio-destaca-tres-motivos-para-apoiar-iniciativa-de-governanca-global\/#primaryimage","url":"https:\/\/38picres.cgtn.com\/photoAlbum\/page\/performance\/img\/2025\/9\/13\/1757764472962_229.jpeg","contentUrl":"https:\/\/38picres.cgtn.com\/photoAlbum\/page\/performance\/img\/2025\/9\/13\/1757764472962_229.jpeg"},{"@type":"BreadcrumbList","@id":"https:\/\/diariodepe.com.br\/cri\/2025\/09\/16\/presidente-servio-destaca-tres-motivos-para-apoiar-iniciativa-de-governanca-global\/#breadcrumb","itemListElement":[{"@type":"ListItem","position":1,"name":"In\u00edcio","item":"https:\/\/diariodepe.com.br\/cri\/"},{"@type":"ListItem","position":2,"name":"Presidente s\u00e9rvio destaca tr\u00eas motivos para apoiar Iniciativa de Governan\u00e7a Global"}]},{"@type":"WebSite","@id":"https:\/\/diariodepe.com.br\/cri\/#website","url":"https:\/\/diariodepe.com.br\/cri\/","name":"CRI e Diario de Pernambuco","description":"R\u00e1dio Internacional da China","publisher":{"@id":"https:\/\/diariodepe.com.br\/cri\/#organization"},"potentialAction":[{"@type":"SearchAction","target":{"@type":"EntryPoint","urlTemplate":"https:\/\/diariodepe.com.br\/cri\/?s={search_term_string}"},"query-input":{"@type":"PropertyValueSpecification","valueRequired":true,"valueName":"search_term_string"}}],"inLanguage":"pt-BR"},{"@type":"Organization","@id":"https:\/\/diariodepe.com.br\/cri\/#organization","name":"CRI e Diario de Pernambuco","url":"https:\/\/diariodepe.com.br\/cri\/","logo":{"@type":"ImageObject","inLanguage":"pt-BR","@id":"https:\/\/diariodepe.com.br\/cri\/#\/schema\/logo\/image\/","url":"https:\/\/diariodepe.com.br\/cri\/wp-content\/uploads\/sites\/2\/2022\/12\/cropped-Logo.jpg","contentUrl":"https:\/\/diariodepe.com.br\/cri\/wp-content\/uploads\/sites\/2\/2022\/12\/cropped-Logo.jpg","width":700,"height":59,"caption":"CRI e Diario de Pernambuco"},"image":{"@id":"https:\/\/diariodepe.com.br\/cri\/#\/schema\/logo\/image\/"}},{"@type":"Person","@id":"https:\/\/diariodepe.com.br\/cri\/#\/schema\/person\/e474aead631cd4098632e11d3fbce118","name":"CRI Portugu\u00eas","image":{"@type":"ImageObject","inLanguage":"pt-BR","@id":"https:\/\/secure.gravatar.com\/avatar\/e2ac889ef882d4dc53091b610766dce49106cf9fe98c76e06745abb0993b2763?s=96&d=mm&r=g","url":"https:\/\/secure.gravatar.com\/avatar\/e2ac889ef882d4dc53091b610766dce49106cf9fe98c76e06745abb0993b2763?s=96&d=mm&r=g","contentUrl":"https:\/\/secure.gravatar.com\/avatar\/e2ac889ef882d4dc53091b610766dce49106cf9fe98c76e06745abb0993b2763?s=96&d=mm&r=g","caption":"CRI Portugu\u00eas"},"sameAs":["https:\/\/www.diariodepernambuco.com.br\/"],"url":"https:\/\/diariodepe.com.br\/cri\/author\/agencia-cri\/"}]}},"cc_featured_image_caption":{"caption_text":false,"source_text":false,"source_url":false},"amp_enabled":true,"_links":{"self":[{"href":"https:\/\/diariodepe.com.br\/cri\/wp-json\/wp\/v2\/posts\/9461","targetHints":{"allow":["GET"]}}],"collection":[{"href":"https:\/\/diariodepe.com.br\/cri\/wp-json\/wp\/v2\/posts"}],"about":[{"href":"https:\/\/diariodepe.com.br\/cri\/wp-json\/wp\/v2\/types\/post"}],"author":[{"embeddable":true,"href":"https:\/\/diariodepe.com.br\/cri\/wp-json\/wp\/v2\/users\/5"}],"replies":[{"embeddable":true,"href":"https:\/\/diariodepe.com.br\/cri\/wp-json\/wp\/v2\/comments?post=9461"}],"version-history":[{"count":1,"href":"https:\/\/diariodepe.com.br\/cri\/wp-json\/wp\/v2\/posts\/9461\/revisions"}],"predecessor-version":[{"id":9462,"href":"https:\/\/diariodepe.com.br\/cri\/wp-json\/wp\/v2\/posts\/9461\/revisions\/9462"}],"wp:attachment":[{"href":"https:\/\/diariodepe.com.br\/cri\/wp-json\/wp\/v2\/media?parent=9461"}],"wp:term":[{"taxonomy":"category","embeddable":true,"href":"https:\/\/diariodepe.com.br\/cri\/wp-json\/wp\/v2\/categories?post=9461"},{"taxonomy":"post_tag","embeddable":true,"href":"https:\/\/diariodepe.com.br\/cri\/wp-json\/wp\/v2\/tags?post=9461"}],"curies":[{"name":"wp","href":"https:\/\/api.w.org\/{rel}","templated":true}]}}