{"id":9452,"date":"2025-09-16T03:59:05","date_gmt":"2025-09-16T06:59:05","guid":{"rendered":"https:\/\/diariodepe.com.br\/cri\/?p=9452"},"modified":"2025-09-25T15:43:50","modified_gmt":"2025-09-25T18:43:50","slug":"protecao-ecologica-da-ilha-huangyan-pela-china-e-razoavel-e-legitima","status":"publish","type":"post","link":"https:\/\/diariodepe.com.br\/cri\/2025\/09\/16\/protecao-ecologica-da-ilha-huangyan-pela-china-e-razoavel-e-legitima\/","title":{"rendered":"Prote\u00e7\u00e3o ecol\u00f3gica da ilha Huangyan pela China \u00e9 razo\u00e1vel e leg\u00edtima"},"content":{"rendered":"<p><img decoding=\"async\" src=\"https:\/\/38picres.cgtn.com\/photoAlbum\/page\/performance\/img\/2025\/9\/12\/1757648512401_908.jpg\" \/><\/p>\n<p>O site oficial do governo central da China publicou,\u00a0no dia 10,\u00a0a aprova\u00e7\u00e3o do Conselho de Estado\u00a0ao\u00a0pedido do Minist\u00e9rio dos Recursos Naturais para o estabelecimento de uma\u00a0reserva natural nacional na ilha Huangyan, concordando com\u00a0sua cria\u00e7\u00e3o.<\/p>\n<p>No dia 11,\u00a0o\u00a0porta-voz da Chancelaria da China, Lin Jian,\u00a0comentou sobre o protesto das Filipinas em rela\u00e7\u00e3o\u00a0ao estabelecimento\u00a0da reserva.\u00a0Segundo Lin, a ilha Huangyan faz parte do\u00a0territ\u00f3rio chin\u00eas,\u00a0e a cria\u00e7\u00e3o da \u00e1rea protegida\u00a0\u00e9 uma quest\u00e3o de soberania.\u00a0A medida visa\u00a0preservar\u00a0o meio ambiente,\u00a0proteger a biodiversidade e garantir a estabilidade do ecossistema local,\u00a0estando\u00a0em conformidade\u00a0com as leis chinesas e com o Direito Internacional.<\/p>\n<p>Lin Jian\u00a0destacou\u00a0ainda\u00a0que a\u00a0demarca\u00e7\u00e3o territorial das Filipinas j\u00e1 foi definida h\u00e1\u00a0muito tempo por uma s\u00e9rie de tratados internacionais, e\u00a0que\u00a0a ilha Huangyan nunca esteve inclu\u00edda. A China rejeita, portanto,\u00a0as acusa\u00e7\u00f5es infundadas e o protesto apresentado pelas Filipinas.<\/p>\n<p>A reserva na ilha Huangyan est\u00e1 localizada na cidade insular\u00a0de Sansha,\u00a0na\u00a0prov\u00edncia de Hainan,\u00a0e possui uma \u00e1rea total de\u00a03.523,67 hectares,\u00a0sendo 1.242,55 hectares de zona central e 2.281,12 hectares de zona experimental. Seu principal foco \u00e9 a conserva\u00e7\u00e3o do\u00a0ecossistema de recifes de coral.<\/p>\n<p><img decoding=\"async\" src=\"https:\/\/38picres.cgtn.com\/photoAlbum\/page\/performance\/img\/2025\/9\/12\/1757648562504_261.jpeg\" \/><\/p>\n<p>Ao longo do tempo, diante das ambi\u00e7\u00f5es territoriais e mar\u00edtimas das Filipinas e do incitamento e apoio dos EUA e do Ocidente, a China\u00a0manteve\u00a0seus esfor\u00e7os para construir um Mar do Sul da China pac\u00edfico, cooperativo e\u00a0amistoso.<\/p>\n<p>Em julho de 2024, a China publicou o\u00a0<i>Relat\u00f3rio de Investiga\u00e7\u00e3o e Avalia\u00e7\u00e3o do Estado do Meio Ambiente Ecol\u00f3gico da \u00c1rea Mar\u00edtima da Ilha Huangyan<\/i>, que esclareceu os rumores fabricados pelas Filipinas sobre\u00a0suposta pesca com cianeto realizada por chineses, al\u00e9m de fornecer\u00a0uma base cient\u00edfica e profissional para a prote\u00e7\u00e3o ecol\u00f3gica\u00a0da regi\u00e3o,\u00a0estabelecendo\u00a0os fundamentos para a cria\u00e7\u00e3o da reserva natural nacional.<\/p>\n<p>Por um longo per\u00edodo, a China tem feito esfor\u00e7os\u00a0cont\u00ednuos\u00a0para proteger o ambiente ecol\u00f3gico da ilha\u00a0Huangyan, mantendo conten\u00e7\u00e3o\u00a0nas disputas do\u00a0Mar do Sul da China\u00a0e defendendo sempre\u00a0a resolu\u00e7\u00e3o\u00a0de conflitos por di\u00e1logo e consultas\u00a0entre os pa\u00edses diretamente envolvidos,\u00a0al\u00e9m de\u00a0esfor\u00e7os conjuntos com os pa\u00edses da ASEAN para\u00a0preservar\u00a0a paz mar\u00edtima.\u00a0A cria\u00e7\u00e3o da reserva\u00a0natural nacional da ilha\u00a0Huangyan iluminar\u00e1 o Mar do Sul da China com uma luz \u201cverde\u201d,\u00a0contribuindo para a paz e o desenvolvimento sustent\u00e1vel da regi\u00e3o.<\/p>\n","protected":false},"excerpt":{"rendered":"<p>O site oficial do governo central da China publicou,\u00a0no dia 10,\u00a0a aprova\u00e7\u00e3o do Conselho de Estado\u00a0ao\u00a0pedido do Minist\u00e9rio dos Recursos Naturais para o estabelecimento de uma\u00a0reserva natural nacional na ilha Huangyan, concordando com\u00a0sua cria\u00e7\u00e3o. No dia 11,\u00a0o\u00a0porta-voz da Chancelaria da&#8230;<\/p>\n","protected":false},"author":5,"featured_media":0,"comment_status":"open","ping_status":"open","sticky":false,"template":"","format":"standard","meta":{"footnotes":""},"categories":[7],"tags":[],"class_list":["post-9452","post","type-post","status-publish","format-standard","hentry","category-visao"],"yoast_head":"<!-- This site is optimized with the Yoast SEO plugin v27.4 - https:\/\/yoast.com\/product\/yoast-seo-wordpress\/ -->\n<title>Prote\u00e7\u00e3o ecol\u00f3gica da ilha Huangyan pela China \u00e9 razo\u00e1vel e leg\u00edtima - CRI e Diario de Pernambuco<\/title>\n<meta name=\"robots\" content=\"index, follow, max-snippet:-1, max-image-preview:large, max-video-preview:-1\" \/>\n<link rel=\"canonical\" href=\"https:\/\/diariodepe.com.br\/cri\/2025\/09\/16\/protecao-ecologica-da-ilha-huangyan-pela-china-e-razoavel-e-legitima\/\" \/>\n<meta property=\"og:locale\" content=\"pt_BR\" \/>\n<meta property=\"og:type\" content=\"article\" \/>\n<meta property=\"og:title\" content=\"Prote\u00e7\u00e3o ecol\u00f3gica da ilha Huangyan pela China \u00e9 razo\u00e1vel e leg\u00edtima - CRI e Diario de Pernambuco\" \/>\n<meta property=\"og:description\" content=\"O site oficial do governo central da China publicou,\u00a0no dia 10,\u00a0a aprova\u00e7\u00e3o do Conselho de Estado\u00a0ao\u00a0pedido do Minist\u00e9rio dos Recursos Naturais para o estabelecimento de uma\u00a0reserva natural nacional na ilha Huangyan, concordando com\u00a0sua cria\u00e7\u00e3o. No dia 11,\u00a0o\u00a0porta-voz da Chancelaria da...\" \/>\n<meta property=\"og:url\" content=\"https:\/\/diariodepe.com.br\/cri\/2025\/09\/16\/protecao-ecologica-da-ilha-huangyan-pela-china-e-razoavel-e-legitima\/\" \/>\n<meta property=\"og:site_name\" content=\"CRI e Diario de Pernambuco\" \/>\n<meta property=\"article:published_time\" content=\"2025-09-16T06:59:05+00:00\" \/>\n<meta property=\"article:modified_time\" content=\"2025-09-25T18:43:50+00:00\" \/>\n<meta property=\"og:image\" content=\"https:\/\/38picres.cgtn.com\/photoAlbum\/page\/performance\/img\/2025\/9\/12\/1757648512401_908.jpg\" \/>\n<meta name=\"author\" content=\"CRI Portugu\u00eas\" \/>\n<meta name=\"twitter:card\" content=\"summary_large_image\" \/>\n<meta name=\"twitter:label1\" content=\"Escrito por\" \/>\n\t<meta name=\"twitter:data1\" content=\"CRI Portugu\u00eas\" \/>\n<script type=\"application\/ld+json\" class=\"yoast-schema-graph\">{\"@context\":\"https:\\\/\\\/schema.org\",\"@graph\":[{\"@type\":\"Article\",\"@id\":\"https:\\\/\\\/diariodepe.com.br\\\/cri\\\/2025\\\/09\\\/16\\\/protecao-ecologica-da-ilha-huangyan-pela-china-e-razoavel-e-legitima\\\/#article\",\"isPartOf\":{\"@id\":\"https:\\\/\\\/diariodepe.com.br\\\/cri\\\/2025\\\/09\\\/16\\\/protecao-ecologica-da-ilha-huangyan-pela-china-e-razoavel-e-legitima\\\/\"},\"author\":{\"name\":\"CRI Portugu\u00eas\",\"@id\":\"https:\\\/\\\/diariodepe.com.br\\\/cri\\\/#\\\/schema\\\/person\\\/e474aead631cd4098632e11d3fbce118\"},\"headline\":\"Prote\u00e7\u00e3o ecol\u00f3gica da ilha Huangyan pela China \u00e9 razo\u00e1vel e leg\u00edtima\",\"datePublished\":\"2025-09-16T06:59:05+00:00\",\"dateModified\":\"2025-09-25T18:43:50+00:00\",\"mainEntityOfPage\":{\"@id\":\"https:\\\/\\\/diariodepe.com.br\\\/cri\\\/2025\\\/09\\\/16\\\/protecao-ecologica-da-ilha-huangyan-pela-china-e-razoavel-e-legitima\\\/\"},\"wordCount\":445,\"commentCount\":0,\"publisher\":{\"@id\":\"https:\\\/\\\/diariodepe.com.br\\\/cri\\\/#organization\"},\"image\":{\"@id\":\"https:\\\/\\\/diariodepe.com.br\\\/cri\\\/2025\\\/09\\\/16\\\/protecao-ecologica-da-ilha-huangyan-pela-china-e-razoavel-e-legitima\\\/#primaryimage\"},\"thumbnailUrl\":\"https:\\\/\\\/38picres.cgtn.com\\\/photoAlbum\\\/page\\\/performance\\\/img\\\/2025\\\/9\\\/12\\\/1757648512401_908.jpg\",\"articleSection\":[\"Vis\u00e3o\"],\"inLanguage\":\"pt-BR\",\"potentialAction\":[{\"@type\":\"CommentAction\",\"name\":\"Comment\",\"target\":[\"https:\\\/\\\/diariodepe.com.br\\\/cri\\\/2025\\\/09\\\/16\\\/protecao-ecologica-da-ilha-huangyan-pela-china-e-razoavel-e-legitima\\\/#respond\"]}]},{\"@type\":\"WebPage\",\"@id\":\"https:\\\/\\\/diariodepe.com.br\\\/cri\\\/2025\\\/09\\\/16\\\/protecao-ecologica-da-ilha-huangyan-pela-china-e-razoavel-e-legitima\\\/\",\"url\":\"https:\\\/\\\/diariodepe.com.br\\\/cri\\\/2025\\\/09\\\/16\\\/protecao-ecologica-da-ilha-huangyan-pela-china-e-razoavel-e-legitima\\\/\",\"name\":\"Prote\u00e7\u00e3o ecol\u00f3gica da ilha Huangyan pela China \u00e9 razo\u00e1vel e leg\u00edtima - CRI e Diario de Pernambuco\",\"isPartOf\":{\"@id\":\"https:\\\/\\\/diariodepe.com.br\\\/cri\\\/#website\"},\"primaryImageOfPage\":{\"@id\":\"https:\\\/\\\/diariodepe.com.br\\\/cri\\\/2025\\\/09\\\/16\\\/protecao-ecologica-da-ilha-huangyan-pela-china-e-razoavel-e-legitima\\\/#primaryimage\"},\"image\":{\"@id\":\"https:\\\/\\\/diariodepe.com.br\\\/cri\\\/2025\\\/09\\\/16\\\/protecao-ecologica-da-ilha-huangyan-pela-china-e-razoavel-e-legitima\\\/#primaryimage\"},\"thumbnailUrl\":\"https:\\\/\\\/38picres.cgtn.com\\\/photoAlbum\\\/page\\\/performance\\\/img\\\/2025\\\/9\\\/12\\\/1757648512401_908.jpg\",\"datePublished\":\"2025-09-16T06:59:05+00:00\",\"dateModified\":\"2025-09-25T18:43:50+00:00\",\"breadcrumb\":{\"@id\":\"https:\\\/\\\/diariodepe.com.br\\\/cri\\\/2025\\\/09\\\/16\\\/protecao-ecologica-da-ilha-huangyan-pela-china-e-razoavel-e-legitima\\\/#breadcrumb\"},\"inLanguage\":\"pt-BR\",\"potentialAction\":[{\"@type\":\"ReadAction\",\"target\":[\"https:\\\/\\\/diariodepe.com.br\\\/cri\\\/2025\\\/09\\\/16\\\/protecao-ecologica-da-ilha-huangyan-pela-china-e-razoavel-e-legitima\\\/\"]}]},{\"@type\":\"ImageObject\",\"inLanguage\":\"pt-BR\",\"@id\":\"https:\\\/\\\/diariodepe.com.br\\\/cri\\\/2025\\\/09\\\/16\\\/protecao-ecologica-da-ilha-huangyan-pela-china-e-razoavel-e-legitima\\\/#primaryimage\",\"url\":\"https:\\\/\\\/38picres.cgtn.com\\\/photoAlbum\\\/page\\\/performance\\\/img\\\/2025\\\/9\\\/12\\\/1757648512401_908.jpg\",\"contentUrl\":\"https:\\\/\\\/38picres.cgtn.com\\\/photoAlbum\\\/page\\\/performance\\\/img\\\/2025\\\/9\\\/12\\\/1757648512401_908.jpg\"},{\"@type\":\"BreadcrumbList\",\"@id\":\"https:\\\/\\\/diariodepe.com.br\\\/cri\\\/2025\\\/09\\\/16\\\/protecao-ecologica-da-ilha-huangyan-pela-china-e-razoavel-e-legitima\\\/#breadcrumb\",\"itemListElement\":[{\"@type\":\"ListItem\",\"position\":1,\"name\":\"In\u00edcio\",\"item\":\"https:\\\/\\\/diariodepe.com.br\\\/cri\\\/\"},{\"@type\":\"ListItem\",\"position\":2,\"name\":\"Prote\u00e7\u00e3o ecol\u00f3gica da ilha Huangyan pela China \u00e9 razo\u00e1vel e leg\u00edtima\"}]},{\"@type\":\"WebSite\",\"@id\":\"https:\\\/\\\/diariodepe.com.br\\\/cri\\\/#website\",\"url\":\"https:\\\/\\\/diariodepe.com.br\\\/cri\\\/\",\"name\":\"CRI e Diario de Pernambuco\",\"description\":\"R\u00e1dio Internacional da China\",\"publisher\":{\"@id\":\"https:\\\/\\\/diariodepe.com.br\\\/cri\\\/#organization\"},\"potentialAction\":[{\"@type\":\"SearchAction\",\"target\":{\"@type\":\"EntryPoint\",\"urlTemplate\":\"https:\\\/\\\/diariodepe.com.br\\\/cri\\\/?s={search_term_string}\"},\"query-input\":{\"@type\":\"PropertyValueSpecification\",\"valueRequired\":true,\"valueName\":\"search_term_string\"}}],\"inLanguage\":\"pt-BR\"},{\"@type\":\"Organization\",\"@id\":\"https:\\\/\\\/diariodepe.com.br\\\/cri\\\/#organization\",\"name\":\"CRI e Diario de Pernambuco\",\"url\":\"https:\\\/\\\/diariodepe.com.br\\\/cri\\\/\",\"logo\":{\"@type\":\"ImageObject\",\"inLanguage\":\"pt-BR\",\"@id\":\"https:\\\/\\\/diariodepe.com.br\\\/cri\\\/#\\\/schema\\\/logo\\\/image\\\/\",\"url\":\"https:\\\/\\\/diariodepe.com.br\\\/cri\\\/wp-content\\\/uploads\\\/sites\\\/2\\\/2022\\\/12\\\/cropped-Logo.jpg\",\"contentUrl\":\"https:\\\/\\\/diariodepe.com.br\\\/cri\\\/wp-content\\\/uploads\\\/sites\\\/2\\\/2022\\\/12\\\/cropped-Logo.jpg\",\"width\":700,\"height\":59,\"caption\":\"CRI e Diario de Pernambuco\"},\"image\":{\"@id\":\"https:\\\/\\\/diariodepe.com.br\\\/cri\\\/#\\\/schema\\\/logo\\\/image\\\/\"}},{\"@type\":\"Person\",\"@id\":\"https:\\\/\\\/diariodepe.com.br\\\/cri\\\/#\\\/schema\\\/person\\\/e474aead631cd4098632e11d3fbce118\",\"name\":\"CRI Portugu\u00eas\",\"image\":{\"@type\":\"ImageObject\",\"inLanguage\":\"pt-BR\",\"@id\":\"https:\\\/\\\/secure.gravatar.com\\\/avatar\\\/e2ac889ef882d4dc53091b610766dce49106cf9fe98c76e06745abb0993b2763?s=96&d=mm&r=g\",\"url\":\"https:\\\/\\\/secure.gravatar.com\\\/avatar\\\/e2ac889ef882d4dc53091b610766dce49106cf9fe98c76e06745abb0993b2763?s=96&d=mm&r=g\",\"contentUrl\":\"https:\\\/\\\/secure.gravatar.com\\\/avatar\\\/e2ac889ef882d4dc53091b610766dce49106cf9fe98c76e06745abb0993b2763?s=96&d=mm&r=g\",\"caption\":\"CRI Portugu\u00eas\"},\"sameAs\":[\"https:\\\/\\\/www.diariodepernambuco.com.br\\\/\"],\"url\":\"https:\\\/\\\/diariodepe.com.br\\\/cri\\\/author\\\/agencia-cri\\\/\"}]}<\/script>\n<!-- \/ Yoast SEO plugin. -->","yoast_head_json":{"title":"Prote\u00e7\u00e3o ecol\u00f3gica da ilha Huangyan pela China \u00e9 razo\u00e1vel e leg\u00edtima - CRI e Diario de Pernambuco","robots":{"index":"index","follow":"follow","max-snippet":"max-snippet:-1","max-image-preview":"max-image-preview:large","max-video-preview":"max-video-preview:-1"},"canonical":"https:\/\/diariodepe.com.br\/cri\/2025\/09\/16\/protecao-ecologica-da-ilha-huangyan-pela-china-e-razoavel-e-legitima\/","og_locale":"pt_BR","og_type":"article","og_title":"Prote\u00e7\u00e3o ecol\u00f3gica da ilha Huangyan pela China \u00e9 razo\u00e1vel e leg\u00edtima - CRI e Diario de Pernambuco","og_description":"O site oficial do governo central da China publicou,\u00a0no dia 10,\u00a0a aprova\u00e7\u00e3o do Conselho de Estado\u00a0ao\u00a0pedido do Minist\u00e9rio dos Recursos Naturais para o estabelecimento de uma\u00a0reserva natural nacional na ilha Huangyan, concordando com\u00a0sua cria\u00e7\u00e3o. No dia 11,\u00a0o\u00a0porta-voz da Chancelaria da...","og_url":"https:\/\/diariodepe.com.br\/cri\/2025\/09\/16\/protecao-ecologica-da-ilha-huangyan-pela-china-e-razoavel-e-legitima\/","og_site_name":"CRI e Diario de Pernambuco","article_published_time":"2025-09-16T06:59:05+00:00","article_modified_time":"2025-09-25T18:43:50+00:00","og_image":[{"url":"https:\/\/38picres.cgtn.com\/photoAlbum\/page\/performance\/img\/2025\/9\/12\/1757648512401_908.jpg","type":"","width":"","height":""}],"author":"CRI Portugu\u00eas","twitter_card":"summary_large_image","twitter_misc":{"Escrito por":"CRI Portugu\u00eas"},"schema":{"@context":"https:\/\/schema.org","@graph":[{"@type":"Article","@id":"https:\/\/diariodepe.com.br\/cri\/2025\/09\/16\/protecao-ecologica-da-ilha-huangyan-pela-china-e-razoavel-e-legitima\/#article","isPartOf":{"@id":"https:\/\/diariodepe.com.br\/cri\/2025\/09\/16\/protecao-ecologica-da-ilha-huangyan-pela-china-e-razoavel-e-legitima\/"},"author":{"name":"CRI Portugu\u00eas","@id":"https:\/\/diariodepe.com.br\/cri\/#\/schema\/person\/e474aead631cd4098632e11d3fbce118"},"headline":"Prote\u00e7\u00e3o ecol\u00f3gica da ilha Huangyan pela China \u00e9 razo\u00e1vel e leg\u00edtima","datePublished":"2025-09-16T06:59:05+00:00","dateModified":"2025-09-25T18:43:50+00:00","mainEntityOfPage":{"@id":"https:\/\/diariodepe.com.br\/cri\/2025\/09\/16\/protecao-ecologica-da-ilha-huangyan-pela-china-e-razoavel-e-legitima\/"},"wordCount":445,"commentCount":0,"publisher":{"@id":"https:\/\/diariodepe.com.br\/cri\/#organization"},"image":{"@id":"https:\/\/diariodepe.com.br\/cri\/2025\/09\/16\/protecao-ecologica-da-ilha-huangyan-pela-china-e-razoavel-e-legitima\/#primaryimage"},"thumbnailUrl":"https:\/\/38picres.cgtn.com\/photoAlbum\/page\/performance\/img\/2025\/9\/12\/1757648512401_908.jpg","articleSection":["Vis\u00e3o"],"inLanguage":"pt-BR","potentialAction":[{"@type":"CommentAction","name":"Comment","target":["https:\/\/diariodepe.com.br\/cri\/2025\/09\/16\/protecao-ecologica-da-ilha-huangyan-pela-china-e-razoavel-e-legitima\/#respond"]}]},{"@type":"WebPage","@id":"https:\/\/diariodepe.com.br\/cri\/2025\/09\/16\/protecao-ecologica-da-ilha-huangyan-pela-china-e-razoavel-e-legitima\/","url":"https:\/\/diariodepe.com.br\/cri\/2025\/09\/16\/protecao-ecologica-da-ilha-huangyan-pela-china-e-razoavel-e-legitima\/","name":"Prote\u00e7\u00e3o ecol\u00f3gica da ilha Huangyan pela China \u00e9 razo\u00e1vel e leg\u00edtima - CRI e Diario de Pernambuco","isPartOf":{"@id":"https:\/\/diariodepe.com.br\/cri\/#website"},"primaryImageOfPage":{"@id":"https:\/\/diariodepe.com.br\/cri\/2025\/09\/16\/protecao-ecologica-da-ilha-huangyan-pela-china-e-razoavel-e-legitima\/#primaryimage"},"image":{"@id":"https:\/\/diariodepe.com.br\/cri\/2025\/09\/16\/protecao-ecologica-da-ilha-huangyan-pela-china-e-razoavel-e-legitima\/#primaryimage"},"thumbnailUrl":"https:\/\/38picres.cgtn.com\/photoAlbum\/page\/performance\/img\/2025\/9\/12\/1757648512401_908.jpg","datePublished":"2025-09-16T06:59:05+00:00","dateModified":"2025-09-25T18:43:50+00:00","breadcrumb":{"@id":"https:\/\/diariodepe.com.br\/cri\/2025\/09\/16\/protecao-ecologica-da-ilha-huangyan-pela-china-e-razoavel-e-legitima\/#breadcrumb"},"inLanguage":"pt-BR","potentialAction":[{"@type":"ReadAction","target":["https:\/\/diariodepe.com.br\/cri\/2025\/09\/16\/protecao-ecologica-da-ilha-huangyan-pela-china-e-razoavel-e-legitima\/"]}]},{"@type":"ImageObject","inLanguage":"pt-BR","@id":"https:\/\/diariodepe.com.br\/cri\/2025\/09\/16\/protecao-ecologica-da-ilha-huangyan-pela-china-e-razoavel-e-legitima\/#primaryimage","url":"https:\/\/38picres.cgtn.com\/photoAlbum\/page\/performance\/img\/2025\/9\/12\/1757648512401_908.jpg","contentUrl":"https:\/\/38picres.cgtn.com\/photoAlbum\/page\/performance\/img\/2025\/9\/12\/1757648512401_908.jpg"},{"@type":"BreadcrumbList","@id":"https:\/\/diariodepe.com.br\/cri\/2025\/09\/16\/protecao-ecologica-da-ilha-huangyan-pela-china-e-razoavel-e-legitima\/#breadcrumb","itemListElement":[{"@type":"ListItem","position":1,"name":"In\u00edcio","item":"https:\/\/diariodepe.com.br\/cri\/"},{"@type":"ListItem","position":2,"name":"Prote\u00e7\u00e3o ecol\u00f3gica da ilha Huangyan pela China \u00e9 razo\u00e1vel e leg\u00edtima"}]},{"@type":"WebSite","@id":"https:\/\/diariodepe.com.br\/cri\/#website","url":"https:\/\/diariodepe.com.br\/cri\/","name":"CRI e Diario de Pernambuco","description":"R\u00e1dio Internacional da China","publisher":{"@id":"https:\/\/diariodepe.com.br\/cri\/#organization"},"potentialAction":[{"@type":"SearchAction","target":{"@type":"EntryPoint","urlTemplate":"https:\/\/diariodepe.com.br\/cri\/?s={search_term_string}"},"query-input":{"@type":"PropertyValueSpecification","valueRequired":true,"valueName":"search_term_string"}}],"inLanguage":"pt-BR"},{"@type":"Organization","@id":"https:\/\/diariodepe.com.br\/cri\/#organization","name":"CRI e Diario de Pernambuco","url":"https:\/\/diariodepe.com.br\/cri\/","logo":{"@type":"ImageObject","inLanguage":"pt-BR","@id":"https:\/\/diariodepe.com.br\/cri\/#\/schema\/logo\/image\/","url":"https:\/\/diariodepe.com.br\/cri\/wp-content\/uploads\/sites\/2\/2022\/12\/cropped-Logo.jpg","contentUrl":"https:\/\/diariodepe.com.br\/cri\/wp-content\/uploads\/sites\/2\/2022\/12\/cropped-Logo.jpg","width":700,"height":59,"caption":"CRI e Diario de Pernambuco"},"image":{"@id":"https:\/\/diariodepe.com.br\/cri\/#\/schema\/logo\/image\/"}},{"@type":"Person","@id":"https:\/\/diariodepe.com.br\/cri\/#\/schema\/person\/e474aead631cd4098632e11d3fbce118","name":"CRI Portugu\u00eas","image":{"@type":"ImageObject","inLanguage":"pt-BR","@id":"https:\/\/secure.gravatar.com\/avatar\/e2ac889ef882d4dc53091b610766dce49106cf9fe98c76e06745abb0993b2763?s=96&d=mm&r=g","url":"https:\/\/secure.gravatar.com\/avatar\/e2ac889ef882d4dc53091b610766dce49106cf9fe98c76e06745abb0993b2763?s=96&d=mm&r=g","contentUrl":"https:\/\/secure.gravatar.com\/avatar\/e2ac889ef882d4dc53091b610766dce49106cf9fe98c76e06745abb0993b2763?s=96&d=mm&r=g","caption":"CRI Portugu\u00eas"},"sameAs":["https:\/\/www.diariodepernambuco.com.br\/"],"url":"https:\/\/diariodepe.com.br\/cri\/author\/agencia-cri\/"}]}},"cc_featured_image_caption":{"caption_text":false,"source_text":false,"source_url":false},"amp_enabled":true,"_links":{"self":[{"href":"https:\/\/diariodepe.com.br\/cri\/wp-json\/wp\/v2\/posts\/9452","targetHints":{"allow":["GET"]}}],"collection":[{"href":"https:\/\/diariodepe.com.br\/cri\/wp-json\/wp\/v2\/posts"}],"about":[{"href":"https:\/\/diariodepe.com.br\/cri\/wp-json\/wp\/v2\/types\/post"}],"author":[{"embeddable":true,"href":"https:\/\/diariodepe.com.br\/cri\/wp-json\/wp\/v2\/users\/5"}],"replies":[{"embeddable":true,"href":"https:\/\/diariodepe.com.br\/cri\/wp-json\/wp\/v2\/comments?post=9452"}],"version-history":[{"count":1,"href":"https:\/\/diariodepe.com.br\/cri\/wp-json\/wp\/v2\/posts\/9452\/revisions"}],"predecessor-version":[{"id":9453,"href":"https:\/\/diariodepe.com.br\/cri\/wp-json\/wp\/v2\/posts\/9452\/revisions\/9453"}],"wp:attachment":[{"href":"https:\/\/diariodepe.com.br\/cri\/wp-json\/wp\/v2\/media?parent=9452"}],"wp:term":[{"taxonomy":"category","embeddable":true,"href":"https:\/\/diariodepe.com.br\/cri\/wp-json\/wp\/v2\/categories?post=9452"},{"taxonomy":"post_tag","embeddable":true,"href":"https:\/\/diariodepe.com.br\/cri\/wp-json\/wp\/v2\/tags?post=9452"}],"curies":[{"name":"wp","href":"https:\/\/api.w.org\/{rel}","templated":true}]}}