{"id":9441,"date":"2025-09-16T03:51:37","date_gmt":"2025-09-16T06:51:37","guid":{"rendered":"https:\/\/diariodepe.com.br\/cri\/?p=9441"},"modified":"2025-09-25T15:44:30","modified_gmt":"2025-09-25T18:44:30","slug":"quanto-mais-estreita-for-a-cooperacao-do-brics-ampliado-maior-sera-a-confianca-do-bloco-para-enfrentar-desafios","status":"publish","type":"post","link":"https:\/\/diariodepe.com.br\/cri\/2025\/09\/16\/quanto-mais-estreita-for-a-cooperacao-do-brics-ampliado-maior-sera-a-confianca-do-bloco-para-enfrentar-desafios\/","title":{"rendered":"Quanto mais estreita for a coopera\u00e7\u00e3o do Brics ampliado, maior ser\u00e1 a confian\u00e7a do bloco para enfrentar desafios"},"content":{"rendered":"<p><img decoding=\"async\" src=\"https:\/\/38picres.cgtn.com\/photoAlbum\/page\/performance\/img\/2025\/9\/10\/1757490008630_832.jpg\" \/><\/p>\n<p>O mundo passa atualmente por mudan\u00e7as\u00a0sem precedentes, marcadas pelo avan\u00e7o da hegemonia, do\u00a0unilateralismo e do\u00a0protecionismo. Neste contexto, o presidente chin\u00eas,\u00a0Xi Jinping,\u00a0apresentou tr\u00eas propostas na durante a c\u00fapula do Brics para promover a \u201ccoopera\u00e7\u00e3o do Brics\u00a0ampliado\u201d\u00a0e construir de forma conjunta, uma comunidade de\u00a0futuro compartilhado para a humanidade.<\/p>\n<p>Xi\u00a0enfatizou\u00a0a necessidade de defender o multilateralismo como forma de garantir a equidade e a justi\u00e7a internacional, de manter a abertura e o benef\u00edcio m\u00fatuo para salvaguardar a ordem econ\u00f4mica e comercial global, e de refor\u00e7ar a solidariedade e a coopera\u00e7\u00e3o para unir for\u00e7as em prol do desenvolvimento comum.<\/p>\n<p>Os l\u00edderes\u00a0participantes\u00a0da\u00a0c\u00fapula afirmaram que as na\u00e7\u00f5es do Brics\u00a0devem fortalecer a solidariedade e a coordena\u00e7\u00e3o\u00a0para enfrentar crises e desafios de forma conjunta. Tamb\u00e9m\u00a0reconheceram que as propostas do presidente Xi sobre a governan\u00e7a global\u00a0tocam o cerne da quest\u00e3o e oferecem um caminho para seu aperfei\u00e7oamento.<\/p>\n<p>\u201cQuanto mais estreita for\u00a0a coopera\u00e7\u00e3o do Brics, maior ser\u00e1\u00a0a nossa confian\u00e7a, mais eficazes ser\u00e3o as solu\u00e7\u00f5es e melhores os resultados na abordagem de riscos e desafios externos\u201d, declarou Xi Jinping, refor\u00e7ando a confian\u00e7a das na\u00e7\u00f5es do bloco em enfrentar adversidades em conjunto.<\/p>\n<p>O multilateralismo continua sendo o\u00a0pilar essencial para a paz e o desenvolvimento. Diante do unilateralismo e da intimida\u00e7\u00e3o\u00a0baseada no poder, os membros\u00a0do Brics\u00a0t\u00eam a responsabilidade de permanecer unidos na defesa do sistema internacional com as Na\u00e7\u00f5es Unidas\u00a0em seu n\u00facleo e da ordem baseada no direito internacional, al\u00e9m de ampliar a representatividade e a voz do Sul Global, fortalecendo os alicerces do multilateralismo.<\/p>\n<p>Como maior pa\u00eds em desenvolvimento do mundo, a China tem sido uma defensora firme do multilateralismo. A Iniciativa para a Governan\u00e7a Global,\u00a0proposta\u00a0recentemente por Xi Jinping, oferece uma nova abordagem\u00a0para construir um sistema de governan\u00e7a mais equitativo e racional, ao mesmo tempo em que promove a justi\u00e7a e a equidade internacionais.<\/p>\n<p>Olhando para o futuro, as na\u00e7\u00f5es do Brics dever\u00e3o assumir suas responsabilidades e apoiar-se mutuamente para colocar em pr\u00e1tica a Iniciativa para a Governan\u00e7a Global, injetando a \u201cfor\u00e7a do Brics\u201d na promo\u00e7\u00e3o da paz e do desenvolvimento mundiais.<\/p>\n","protected":false},"excerpt":{"rendered":"<p>O mundo passa atualmente por mudan\u00e7as\u00a0sem precedentes, marcadas pelo avan\u00e7o da hegemonia, do\u00a0unilateralismo e do\u00a0protecionismo. Neste contexto, o presidente chin\u00eas,\u00a0Xi Jinping,\u00a0apresentou tr\u00eas propostas na durante a c\u00fapula do Brics para promover a \u201ccoopera\u00e7\u00e3o do Brics\u00a0ampliado\u201d\u00a0e construir de forma conjunta, uma&#8230;<\/p>\n","protected":false},"author":5,"featured_media":0,"comment_status":"open","ping_status":"open","sticky":false,"template":"","format":"standard","meta":{"footnotes":""},"categories":[7],"tags":[],"class_list":["post-9441","post","type-post","status-publish","format-standard","hentry","category-visao"],"yoast_head":"<!-- This site is optimized with the Yoast SEO plugin v27.4 - https:\/\/yoast.com\/product\/yoast-seo-wordpress\/ -->\n<title>Quanto mais estreita for a coopera\u00e7\u00e3o do Brics ampliado, maior ser\u00e1 a confian\u00e7a do bloco para enfrentar desafios - CRI e Diario de Pernambuco<\/title>\n<meta name=\"robots\" content=\"index, follow, max-snippet:-1, max-image-preview:large, max-video-preview:-1\" \/>\n<link rel=\"canonical\" href=\"https:\/\/diariodepe.com.br\/cri\/2025\/09\/16\/quanto-mais-estreita-for-a-cooperacao-do-brics-ampliado-maior-sera-a-confianca-do-bloco-para-enfrentar-desafios\/\" \/>\n<meta property=\"og:locale\" content=\"pt_BR\" \/>\n<meta property=\"og:type\" content=\"article\" \/>\n<meta property=\"og:title\" content=\"Quanto mais estreita for a coopera\u00e7\u00e3o do Brics ampliado, maior ser\u00e1 a confian\u00e7a do bloco para enfrentar desafios - CRI e Diario de Pernambuco\" \/>\n<meta property=\"og:description\" content=\"O mundo passa atualmente por mudan\u00e7as\u00a0sem precedentes, marcadas pelo avan\u00e7o da hegemonia, do\u00a0unilateralismo e do\u00a0protecionismo. Neste contexto, o presidente chin\u00eas,\u00a0Xi Jinping,\u00a0apresentou tr\u00eas propostas na durante a c\u00fapula do Brics para promover a \u201ccoopera\u00e7\u00e3o do Brics\u00a0ampliado\u201d\u00a0e construir de forma conjunta, uma...\" \/>\n<meta property=\"og:url\" content=\"https:\/\/diariodepe.com.br\/cri\/2025\/09\/16\/quanto-mais-estreita-for-a-cooperacao-do-brics-ampliado-maior-sera-a-confianca-do-bloco-para-enfrentar-desafios\/\" \/>\n<meta property=\"og:site_name\" content=\"CRI e Diario de Pernambuco\" \/>\n<meta property=\"article:published_time\" content=\"2025-09-16T06:51:37+00:00\" \/>\n<meta property=\"article:modified_time\" content=\"2025-09-25T18:44:30+00:00\" \/>\n<meta property=\"og:image\" content=\"https:\/\/38picres.cgtn.com\/photoAlbum\/page\/performance\/img\/2025\/9\/10\/1757490008630_832.jpg\" \/>\n<meta name=\"author\" content=\"CRI Portugu\u00eas\" \/>\n<meta name=\"twitter:card\" content=\"summary_large_image\" \/>\n<meta name=\"twitter:label1\" content=\"Escrito por\" \/>\n\t<meta name=\"twitter:data1\" content=\"CRI Portugu\u00eas\" \/>\n\t<meta name=\"twitter:label2\" content=\"Est. tempo de leitura\" \/>\n\t<meta name=\"twitter:data2\" content=\"3 minutos\" \/>\n<script type=\"application\/ld+json\" class=\"yoast-schema-graph\">{\"@context\":\"https:\\\/\\\/schema.org\",\"@graph\":[{\"@type\":\"Article\",\"@id\":\"https:\\\/\\\/diariodepe.com.br\\\/cri\\\/2025\\\/09\\\/16\\\/quanto-mais-estreita-for-a-cooperacao-do-brics-ampliado-maior-sera-a-confianca-do-bloco-para-enfrentar-desafios\\\/#article\",\"isPartOf\":{\"@id\":\"https:\\\/\\\/diariodepe.com.br\\\/cri\\\/2025\\\/09\\\/16\\\/quanto-mais-estreita-for-a-cooperacao-do-brics-ampliado-maior-sera-a-confianca-do-bloco-para-enfrentar-desafios\\\/\"},\"author\":{\"name\":\"CRI Portugu\u00eas\",\"@id\":\"https:\\\/\\\/diariodepe.com.br\\\/cri\\\/#\\\/schema\\\/person\\\/e474aead631cd4098632e11d3fbce118\"},\"headline\":\"Quanto mais estreita for a coopera\u00e7\u00e3o do Brics ampliado, maior ser\u00e1 a confian\u00e7a do bloco para enfrentar desafios\",\"datePublished\":\"2025-09-16T06:51:37+00:00\",\"dateModified\":\"2025-09-25T18:44:30+00:00\",\"mainEntityOfPage\":{\"@id\":\"https:\\\/\\\/diariodepe.com.br\\\/cri\\\/2025\\\/09\\\/16\\\/quanto-mais-estreita-for-a-cooperacao-do-brics-ampliado-maior-sera-a-confianca-do-bloco-para-enfrentar-desafios\\\/\"},\"wordCount\":419,\"commentCount\":0,\"publisher\":{\"@id\":\"https:\\\/\\\/diariodepe.com.br\\\/cri\\\/#organization\"},\"image\":{\"@id\":\"https:\\\/\\\/diariodepe.com.br\\\/cri\\\/2025\\\/09\\\/16\\\/quanto-mais-estreita-for-a-cooperacao-do-brics-ampliado-maior-sera-a-confianca-do-bloco-para-enfrentar-desafios\\\/#primaryimage\"},\"thumbnailUrl\":\"https:\\\/\\\/38picres.cgtn.com\\\/photoAlbum\\\/page\\\/performance\\\/img\\\/2025\\\/9\\\/10\\\/1757490008630_832.jpg\",\"articleSection\":[\"Vis\u00e3o\"],\"inLanguage\":\"pt-BR\",\"potentialAction\":[{\"@type\":\"CommentAction\",\"name\":\"Comment\",\"target\":[\"https:\\\/\\\/diariodepe.com.br\\\/cri\\\/2025\\\/09\\\/16\\\/quanto-mais-estreita-for-a-cooperacao-do-brics-ampliado-maior-sera-a-confianca-do-bloco-para-enfrentar-desafios\\\/#respond\"]}]},{\"@type\":\"WebPage\",\"@id\":\"https:\\\/\\\/diariodepe.com.br\\\/cri\\\/2025\\\/09\\\/16\\\/quanto-mais-estreita-for-a-cooperacao-do-brics-ampliado-maior-sera-a-confianca-do-bloco-para-enfrentar-desafios\\\/\",\"url\":\"https:\\\/\\\/diariodepe.com.br\\\/cri\\\/2025\\\/09\\\/16\\\/quanto-mais-estreita-for-a-cooperacao-do-brics-ampliado-maior-sera-a-confianca-do-bloco-para-enfrentar-desafios\\\/\",\"name\":\"Quanto mais estreita for a coopera\u00e7\u00e3o do Brics ampliado, maior ser\u00e1 a confian\u00e7a do bloco para enfrentar desafios - CRI e Diario de Pernambuco\",\"isPartOf\":{\"@id\":\"https:\\\/\\\/diariodepe.com.br\\\/cri\\\/#website\"},\"primaryImageOfPage\":{\"@id\":\"https:\\\/\\\/diariodepe.com.br\\\/cri\\\/2025\\\/09\\\/16\\\/quanto-mais-estreita-for-a-cooperacao-do-brics-ampliado-maior-sera-a-confianca-do-bloco-para-enfrentar-desafios\\\/#primaryimage\"},\"image\":{\"@id\":\"https:\\\/\\\/diariodepe.com.br\\\/cri\\\/2025\\\/09\\\/16\\\/quanto-mais-estreita-for-a-cooperacao-do-brics-ampliado-maior-sera-a-confianca-do-bloco-para-enfrentar-desafios\\\/#primaryimage\"},\"thumbnailUrl\":\"https:\\\/\\\/38picres.cgtn.com\\\/photoAlbum\\\/page\\\/performance\\\/img\\\/2025\\\/9\\\/10\\\/1757490008630_832.jpg\",\"datePublished\":\"2025-09-16T06:51:37+00:00\",\"dateModified\":\"2025-09-25T18:44:30+00:00\",\"breadcrumb\":{\"@id\":\"https:\\\/\\\/diariodepe.com.br\\\/cri\\\/2025\\\/09\\\/16\\\/quanto-mais-estreita-for-a-cooperacao-do-brics-ampliado-maior-sera-a-confianca-do-bloco-para-enfrentar-desafios\\\/#breadcrumb\"},\"inLanguage\":\"pt-BR\",\"potentialAction\":[{\"@type\":\"ReadAction\",\"target\":[\"https:\\\/\\\/diariodepe.com.br\\\/cri\\\/2025\\\/09\\\/16\\\/quanto-mais-estreita-for-a-cooperacao-do-brics-ampliado-maior-sera-a-confianca-do-bloco-para-enfrentar-desafios\\\/\"]}]},{\"@type\":\"ImageObject\",\"inLanguage\":\"pt-BR\",\"@id\":\"https:\\\/\\\/diariodepe.com.br\\\/cri\\\/2025\\\/09\\\/16\\\/quanto-mais-estreita-for-a-cooperacao-do-brics-ampliado-maior-sera-a-confianca-do-bloco-para-enfrentar-desafios\\\/#primaryimage\",\"url\":\"https:\\\/\\\/38picres.cgtn.com\\\/photoAlbum\\\/page\\\/performance\\\/img\\\/2025\\\/9\\\/10\\\/1757490008630_832.jpg\",\"contentUrl\":\"https:\\\/\\\/38picres.cgtn.com\\\/photoAlbum\\\/page\\\/performance\\\/img\\\/2025\\\/9\\\/10\\\/1757490008630_832.jpg\"},{\"@type\":\"BreadcrumbList\",\"@id\":\"https:\\\/\\\/diariodepe.com.br\\\/cri\\\/2025\\\/09\\\/16\\\/quanto-mais-estreita-for-a-cooperacao-do-brics-ampliado-maior-sera-a-confianca-do-bloco-para-enfrentar-desafios\\\/#breadcrumb\",\"itemListElement\":[{\"@type\":\"ListItem\",\"position\":1,\"name\":\"In\u00edcio\",\"item\":\"https:\\\/\\\/diariodepe.com.br\\\/cri\\\/\"},{\"@type\":\"ListItem\",\"position\":2,\"name\":\"Quanto mais estreita for a coopera\u00e7\u00e3o do Brics ampliado, maior ser\u00e1 a confian\u00e7a do bloco para enfrentar desafios\"}]},{\"@type\":\"WebSite\",\"@id\":\"https:\\\/\\\/diariodepe.com.br\\\/cri\\\/#website\",\"url\":\"https:\\\/\\\/diariodepe.com.br\\\/cri\\\/\",\"name\":\"CRI e Diario de Pernambuco\",\"description\":\"R\u00e1dio Internacional da China\",\"publisher\":{\"@id\":\"https:\\\/\\\/diariodepe.com.br\\\/cri\\\/#organization\"},\"potentialAction\":[{\"@type\":\"SearchAction\",\"target\":{\"@type\":\"EntryPoint\",\"urlTemplate\":\"https:\\\/\\\/diariodepe.com.br\\\/cri\\\/?s={search_term_string}\"},\"query-input\":{\"@type\":\"PropertyValueSpecification\",\"valueRequired\":true,\"valueName\":\"search_term_string\"}}],\"inLanguage\":\"pt-BR\"},{\"@type\":\"Organization\",\"@id\":\"https:\\\/\\\/diariodepe.com.br\\\/cri\\\/#organization\",\"name\":\"CRI e Diario de Pernambuco\",\"url\":\"https:\\\/\\\/diariodepe.com.br\\\/cri\\\/\",\"logo\":{\"@type\":\"ImageObject\",\"inLanguage\":\"pt-BR\",\"@id\":\"https:\\\/\\\/diariodepe.com.br\\\/cri\\\/#\\\/schema\\\/logo\\\/image\\\/\",\"url\":\"https:\\\/\\\/diariodepe.com.br\\\/cri\\\/wp-content\\\/uploads\\\/sites\\\/2\\\/2022\\\/12\\\/cropped-Logo.jpg\",\"contentUrl\":\"https:\\\/\\\/diariodepe.com.br\\\/cri\\\/wp-content\\\/uploads\\\/sites\\\/2\\\/2022\\\/12\\\/cropped-Logo.jpg\",\"width\":700,\"height\":59,\"caption\":\"CRI e Diario de Pernambuco\"},\"image\":{\"@id\":\"https:\\\/\\\/diariodepe.com.br\\\/cri\\\/#\\\/schema\\\/logo\\\/image\\\/\"}},{\"@type\":\"Person\",\"@id\":\"https:\\\/\\\/diariodepe.com.br\\\/cri\\\/#\\\/schema\\\/person\\\/e474aead631cd4098632e11d3fbce118\",\"name\":\"CRI Portugu\u00eas\",\"image\":{\"@type\":\"ImageObject\",\"inLanguage\":\"pt-BR\",\"@id\":\"https:\\\/\\\/secure.gravatar.com\\\/avatar\\\/e2ac889ef882d4dc53091b610766dce49106cf9fe98c76e06745abb0993b2763?s=96&d=mm&r=g\",\"url\":\"https:\\\/\\\/secure.gravatar.com\\\/avatar\\\/e2ac889ef882d4dc53091b610766dce49106cf9fe98c76e06745abb0993b2763?s=96&d=mm&r=g\",\"contentUrl\":\"https:\\\/\\\/secure.gravatar.com\\\/avatar\\\/e2ac889ef882d4dc53091b610766dce49106cf9fe98c76e06745abb0993b2763?s=96&d=mm&r=g\",\"caption\":\"CRI Portugu\u00eas\"},\"sameAs\":[\"https:\\\/\\\/www.diariodepernambuco.com.br\\\/\"],\"url\":\"https:\\\/\\\/diariodepe.com.br\\\/cri\\\/author\\\/agencia-cri\\\/\"}]}<\/script>\n<!-- \/ Yoast SEO plugin. -->","yoast_head_json":{"title":"Quanto mais estreita for a coopera\u00e7\u00e3o do Brics ampliado, maior ser\u00e1 a confian\u00e7a do bloco para enfrentar desafios - CRI e Diario de Pernambuco","robots":{"index":"index","follow":"follow","max-snippet":"max-snippet:-1","max-image-preview":"max-image-preview:large","max-video-preview":"max-video-preview:-1"},"canonical":"https:\/\/diariodepe.com.br\/cri\/2025\/09\/16\/quanto-mais-estreita-for-a-cooperacao-do-brics-ampliado-maior-sera-a-confianca-do-bloco-para-enfrentar-desafios\/","og_locale":"pt_BR","og_type":"article","og_title":"Quanto mais estreita for a coopera\u00e7\u00e3o do Brics ampliado, maior ser\u00e1 a confian\u00e7a do bloco para enfrentar desafios - CRI e Diario de Pernambuco","og_description":"O mundo passa atualmente por mudan\u00e7as\u00a0sem precedentes, marcadas pelo avan\u00e7o da hegemonia, do\u00a0unilateralismo e do\u00a0protecionismo. Neste contexto, o presidente chin\u00eas,\u00a0Xi Jinping,\u00a0apresentou tr\u00eas propostas na durante a c\u00fapula do Brics para promover a \u201ccoopera\u00e7\u00e3o do Brics\u00a0ampliado\u201d\u00a0e construir de forma conjunta, uma...","og_url":"https:\/\/diariodepe.com.br\/cri\/2025\/09\/16\/quanto-mais-estreita-for-a-cooperacao-do-brics-ampliado-maior-sera-a-confianca-do-bloco-para-enfrentar-desafios\/","og_site_name":"CRI e Diario de Pernambuco","article_published_time":"2025-09-16T06:51:37+00:00","article_modified_time":"2025-09-25T18:44:30+00:00","og_image":[{"url":"https:\/\/38picres.cgtn.com\/photoAlbum\/page\/performance\/img\/2025\/9\/10\/1757490008630_832.jpg","type":"","width":"","height":""}],"author":"CRI Portugu\u00eas","twitter_card":"summary_large_image","twitter_misc":{"Escrito por":"CRI Portugu\u00eas","Est. tempo de leitura":"3 minutos"},"schema":{"@context":"https:\/\/schema.org","@graph":[{"@type":"Article","@id":"https:\/\/diariodepe.com.br\/cri\/2025\/09\/16\/quanto-mais-estreita-for-a-cooperacao-do-brics-ampliado-maior-sera-a-confianca-do-bloco-para-enfrentar-desafios\/#article","isPartOf":{"@id":"https:\/\/diariodepe.com.br\/cri\/2025\/09\/16\/quanto-mais-estreita-for-a-cooperacao-do-brics-ampliado-maior-sera-a-confianca-do-bloco-para-enfrentar-desafios\/"},"author":{"name":"CRI Portugu\u00eas","@id":"https:\/\/diariodepe.com.br\/cri\/#\/schema\/person\/e474aead631cd4098632e11d3fbce118"},"headline":"Quanto mais estreita for a coopera\u00e7\u00e3o do Brics ampliado, maior ser\u00e1 a confian\u00e7a do bloco para enfrentar desafios","datePublished":"2025-09-16T06:51:37+00:00","dateModified":"2025-09-25T18:44:30+00:00","mainEntityOfPage":{"@id":"https:\/\/diariodepe.com.br\/cri\/2025\/09\/16\/quanto-mais-estreita-for-a-cooperacao-do-brics-ampliado-maior-sera-a-confianca-do-bloco-para-enfrentar-desafios\/"},"wordCount":419,"commentCount":0,"publisher":{"@id":"https:\/\/diariodepe.com.br\/cri\/#organization"},"image":{"@id":"https:\/\/diariodepe.com.br\/cri\/2025\/09\/16\/quanto-mais-estreita-for-a-cooperacao-do-brics-ampliado-maior-sera-a-confianca-do-bloco-para-enfrentar-desafios\/#primaryimage"},"thumbnailUrl":"https:\/\/38picres.cgtn.com\/photoAlbum\/page\/performance\/img\/2025\/9\/10\/1757490008630_832.jpg","articleSection":["Vis\u00e3o"],"inLanguage":"pt-BR","potentialAction":[{"@type":"CommentAction","name":"Comment","target":["https:\/\/diariodepe.com.br\/cri\/2025\/09\/16\/quanto-mais-estreita-for-a-cooperacao-do-brics-ampliado-maior-sera-a-confianca-do-bloco-para-enfrentar-desafios\/#respond"]}]},{"@type":"WebPage","@id":"https:\/\/diariodepe.com.br\/cri\/2025\/09\/16\/quanto-mais-estreita-for-a-cooperacao-do-brics-ampliado-maior-sera-a-confianca-do-bloco-para-enfrentar-desafios\/","url":"https:\/\/diariodepe.com.br\/cri\/2025\/09\/16\/quanto-mais-estreita-for-a-cooperacao-do-brics-ampliado-maior-sera-a-confianca-do-bloco-para-enfrentar-desafios\/","name":"Quanto mais estreita for a coopera\u00e7\u00e3o do Brics ampliado, maior ser\u00e1 a confian\u00e7a do bloco para enfrentar desafios - CRI e Diario de Pernambuco","isPartOf":{"@id":"https:\/\/diariodepe.com.br\/cri\/#website"},"primaryImageOfPage":{"@id":"https:\/\/diariodepe.com.br\/cri\/2025\/09\/16\/quanto-mais-estreita-for-a-cooperacao-do-brics-ampliado-maior-sera-a-confianca-do-bloco-para-enfrentar-desafios\/#primaryimage"},"image":{"@id":"https:\/\/diariodepe.com.br\/cri\/2025\/09\/16\/quanto-mais-estreita-for-a-cooperacao-do-brics-ampliado-maior-sera-a-confianca-do-bloco-para-enfrentar-desafios\/#primaryimage"},"thumbnailUrl":"https:\/\/38picres.cgtn.com\/photoAlbum\/page\/performance\/img\/2025\/9\/10\/1757490008630_832.jpg","datePublished":"2025-09-16T06:51:37+00:00","dateModified":"2025-09-25T18:44:30+00:00","breadcrumb":{"@id":"https:\/\/diariodepe.com.br\/cri\/2025\/09\/16\/quanto-mais-estreita-for-a-cooperacao-do-brics-ampliado-maior-sera-a-confianca-do-bloco-para-enfrentar-desafios\/#breadcrumb"},"inLanguage":"pt-BR","potentialAction":[{"@type":"ReadAction","target":["https:\/\/diariodepe.com.br\/cri\/2025\/09\/16\/quanto-mais-estreita-for-a-cooperacao-do-brics-ampliado-maior-sera-a-confianca-do-bloco-para-enfrentar-desafios\/"]}]},{"@type":"ImageObject","inLanguage":"pt-BR","@id":"https:\/\/diariodepe.com.br\/cri\/2025\/09\/16\/quanto-mais-estreita-for-a-cooperacao-do-brics-ampliado-maior-sera-a-confianca-do-bloco-para-enfrentar-desafios\/#primaryimage","url":"https:\/\/38picres.cgtn.com\/photoAlbum\/page\/performance\/img\/2025\/9\/10\/1757490008630_832.jpg","contentUrl":"https:\/\/38picres.cgtn.com\/photoAlbum\/page\/performance\/img\/2025\/9\/10\/1757490008630_832.jpg"},{"@type":"BreadcrumbList","@id":"https:\/\/diariodepe.com.br\/cri\/2025\/09\/16\/quanto-mais-estreita-for-a-cooperacao-do-brics-ampliado-maior-sera-a-confianca-do-bloco-para-enfrentar-desafios\/#breadcrumb","itemListElement":[{"@type":"ListItem","position":1,"name":"In\u00edcio","item":"https:\/\/diariodepe.com.br\/cri\/"},{"@type":"ListItem","position":2,"name":"Quanto mais estreita for a coopera\u00e7\u00e3o do Brics ampliado, maior ser\u00e1 a confian\u00e7a do bloco para enfrentar desafios"}]},{"@type":"WebSite","@id":"https:\/\/diariodepe.com.br\/cri\/#website","url":"https:\/\/diariodepe.com.br\/cri\/","name":"CRI e Diario de Pernambuco","description":"R\u00e1dio Internacional da China","publisher":{"@id":"https:\/\/diariodepe.com.br\/cri\/#organization"},"potentialAction":[{"@type":"SearchAction","target":{"@type":"EntryPoint","urlTemplate":"https:\/\/diariodepe.com.br\/cri\/?s={search_term_string}"},"query-input":{"@type":"PropertyValueSpecification","valueRequired":true,"valueName":"search_term_string"}}],"inLanguage":"pt-BR"},{"@type":"Organization","@id":"https:\/\/diariodepe.com.br\/cri\/#organization","name":"CRI e Diario de Pernambuco","url":"https:\/\/diariodepe.com.br\/cri\/","logo":{"@type":"ImageObject","inLanguage":"pt-BR","@id":"https:\/\/diariodepe.com.br\/cri\/#\/schema\/logo\/image\/","url":"https:\/\/diariodepe.com.br\/cri\/wp-content\/uploads\/sites\/2\/2022\/12\/cropped-Logo.jpg","contentUrl":"https:\/\/diariodepe.com.br\/cri\/wp-content\/uploads\/sites\/2\/2022\/12\/cropped-Logo.jpg","width":700,"height":59,"caption":"CRI e Diario de Pernambuco"},"image":{"@id":"https:\/\/diariodepe.com.br\/cri\/#\/schema\/logo\/image\/"}},{"@type":"Person","@id":"https:\/\/diariodepe.com.br\/cri\/#\/schema\/person\/e474aead631cd4098632e11d3fbce118","name":"CRI Portugu\u00eas","image":{"@type":"ImageObject","inLanguage":"pt-BR","@id":"https:\/\/secure.gravatar.com\/avatar\/e2ac889ef882d4dc53091b610766dce49106cf9fe98c76e06745abb0993b2763?s=96&d=mm&r=g","url":"https:\/\/secure.gravatar.com\/avatar\/e2ac889ef882d4dc53091b610766dce49106cf9fe98c76e06745abb0993b2763?s=96&d=mm&r=g","contentUrl":"https:\/\/secure.gravatar.com\/avatar\/e2ac889ef882d4dc53091b610766dce49106cf9fe98c76e06745abb0993b2763?s=96&d=mm&r=g","caption":"CRI Portugu\u00eas"},"sameAs":["https:\/\/www.diariodepernambuco.com.br\/"],"url":"https:\/\/diariodepe.com.br\/cri\/author\/agencia-cri\/"}]}},"cc_featured_image_caption":{"caption_text":false,"source_text":false,"source_url":false},"amp_enabled":true,"_links":{"self":[{"href":"https:\/\/diariodepe.com.br\/cri\/wp-json\/wp\/v2\/posts\/9441","targetHints":{"allow":["GET"]}}],"collection":[{"href":"https:\/\/diariodepe.com.br\/cri\/wp-json\/wp\/v2\/posts"}],"about":[{"href":"https:\/\/diariodepe.com.br\/cri\/wp-json\/wp\/v2\/types\/post"}],"author":[{"embeddable":true,"href":"https:\/\/diariodepe.com.br\/cri\/wp-json\/wp\/v2\/users\/5"}],"replies":[{"embeddable":true,"href":"https:\/\/diariodepe.com.br\/cri\/wp-json\/wp\/v2\/comments?post=9441"}],"version-history":[{"count":1,"href":"https:\/\/diariodepe.com.br\/cri\/wp-json\/wp\/v2\/posts\/9441\/revisions"}],"predecessor-version":[{"id":9442,"href":"https:\/\/diariodepe.com.br\/cri\/wp-json\/wp\/v2\/posts\/9441\/revisions\/9442"}],"wp:attachment":[{"href":"https:\/\/diariodepe.com.br\/cri\/wp-json\/wp\/v2\/media?parent=9441"}],"wp:term":[{"taxonomy":"category","embeddable":true,"href":"https:\/\/diariodepe.com.br\/cri\/wp-json\/wp\/v2\/categories?post=9441"},{"taxonomy":"post_tag","embeddable":true,"href":"https:\/\/diariodepe.com.br\/cri\/wp-json\/wp\/v2\/tags?post=9441"}],"curies":[{"name":"wp","href":"https:\/\/api.w.org\/{rel}","templated":true}]}}