{"id":9349,"date":"2025-09-14T18:54:10","date_gmt":"2025-09-14T21:54:10","guid":{"rendered":"https:\/\/diariodepe.com.br\/cri\/?p=9349"},"modified":"2025-09-25T15:45:21","modified_gmt":"2025-09-25T18:45:21","slug":"producoes-brasileiras-sao-nomeadas-para-premio-panda-de-ouro-2","status":"publish","type":"post","link":"https:\/\/diariodepe.com.br\/cri\/2025\/09\/14\/producoes-brasileiras-sao-nomeadas-para-premio-panda-de-ouro-2\/","title":{"rendered":"Produ\u00e7\u00f5es brasileiras s\u00e3o nomeadas para Pr\u00eamio Panda de Ouro"},"content":{"rendered":"<p>Foram\u00a0anunciados nesta segunda-feira (8) os nomeados em 27 categorias para a 2\u00aa edi\u00e7\u00e3o do Pr\u00eamio Panda de Ouro,\u00a0que ser\u00e1 realizada\u00a0entre os dias 12 e 13 de setembro,\u00a0em Chengdu, capital da prov\u00edncia de Sichuan.<\/p>\n<p>O filme brasileiro\u00a0<i><\/i><i>O \u00daltimo Azul\u00a0<\/i><i>recebeu indica\u00e7\u00f5es nas categorias<\/i>\u00a0Melhor Roteiro (Gabriel Mascaro, Tib\u00e9rio Azul) e Melhor Atriz (Denise Weinberg). J\u00e1\u00a0a s\u00e9rie dram\u00e1tica\u00a0<i><\/i><i>Estranho Amor<\/i><i>\u00a0<\/i><i>concorre ao pr\u00eamio de<\/i><i><\/i>\u00a0Melhor Atriz (Juliana Knust).\u00a0Al\u00e9m disso,\u00a0a s\u00e9rie animada\u00a0<i><\/i><i>Tain\u00e1 e os Guardi\u00f5es da Amaz\u00f4nia<\/i>\u00a0foi\u00a0indicada na categoria de Melhor Anima\u00e7\u00e3o.<\/p>\n<p>A lista dos vencedores ser\u00e1\u00a0divulgada durante a cerim\u00f4nia do Pr\u00eamio Panda de Ouro.<\/p>\n","protected":false},"excerpt":{"rendered":"<p>Foram\u00a0anunciados nesta segunda-feira (8) os nomeados em 27 categorias para a 2\u00aa edi\u00e7\u00e3o do Pr\u00eamio Panda de Ouro,\u00a0que ser\u00e1 realizada\u00a0entre os dias 12 e 13 de setembro,\u00a0em Chengdu, capital da prov\u00edncia de Sichuan. O filme brasileiro\u00a0O \u00daltimo Azul\u00a0recebeu indica\u00e7\u00f5es nas&#8230;<\/p>\n","protected":false},"author":5,"featured_media":0,"comment_status":"open","ping_status":"open","sticky":false,"template":"","format":"standard","meta":{"footnotes":""},"categories":[1],"tags":[],"class_list":["post-9349","post","type-post","status-publish","format-standard","hentry","category-estudio-paulista"],"yoast_head":"<!-- This site is optimized with the Yoast SEO plugin v27.4 - https:\/\/yoast.com\/product\/yoast-seo-wordpress\/ -->\n<title>Produ\u00e7\u00f5es brasileiras s\u00e3o nomeadas para Pr\u00eamio Panda de Ouro - CRI e Diario de Pernambuco<\/title>\n<meta name=\"robots\" content=\"index, follow, max-snippet:-1, max-image-preview:large, max-video-preview:-1\" \/>\n<link rel=\"canonical\" href=\"https:\/\/diariodepe.com.br\/cri\/2025\/09\/14\/producoes-brasileiras-sao-nomeadas-para-premio-panda-de-ouro-2\/\" \/>\n<meta property=\"og:locale\" content=\"pt_BR\" \/>\n<meta property=\"og:type\" content=\"article\" \/>\n<meta property=\"og:title\" content=\"Produ\u00e7\u00f5es brasileiras s\u00e3o nomeadas para Pr\u00eamio Panda de Ouro - CRI e Diario de Pernambuco\" \/>\n<meta property=\"og:description\" content=\"Foram\u00a0anunciados nesta segunda-feira (8) os nomeados em 27 categorias para a 2\u00aa edi\u00e7\u00e3o do Pr\u00eamio Panda de Ouro,\u00a0que ser\u00e1 realizada\u00a0entre os dias 12 e 13 de setembro,\u00a0em Chengdu, capital da prov\u00edncia de Sichuan. O filme brasileiro\u00a0O \u00daltimo Azul\u00a0recebeu indica\u00e7\u00f5es nas...\" \/>\n<meta property=\"og:url\" content=\"https:\/\/diariodepe.com.br\/cri\/2025\/09\/14\/producoes-brasileiras-sao-nomeadas-para-premio-panda-de-ouro-2\/\" \/>\n<meta property=\"og:site_name\" content=\"CRI e Diario de Pernambuco\" \/>\n<meta property=\"article:published_time\" content=\"2025-09-14T21:54:10+00:00\" \/>\n<meta property=\"article:modified_time\" content=\"2025-09-25T18:45:21+00:00\" \/>\n<meta name=\"author\" content=\"CRI Portugu\u00eas\" \/>\n<meta name=\"twitter:card\" content=\"summary_large_image\" \/>\n<meta name=\"twitter:label1\" content=\"Escrito por\" \/>\n\t<meta name=\"twitter:data1\" content=\"CRI Portugu\u00eas\" \/>\n\t<meta name=\"twitter:label2\" content=\"Est. tempo de leitura\" \/>\n\t<meta name=\"twitter:data2\" content=\"1 minuto\" \/>\n<script type=\"application\/ld+json\" class=\"yoast-schema-graph\">{\"@context\":\"https:\\\/\\\/schema.org\",\"@graph\":[{\"@type\":\"Article\",\"@id\":\"https:\\\/\\\/diariodepe.com.br\\\/cri\\\/2025\\\/09\\\/14\\\/producoes-brasileiras-sao-nomeadas-para-premio-panda-de-ouro-2\\\/#article\",\"isPartOf\":{\"@id\":\"https:\\\/\\\/diariodepe.com.br\\\/cri\\\/2025\\\/09\\\/14\\\/producoes-brasileiras-sao-nomeadas-para-premio-panda-de-ouro-2\\\/\"},\"author\":{\"name\":\"CRI Portugu\u00eas\",\"@id\":\"https:\\\/\\\/diariodepe.com.br\\\/cri\\\/#\\\/schema\\\/person\\\/e474aead631cd4098632e11d3fbce118\"},\"headline\":\"Produ\u00e7\u00f5es brasileiras s\u00e3o nomeadas para Pr\u00eamio Panda de Ouro\",\"datePublished\":\"2025-09-14T21:54:10+00:00\",\"dateModified\":\"2025-09-25T18:45:21+00:00\",\"mainEntityOfPage\":{\"@id\":\"https:\\\/\\\/diariodepe.com.br\\\/cri\\\/2025\\\/09\\\/14\\\/producoes-brasileiras-sao-nomeadas-para-premio-panda-de-ouro-2\\\/\"},\"wordCount\":126,\"commentCount\":0,\"publisher\":{\"@id\":\"https:\\\/\\\/diariodepe.com.br\\\/cri\\\/#organization\"},\"articleSection\":[\"Est\u00fadio Paulista\"],\"inLanguage\":\"pt-BR\",\"potentialAction\":[{\"@type\":\"CommentAction\",\"name\":\"Comment\",\"target\":[\"https:\\\/\\\/diariodepe.com.br\\\/cri\\\/2025\\\/09\\\/14\\\/producoes-brasileiras-sao-nomeadas-para-premio-panda-de-ouro-2\\\/#respond\"]}]},{\"@type\":\"WebPage\",\"@id\":\"https:\\\/\\\/diariodepe.com.br\\\/cri\\\/2025\\\/09\\\/14\\\/producoes-brasileiras-sao-nomeadas-para-premio-panda-de-ouro-2\\\/\",\"url\":\"https:\\\/\\\/diariodepe.com.br\\\/cri\\\/2025\\\/09\\\/14\\\/producoes-brasileiras-sao-nomeadas-para-premio-panda-de-ouro-2\\\/\",\"name\":\"Produ\u00e7\u00f5es brasileiras s\u00e3o nomeadas para Pr\u00eamio Panda de Ouro - CRI e Diario de Pernambuco\",\"isPartOf\":{\"@id\":\"https:\\\/\\\/diariodepe.com.br\\\/cri\\\/#website\"},\"datePublished\":\"2025-09-14T21:54:10+00:00\",\"dateModified\":\"2025-09-25T18:45:21+00:00\",\"breadcrumb\":{\"@id\":\"https:\\\/\\\/diariodepe.com.br\\\/cri\\\/2025\\\/09\\\/14\\\/producoes-brasileiras-sao-nomeadas-para-premio-panda-de-ouro-2\\\/#breadcrumb\"},\"inLanguage\":\"pt-BR\",\"potentialAction\":[{\"@type\":\"ReadAction\",\"target\":[\"https:\\\/\\\/diariodepe.com.br\\\/cri\\\/2025\\\/09\\\/14\\\/producoes-brasileiras-sao-nomeadas-para-premio-panda-de-ouro-2\\\/\"]}]},{\"@type\":\"BreadcrumbList\",\"@id\":\"https:\\\/\\\/diariodepe.com.br\\\/cri\\\/2025\\\/09\\\/14\\\/producoes-brasileiras-sao-nomeadas-para-premio-panda-de-ouro-2\\\/#breadcrumb\",\"itemListElement\":[{\"@type\":\"ListItem\",\"position\":1,\"name\":\"In\u00edcio\",\"item\":\"https:\\\/\\\/diariodepe.com.br\\\/cri\\\/\"},{\"@type\":\"ListItem\",\"position\":2,\"name\":\"Produ\u00e7\u00f5es brasileiras s\u00e3o nomeadas para Pr\u00eamio Panda de Ouro\"}]},{\"@type\":\"WebSite\",\"@id\":\"https:\\\/\\\/diariodepe.com.br\\\/cri\\\/#website\",\"url\":\"https:\\\/\\\/diariodepe.com.br\\\/cri\\\/\",\"name\":\"CRI e Diario de Pernambuco\",\"description\":\"R\u00e1dio Internacional da China\",\"publisher\":{\"@id\":\"https:\\\/\\\/diariodepe.com.br\\\/cri\\\/#organization\"},\"potentialAction\":[{\"@type\":\"SearchAction\",\"target\":{\"@type\":\"EntryPoint\",\"urlTemplate\":\"https:\\\/\\\/diariodepe.com.br\\\/cri\\\/?s={search_term_string}\"},\"query-input\":{\"@type\":\"PropertyValueSpecification\",\"valueRequired\":true,\"valueName\":\"search_term_string\"}}],\"inLanguage\":\"pt-BR\"},{\"@type\":\"Organization\",\"@id\":\"https:\\\/\\\/diariodepe.com.br\\\/cri\\\/#organization\",\"name\":\"CRI e Diario de Pernambuco\",\"url\":\"https:\\\/\\\/diariodepe.com.br\\\/cri\\\/\",\"logo\":{\"@type\":\"ImageObject\",\"inLanguage\":\"pt-BR\",\"@id\":\"https:\\\/\\\/diariodepe.com.br\\\/cri\\\/#\\\/schema\\\/logo\\\/image\\\/\",\"url\":\"https:\\\/\\\/diariodepe.com.br\\\/cri\\\/wp-content\\\/uploads\\\/sites\\\/2\\\/2022\\\/12\\\/cropped-Logo.jpg\",\"contentUrl\":\"https:\\\/\\\/diariodepe.com.br\\\/cri\\\/wp-content\\\/uploads\\\/sites\\\/2\\\/2022\\\/12\\\/cropped-Logo.jpg\",\"width\":700,\"height\":59,\"caption\":\"CRI e Diario de Pernambuco\"},\"image\":{\"@id\":\"https:\\\/\\\/diariodepe.com.br\\\/cri\\\/#\\\/schema\\\/logo\\\/image\\\/\"}},{\"@type\":\"Person\",\"@id\":\"https:\\\/\\\/diariodepe.com.br\\\/cri\\\/#\\\/schema\\\/person\\\/e474aead631cd4098632e11d3fbce118\",\"name\":\"CRI Portugu\u00eas\",\"image\":{\"@type\":\"ImageObject\",\"inLanguage\":\"pt-BR\",\"@id\":\"https:\\\/\\\/secure.gravatar.com\\\/avatar\\\/e2ac889ef882d4dc53091b610766dce49106cf9fe98c76e06745abb0993b2763?s=96&d=mm&r=g\",\"url\":\"https:\\\/\\\/secure.gravatar.com\\\/avatar\\\/e2ac889ef882d4dc53091b610766dce49106cf9fe98c76e06745abb0993b2763?s=96&d=mm&r=g\",\"contentUrl\":\"https:\\\/\\\/secure.gravatar.com\\\/avatar\\\/e2ac889ef882d4dc53091b610766dce49106cf9fe98c76e06745abb0993b2763?s=96&d=mm&r=g\",\"caption\":\"CRI Portugu\u00eas\"},\"sameAs\":[\"https:\\\/\\\/www.diariodepernambuco.com.br\\\/\"],\"url\":\"https:\\\/\\\/diariodepe.com.br\\\/cri\\\/author\\\/agencia-cri\\\/\"}]}<\/script>\n<!-- \/ Yoast SEO plugin. -->","yoast_head_json":{"title":"Produ\u00e7\u00f5es brasileiras s\u00e3o nomeadas para Pr\u00eamio Panda de Ouro - CRI e Diario de Pernambuco","robots":{"index":"index","follow":"follow","max-snippet":"max-snippet:-1","max-image-preview":"max-image-preview:large","max-video-preview":"max-video-preview:-1"},"canonical":"https:\/\/diariodepe.com.br\/cri\/2025\/09\/14\/producoes-brasileiras-sao-nomeadas-para-premio-panda-de-ouro-2\/","og_locale":"pt_BR","og_type":"article","og_title":"Produ\u00e7\u00f5es brasileiras s\u00e3o nomeadas para Pr\u00eamio Panda de Ouro - CRI e Diario de Pernambuco","og_description":"Foram\u00a0anunciados nesta segunda-feira (8) os nomeados em 27 categorias para a 2\u00aa edi\u00e7\u00e3o do Pr\u00eamio Panda de Ouro,\u00a0que ser\u00e1 realizada\u00a0entre os dias 12 e 13 de setembro,\u00a0em Chengdu, capital da prov\u00edncia de Sichuan. O filme brasileiro\u00a0O \u00daltimo Azul\u00a0recebeu indica\u00e7\u00f5es nas...","og_url":"https:\/\/diariodepe.com.br\/cri\/2025\/09\/14\/producoes-brasileiras-sao-nomeadas-para-premio-panda-de-ouro-2\/","og_site_name":"CRI e Diario de Pernambuco","article_published_time":"2025-09-14T21:54:10+00:00","article_modified_time":"2025-09-25T18:45:21+00:00","author":"CRI Portugu\u00eas","twitter_card":"summary_large_image","twitter_misc":{"Escrito por":"CRI Portugu\u00eas","Est. tempo de leitura":"1 minuto"},"schema":{"@context":"https:\/\/schema.org","@graph":[{"@type":"Article","@id":"https:\/\/diariodepe.com.br\/cri\/2025\/09\/14\/producoes-brasileiras-sao-nomeadas-para-premio-panda-de-ouro-2\/#article","isPartOf":{"@id":"https:\/\/diariodepe.com.br\/cri\/2025\/09\/14\/producoes-brasileiras-sao-nomeadas-para-premio-panda-de-ouro-2\/"},"author":{"name":"CRI Portugu\u00eas","@id":"https:\/\/diariodepe.com.br\/cri\/#\/schema\/person\/e474aead631cd4098632e11d3fbce118"},"headline":"Produ\u00e7\u00f5es brasileiras s\u00e3o nomeadas para Pr\u00eamio Panda de Ouro","datePublished":"2025-09-14T21:54:10+00:00","dateModified":"2025-09-25T18:45:21+00:00","mainEntityOfPage":{"@id":"https:\/\/diariodepe.com.br\/cri\/2025\/09\/14\/producoes-brasileiras-sao-nomeadas-para-premio-panda-de-ouro-2\/"},"wordCount":126,"commentCount":0,"publisher":{"@id":"https:\/\/diariodepe.com.br\/cri\/#organization"},"articleSection":["Est\u00fadio Paulista"],"inLanguage":"pt-BR","potentialAction":[{"@type":"CommentAction","name":"Comment","target":["https:\/\/diariodepe.com.br\/cri\/2025\/09\/14\/producoes-brasileiras-sao-nomeadas-para-premio-panda-de-ouro-2\/#respond"]}]},{"@type":"WebPage","@id":"https:\/\/diariodepe.com.br\/cri\/2025\/09\/14\/producoes-brasileiras-sao-nomeadas-para-premio-panda-de-ouro-2\/","url":"https:\/\/diariodepe.com.br\/cri\/2025\/09\/14\/producoes-brasileiras-sao-nomeadas-para-premio-panda-de-ouro-2\/","name":"Produ\u00e7\u00f5es brasileiras s\u00e3o nomeadas para Pr\u00eamio Panda de Ouro - CRI e Diario de Pernambuco","isPartOf":{"@id":"https:\/\/diariodepe.com.br\/cri\/#website"},"datePublished":"2025-09-14T21:54:10+00:00","dateModified":"2025-09-25T18:45:21+00:00","breadcrumb":{"@id":"https:\/\/diariodepe.com.br\/cri\/2025\/09\/14\/producoes-brasileiras-sao-nomeadas-para-premio-panda-de-ouro-2\/#breadcrumb"},"inLanguage":"pt-BR","potentialAction":[{"@type":"ReadAction","target":["https:\/\/diariodepe.com.br\/cri\/2025\/09\/14\/producoes-brasileiras-sao-nomeadas-para-premio-panda-de-ouro-2\/"]}]},{"@type":"BreadcrumbList","@id":"https:\/\/diariodepe.com.br\/cri\/2025\/09\/14\/producoes-brasileiras-sao-nomeadas-para-premio-panda-de-ouro-2\/#breadcrumb","itemListElement":[{"@type":"ListItem","position":1,"name":"In\u00edcio","item":"https:\/\/diariodepe.com.br\/cri\/"},{"@type":"ListItem","position":2,"name":"Produ\u00e7\u00f5es brasileiras s\u00e3o nomeadas para Pr\u00eamio Panda de Ouro"}]},{"@type":"WebSite","@id":"https:\/\/diariodepe.com.br\/cri\/#website","url":"https:\/\/diariodepe.com.br\/cri\/","name":"CRI e Diario de Pernambuco","description":"R\u00e1dio Internacional da China","publisher":{"@id":"https:\/\/diariodepe.com.br\/cri\/#organization"},"potentialAction":[{"@type":"SearchAction","target":{"@type":"EntryPoint","urlTemplate":"https:\/\/diariodepe.com.br\/cri\/?s={search_term_string}"},"query-input":{"@type":"PropertyValueSpecification","valueRequired":true,"valueName":"search_term_string"}}],"inLanguage":"pt-BR"},{"@type":"Organization","@id":"https:\/\/diariodepe.com.br\/cri\/#organization","name":"CRI e Diario de Pernambuco","url":"https:\/\/diariodepe.com.br\/cri\/","logo":{"@type":"ImageObject","inLanguage":"pt-BR","@id":"https:\/\/diariodepe.com.br\/cri\/#\/schema\/logo\/image\/","url":"https:\/\/diariodepe.com.br\/cri\/wp-content\/uploads\/sites\/2\/2022\/12\/cropped-Logo.jpg","contentUrl":"https:\/\/diariodepe.com.br\/cri\/wp-content\/uploads\/sites\/2\/2022\/12\/cropped-Logo.jpg","width":700,"height":59,"caption":"CRI e Diario de Pernambuco"},"image":{"@id":"https:\/\/diariodepe.com.br\/cri\/#\/schema\/logo\/image\/"}},{"@type":"Person","@id":"https:\/\/diariodepe.com.br\/cri\/#\/schema\/person\/e474aead631cd4098632e11d3fbce118","name":"CRI Portugu\u00eas","image":{"@type":"ImageObject","inLanguage":"pt-BR","@id":"https:\/\/secure.gravatar.com\/avatar\/e2ac889ef882d4dc53091b610766dce49106cf9fe98c76e06745abb0993b2763?s=96&d=mm&r=g","url":"https:\/\/secure.gravatar.com\/avatar\/e2ac889ef882d4dc53091b610766dce49106cf9fe98c76e06745abb0993b2763?s=96&d=mm&r=g","contentUrl":"https:\/\/secure.gravatar.com\/avatar\/e2ac889ef882d4dc53091b610766dce49106cf9fe98c76e06745abb0993b2763?s=96&d=mm&r=g","caption":"CRI Portugu\u00eas"},"sameAs":["https:\/\/www.diariodepernambuco.com.br\/"],"url":"https:\/\/diariodepe.com.br\/cri\/author\/agencia-cri\/"}]}},"cc_featured_image_caption":{"caption_text":false,"source_text":false,"source_url":false},"amp_enabled":true,"_links":{"self":[{"href":"https:\/\/diariodepe.com.br\/cri\/wp-json\/wp\/v2\/posts\/9349","targetHints":{"allow":["GET"]}}],"collection":[{"href":"https:\/\/diariodepe.com.br\/cri\/wp-json\/wp\/v2\/posts"}],"about":[{"href":"https:\/\/diariodepe.com.br\/cri\/wp-json\/wp\/v2\/types\/post"}],"author":[{"embeddable":true,"href":"https:\/\/diariodepe.com.br\/cri\/wp-json\/wp\/v2\/users\/5"}],"replies":[{"embeddable":true,"href":"https:\/\/diariodepe.com.br\/cri\/wp-json\/wp\/v2\/comments?post=9349"}],"version-history":[{"count":1,"href":"https:\/\/diariodepe.com.br\/cri\/wp-json\/wp\/v2\/posts\/9349\/revisions"}],"predecessor-version":[{"id":9350,"href":"https:\/\/diariodepe.com.br\/cri\/wp-json\/wp\/v2\/posts\/9349\/revisions\/9350"}],"wp:attachment":[{"href":"https:\/\/diariodepe.com.br\/cri\/wp-json\/wp\/v2\/media?parent=9349"}],"wp:term":[{"taxonomy":"category","embeddable":true,"href":"https:\/\/diariodepe.com.br\/cri\/wp-json\/wp\/v2\/categories?post=9349"},{"taxonomy":"post_tag","embeddable":true,"href":"https:\/\/diariodepe.com.br\/cri\/wp-json\/wp\/v2\/tags?post=9349"}],"curies":[{"name":"wp","href":"https:\/\/api.w.org\/{rel}","templated":true}]}}