{"id":9289,"date":"2025-09-04T23:59:10","date_gmt":"2025-09-05T02:59:10","guid":{"rendered":"https:\/\/diariodepe.com.br\/cri\/?p=9289"},"modified":"2025-09-04T23:59:10","modified_gmt":"2025-09-05T02:59:10","slug":"xi-jinping-conversa-com-kim-jong-un","status":"publish","type":"post","link":"https:\/\/diariodepe.com.br\/cri\/2025\/09\/04\/xi-jinping-conversa-com-kim-jong-un\/","title":{"rendered":"Xi Jinping conversa com Kim Jong Un"},"content":{"rendered":"<p>O presidente chin\u00eas, Xi Jinping, reuniu-se\u00a0nesta quinta-feira no Grande Pal\u00e1cio do Povo, em Beijing, com Kim Jong\u00a0Un, secret\u00e1rio-geral do Partido dos Trabalhadores da Coreia (PTC) da Rep\u00fablica Popular Democr\u00e1tica da Coreia (RPDC) e presidente da Comiss\u00e3o de Assuntos de Estado, que est\u00e1 no pa\u00eds\u00a0para participar das comemora\u00e7\u00f5es do 80\u00ba anivers\u00e1rio da vit\u00f3ria da Guerra de Resist\u00eancia do Povo Chin\u00eas contra a Agress\u00e3o Japonesa e da Guerra Mundial Antifascista.<\/p>\n<p><img decoding=\"async\" class=\"aligncenter\" src=\"https:\/\/38picres.cgtn.com\/photoAlbum\/page\/performance\/img\/2025\/9\/4\/1756991025439_183.jpeg\" \/><\/p>\n<p><img decoding=\"async\" class=\"aligncenter\" src=\"https:\/\/38picres.cgtn.com\/photoAlbum\/page\/performance\/img\/2025\/9\/4\/1756991025473_113.jpeg\" \/><\/p>\n<p>Xi Jinping apontou que a China e a RPDC s\u00e3o bons vizinhos, amigos e camaradas, os quais compartilham um destino comum e prestam apoio m\u00fatuo. Ambos s\u00e3o Estados socialistas liderados por um Partido Comunista, e possuem ideais e metas de luta comuns. A visita do secret\u00e1rio-geral Kim Jong Un \u00e0 China para participar das comemora\u00e7\u00f5es do 80\u00ba anivers\u00e1rio da vit\u00f3ria da Guerra de Resist\u00eancia do Povo Chin\u00eas contra a Agress\u00e3o Japonesa e da Guerra Mundial Antifascista demonstra a firme determina\u00e7\u00e3o da RPDC em salvaguardar as conquistas da vit\u00f3ria na Segunda Guerra Mundial, oferecendo tamb\u00e9m uma importante oportunidade para o desenvolvimento de rela\u00e7\u00f5es amistosas e cooperativas entre os dois partidos e pa\u00edses.<\/p>\n<p>Segundo Xi Jinping, o\u00a0Partido e o governo chineses atribuem grande import\u00e2ncia \u00e0 amizade tradicional entre a China e a RPDC, e est\u00e3o abertos\u00a0a manter, consolidar e desenvolver esse relacionamento. Esta posi\u00e7\u00e3o n\u00e3o mudar\u00e1 independentemente da evolu\u00e7\u00e3o da situa\u00e7\u00e3o internacional. A China continuar\u00e1 a apoiar a RPDC na busca por um caminho de desenvolvimento adequado \u00e0s suas realidades e na cria\u00e7\u00e3o cont\u00ednua de novas perspectivas para a causa socialista.<\/p>\n<p>\u201cDiante de desafios globais sem precedentes, propus sucessivamente o conceito de constru\u00e7\u00e3o de comunidade de futuro compartilhado para a humanidade e as iniciativas globais para o desenvolvimento, seguran\u00e7a, civiliza\u00e7\u00e3o e governan\u00e7a, e todas receberam apoio e resposta ativa da RPDC. A China e a RPDC devem fortalecer a coordena\u00e7\u00e3o estrat\u00e9gica em assuntos internacionais e regionais para salvaguardar interesses comuns. Em rela\u00e7\u00e3o \u00e0 quest\u00e3o da Pen\u00ednsula Coreana, a China sempre manteve uma posi\u00e7\u00e3o objetiva e imparcial e est\u00e1 disposta a continuar a fortalecer a coordena\u00e7\u00e3o com a RPDC para envidar todos os esfor\u00e7os na manuten\u00e7\u00e3o da paz e da estabilidade peninsulares\u201d, ponderou.<\/p>\n<p>Kim Jong Un, por sua vez, afirmou que, a despeito de quaisquer mudan\u00e7as que porventura ocorram na conjuntura internacional, as rela\u00e7\u00f5es amistosas entre a RPDC e a China permanecer\u00e3o inalteradas. Seu pa\u00eds seguir\u00e1 apoiando firmemente a orienta\u00e7\u00e3o chinesa em quest\u00f5es relacionadas aos interesses essenciais desta, como Taiwan, Xizang e Xinjiang. King Jong Un expressou, ainda, sua gratid\u00e3o pelo apoio inabal\u00e1vel e de longo prazo da China \u00e0 causa socialista da RPDC.<\/p>\n<p>King Jong Un assinalou que a RPDC est\u00e1 disposta a aprofundar a coopera\u00e7\u00e3o econ\u00f4mica e comercial com a China para alcan\u00e7ar mais resultados. O pa\u00eds aprecia a posi\u00e7\u00e3o imparcial chinesa sobre a quest\u00e3o da Pen\u00ednsula Coreana e continuar\u00e1 fortalecendo a coordena\u00e7\u00e3o em plataformas multilaterais, incluindo as Na\u00e7\u00f5es Unidas, para salvaguardar os interesses comuns e fundamentais de ambas as partes.<\/p>\n","protected":false},"excerpt":{"rendered":"<p>O presidente chin\u00eas, Xi Jinping, reuniu-se\u00a0nesta quinta-feira no Grande Pal\u00e1cio do Povo, em Beijing, com Kim Jong\u00a0Un, secret\u00e1rio-geral do Partido dos Trabalhadores da Coreia (PTC) da Rep\u00fablica Popular Democr\u00e1tica da Coreia (RPDC) e presidente da Comiss\u00e3o de Assuntos de Estado,&#8230;<\/p>\n","protected":false},"author":2,"featured_media":0,"comment_status":"open","ping_status":"open","sticky":false,"template":"","format":"standard","meta":{"footnotes":""},"categories":[3,5],"tags":[],"class_list":["post-9289","post","type-post","status-publish","format-standard","hentry","category-china","category-destaques-capa"],"yoast_head":"<!-- This site is optimized with the Yoast SEO plugin v27.4 - https:\/\/yoast.com\/product\/yoast-seo-wordpress\/ -->\n<title>Xi Jinping conversa com Kim Jong Un - CRI e Diario de Pernambuco<\/title>\n<meta name=\"robots\" content=\"index, follow, max-snippet:-1, max-image-preview:large, max-video-preview:-1\" \/>\n<link rel=\"canonical\" href=\"https:\/\/diariodepe.com.br\/cri\/2025\/09\/04\/xi-jinping-conversa-com-kim-jong-un\/\" \/>\n<meta property=\"og:locale\" content=\"pt_BR\" \/>\n<meta property=\"og:type\" content=\"article\" \/>\n<meta property=\"og:title\" content=\"Xi Jinping conversa com Kim Jong Un - CRI e Diario de Pernambuco\" \/>\n<meta property=\"og:description\" content=\"O presidente chin\u00eas, Xi Jinping, reuniu-se\u00a0nesta quinta-feira no Grande Pal\u00e1cio do Povo, em Beijing, com Kim Jong\u00a0Un, secret\u00e1rio-geral do Partido dos Trabalhadores da Coreia (PTC) da Rep\u00fablica Popular Democr\u00e1tica da Coreia (RPDC) e presidente da Comiss\u00e3o de Assuntos de Estado,...\" \/>\n<meta property=\"og:url\" content=\"https:\/\/diariodepe.com.br\/cri\/2025\/09\/04\/xi-jinping-conversa-com-kim-jong-un\/\" \/>\n<meta property=\"og:site_name\" content=\"CRI e Diario de Pernambuco\" \/>\n<meta property=\"article:published_time\" content=\"2025-09-05T02:59:10+00:00\" \/>\n<meta property=\"og:image\" content=\"https:\/\/38picres.cgtn.com\/photoAlbum\/page\/performance\/img\/2025\/9\/4\/1756991025439_183.jpeg\" \/>\n<meta name=\"author\" content=\"Ismael Lucas S. Pereira\" \/>\n<meta name=\"twitter:card\" content=\"summary_large_image\" \/>\n<meta name=\"twitter:label1\" content=\"Escrito por\" \/>\n\t<meta name=\"twitter:data1\" content=\"Ismael Lucas S. Pereira\" \/>\n\t<meta name=\"twitter:label2\" content=\"Est. tempo de leitura\" \/>\n\t<meta name=\"twitter:data2\" content=\"4 minutos\" \/>\n<script type=\"application\/ld+json\" class=\"yoast-schema-graph\">{\"@context\":\"https:\\\/\\\/schema.org\",\"@graph\":[{\"@type\":\"Article\",\"@id\":\"https:\\\/\\\/diariodepe.com.br\\\/cri\\\/2025\\\/09\\\/04\\\/xi-jinping-conversa-com-kim-jong-un\\\/#article\",\"isPartOf\":{\"@id\":\"https:\\\/\\\/diariodepe.com.br\\\/cri\\\/2025\\\/09\\\/04\\\/xi-jinping-conversa-com-kim-jong-un\\\/\"},\"author\":{\"name\":\"Ismael Lucas S. Pereira\",\"@id\":\"https:\\\/\\\/diariodepe.com.br\\\/cri\\\/#\\\/schema\\\/person\\\/121bb28d84f1a5b1205ef4ce9c2e0c6b\"},\"headline\":\"Xi Jinping conversa com Kim Jong Un\",\"datePublished\":\"2025-09-05T02:59:10+00:00\",\"mainEntityOfPage\":{\"@id\":\"https:\\\/\\\/diariodepe.com.br\\\/cri\\\/2025\\\/09\\\/04\\\/xi-jinping-conversa-com-kim-jong-un\\\/\"},\"wordCount\":550,\"commentCount\":0,\"publisher\":{\"@id\":\"https:\\\/\\\/diariodepe.com.br\\\/cri\\\/#organization\"},\"image\":{\"@id\":\"https:\\\/\\\/diariodepe.com.br\\\/cri\\\/2025\\\/09\\\/04\\\/xi-jinping-conversa-com-kim-jong-un\\\/#primaryimage\"},\"thumbnailUrl\":\"https:\\\/\\\/38picres.cgtn.com\\\/photoAlbum\\\/page\\\/performance\\\/img\\\/2025\\\/9\\\/4\\\/1756991025439_183.jpeg\",\"articleSection\":[\"China\",\"Destaques Capa\"],\"inLanguage\":\"pt-BR\",\"potentialAction\":[{\"@type\":\"CommentAction\",\"name\":\"Comment\",\"target\":[\"https:\\\/\\\/diariodepe.com.br\\\/cri\\\/2025\\\/09\\\/04\\\/xi-jinping-conversa-com-kim-jong-un\\\/#respond\"]}]},{\"@type\":\"WebPage\",\"@id\":\"https:\\\/\\\/diariodepe.com.br\\\/cri\\\/2025\\\/09\\\/04\\\/xi-jinping-conversa-com-kim-jong-un\\\/\",\"url\":\"https:\\\/\\\/diariodepe.com.br\\\/cri\\\/2025\\\/09\\\/04\\\/xi-jinping-conversa-com-kim-jong-un\\\/\",\"name\":\"Xi Jinping conversa com Kim Jong Un - CRI e Diario de Pernambuco\",\"isPartOf\":{\"@id\":\"https:\\\/\\\/diariodepe.com.br\\\/cri\\\/#website\"},\"primaryImageOfPage\":{\"@id\":\"https:\\\/\\\/diariodepe.com.br\\\/cri\\\/2025\\\/09\\\/04\\\/xi-jinping-conversa-com-kim-jong-un\\\/#primaryimage\"},\"image\":{\"@id\":\"https:\\\/\\\/diariodepe.com.br\\\/cri\\\/2025\\\/09\\\/04\\\/xi-jinping-conversa-com-kim-jong-un\\\/#primaryimage\"},\"thumbnailUrl\":\"https:\\\/\\\/38picres.cgtn.com\\\/photoAlbum\\\/page\\\/performance\\\/img\\\/2025\\\/9\\\/4\\\/1756991025439_183.jpeg\",\"datePublished\":\"2025-09-05T02:59:10+00:00\",\"breadcrumb\":{\"@id\":\"https:\\\/\\\/diariodepe.com.br\\\/cri\\\/2025\\\/09\\\/04\\\/xi-jinping-conversa-com-kim-jong-un\\\/#breadcrumb\"},\"inLanguage\":\"pt-BR\",\"potentialAction\":[{\"@type\":\"ReadAction\",\"target\":[\"https:\\\/\\\/diariodepe.com.br\\\/cri\\\/2025\\\/09\\\/04\\\/xi-jinping-conversa-com-kim-jong-un\\\/\"]}]},{\"@type\":\"ImageObject\",\"inLanguage\":\"pt-BR\",\"@id\":\"https:\\\/\\\/diariodepe.com.br\\\/cri\\\/2025\\\/09\\\/04\\\/xi-jinping-conversa-com-kim-jong-un\\\/#primaryimage\",\"url\":\"https:\\\/\\\/38picres.cgtn.com\\\/photoAlbum\\\/page\\\/performance\\\/img\\\/2025\\\/9\\\/4\\\/1756991025439_183.jpeg\",\"contentUrl\":\"https:\\\/\\\/38picres.cgtn.com\\\/photoAlbum\\\/page\\\/performance\\\/img\\\/2025\\\/9\\\/4\\\/1756991025439_183.jpeg\"},{\"@type\":\"BreadcrumbList\",\"@id\":\"https:\\\/\\\/diariodepe.com.br\\\/cri\\\/2025\\\/09\\\/04\\\/xi-jinping-conversa-com-kim-jong-un\\\/#breadcrumb\",\"itemListElement\":[{\"@type\":\"ListItem\",\"position\":1,\"name\":\"In\u00edcio\",\"item\":\"https:\\\/\\\/diariodepe.com.br\\\/cri\\\/\"},{\"@type\":\"ListItem\",\"position\":2,\"name\":\"Xi Jinping conversa com Kim Jong Un\"}]},{\"@type\":\"WebSite\",\"@id\":\"https:\\\/\\\/diariodepe.com.br\\\/cri\\\/#website\",\"url\":\"https:\\\/\\\/diariodepe.com.br\\\/cri\\\/\",\"name\":\"CRI e Diario de Pernambuco\",\"description\":\"R\u00e1dio Internacional da China\",\"publisher\":{\"@id\":\"https:\\\/\\\/diariodepe.com.br\\\/cri\\\/#organization\"},\"potentialAction\":[{\"@type\":\"SearchAction\",\"target\":{\"@type\":\"EntryPoint\",\"urlTemplate\":\"https:\\\/\\\/diariodepe.com.br\\\/cri\\\/?s={search_term_string}\"},\"query-input\":{\"@type\":\"PropertyValueSpecification\",\"valueRequired\":true,\"valueName\":\"search_term_string\"}}],\"inLanguage\":\"pt-BR\"},{\"@type\":\"Organization\",\"@id\":\"https:\\\/\\\/diariodepe.com.br\\\/cri\\\/#organization\",\"name\":\"CRI e Diario de Pernambuco\",\"url\":\"https:\\\/\\\/diariodepe.com.br\\\/cri\\\/\",\"logo\":{\"@type\":\"ImageObject\",\"inLanguage\":\"pt-BR\",\"@id\":\"https:\\\/\\\/diariodepe.com.br\\\/cri\\\/#\\\/schema\\\/logo\\\/image\\\/\",\"url\":\"https:\\\/\\\/diariodepe.com.br\\\/cri\\\/wp-content\\\/uploads\\\/sites\\\/2\\\/2022\\\/12\\\/cropped-Logo.jpg\",\"contentUrl\":\"https:\\\/\\\/diariodepe.com.br\\\/cri\\\/wp-content\\\/uploads\\\/sites\\\/2\\\/2022\\\/12\\\/cropped-Logo.jpg\",\"width\":700,\"height\":59,\"caption\":\"CRI e Diario de Pernambuco\"},\"image\":{\"@id\":\"https:\\\/\\\/diariodepe.com.br\\\/cri\\\/#\\\/schema\\\/logo\\\/image\\\/\"}},{\"@type\":\"Person\",\"@id\":\"https:\\\/\\\/diariodepe.com.br\\\/cri\\\/#\\\/schema\\\/person\\\/121bb28d84f1a5b1205ef4ce9c2e0c6b\",\"name\":\"Ismael Lucas S. Pereira\",\"image\":{\"@type\":\"ImageObject\",\"inLanguage\":\"pt-BR\",\"@id\":\"https:\\\/\\\/secure.gravatar.com\\\/avatar\\\/887a0f3b5a7ceea963a48499fb883ffce6b5037362def025c52c2505b15d63e4?s=96&d=mm&r=g\",\"url\":\"https:\\\/\\\/secure.gravatar.com\\\/avatar\\\/887a0f3b5a7ceea963a48499fb883ffce6b5037362def025c52c2505b15d63e4?s=96&d=mm&r=g\",\"contentUrl\":\"https:\\\/\\\/secure.gravatar.com\\\/avatar\\\/887a0f3b5a7ceea963a48499fb883ffce6b5037362def025c52c2505b15d63e4?s=96&d=mm&r=g\",\"caption\":\"Ismael Lucas S. Pereira\"},\"url\":\"https:\\\/\\\/diariodepe.com.br\\\/cri\\\/author\\\/ismael-lucas\\\/\"}]}<\/script>\n<!-- \/ Yoast SEO plugin. -->","yoast_head_json":{"title":"Xi Jinping conversa com Kim Jong Un - CRI e Diario de Pernambuco","robots":{"index":"index","follow":"follow","max-snippet":"max-snippet:-1","max-image-preview":"max-image-preview:large","max-video-preview":"max-video-preview:-1"},"canonical":"https:\/\/diariodepe.com.br\/cri\/2025\/09\/04\/xi-jinping-conversa-com-kim-jong-un\/","og_locale":"pt_BR","og_type":"article","og_title":"Xi Jinping conversa com Kim Jong Un - CRI e Diario de Pernambuco","og_description":"O presidente chin\u00eas, Xi Jinping, reuniu-se\u00a0nesta quinta-feira no Grande Pal\u00e1cio do Povo, em Beijing, com Kim Jong\u00a0Un, secret\u00e1rio-geral do Partido dos Trabalhadores da Coreia (PTC) da Rep\u00fablica Popular Democr\u00e1tica da Coreia (RPDC) e presidente da Comiss\u00e3o de Assuntos de Estado,...","og_url":"https:\/\/diariodepe.com.br\/cri\/2025\/09\/04\/xi-jinping-conversa-com-kim-jong-un\/","og_site_name":"CRI e Diario de Pernambuco","article_published_time":"2025-09-05T02:59:10+00:00","og_image":[{"url":"https:\/\/38picres.cgtn.com\/photoAlbum\/page\/performance\/img\/2025\/9\/4\/1756991025439_183.jpeg","type":"","width":"","height":""}],"author":"Ismael Lucas S. Pereira","twitter_card":"summary_large_image","twitter_misc":{"Escrito por":"Ismael Lucas S. Pereira","Est. tempo de leitura":"4 minutos"},"schema":{"@context":"https:\/\/schema.org","@graph":[{"@type":"Article","@id":"https:\/\/diariodepe.com.br\/cri\/2025\/09\/04\/xi-jinping-conversa-com-kim-jong-un\/#article","isPartOf":{"@id":"https:\/\/diariodepe.com.br\/cri\/2025\/09\/04\/xi-jinping-conversa-com-kim-jong-un\/"},"author":{"name":"Ismael Lucas S. Pereira","@id":"https:\/\/diariodepe.com.br\/cri\/#\/schema\/person\/121bb28d84f1a5b1205ef4ce9c2e0c6b"},"headline":"Xi Jinping conversa com Kim Jong Un","datePublished":"2025-09-05T02:59:10+00:00","mainEntityOfPage":{"@id":"https:\/\/diariodepe.com.br\/cri\/2025\/09\/04\/xi-jinping-conversa-com-kim-jong-un\/"},"wordCount":550,"commentCount":0,"publisher":{"@id":"https:\/\/diariodepe.com.br\/cri\/#organization"},"image":{"@id":"https:\/\/diariodepe.com.br\/cri\/2025\/09\/04\/xi-jinping-conversa-com-kim-jong-un\/#primaryimage"},"thumbnailUrl":"https:\/\/38picres.cgtn.com\/photoAlbum\/page\/performance\/img\/2025\/9\/4\/1756991025439_183.jpeg","articleSection":["China","Destaques Capa"],"inLanguage":"pt-BR","potentialAction":[{"@type":"CommentAction","name":"Comment","target":["https:\/\/diariodepe.com.br\/cri\/2025\/09\/04\/xi-jinping-conversa-com-kim-jong-un\/#respond"]}]},{"@type":"WebPage","@id":"https:\/\/diariodepe.com.br\/cri\/2025\/09\/04\/xi-jinping-conversa-com-kim-jong-un\/","url":"https:\/\/diariodepe.com.br\/cri\/2025\/09\/04\/xi-jinping-conversa-com-kim-jong-un\/","name":"Xi Jinping conversa com Kim Jong Un - CRI e Diario de Pernambuco","isPartOf":{"@id":"https:\/\/diariodepe.com.br\/cri\/#website"},"primaryImageOfPage":{"@id":"https:\/\/diariodepe.com.br\/cri\/2025\/09\/04\/xi-jinping-conversa-com-kim-jong-un\/#primaryimage"},"image":{"@id":"https:\/\/diariodepe.com.br\/cri\/2025\/09\/04\/xi-jinping-conversa-com-kim-jong-un\/#primaryimage"},"thumbnailUrl":"https:\/\/38picres.cgtn.com\/photoAlbum\/page\/performance\/img\/2025\/9\/4\/1756991025439_183.jpeg","datePublished":"2025-09-05T02:59:10+00:00","breadcrumb":{"@id":"https:\/\/diariodepe.com.br\/cri\/2025\/09\/04\/xi-jinping-conversa-com-kim-jong-un\/#breadcrumb"},"inLanguage":"pt-BR","potentialAction":[{"@type":"ReadAction","target":["https:\/\/diariodepe.com.br\/cri\/2025\/09\/04\/xi-jinping-conversa-com-kim-jong-un\/"]}]},{"@type":"ImageObject","inLanguage":"pt-BR","@id":"https:\/\/diariodepe.com.br\/cri\/2025\/09\/04\/xi-jinping-conversa-com-kim-jong-un\/#primaryimage","url":"https:\/\/38picres.cgtn.com\/photoAlbum\/page\/performance\/img\/2025\/9\/4\/1756991025439_183.jpeg","contentUrl":"https:\/\/38picres.cgtn.com\/photoAlbum\/page\/performance\/img\/2025\/9\/4\/1756991025439_183.jpeg"},{"@type":"BreadcrumbList","@id":"https:\/\/diariodepe.com.br\/cri\/2025\/09\/04\/xi-jinping-conversa-com-kim-jong-un\/#breadcrumb","itemListElement":[{"@type":"ListItem","position":1,"name":"In\u00edcio","item":"https:\/\/diariodepe.com.br\/cri\/"},{"@type":"ListItem","position":2,"name":"Xi Jinping conversa com Kim Jong Un"}]},{"@type":"WebSite","@id":"https:\/\/diariodepe.com.br\/cri\/#website","url":"https:\/\/diariodepe.com.br\/cri\/","name":"CRI e Diario de Pernambuco","description":"R\u00e1dio Internacional da China","publisher":{"@id":"https:\/\/diariodepe.com.br\/cri\/#organization"},"potentialAction":[{"@type":"SearchAction","target":{"@type":"EntryPoint","urlTemplate":"https:\/\/diariodepe.com.br\/cri\/?s={search_term_string}"},"query-input":{"@type":"PropertyValueSpecification","valueRequired":true,"valueName":"search_term_string"}}],"inLanguage":"pt-BR"},{"@type":"Organization","@id":"https:\/\/diariodepe.com.br\/cri\/#organization","name":"CRI e Diario de Pernambuco","url":"https:\/\/diariodepe.com.br\/cri\/","logo":{"@type":"ImageObject","inLanguage":"pt-BR","@id":"https:\/\/diariodepe.com.br\/cri\/#\/schema\/logo\/image\/","url":"https:\/\/diariodepe.com.br\/cri\/wp-content\/uploads\/sites\/2\/2022\/12\/cropped-Logo.jpg","contentUrl":"https:\/\/diariodepe.com.br\/cri\/wp-content\/uploads\/sites\/2\/2022\/12\/cropped-Logo.jpg","width":700,"height":59,"caption":"CRI e Diario de Pernambuco"},"image":{"@id":"https:\/\/diariodepe.com.br\/cri\/#\/schema\/logo\/image\/"}},{"@type":"Person","@id":"https:\/\/diariodepe.com.br\/cri\/#\/schema\/person\/121bb28d84f1a5b1205ef4ce9c2e0c6b","name":"Ismael Lucas S. Pereira","image":{"@type":"ImageObject","inLanguage":"pt-BR","@id":"https:\/\/secure.gravatar.com\/avatar\/887a0f3b5a7ceea963a48499fb883ffce6b5037362def025c52c2505b15d63e4?s=96&d=mm&r=g","url":"https:\/\/secure.gravatar.com\/avatar\/887a0f3b5a7ceea963a48499fb883ffce6b5037362def025c52c2505b15d63e4?s=96&d=mm&r=g","contentUrl":"https:\/\/secure.gravatar.com\/avatar\/887a0f3b5a7ceea963a48499fb883ffce6b5037362def025c52c2505b15d63e4?s=96&d=mm&r=g","caption":"Ismael Lucas S. Pereira"},"url":"https:\/\/diariodepe.com.br\/cri\/author\/ismael-lucas\/"}]}},"cc_featured_image_caption":{"caption_text":false,"source_text":false,"source_url":false},"amp_enabled":true,"_links":{"self":[{"href":"https:\/\/diariodepe.com.br\/cri\/wp-json\/wp\/v2\/posts\/9289","targetHints":{"allow":["GET"]}}],"collection":[{"href":"https:\/\/diariodepe.com.br\/cri\/wp-json\/wp\/v2\/posts"}],"about":[{"href":"https:\/\/diariodepe.com.br\/cri\/wp-json\/wp\/v2\/types\/post"}],"author":[{"embeddable":true,"href":"https:\/\/diariodepe.com.br\/cri\/wp-json\/wp\/v2\/users\/2"}],"replies":[{"embeddable":true,"href":"https:\/\/diariodepe.com.br\/cri\/wp-json\/wp\/v2\/comments?post=9289"}],"version-history":[{"count":1,"href":"https:\/\/diariodepe.com.br\/cri\/wp-json\/wp\/v2\/posts\/9289\/revisions"}],"predecessor-version":[{"id":9290,"href":"https:\/\/diariodepe.com.br\/cri\/wp-json\/wp\/v2\/posts\/9289\/revisions\/9290"}],"wp:attachment":[{"href":"https:\/\/diariodepe.com.br\/cri\/wp-json\/wp\/v2\/media?parent=9289"}],"wp:term":[{"taxonomy":"category","embeddable":true,"href":"https:\/\/diariodepe.com.br\/cri\/wp-json\/wp\/v2\/categories?post=9289"},{"taxonomy":"post_tag","embeddable":true,"href":"https:\/\/diariodepe.com.br\/cri\/wp-json\/wp\/v2\/tags?post=9289"}],"curies":[{"name":"wp","href":"https:\/\/api.w.org\/{rel}","templated":true}]}}