{"id":9287,"date":"2025-09-04T23:55:27","date_gmt":"2025-09-05T02:55:27","guid":{"rendered":"https:\/\/diariodepe.com.br\/cri\/?p=9287"},"modified":"2025-09-04T23:55:27","modified_gmt":"2025-09-05T02:55:27","slug":"xi-jinping-se-encontra-com-presidente-da-servia","status":"publish","type":"post","link":"https:\/\/diariodepe.com.br\/cri\/2025\/09\/04\/xi-jinping-se-encontra-com-presidente-da-servia\/","title":{"rendered":"Xi Jinping se encontra com presidente da S\u00e9rvia"},"content":{"rendered":"<p>O presidente chin\u00eas, Xi Jinping, se encontrou na tarde desta quinta-feira (4) em Beijing com seu hom\u00f3logo\u00a0s\u00e9rvio, Aleksandar Vu\u010di\u0107, que est\u00e1 no pa\u00eds\u00a0para participar das comemora\u00e7\u00f5es do 80\u00ba anivers\u00e1rio da vit\u00f3ria da Guerra de Resist\u00eancia do Povo Chin\u00eas contra a Agress\u00e3o Japonesa e da Guerra Mundial Antifascista.<\/p>\n<p>Xi Jinping assinalou que a China e a S\u00e9rvia fizeram enormes sacrif\u00edcios e importantes contribui\u00e7\u00f5es para a vit\u00f3ria contra o fascismo nos campos de batalha asi\u00e1tico e europeu da Segunda Guerra Mundial. Na atual conjuntura internacional, cheia de turbul\u00eancias e complexidade, os dois pa\u00edses devem manter uma perspectiva hist\u00f3rica correta sobre aquele evento hist\u00f3rico e salvaguardar as conquistas vitoriosas da guerra antifascista. Al\u00e9m disso, devem continuar a fortalecer a coopera\u00e7\u00e3o multilateral, posicionar-se sempre do lado certo da hist\u00f3ria, resguardar firmemente seus pr\u00f3prios direitos e interesses, a equidade e a justi\u00e7a internacionais e defender firmemente os prop\u00f3sitos e princ\u00edpios da Carta da ONU.<\/p>\n<p>Xi Jinping pontuou que a S\u00e9rvia \u00e9 o primeiro pa\u00eds europeu a criar com a China uma comunidade de futuro compartilhado na nova era, o que demonstrou plenamente a natureza especial e o alto n\u00edvel do relacionamento bilateral. Como amiga fiel, a China apoia a S\u00e9rvia na salvaguarda de seus interesses nacionais e\u00a0de\u00a0estabilidade social, e na constru\u00e7\u00e3o de um caminho de desenvolvimento bem-sucedido que se adapte \u00e0s suas realidades.<\/p>\n<p>Aleksandar Vu\u010di\u0107, por sua vez, assinalou que a Iniciativa de Governan\u00e7a Global \u00e9 outra importante a\u00e7\u00e3o formulada por Xi Jinping com base em uma an\u00e1lise profunda da atual situa\u00e7\u00e3o internacional. Seus princ\u00edpios, como a defesa da igualdade soberana e a abordagem centrada nas pessoas, s\u00e3o de grande import\u00e2ncia para a reforma e o aprimoramento do sistema de governan\u00e7a global. S\u00e9rvia e China s\u00e3o amigas fortes. A S\u00e9rvia jamais esquecer\u00e1 o valioso apoio e a assist\u00eancia prestados pela China durante os tempos dif\u00edceis e continuar\u00e1 a apoi\u00e1-la firmemente em todas as quest\u00f5es relacionadas a seus interesses essenciais.<\/p>\n<p>&nbsp;<\/p>\n","protected":false},"excerpt":{"rendered":"<p>O presidente chin\u00eas, Xi Jinping, se encontrou na tarde desta quinta-feira (4) em Beijing com seu hom\u00f3logo\u00a0s\u00e9rvio, Aleksandar Vu\u010di\u0107, que est\u00e1 no pa\u00eds\u00a0para participar das comemora\u00e7\u00f5es do 80\u00ba anivers\u00e1rio da vit\u00f3ria da Guerra de Resist\u00eancia do Povo Chin\u00eas contra a&#8230;<\/p>\n","protected":false},"author":2,"featured_media":0,"comment_status":"open","ping_status":"open","sticky":false,"template":"","format":"standard","meta":{"footnotes":""},"categories":[3],"tags":[],"class_list":["post-9287","post","type-post","status-publish","format-standard","hentry","category-china"],"yoast_head":"<!-- This site is optimized with the Yoast SEO plugin v27.4 - https:\/\/yoast.com\/product\/yoast-seo-wordpress\/ -->\n<title>Xi Jinping se encontra com presidente da S\u00e9rvia - CRI e Diario de Pernambuco<\/title>\n<meta name=\"robots\" content=\"index, follow, max-snippet:-1, max-image-preview:large, max-video-preview:-1\" \/>\n<link rel=\"canonical\" href=\"https:\/\/diariodepe.com.br\/cri\/2025\/09\/04\/xi-jinping-se-encontra-com-presidente-da-servia\/\" \/>\n<meta property=\"og:locale\" content=\"pt_BR\" \/>\n<meta property=\"og:type\" content=\"article\" \/>\n<meta property=\"og:title\" content=\"Xi Jinping se encontra com presidente da S\u00e9rvia - CRI e Diario de Pernambuco\" \/>\n<meta property=\"og:description\" content=\"O presidente chin\u00eas, Xi Jinping, se encontrou na tarde desta quinta-feira (4) em Beijing com seu hom\u00f3logo\u00a0s\u00e9rvio, Aleksandar Vu\u010di\u0107, que est\u00e1 no pa\u00eds\u00a0para participar das comemora\u00e7\u00f5es do 80\u00ba anivers\u00e1rio da vit\u00f3ria da Guerra de Resist\u00eancia do Povo Chin\u00eas contra a...\" \/>\n<meta property=\"og:url\" content=\"https:\/\/diariodepe.com.br\/cri\/2025\/09\/04\/xi-jinping-se-encontra-com-presidente-da-servia\/\" \/>\n<meta property=\"og:site_name\" content=\"CRI e Diario de Pernambuco\" \/>\n<meta property=\"article:published_time\" content=\"2025-09-05T02:55:27+00:00\" \/>\n<meta name=\"author\" content=\"Ismael Lucas S. Pereira\" \/>\n<meta name=\"twitter:card\" content=\"summary_large_image\" \/>\n<meta name=\"twitter:label1\" content=\"Escrito por\" \/>\n\t<meta name=\"twitter:data1\" content=\"Ismael Lucas S. Pereira\" \/>\n\t<meta name=\"twitter:label2\" content=\"Est. tempo de leitura\" \/>\n\t<meta name=\"twitter:data2\" content=\"2 minutos\" \/>\n<script type=\"application\/ld+json\" class=\"yoast-schema-graph\">{\"@context\":\"https:\\\/\\\/schema.org\",\"@graph\":[{\"@type\":\"Article\",\"@id\":\"https:\\\/\\\/diariodepe.com.br\\\/cri\\\/2025\\\/09\\\/04\\\/xi-jinping-se-encontra-com-presidente-da-servia\\\/#article\",\"isPartOf\":{\"@id\":\"https:\\\/\\\/diariodepe.com.br\\\/cri\\\/2025\\\/09\\\/04\\\/xi-jinping-se-encontra-com-presidente-da-servia\\\/\"},\"author\":{\"name\":\"Ismael Lucas S. Pereira\",\"@id\":\"https:\\\/\\\/diariodepe.com.br\\\/cri\\\/#\\\/schema\\\/person\\\/121bb28d84f1a5b1205ef4ce9c2e0c6b\"},\"headline\":\"Xi Jinping se encontra com presidente da S\u00e9rvia\",\"datePublished\":\"2025-09-05T02:55:27+00:00\",\"mainEntityOfPage\":{\"@id\":\"https:\\\/\\\/diariodepe.com.br\\\/cri\\\/2025\\\/09\\\/04\\\/xi-jinping-se-encontra-com-presidente-da-servia\\\/\"},\"wordCount\":372,\"commentCount\":0,\"publisher\":{\"@id\":\"https:\\\/\\\/diariodepe.com.br\\\/cri\\\/#organization\"},\"articleSection\":[\"China\"],\"inLanguage\":\"pt-BR\",\"potentialAction\":[{\"@type\":\"CommentAction\",\"name\":\"Comment\",\"target\":[\"https:\\\/\\\/diariodepe.com.br\\\/cri\\\/2025\\\/09\\\/04\\\/xi-jinping-se-encontra-com-presidente-da-servia\\\/#respond\"]}]},{\"@type\":\"WebPage\",\"@id\":\"https:\\\/\\\/diariodepe.com.br\\\/cri\\\/2025\\\/09\\\/04\\\/xi-jinping-se-encontra-com-presidente-da-servia\\\/\",\"url\":\"https:\\\/\\\/diariodepe.com.br\\\/cri\\\/2025\\\/09\\\/04\\\/xi-jinping-se-encontra-com-presidente-da-servia\\\/\",\"name\":\"Xi Jinping se encontra com presidente da S\u00e9rvia - CRI e Diario de Pernambuco\",\"isPartOf\":{\"@id\":\"https:\\\/\\\/diariodepe.com.br\\\/cri\\\/#website\"},\"datePublished\":\"2025-09-05T02:55:27+00:00\",\"breadcrumb\":{\"@id\":\"https:\\\/\\\/diariodepe.com.br\\\/cri\\\/2025\\\/09\\\/04\\\/xi-jinping-se-encontra-com-presidente-da-servia\\\/#breadcrumb\"},\"inLanguage\":\"pt-BR\",\"potentialAction\":[{\"@type\":\"ReadAction\",\"target\":[\"https:\\\/\\\/diariodepe.com.br\\\/cri\\\/2025\\\/09\\\/04\\\/xi-jinping-se-encontra-com-presidente-da-servia\\\/\"]}]},{\"@type\":\"BreadcrumbList\",\"@id\":\"https:\\\/\\\/diariodepe.com.br\\\/cri\\\/2025\\\/09\\\/04\\\/xi-jinping-se-encontra-com-presidente-da-servia\\\/#breadcrumb\",\"itemListElement\":[{\"@type\":\"ListItem\",\"position\":1,\"name\":\"In\u00edcio\",\"item\":\"https:\\\/\\\/diariodepe.com.br\\\/cri\\\/\"},{\"@type\":\"ListItem\",\"position\":2,\"name\":\"Xi Jinping se encontra com presidente da S\u00e9rvia\"}]},{\"@type\":\"WebSite\",\"@id\":\"https:\\\/\\\/diariodepe.com.br\\\/cri\\\/#website\",\"url\":\"https:\\\/\\\/diariodepe.com.br\\\/cri\\\/\",\"name\":\"CRI e Diario de Pernambuco\",\"description\":\"R\u00e1dio Internacional da China\",\"publisher\":{\"@id\":\"https:\\\/\\\/diariodepe.com.br\\\/cri\\\/#organization\"},\"potentialAction\":[{\"@type\":\"SearchAction\",\"target\":{\"@type\":\"EntryPoint\",\"urlTemplate\":\"https:\\\/\\\/diariodepe.com.br\\\/cri\\\/?s={search_term_string}\"},\"query-input\":{\"@type\":\"PropertyValueSpecification\",\"valueRequired\":true,\"valueName\":\"search_term_string\"}}],\"inLanguage\":\"pt-BR\"},{\"@type\":\"Organization\",\"@id\":\"https:\\\/\\\/diariodepe.com.br\\\/cri\\\/#organization\",\"name\":\"CRI e Diario de Pernambuco\",\"url\":\"https:\\\/\\\/diariodepe.com.br\\\/cri\\\/\",\"logo\":{\"@type\":\"ImageObject\",\"inLanguage\":\"pt-BR\",\"@id\":\"https:\\\/\\\/diariodepe.com.br\\\/cri\\\/#\\\/schema\\\/logo\\\/image\\\/\",\"url\":\"https:\\\/\\\/diariodepe.com.br\\\/cri\\\/wp-content\\\/uploads\\\/sites\\\/2\\\/2022\\\/12\\\/cropped-Logo.jpg\",\"contentUrl\":\"https:\\\/\\\/diariodepe.com.br\\\/cri\\\/wp-content\\\/uploads\\\/sites\\\/2\\\/2022\\\/12\\\/cropped-Logo.jpg\",\"width\":700,\"height\":59,\"caption\":\"CRI e Diario de Pernambuco\"},\"image\":{\"@id\":\"https:\\\/\\\/diariodepe.com.br\\\/cri\\\/#\\\/schema\\\/logo\\\/image\\\/\"}},{\"@type\":\"Person\",\"@id\":\"https:\\\/\\\/diariodepe.com.br\\\/cri\\\/#\\\/schema\\\/person\\\/121bb28d84f1a5b1205ef4ce9c2e0c6b\",\"name\":\"Ismael Lucas S. Pereira\",\"image\":{\"@type\":\"ImageObject\",\"inLanguage\":\"pt-BR\",\"@id\":\"https:\\\/\\\/secure.gravatar.com\\\/avatar\\\/887a0f3b5a7ceea963a48499fb883ffce6b5037362def025c52c2505b15d63e4?s=96&d=mm&r=g\",\"url\":\"https:\\\/\\\/secure.gravatar.com\\\/avatar\\\/887a0f3b5a7ceea963a48499fb883ffce6b5037362def025c52c2505b15d63e4?s=96&d=mm&r=g\",\"contentUrl\":\"https:\\\/\\\/secure.gravatar.com\\\/avatar\\\/887a0f3b5a7ceea963a48499fb883ffce6b5037362def025c52c2505b15d63e4?s=96&d=mm&r=g\",\"caption\":\"Ismael Lucas S. Pereira\"},\"url\":\"https:\\\/\\\/diariodepe.com.br\\\/cri\\\/author\\\/ismael-lucas\\\/\"}]}<\/script>\n<!-- \/ Yoast SEO plugin. -->","yoast_head_json":{"title":"Xi Jinping se encontra com presidente da S\u00e9rvia - CRI e Diario de Pernambuco","robots":{"index":"index","follow":"follow","max-snippet":"max-snippet:-1","max-image-preview":"max-image-preview:large","max-video-preview":"max-video-preview:-1"},"canonical":"https:\/\/diariodepe.com.br\/cri\/2025\/09\/04\/xi-jinping-se-encontra-com-presidente-da-servia\/","og_locale":"pt_BR","og_type":"article","og_title":"Xi Jinping se encontra com presidente da S\u00e9rvia - CRI e Diario de Pernambuco","og_description":"O presidente chin\u00eas, Xi Jinping, se encontrou na tarde desta quinta-feira (4) em Beijing com seu hom\u00f3logo\u00a0s\u00e9rvio, Aleksandar Vu\u010di\u0107, que est\u00e1 no pa\u00eds\u00a0para participar das comemora\u00e7\u00f5es do 80\u00ba anivers\u00e1rio da vit\u00f3ria da Guerra de Resist\u00eancia do Povo Chin\u00eas contra a...","og_url":"https:\/\/diariodepe.com.br\/cri\/2025\/09\/04\/xi-jinping-se-encontra-com-presidente-da-servia\/","og_site_name":"CRI e Diario de Pernambuco","article_published_time":"2025-09-05T02:55:27+00:00","author":"Ismael Lucas S. Pereira","twitter_card":"summary_large_image","twitter_misc":{"Escrito por":"Ismael Lucas S. Pereira","Est. tempo de leitura":"2 minutos"},"schema":{"@context":"https:\/\/schema.org","@graph":[{"@type":"Article","@id":"https:\/\/diariodepe.com.br\/cri\/2025\/09\/04\/xi-jinping-se-encontra-com-presidente-da-servia\/#article","isPartOf":{"@id":"https:\/\/diariodepe.com.br\/cri\/2025\/09\/04\/xi-jinping-se-encontra-com-presidente-da-servia\/"},"author":{"name":"Ismael Lucas S. Pereira","@id":"https:\/\/diariodepe.com.br\/cri\/#\/schema\/person\/121bb28d84f1a5b1205ef4ce9c2e0c6b"},"headline":"Xi Jinping se encontra com presidente da S\u00e9rvia","datePublished":"2025-09-05T02:55:27+00:00","mainEntityOfPage":{"@id":"https:\/\/diariodepe.com.br\/cri\/2025\/09\/04\/xi-jinping-se-encontra-com-presidente-da-servia\/"},"wordCount":372,"commentCount":0,"publisher":{"@id":"https:\/\/diariodepe.com.br\/cri\/#organization"},"articleSection":["China"],"inLanguage":"pt-BR","potentialAction":[{"@type":"CommentAction","name":"Comment","target":["https:\/\/diariodepe.com.br\/cri\/2025\/09\/04\/xi-jinping-se-encontra-com-presidente-da-servia\/#respond"]}]},{"@type":"WebPage","@id":"https:\/\/diariodepe.com.br\/cri\/2025\/09\/04\/xi-jinping-se-encontra-com-presidente-da-servia\/","url":"https:\/\/diariodepe.com.br\/cri\/2025\/09\/04\/xi-jinping-se-encontra-com-presidente-da-servia\/","name":"Xi Jinping se encontra com presidente da S\u00e9rvia - CRI e Diario de Pernambuco","isPartOf":{"@id":"https:\/\/diariodepe.com.br\/cri\/#website"},"datePublished":"2025-09-05T02:55:27+00:00","breadcrumb":{"@id":"https:\/\/diariodepe.com.br\/cri\/2025\/09\/04\/xi-jinping-se-encontra-com-presidente-da-servia\/#breadcrumb"},"inLanguage":"pt-BR","potentialAction":[{"@type":"ReadAction","target":["https:\/\/diariodepe.com.br\/cri\/2025\/09\/04\/xi-jinping-se-encontra-com-presidente-da-servia\/"]}]},{"@type":"BreadcrumbList","@id":"https:\/\/diariodepe.com.br\/cri\/2025\/09\/04\/xi-jinping-se-encontra-com-presidente-da-servia\/#breadcrumb","itemListElement":[{"@type":"ListItem","position":1,"name":"In\u00edcio","item":"https:\/\/diariodepe.com.br\/cri\/"},{"@type":"ListItem","position":2,"name":"Xi Jinping se encontra com presidente da S\u00e9rvia"}]},{"@type":"WebSite","@id":"https:\/\/diariodepe.com.br\/cri\/#website","url":"https:\/\/diariodepe.com.br\/cri\/","name":"CRI e Diario de Pernambuco","description":"R\u00e1dio Internacional da China","publisher":{"@id":"https:\/\/diariodepe.com.br\/cri\/#organization"},"potentialAction":[{"@type":"SearchAction","target":{"@type":"EntryPoint","urlTemplate":"https:\/\/diariodepe.com.br\/cri\/?s={search_term_string}"},"query-input":{"@type":"PropertyValueSpecification","valueRequired":true,"valueName":"search_term_string"}}],"inLanguage":"pt-BR"},{"@type":"Organization","@id":"https:\/\/diariodepe.com.br\/cri\/#organization","name":"CRI e Diario de Pernambuco","url":"https:\/\/diariodepe.com.br\/cri\/","logo":{"@type":"ImageObject","inLanguage":"pt-BR","@id":"https:\/\/diariodepe.com.br\/cri\/#\/schema\/logo\/image\/","url":"https:\/\/diariodepe.com.br\/cri\/wp-content\/uploads\/sites\/2\/2022\/12\/cropped-Logo.jpg","contentUrl":"https:\/\/diariodepe.com.br\/cri\/wp-content\/uploads\/sites\/2\/2022\/12\/cropped-Logo.jpg","width":700,"height":59,"caption":"CRI e Diario de Pernambuco"},"image":{"@id":"https:\/\/diariodepe.com.br\/cri\/#\/schema\/logo\/image\/"}},{"@type":"Person","@id":"https:\/\/diariodepe.com.br\/cri\/#\/schema\/person\/121bb28d84f1a5b1205ef4ce9c2e0c6b","name":"Ismael Lucas S. Pereira","image":{"@type":"ImageObject","inLanguage":"pt-BR","@id":"https:\/\/secure.gravatar.com\/avatar\/887a0f3b5a7ceea963a48499fb883ffce6b5037362def025c52c2505b15d63e4?s=96&d=mm&r=g","url":"https:\/\/secure.gravatar.com\/avatar\/887a0f3b5a7ceea963a48499fb883ffce6b5037362def025c52c2505b15d63e4?s=96&d=mm&r=g","contentUrl":"https:\/\/secure.gravatar.com\/avatar\/887a0f3b5a7ceea963a48499fb883ffce6b5037362def025c52c2505b15d63e4?s=96&d=mm&r=g","caption":"Ismael Lucas S. Pereira"},"url":"https:\/\/diariodepe.com.br\/cri\/author\/ismael-lucas\/"}]}},"cc_featured_image_caption":{"caption_text":false,"source_text":false,"source_url":false},"amp_enabled":true,"_links":{"self":[{"href":"https:\/\/diariodepe.com.br\/cri\/wp-json\/wp\/v2\/posts\/9287","targetHints":{"allow":["GET"]}}],"collection":[{"href":"https:\/\/diariodepe.com.br\/cri\/wp-json\/wp\/v2\/posts"}],"about":[{"href":"https:\/\/diariodepe.com.br\/cri\/wp-json\/wp\/v2\/types\/post"}],"author":[{"embeddable":true,"href":"https:\/\/diariodepe.com.br\/cri\/wp-json\/wp\/v2\/users\/2"}],"replies":[{"embeddable":true,"href":"https:\/\/diariodepe.com.br\/cri\/wp-json\/wp\/v2\/comments?post=9287"}],"version-history":[{"count":1,"href":"https:\/\/diariodepe.com.br\/cri\/wp-json\/wp\/v2\/posts\/9287\/revisions"}],"predecessor-version":[{"id":9288,"href":"https:\/\/diariodepe.com.br\/cri\/wp-json\/wp\/v2\/posts\/9287\/revisions\/9288"}],"wp:attachment":[{"href":"https:\/\/diariodepe.com.br\/cri\/wp-json\/wp\/v2\/media?parent=9287"}],"wp:term":[{"taxonomy":"category","embeddable":true,"href":"https:\/\/diariodepe.com.br\/cri\/wp-json\/wp\/v2\/categories?post=9287"},{"taxonomy":"post_tag","embeddable":true,"href":"https:\/\/diariodepe.com.br\/cri\/wp-json\/wp\/v2\/tags?post=9287"}],"curies":[{"name":"wp","href":"https:\/\/api.w.org\/{rel}","templated":true}]}}