{"id":9285,"date":"2025-09-04T23:54:05","date_gmt":"2025-09-05T02:54:05","guid":{"rendered":"https:\/\/diariodepe.com.br\/cri\/?p=9285"},"modified":"2025-09-04T23:54:05","modified_gmt":"2025-09-05T02:54:05","slug":"transmissao-ao-vivo-do-cmg-da-cerimonia-comemorativa-do-80o-aniversario-da-vitoria-da-resistencia-do-povo-chines-contra-a-agressao-japonesa-e-da-vitoria-da-guerra-antifascista-mundial-estabelece-recor","status":"publish","type":"post","link":"https:\/\/diariodepe.com.br\/cri\/2025\/09\/04\/transmissao-ao-vivo-do-cmg-da-cerimonia-comemorativa-do-80o-aniversario-da-vitoria-da-resistencia-do-povo-chines-contra-a-agressao-japonesa-e-da-vitoria-da-guerra-antifascista-mundial-estabelece-recor\/","title":{"rendered":"Transmiss\u00e3o ao vivo do CMG da cerim\u00f4nia comemorativa do 80\u00ba anivers\u00e1rio da vit\u00f3ria da Resist\u00eancia do Povo Chin\u00eas contra a Agress\u00e3o Japonesa e da vit\u00f3ria da Guerra Antifascista Mundial estabelece recorde global de alcance"},"content":{"rendered":"<p align=\"left\">Na manh\u00e3 de ontem (3), hor\u00e1rio local, foi realizada na Pra\u00e7a Tiananmen, em Beijing, a cerim\u00f4nia de comemora\u00e7\u00e3o do 80\u00ba anivers\u00e1rio da vit\u00f3ria da Resist\u00eancia do Povo Chin\u00eas contra a Agress\u00e3o Japonesa e da vit\u00f3ria da Guerra Antifascista Mundial. O secret\u00e1rio-geral do Comit\u00ea Central do Partido Comunista da China (PCCh), presidente da Rep\u00fablica Popular da China e da Comiss\u00e3o Militar Central, Xi Jinping, proferiu um importante discurso e inspecionou as tropas.<\/p>\n<p align=\"left\">O Grupo de M\u00eddia da China (CMG, na sigla em ingl\u00eas) utilizou-se integralmente de sua capacidade de difus\u00e3o em 85 idiomas para apresentar de forma abrangente a grandiosidade da cerim\u00f4nia e do desfile militar, gerando ampla repercuss\u00e3o e forte resson\u00e2ncia internacional.<\/p>\n<p><img decoding=\"async\" class=\"aligncenter\" src=\"https:\/\/38picres.cgtn.com\/photoAlbum\/page\/performance\/img\/2025\/9\/4\/1756986618150_362.jpg\" \/><\/p>\n<p><img decoding=\"async\" class=\"aligncenter\" src=\"https:\/\/38picres.cgtn.com\/photoAlbum\/page\/performance\/img\/2025\/9\/4\/1756986618113_474.jpg\" \/><\/p>\n<p><img decoding=\"async\" class=\"aligncenter\" src=\"https:\/\/38picres.cgtn.com\/photoAlbum\/page\/performance\/img\/2025\/9\/4\/1756986618051_212.jpg\" \/><\/p>\n<p><img decoding=\"async\" class=\"aligncenter\" src=\"https:\/\/38picres.cgtn.com\/photoAlbum\/page\/performance\/img\/2025\/9\/4\/1756986617898_233.jpg\" \/><\/p>\n<p><img decoding=\"async\" class=\"aligncenter\" src=\"https:\/\/38picres.cgtn.com\/photoAlbum\/page\/performance\/img\/2025\/9\/4\/1756986618179_869.jpg\" \/><\/p>\n<p align=\"left\">At\u00e9 as 6h do dia 4 de setembro, o total de transmiss\u00f5es ao vivo, reprises e visualiza\u00e7\u00f5es sob demanda, em todos os canais de m\u00eddia, havia atingido 29.621 bilh\u00f5es de acessos. Somente na manh\u00e3 do dia 3, a audi\u00eancia em tempo real chegou a 16.755 bilh\u00f5es de acessos, com a transmiss\u00e3o televisiva alcan\u00e7ando uma participa\u00e7\u00e3o de 92,61%, estabelecendo um novo recorde hist\u00f3rico.<\/p>\n<p align=\"left\">O sinal ao vivo e os v\u00eddeos de not\u00edcias do CMG foram utilizados e transmitidos por 2.016 ve\u00edculos de comunica\u00e7\u00e3o internacionais em 129 pa\u00edses e regi\u00f5es. As reportagens multil\u00edngues alcan\u00e7aram 1,6 bilh\u00e3o de leituras globais, e, em coopera\u00e7\u00e3o com 7.703 ve\u00edculos de m\u00eddia estrangeiros, foram realizadas quase 40 mil republica\u00e7\u00f5es. Diversos indicadores centrais de difus\u00e3o registraram um crescimento expressivo.<\/p>\n<p align=\"left\">As reportagens especiais e programas de destaque produzidos pelo CMG em torno do tema \u201cComemora\u00e7\u00f5es do 80\u00ba Anivers\u00e1rio da Vit\u00f3ria da Guerra de Resist\u00eancia do Povo Chin\u00eas contra a Agress\u00e3o Japonesa e da Segunda Guerra Antifascista Mundial\u201d obtiveram um total de 27.291 bilh\u00f5es de leituras e visualiza\u00e7\u00f5es em m\u00faltiplas plataformas digitais e tradicionais.<\/p>\n","protected":false},"excerpt":{"rendered":"<p>Na manh\u00e3 de ontem (3), hor\u00e1rio local, foi realizada na Pra\u00e7a Tiananmen, em Beijing, a cerim\u00f4nia de comemora\u00e7\u00e3o do 80\u00ba anivers\u00e1rio da vit\u00f3ria da Resist\u00eancia do Povo Chin\u00eas contra a Agress\u00e3o Japonesa e da vit\u00f3ria da Guerra Antifascista Mundial. O&#8230;<\/p>\n","protected":false},"author":2,"featured_media":0,"comment_status":"open","ping_status":"open","sticky":false,"template":"","format":"standard","meta":{"footnotes":""},"categories":[3],"tags":[],"class_list":["post-9285","post","type-post","status-publish","format-standard","hentry","category-china"],"yoast_head":"<!-- This site is optimized with the Yoast SEO plugin v27.4 - https:\/\/yoast.com\/product\/yoast-seo-wordpress\/ -->\n<title>Transmiss\u00e3o ao vivo do CMG da cerim\u00f4nia comemorativa do 80\u00ba anivers\u00e1rio da vit\u00f3ria da Resist\u00eancia do Povo Chin\u00eas contra a Agress\u00e3o Japonesa e da vit\u00f3ria da Guerra Antifascista Mundial estabelece recorde global de alcance - CRI e Diario de Pernambuco<\/title>\n<meta name=\"robots\" content=\"index, follow, max-snippet:-1, max-image-preview:large, max-video-preview:-1\" \/>\n<link rel=\"canonical\" href=\"https:\/\/diariodepe.com.br\/cri\/2025\/09\/04\/transmissao-ao-vivo-do-cmg-da-cerimonia-comemorativa-do-80o-aniversario-da-vitoria-da-resistencia-do-povo-chines-contra-a-agressao-japonesa-e-da-vitoria-da-guerra-antifascista-mundial-estabelece-recor\/\" \/>\n<meta property=\"og:locale\" content=\"pt_BR\" \/>\n<meta property=\"og:type\" content=\"article\" \/>\n<meta property=\"og:title\" content=\"Transmiss\u00e3o ao vivo do CMG da cerim\u00f4nia comemorativa do 80\u00ba anivers\u00e1rio da vit\u00f3ria da Resist\u00eancia do Povo Chin\u00eas contra a Agress\u00e3o Japonesa e da vit\u00f3ria da Guerra Antifascista Mundial estabelece recorde global de alcance - CRI e Diario de Pernambuco\" \/>\n<meta property=\"og:description\" content=\"Na manh\u00e3 de ontem (3), hor\u00e1rio local, foi realizada na Pra\u00e7a Tiananmen, em Beijing, a cerim\u00f4nia de comemora\u00e7\u00e3o do 80\u00ba anivers\u00e1rio da vit\u00f3ria da Resist\u00eancia do Povo Chin\u00eas contra a Agress\u00e3o Japonesa e da vit\u00f3ria da Guerra Antifascista Mundial. O...\" \/>\n<meta property=\"og:url\" content=\"https:\/\/diariodepe.com.br\/cri\/2025\/09\/04\/transmissao-ao-vivo-do-cmg-da-cerimonia-comemorativa-do-80o-aniversario-da-vitoria-da-resistencia-do-povo-chines-contra-a-agressao-japonesa-e-da-vitoria-da-guerra-antifascista-mundial-estabelece-recor\/\" \/>\n<meta property=\"og:site_name\" content=\"CRI e Diario de Pernambuco\" \/>\n<meta property=\"article:published_time\" content=\"2025-09-05T02:54:05+00:00\" \/>\n<meta property=\"og:image\" content=\"https:\/\/38picres.cgtn.com\/photoAlbum\/page\/performance\/img\/2025\/9\/4\/1756986618150_362.jpg\" \/>\n<meta name=\"author\" content=\"Ismael Lucas S. Pereira\" \/>\n<meta name=\"twitter:card\" content=\"summary_large_image\" \/>\n<meta name=\"twitter:label1\" content=\"Escrito por\" \/>\n\t<meta name=\"twitter:data1\" content=\"Ismael Lucas S. Pereira\" \/>\n\t<meta name=\"twitter:label2\" content=\"Est. tempo de leitura\" \/>\n\t<meta name=\"twitter:data2\" content=\"3 minutos\" \/>\n<script type=\"application\/ld+json\" class=\"yoast-schema-graph\">{\"@context\":\"https:\\\/\\\/schema.org\",\"@graph\":[{\"@type\":\"Article\",\"@id\":\"https:\\\/\\\/diariodepe.com.br\\\/cri\\\/2025\\\/09\\\/04\\\/transmissao-ao-vivo-do-cmg-da-cerimonia-comemorativa-do-80o-aniversario-da-vitoria-da-resistencia-do-povo-chines-contra-a-agressao-japonesa-e-da-vitoria-da-guerra-antifascista-mundial-estabelece-recor\\\/#article\",\"isPartOf\":{\"@id\":\"https:\\\/\\\/diariodepe.com.br\\\/cri\\\/2025\\\/09\\\/04\\\/transmissao-ao-vivo-do-cmg-da-cerimonia-comemorativa-do-80o-aniversario-da-vitoria-da-resistencia-do-povo-chines-contra-a-agressao-japonesa-e-da-vitoria-da-guerra-antifascista-mundial-estabelece-recor\\\/\"},\"author\":{\"name\":\"Ismael Lucas S. Pereira\",\"@id\":\"https:\\\/\\\/diariodepe.com.br\\\/cri\\\/#\\\/schema\\\/person\\\/121bb28d84f1a5b1205ef4ce9c2e0c6b\"},\"headline\":\"Transmiss\u00e3o ao vivo do CMG da cerim\u00f4nia comemorativa do 80\u00ba anivers\u00e1rio da vit\u00f3ria da Resist\u00eancia do Povo Chin\u00eas contra a Agress\u00e3o Japonesa e da vit\u00f3ria da Guerra Antifascista Mundial estabelece recorde global de alcance\",\"datePublished\":\"2025-09-05T02:54:05+00:00\",\"mainEntityOfPage\":{\"@id\":\"https:\\\/\\\/diariodepe.com.br\\\/cri\\\/2025\\\/09\\\/04\\\/transmissao-ao-vivo-do-cmg-da-cerimonia-comemorativa-do-80o-aniversario-da-vitoria-da-resistencia-do-povo-chines-contra-a-agressao-japonesa-e-da-vitoria-da-guerra-antifascista-mundial-estabelece-recor\\\/\"},\"wordCount\":364,\"commentCount\":0,\"publisher\":{\"@id\":\"https:\\\/\\\/diariodepe.com.br\\\/cri\\\/#organization\"},\"image\":{\"@id\":\"https:\\\/\\\/diariodepe.com.br\\\/cri\\\/2025\\\/09\\\/04\\\/transmissao-ao-vivo-do-cmg-da-cerimonia-comemorativa-do-80o-aniversario-da-vitoria-da-resistencia-do-povo-chines-contra-a-agressao-japonesa-e-da-vitoria-da-guerra-antifascista-mundial-estabelece-recor\\\/#primaryimage\"},\"thumbnailUrl\":\"https:\\\/\\\/38picres.cgtn.com\\\/photoAlbum\\\/page\\\/performance\\\/img\\\/2025\\\/9\\\/4\\\/1756986618150_362.jpg\",\"articleSection\":[\"China\"],\"inLanguage\":\"pt-BR\",\"potentialAction\":[{\"@type\":\"CommentAction\",\"name\":\"Comment\",\"target\":[\"https:\\\/\\\/diariodepe.com.br\\\/cri\\\/2025\\\/09\\\/04\\\/transmissao-ao-vivo-do-cmg-da-cerimonia-comemorativa-do-80o-aniversario-da-vitoria-da-resistencia-do-povo-chines-contra-a-agressao-japonesa-e-da-vitoria-da-guerra-antifascista-mundial-estabelece-recor\\\/#respond\"]}]},{\"@type\":\"WebPage\",\"@id\":\"https:\\\/\\\/diariodepe.com.br\\\/cri\\\/2025\\\/09\\\/04\\\/transmissao-ao-vivo-do-cmg-da-cerimonia-comemorativa-do-80o-aniversario-da-vitoria-da-resistencia-do-povo-chines-contra-a-agressao-japonesa-e-da-vitoria-da-guerra-antifascista-mundial-estabelece-recor\\\/\",\"url\":\"https:\\\/\\\/diariodepe.com.br\\\/cri\\\/2025\\\/09\\\/04\\\/transmissao-ao-vivo-do-cmg-da-cerimonia-comemorativa-do-80o-aniversario-da-vitoria-da-resistencia-do-povo-chines-contra-a-agressao-japonesa-e-da-vitoria-da-guerra-antifascista-mundial-estabelece-recor\\\/\",\"name\":\"Transmiss\u00e3o ao vivo do CMG da cerim\u00f4nia comemorativa do 80\u00ba anivers\u00e1rio da vit\u00f3ria da Resist\u00eancia do Povo Chin\u00eas contra a Agress\u00e3o Japonesa e da vit\u00f3ria da Guerra Antifascista Mundial estabelece recorde global de alcance - CRI e Diario de Pernambuco\",\"isPartOf\":{\"@id\":\"https:\\\/\\\/diariodepe.com.br\\\/cri\\\/#website\"},\"primaryImageOfPage\":{\"@id\":\"https:\\\/\\\/diariodepe.com.br\\\/cri\\\/2025\\\/09\\\/04\\\/transmissao-ao-vivo-do-cmg-da-cerimonia-comemorativa-do-80o-aniversario-da-vitoria-da-resistencia-do-povo-chines-contra-a-agressao-japonesa-e-da-vitoria-da-guerra-antifascista-mundial-estabelece-recor\\\/#primaryimage\"},\"image\":{\"@id\":\"https:\\\/\\\/diariodepe.com.br\\\/cri\\\/2025\\\/09\\\/04\\\/transmissao-ao-vivo-do-cmg-da-cerimonia-comemorativa-do-80o-aniversario-da-vitoria-da-resistencia-do-povo-chines-contra-a-agressao-japonesa-e-da-vitoria-da-guerra-antifascista-mundial-estabelece-recor\\\/#primaryimage\"},\"thumbnailUrl\":\"https:\\\/\\\/38picres.cgtn.com\\\/photoAlbum\\\/page\\\/performance\\\/img\\\/2025\\\/9\\\/4\\\/1756986618150_362.jpg\",\"datePublished\":\"2025-09-05T02:54:05+00:00\",\"breadcrumb\":{\"@id\":\"https:\\\/\\\/diariodepe.com.br\\\/cri\\\/2025\\\/09\\\/04\\\/transmissao-ao-vivo-do-cmg-da-cerimonia-comemorativa-do-80o-aniversario-da-vitoria-da-resistencia-do-povo-chines-contra-a-agressao-japonesa-e-da-vitoria-da-guerra-antifascista-mundial-estabelece-recor\\\/#breadcrumb\"},\"inLanguage\":\"pt-BR\",\"potentialAction\":[{\"@type\":\"ReadAction\",\"target\":[\"https:\\\/\\\/diariodepe.com.br\\\/cri\\\/2025\\\/09\\\/04\\\/transmissao-ao-vivo-do-cmg-da-cerimonia-comemorativa-do-80o-aniversario-da-vitoria-da-resistencia-do-povo-chines-contra-a-agressao-japonesa-e-da-vitoria-da-guerra-antifascista-mundial-estabelece-recor\\\/\"]}]},{\"@type\":\"ImageObject\",\"inLanguage\":\"pt-BR\",\"@id\":\"https:\\\/\\\/diariodepe.com.br\\\/cri\\\/2025\\\/09\\\/04\\\/transmissao-ao-vivo-do-cmg-da-cerimonia-comemorativa-do-80o-aniversario-da-vitoria-da-resistencia-do-povo-chines-contra-a-agressao-japonesa-e-da-vitoria-da-guerra-antifascista-mundial-estabelece-recor\\\/#primaryimage\",\"url\":\"https:\\\/\\\/38picres.cgtn.com\\\/photoAlbum\\\/page\\\/performance\\\/img\\\/2025\\\/9\\\/4\\\/1756986618150_362.jpg\",\"contentUrl\":\"https:\\\/\\\/38picres.cgtn.com\\\/photoAlbum\\\/page\\\/performance\\\/img\\\/2025\\\/9\\\/4\\\/1756986618150_362.jpg\"},{\"@type\":\"BreadcrumbList\",\"@id\":\"https:\\\/\\\/diariodepe.com.br\\\/cri\\\/2025\\\/09\\\/04\\\/transmissao-ao-vivo-do-cmg-da-cerimonia-comemorativa-do-80o-aniversario-da-vitoria-da-resistencia-do-povo-chines-contra-a-agressao-japonesa-e-da-vitoria-da-guerra-antifascista-mundial-estabelece-recor\\\/#breadcrumb\",\"itemListElement\":[{\"@type\":\"ListItem\",\"position\":1,\"name\":\"In\u00edcio\",\"item\":\"https:\\\/\\\/diariodepe.com.br\\\/cri\\\/\"},{\"@type\":\"ListItem\",\"position\":2,\"name\":\"Transmiss\u00e3o ao vivo do CMG da cerim\u00f4nia comemorativa do 80\u00ba anivers\u00e1rio da vit\u00f3ria da Resist\u00eancia do Povo Chin\u00eas contra a Agress\u00e3o Japonesa e da vit\u00f3ria da Guerra Antifascista Mundial estabelece recorde global de alcance\"}]},{\"@type\":\"WebSite\",\"@id\":\"https:\\\/\\\/diariodepe.com.br\\\/cri\\\/#website\",\"url\":\"https:\\\/\\\/diariodepe.com.br\\\/cri\\\/\",\"name\":\"CRI e Diario de Pernambuco\",\"description\":\"R\u00e1dio Internacional da China\",\"publisher\":{\"@id\":\"https:\\\/\\\/diariodepe.com.br\\\/cri\\\/#organization\"},\"potentialAction\":[{\"@type\":\"SearchAction\",\"target\":{\"@type\":\"EntryPoint\",\"urlTemplate\":\"https:\\\/\\\/diariodepe.com.br\\\/cri\\\/?s={search_term_string}\"},\"query-input\":{\"@type\":\"PropertyValueSpecification\",\"valueRequired\":true,\"valueName\":\"search_term_string\"}}],\"inLanguage\":\"pt-BR\"},{\"@type\":\"Organization\",\"@id\":\"https:\\\/\\\/diariodepe.com.br\\\/cri\\\/#organization\",\"name\":\"CRI e Diario de Pernambuco\",\"url\":\"https:\\\/\\\/diariodepe.com.br\\\/cri\\\/\",\"logo\":{\"@type\":\"ImageObject\",\"inLanguage\":\"pt-BR\",\"@id\":\"https:\\\/\\\/diariodepe.com.br\\\/cri\\\/#\\\/schema\\\/logo\\\/image\\\/\",\"url\":\"https:\\\/\\\/diariodepe.com.br\\\/cri\\\/wp-content\\\/uploads\\\/sites\\\/2\\\/2022\\\/12\\\/cropped-Logo.jpg\",\"contentUrl\":\"https:\\\/\\\/diariodepe.com.br\\\/cri\\\/wp-content\\\/uploads\\\/sites\\\/2\\\/2022\\\/12\\\/cropped-Logo.jpg\",\"width\":700,\"height\":59,\"caption\":\"CRI e Diario de Pernambuco\"},\"image\":{\"@id\":\"https:\\\/\\\/diariodepe.com.br\\\/cri\\\/#\\\/schema\\\/logo\\\/image\\\/\"}},{\"@type\":\"Person\",\"@id\":\"https:\\\/\\\/diariodepe.com.br\\\/cri\\\/#\\\/schema\\\/person\\\/121bb28d84f1a5b1205ef4ce9c2e0c6b\",\"name\":\"Ismael Lucas S. Pereira\",\"image\":{\"@type\":\"ImageObject\",\"inLanguage\":\"pt-BR\",\"@id\":\"https:\\\/\\\/secure.gravatar.com\\\/avatar\\\/887a0f3b5a7ceea963a48499fb883ffce6b5037362def025c52c2505b15d63e4?s=96&d=mm&r=g\",\"url\":\"https:\\\/\\\/secure.gravatar.com\\\/avatar\\\/887a0f3b5a7ceea963a48499fb883ffce6b5037362def025c52c2505b15d63e4?s=96&d=mm&r=g\",\"contentUrl\":\"https:\\\/\\\/secure.gravatar.com\\\/avatar\\\/887a0f3b5a7ceea963a48499fb883ffce6b5037362def025c52c2505b15d63e4?s=96&d=mm&r=g\",\"caption\":\"Ismael Lucas S. Pereira\"},\"url\":\"https:\\\/\\\/diariodepe.com.br\\\/cri\\\/author\\\/ismael-lucas\\\/\"}]}<\/script>\n<!-- \/ Yoast SEO plugin. -->","yoast_head_json":{"title":"Transmiss\u00e3o ao vivo do CMG da cerim\u00f4nia comemorativa do 80\u00ba anivers\u00e1rio da vit\u00f3ria da Resist\u00eancia do Povo Chin\u00eas contra a Agress\u00e3o Japonesa e da vit\u00f3ria da Guerra Antifascista Mundial estabelece recorde global de alcance - CRI e Diario de Pernambuco","robots":{"index":"index","follow":"follow","max-snippet":"max-snippet:-1","max-image-preview":"max-image-preview:large","max-video-preview":"max-video-preview:-1"},"canonical":"https:\/\/diariodepe.com.br\/cri\/2025\/09\/04\/transmissao-ao-vivo-do-cmg-da-cerimonia-comemorativa-do-80o-aniversario-da-vitoria-da-resistencia-do-povo-chines-contra-a-agressao-japonesa-e-da-vitoria-da-guerra-antifascista-mundial-estabelece-recor\/","og_locale":"pt_BR","og_type":"article","og_title":"Transmiss\u00e3o ao vivo do CMG da cerim\u00f4nia comemorativa do 80\u00ba anivers\u00e1rio da vit\u00f3ria da Resist\u00eancia do Povo Chin\u00eas contra a Agress\u00e3o Japonesa e da vit\u00f3ria da Guerra Antifascista Mundial estabelece recorde global de alcance - CRI e Diario de Pernambuco","og_description":"Na manh\u00e3 de ontem (3), hor\u00e1rio local, foi realizada na Pra\u00e7a Tiananmen, em Beijing, a cerim\u00f4nia de comemora\u00e7\u00e3o do 80\u00ba anivers\u00e1rio da vit\u00f3ria da Resist\u00eancia do Povo Chin\u00eas contra a Agress\u00e3o Japonesa e da vit\u00f3ria da Guerra Antifascista Mundial. O...","og_url":"https:\/\/diariodepe.com.br\/cri\/2025\/09\/04\/transmissao-ao-vivo-do-cmg-da-cerimonia-comemorativa-do-80o-aniversario-da-vitoria-da-resistencia-do-povo-chines-contra-a-agressao-japonesa-e-da-vitoria-da-guerra-antifascista-mundial-estabelece-recor\/","og_site_name":"CRI e Diario de Pernambuco","article_published_time":"2025-09-05T02:54:05+00:00","og_image":[{"url":"https:\/\/38picres.cgtn.com\/photoAlbum\/page\/performance\/img\/2025\/9\/4\/1756986618150_362.jpg","type":"","width":"","height":""}],"author":"Ismael Lucas S. Pereira","twitter_card":"summary_large_image","twitter_misc":{"Escrito por":"Ismael Lucas S. Pereira","Est. tempo de leitura":"3 minutos"},"schema":{"@context":"https:\/\/schema.org","@graph":[{"@type":"Article","@id":"https:\/\/diariodepe.com.br\/cri\/2025\/09\/04\/transmissao-ao-vivo-do-cmg-da-cerimonia-comemorativa-do-80o-aniversario-da-vitoria-da-resistencia-do-povo-chines-contra-a-agressao-japonesa-e-da-vitoria-da-guerra-antifascista-mundial-estabelece-recor\/#article","isPartOf":{"@id":"https:\/\/diariodepe.com.br\/cri\/2025\/09\/04\/transmissao-ao-vivo-do-cmg-da-cerimonia-comemorativa-do-80o-aniversario-da-vitoria-da-resistencia-do-povo-chines-contra-a-agressao-japonesa-e-da-vitoria-da-guerra-antifascista-mundial-estabelece-recor\/"},"author":{"name":"Ismael Lucas S. Pereira","@id":"https:\/\/diariodepe.com.br\/cri\/#\/schema\/person\/121bb28d84f1a5b1205ef4ce9c2e0c6b"},"headline":"Transmiss\u00e3o ao vivo do CMG da cerim\u00f4nia comemorativa do 80\u00ba anivers\u00e1rio da vit\u00f3ria da Resist\u00eancia do Povo Chin\u00eas contra a Agress\u00e3o Japonesa e da vit\u00f3ria da Guerra Antifascista Mundial estabelece recorde global de alcance","datePublished":"2025-09-05T02:54:05+00:00","mainEntityOfPage":{"@id":"https:\/\/diariodepe.com.br\/cri\/2025\/09\/04\/transmissao-ao-vivo-do-cmg-da-cerimonia-comemorativa-do-80o-aniversario-da-vitoria-da-resistencia-do-povo-chines-contra-a-agressao-japonesa-e-da-vitoria-da-guerra-antifascista-mundial-estabelece-recor\/"},"wordCount":364,"commentCount":0,"publisher":{"@id":"https:\/\/diariodepe.com.br\/cri\/#organization"},"image":{"@id":"https:\/\/diariodepe.com.br\/cri\/2025\/09\/04\/transmissao-ao-vivo-do-cmg-da-cerimonia-comemorativa-do-80o-aniversario-da-vitoria-da-resistencia-do-povo-chines-contra-a-agressao-japonesa-e-da-vitoria-da-guerra-antifascista-mundial-estabelece-recor\/#primaryimage"},"thumbnailUrl":"https:\/\/38picres.cgtn.com\/photoAlbum\/page\/performance\/img\/2025\/9\/4\/1756986618150_362.jpg","articleSection":["China"],"inLanguage":"pt-BR","potentialAction":[{"@type":"CommentAction","name":"Comment","target":["https:\/\/diariodepe.com.br\/cri\/2025\/09\/04\/transmissao-ao-vivo-do-cmg-da-cerimonia-comemorativa-do-80o-aniversario-da-vitoria-da-resistencia-do-povo-chines-contra-a-agressao-japonesa-e-da-vitoria-da-guerra-antifascista-mundial-estabelece-recor\/#respond"]}]},{"@type":"WebPage","@id":"https:\/\/diariodepe.com.br\/cri\/2025\/09\/04\/transmissao-ao-vivo-do-cmg-da-cerimonia-comemorativa-do-80o-aniversario-da-vitoria-da-resistencia-do-povo-chines-contra-a-agressao-japonesa-e-da-vitoria-da-guerra-antifascista-mundial-estabelece-recor\/","url":"https:\/\/diariodepe.com.br\/cri\/2025\/09\/04\/transmissao-ao-vivo-do-cmg-da-cerimonia-comemorativa-do-80o-aniversario-da-vitoria-da-resistencia-do-povo-chines-contra-a-agressao-japonesa-e-da-vitoria-da-guerra-antifascista-mundial-estabelece-recor\/","name":"Transmiss\u00e3o ao vivo do CMG da cerim\u00f4nia comemorativa do 80\u00ba anivers\u00e1rio da vit\u00f3ria da Resist\u00eancia do Povo Chin\u00eas contra a Agress\u00e3o Japonesa e da vit\u00f3ria da Guerra Antifascista Mundial estabelece recorde global de alcance - CRI e Diario de Pernambuco","isPartOf":{"@id":"https:\/\/diariodepe.com.br\/cri\/#website"},"primaryImageOfPage":{"@id":"https:\/\/diariodepe.com.br\/cri\/2025\/09\/04\/transmissao-ao-vivo-do-cmg-da-cerimonia-comemorativa-do-80o-aniversario-da-vitoria-da-resistencia-do-povo-chines-contra-a-agressao-japonesa-e-da-vitoria-da-guerra-antifascista-mundial-estabelece-recor\/#primaryimage"},"image":{"@id":"https:\/\/diariodepe.com.br\/cri\/2025\/09\/04\/transmissao-ao-vivo-do-cmg-da-cerimonia-comemorativa-do-80o-aniversario-da-vitoria-da-resistencia-do-povo-chines-contra-a-agressao-japonesa-e-da-vitoria-da-guerra-antifascista-mundial-estabelece-recor\/#primaryimage"},"thumbnailUrl":"https:\/\/38picres.cgtn.com\/photoAlbum\/page\/performance\/img\/2025\/9\/4\/1756986618150_362.jpg","datePublished":"2025-09-05T02:54:05+00:00","breadcrumb":{"@id":"https:\/\/diariodepe.com.br\/cri\/2025\/09\/04\/transmissao-ao-vivo-do-cmg-da-cerimonia-comemorativa-do-80o-aniversario-da-vitoria-da-resistencia-do-povo-chines-contra-a-agressao-japonesa-e-da-vitoria-da-guerra-antifascista-mundial-estabelece-recor\/#breadcrumb"},"inLanguage":"pt-BR","potentialAction":[{"@type":"ReadAction","target":["https:\/\/diariodepe.com.br\/cri\/2025\/09\/04\/transmissao-ao-vivo-do-cmg-da-cerimonia-comemorativa-do-80o-aniversario-da-vitoria-da-resistencia-do-povo-chines-contra-a-agressao-japonesa-e-da-vitoria-da-guerra-antifascista-mundial-estabelece-recor\/"]}]},{"@type":"ImageObject","inLanguage":"pt-BR","@id":"https:\/\/diariodepe.com.br\/cri\/2025\/09\/04\/transmissao-ao-vivo-do-cmg-da-cerimonia-comemorativa-do-80o-aniversario-da-vitoria-da-resistencia-do-povo-chines-contra-a-agressao-japonesa-e-da-vitoria-da-guerra-antifascista-mundial-estabelece-recor\/#primaryimage","url":"https:\/\/38picres.cgtn.com\/photoAlbum\/page\/performance\/img\/2025\/9\/4\/1756986618150_362.jpg","contentUrl":"https:\/\/38picres.cgtn.com\/photoAlbum\/page\/performance\/img\/2025\/9\/4\/1756986618150_362.jpg"},{"@type":"BreadcrumbList","@id":"https:\/\/diariodepe.com.br\/cri\/2025\/09\/04\/transmissao-ao-vivo-do-cmg-da-cerimonia-comemorativa-do-80o-aniversario-da-vitoria-da-resistencia-do-povo-chines-contra-a-agressao-japonesa-e-da-vitoria-da-guerra-antifascista-mundial-estabelece-recor\/#breadcrumb","itemListElement":[{"@type":"ListItem","position":1,"name":"In\u00edcio","item":"https:\/\/diariodepe.com.br\/cri\/"},{"@type":"ListItem","position":2,"name":"Transmiss\u00e3o ao vivo do CMG da cerim\u00f4nia comemorativa do 80\u00ba anivers\u00e1rio da vit\u00f3ria da Resist\u00eancia do Povo Chin\u00eas contra a Agress\u00e3o Japonesa e da vit\u00f3ria da Guerra Antifascista Mundial estabelece recorde global de alcance"}]},{"@type":"WebSite","@id":"https:\/\/diariodepe.com.br\/cri\/#website","url":"https:\/\/diariodepe.com.br\/cri\/","name":"CRI e Diario de Pernambuco","description":"R\u00e1dio Internacional da China","publisher":{"@id":"https:\/\/diariodepe.com.br\/cri\/#organization"},"potentialAction":[{"@type":"SearchAction","target":{"@type":"EntryPoint","urlTemplate":"https:\/\/diariodepe.com.br\/cri\/?s={search_term_string}"},"query-input":{"@type":"PropertyValueSpecification","valueRequired":true,"valueName":"search_term_string"}}],"inLanguage":"pt-BR"},{"@type":"Organization","@id":"https:\/\/diariodepe.com.br\/cri\/#organization","name":"CRI e Diario de Pernambuco","url":"https:\/\/diariodepe.com.br\/cri\/","logo":{"@type":"ImageObject","inLanguage":"pt-BR","@id":"https:\/\/diariodepe.com.br\/cri\/#\/schema\/logo\/image\/","url":"https:\/\/diariodepe.com.br\/cri\/wp-content\/uploads\/sites\/2\/2022\/12\/cropped-Logo.jpg","contentUrl":"https:\/\/diariodepe.com.br\/cri\/wp-content\/uploads\/sites\/2\/2022\/12\/cropped-Logo.jpg","width":700,"height":59,"caption":"CRI e Diario de Pernambuco"},"image":{"@id":"https:\/\/diariodepe.com.br\/cri\/#\/schema\/logo\/image\/"}},{"@type":"Person","@id":"https:\/\/diariodepe.com.br\/cri\/#\/schema\/person\/121bb28d84f1a5b1205ef4ce9c2e0c6b","name":"Ismael Lucas S. Pereira","image":{"@type":"ImageObject","inLanguage":"pt-BR","@id":"https:\/\/secure.gravatar.com\/avatar\/887a0f3b5a7ceea963a48499fb883ffce6b5037362def025c52c2505b15d63e4?s=96&d=mm&r=g","url":"https:\/\/secure.gravatar.com\/avatar\/887a0f3b5a7ceea963a48499fb883ffce6b5037362def025c52c2505b15d63e4?s=96&d=mm&r=g","contentUrl":"https:\/\/secure.gravatar.com\/avatar\/887a0f3b5a7ceea963a48499fb883ffce6b5037362def025c52c2505b15d63e4?s=96&d=mm&r=g","caption":"Ismael Lucas S. Pereira"},"url":"https:\/\/diariodepe.com.br\/cri\/author\/ismael-lucas\/"}]}},"cc_featured_image_caption":{"caption_text":false,"source_text":false,"source_url":false},"amp_enabled":true,"_links":{"self":[{"href":"https:\/\/diariodepe.com.br\/cri\/wp-json\/wp\/v2\/posts\/9285","targetHints":{"allow":["GET"]}}],"collection":[{"href":"https:\/\/diariodepe.com.br\/cri\/wp-json\/wp\/v2\/posts"}],"about":[{"href":"https:\/\/diariodepe.com.br\/cri\/wp-json\/wp\/v2\/types\/post"}],"author":[{"embeddable":true,"href":"https:\/\/diariodepe.com.br\/cri\/wp-json\/wp\/v2\/users\/2"}],"replies":[{"embeddable":true,"href":"https:\/\/diariodepe.com.br\/cri\/wp-json\/wp\/v2\/comments?post=9285"}],"version-history":[{"count":1,"href":"https:\/\/diariodepe.com.br\/cri\/wp-json\/wp\/v2\/posts\/9285\/revisions"}],"predecessor-version":[{"id":9286,"href":"https:\/\/diariodepe.com.br\/cri\/wp-json\/wp\/v2\/posts\/9285\/revisions\/9286"}],"wp:attachment":[{"href":"https:\/\/diariodepe.com.br\/cri\/wp-json\/wp\/v2\/media?parent=9285"}],"wp:term":[{"taxonomy":"category","embeddable":true,"href":"https:\/\/diariodepe.com.br\/cri\/wp-json\/wp\/v2\/categories?post=9285"},{"taxonomy":"post_tag","embeddable":true,"href":"https:\/\/diariodepe.com.br\/cri\/wp-json\/wp\/v2\/tags?post=9285"}],"curies":[{"name":"wp","href":"https:\/\/api.w.org\/{rel}","templated":true}]}}