{"id":9281,"date":"2025-09-04T23:50:16","date_gmt":"2025-09-05T02:50:16","guid":{"rendered":"https:\/\/diariodepe.com.br\/cri\/?p=9281"},"modified":"2025-09-04T23:50:16","modified_gmt":"2025-09-05T02:50:16","slug":"causa-nobre-de-paz-e-desenvolvimento-da-humanidade-esta-fadada-a-vitoria","status":"publish","type":"post","link":"https:\/\/diariodepe.com.br\/cri\/2025\/09\/04\/causa-nobre-de-paz-e-desenvolvimento-da-humanidade-esta-fadada-a-vitoria\/","title":{"rendered":"Causa nobre de paz e desenvolvimento da humanidade est\u00e1 fadada \u00e0 vit\u00f3ria"},"content":{"rendered":"<p>O dia 3 de setembro \u00e9 um anivers\u00e1rio memor\u00e1vel para toda a humanidade. A China realizou um desfile militar para relembrar a hist\u00f3ria, honrar os her\u00f3is que perderam suas vidas na guerra, valorizar a paz e criar um futuro brilhante junto com todo o mundo.<\/p>\n<p>80 salvas de canh\u00f5es foram realizadas, 80 mil pombas da paz voaram para o c\u00e9u, oficiais e soldados marcharam a passos firmes, enquanto ve\u00edculos transportando equipamentos e ca\u00e7as em desfile roncavam seus motores&#8230; Na manh\u00e3 do mesmo dia, na grande cerim\u00f4nia em comemora\u00e7\u00e3o ao 80\u00ba anivers\u00e1rio da Vit\u00f3ria na Guerra de Resist\u00eancia do Povo Chin\u00eas contra a Agress\u00e3o Japonesa e na Guerra Mundial Antifascista realizada em Beijing, que contou com a presen\u00e7a de 61 l\u00edderes estrangeiros, representantes de alto n\u00edvel de pa\u00edses relacionados, chefes de organiza\u00e7\u00f5es internacionais e ex-dignit\u00e1rios pol\u00edticos, o secret\u00e1rio-geral do Comit\u00ea Central do Partido Comunista da China (PCCh), presidente chin\u00eas e presidente da Comiss\u00e3o Militar Central, Xi Jinping, proferiu um discurso importante e inspecionou as tropas.<\/p>\n<p>\u201cA Guerra de Resist\u00eancia do Povo Chin\u00eas contra a Agress\u00e3o Japonesa foi um componente importante da Guerra Antifascista Mundial. O povo chin\u00eas fez grandes contribui\u00e7\u00f5es para salvar vidas e defender a paz mundial com enormes sacrif\u00edcios nacionais\u201d, afirmou o l\u00edder chin\u00eas no discurso, que esclareceu a import\u00e2ncia hist\u00f3rica dessa guerra, salientando que o povo chin\u00eas sempre se manteve firme do lado certo da hist\u00f3ria e do progresso da humanidade, seguindo um caminho de desenvolvimento pac\u00edfico e formando, junto com diversos outros povos, uma comunidade com futuro compartilhado para a humanidade. Os chefes de Estado presentes elogiaram a cerim\u00f4nia comemorativa, dizendo se tratar de um megaevento espetacular e impressionante de verdadeira import\u00e2ncia hist\u00f3rica. J\u00e1 a comunidade internacional avaliou que a comemora\u00e7\u00e3o demonstrou a nova imagem da China como uma for\u00e7a chave na multipolariza\u00e7\u00e3o mundial.<\/p>\n<p>Na cerim\u00f4nia do desfile militar, um detalhe chamou a aten\u00e7\u00e3o: tr\u00eas helic\u00f3pteros carregando bandeiras com slogans \u201cA justi\u00e7a prevalecer\u00e1\u201d, \u201cA paz prevalecer\u00e1\u201d e \u201cO povo prevalecer\u00e1\u201d sobrevoaram a Pra\u00e7a Tian\u2019anmen. Eles representam a grande verdade que a hist\u00f3ria comprovou, assim como uma inspira\u00e7\u00e3o importante para o presente e o futuro.<\/p>\n<p>Em 3 de setembro h\u00e1 80 anos, o povo chin\u00eas conquistou uma grande vit\u00f3ria na Guerra de Resist\u00eancia Contra a Agress\u00e3o Japonesa, mas \u00e0s custas de 35 milh\u00f5es de vidas, incluindo soldados e civis, al\u00e9m de perdas econ\u00f4micas diretas e indiretas superiores a US$ 600 bilh\u00f5es ao longo dos 14 anos de combates sangrentos. A comunidade internacional concorda que a resist\u00eancia da China ao fascismo \u00e9 a que come\u00e7ou mais cedo e durou mais tempo, sendo decisiva para a derrota total dos agressores japoneses e um apoio s\u00f3lido para os combates nas frentes da Europa e do Pac\u00edfico.<\/p>\n<p>Atualmente, com o aumento do unilateralismo, protecionismo e hegemonismo e a retomada da Lei da Selva, o n\u00famero de conflitos globais atingiu um recorde desde o fim da Segunda Guerra Mundial e a humanidade est\u00e1 mais uma vez diante da escolha entre paz ou guerra, di\u00e1logo ou confronto, ganhos m\u00fatuos ou soma zero.<\/p>\n<p>Desde sua funda\u00e7\u00e3o, a Nova China nunca travou nenhuma guerra e nem invadiu um cent\u00edmetro se quer de territ\u00f3rios de outros pa\u00edses, sendo o \u00fanico grande pa\u00eds que incluiu o caminho de um desenvolvimento pac\u00edfico na sua Constitui\u00e7\u00e3o e o membro permanente do Conselho de Seguran\u00e7a da ONU que envia a maior for\u00e7a de manuten\u00e7\u00e3o de paz.<\/p>\n<p>Nos \u00faltimos anos, o presidente Xi Jinping prop\u00f4s sucessivamente a Iniciativa de Desenvolvimento Global, a Iniciativa de Seguran\u00e7a Global, a Iniciativa de Civiliza\u00e7\u00e3o Global e a Iniciativa de Governan\u00e7a Global, contribuindo com a sabedoria e solu\u00e7\u00f5es da China para enfrentar as mudan\u00e7as globais a partir de diferentes perspectivas. O Secret\u00e1rio-Geral da ONU, Ant\u00f3nio Guterres, disse repetidamente que a China \u00e9 um sustent\u00e1culo para a coopera\u00e7\u00e3o internacional e o multilateralismo.<\/p>\n<p>O que o mundo precisa \u00e9 de uma coopera\u00e7\u00e3o ganha-ganha, e n\u00e3o de um jogo de soma zero. Como a segunda maior economia global, a China vem impulsionando a liberaliza\u00e7\u00e3o e facilita\u00e7\u00e3o do com\u00e9rcio e investimento. No momento, mais de 150 pa\u00edses participam da constru\u00e7\u00e3o conjunta do Cintur\u00e3o e Rota. Segundo as estimativas do FMI, cada aumento de um ponto percentual da economia chinesa levar\u00e1 a um aumento m\u00e9dio de 0,3 ponto percentual na produ\u00e7\u00e3o de outras economias. A grande revitaliza\u00e7\u00e3o da na\u00e7\u00e3o chinesa \u00e9 impar\u00e1vel! A nobre causa da paz e desenvolvimento da humanidade prevalecer\u00e1!<\/p>\n<p><img decoding=\"async\" src=\"https:\/\/38picres.cgtn.com\/photoAlbum\/page\/performance\/img\/2025\/9\/4\/1756974824693_431.jpg\" \/><\/p>\n","protected":false},"excerpt":{"rendered":"<p>O dia 3 de setembro \u00e9 um anivers\u00e1rio memor\u00e1vel para toda a humanidade. A China realizou um desfile militar para relembrar a hist\u00f3ria, honrar os her\u00f3is que perderam suas vidas na guerra, valorizar a paz e criar um futuro brilhante&#8230;<\/p>\n","protected":false},"author":2,"featured_media":0,"comment_status":"open","ping_status":"open","sticky":false,"template":"","format":"standard","meta":{"footnotes":""},"categories":[3],"tags":[],"class_list":["post-9281","post","type-post","status-publish","format-standard","hentry","category-china"],"yoast_head":"<!-- This site is optimized with the Yoast SEO plugin v27.4 - https:\/\/yoast.com\/product\/yoast-seo-wordpress\/ -->\n<title>Causa nobre de paz e desenvolvimento da humanidade est\u00e1 fadada \u00e0 vit\u00f3ria - CRI e Diario de Pernambuco<\/title>\n<meta name=\"robots\" content=\"index, follow, max-snippet:-1, max-image-preview:large, max-video-preview:-1\" \/>\n<link rel=\"canonical\" href=\"https:\/\/diariodepe.com.br\/cri\/2025\/09\/04\/causa-nobre-de-paz-e-desenvolvimento-da-humanidade-esta-fadada-a-vitoria\/\" \/>\n<meta property=\"og:locale\" content=\"pt_BR\" \/>\n<meta property=\"og:type\" content=\"article\" \/>\n<meta property=\"og:title\" content=\"Causa nobre de paz e desenvolvimento da humanidade est\u00e1 fadada \u00e0 vit\u00f3ria - CRI e Diario de Pernambuco\" \/>\n<meta property=\"og:description\" content=\"O dia 3 de setembro \u00e9 um anivers\u00e1rio memor\u00e1vel para toda a humanidade. A China realizou um desfile militar para relembrar a hist\u00f3ria, honrar os her\u00f3is que perderam suas vidas na guerra, valorizar a paz e criar um futuro brilhante...\" \/>\n<meta property=\"og:url\" content=\"https:\/\/diariodepe.com.br\/cri\/2025\/09\/04\/causa-nobre-de-paz-e-desenvolvimento-da-humanidade-esta-fadada-a-vitoria\/\" \/>\n<meta property=\"og:site_name\" content=\"CRI e Diario de Pernambuco\" \/>\n<meta property=\"article:published_time\" content=\"2025-09-05T02:50:16+00:00\" \/>\n<meta property=\"og:image\" content=\"https:\/\/38picres.cgtn.com\/photoAlbum\/page\/performance\/img\/2025\/9\/4\/1756974824693_431.jpg\" \/>\n<meta name=\"author\" content=\"Ismael Lucas S. Pereira\" \/>\n<meta name=\"twitter:card\" content=\"summary_large_image\" \/>\n<meta name=\"twitter:label1\" content=\"Escrito por\" \/>\n\t<meta name=\"twitter:data1\" content=\"Ismael Lucas S. Pereira\" \/>\n\t<meta name=\"twitter:label2\" content=\"Est. tempo de leitura\" \/>\n\t<meta name=\"twitter:data2\" content=\"5 minutos\" \/>\n<script type=\"application\/ld+json\" class=\"yoast-schema-graph\">{\"@context\":\"https:\\\/\\\/schema.org\",\"@graph\":[{\"@type\":\"Article\",\"@id\":\"https:\\\/\\\/diariodepe.com.br\\\/cri\\\/2025\\\/09\\\/04\\\/causa-nobre-de-paz-e-desenvolvimento-da-humanidade-esta-fadada-a-vitoria\\\/#article\",\"isPartOf\":{\"@id\":\"https:\\\/\\\/diariodepe.com.br\\\/cri\\\/2025\\\/09\\\/04\\\/causa-nobre-de-paz-e-desenvolvimento-da-humanidade-esta-fadada-a-vitoria\\\/\"},\"author\":{\"name\":\"Ismael Lucas S. Pereira\",\"@id\":\"https:\\\/\\\/diariodepe.com.br\\\/cri\\\/#\\\/schema\\\/person\\\/121bb28d84f1a5b1205ef4ce9c2e0c6b\"},\"headline\":\"Causa nobre de paz e desenvolvimento da humanidade est\u00e1 fadada \u00e0 vit\u00f3ria\",\"datePublished\":\"2025-09-05T02:50:16+00:00\",\"mainEntityOfPage\":{\"@id\":\"https:\\\/\\\/diariodepe.com.br\\\/cri\\\/2025\\\/09\\\/04\\\/causa-nobre-de-paz-e-desenvolvimento-da-humanidade-esta-fadada-a-vitoria\\\/\"},\"wordCount\":816,\"commentCount\":0,\"publisher\":{\"@id\":\"https:\\\/\\\/diariodepe.com.br\\\/cri\\\/#organization\"},\"image\":{\"@id\":\"https:\\\/\\\/diariodepe.com.br\\\/cri\\\/2025\\\/09\\\/04\\\/causa-nobre-de-paz-e-desenvolvimento-da-humanidade-esta-fadada-a-vitoria\\\/#primaryimage\"},\"thumbnailUrl\":\"https:\\\/\\\/38picres.cgtn.com\\\/photoAlbum\\\/page\\\/performance\\\/img\\\/2025\\\/9\\\/4\\\/1756974824693_431.jpg\",\"articleSection\":[\"China\"],\"inLanguage\":\"pt-BR\",\"potentialAction\":[{\"@type\":\"CommentAction\",\"name\":\"Comment\",\"target\":[\"https:\\\/\\\/diariodepe.com.br\\\/cri\\\/2025\\\/09\\\/04\\\/causa-nobre-de-paz-e-desenvolvimento-da-humanidade-esta-fadada-a-vitoria\\\/#respond\"]}]},{\"@type\":\"WebPage\",\"@id\":\"https:\\\/\\\/diariodepe.com.br\\\/cri\\\/2025\\\/09\\\/04\\\/causa-nobre-de-paz-e-desenvolvimento-da-humanidade-esta-fadada-a-vitoria\\\/\",\"url\":\"https:\\\/\\\/diariodepe.com.br\\\/cri\\\/2025\\\/09\\\/04\\\/causa-nobre-de-paz-e-desenvolvimento-da-humanidade-esta-fadada-a-vitoria\\\/\",\"name\":\"Causa nobre de paz e desenvolvimento da humanidade est\u00e1 fadada \u00e0 vit\u00f3ria - CRI e Diario de Pernambuco\",\"isPartOf\":{\"@id\":\"https:\\\/\\\/diariodepe.com.br\\\/cri\\\/#website\"},\"primaryImageOfPage\":{\"@id\":\"https:\\\/\\\/diariodepe.com.br\\\/cri\\\/2025\\\/09\\\/04\\\/causa-nobre-de-paz-e-desenvolvimento-da-humanidade-esta-fadada-a-vitoria\\\/#primaryimage\"},\"image\":{\"@id\":\"https:\\\/\\\/diariodepe.com.br\\\/cri\\\/2025\\\/09\\\/04\\\/causa-nobre-de-paz-e-desenvolvimento-da-humanidade-esta-fadada-a-vitoria\\\/#primaryimage\"},\"thumbnailUrl\":\"https:\\\/\\\/38picres.cgtn.com\\\/photoAlbum\\\/page\\\/performance\\\/img\\\/2025\\\/9\\\/4\\\/1756974824693_431.jpg\",\"datePublished\":\"2025-09-05T02:50:16+00:00\",\"breadcrumb\":{\"@id\":\"https:\\\/\\\/diariodepe.com.br\\\/cri\\\/2025\\\/09\\\/04\\\/causa-nobre-de-paz-e-desenvolvimento-da-humanidade-esta-fadada-a-vitoria\\\/#breadcrumb\"},\"inLanguage\":\"pt-BR\",\"potentialAction\":[{\"@type\":\"ReadAction\",\"target\":[\"https:\\\/\\\/diariodepe.com.br\\\/cri\\\/2025\\\/09\\\/04\\\/causa-nobre-de-paz-e-desenvolvimento-da-humanidade-esta-fadada-a-vitoria\\\/\"]}]},{\"@type\":\"ImageObject\",\"inLanguage\":\"pt-BR\",\"@id\":\"https:\\\/\\\/diariodepe.com.br\\\/cri\\\/2025\\\/09\\\/04\\\/causa-nobre-de-paz-e-desenvolvimento-da-humanidade-esta-fadada-a-vitoria\\\/#primaryimage\",\"url\":\"https:\\\/\\\/38picres.cgtn.com\\\/photoAlbum\\\/page\\\/performance\\\/img\\\/2025\\\/9\\\/4\\\/1756974824693_431.jpg\",\"contentUrl\":\"https:\\\/\\\/38picres.cgtn.com\\\/photoAlbum\\\/page\\\/performance\\\/img\\\/2025\\\/9\\\/4\\\/1756974824693_431.jpg\"},{\"@type\":\"BreadcrumbList\",\"@id\":\"https:\\\/\\\/diariodepe.com.br\\\/cri\\\/2025\\\/09\\\/04\\\/causa-nobre-de-paz-e-desenvolvimento-da-humanidade-esta-fadada-a-vitoria\\\/#breadcrumb\",\"itemListElement\":[{\"@type\":\"ListItem\",\"position\":1,\"name\":\"In\u00edcio\",\"item\":\"https:\\\/\\\/diariodepe.com.br\\\/cri\\\/\"},{\"@type\":\"ListItem\",\"position\":2,\"name\":\"Causa nobre de paz e desenvolvimento da humanidade est\u00e1 fadada \u00e0 vit\u00f3ria\"}]},{\"@type\":\"WebSite\",\"@id\":\"https:\\\/\\\/diariodepe.com.br\\\/cri\\\/#website\",\"url\":\"https:\\\/\\\/diariodepe.com.br\\\/cri\\\/\",\"name\":\"CRI e Diario de Pernambuco\",\"description\":\"R\u00e1dio Internacional da China\",\"publisher\":{\"@id\":\"https:\\\/\\\/diariodepe.com.br\\\/cri\\\/#organization\"},\"potentialAction\":[{\"@type\":\"SearchAction\",\"target\":{\"@type\":\"EntryPoint\",\"urlTemplate\":\"https:\\\/\\\/diariodepe.com.br\\\/cri\\\/?s={search_term_string}\"},\"query-input\":{\"@type\":\"PropertyValueSpecification\",\"valueRequired\":true,\"valueName\":\"search_term_string\"}}],\"inLanguage\":\"pt-BR\"},{\"@type\":\"Organization\",\"@id\":\"https:\\\/\\\/diariodepe.com.br\\\/cri\\\/#organization\",\"name\":\"CRI e Diario de Pernambuco\",\"url\":\"https:\\\/\\\/diariodepe.com.br\\\/cri\\\/\",\"logo\":{\"@type\":\"ImageObject\",\"inLanguage\":\"pt-BR\",\"@id\":\"https:\\\/\\\/diariodepe.com.br\\\/cri\\\/#\\\/schema\\\/logo\\\/image\\\/\",\"url\":\"https:\\\/\\\/diariodepe.com.br\\\/cri\\\/wp-content\\\/uploads\\\/sites\\\/2\\\/2022\\\/12\\\/cropped-Logo.jpg\",\"contentUrl\":\"https:\\\/\\\/diariodepe.com.br\\\/cri\\\/wp-content\\\/uploads\\\/sites\\\/2\\\/2022\\\/12\\\/cropped-Logo.jpg\",\"width\":700,\"height\":59,\"caption\":\"CRI e Diario de Pernambuco\"},\"image\":{\"@id\":\"https:\\\/\\\/diariodepe.com.br\\\/cri\\\/#\\\/schema\\\/logo\\\/image\\\/\"}},{\"@type\":\"Person\",\"@id\":\"https:\\\/\\\/diariodepe.com.br\\\/cri\\\/#\\\/schema\\\/person\\\/121bb28d84f1a5b1205ef4ce9c2e0c6b\",\"name\":\"Ismael Lucas S. Pereira\",\"image\":{\"@type\":\"ImageObject\",\"inLanguage\":\"pt-BR\",\"@id\":\"https:\\\/\\\/secure.gravatar.com\\\/avatar\\\/887a0f3b5a7ceea963a48499fb883ffce6b5037362def025c52c2505b15d63e4?s=96&d=mm&r=g\",\"url\":\"https:\\\/\\\/secure.gravatar.com\\\/avatar\\\/887a0f3b5a7ceea963a48499fb883ffce6b5037362def025c52c2505b15d63e4?s=96&d=mm&r=g\",\"contentUrl\":\"https:\\\/\\\/secure.gravatar.com\\\/avatar\\\/887a0f3b5a7ceea963a48499fb883ffce6b5037362def025c52c2505b15d63e4?s=96&d=mm&r=g\",\"caption\":\"Ismael Lucas S. Pereira\"},\"url\":\"https:\\\/\\\/diariodepe.com.br\\\/cri\\\/author\\\/ismael-lucas\\\/\"}]}<\/script>\n<!-- \/ Yoast SEO plugin. -->","yoast_head_json":{"title":"Causa nobre de paz e desenvolvimento da humanidade est\u00e1 fadada \u00e0 vit\u00f3ria - CRI e Diario de Pernambuco","robots":{"index":"index","follow":"follow","max-snippet":"max-snippet:-1","max-image-preview":"max-image-preview:large","max-video-preview":"max-video-preview:-1"},"canonical":"https:\/\/diariodepe.com.br\/cri\/2025\/09\/04\/causa-nobre-de-paz-e-desenvolvimento-da-humanidade-esta-fadada-a-vitoria\/","og_locale":"pt_BR","og_type":"article","og_title":"Causa nobre de paz e desenvolvimento da humanidade est\u00e1 fadada \u00e0 vit\u00f3ria - CRI e Diario de Pernambuco","og_description":"O dia 3 de setembro \u00e9 um anivers\u00e1rio memor\u00e1vel para toda a humanidade. A China realizou um desfile militar para relembrar a hist\u00f3ria, honrar os her\u00f3is que perderam suas vidas na guerra, valorizar a paz e criar um futuro brilhante...","og_url":"https:\/\/diariodepe.com.br\/cri\/2025\/09\/04\/causa-nobre-de-paz-e-desenvolvimento-da-humanidade-esta-fadada-a-vitoria\/","og_site_name":"CRI e Diario de Pernambuco","article_published_time":"2025-09-05T02:50:16+00:00","og_image":[{"url":"https:\/\/38picres.cgtn.com\/photoAlbum\/page\/performance\/img\/2025\/9\/4\/1756974824693_431.jpg","type":"","width":"","height":""}],"author":"Ismael Lucas S. Pereira","twitter_card":"summary_large_image","twitter_misc":{"Escrito por":"Ismael Lucas S. Pereira","Est. tempo de leitura":"5 minutos"},"schema":{"@context":"https:\/\/schema.org","@graph":[{"@type":"Article","@id":"https:\/\/diariodepe.com.br\/cri\/2025\/09\/04\/causa-nobre-de-paz-e-desenvolvimento-da-humanidade-esta-fadada-a-vitoria\/#article","isPartOf":{"@id":"https:\/\/diariodepe.com.br\/cri\/2025\/09\/04\/causa-nobre-de-paz-e-desenvolvimento-da-humanidade-esta-fadada-a-vitoria\/"},"author":{"name":"Ismael Lucas S. Pereira","@id":"https:\/\/diariodepe.com.br\/cri\/#\/schema\/person\/121bb28d84f1a5b1205ef4ce9c2e0c6b"},"headline":"Causa nobre de paz e desenvolvimento da humanidade est\u00e1 fadada \u00e0 vit\u00f3ria","datePublished":"2025-09-05T02:50:16+00:00","mainEntityOfPage":{"@id":"https:\/\/diariodepe.com.br\/cri\/2025\/09\/04\/causa-nobre-de-paz-e-desenvolvimento-da-humanidade-esta-fadada-a-vitoria\/"},"wordCount":816,"commentCount":0,"publisher":{"@id":"https:\/\/diariodepe.com.br\/cri\/#organization"},"image":{"@id":"https:\/\/diariodepe.com.br\/cri\/2025\/09\/04\/causa-nobre-de-paz-e-desenvolvimento-da-humanidade-esta-fadada-a-vitoria\/#primaryimage"},"thumbnailUrl":"https:\/\/38picres.cgtn.com\/photoAlbum\/page\/performance\/img\/2025\/9\/4\/1756974824693_431.jpg","articleSection":["China"],"inLanguage":"pt-BR","potentialAction":[{"@type":"CommentAction","name":"Comment","target":["https:\/\/diariodepe.com.br\/cri\/2025\/09\/04\/causa-nobre-de-paz-e-desenvolvimento-da-humanidade-esta-fadada-a-vitoria\/#respond"]}]},{"@type":"WebPage","@id":"https:\/\/diariodepe.com.br\/cri\/2025\/09\/04\/causa-nobre-de-paz-e-desenvolvimento-da-humanidade-esta-fadada-a-vitoria\/","url":"https:\/\/diariodepe.com.br\/cri\/2025\/09\/04\/causa-nobre-de-paz-e-desenvolvimento-da-humanidade-esta-fadada-a-vitoria\/","name":"Causa nobre de paz e desenvolvimento da humanidade est\u00e1 fadada \u00e0 vit\u00f3ria - CRI e Diario de Pernambuco","isPartOf":{"@id":"https:\/\/diariodepe.com.br\/cri\/#website"},"primaryImageOfPage":{"@id":"https:\/\/diariodepe.com.br\/cri\/2025\/09\/04\/causa-nobre-de-paz-e-desenvolvimento-da-humanidade-esta-fadada-a-vitoria\/#primaryimage"},"image":{"@id":"https:\/\/diariodepe.com.br\/cri\/2025\/09\/04\/causa-nobre-de-paz-e-desenvolvimento-da-humanidade-esta-fadada-a-vitoria\/#primaryimage"},"thumbnailUrl":"https:\/\/38picres.cgtn.com\/photoAlbum\/page\/performance\/img\/2025\/9\/4\/1756974824693_431.jpg","datePublished":"2025-09-05T02:50:16+00:00","breadcrumb":{"@id":"https:\/\/diariodepe.com.br\/cri\/2025\/09\/04\/causa-nobre-de-paz-e-desenvolvimento-da-humanidade-esta-fadada-a-vitoria\/#breadcrumb"},"inLanguage":"pt-BR","potentialAction":[{"@type":"ReadAction","target":["https:\/\/diariodepe.com.br\/cri\/2025\/09\/04\/causa-nobre-de-paz-e-desenvolvimento-da-humanidade-esta-fadada-a-vitoria\/"]}]},{"@type":"ImageObject","inLanguage":"pt-BR","@id":"https:\/\/diariodepe.com.br\/cri\/2025\/09\/04\/causa-nobre-de-paz-e-desenvolvimento-da-humanidade-esta-fadada-a-vitoria\/#primaryimage","url":"https:\/\/38picres.cgtn.com\/photoAlbum\/page\/performance\/img\/2025\/9\/4\/1756974824693_431.jpg","contentUrl":"https:\/\/38picres.cgtn.com\/photoAlbum\/page\/performance\/img\/2025\/9\/4\/1756974824693_431.jpg"},{"@type":"BreadcrumbList","@id":"https:\/\/diariodepe.com.br\/cri\/2025\/09\/04\/causa-nobre-de-paz-e-desenvolvimento-da-humanidade-esta-fadada-a-vitoria\/#breadcrumb","itemListElement":[{"@type":"ListItem","position":1,"name":"In\u00edcio","item":"https:\/\/diariodepe.com.br\/cri\/"},{"@type":"ListItem","position":2,"name":"Causa nobre de paz e desenvolvimento da humanidade est\u00e1 fadada \u00e0 vit\u00f3ria"}]},{"@type":"WebSite","@id":"https:\/\/diariodepe.com.br\/cri\/#website","url":"https:\/\/diariodepe.com.br\/cri\/","name":"CRI e Diario de Pernambuco","description":"R\u00e1dio Internacional da China","publisher":{"@id":"https:\/\/diariodepe.com.br\/cri\/#organization"},"potentialAction":[{"@type":"SearchAction","target":{"@type":"EntryPoint","urlTemplate":"https:\/\/diariodepe.com.br\/cri\/?s={search_term_string}"},"query-input":{"@type":"PropertyValueSpecification","valueRequired":true,"valueName":"search_term_string"}}],"inLanguage":"pt-BR"},{"@type":"Organization","@id":"https:\/\/diariodepe.com.br\/cri\/#organization","name":"CRI e Diario de Pernambuco","url":"https:\/\/diariodepe.com.br\/cri\/","logo":{"@type":"ImageObject","inLanguage":"pt-BR","@id":"https:\/\/diariodepe.com.br\/cri\/#\/schema\/logo\/image\/","url":"https:\/\/diariodepe.com.br\/cri\/wp-content\/uploads\/sites\/2\/2022\/12\/cropped-Logo.jpg","contentUrl":"https:\/\/diariodepe.com.br\/cri\/wp-content\/uploads\/sites\/2\/2022\/12\/cropped-Logo.jpg","width":700,"height":59,"caption":"CRI e Diario de Pernambuco"},"image":{"@id":"https:\/\/diariodepe.com.br\/cri\/#\/schema\/logo\/image\/"}},{"@type":"Person","@id":"https:\/\/diariodepe.com.br\/cri\/#\/schema\/person\/121bb28d84f1a5b1205ef4ce9c2e0c6b","name":"Ismael Lucas S. Pereira","image":{"@type":"ImageObject","inLanguage":"pt-BR","@id":"https:\/\/secure.gravatar.com\/avatar\/887a0f3b5a7ceea963a48499fb883ffce6b5037362def025c52c2505b15d63e4?s=96&d=mm&r=g","url":"https:\/\/secure.gravatar.com\/avatar\/887a0f3b5a7ceea963a48499fb883ffce6b5037362def025c52c2505b15d63e4?s=96&d=mm&r=g","contentUrl":"https:\/\/secure.gravatar.com\/avatar\/887a0f3b5a7ceea963a48499fb883ffce6b5037362def025c52c2505b15d63e4?s=96&d=mm&r=g","caption":"Ismael Lucas S. Pereira"},"url":"https:\/\/diariodepe.com.br\/cri\/author\/ismael-lucas\/"}]}},"cc_featured_image_caption":{"caption_text":false,"source_text":false,"source_url":false},"amp_enabled":true,"_links":{"self":[{"href":"https:\/\/diariodepe.com.br\/cri\/wp-json\/wp\/v2\/posts\/9281","targetHints":{"allow":["GET"]}}],"collection":[{"href":"https:\/\/diariodepe.com.br\/cri\/wp-json\/wp\/v2\/posts"}],"about":[{"href":"https:\/\/diariodepe.com.br\/cri\/wp-json\/wp\/v2\/types\/post"}],"author":[{"embeddable":true,"href":"https:\/\/diariodepe.com.br\/cri\/wp-json\/wp\/v2\/users\/2"}],"replies":[{"embeddable":true,"href":"https:\/\/diariodepe.com.br\/cri\/wp-json\/wp\/v2\/comments?post=9281"}],"version-history":[{"count":1,"href":"https:\/\/diariodepe.com.br\/cri\/wp-json\/wp\/v2\/posts\/9281\/revisions"}],"predecessor-version":[{"id":9282,"href":"https:\/\/diariodepe.com.br\/cri\/wp-json\/wp\/v2\/posts\/9281\/revisions\/9282"}],"wp:attachment":[{"href":"https:\/\/diariodepe.com.br\/cri\/wp-json\/wp\/v2\/media?parent=9281"}],"wp:term":[{"taxonomy":"category","embeddable":true,"href":"https:\/\/diariodepe.com.br\/cri\/wp-json\/wp\/v2\/categories?post=9281"},{"taxonomy":"post_tag","embeddable":true,"href":"https:\/\/diariodepe.com.br\/cri\/wp-json\/wp\/v2\/tags?post=9281"}],"curies":[{"name":"wp","href":"https:\/\/api.w.org\/{rel}","templated":true}]}}